{"id":4599,"date":"2014-10-23T15:36:43","date_gmt":"2014-10-23T13:36:43","guid":{"rendered":"http:\/\/evertonfc.cz\/?p=4599"},"modified":"2019-02-13T23:06:47","modified_gmt":"2019-02-13T22:06:47","slug":"preview-lille-everton","status":"publish","type":"post","link":"https:\/\/evertonfc.cz\/index.php\/2014\/10\/23\/preview-lille-everton\/","title":{"rendered":"Preview: Lille &#8211; Everton"},"content":{"rendered":"<h4 id=\"NewsPostDetailSummary\">Ve sv\u00e9 bohat\u00e9 historii Toffees nikdy neodehr\u00e1li sout\u011b\u017en\u00ed z\u00e1pas ve Francii, mohutn\u00e1 podpora cestuj\u00edc\u00edch Evertonians se chyst\u00e1 vytvo\u0159it p\u0159\u00edhodnou p\u016fdu pro povedenou premi\u00e9ru a nakro\u010den\u00ed k postupu ze skupiny.<\/h4>\n<div id=\"NewsPostDetailContent\">\n<p>Jestli\u017ee jsem pou\u017eil v \u00favodu slovo mohutn\u00e1, v \u017e\u00e1dn\u00e9m p\u0159\u00edpad\u011b jsem nep\u0159est\u0159elil. Blues okam\u017eit\u011b vyprodali zv\u00fd\u0161enou kapacitu 5 275 m\u00edst do sv\u00e9ho sektoru, p\u0159i\u010dem\u017e dal\u0161\u00edch p\u011bt a\u017e sedm tis\u00edc p\u0159\u00edznivc\u016f je o\u010dek\u00e1v\u00e1no v neutr\u00e1ln\u00edch prostorech Stade Pierre-Mauroy, na n\u011bj\u017e se vejde p\u0159es 50 000 lid\u00ed. Jen t\u011b\u017eko si p\u0159edstavit par\u00e1dn\u00ed atmosf\u00e9ru \u010dtvrte\u010dn\u00edho ve\u010dera, dal\u0161\u00ed v\u00fdjezd do Wolfsburgu se snad ji\u017e neobejde bez \u010deskoslovensk\u00e9 ekipy.<\/p>\n<p>Roberto Mart\u00ednez na p\u0159edz\u00e1pasov\u00e9 konferenci ozna\u010dil duel za mal\u00e9 fin\u00e1le z\u00e1kladn\u00ed f\u00e1ze, nar\u00e1\u017eej\u00edc na jeho d\u016fle\u017eitost. Everton se \u010dty\u0159mi body v\u00e9vod\u00ed skupin\u011b H a Lille mu d\u00fdch\u00e1 s polovi\u010dn\u00edm ziskem na z\u00e1da. I hor\u0161\u00ed matematik dok\u00e1\u017ee p\u0159ipo\u010d\u00edst trojku k p\u011btce, proto se slovy \u0161pan\u011blsk\u00e9ho mana\u017eera t\u0159eba souhlasit.<\/p>\n<p>Pravdou je, \u017ee a\u010d celek ze severu Francie disponuje kvalitou, lo\u0148sk\u00e9 t\u0159et\u00ed m\u00edsto v Ligue 1 dokl\u00e1d\u00e1 d\u016fkaz, moment\u00e1ln\u011b se nenach\u00e1z\u00ed v optim\u00e1ln\u00edm rozpolo\u017een\u00ed. K\u00e1dr kos\u00ed zran\u011bn\u00ed a forma osm\u00e9ho celku dom\u00e1c\u00ed ligy se nepotk\u00e1v\u00e1 s\u00a0k\u00fd\u017een\u00fdmi p\u0159edstavami.<\/p>\n<p>Tren\u00e9r Ren\u00e9 Girard si zakl\u00e1d\u00e1 na defenziv\u011b a organizaci hry podpo\u0159en\u00e9 celoplo\u0161n\u00fdm dr\u017een\u00edm m\u00ed\u010dem, \u010d\u00edm\u017e se odli\u0161uje od Rudiho Garc\u00edi, b\u00fdval\u00e9ho tren\u00e9ra a od minul\u00e9ho roku \u0161\u00e9fa lavi\u010dky v \u0159\u00edmsk\u00e9m AC. V Lille se tak nyn\u00ed rad\u011bji vyhraje 1:0 ne\u017e 3:1 po otev\u0159en\u00e9 partii. A i kdy\u017e po n\u011bkter\u00fdch z\u00e1pasech pad\u00e1 na Girardovu hlavu kritika za nudn\u00fd projev, v\u00fdsledky mu up\u0159\u00edt nelze. Zvl\u00e1\u0161t\u011b pokud ve srovn\u00e1n\u00ed s jeho p\u0159edch\u016fdcem pohl\u00e9dneme na skute\u010dnost dispozice chud\u0161\u00edho rozpo\u010dtu a absenci ofenzivn\u00edch es Hazarda, Payeta a Gervinha.<\/p>\n<p>Nyn\u011bj\u0161\u00ed sestava postr\u00e1d\u00e1 hv\u011bzdy, preferuje t\u00fdmov\u00e9 pojet\u00ed s pevnou obranou. Stope\u0159i Simon Kjaer a Marko Ba\u0161a spolehliv\u011b spolupracuj\u00ed a krom\u011b tvrdosti jim nen\u00ed ciz\u00ed ani inteligence. Zezadu je jist\u00ed nigerijsk\u00fd branka\u0159 Vincent Enyeama a prostor p\u0159ed nimi \u010dist\u00ed kapit\u00e1n Rio Mavuba. Prov\u011b\u0159en\u00e1 \u010dty\u0159ka se hlavn\u00edm pod\u00edlem zasadila o \u00factyhodn\u00fdch 21 \u010dist\u00fdch kont v minul\u00e9 sez\u00f3n\u011b, k nim\u017e p\u0159idala dal\u0161\u00edch \u0161est nul v\u00a0leto\u0161n\u00edm ro\u010dn\u00edku.<\/p>\n<p>Probl\u00e9m celku, oslavuj\u00edc\u00ed 70 let od zalo\u017een\u00ed, v\u011bz\u00ed v ofenzivn\u00ed slo\u017ece. St\u0159elcem a tahounem \u00fatoku je Divock Origi. Talentovan\u00fd Belgi\u010dan vylet\u011bl na Mistrovstv\u00ed sv\u011bta a ihned po n\u011bm s\u00e1hnul za \u00a310m Liverpool FC. Sice jsem si myslel, \u017ee za dobr\u00e9 v\u00fdkony n\u00e1sleduje odm\u011bna, p\u0159esto Origi bude od n\u00e1sleduj\u00edc\u00edho roku obl\u00e9kat \u010derven\u00fd dres, v Lille je\u0161t\u011b z\u016fstal na hostov\u00e1n\u00ed. Salomon Kalou v l\u00e9t\u011b ode\u0161el do Herthy Berl\u00edn a s n\u00edm tak\u00e9 pravideln\u00fd p\u0159\u00edsun branek. P\u0159i zran\u011bn\u00ed tv\u016frce Marcose Lopese, Portugalec zap\u016fj\u010den\u00fd z Manchesteru City, se cel\u00e1 ofenziva op\u00edr\u00e1 o Origiho. Girard pravd\u011bpodobn\u011b vsad\u00ed p\u0159i absenci des\u00edtky Lopese na rozestaven\u00ed 4-3-3, rad\u0161i v\u0161ak sah\u00e1 po 4-3-1-2.<\/p>\n<p>Toffees p\u0159elet\u011bli kan\u00e1l La Manche krom\u011b zran\u011bn\u00fdch bez odpo\u010d\u00edvaj\u00edc\u00edch Leona Osmana a Stevena Naismithe, co\u017e znamen\u00e1 minim\u00e1ln\u011b dv\u011b zm\u011bna v z\u00e1kladn\u00ed sestav\u011b oproti poveden\u00e9mu utk\u00e1n\u00ed s Aston Villou. Na p\u0159\u00edle\u017eitost \u010dekaj\u00ed Aiden McGeady, Steven Pienaar \u010di Samuel Eto&#8217;o. Po uzdraven\u00ed se do rytmu dost\u00e1v\u00e1 Ross Barkley, dal\u0161\u00ed start od \u00favodn\u00ed minuty je jist\u011b nejenom m\u00fdm p\u0159\u00e1n\u00edm. Ojedin\u011blou kreativitu mlad\u00e9ho z\u00e1lo\u017en\u00edka net\u0159eba dvakr\u00e1t p\u0159ipom\u00ednat.<\/p>\n<p>Zm\u011bny v obran\u011b nep\u0159edpokl\u00e1d\u00e1m, u Alcaraze a Colemana nebude \u0159e\u010d o \u00fanav\u011b, v sobotu si st\u0159ihli 90 minut po del\u0161\u00ed dob\u011b. Phil Jagielka s Leightonem Bainesem pat\u0159\u00ed z\u00e1kladn\u00edm kamen\u016fm, prvn\u00ed jmenovan\u00fd na\u0161el st\u0159eleckou chu\u0165 a druh\u00fd se po slab\u0161\u00edm za\u010d\u00e1tku dost\u00e1v\u00e1 obvykl\u00e9ho a \u010f\u00e1belsk\u00e9ho tempa, letos asistoval u\u017e sedmkr\u00e1t. Zm\u011bna by mohla nastat ve dvojici st\u0159edopola\u0159\u016f, t\u0159iat\u0159icetilet\u00fd Gareth Barry nasko\u010dil krom\u011b Ligov\u00e9ho poh\u00e1ru ve Swansea do v\u0161ech z\u00e1pas\u016f, k rotaci by poslou\u017eil Muhamed Be\u0161i\u0107 nebo Darron Gibson.<\/p>\n<p>V\u00fdhrou 3:0 nad Villans nast\u00e1v\u00e1, doufejme, obrat k lep\u0161\u00edm z\u00edt\u0159k\u016fm. D\u0159\u00edve ne\u017e se ale zasn\u00edme o slu\u0161n\u00e9m v\u00fdsledku proti Lille, nesm\u00edme opomenout faktor Everton. Tedy po chutn\u00e9m p\u0159edkrmu se ob\u010das serv\u00edruje nedova\u0159en\u00fd hlavn\u00ed chod\u2026 p\u0159ichyst\u00e1 \u0161\u00e9fkucha\u0159 Mart\u00ednez chutn\u00e9 francouzsk\u00e9 menu?<\/p>\n<h4><strong>T\u00fdmov\u00e9 novinky<\/strong><\/h4>\n<p>The Great Danes od prvn\u00edho kola bojuj\u00ed s marodkou a nesehranost\u00ed, ve \u010dtvrtek nenazuj\u00ed kopa\u010dky zran\u011bn\u00ed z\u00e1lo\u017en\u00edci Jonathan Delaplace a Marcos Lopes.<\/p>\n<table>\n<tbody>\n<tr>\n<td><strong>OSC:<\/strong><\/td>\n<td>Enyema, Elana, Butez, Corchia, Souar\u00e9, Sidib\u00e9, Kjaer, Ba\u0161a, Rozehnal, B\u00e9ria, Mavuba, Aholou, Martin, Me\u00eft\u00e9, Balmont, Gueye, Traor\u00e9, Mendes, Roux, Rodelin, Origi, Frey.<\/td>\n<\/tr>\n<\/tbody>\n<\/table>\n<p>S Osmanem a Naismithem z\u016fstali na Ostrovech rovn\u011b\u017e Bryan Oviedo a Arouna Kon\u00e9, oba tr\u00e9nuj\u00ed na z\u00edsk\u00e1n\u00ed stoprocentn\u00ed kondice. Marodka \u010d\u00edt\u00e1 Johna Stonese a Kevina Mirallase, b\u00fdval\u00e9ho hr\u00e1\u010de Lille v obdob\u00ed 2004 a\u017e 2009. Sylvain Distin se vrac\u00ed do nominace po pauze od vypadnut\u00ed se Swans z Ligov\u00e9ho poh\u00e1ru.<\/p>\n<table>\n<tbody>\n<tr>\n<td><strong>EFC:<\/strong><\/td>\n<td>Howard, Joel, Griffiths, Coleman, Baines, Hibbert, Browning, Garbutt, Jagielka, Distin, Alcaraz, Gibson, McCarthy, Barry, Be\u0161i\u0107, Barkley, Pienaar, Atsu, McGeady, Lukaku, Eto&#8217;o.<\/td>\n<\/tr>\n<\/tbody>\n<\/table>\n<p><strong>Co:<\/strong>\u00a0Lille OSC &#8211; Everton FC, 3. kolo z\u00e1kladn\u00ed skupiny H Evropsk\u00e9 ligy<br \/>\n<strong>Kdy:<\/strong>\u00a024. 10. 2014 od 19:00 SE\u010c<br \/>\n<strong>Kde:<\/strong>\u00a0Stade Pierre-Mauroy, Lille, Francie (kapacita: 50 186)<br \/>\n<strong>Rozhod\u010d\u00ed:<\/strong>\u00a0Manuel de Sousa<\/p>\n<\/div>\n","protected":false},"excerpt":{"rendered":"<p>Ve sv\u00e9 bohat\u00e9 historii Toffees nikdy neodehr\u00e1li sout\u011b\u017en\u00ed z\u00e1pas ve Francii, mohutn\u00e1 podpora cestuj\u00edc\u00edch Evertonians se chyst\u00e1 vytvo\u0159it p\u0159\u00edhodnou p\u016fdu&hellip;<\/p>\n","protected":false},"author":6,"featured_media":1314,"comment_status":"open","ping_status":"closed","sticky":false,"template":"","format":"standard","meta":{"_eb_attr":"","_monsterinsights_skip_tracking":false,"_monsterinsights_sitenote_active":false,"_monsterinsights_sitenote_note":"","_monsterinsights_sitenote_category":0,"footnotes":""},"categories":[4],"tags":[],"yoast_head":"<!-- This site is optimized with the Yoast SEO plugin v23.4 - https:\/\/yoast.com\/wordpress\/plugins\/seo\/ -->\n<title>Preview: Lille - Everton - Official Czech &amp; Slovak Everton Supporters&#039; Club<\/title>\n<meta name=\"robots\" content=\"index, follow, max-snippet:-1, max-image-preview:large, max-video-preview:-1\" \/>\n<link rel=\"canonical\" href=\"https:\/\/evertonfc.cz\/index.php\/2014\/10\/23\/preview-lille-everton\/\" \/>\n<meta property=\"og:locale\" content=\"cs_CZ\" \/>\n<meta property=\"og:type\" content=\"article\" \/>\n<meta property=\"og:title\" content=\"Preview: Lille - Everton - Official Czech &amp; Slovak Everton Supporters&#039; Club\" \/>\n<meta property=\"og:description\" content=\"Ve sv\u00e9 bohat\u00e9 historii Toffees nikdy neodehr\u00e1li sout\u011b\u017en\u00ed z\u00e1pas ve Francii, mohutn\u00e1 podpora cestuj\u00edc\u00edch Evertonians se chyst\u00e1 vytvo\u0159it p\u0159\u00edhodnou p\u016fdu&hellip;\" \/>\n<meta property=\"og:url\" content=\"https:\/\/evertonfc.cz\/index.php\/2014\/10\/23\/preview-lille-everton\/\" \/>\n<meta property=\"og:site_name\" content=\"Official Czech &amp; Slovak Everton Supporters&#039; Club\" \/>\n<meta property=\"article:publisher\" content=\"https:\/\/www.facebook.com\/everton.fans.cz.sk\" \/>\n<meta property=\"article:published_time\" content=\"2014-10-23T13:36:43+00:00\" \/>\n<meta property=\"article:modified_time\" content=\"2019-02-13T22:06:47+00:00\" \/>\n<meta property=\"og:image\" content=\"https:\/\/evertonfc.cz\/wp-content\/uploads\/2019\/01\/preview.jpg\" \/>\n\t<meta property=\"og:image:width\" content=\"720\" \/>\n\t<meta property=\"og:image:height\" content=\"405\" \/>\n\t<meta property=\"og:image:type\" content=\"image\/jpeg\" \/>\n<meta name=\"author\" content=\"Ri\u010di\" \/>\n<meta name=\"twitter:card\" content=\"summary_large_image\" \/>\n<meta name=\"twitter:creator\" content=\"@rbrejsa\" \/>\n<meta name=\"twitter:label1\" content=\"Napsal(a)\" \/>\n\t<meta name=\"twitter:data1\" content=\"Ri\u010di\" \/>\n\t<meta name=\"twitter:label2\" content=\"Odhadovan\u00e1 doba \u010dten\u00ed\" \/>\n\t<meta name=\"twitter:data2\" content=\"5 minut\" \/>\n<script type=\"application\/ld+json\" class=\"yoast-schema-graph\">{\"@context\":\"https:\/\/schema.org\",\"@graph\":[{\"@type\":\"Article\",\"@id\":\"https:\/\/evertonfc.cz\/index.php\/2014\/10\/23\/preview-lille-everton\/#article\",\"isPartOf\":{\"@id\":\"https:\/\/evertonfc.cz\/index.php\/2014\/10\/23\/preview-lille-everton\/\"},\"author\":{\"name\":\"Ri\u010di\",\"@id\":\"https:\/\/evertonfc.cz\/#\/schema\/person\/f7a5daedb2ffee98480bc70e191aaef1\"},\"headline\":\"Preview: Lille &#8211; Everton\",\"datePublished\":\"2014-10-23T13:36:43+00:00\",\"dateModified\":\"2019-02-13T22:06:47+00:00\",\"mainEntityOfPage\":{\"@id\":\"https:\/\/evertonfc.cz\/index.php\/2014\/10\/23\/preview-lille-everton\/\"},\"wordCount\":1016,\"commentCount\":0,\"publisher\":{\"@id\":\"https:\/\/evertonfc.cz\/#organization\"},\"image\":{\"@id\":\"https:\/\/evertonfc.cz\/index.php\/2014\/10\/23\/preview-lille-everton\/#primaryimage\"},\"thumbnailUrl\":\"https:\/\/evertonfc.cz\/wp-content\/uploads\/2019\/01\/preview.jpg\",\"articleSection\":[\"Z\u00e1pasy\"],\"inLanguage\":\"cs\",\"potentialAction\":[{\"@type\":\"CommentAction\",\"name\":\"Comment\",\"target\":[\"https:\/\/evertonfc.cz\/index.php\/2014\/10\/23\/preview-lille-everton\/#respond\"]}]},{\"@type\":\"WebPage\",\"@id\":\"https:\/\/evertonfc.cz\/index.php\/2014\/10\/23\/preview-lille-everton\/\",\"url\":\"https:\/\/evertonfc.cz\/index.php\/2014\/10\/23\/preview-lille-everton\/\",\"name\":\"Preview: Lille - Everton - Official Czech &amp; Slovak Everton Supporters&#039; Club\",\"isPartOf\":{\"@id\":\"https:\/\/evertonfc.cz\/#website\"},\"primaryImageOfPage\":{\"@id\":\"https:\/\/evertonfc.cz\/index.php\/2014\/10\/23\/preview-lille-everton\/#primaryimage\"},\"image\":{\"@id\":\"https:\/\/evertonfc.cz\/index.php\/2014\/10\/23\/preview-lille-everton\/#primaryimage\"},\"thumbnailUrl\":\"https:\/\/evertonfc.cz\/wp-content\/uploads\/2019\/01\/preview.jpg\",\"datePublished\":\"2014-10-23T13:36:43+00:00\",\"dateModified\":\"2019-02-13T22:06:47+00:00\",\"breadcrumb\":{\"@id\":\"https:\/\/evertonfc.cz\/index.php\/2014\/10\/23\/preview-lille-everton\/#breadcrumb\"},\"inLanguage\":\"cs\",\"potentialAction\":[{\"@type\":\"ReadAction\",\"target\":[\"https:\/\/evertonfc.cz\/index.php\/2014\/10\/23\/preview-lille-everton\/\"]}]},{\"@type\":\"ImageObject\",\"inLanguage\":\"cs\",\"@id\":\"https:\/\/evertonfc.cz\/index.php\/2014\/10\/23\/preview-lille-everton\/#primaryimage\",\"url\":\"https:\/\/evertonfc.cz\/wp-content\/uploads\/2019\/01\/preview.jpg\",\"contentUrl\":\"https:\/\/evertonfc.cz\/wp-content\/uploads\/2019\/01\/preview.jpg\",\"width\":720,\"height\":405},{\"@type\":\"BreadcrumbList\",\"@id\":\"https:\/\/evertonfc.cz\/index.php\/2014\/10\/23\/preview-lille-everton\/#breadcrumb\",\"itemListElement\":[{\"@type\":\"ListItem\",\"position\":1,\"name\":\"Home\",\"item\":\"https:\/\/evertonfc.cz\/\"},{\"@type\":\"ListItem\",\"position\":2,\"name\":\"Preview: Lille &#8211; Everton\"}]},{\"@type\":\"WebSite\",\"@id\":\"https:\/\/evertonfc.cz\/#website\",\"url\":\"https:\/\/evertonfc.cz\/\",\"name\":\"Official Czech &amp; Slovak Everton Supporters&#039; Club\",\"description\":\"\",\"publisher\":{\"@id\":\"https:\/\/evertonfc.cz\/#organization\"},\"potentialAction\":[{\"@type\":\"SearchAction\",\"target\":{\"@type\":\"EntryPoint\",\"urlTemplate\":\"https:\/\/evertonfc.cz\/?s={search_term_string}\"},\"query-input\":{\"@type\":\"PropertyValueSpecification\",\"valueRequired\":true,\"valueName\":\"search_term_string\"}}],\"inLanguage\":\"cs\"},{\"@type\":\"Organization\",\"@id\":\"https:\/\/evertonfc.cz\/#organization\",\"name\":\"Official Czech & Slovak Everton Supporters' Club\",\"url\":\"https:\/\/evertonfc.cz\/\",\"logo\":{\"@type\":\"ImageObject\",\"inLanguage\":\"cs\",\"@id\":\"https:\/\/evertonfc.cz\/#\/schema\/logo\/image\/\",\"url\":\"https:\/\/evertonfc.cz\/wp-content\/uploads\/2019\/05\/logo.png\",\"contentUrl\":\"https:\/\/evertonfc.cz\/wp-content\/uploads\/2019\/05\/logo.png\",\"width\":112,\"height\":112,\"caption\":\"Official Czech & Slovak Everton Supporters' Club\"},\"image\":{\"@id\":\"https:\/\/evertonfc.cz\/#\/schema\/logo\/image\/\"},\"sameAs\":[\"https:\/\/www.facebook.com\/everton.fans.cz.sk\"]},{\"@type\":\"Person\",\"@id\":\"https:\/\/evertonfc.cz\/#\/schema\/person\/f7a5daedb2ffee98480bc70e191aaef1\",\"name\":\"Ri\u010di\",\"sameAs\":[\"https:\/\/x.com\/rbrejsa\"],\"url\":\"https:\/\/evertonfc.cz\/index.php\/author\/rici\/\"}]}<\/script>\n<!-- \/ Yoast SEO plugin. -->","yoast_head_json":{"title":"Preview: Lille - Everton - Official Czech &amp; Slovak Everton Supporters&#039; Club","robots":{"index":"index","follow":"follow","max-snippet":"max-snippet:-1","max-image-preview":"max-image-preview:large","max-video-preview":"max-video-preview:-1"},"canonical":"https:\/\/evertonfc.cz\/index.php\/2014\/10\/23\/preview-lille-everton\/","og_locale":"cs_CZ","og_type":"article","og_title":"Preview: Lille - Everton - Official Czech &amp; Slovak Everton Supporters&#039; Club","og_description":"Ve sv\u00e9 bohat\u00e9 historii Toffees nikdy neodehr\u00e1li sout\u011b\u017en\u00ed z\u00e1pas ve Francii, mohutn\u00e1 podpora cestuj\u00edc\u00edch Evertonians se chyst\u00e1 vytvo\u0159it p\u0159\u00edhodnou p\u016fdu&hellip;","og_url":"https:\/\/evertonfc.cz\/index.php\/2014\/10\/23\/preview-lille-everton\/","og_site_name":"Official Czech &amp; Slovak Everton Supporters&#039; Club","article_publisher":"https:\/\/www.facebook.com\/everton.fans.cz.sk","article_published_time":"2014-10-23T13:36:43+00:00","article_modified_time":"2019-02-13T22:06:47+00:00","og_image":[{"width":720,"height":405,"url":"https:\/\/evertonfc.cz\/wp-content\/uploads\/2019\/01\/preview.jpg","type":"image\/jpeg"}],"author":"Ri\u010di","twitter_card":"summary_large_image","twitter_creator":"@rbrejsa","twitter_misc":{"Napsal(a)":"Ri\u010di","Odhadovan\u00e1 doba \u010dten\u00ed":"5 minut"},"schema":{"@context":"https:\/\/schema.org","@graph":[{"@type":"Article","@id":"https:\/\/evertonfc.cz\/index.php\/2014\/10\/23\/preview-lille-everton\/#article","isPartOf":{"@id":"https:\/\/evertonfc.cz\/index.php\/2014\/10\/23\/preview-lille-everton\/"},"author":{"name":"Ri\u010di","@id":"https:\/\/evertonfc.cz\/#\/schema\/person\/f7a5daedb2ffee98480bc70e191aaef1"},"headline":"Preview: Lille &#8211; Everton","datePublished":"2014-10-23T13:36:43+00:00","dateModified":"2019-02-13T22:06:47+00:00","mainEntityOfPage":{"@id":"https:\/\/evertonfc.cz\/index.php\/2014\/10\/23\/preview-lille-everton\/"},"wordCount":1016,"commentCount":0,"publisher":{"@id":"https:\/\/evertonfc.cz\/#organization"},"image":{"@id":"https:\/\/evertonfc.cz\/index.php\/2014\/10\/23\/preview-lille-everton\/#primaryimage"},"thumbnailUrl":"https:\/\/evertonfc.cz\/wp-content\/uploads\/2019\/01\/preview.jpg","articleSection":["Z\u00e1pasy"],"inLanguage":"cs","potentialAction":[{"@type":"CommentAction","name":"Comment","target":["https:\/\/evertonfc.cz\/index.php\/2014\/10\/23\/preview-lille-everton\/#respond"]}]},{"@type":"WebPage","@id":"https:\/\/evertonfc.cz\/index.php\/2014\/10\/23\/preview-lille-everton\/","url":"https:\/\/evertonfc.cz\/index.php\/2014\/10\/23\/preview-lille-everton\/","name":"Preview: Lille - Everton - Official Czech &amp; Slovak Everton Supporters&#039; Club","isPartOf":{"@id":"https:\/\/evertonfc.cz\/#website"},"primaryImageOfPage":{"@id":"https:\/\/evertonfc.cz\/index.php\/2014\/10\/23\/preview-lille-everton\/#primaryimage"},"image":{"@id":"https:\/\/evertonfc.cz\/index.php\/2014\/10\/23\/preview-lille-everton\/#primaryimage"},"thumbnailUrl":"https:\/\/evertonfc.cz\/wp-content\/uploads\/2019\/01\/preview.jpg","datePublished":"2014-10-23T13:36:43+00:00","dateModified":"2019-02-13T22:06:47+00:00","breadcrumb":{"@id":"https:\/\/evertonfc.cz\/index.php\/2014\/10\/23\/preview-lille-everton\/#breadcrumb"},"inLanguage":"cs","potentialAction":[{"@type":"ReadAction","target":["https:\/\/evertonfc.cz\/index.php\/2014\/10\/23\/preview-lille-everton\/"]}]},{"@type":"ImageObject","inLanguage":"cs","@id":"https:\/\/evertonfc.cz\/index.php\/2014\/10\/23\/preview-lille-everton\/#primaryimage","url":"https:\/\/evertonfc.cz\/wp-content\/uploads\/2019\/01\/preview.jpg","contentUrl":"https:\/\/evertonfc.cz\/wp-content\/uploads\/2019\/01\/preview.jpg","width":720,"height":405},{"@type":"BreadcrumbList","@id":"https:\/\/evertonfc.cz\/index.php\/2014\/10\/23\/preview-lille-everton\/#breadcrumb","itemListElement":[{"@type":"ListItem","position":1,"name":"Home","item":"https:\/\/evertonfc.cz\/"},{"@type":"ListItem","position":2,"name":"Preview: Lille &#8211; Everton"}]},{"@type":"WebSite","@id":"https:\/\/evertonfc.cz\/#website","url":"https:\/\/evertonfc.cz\/","name":"Official Czech &amp; Slovak Everton Supporters&#039; Club","description":"","publisher":{"@id":"https:\/\/evertonfc.cz\/#organization"},"potentialAction":[{"@type":"SearchAction","target":{"@type":"EntryPoint","urlTemplate":"https:\/\/evertonfc.cz\/?s={search_term_string}"},"query-input":{"@type":"PropertyValueSpecification","valueRequired":true,"valueName":"search_term_string"}}],"inLanguage":"cs"},{"@type":"Organization","@id":"https:\/\/evertonfc.cz\/#organization","name":"Official Czech & Slovak Everton Supporters' Club","url":"https:\/\/evertonfc.cz\/","logo":{"@type":"ImageObject","inLanguage":"cs","@id":"https:\/\/evertonfc.cz\/#\/schema\/logo\/image\/","url":"https:\/\/evertonfc.cz\/wp-content\/uploads\/2019\/05\/logo.png","contentUrl":"https:\/\/evertonfc.cz\/wp-content\/uploads\/2019\/05\/logo.png","width":112,"height":112,"caption":"Official Czech & Slovak Everton Supporters' Club"},"image":{"@id":"https:\/\/evertonfc.cz\/#\/schema\/logo\/image\/"},"sameAs":["https:\/\/www.facebook.com\/everton.fans.cz.sk"]},{"@type":"Person","@id":"https:\/\/evertonfc.cz\/#\/schema\/person\/f7a5daedb2ffee98480bc70e191aaef1","name":"Ri\u010di","sameAs":["https:\/\/x.com\/rbrejsa"],"url":"https:\/\/evertonfc.cz\/index.php\/author\/rici\/"}]}},"_links":{"self":[{"href":"https:\/\/evertonfc.cz\/index.php\/wp-json\/wp\/v2\/posts\/4599"}],"collection":[{"href":"https:\/\/evertonfc.cz\/index.php\/wp-json\/wp\/v2\/posts"}],"about":[{"href":"https:\/\/evertonfc.cz\/index.php\/wp-json\/wp\/v2\/types\/post"}],"author":[{"embeddable":true,"href":"https:\/\/evertonfc.cz\/index.php\/wp-json\/wp\/v2\/users\/6"}],"replies":[{"embeddable":true,"href":"https:\/\/evertonfc.cz\/index.php\/wp-json\/wp\/v2\/comments?post=4599"}],"version-history":[{"count":3,"href":"https:\/\/evertonfc.cz\/index.php\/wp-json\/wp\/v2\/posts\/4599\/revisions"}],"predecessor-version":[{"id":4887,"href":"https:\/\/evertonfc.cz\/index.php\/wp-json\/wp\/v2\/posts\/4599\/revisions\/4887"}],"wp:featuredmedia":[{"embeddable":true,"href":"https:\/\/evertonfc.cz\/index.php\/wp-json\/wp\/v2\/media\/1314"}],"wp:attachment":[{"href":"https:\/\/evertonfc.cz\/index.php\/wp-json\/wp\/v2\/media?parent=4599"}],"wp:term":[{"taxonomy":"category","embeddable":true,"href":"https:\/\/evertonfc.cz\/index.php\/wp-json\/wp\/v2\/categories?post=4599"},{"taxonomy":"post_tag","embeddable":true,"href":"https:\/\/evertonfc.cz\/index.php\/wp-json\/wp\/v2\/tags?post=4599"}],"curies":[{"name":"wp","href":"https:\/\/api.w.org\/{rel}","templated":true}]}}