{"id":4601,"date":"2014-10-18T15:41:08","date_gmt":"2014-10-18T13:41:08","guid":{"rendered":"http:\/\/evertonfc.cz\/?p=4601"},"modified":"2019-02-13T15:42:08","modified_gmt":"2019-02-13T14:42:08","slug":"everton-aston-villa-30","status":"publish","type":"post","link":"https:\/\/evertonfc.cz\/index.php\/2014\/10\/18\/everton-aston-villa-30\/","title":{"rendered":"Everton &#8211; Aston Villa 3:0"},"content":{"rendered":"<h4 id=\"NewsPostDetailSummary\">Proti tradi\u010dn\u00edmu soupe\u0159i se tentokr\u00e1t zada\u0159ilo. P\u0159esv\u011bd\u010div\u00fd v\u00fdkon, t\u0159\u00edbrankov\u00e9 v\u00edt\u011bzstv\u00ed, uzdraven\u00ed kl\u00ed\u010dov\u00fdch plejer\u016f, zv\u00fd\u0161en\u00e9 sebev\u011bdom\u00ed p\u0159ed \u010dtvrte\u010dn\u00edm z\u00e1pasem Evropsk\u00e9 ligy\u2026 co cht\u00edt v\u00edc?<\/h4>\n<div id=\"NewsPostDetailContent\">\n<p>Evertonu se ji\u017e uzdravili n\u011bkte\u0159\u00ed zran\u011bn\u00ed &#8211; p\u0159\u00edmo v z\u00e1kladn\u00ed sestav\u011b nastoupila trojice Barkley-Coleman-McCarthy a zran\u011bn\u00e9ho Stonese ve st\u0159edu obrany nahradil Alcaraz. Naproti tomu jeho kolega z t\u00e9\u017ee \u0159ady Sylvain Distin chyb\u011bl na lavi\u010dce n\u00e1hradn\u00edk\u016f, kam se vr\u00e1tila dvojice Gibson-Pienaar. Pod hrotem Lukakem nastoupil na prav\u00e9 z\u00e1loze Osman.<\/p>\n<p>Prvn\u00ed zaznamen\u00e1n\u00edhodn\u00e1 situace nastala na konci \u010dtvrt\u00e9 minuty. Baines\u016fv centr se dostal k Osmanovi, jeho\u017e st\u0159ela byla zblokovan\u00e1. Z n\u00e1sledn\u00e9 dor\u00e1\u017eky p\u0159est\u0159elil Barkley. Ten byl aktivn\u00ed i nad\u00e1le, po faulu na n\u011bj byla ud\u011blena \u017elut\u00e1 karta Richardsonovi, ale neprost\u0159elil ze\u010f. Prvn\u00ed \u00fatok Aston Villy v des\u00e1t\u00e9 minut\u011b skon\u010dil vyboxov\u00e1n\u00edm Howarda a odhlavi\u010dkov\u00e1n\u00edm Jagielky.<\/p>\n<p>A kapit\u00e1novi se hlavi\u010dkov\u00e1n\u00ed zal\u00edbilo. Po n\u011bkolika mrtv\u00fdch minut\u00e1ch uprost\u0159ed h\u0159i\u0161t\u011b si vynutil Everton dvojici roh\u016f. Po prvn\u00edm st\u0159\u00edlel zpoza v\u00e1pna op\u011bt Barkley, \u00a0 Guzan vyrazil na roh. Z n\u011bj po tro\u0161e mezihry skv\u011ble nacentroval Baines a Jagielka potvrdil na mal\u00e9m v\u00e1pn\u011b, \u017ee prvn\u00ed r\u00e1na kapit\u00e1na je opravdu nabit\u00e1 &#8211; 1:0 pro karamelky.<\/p>\n<p>Za zm\u00ednku \u00fato\u010dn\u00fdch aktivit soupe\u0159e v prvn\u00ed \u010dtvrtin\u011b z\u00e1pasu stoj\u00ed st\u0159ela Richardsona z prvn\u00ed, kter\u00e1 pro\u0165ala brankovou \u010d\u00e1ru v m\u00edst\u011b, kde se spojuje s mal\u00fdm v\u00e1pnem. To u\u017e byla nebezpe\u010dn\u011bj\u0161\u00ed Naismithova st\u0159ela po p\u0159ihr\u00e1vce Colemana, le\u010d taky vedle, z n\u00e1sledn\u00e9ho proti\u00fatoku. O n\u011bco pozd\u011bji p\u0159edvedl p\u011bknou individu\u00e1ln\u00ed akci krajn\u00ed obr\u00e1nce Astonky Hutton, ale op\u011bt netrefil za\u0159\u00edzen\u00ed, n\u011bkolik minut nato musel odhlavi\u010dkovat p\u0159ed Bentekem na roh Alcaraz. V dal\u0161\u00ed akci hasil skluzem na roh opravdu nebezpe\u010dnou situaci McCarthy p\u0159ed Huttonem. Villa byla v t\u011bchto momentech rozhodn\u011b lep\u0161\u00ed t\u00fdm a Everton se zmohl pouze na proti\u00fatoky.<\/p>\n<p>Po zbyte\u010dn\u00e9 \u017elut\u00e9 pro Agbonlahora za naprosto nesmysln\u00fd skluz na Bainese ale Everton taky uk\u00e1zal, \u017ee um\u00ed sm\u011brem dop\u0159edu. P\u0159edvedl doslova hokejov\u00fd z\u00e1mek a Guzan se musel proti st\u0159ele Colemana docela vyt\u00e1hnout obrazn\u011b i doslova. A proto\u017ee do konce polo\u010dasu se ji\u017e nic d\u016fle\u017eit\u00e9ho nestalo, tak ho\u0161i v modr\u00e9m sly\u0161eli za zlep\u0161en\u00fd v\u00fdkon potlesk p\u0159i cest\u011b do \u0161aten.<\/p>\n<p>A druh\u00e1 p\u016fle za\u010dala nejlep\u0161\u00edm mo\u017en\u00fdm zp\u016fsobem. Z\u00edskan\u00fd m\u00ed\u010d uprost\u0159ed h\u0159i\u0161t\u011b byl nahr\u00e1n Barkleymu, tomu Lukaku uk\u00e1zal, kam mu m\u00e1 kulat\u00fd nesmysl poslat, Barkley to ud\u011blal, Lukaku vyst\u0159elil a m\u00ed\u010d se pod Guzanov\u00fdm t\u011blem do\u0161oural za \u010d\u00e1ru. \u0160t\u011bst\u00ed, jist\u011b, ale hlavn\u011b chyba brank\u00e1\u0159e. Publikum spustilo &#8222;Roberto had a dream&#8220;&#8230; \u00a0N\u00e1sledn\u011b nebyl soupe\u0159i uzn\u00e1m Bentekeho g\u00f3l. Nutno \u0159\u00edci, \u017ee spr\u00e1vn\u011b, Alcaraz byl jasn\u011b str\u010den\u00fd belgick\u00fdm \u00fato\u010dn\u00edkem do zad.<\/p>\n<p>K zakon\u010den\u00ed se dostal i Osman, tentokr\u00e1t jeho lehkou st\u0159elu nadvakr\u00e1t kryl brank\u00e1\u0159 Aston Villy. Pot\u00e9 inkasoval \u017elutou kartu Barry, ramenem nedovolen\u011b zastavil b\u011bh Agbonlahora. Kdy\u017e byl v 65. minut\u011b st\u0159\u00edd\u00e1n Barkley Pienaarem, tak se do\u010dkal ovac\u00ed vestoje. Zaslou\u017een\u011b. Ten hned pos\u00edlal do \u0161ance Naismithe, kter\u00fd byl zastaven na hranici dovolenosti ve velk\u00e9m v\u00e1pn\u011b, ale p\u00ed\u0161\u0165alka nezazn\u011bla. O n\u011bkolik minut pozd\u011bji op\u011bt Baker zastavoval Lukaka, tentokr\u00e1t u\u017e mu to rozhod\u010d\u00ed p\u00edskl kousek za pokutov\u00fdm \u00fazem\u00edm, ale trest\u0148\u00e1k nap\u00e1lil faulovan\u00fd p\u0159\u00edmo do zdi.<\/p>\n<p>Dal\u0161\u00ed \u017elutou kartu dostal Naismith, Weimann ale trefil pouze p\u0159\u00edmo Howarda uprost\u0159ed branky. A op\u011bt se potvrdilo ned\u00e1\u0161-dostane\u0161. Rychle rozehran\u00fd p\u0159\u00edm\u00fd kop skon\u010dil centrem Bainese na mal\u00e9 v\u00e1pno, kde nejlep\u0161\u00ed prav\u00fd obr\u00e1nce sv\u011bta Coleman p\u0159esprintoval obr\u00e1nce a korunoval sv\u016fj hodn\u011b dobr\u00fd v\u00fdkon zv\u00fd\u0161en\u00edm na 3:0. P\u00e1r minut si zahr\u00e1l i Eto\u00b4o, potlesk si p\u0159i odchodu ze h\u0159i\u0161t\u011b vyslechl Steven Naismith, op\u011bt pat\u0159il k t\u011bm lep\u0161\u00edm. Po posledn\u00ed brance se st\u0159etnut\u00ed u\u017e jen dohr\u00e1valo, na p\u00e1r minut si zahr\u00e1l i Gibson. kdy\u017e vyst\u0159\u00eddal Lukaka. A nakonec se irsk\u00e1 \u010dty\u0159ka m\u00e1lem zapsala mezi st\u0159elce, kdy\u017e Weimann\u016fv \u0161patn\u00fd odkop vystihl Eto\u00b4o, nahr\u00e1l doprava Gibsonovi a poveden\u00e1 st\u0159ela skon\u010dila rohem po bloku protihr\u00e1\u010de.<\/p>\n<p>Pot\u00e9 u\u017e dnes p\u0159ekvapiv\u011b dobr\u00fd rozhod\u010d\u00ed Taylor naposledy foukl do p\u00ed\u0161\u0165alky. Everton tak slav\u00ed prvn\u00ed dom\u00e1c\u00ed ligov\u00e9 v\u00edt\u011bzstv\u00ed, v\u00fdrazn\u00e9 a zaslou\u017een\u00e9. Da\u0159ilo se navr\u00e1tilc\u016fm a kdy\u017e si obrana p\u0159ip\u00ed\u0161e v kanadsk\u00e9m bodov\u00e1n\u00ed 4 body ze 6 mo\u017en\u00fdch, tak to je opravdu na vychutn\u00e1v\u00e1n\u00ed si doutn\u00edku ze Selfridges. T\u011b\u017eko bych dnes hledal vysloven\u011b \u0161patn\u00fd v\u00fdkon. Tak snad to bude ve \u010dtvrtek v Lille vypadat podobn\u011b.<\/p>\n<p><strong>Branky:\u00a0<\/strong>18. Phil Jagielka, 48. Romelu Lukaku, 76. S\u00e9amus Coleman<br \/>\n<strong>\u017dK:\u00a0<\/strong>61. Gareth Barry, 71. Steven Naismith &#8211; 7. Kieran Richardson, 36. Gabriel Agbonlahor<br \/>\n<strong>Everton FC:\u00a0<\/strong>Tim Howard, Leighton Baines, Antolin Alcaraz, Phil Jagielka, S\u00e9amus Coleman, Gareth Barry, James McCarthy, Ross Barkley (66. Steven Pienaar), Leon Osman, Romelu Lukaku (90+2. Darron Gibson), Steven Naismith (87. Samuel Eto&#8217;o)<br \/>\n<strong>Aston Villa:\u00a0<\/strong>Brad Guzan, Alan Hutton, Ron Vlaar, Nathan Baker (26. Ciaran Clark), Aly Cissokho, Tom Cleverley, Ashley Westwood, Kieran Richardson, Charles N&#8217;Zogbia (63. Andreas Weimann), Christian Benteke (81. Joe Cole), Gabriel Agbonlahor<br \/>\n<strong>Rozhod\u010d\u00ed:<\/strong>\u00a0Anthony Taylor<br \/>\n<strong>Div\u00e1ci:<\/strong>\u00a039 505<\/p>\n<\/div>\n","protected":false},"excerpt":{"rendered":"<p>Proti tradi\u010dn\u00edmu soupe\u0159i se tentokr\u00e1t zada\u0159ilo. P\u0159esv\u011bd\u010div\u00fd v\u00fdkon, t\u0159\u00edbrankov\u00e9 v\u00edt\u011bzstv\u00ed, uzdraven\u00ed kl\u00ed\u010dov\u00fdch plejer\u016f, zv\u00fd\u0161en\u00e9 sebev\u011bdom\u00ed p\u0159ed \u010dtvrte\u010dn\u00edm z\u00e1pasem Evropsk\u00e9 ligy\u2026&hellip;<\/p>\n","protected":false},"author":12,"featured_media":1315,"comment_status":"open","ping_status":"closed","sticky":false,"template":"","format":"standard","meta":{"_eb_attr":"","_monsterinsights_skip_tracking":false,"_monsterinsights_sitenote_active":false,"_monsterinsights_sitenote_note":"","_monsterinsights_sitenote_category":0,"footnotes":""},"categories":[4],"tags":[],"yoast_head":"<!-- This site is optimized with the Yoast SEO plugin v23.4 - https:\/\/yoast.com\/wordpress\/plugins\/seo\/ -->\n<title>Everton - Aston Villa 3:0 - Official Czech &amp; Slovak Everton Supporters&#039; Club<\/title>\n<meta name=\"robots\" content=\"index, follow, max-snippet:-1, max-image-preview:large, max-video-preview:-1\" \/>\n<link rel=\"canonical\" href=\"https:\/\/evertonfc.cz\/index.php\/2014\/10\/18\/everton-aston-villa-30\/\" \/>\n<meta property=\"og:locale\" content=\"cs_CZ\" \/>\n<meta property=\"og:type\" content=\"article\" \/>\n<meta property=\"og:title\" content=\"Everton - Aston Villa 3:0 - Official Czech &amp; Slovak Everton Supporters&#039; Club\" \/>\n<meta property=\"og:description\" content=\"Proti tradi\u010dn\u00edmu soupe\u0159i se tentokr\u00e1t zada\u0159ilo. P\u0159esv\u011bd\u010div\u00fd v\u00fdkon, t\u0159\u00edbrankov\u00e9 v\u00edt\u011bzstv\u00ed, uzdraven\u00ed kl\u00ed\u010dov\u00fdch plejer\u016f, zv\u00fd\u0161en\u00e9 sebev\u011bdom\u00ed p\u0159ed \u010dtvrte\u010dn\u00edm z\u00e1pasem Evropsk\u00e9 ligy\u2026&hellip;\" \/>\n<meta property=\"og:url\" content=\"https:\/\/evertonfc.cz\/index.php\/2014\/10\/18\/everton-aston-villa-30\/\" \/>\n<meta property=\"og:site_name\" content=\"Official Czech &amp; Slovak Everton Supporters&#039; Club\" \/>\n<meta property=\"article:publisher\" content=\"https:\/\/www.facebook.com\/everton.fans.cz.sk\" \/>\n<meta property=\"article:published_time\" content=\"2014-10-18T13:41:08+00:00\" \/>\n<meta property=\"article:modified_time\" content=\"2019-02-13T14:42:08+00:00\" \/>\n<meta property=\"og:image\" content=\"https:\/\/evertonfc.cz\/wp-content\/uploads\/2019\/01\/report.jpg\" \/>\n\t<meta property=\"og:image:width\" content=\"720\" \/>\n\t<meta property=\"og:image:height\" content=\"405\" \/>\n\t<meta property=\"og:image:type\" content=\"image\/jpeg\" \/>\n<meta name=\"author\" content=\"Javor\" \/>\n<meta name=\"twitter:card\" content=\"summary_large_image\" \/>\n<meta name=\"twitter:creator\" content=\"@LoudinJan\" \/>\n<meta name=\"twitter:label1\" content=\"Napsal(a)\" \/>\n\t<meta name=\"twitter:data1\" content=\"Javor\" \/>\n\t<meta name=\"twitter:label2\" content=\"Odhadovan\u00e1 doba \u010dten\u00ed\" \/>\n\t<meta name=\"twitter:data2\" content=\"5 minut\" \/>\n<script type=\"application\/ld+json\" class=\"yoast-schema-graph\">{\"@context\":\"https:\/\/schema.org\",\"@graph\":[{\"@type\":\"Article\",\"@id\":\"https:\/\/evertonfc.cz\/index.php\/2014\/10\/18\/everton-aston-villa-30\/#article\",\"isPartOf\":{\"@id\":\"https:\/\/evertonfc.cz\/index.php\/2014\/10\/18\/everton-aston-villa-30\/\"},\"author\":{\"name\":\"Javor\",\"@id\":\"https:\/\/evertonfc.cz\/#\/schema\/person\/b30daf6a5852f4811f8207a17ec1bf78\"},\"headline\":\"Everton &#8211; Aston Villa 3:0\",\"datePublished\":\"2014-10-18T13:41:08+00:00\",\"dateModified\":\"2019-02-13T14:42:08+00:00\",\"mainEntityOfPage\":{\"@id\":\"https:\/\/evertonfc.cz\/index.php\/2014\/10\/18\/everton-aston-villa-30\/\"},\"wordCount\":974,\"commentCount\":0,\"publisher\":{\"@id\":\"https:\/\/evertonfc.cz\/#organization\"},\"image\":{\"@id\":\"https:\/\/evertonfc.cz\/index.php\/2014\/10\/18\/everton-aston-villa-30\/#primaryimage\"},\"thumbnailUrl\":\"https:\/\/evertonfc.cz\/wp-content\/uploads\/2019\/01\/report.jpg\",\"articleSection\":[\"Z\u00e1pasy\"],\"inLanguage\":\"cs\",\"potentialAction\":[{\"@type\":\"CommentAction\",\"name\":\"Comment\",\"target\":[\"https:\/\/evertonfc.cz\/index.php\/2014\/10\/18\/everton-aston-villa-30\/#respond\"]}]},{\"@type\":\"WebPage\",\"@id\":\"https:\/\/evertonfc.cz\/index.php\/2014\/10\/18\/everton-aston-villa-30\/\",\"url\":\"https:\/\/evertonfc.cz\/index.php\/2014\/10\/18\/everton-aston-villa-30\/\",\"name\":\"Everton - Aston Villa 3:0 - Official Czech &amp; Slovak Everton Supporters&#039; Club\",\"isPartOf\":{\"@id\":\"https:\/\/evertonfc.cz\/#website\"},\"primaryImageOfPage\":{\"@id\":\"https:\/\/evertonfc.cz\/index.php\/2014\/10\/18\/everton-aston-villa-30\/#primaryimage\"},\"image\":{\"@id\":\"https:\/\/evertonfc.cz\/index.php\/2014\/10\/18\/everton-aston-villa-30\/#primaryimage\"},\"thumbnailUrl\":\"https:\/\/evertonfc.cz\/wp-content\/uploads\/2019\/01\/report.jpg\",\"datePublished\":\"2014-10-18T13:41:08+00:00\",\"dateModified\":\"2019-02-13T14:42:08+00:00\",\"breadcrumb\":{\"@id\":\"https:\/\/evertonfc.cz\/index.php\/2014\/10\/18\/everton-aston-villa-30\/#breadcrumb\"},\"inLanguage\":\"cs\",\"potentialAction\":[{\"@type\":\"ReadAction\",\"target\":[\"https:\/\/evertonfc.cz\/index.php\/2014\/10\/18\/everton-aston-villa-30\/\"]}]},{\"@type\":\"ImageObject\",\"inLanguage\":\"cs\",\"@id\":\"https:\/\/evertonfc.cz\/index.php\/2014\/10\/18\/everton-aston-villa-30\/#primaryimage\",\"url\":\"https:\/\/evertonfc.cz\/wp-content\/uploads\/2019\/01\/report.jpg\",\"contentUrl\":\"https:\/\/evertonfc.cz\/wp-content\/uploads\/2019\/01\/report.jpg\",\"width\":720,\"height\":405},{\"@type\":\"BreadcrumbList\",\"@id\":\"https:\/\/evertonfc.cz\/index.php\/2014\/10\/18\/everton-aston-villa-30\/#breadcrumb\",\"itemListElement\":[{\"@type\":\"ListItem\",\"position\":1,\"name\":\"Home\",\"item\":\"https:\/\/evertonfc.cz\/\"},{\"@type\":\"ListItem\",\"position\":2,\"name\":\"Everton &#8211; Aston Villa 3:0\"}]},{\"@type\":\"WebSite\",\"@id\":\"https:\/\/evertonfc.cz\/#website\",\"url\":\"https:\/\/evertonfc.cz\/\",\"name\":\"Official Czech &amp; Slovak Everton Supporters&#039; Club\",\"description\":\"\",\"publisher\":{\"@id\":\"https:\/\/evertonfc.cz\/#organization\"},\"potentialAction\":[{\"@type\":\"SearchAction\",\"target\":{\"@type\":\"EntryPoint\",\"urlTemplate\":\"https:\/\/evertonfc.cz\/?s={search_term_string}\"},\"query-input\":{\"@type\":\"PropertyValueSpecification\",\"valueRequired\":true,\"valueName\":\"search_term_string\"}}],\"inLanguage\":\"cs\"},{\"@type\":\"Organization\",\"@id\":\"https:\/\/evertonfc.cz\/#organization\",\"name\":\"Official Czech & Slovak Everton Supporters' Club\",\"url\":\"https:\/\/evertonfc.cz\/\",\"logo\":{\"@type\":\"ImageObject\",\"inLanguage\":\"cs\",\"@id\":\"https:\/\/evertonfc.cz\/#\/schema\/logo\/image\/\",\"url\":\"https:\/\/evertonfc.cz\/wp-content\/uploads\/2019\/05\/logo.png\",\"contentUrl\":\"https:\/\/evertonfc.cz\/wp-content\/uploads\/2019\/05\/logo.png\",\"width\":112,\"height\":112,\"caption\":\"Official Czech & Slovak Everton Supporters' Club\"},\"image\":{\"@id\":\"https:\/\/evertonfc.cz\/#\/schema\/logo\/image\/\"},\"sameAs\":[\"https:\/\/www.facebook.com\/everton.fans.cz.sk\"]},{\"@type\":\"Person\",\"@id\":\"https:\/\/evertonfc.cz\/#\/schema\/person\/b30daf6a5852f4811f8207a17ec1bf78\",\"name\":\"Javor\",\"sameAs\":[\"https:\/\/x.com\/LoudinJan\"],\"url\":\"https:\/\/evertonfc.cz\/index.php\/author\/javor\/\"}]}<\/script>\n<!-- \/ Yoast SEO plugin. -->","yoast_head_json":{"title":"Everton - Aston Villa 3:0 - Official Czech &amp; Slovak Everton Supporters&#039; Club","robots":{"index":"index","follow":"follow","max-snippet":"max-snippet:-1","max-image-preview":"max-image-preview:large","max-video-preview":"max-video-preview:-1"},"canonical":"https:\/\/evertonfc.cz\/index.php\/2014\/10\/18\/everton-aston-villa-30\/","og_locale":"cs_CZ","og_type":"article","og_title":"Everton - Aston Villa 3:0 - Official Czech &amp; Slovak Everton Supporters&#039; Club","og_description":"Proti tradi\u010dn\u00edmu soupe\u0159i se tentokr\u00e1t zada\u0159ilo. P\u0159esv\u011bd\u010div\u00fd v\u00fdkon, t\u0159\u00edbrankov\u00e9 v\u00edt\u011bzstv\u00ed, uzdraven\u00ed kl\u00ed\u010dov\u00fdch plejer\u016f, zv\u00fd\u0161en\u00e9 sebev\u011bdom\u00ed p\u0159ed \u010dtvrte\u010dn\u00edm z\u00e1pasem Evropsk\u00e9 ligy\u2026&hellip;","og_url":"https:\/\/evertonfc.cz\/index.php\/2014\/10\/18\/everton-aston-villa-30\/","og_site_name":"Official Czech &amp; Slovak Everton Supporters&#039; Club","article_publisher":"https:\/\/www.facebook.com\/everton.fans.cz.sk","article_published_time":"2014-10-18T13:41:08+00:00","article_modified_time":"2019-02-13T14:42:08+00:00","og_image":[{"width":720,"height":405,"url":"https:\/\/evertonfc.cz\/wp-content\/uploads\/2019\/01\/report.jpg","type":"image\/jpeg"}],"author":"Javor","twitter_card":"summary_large_image","twitter_creator":"@LoudinJan","twitter_misc":{"Napsal(a)":"Javor","Odhadovan\u00e1 doba \u010dten\u00ed":"5 minut"},"schema":{"@context":"https:\/\/schema.org","@graph":[{"@type":"Article","@id":"https:\/\/evertonfc.cz\/index.php\/2014\/10\/18\/everton-aston-villa-30\/#article","isPartOf":{"@id":"https:\/\/evertonfc.cz\/index.php\/2014\/10\/18\/everton-aston-villa-30\/"},"author":{"name":"Javor","@id":"https:\/\/evertonfc.cz\/#\/schema\/person\/b30daf6a5852f4811f8207a17ec1bf78"},"headline":"Everton &#8211; Aston Villa 3:0","datePublished":"2014-10-18T13:41:08+00:00","dateModified":"2019-02-13T14:42:08+00:00","mainEntityOfPage":{"@id":"https:\/\/evertonfc.cz\/index.php\/2014\/10\/18\/everton-aston-villa-30\/"},"wordCount":974,"commentCount":0,"publisher":{"@id":"https:\/\/evertonfc.cz\/#organization"},"image":{"@id":"https:\/\/evertonfc.cz\/index.php\/2014\/10\/18\/everton-aston-villa-30\/#primaryimage"},"thumbnailUrl":"https:\/\/evertonfc.cz\/wp-content\/uploads\/2019\/01\/report.jpg","articleSection":["Z\u00e1pasy"],"inLanguage":"cs","potentialAction":[{"@type":"CommentAction","name":"Comment","target":["https:\/\/evertonfc.cz\/index.php\/2014\/10\/18\/everton-aston-villa-30\/#respond"]}]},{"@type":"WebPage","@id":"https:\/\/evertonfc.cz\/index.php\/2014\/10\/18\/everton-aston-villa-30\/","url":"https:\/\/evertonfc.cz\/index.php\/2014\/10\/18\/everton-aston-villa-30\/","name":"Everton - Aston Villa 3:0 - Official Czech &amp; Slovak Everton Supporters&#039; Club","isPartOf":{"@id":"https:\/\/evertonfc.cz\/#website"},"primaryImageOfPage":{"@id":"https:\/\/evertonfc.cz\/index.php\/2014\/10\/18\/everton-aston-villa-30\/#primaryimage"},"image":{"@id":"https:\/\/evertonfc.cz\/index.php\/2014\/10\/18\/everton-aston-villa-30\/#primaryimage"},"thumbnailUrl":"https:\/\/evertonfc.cz\/wp-content\/uploads\/2019\/01\/report.jpg","datePublished":"2014-10-18T13:41:08+00:00","dateModified":"2019-02-13T14:42:08+00:00","breadcrumb":{"@id":"https:\/\/evertonfc.cz\/index.php\/2014\/10\/18\/everton-aston-villa-30\/#breadcrumb"},"inLanguage":"cs","potentialAction":[{"@type":"ReadAction","target":["https:\/\/evertonfc.cz\/index.php\/2014\/10\/18\/everton-aston-villa-30\/"]}]},{"@type":"ImageObject","inLanguage":"cs","@id":"https:\/\/evertonfc.cz\/index.php\/2014\/10\/18\/everton-aston-villa-30\/#primaryimage","url":"https:\/\/evertonfc.cz\/wp-content\/uploads\/2019\/01\/report.jpg","contentUrl":"https:\/\/evertonfc.cz\/wp-content\/uploads\/2019\/01\/report.jpg","width":720,"height":405},{"@type":"BreadcrumbList","@id":"https:\/\/evertonfc.cz\/index.php\/2014\/10\/18\/everton-aston-villa-30\/#breadcrumb","itemListElement":[{"@type":"ListItem","position":1,"name":"Home","item":"https:\/\/evertonfc.cz\/"},{"@type":"ListItem","position":2,"name":"Everton &#8211; Aston Villa 3:0"}]},{"@type":"WebSite","@id":"https:\/\/evertonfc.cz\/#website","url":"https:\/\/evertonfc.cz\/","name":"Official Czech &amp; Slovak Everton Supporters&#039; Club","description":"","publisher":{"@id":"https:\/\/evertonfc.cz\/#organization"},"potentialAction":[{"@type":"SearchAction","target":{"@type":"EntryPoint","urlTemplate":"https:\/\/evertonfc.cz\/?s={search_term_string}"},"query-input":{"@type":"PropertyValueSpecification","valueRequired":true,"valueName":"search_term_string"}}],"inLanguage":"cs"},{"@type":"Organization","@id":"https:\/\/evertonfc.cz\/#organization","name":"Official Czech & Slovak Everton Supporters' Club","url":"https:\/\/evertonfc.cz\/","logo":{"@type":"ImageObject","inLanguage":"cs","@id":"https:\/\/evertonfc.cz\/#\/schema\/logo\/image\/","url":"https:\/\/evertonfc.cz\/wp-content\/uploads\/2019\/05\/logo.png","contentUrl":"https:\/\/evertonfc.cz\/wp-content\/uploads\/2019\/05\/logo.png","width":112,"height":112,"caption":"Official Czech & Slovak Everton Supporters' Club"},"image":{"@id":"https:\/\/evertonfc.cz\/#\/schema\/logo\/image\/"},"sameAs":["https:\/\/www.facebook.com\/everton.fans.cz.sk"]},{"@type":"Person","@id":"https:\/\/evertonfc.cz\/#\/schema\/person\/b30daf6a5852f4811f8207a17ec1bf78","name":"Javor","sameAs":["https:\/\/x.com\/LoudinJan"],"url":"https:\/\/evertonfc.cz\/index.php\/author\/javor\/"}]}},"_links":{"self":[{"href":"https:\/\/evertonfc.cz\/index.php\/wp-json\/wp\/v2\/posts\/4601"}],"collection":[{"href":"https:\/\/evertonfc.cz\/index.php\/wp-json\/wp\/v2\/posts"}],"about":[{"href":"https:\/\/evertonfc.cz\/index.php\/wp-json\/wp\/v2\/types\/post"}],"author":[{"embeddable":true,"href":"https:\/\/evertonfc.cz\/index.php\/wp-json\/wp\/v2\/users\/12"}],"replies":[{"embeddable":true,"href":"https:\/\/evertonfc.cz\/index.php\/wp-json\/wp\/v2\/comments?post=4601"}],"version-history":[{"count":1,"href":"https:\/\/evertonfc.cz\/index.php\/wp-json\/wp\/v2\/posts\/4601\/revisions"}],"predecessor-version":[{"id":4602,"href":"https:\/\/evertonfc.cz\/index.php\/wp-json\/wp\/v2\/posts\/4601\/revisions\/4602"}],"wp:featuredmedia":[{"embeddable":true,"href":"https:\/\/evertonfc.cz\/index.php\/wp-json\/wp\/v2\/media\/1315"}],"wp:attachment":[{"href":"https:\/\/evertonfc.cz\/index.php\/wp-json\/wp\/v2\/media?parent=4601"}],"wp:term":[{"taxonomy":"category","embeddable":true,"href":"https:\/\/evertonfc.cz\/index.php\/wp-json\/wp\/v2\/categories?post=4601"},{"taxonomy":"post_tag","embeddable":true,"href":"https:\/\/evertonfc.cz\/index.php\/wp-json\/wp\/v2\/tags?post=4601"}],"curies":[{"name":"wp","href":"https:\/\/api.w.org\/{rel}","templated":true}]}}