{"id":4603,"date":"2014-10-18T15:40:17","date_gmt":"2014-10-18T13:40:17","guid":{"rendered":"http:\/\/evertonfc.cz\/?p=4603"},"modified":"2021-05-01T10:58:37","modified_gmt":"2021-05-01T08:58:37","slug":"preview-everton-aston-villa-3","status":"publish","type":"post","link":"https:\/\/evertonfc.cz\/index.php\/2014\/10\/18\/preview-everton-aston-villa-3\/","title":{"rendered":"Preview: Everton &#8211; Aston Villa"},"content":{"rendered":"<h4 id=\"NewsPostDetailSummary\">Everton odohr\u00e1 v Goodison parku s Aston Villou 199. z\u00e1pas najviac hran\u00e9ho z\u00e1pasu anglick\u00e9ho ligov\u00e9ho futbalu. Podar\u00ed sa hr\u00e1\u010dom Evertonu na\u0161tartova\u0165 obrat v zle za\u010datej sez\u00f3ne v\u00fdhrou nad spoluzakladate\u013eom anglickej futbalovej ligy?<\/h4>\n<div id=\"NewsPostDetailContent\">\n<p id=\"NewsPostDetailSummary\">Everton vedie v jednom z najstar\u0161\u00edch futbalov\u00fdch s\u00fabojov na svete 73 v\u00fdhrami. Aston Villa vyhrala vo vz\u00e1jomn\u00fdch ligov\u00fdch s\u00fabojoch 72 kr\u00e1t. Vo v\u0161etk\u00fdch s\u00fa\u0165a\u017eiach odohral Everton s Villou od roku 1888 spolu 216 z\u00e1pasov. Hist\u00f3ria n\u00e1m ale t\u00fato sez\u00f3nu nezlep\u0161\u00ed, pozrime sa preto na doteraj\u0161ie v\u00fdkony. Aktu\u00e1lne mala lep\u0161\u00ed \u0161tart do sez\u00f3ny, The Villans boli e\u0161te pred mesiacom druh\u00ed.<\/p>\n<p>V lete Aston Villa posilovala hlavne obrann\u00fa \u010dinnos\u0165 a \u013eav\u00fa stranu. Pri\u0161lo 5 hr\u00e1\u010dov \u2013 zdarma Philippe Senderos z Valencie a Joe Cole z West Hamu (\u00fato\u010dn\u00e1 v\u00fdnimka), Kieran Richardson z Fulhamu (trhov\u00e1 hodnota cca 2 mil. L), Aly Cissokho z Valencie (trhov\u00e1 hodnota cca 4,5 mil. L) a Carlos Sanchezz elche (cca 3,5 mil. L). Na hre Villy to bolo za\u010diatkom sez\u00f3nu, a\u017e do zranenia Vlaara pozna\u0165 \u2013 obrann\u00e1 \u010dinnos\u0165 Villy patrila k najlep\u0161\u00edm, ist\u00fa doba mala najlep\u0161ie \u0161tatistiky.<\/p>\n<p>Aston Villa za\u010dala sez\u00f3nu skvele. Vyhrala nad Stoke City, Hull City a doma remizovala s Barcodes, ke\u010f dohr\u00e1vala s 10 hr\u00e1\u010dmi. Od za\u010diatku septembra jej za\u010dala \u0161n\u00fara z\u00e1pasov s top t\u00edmami. Za\u010dala skvele \u2013 za\u010diatkom septembra vyhrala na Anfielde g\u00f3lom Agbonlahora (ktor\u00fd patr\u00ed aj k naj\u00faspe\u0161nej\u0161\u00edm strelcom g\u00f3lov do siete Evertonu, dal ich 7) a na chv\u00ed\u013eu sa dostala dokonca na druh\u00e9 miesto. Kr\u00e1tke zranenie Vlaara a \u0165a\u017ek\u00fd los si ale postupne za\u010dali vybera\u0165 da\u0148, odvtedy za\u010dala body str\u00e1ca\u0165. Dve prehry s Arsenalom a Chelski 3:0 a s Manchester Etihad 2:0 a tak sa nach\u00e1dza moment\u00e1lne na 10 mieste s 10 bodmi.<\/p>\n<p>Nemus\u00edm V\u00e1m pripom\u00edna\u0165 zl\u00fd \u0161tart do sez\u00f3ny z\u00a0na\u0161ej strany a\u00a0u\u017e vlbec ho podrobne rozobera\u0165, macochistov medzi sebou asi nem\u00e1me&#8230; V\u00fdsledkom je 17 miesto, 6 bodov. O\u00a0pr\u00ed\u010din\u00e1ch sa ved\u00fa polemiky \u2013 skr\u00e1ten\u00e1 pr\u00edprava kv\u00f4li MS vo futbale u\u017e d\u00e1vnej\u0161ie nem\u00f4\u017ee ma\u0165 vplyv. Zranenia d\u00e1vaj\u00fa ot\u00e1zniky na t\u00fdm, nako\u013eko je to dielom smoly (t\u00fa m\u00e1 EFC tradi\u010dne nadpriemern\u00fa) a kvalitou kondi\u010dn\u00e9ho tr\u00e9nera,\u00a0fyzioterapeuta a\u00a0pod. Nie som expert a\u00a0mo\u017eno sa m\u00fdlim, ale \u010do in\u00e9 ako vyhadzov e\u0161te na Anfielde si zasl\u00fa\u017ei kondi\u010dn\u00fd tr\u00e9ner po zranen\u00ed stehna Mirallasa pri \u0161printe &#8211; v\u00a0septembri!? K\u00a0tomu sa pridala ne\u010dakan\u00e9 zl\u00e1 hra obrany resp. v\u00fdpadov formy k\u013e\u00fa\u010dov\u00fdch hr\u00e1\u010dov obrannej \u010dinnosti EFC, pln\u00e1 hrub\u00fdch osobn\u00fdch ch\u00fdb.<\/p>\n<h4><strong>Z\u00e1pasov\u00e9 fakty<\/strong><\/h4>\n<p><strong>Vz\u00e1jomn\u00e9<\/strong><\/p>\n<ul>\n<li>Everton neprehral s\u00a0Vilou u\u017e v\u00a07 posledn\u00fdch z\u00e1pasoch po sebe, prehral iba jedno z posledn\u00fdch 11 vz\u00e1jomn\u00fdch ligov\u00fdch stretnut\u00ed \u2013 3 kr\u00e1t Everton vyhral, 7 kr\u00e1t remizoval. Ak by vyhral dnes, bola by to prv\u00e1 v\u00fdhra nad Villou 3 x po sebe od sez\u00f3ny 1986-87.<\/li>\n<li>5 z\u00a0posledn\u00fdch 7 vz\u00e1jomn\u00fdch z\u00e1pasov v\u00a0Goodison parku skon\u010dilo rem\u00edzou.<\/li>\n<\/ul>\n<p><strong>Everton<\/strong><\/p>\n<ul>\n<li>M\u00e1me st\u00e1le najhor\u0161ie z\u00e1kladn\u00e9 \u0161tatistiky obrany \u2013 16 g\u00f3lov v\u00a0len 7 z\u00e1pasoch (minul\u00fa sez\u00f3nu trvalo 17 k\u00f4l k\u00fdm sme dostali to\u013eko g\u00f3lov). Naposledy sme dostali tak mnoho g\u00f3lov tak skoro pred 56 rokmi (21).<\/li>\n<li>\u00datok je na tom lep\u0161ie \u2013 Everton sk\u00f3roval v\u00a0ka\u017edom ligovom z\u00e1pase, to je najlep\u0161\u00ed v\u00fdkon v\u00a0premierleague. A\u00a0to e\u0161te Lukakua tr\u00e1pilo zranenie nohy a\u00a0musel hra\u0165 mimo svojej poz\u00edcie hlb\u0161ie v\u00a0poli (v \u010dom sa zlep\u0161uje).<\/li>\n<li>Everton stratil a\u017e 7 bodov v\u00a0z\u00e1pasoch v\u00a0ktor\u00fdch vyhr\u00e1val, \u010do je tie\u017e najviac v\u00a0lige.<\/li>\n<li>Leighton Baines vytvoril len doposia\u013e 16 g\u00f3lov\u00fdch \u0161anc\u00ed a\u00a0prihral na 3 g\u00f3ly, najviac v\u00a0premierleague t\u00fato sez\u00f3nu.<\/li>\n<\/ul>\n<p><strong>Aston Villa<\/strong><\/p>\n<ul>\n<li>Villa prehrala 3 z\u00e1pasy po sebe bez toho, aby strelila g\u00f3l. K\u00a0tejto \u0161tatistike ale treba doda\u0165, \u017ee to bolo proti top t\u00edmom&#8230;<\/li>\n<li>V\u00a0posledn\u00fdch 7 z\u00e1pasoch vystreili hr\u00e1\u010di Aston Villi na br\u00e1nu len 10 kr\u00e1t, to je o\u00a011 menej ne\u017e ktor\u00fdko\u013evek in\u00fd t\u00edm v\u00a0premierleague.<\/li>\n<li>V\u00a0doteraj\u0161\u00edch 7 z\u00e1pasoch premierleague Villans strelili len 4 g\u00f3ly \u2013 ich najhor\u0161\u00ed streleck\u00fd v\u00fdkon od sez\u00f3ny 1979-80.<\/li>\n<li>Vilans vyhrali 32% z\u00e1pasov od kedy pri\u0161iel Ron Vlaar do klubu v\u00a0roku 2012 \u2013 nez neho vyhrali 14% z\u00e1pasov. Ako inak, na z\u00e1pas proti evertonu u\u017e bude po zranen\u00ed sp\u00e4\u0165&#8230;<\/li>\n<li>Paul Lambert nikdy nevyhral ligov\u00fd z\u00e1pas proti t\u00edmu veden\u00e9mu robertom Martinezom.<\/li>\n<\/ul>\n<h4><strong>T\u00fdmov\u00e9 novinky<\/strong><\/h4>\n<p><strong>Everton<\/strong><\/p>\n<p>Ross Barkley u\u017e m\u00f4\u017ee by\u0165 postaven\u00fd do z\u00e1pasu s\u00a0Villou po zranen\u00ed kolena, ktor\u00e9 ho odstavilo tesne pred za\u010diatkom sez\u00f3ny. Seamus Coleman, James McCarthy a Steven Pienaar s\u00fa pod\u013ea vyjadren\u00ed Martineza fit a\u00a0m\u00f4\u017eu by\u0165 postaven\u00ed tie\u017e. Sp\u00e4\u0165 je aj Distin, toho ale zatia\u013e k\u00a0posil\u00e1m po\u010d\u00edta\u0165 nem\u00f4\u017eem&#8230;<\/p>\n<p>Hr\u00e1\u010di k dispioz\u00edcii:<\/p>\n<p>Howard, Joel, Stanek, Alcaraz, Baines, Browning, Coleman, Distin, Garbutt, Hibbert, Jagielka, Atsu, Barkley, Barry, Besic, Gibson, Junior, McCarthy, McGeady, Osman, Oviedo, Pienaar, Eto&#8217;o, Long, Lukaku, McAleny, Naismith.<\/p>\n<p><strong>Aston Villa<\/strong><\/p>\n<p>Kapit\u00e1n Villy Ron Vlaar sa vracia po 4 z\u00e1pasovej absencii kvlli zraneniu l\u00fdtka. Nast\u00fap\u0165 tie\u017e m\u00f4\u017ee Christian Benteke, bol by to jeho prv\u00fd \u0161tart od marca 2014. Pravdepodobne mimo bude Fabian Delph kv\u00f4li ramenu, Philippe Senderos (stehno). Ofici\u00e1lna str\u00e1nka Evertonu uv\u00e1dza, \u017ee mimo m\u00f4\u017ee by\u0165 aj Agbonlahor kv\u00f4li ochoreniu.<\/p>\n<p>Hr\u00e1\u010di k dispoz\u00edcii:<\/p>\n<p>Given, Guzan, Bacuna, Baker, Clark, Herd, Hutton, Lowton, Okore, Senderos, Vlaar, Cleverley, Cole, Delph, Grealish, N&#8217;Zogbia, Richardson, Sanchez, Westwood, Agbonlahor, Bent, Benteke, Burke, Weimann.<\/p>\n<p><strong>\u010co:<\/strong>\u00a0Everton FC \u2013 Aston Villa FC, 8. kolo Premier League<br \/>\n<strong>Kedy:<\/strong>\u00a018. 10. 2014 od 16:00 SE\u010c<br \/>\n<strong>Kde:<\/strong>\u00a0Goodison Park, Liverpool Goodison Park, (kapacita: 39 572 div\u00e1kov)<br \/>\n<strong>Hlavn\u00fd rozhodca:<\/strong> Anthony Taylor <strong>Asistenti<\/strong>: M Mullarkey, G Beswick<\/p>\n<\/div>\n","protected":false},"excerpt":{"rendered":"<p>Everton odohr\u00e1 v Goodison parku s Aston Villou 199. z\u00e1pas najviac hran\u00e9ho z\u00e1pasu anglick\u00e9ho ligov\u00e9ho futbalu. Podar\u00ed sa hr\u00e1\u010dom Evertonu na\u0161tartova\u0165 obrat v zle za\u010datej sez\u00f3ne v\u00fdhrou nad spoluzakladate\u013eom anglickej futbalovej ligy?<\/p>\n","protected":false},"author":23,"featured_media":15183,"comment_status":"open","ping_status":"closed","sticky":false,"template":"","format":"standard","meta":{"_eb_attr":"","_monsterinsights_skip_tracking":false,"_monsterinsights_sitenote_active":false,"_monsterinsights_sitenote_note":"","_monsterinsights_sitenote_category":0,"footnotes":""},"categories":[4],"tags":[],"yoast_head":"<!-- This site is optimized with the Yoast SEO plugin v23.4 - https:\/\/yoast.com\/wordpress\/plugins\/seo\/ -->\n<title>Preview: Everton - Aston Villa - Official Czech &amp; Slovak Everton Supporters&#039; Club<\/title>\n<meta name=\"robots\" content=\"index, follow, max-snippet:-1, max-image-preview:large, max-video-preview:-1\" \/>\n<link rel=\"canonical\" href=\"https:\/\/evertonfc.cz\/index.php\/2014\/10\/18\/preview-everton-aston-villa-3\/\" \/>\n<meta property=\"og:locale\" content=\"cs_CZ\" \/>\n<meta property=\"og:type\" content=\"article\" \/>\n<meta property=\"og:title\" content=\"Preview: Everton - Aston Villa - Official Czech &amp; Slovak Everton Supporters&#039; Club\" \/>\n<meta property=\"og:description\" content=\"Everton odohr\u00e1 v Goodison parku s Aston Villou 199. z\u00e1pas najviac hran\u00e9ho z\u00e1pasu anglick\u00e9ho ligov\u00e9ho futbalu. Podar\u00ed sa hr\u00e1\u010dom Evertonu na\u0161tartova\u0165 obrat v zle za\u010datej sez\u00f3ne v\u00fdhrou nad spoluzakladate\u013eom anglickej futbalovej ligy?\" \/>\n<meta property=\"og:url\" content=\"https:\/\/evertonfc.cz\/index.php\/2014\/10\/18\/preview-everton-aston-villa-3\/\" \/>\n<meta property=\"og:site_name\" content=\"Official Czech &amp; Slovak Everton Supporters&#039; Club\" \/>\n<meta property=\"article:publisher\" content=\"https:\/\/www.facebook.com\/everton.fans.cz.sk\" \/>\n<meta property=\"article:published_time\" content=\"2014-10-18T13:40:17+00:00\" \/>\n<meta property=\"article:modified_time\" content=\"2021-05-01T08:58:37+00:00\" \/>\n<meta property=\"og:image\" content=\"https:\/\/evertonfc.cz\/wp-content\/uploads\/2021\/05\/Everton-VS-Aston-Villa.png\" \/>\n\t<meta property=\"og:image:width\" content=\"720\" \/>\n\t<meta property=\"og:image:height\" content=\"405\" \/>\n\t<meta property=\"og:image:type\" content=\"image\/png\" \/>\n<meta name=\"author\" content=\"Everton1878\" \/>\n<meta name=\"twitter:card\" content=\"summary_large_image\" \/>\n<meta name=\"twitter:label1\" content=\"Napsal(a)\" \/>\n\t<meta name=\"twitter:data1\" content=\"Everton1878\" \/>\n\t<meta name=\"twitter:label2\" content=\"Odhadovan\u00e1 doba \u010dten\u00ed\" \/>\n\t<meta name=\"twitter:data2\" content=\"4 minuty\" \/>\n<script type=\"application\/ld+json\" class=\"yoast-schema-graph\">{\"@context\":\"https:\/\/schema.org\",\"@graph\":[{\"@type\":\"Article\",\"@id\":\"https:\/\/evertonfc.cz\/index.php\/2014\/10\/18\/preview-everton-aston-villa-3\/#article\",\"isPartOf\":{\"@id\":\"https:\/\/evertonfc.cz\/index.php\/2014\/10\/18\/preview-everton-aston-villa-3\/\"},\"author\":{\"name\":\"Everton1878\",\"@id\":\"https:\/\/evertonfc.cz\/#\/schema\/person\/c495ad9c14eabaab7ff243473d85758c\"},\"headline\":\"Preview: Everton &#8211; Aston Villa\",\"datePublished\":\"2014-10-18T13:40:17+00:00\",\"dateModified\":\"2021-05-01T08:58:37+00:00\",\"mainEntityOfPage\":{\"@id\":\"https:\/\/evertonfc.cz\/index.php\/2014\/10\/18\/preview-everton-aston-villa-3\/\"},\"wordCount\":1005,\"commentCount\":0,\"publisher\":{\"@id\":\"https:\/\/evertonfc.cz\/#organization\"},\"image\":{\"@id\":\"https:\/\/evertonfc.cz\/index.php\/2014\/10\/18\/preview-everton-aston-villa-3\/#primaryimage\"},\"thumbnailUrl\":\"https:\/\/evertonfc.cz\/wp-content\/uploads\/2021\/05\/Everton-VS-Aston-Villa.png\",\"articleSection\":[\"Z\u00e1pasy\"],\"inLanguage\":\"cs\",\"potentialAction\":[{\"@type\":\"CommentAction\",\"name\":\"Comment\",\"target\":[\"https:\/\/evertonfc.cz\/index.php\/2014\/10\/18\/preview-everton-aston-villa-3\/#respond\"]}]},{\"@type\":\"WebPage\",\"@id\":\"https:\/\/evertonfc.cz\/index.php\/2014\/10\/18\/preview-everton-aston-villa-3\/\",\"url\":\"https:\/\/evertonfc.cz\/index.php\/2014\/10\/18\/preview-everton-aston-villa-3\/\",\"name\":\"Preview: Everton - Aston Villa - Official Czech &amp; Slovak Everton Supporters&#039; Club\",\"isPartOf\":{\"@id\":\"https:\/\/evertonfc.cz\/#website\"},\"primaryImageOfPage\":{\"@id\":\"https:\/\/evertonfc.cz\/index.php\/2014\/10\/18\/preview-everton-aston-villa-3\/#primaryimage\"},\"image\":{\"@id\":\"https:\/\/evertonfc.cz\/index.php\/2014\/10\/18\/preview-everton-aston-villa-3\/#primaryimage\"},\"thumbnailUrl\":\"https:\/\/evertonfc.cz\/wp-content\/uploads\/2021\/05\/Everton-VS-Aston-Villa.png\",\"datePublished\":\"2014-10-18T13:40:17+00:00\",\"dateModified\":\"2021-05-01T08:58:37+00:00\",\"breadcrumb\":{\"@id\":\"https:\/\/evertonfc.cz\/index.php\/2014\/10\/18\/preview-everton-aston-villa-3\/#breadcrumb\"},\"inLanguage\":\"cs\",\"potentialAction\":[{\"@type\":\"ReadAction\",\"target\":[\"https:\/\/evertonfc.cz\/index.php\/2014\/10\/18\/preview-everton-aston-villa-3\/\"]}]},{\"@type\":\"ImageObject\",\"inLanguage\":\"cs\",\"@id\":\"https:\/\/evertonfc.cz\/index.php\/2014\/10\/18\/preview-everton-aston-villa-3\/#primaryimage\",\"url\":\"https:\/\/evertonfc.cz\/wp-content\/uploads\/2021\/05\/Everton-VS-Aston-Villa.png\",\"contentUrl\":\"https:\/\/evertonfc.cz\/wp-content\/uploads\/2021\/05\/Everton-VS-Aston-Villa.png\",\"width\":720,\"height\":405},{\"@type\":\"BreadcrumbList\",\"@id\":\"https:\/\/evertonfc.cz\/index.php\/2014\/10\/18\/preview-everton-aston-villa-3\/#breadcrumb\",\"itemListElement\":[{\"@type\":\"ListItem\",\"position\":1,\"name\":\"Home\",\"item\":\"https:\/\/evertonfc.cz\/\"},{\"@type\":\"ListItem\",\"position\":2,\"name\":\"Preview: Everton &#8211; Aston Villa\"}]},{\"@type\":\"WebSite\",\"@id\":\"https:\/\/evertonfc.cz\/#website\",\"url\":\"https:\/\/evertonfc.cz\/\",\"name\":\"Official Czech &amp; Slovak Everton Supporters&#039; Club\",\"description\":\"\",\"publisher\":{\"@id\":\"https:\/\/evertonfc.cz\/#organization\"},\"potentialAction\":[{\"@type\":\"SearchAction\",\"target\":{\"@type\":\"EntryPoint\",\"urlTemplate\":\"https:\/\/evertonfc.cz\/?s={search_term_string}\"},\"query-input\":{\"@type\":\"PropertyValueSpecification\",\"valueRequired\":true,\"valueName\":\"search_term_string\"}}],\"inLanguage\":\"cs\"},{\"@type\":\"Organization\",\"@id\":\"https:\/\/evertonfc.cz\/#organization\",\"name\":\"Official Czech & Slovak Everton Supporters' Club\",\"url\":\"https:\/\/evertonfc.cz\/\",\"logo\":{\"@type\":\"ImageObject\",\"inLanguage\":\"cs\",\"@id\":\"https:\/\/evertonfc.cz\/#\/schema\/logo\/image\/\",\"url\":\"https:\/\/evertonfc.cz\/wp-content\/uploads\/2019\/05\/logo.png\",\"contentUrl\":\"https:\/\/evertonfc.cz\/wp-content\/uploads\/2019\/05\/logo.png\",\"width\":112,\"height\":112,\"caption\":\"Official Czech & Slovak Everton Supporters' Club\"},\"image\":{\"@id\":\"https:\/\/evertonfc.cz\/#\/schema\/logo\/image\/\"},\"sameAs\":[\"https:\/\/www.facebook.com\/everton.fans.cz.sk\"]},{\"@type\":\"Person\",\"@id\":\"https:\/\/evertonfc.cz\/#\/schema\/person\/c495ad9c14eabaab7ff243473d85758c\",\"name\":\"Everton1878\",\"url\":\"https:\/\/evertonfc.cz\/index.php\/author\/everton1878\/\"}]}<\/script>\n<!-- \/ Yoast SEO plugin. -->","yoast_head_json":{"title":"Preview: Everton - Aston Villa - Official Czech &amp; Slovak Everton Supporters&#039; Club","robots":{"index":"index","follow":"follow","max-snippet":"max-snippet:-1","max-image-preview":"max-image-preview:large","max-video-preview":"max-video-preview:-1"},"canonical":"https:\/\/evertonfc.cz\/index.php\/2014\/10\/18\/preview-everton-aston-villa-3\/","og_locale":"cs_CZ","og_type":"article","og_title":"Preview: Everton - Aston Villa - Official Czech &amp; Slovak Everton Supporters&#039; Club","og_description":"Everton odohr\u00e1 v Goodison parku s Aston Villou 199. z\u00e1pas najviac hran\u00e9ho z\u00e1pasu anglick\u00e9ho ligov\u00e9ho futbalu. Podar\u00ed sa hr\u00e1\u010dom Evertonu na\u0161tartova\u0165 obrat v zle za\u010datej sez\u00f3ne v\u00fdhrou nad spoluzakladate\u013eom anglickej futbalovej ligy?","og_url":"https:\/\/evertonfc.cz\/index.php\/2014\/10\/18\/preview-everton-aston-villa-3\/","og_site_name":"Official Czech &amp; Slovak Everton Supporters&#039; Club","article_publisher":"https:\/\/www.facebook.com\/everton.fans.cz.sk","article_published_time":"2014-10-18T13:40:17+00:00","article_modified_time":"2021-05-01T08:58:37+00:00","og_image":[{"width":720,"height":405,"url":"https:\/\/evertonfc.cz\/wp-content\/uploads\/2021\/05\/Everton-VS-Aston-Villa.png","type":"image\/png"}],"author":"Everton1878","twitter_card":"summary_large_image","twitter_misc":{"Napsal(a)":"Everton1878","Odhadovan\u00e1 doba \u010dten\u00ed":"4 minuty"},"schema":{"@context":"https:\/\/schema.org","@graph":[{"@type":"Article","@id":"https:\/\/evertonfc.cz\/index.php\/2014\/10\/18\/preview-everton-aston-villa-3\/#article","isPartOf":{"@id":"https:\/\/evertonfc.cz\/index.php\/2014\/10\/18\/preview-everton-aston-villa-3\/"},"author":{"name":"Everton1878","@id":"https:\/\/evertonfc.cz\/#\/schema\/person\/c495ad9c14eabaab7ff243473d85758c"},"headline":"Preview: Everton &#8211; Aston Villa","datePublished":"2014-10-18T13:40:17+00:00","dateModified":"2021-05-01T08:58:37+00:00","mainEntityOfPage":{"@id":"https:\/\/evertonfc.cz\/index.php\/2014\/10\/18\/preview-everton-aston-villa-3\/"},"wordCount":1005,"commentCount":0,"publisher":{"@id":"https:\/\/evertonfc.cz\/#organization"},"image":{"@id":"https:\/\/evertonfc.cz\/index.php\/2014\/10\/18\/preview-everton-aston-villa-3\/#primaryimage"},"thumbnailUrl":"https:\/\/evertonfc.cz\/wp-content\/uploads\/2021\/05\/Everton-VS-Aston-Villa.png","articleSection":["Z\u00e1pasy"],"inLanguage":"cs","potentialAction":[{"@type":"CommentAction","name":"Comment","target":["https:\/\/evertonfc.cz\/index.php\/2014\/10\/18\/preview-everton-aston-villa-3\/#respond"]}]},{"@type":"WebPage","@id":"https:\/\/evertonfc.cz\/index.php\/2014\/10\/18\/preview-everton-aston-villa-3\/","url":"https:\/\/evertonfc.cz\/index.php\/2014\/10\/18\/preview-everton-aston-villa-3\/","name":"Preview: Everton - Aston Villa - Official Czech &amp; Slovak Everton Supporters&#039; Club","isPartOf":{"@id":"https:\/\/evertonfc.cz\/#website"},"primaryImageOfPage":{"@id":"https:\/\/evertonfc.cz\/index.php\/2014\/10\/18\/preview-everton-aston-villa-3\/#primaryimage"},"image":{"@id":"https:\/\/evertonfc.cz\/index.php\/2014\/10\/18\/preview-everton-aston-villa-3\/#primaryimage"},"thumbnailUrl":"https:\/\/evertonfc.cz\/wp-content\/uploads\/2021\/05\/Everton-VS-Aston-Villa.png","datePublished":"2014-10-18T13:40:17+00:00","dateModified":"2021-05-01T08:58:37+00:00","breadcrumb":{"@id":"https:\/\/evertonfc.cz\/index.php\/2014\/10\/18\/preview-everton-aston-villa-3\/#breadcrumb"},"inLanguage":"cs","potentialAction":[{"@type":"ReadAction","target":["https:\/\/evertonfc.cz\/index.php\/2014\/10\/18\/preview-everton-aston-villa-3\/"]}]},{"@type":"ImageObject","inLanguage":"cs","@id":"https:\/\/evertonfc.cz\/index.php\/2014\/10\/18\/preview-everton-aston-villa-3\/#primaryimage","url":"https:\/\/evertonfc.cz\/wp-content\/uploads\/2021\/05\/Everton-VS-Aston-Villa.png","contentUrl":"https:\/\/evertonfc.cz\/wp-content\/uploads\/2021\/05\/Everton-VS-Aston-Villa.png","width":720,"height":405},{"@type":"BreadcrumbList","@id":"https:\/\/evertonfc.cz\/index.php\/2014\/10\/18\/preview-everton-aston-villa-3\/#breadcrumb","itemListElement":[{"@type":"ListItem","position":1,"name":"Home","item":"https:\/\/evertonfc.cz\/"},{"@type":"ListItem","position":2,"name":"Preview: Everton &#8211; Aston Villa"}]},{"@type":"WebSite","@id":"https:\/\/evertonfc.cz\/#website","url":"https:\/\/evertonfc.cz\/","name":"Official Czech &amp; Slovak Everton Supporters&#039; Club","description":"","publisher":{"@id":"https:\/\/evertonfc.cz\/#organization"},"potentialAction":[{"@type":"SearchAction","target":{"@type":"EntryPoint","urlTemplate":"https:\/\/evertonfc.cz\/?s={search_term_string}"},"query-input":{"@type":"PropertyValueSpecification","valueRequired":true,"valueName":"search_term_string"}}],"inLanguage":"cs"},{"@type":"Organization","@id":"https:\/\/evertonfc.cz\/#organization","name":"Official Czech & Slovak Everton Supporters' Club","url":"https:\/\/evertonfc.cz\/","logo":{"@type":"ImageObject","inLanguage":"cs","@id":"https:\/\/evertonfc.cz\/#\/schema\/logo\/image\/","url":"https:\/\/evertonfc.cz\/wp-content\/uploads\/2019\/05\/logo.png","contentUrl":"https:\/\/evertonfc.cz\/wp-content\/uploads\/2019\/05\/logo.png","width":112,"height":112,"caption":"Official Czech & Slovak Everton Supporters' Club"},"image":{"@id":"https:\/\/evertonfc.cz\/#\/schema\/logo\/image\/"},"sameAs":["https:\/\/www.facebook.com\/everton.fans.cz.sk"]},{"@type":"Person","@id":"https:\/\/evertonfc.cz\/#\/schema\/person\/c495ad9c14eabaab7ff243473d85758c","name":"Everton1878","url":"https:\/\/evertonfc.cz\/index.php\/author\/everton1878\/"}]}},"_links":{"self":[{"href":"https:\/\/evertonfc.cz\/index.php\/wp-json\/wp\/v2\/posts\/4603"}],"collection":[{"href":"https:\/\/evertonfc.cz\/index.php\/wp-json\/wp\/v2\/posts"}],"about":[{"href":"https:\/\/evertonfc.cz\/index.php\/wp-json\/wp\/v2\/types\/post"}],"author":[{"embeddable":true,"href":"https:\/\/evertonfc.cz\/index.php\/wp-json\/wp\/v2\/users\/23"}],"replies":[{"embeddable":true,"href":"https:\/\/evertonfc.cz\/index.php\/wp-json\/wp\/v2\/comments?post=4603"}],"version-history":[{"count":5,"href":"https:\/\/evertonfc.cz\/index.php\/wp-json\/wp\/v2\/posts\/4603\/revisions"}],"predecessor-version":[{"id":15191,"href":"https:\/\/evertonfc.cz\/index.php\/wp-json\/wp\/v2\/posts\/4603\/revisions\/15191"}],"wp:featuredmedia":[{"embeddable":true,"href":"https:\/\/evertonfc.cz\/index.php\/wp-json\/wp\/v2\/media\/15183"}],"wp:attachment":[{"href":"https:\/\/evertonfc.cz\/index.php\/wp-json\/wp\/v2\/media?parent=4603"}],"wp:term":[{"taxonomy":"category","embeddable":true,"href":"https:\/\/evertonfc.cz\/index.php\/wp-json\/wp\/v2\/categories?post=4603"},{"taxonomy":"post_tag","embeddable":true,"href":"https:\/\/evertonfc.cz\/index.php\/wp-json\/wp\/v2\/tags?post=4603"}],"curies":[{"name":"wp","href":"https:\/\/api.w.org\/{rel}","templated":true}]}}