{"id":4607,"date":"2014-10-09T15:45:50","date_gmt":"2014-10-09T13:45:50","guid":{"rendered":"http:\/\/evertonfc.cz\/?p=4607"},"modified":"2019-02-13T23:05:19","modified_gmt":"2019-02-13T22:05:19","slug":"stones-podstoupi-operaci","status":"publish","type":"post","link":"https:\/\/evertonfc.cz\/index.php\/2014\/10\/09\/stones-podstoupi-operaci\/","title":{"rendered":"Stones podstoup\u00ed operaci"},"content":{"rendered":"<h4 id=\"NewsPostDetailSummary\">John Stones si z ned\u011bln\u00edho kl\u00e1n\u00ed proti Manchesteru United odnesl po\u0161kozen\u00ed vaz\u016f v kotn\u00edku, kter\u00e9 si vy\u017e\u00e1d\u00e1 operaci a dobu absence od 10 do 14 t\u00fddn\u016f. Z\u00e1rove\u0148 se bohu\u017eel nejedn\u00e1 o jedin\u00e9ho zran\u011bn\u00e9ho hr\u00e1\u010de ze soupisky.<\/h4>\n<div id=\"NewsPostDetailContent\">\n<p>V\u00edce o nep\u0159\u00edjemn\u00e9 komplikaci prozradil Roberto Mart\u00ednez:\u00a0<em>\u201eJohn pot\u0159ebuje operaci, ta mu poskytne nejlep\u0161\u00ed mo\u017en\u00e9 zotaven\u00ed lev\u00e9ho kotn\u00edku. O\u010dek\u00e1v\u00e1me absenci dlouhou 10 a\u017e 14 t\u00fddn\u016f, p\u0159esn\u00e9 datum zat\u00edm ur\u010dit nedok\u00e1\u017eeme, z\u00e1le\u017e\u00ed toti\u017e, jak se v\u0161e bude vyv\u00edjet.<\/em><\/p>\n<p><em>Utrp\u011bl \u010dist\u00e9 zran\u011bn\u00ed, nikoliv komplikovan\u00e9. Pochopiteln\u011b jsme zklaman\u00ed, nikdo si nep\u0159eje ztratit hr\u00e1\u010de, v Johnov\u011b p\u0159\u00edpad\u011b jsme se ale zpo\u010d\u00e1tku ob\u00e1vali hor\u0161\u00edho sc\u00e9n\u00e1\u0159e, jeliko\u017e podobn\u00e9 zdravotn\u00ed probl\u00e9my s\u00a0sebou \u010dasto p\u0159in\u00e1\u0161\u00ed z\u00e1ludn\u00e9 komplikace.<\/em><\/p>\n<p><em>L\u00e9\u010dba na\u0161t\u011bst\u00ed bude jednozna\u010dn\u00e1, u\u017e vyhl\u00ed\u017e\u00edme dny, kdy se vr\u00e1t\u00ed zp\u011bt do akce. Hodl\u00e1me odv\u00e9st nejlep\u0161\u00ed mo\u017enou pr\u00e1ci, aby se vr\u00e1til siln\u011bj\u0161\u00ed a p\u0159ipraven\u00fd pro z\u00e1v\u011bre\u010dnou a nejd\u016fle\u017eit\u011bj\u0161\u00ed \u010d\u00e1st sez\u00f3ny.\u201c<\/em><\/p>\n<p>Stonese pravd\u011bpodobn\u011b nahrad\u00ed v sestav\u011b Sylvain Distin. Podle neofici\u00e1ln\u00edch zdroj\u016f 36 let star\u00fd Francouz chyb\u011bl posledn\u00edch deset dn\u00ed na tr\u00e9ninc\u00edch. Pr\u00fd nesl nelib\u011b kritiku od Roberta Mart\u00edneze po vypadnut\u00ed z Ligov\u00e9ho poh\u00e1ru se Swansea City a m\u011bl si vz\u00edt &#8222;n\u011bjak\u00fd \u010das na p\u0159em\u00fd\u0161len\u00ed&#8220;. A\u0165 se tato informace zakl\u00e1d\u00e1 na pravd\u011b, nebo ne, Tyias Browning by se mohl p\u0159edstavovat dal\u0161\u00edho obr\u00e1nce, kter\u00fd zapln\u00ed mezeru. Klubov\u00fd odchovanec debutoval coby st\u0159\u00eddaj\u00edc\u00ed v prvn\u00edm t\u00fdmu b\u011bhem posledn\u00edho m\u011bs\u00edce.<\/p>\n<p>Ofici\u00e1ln\u00ed verze Distinova volna zn\u00ed prost\u0159ednictv\u00edm Mart\u00edneze n\u00e1sledovn\u011b.\u00a0<em>\u201eSylvain pot\u0159eboval trochu odpo\u010dinku. Odehr\u00e1l mnoho utk\u00e1n\u00ed v p\u0159edsez\u00f3nn\u00ed p\u0159\u00edprav\u011b a je t\u0159eba rozvrhnout jeho hrac\u00ed pl\u00e1n. Moment\u00e1ln\u011b se nach\u00e1z\u00ed v pln\u00e9 kondici, tr\u00e9nuje na dobr\u00e9 \u00farovni a zabojuje o m\u00edsto v z\u00e1kladn\u00ed sestav\u011b.\u201c<\/em><\/p>\n<p>Kevin Mirallas vynechal posledn\u00ed dva duely kv\u016fli bolav\u00e9mu stehenn\u00edmu svalu a na marodce je\u0161t\u011b v nejbli\u017e\u0161\u00edch t\u00fddnech z\u016fstane.\u00a0<em>\u201eKevina vy\u0159adilo ze hry typick\u00e9 zran\u011bn\u00ed sprinter\u016f. Bude absentovat nadch\u00e1zej\u00edc\u00ed t\u00fddny, nemus\u00ed na operaci, praktikujeme u n\u011bj konzervativn\u00ed l\u00e9\u010den\u00ed,\u201c<\/em>\u00a0informoval mana\u017eer Evertonu.<\/p>\n<p>Bryan Oviedo sice neodcestoval na reprezenta\u010dn\u00ed sraz Kostariky, jeliko\u017e mu byl odstran\u011bn \u0161roub z lev\u00e9 nohy v r\u00e1mci rutinn\u00edho postupu, na rozd\u00edl od Seamuse Colemana a Jamese McCarthy, laboruj\u00edc\u00edch s men\u0161\u00edmi zran\u011bn\u00edmi, se s\u00a0n\u00edm v\u0161ak po\u010d\u00edt\u00e1 do st\u0159etnut\u00ed s Villans.<\/p>\n<p><em>Bryan bude pravd\u011bpodobn\u011b k dispozici na Aston Villu, po zdravotn\u00ed str\u00e1nce v\u00fdborn\u011b reagoval na odstran\u011bn\u00ed \u0161roubu. Z\u00e1krok nijak neovlivn\u00ed jeho fyzickou kondici, b\u011bhem p\u00e1r dn\u00ed se op\u011bt zapoj\u00ed do akce.<\/em><\/p>\n<p><em>Jamese McCarthyho nakopli v derby s Liverpoolem, proto jsme ho nenominovali do Ruska a na Old Trafford. Sna\u017e\u00edme se mu pomoct k uzdraven\u00ed, se Seamusem nebudou chyb\u011bt dlouhou dobu. Jejich vyu\u017eitelnost vid\u00edm v horizontu p\u0159\u00ed\u0161t\u00edch \u0161esti z\u00e1pas\u016f, pr\u016fb\u011b\u017en\u011b je sledujeme.\u201c<\/em><\/p>\n<\/div>\n","protected":false},"excerpt":{"rendered":"<p>John Stones si z ned\u011bln\u00edho kl\u00e1n\u00ed proti Manchesteru United odnesl po\u0161kozen\u00ed vaz\u016f v kotn\u00edku, kter\u00e9 si vy\u017e\u00e1d\u00e1 operaci a dobu&hellip;<\/p>\n","protected":false},"author":6,"featured_media":1313,"comment_status":"open","ping_status":"closed","sticky":false,"template":"","format":"standard","meta":{"_eb_attr":"","_monsterinsights_skip_tracking":false,"_monsterinsights_sitenote_active":false,"_monsterinsights_sitenote_note":"","_monsterinsights_sitenote_category":0,"footnotes":""},"categories":[42],"tags":[],"yoast_head":"<!-- This site is optimized with the Yoast SEO plugin v23.4 - https:\/\/yoast.com\/wordpress\/plugins\/seo\/ -->\n<title>Stones podstoup\u00ed operaci - Official Czech &amp; Slovak Everton Supporters&#039; Club<\/title>\n<meta name=\"robots\" content=\"index, follow, max-snippet:-1, max-image-preview:large, max-video-preview:-1\" \/>\n<link rel=\"canonical\" href=\"https:\/\/evertonfc.cz\/index.php\/2014\/10\/09\/stones-podstoupi-operaci\/\" \/>\n<meta property=\"og:locale\" content=\"cs_CZ\" \/>\n<meta property=\"og:type\" content=\"article\" \/>\n<meta property=\"og:title\" content=\"Stones podstoup\u00ed operaci - Official Czech &amp; Slovak Everton Supporters&#039; Club\" \/>\n<meta property=\"og:description\" content=\"John Stones si z ned\u011bln\u00edho kl\u00e1n\u00ed proti Manchesteru United odnesl po\u0161kozen\u00ed vaz\u016f v kotn\u00edku, kter\u00e9 si vy\u017e\u00e1d\u00e1 operaci a dobu&hellip;\" \/>\n<meta property=\"og:url\" content=\"https:\/\/evertonfc.cz\/index.php\/2014\/10\/09\/stones-podstoupi-operaci\/\" \/>\n<meta property=\"og:site_name\" content=\"Official Czech &amp; Slovak Everton Supporters&#039; Club\" \/>\n<meta property=\"article:publisher\" content=\"https:\/\/www.facebook.com\/everton.fans.cz.sk\" \/>\n<meta property=\"article:published_time\" content=\"2014-10-09T13:45:50+00:00\" \/>\n<meta property=\"article:modified_time\" content=\"2019-02-13T22:05:19+00:00\" \/>\n<meta property=\"og:image\" content=\"https:\/\/evertonfc.cz\/wp-content\/uploads\/2019\/01\/news.jpg\" \/>\n\t<meta property=\"og:image:width\" content=\"720\" \/>\n\t<meta property=\"og:image:height\" content=\"405\" \/>\n\t<meta property=\"og:image:type\" content=\"image\/jpeg\" \/>\n<meta name=\"author\" content=\"Ri\u010di\" \/>\n<meta name=\"twitter:card\" content=\"summary_large_image\" \/>\n<meta name=\"twitter:creator\" content=\"@rbrejsa\" \/>\n<meta name=\"twitter:label1\" content=\"Napsal(a)\" \/>\n\t<meta name=\"twitter:data1\" content=\"Ri\u010di\" \/>\n\t<meta name=\"twitter:label2\" content=\"Odhadovan\u00e1 doba \u010dten\u00ed\" \/>\n\t<meta name=\"twitter:data2\" content=\"3 minuty\" \/>\n<script type=\"application\/ld+json\" class=\"yoast-schema-graph\">{\"@context\":\"https:\/\/schema.org\",\"@graph\":[{\"@type\":\"Article\",\"@id\":\"https:\/\/evertonfc.cz\/index.php\/2014\/10\/09\/stones-podstoupi-operaci\/#article\",\"isPartOf\":{\"@id\":\"https:\/\/evertonfc.cz\/index.php\/2014\/10\/09\/stones-podstoupi-operaci\/\"},\"author\":{\"name\":\"Ri\u010di\",\"@id\":\"https:\/\/evertonfc.cz\/#\/schema\/person\/f7a5daedb2ffee98480bc70e191aaef1\"},\"headline\":\"Stones podstoup\u00ed operaci\",\"datePublished\":\"2014-10-09T13:45:50+00:00\",\"dateModified\":\"2019-02-13T22:05:19+00:00\",\"mainEntityOfPage\":{\"@id\":\"https:\/\/evertonfc.cz\/index.php\/2014\/10\/09\/stones-podstoupi-operaci\/\"},\"wordCount\":558,\"commentCount\":0,\"publisher\":{\"@id\":\"https:\/\/evertonfc.cz\/#organization\"},\"image\":{\"@id\":\"https:\/\/evertonfc.cz\/index.php\/2014\/10\/09\/stones-podstoupi-operaci\/#primaryimage\"},\"thumbnailUrl\":\"https:\/\/evertonfc.cz\/wp-content\/uploads\/2019\/01\/news.jpg\",\"articleSection\":[\"Aktuality\"],\"inLanguage\":\"cs\",\"potentialAction\":[{\"@type\":\"CommentAction\",\"name\":\"Comment\",\"target\":[\"https:\/\/evertonfc.cz\/index.php\/2014\/10\/09\/stones-podstoupi-operaci\/#respond\"]}]},{\"@type\":\"WebPage\",\"@id\":\"https:\/\/evertonfc.cz\/index.php\/2014\/10\/09\/stones-podstoupi-operaci\/\",\"url\":\"https:\/\/evertonfc.cz\/index.php\/2014\/10\/09\/stones-podstoupi-operaci\/\",\"name\":\"Stones podstoup\u00ed operaci - Official Czech &amp; Slovak Everton Supporters&#039; Club\",\"isPartOf\":{\"@id\":\"https:\/\/evertonfc.cz\/#website\"},\"primaryImageOfPage\":{\"@id\":\"https:\/\/evertonfc.cz\/index.php\/2014\/10\/09\/stones-podstoupi-operaci\/#primaryimage\"},\"image\":{\"@id\":\"https:\/\/evertonfc.cz\/index.php\/2014\/10\/09\/stones-podstoupi-operaci\/#primaryimage\"},\"thumbnailUrl\":\"https:\/\/evertonfc.cz\/wp-content\/uploads\/2019\/01\/news.jpg\",\"datePublished\":\"2014-10-09T13:45:50+00:00\",\"dateModified\":\"2019-02-13T22:05:19+00:00\",\"breadcrumb\":{\"@id\":\"https:\/\/evertonfc.cz\/index.php\/2014\/10\/09\/stones-podstoupi-operaci\/#breadcrumb\"},\"inLanguage\":\"cs\",\"potentialAction\":[{\"@type\":\"ReadAction\",\"target\":[\"https:\/\/evertonfc.cz\/index.php\/2014\/10\/09\/stones-podstoupi-operaci\/\"]}]},{\"@type\":\"ImageObject\",\"inLanguage\":\"cs\",\"@id\":\"https:\/\/evertonfc.cz\/index.php\/2014\/10\/09\/stones-podstoupi-operaci\/#primaryimage\",\"url\":\"https:\/\/evertonfc.cz\/wp-content\/uploads\/2019\/01\/news.jpg\",\"contentUrl\":\"https:\/\/evertonfc.cz\/wp-content\/uploads\/2019\/01\/news.jpg\",\"width\":720,\"height\":405},{\"@type\":\"BreadcrumbList\",\"@id\":\"https:\/\/evertonfc.cz\/index.php\/2014\/10\/09\/stones-podstoupi-operaci\/#breadcrumb\",\"itemListElement\":[{\"@type\":\"ListItem\",\"position\":1,\"name\":\"Home\",\"item\":\"https:\/\/evertonfc.cz\/\"},{\"@type\":\"ListItem\",\"position\":2,\"name\":\"Stones podstoup\u00ed operaci\"}]},{\"@type\":\"WebSite\",\"@id\":\"https:\/\/evertonfc.cz\/#website\",\"url\":\"https:\/\/evertonfc.cz\/\",\"name\":\"Official Czech &amp; Slovak Everton Supporters&#039; Club\",\"description\":\"\",\"publisher\":{\"@id\":\"https:\/\/evertonfc.cz\/#organization\"},\"potentialAction\":[{\"@type\":\"SearchAction\",\"target\":{\"@type\":\"EntryPoint\",\"urlTemplate\":\"https:\/\/evertonfc.cz\/?s={search_term_string}\"},\"query-input\":{\"@type\":\"PropertyValueSpecification\",\"valueRequired\":true,\"valueName\":\"search_term_string\"}}],\"inLanguage\":\"cs\"},{\"@type\":\"Organization\",\"@id\":\"https:\/\/evertonfc.cz\/#organization\",\"name\":\"Official Czech & Slovak Everton Supporters' Club\",\"url\":\"https:\/\/evertonfc.cz\/\",\"logo\":{\"@type\":\"ImageObject\",\"inLanguage\":\"cs\",\"@id\":\"https:\/\/evertonfc.cz\/#\/schema\/logo\/image\/\",\"url\":\"https:\/\/evertonfc.cz\/wp-content\/uploads\/2019\/05\/logo.png\",\"contentUrl\":\"https:\/\/evertonfc.cz\/wp-content\/uploads\/2019\/05\/logo.png\",\"width\":112,\"height\":112,\"caption\":\"Official Czech & Slovak Everton Supporters' Club\"},\"image\":{\"@id\":\"https:\/\/evertonfc.cz\/#\/schema\/logo\/image\/\"},\"sameAs\":[\"https:\/\/www.facebook.com\/everton.fans.cz.sk\"]},{\"@type\":\"Person\",\"@id\":\"https:\/\/evertonfc.cz\/#\/schema\/person\/f7a5daedb2ffee98480bc70e191aaef1\",\"name\":\"Ri\u010di\",\"sameAs\":[\"https:\/\/x.com\/rbrejsa\"],\"url\":\"https:\/\/evertonfc.cz\/index.php\/author\/rici\/\"}]}<\/script>\n<!-- \/ Yoast SEO plugin. -->","yoast_head_json":{"title":"Stones podstoup\u00ed operaci - Official Czech &amp; Slovak Everton Supporters&#039; Club","robots":{"index":"index","follow":"follow","max-snippet":"max-snippet:-1","max-image-preview":"max-image-preview:large","max-video-preview":"max-video-preview:-1"},"canonical":"https:\/\/evertonfc.cz\/index.php\/2014\/10\/09\/stones-podstoupi-operaci\/","og_locale":"cs_CZ","og_type":"article","og_title":"Stones podstoup\u00ed operaci - Official Czech &amp; Slovak Everton Supporters&#039; Club","og_description":"John Stones si z ned\u011bln\u00edho kl\u00e1n\u00ed proti Manchesteru United odnesl po\u0161kozen\u00ed vaz\u016f v kotn\u00edku, kter\u00e9 si vy\u017e\u00e1d\u00e1 operaci a dobu&hellip;","og_url":"https:\/\/evertonfc.cz\/index.php\/2014\/10\/09\/stones-podstoupi-operaci\/","og_site_name":"Official Czech &amp; Slovak Everton Supporters&#039; Club","article_publisher":"https:\/\/www.facebook.com\/everton.fans.cz.sk","article_published_time":"2014-10-09T13:45:50+00:00","article_modified_time":"2019-02-13T22:05:19+00:00","og_image":[{"width":720,"height":405,"url":"https:\/\/evertonfc.cz\/wp-content\/uploads\/2019\/01\/news.jpg","type":"image\/jpeg"}],"author":"Ri\u010di","twitter_card":"summary_large_image","twitter_creator":"@rbrejsa","twitter_misc":{"Napsal(a)":"Ri\u010di","Odhadovan\u00e1 doba \u010dten\u00ed":"3 minuty"},"schema":{"@context":"https:\/\/schema.org","@graph":[{"@type":"Article","@id":"https:\/\/evertonfc.cz\/index.php\/2014\/10\/09\/stones-podstoupi-operaci\/#article","isPartOf":{"@id":"https:\/\/evertonfc.cz\/index.php\/2014\/10\/09\/stones-podstoupi-operaci\/"},"author":{"name":"Ri\u010di","@id":"https:\/\/evertonfc.cz\/#\/schema\/person\/f7a5daedb2ffee98480bc70e191aaef1"},"headline":"Stones podstoup\u00ed operaci","datePublished":"2014-10-09T13:45:50+00:00","dateModified":"2019-02-13T22:05:19+00:00","mainEntityOfPage":{"@id":"https:\/\/evertonfc.cz\/index.php\/2014\/10\/09\/stones-podstoupi-operaci\/"},"wordCount":558,"commentCount":0,"publisher":{"@id":"https:\/\/evertonfc.cz\/#organization"},"image":{"@id":"https:\/\/evertonfc.cz\/index.php\/2014\/10\/09\/stones-podstoupi-operaci\/#primaryimage"},"thumbnailUrl":"https:\/\/evertonfc.cz\/wp-content\/uploads\/2019\/01\/news.jpg","articleSection":["Aktuality"],"inLanguage":"cs","potentialAction":[{"@type":"CommentAction","name":"Comment","target":["https:\/\/evertonfc.cz\/index.php\/2014\/10\/09\/stones-podstoupi-operaci\/#respond"]}]},{"@type":"WebPage","@id":"https:\/\/evertonfc.cz\/index.php\/2014\/10\/09\/stones-podstoupi-operaci\/","url":"https:\/\/evertonfc.cz\/index.php\/2014\/10\/09\/stones-podstoupi-operaci\/","name":"Stones podstoup\u00ed operaci - Official Czech &amp; Slovak Everton Supporters&#039; Club","isPartOf":{"@id":"https:\/\/evertonfc.cz\/#website"},"primaryImageOfPage":{"@id":"https:\/\/evertonfc.cz\/index.php\/2014\/10\/09\/stones-podstoupi-operaci\/#primaryimage"},"image":{"@id":"https:\/\/evertonfc.cz\/index.php\/2014\/10\/09\/stones-podstoupi-operaci\/#primaryimage"},"thumbnailUrl":"https:\/\/evertonfc.cz\/wp-content\/uploads\/2019\/01\/news.jpg","datePublished":"2014-10-09T13:45:50+00:00","dateModified":"2019-02-13T22:05:19+00:00","breadcrumb":{"@id":"https:\/\/evertonfc.cz\/index.php\/2014\/10\/09\/stones-podstoupi-operaci\/#breadcrumb"},"inLanguage":"cs","potentialAction":[{"@type":"ReadAction","target":["https:\/\/evertonfc.cz\/index.php\/2014\/10\/09\/stones-podstoupi-operaci\/"]}]},{"@type":"ImageObject","inLanguage":"cs","@id":"https:\/\/evertonfc.cz\/index.php\/2014\/10\/09\/stones-podstoupi-operaci\/#primaryimage","url":"https:\/\/evertonfc.cz\/wp-content\/uploads\/2019\/01\/news.jpg","contentUrl":"https:\/\/evertonfc.cz\/wp-content\/uploads\/2019\/01\/news.jpg","width":720,"height":405},{"@type":"BreadcrumbList","@id":"https:\/\/evertonfc.cz\/index.php\/2014\/10\/09\/stones-podstoupi-operaci\/#breadcrumb","itemListElement":[{"@type":"ListItem","position":1,"name":"Home","item":"https:\/\/evertonfc.cz\/"},{"@type":"ListItem","position":2,"name":"Stones podstoup\u00ed operaci"}]},{"@type":"WebSite","@id":"https:\/\/evertonfc.cz\/#website","url":"https:\/\/evertonfc.cz\/","name":"Official Czech &amp; Slovak Everton Supporters&#039; Club","description":"","publisher":{"@id":"https:\/\/evertonfc.cz\/#organization"},"potentialAction":[{"@type":"SearchAction","target":{"@type":"EntryPoint","urlTemplate":"https:\/\/evertonfc.cz\/?s={search_term_string}"},"query-input":{"@type":"PropertyValueSpecification","valueRequired":true,"valueName":"search_term_string"}}],"inLanguage":"cs"},{"@type":"Organization","@id":"https:\/\/evertonfc.cz\/#organization","name":"Official Czech & Slovak Everton Supporters' Club","url":"https:\/\/evertonfc.cz\/","logo":{"@type":"ImageObject","inLanguage":"cs","@id":"https:\/\/evertonfc.cz\/#\/schema\/logo\/image\/","url":"https:\/\/evertonfc.cz\/wp-content\/uploads\/2019\/05\/logo.png","contentUrl":"https:\/\/evertonfc.cz\/wp-content\/uploads\/2019\/05\/logo.png","width":112,"height":112,"caption":"Official Czech & Slovak Everton Supporters' Club"},"image":{"@id":"https:\/\/evertonfc.cz\/#\/schema\/logo\/image\/"},"sameAs":["https:\/\/www.facebook.com\/everton.fans.cz.sk"]},{"@type":"Person","@id":"https:\/\/evertonfc.cz\/#\/schema\/person\/f7a5daedb2ffee98480bc70e191aaef1","name":"Ri\u010di","sameAs":["https:\/\/x.com\/rbrejsa"],"url":"https:\/\/evertonfc.cz\/index.php\/author\/rici\/"}]}},"_links":{"self":[{"href":"https:\/\/evertonfc.cz\/index.php\/wp-json\/wp\/v2\/posts\/4607"}],"collection":[{"href":"https:\/\/evertonfc.cz\/index.php\/wp-json\/wp\/v2\/posts"}],"about":[{"href":"https:\/\/evertonfc.cz\/index.php\/wp-json\/wp\/v2\/types\/post"}],"author":[{"embeddable":true,"href":"https:\/\/evertonfc.cz\/index.php\/wp-json\/wp\/v2\/users\/6"}],"replies":[{"embeddable":true,"href":"https:\/\/evertonfc.cz\/index.php\/wp-json\/wp\/v2\/comments?post=4607"}],"version-history":[{"count":3,"href":"https:\/\/evertonfc.cz\/index.php\/wp-json\/wp\/v2\/posts\/4607\/revisions"}],"predecessor-version":[{"id":4879,"href":"https:\/\/evertonfc.cz\/index.php\/wp-json\/wp\/v2\/posts\/4607\/revisions\/4879"}],"wp:featuredmedia":[{"embeddable":true,"href":"https:\/\/evertonfc.cz\/index.php\/wp-json\/wp\/v2\/media\/1313"}],"wp:attachment":[{"href":"https:\/\/evertonfc.cz\/index.php\/wp-json\/wp\/v2\/media?parent=4607"}],"wp:term":[{"taxonomy":"category","embeddable":true,"href":"https:\/\/evertonfc.cz\/index.php\/wp-json\/wp\/v2\/categories?post=4607"},{"taxonomy":"post_tag","embeddable":true,"href":"https:\/\/evertonfc.cz\/index.php\/wp-json\/wp\/v2\/tags?post=4607"}],"curies":[{"name":"wp","href":"https:\/\/api.w.org\/{rel}","templated":true}]}}