{"id":4609,"date":"2014-10-05T15:46:57","date_gmt":"2014-10-05T13:46:57","guid":{"rendered":"http:\/\/evertonfc.cz\/?p=4609"},"modified":"2019-02-13T23:05:37","modified_gmt":"2019-02-13T22:05:37","slug":"manchester-united-everton-21-2","status":"publish","type":"post","link":"https:\/\/evertonfc.cz\/index.php\/2014\/10\/05\/manchester-united-everton-21-2\/","title":{"rendered":"Manchester United &#8211; Everton 2:1"},"content":{"rendered":"<h4 id=\"NewsPostDetailSummary\">Nep\u0159esv\u011bd\u010div\u00e9. Tak se d\u00e1 shrnout jednoslovn\u011b hodnocen\u00ed v\u00fdkonu, kter\u00fd Everton na Old Trafford p\u0159edvedl. A na bod \u010di body to samoz\u0159ejm\u011b nesta\u010dilo. I kv\u016fli neprom\u011bn\u011bn\u00e9 penalt\u011b.<\/h4>\n<div id=\"NewsPostDetailContent\">\n<p>Trojice Distin-Coleman-McCarthy se nezvl\u00e1dla zotavit a tak nebyla nominov\u00e1na k z\u00e1pasu. T\u00edm se po\u010det marod\u016f rozrostl na p\u011bt \/je\u0161t\u011b Mirallas a Barkley\/. Naopak u\u017e byl k dispozici Pienaar, kter\u00fd tak nastoupil na sv\u00e9 obvykl\u00e9 pozici lev\u00e9ho z\u00e1lo\u017en\u00edka. T\u00edm se Aiden McGeady p\u0159esunul doprava a pod Lukakem operoval obvykl\u00fd podhrot Naismith. Na prav\u00e9m obr\u00e1nci pokra\u010doval Tony Hibbert. V t\u00fdmu soupe\u0159e dle o\u010dek\u00e1v\u00e1n\u00ed nahradil potrestan\u00e9ho Rooneyho Juan Mata a b\u00fdval\u00fd hr\u00e1\u010d karamelek Fellaini usedl na lavi\u010dku.<\/p>\n<p>Ve \u010dtvrt\u00e9 minut\u011b se zrodila prvn\u00ed \u0161ance utk\u00e1n\u00ed. Po centru Shawa musel zasahovat Howard, o t\u0159i minuty pozd\u011bji st\u0159\u00edlel nad van Persie po p\u0159ihr\u00e1vce Di Mar\u00edi. Holan\u010fan kr\u00e1tce pot\u00e9 dostal \u017elutou kartu, kdy\u017e ve st\u0159edu h\u0159i\u0161t\u011b zajel frustrovan\u011b do Barryho. Prvn\u00ed roh Toffees branku nep\u0159inesl, o p\u011bt minut pozd\u011bji srovnal sk\u00f3re \u017elut\u00fdch karet Besi\u0107, kdy\u017e zfauloval Falcaa. Prakticky v\u0161e, co ud\u011blala \u00da\u010dka sm\u011brem dop\u0159edu, hlavn\u011b v prvn\u00ed p\u016fli, \u0161lo p\u0159es Di Mar\u00edu, nejlep\u0161\u00edho hr\u00e1\u010de utk\u00e1n\u00ed. Pot\u00e9, co po jeho dal\u0161\u00ed p\u0159ihr\u00e1vce netrefil br\u00e1nu op\u011bt Falcao, vzal zakon\u010den\u00ed na sebe.<\/p>\n<p>A trefil. Ale pro Everton to byl hloup\u00fd g\u00f3l. Pienaar fauloval u velk\u00e9ho v\u00e1pna soupe\u0159e a dostal \u017elutou. N\u00e1sledn\u011b zasprintoval po sv\u00e9 obvykl\u00e9 prav\u00e9 stran\u011b Rafael, p\u0159eta\u017een\u00fdm centrem na\u0161el na zadn\u00ed ty\u010di Matu, jeho\u017e p\u0159i\u0165uknut\u00ed trefil z prvn\u00ed do s\u00edt\u011b pr\u00e1v\u011b argentinsk\u00fd dvojn\u00edk Franze Kafky. Zaslou\u017een\u00e9 veden\u00ed pro dom\u00e1c\u00ed. Pot\u00e9 dostal \u017elutou Daley Blind za p\u0159ebrou\u0161en\u00ed Naismithe a karamelky za\u010daly hru vyrovn\u00e1vat. D\u016fkazem toho byla \u0161ance Lukakua po dlouh\u00e9 p\u0159ihr\u00e1vce Bainese, kdy belgick\u00fd \u00fato\u010dn\u00edk poprv\u00e9 unikl mlad\u00e9mu stoperovi soupe\u0159e McNirovi, ale p\u0159est\u0159elil.<\/p>\n<p>Po dal\u0161\u00ed st\u0159ele Falcaa vedle se stal z\u00e1zrak. Hibbert si narazil s Pienaarem a byl ve velk\u00e9m v\u00e1pn\u011b faulovan\u00fd Shawem. Ano, Hibbert. Na Old Trafford. Rozhod\u010d\u00ed Kevin Friend s na\u0159\u00edzen\u00edm evidentn\u00ed penalty nev\u00e1hal a k m\u00ed\u010di se postavil obvykl\u00fd a spolehliv\u00fd exekutor Leighton Baines. A jestli\u017ee penalta p\u00edsknut\u00e1 po faulu na Hibberta znamen\u00e1 zamrznut\u00ed p\u016flky pekla, tak tady definitivn\u011b zamrzla druh\u00e1 p\u016flka. \u0160patn\u011b kopnutou penaltu De Gea vyrazil a stal se tak prvn\u00edm brank\u00e1\u0159em, kter\u00fd lev\u00e9mu obr\u00e1nci Evertonu chytil penaltu. Prvn\u00ed neprom\u011bn\u011bn\u00ed penalty na patn\u00e1ct\u00fd pokus. A do \u0161aten se tedy \u0161lo za stavu 1:0 pro dom\u00e1c\u00ed.<\/p>\n<p>Druh\u00fd polo\u010das za\u010dal beze zm\u011bn v sestav\u00e1ch a po n\u011bkolika obvykl\u00fdch souhr\u00e1ch Di Mar\u00eda p\u0159ihr\u00e1v\u00e1\/centruje-Falcao zakon\u010duje srovnal Everton. Valencia dvakr\u00e1t fauloval, za druh\u00fd faul vid\u011bl \u017elutou kartu. K trest\u0148\u00e1ku se postavil Baines a p\u0159ihr\u00e1l nakr\u00e1tko Barrymu. Ten mu m\u00ed\u010d vr\u00e1til a n\u00e1sledn\u00fd kr\u00e1sn\u00fd centr evertonsk\u00e9 trojky prom\u011bnil Naismith ve vyrovn\u00e1n\u00ed hlavi\u010dkou z mal\u00e9ho v\u00e1pna &#8211; 1:1. Kr\u00e1tce pot\u00e9 po rohu hlavi\u010dkoval Jagielka a pouze vykopnut\u00ed Falcaa z \u010d\u00e1ry zabr\u00e1nilo Evertonu v rychl\u00e9m oto\u010den\u00ed sk\u00f3re.<\/p>\n<p>Nicm\u00e9n\u011b se projevilo ono star\u00e9 zn\u00e1m\u00e9 ok\u0159\u00eddlen\u00e9 ned\u00e1\u0161-dostane\u0161. A\u010d byla Jagielkova hlavi\u010dka sp\u00ed\u0161e p\u0159\u00edle\u017eitost\u00ed ne\u017e \u0161anc\u00ed, tak to \u00da\u010dka vzala opravdu jako d\u016fkladn\u00e9 varov\u00e1n\u00ed a rychle se znovu ujala veden\u00ed. Everton nechal vyst\u0159elit Di Mar\u00ediu zpoza v\u00e1pna a Falcao si te\u010d\/prodlou\u017een\u00ed do s\u00edt\u011b z osmi metr\u016f na\u010dasoval skv\u011ble &#8211; 2:1. Everton pot\u00e9 za\u010dal b\u00fdt aktivn\u011bj\u0161\u00ed a vynutil si m\u00edrn\u00fd tlak. Na tr\u00e1vn\u00edk p\u0159i\u0161el Oviedo za Pienaara a Browning za Hibberta.<\/p>\n<p>Nejv\u011bt\u0161\u00ed \u0161ance na vyrovn\u00e1n\u00ed m\u011bli Toffees v posledn\u00ed p\u011btiminutovce. V 87. minut\u011b se k zakon\u010den\u00ed z hranice \u0161estn\u00e1ctky dostal Osman a po\u0159\u00e1dn\u011b vypr\u00e1\u0161il rukavice De Geovi. Ten odvr\u00e1til na roh. O \u010dty\u0159i minuti pozd\u011bji to sam\u00e9, stejn\u00e9 obsazen\u00ed, stejn\u00fd v\u00fdsledek, ale snad je\u0161t\u011b lep\u0161\u00ed z\u00e1krok brank\u00e1\u0159e. P\u0159itom ob\u011b st\u0159ely se Osmanovi, kter\u00fd b\u00fdv\u00e1 za razanci sv\u00fdch st\u0159el kritizov\u00e1n, docela povedly. Ale ta \u00fapln\u011b nejv\u011bt\u0161\u00ed \u0161ance p\u0159i\u0161la v sam\u00e9m z\u00e1v\u011bru. Pot\u00e9, co byl J. Wilson ocen\u011bn \u017elutou kartu za sta\u017een\u00ed Banese se po rozehran\u00e9m trestn\u00e9m kopu dostal ke st\u0159ele Barry, m\u00ed\u010d byl sra\u017een Blackettem na roh. A po n\u011bm se asi metr za velk\u00fdm v\u00e1pnem dostal k halfvoleji, t\u011b\u017ek\u00fdm kopem, Oviedo, m\u00ed\u0159il pod b\u0159evno, ale De Gea opravdu skv\u011bl\u00fdm z\u00e1krokem zachr\u00e1nil soupe\u0159i v\u00fdhru. V z\u00e1v\u011bru je\u0161t\u011b dostal \u017elutou kartu Howard po rozep\u0159i s van Persiem a Stones si zranil kotn\u00edk, m\u00e1 n\u011bco s vazy.<\/p>\n<p>Za Everton bych pochv\u00e1lil Naismithe, Stonese a Bainese, naopak bych zkritizoval Lukaka, Besi\u0107e a McGeadyho. U soupe\u0159e se nepochybn\u011b da\u0159ilo trojici De Gea-Falcao-Di Mar\u00eda, naopak m\u011b zklamal Rojo, van Persie a Valencia.<\/p>\n<p>Highlights naleznete na\u00a0<a href=\"http:\/\/www.evertonfc.com\/evertontv\/archive\/2014\/10\/05\/manchester-united-2-1-everton-20-minute-highlights\" target=\"_blank\" rel=\"noopener\">ofici\u00e1ln\u00edch str\u00e1nk\u00e1ch<\/a>\u00a0nebo\u00a0<a href=\"http:\/\/footyroom.com\/manchester-united-2-1-everton-2014-10\/\" target=\"_blank\" rel=\"noopener\">zde<\/a>.<\/p>\n<p><strong>Branky:\u00a0<\/strong>27. \u00c1ngel Di Mar\u00eda, 62. Falcao &#8211; 55. Steven Naismith<br \/>\n<strong>\u017dK:<\/strong>\u00a09. Robin van Persie, 31. Daley Blind, 55. Luis Valencia, 90. James Wilson &#8211; 17. Muhamed Be\u0161i\u0107, 26. Steven Pienaar, 90. Tim Howard<br \/>\n<strong>Manchester United:<\/strong>\u00a0David de Gea, Rafael, Luke Shaw (71. Tyler Blackett), Marcos Rojo, Patrick McNair, \u00c1ngel Di Mar\u00eda, Juan Manuel Mata, Daley Blind, Luis Valencia (79. Marouane Fellaini), Falcao (73. James Wilson), Robin van Persie<br \/>\n<strong>Everton FC:<\/strong>\u00a0Tim Howard, Tony Hibbert (78. Tyias Browning), Leighton Baines, Phil Jagielka, John Stones, Aiden McGeady (77. Leon Osman), Steven Naismith, Muhamed Be\u0161i\u0107, Gareth Barry, Steven Pienaar (64. Bryan Oviedo), Romelu Lukaku<br \/>\n<strong>Rozhod\u010d\u00ed:<\/strong>\u00a0Kevin Friend<br \/>\n<strong>Div\u00e1ci:<\/strong>\u00a075 294<\/p>\n<\/div>\n","protected":false},"excerpt":{"rendered":"<p>Nep\u0159esv\u011bd\u010div\u00e9. Tak se d\u00e1 shrnout jednoslovn\u011b hodnocen\u00ed v\u00fdkonu, kter\u00fd Everton na Old Trafford p\u0159edvedl. A na bod \u010di body to&hellip;<\/p>\n","protected":false},"author":12,"featured_media":1315,"comment_status":"open","ping_status":"closed","sticky":false,"template":"","format":"standard","meta":{"_eb_attr":"","_monsterinsights_skip_tracking":false,"_monsterinsights_sitenote_active":false,"_monsterinsights_sitenote_note":"","_monsterinsights_sitenote_category":0,"footnotes":""},"categories":[4],"tags":[],"yoast_head":"<!-- This site is optimized with the Yoast SEO plugin v23.4 - https:\/\/yoast.com\/wordpress\/plugins\/seo\/ -->\n<title>Manchester United - Everton 2:1 - Official Czech &amp; Slovak Everton Supporters&#039; Club<\/title>\n<meta name=\"robots\" content=\"index, follow, max-snippet:-1, max-image-preview:large, max-video-preview:-1\" \/>\n<link rel=\"canonical\" href=\"https:\/\/evertonfc.cz\/index.php\/2014\/10\/05\/manchester-united-everton-21-2\/\" \/>\n<meta property=\"og:locale\" content=\"cs_CZ\" \/>\n<meta property=\"og:type\" content=\"article\" \/>\n<meta property=\"og:title\" content=\"Manchester United - Everton 2:1 - Official Czech &amp; Slovak Everton Supporters&#039; Club\" \/>\n<meta property=\"og:description\" content=\"Nep\u0159esv\u011bd\u010div\u00e9. Tak se d\u00e1 shrnout jednoslovn\u011b hodnocen\u00ed v\u00fdkonu, kter\u00fd Everton na Old Trafford p\u0159edvedl. A na bod \u010di body to&hellip;\" \/>\n<meta property=\"og:url\" content=\"https:\/\/evertonfc.cz\/index.php\/2014\/10\/05\/manchester-united-everton-21-2\/\" \/>\n<meta property=\"og:site_name\" content=\"Official Czech &amp; Slovak Everton Supporters&#039; Club\" \/>\n<meta property=\"article:publisher\" content=\"https:\/\/www.facebook.com\/everton.fans.cz.sk\" \/>\n<meta property=\"article:published_time\" content=\"2014-10-05T13:46:57+00:00\" \/>\n<meta property=\"article:modified_time\" content=\"2019-02-13T22:05:37+00:00\" \/>\n<meta property=\"og:image\" content=\"https:\/\/evertonfc.cz\/wp-content\/uploads\/2019\/01\/report.jpg\" \/>\n\t<meta property=\"og:image:width\" content=\"720\" \/>\n\t<meta property=\"og:image:height\" content=\"405\" \/>\n\t<meta property=\"og:image:type\" content=\"image\/jpeg\" \/>\n<meta name=\"author\" content=\"Javor\" \/>\n<meta name=\"twitter:card\" content=\"summary_large_image\" \/>\n<meta name=\"twitter:creator\" content=\"@LoudinJan\" \/>\n<meta name=\"twitter:label1\" content=\"Napsal(a)\" \/>\n\t<meta name=\"twitter:data1\" content=\"Javor\" \/>\n\t<meta name=\"twitter:label2\" content=\"Odhadovan\u00e1 doba \u010dten\u00ed\" \/>\n\t<meta name=\"twitter:data2\" content=\"5 minut\" \/>\n<script type=\"application\/ld+json\" class=\"yoast-schema-graph\">{\"@context\":\"https:\/\/schema.org\",\"@graph\":[{\"@type\":\"Article\",\"@id\":\"https:\/\/evertonfc.cz\/index.php\/2014\/10\/05\/manchester-united-everton-21-2\/#article\",\"isPartOf\":{\"@id\":\"https:\/\/evertonfc.cz\/index.php\/2014\/10\/05\/manchester-united-everton-21-2\/\"},\"author\":{\"name\":\"Javor\",\"@id\":\"https:\/\/evertonfc.cz\/#\/schema\/person\/b30daf6a5852f4811f8207a17ec1bf78\"},\"headline\":\"Manchester United &#8211; Everton 2:1\",\"datePublished\":\"2014-10-05T13:46:57+00:00\",\"dateModified\":\"2019-02-13T22:05:37+00:00\",\"mainEntityOfPage\":{\"@id\":\"https:\/\/evertonfc.cz\/index.php\/2014\/10\/05\/manchester-united-everton-21-2\/\"},\"wordCount\":1025,\"commentCount\":0,\"publisher\":{\"@id\":\"https:\/\/evertonfc.cz\/#organization\"},\"image\":{\"@id\":\"https:\/\/evertonfc.cz\/index.php\/2014\/10\/05\/manchester-united-everton-21-2\/#primaryimage\"},\"thumbnailUrl\":\"https:\/\/evertonfc.cz\/wp-content\/uploads\/2019\/01\/report.jpg\",\"articleSection\":[\"Z\u00e1pasy\"],\"inLanguage\":\"cs\",\"potentialAction\":[{\"@type\":\"CommentAction\",\"name\":\"Comment\",\"target\":[\"https:\/\/evertonfc.cz\/index.php\/2014\/10\/05\/manchester-united-everton-21-2\/#respond\"]}]},{\"@type\":\"WebPage\",\"@id\":\"https:\/\/evertonfc.cz\/index.php\/2014\/10\/05\/manchester-united-everton-21-2\/\",\"url\":\"https:\/\/evertonfc.cz\/index.php\/2014\/10\/05\/manchester-united-everton-21-2\/\",\"name\":\"Manchester United - Everton 2:1 - Official Czech &amp; Slovak Everton Supporters&#039; Club\",\"isPartOf\":{\"@id\":\"https:\/\/evertonfc.cz\/#website\"},\"primaryImageOfPage\":{\"@id\":\"https:\/\/evertonfc.cz\/index.php\/2014\/10\/05\/manchester-united-everton-21-2\/#primaryimage\"},\"image\":{\"@id\":\"https:\/\/evertonfc.cz\/index.php\/2014\/10\/05\/manchester-united-everton-21-2\/#primaryimage\"},\"thumbnailUrl\":\"https:\/\/evertonfc.cz\/wp-content\/uploads\/2019\/01\/report.jpg\",\"datePublished\":\"2014-10-05T13:46:57+00:00\",\"dateModified\":\"2019-02-13T22:05:37+00:00\",\"breadcrumb\":{\"@id\":\"https:\/\/evertonfc.cz\/index.php\/2014\/10\/05\/manchester-united-everton-21-2\/#breadcrumb\"},\"inLanguage\":\"cs\",\"potentialAction\":[{\"@type\":\"ReadAction\",\"target\":[\"https:\/\/evertonfc.cz\/index.php\/2014\/10\/05\/manchester-united-everton-21-2\/\"]}]},{\"@type\":\"ImageObject\",\"inLanguage\":\"cs\",\"@id\":\"https:\/\/evertonfc.cz\/index.php\/2014\/10\/05\/manchester-united-everton-21-2\/#primaryimage\",\"url\":\"https:\/\/evertonfc.cz\/wp-content\/uploads\/2019\/01\/report.jpg\",\"contentUrl\":\"https:\/\/evertonfc.cz\/wp-content\/uploads\/2019\/01\/report.jpg\",\"width\":720,\"height\":405},{\"@type\":\"BreadcrumbList\",\"@id\":\"https:\/\/evertonfc.cz\/index.php\/2014\/10\/05\/manchester-united-everton-21-2\/#breadcrumb\",\"itemListElement\":[{\"@type\":\"ListItem\",\"position\":1,\"name\":\"Home\",\"item\":\"https:\/\/evertonfc.cz\/\"},{\"@type\":\"ListItem\",\"position\":2,\"name\":\"Manchester United &#8211; Everton 2:1\"}]},{\"@type\":\"WebSite\",\"@id\":\"https:\/\/evertonfc.cz\/#website\",\"url\":\"https:\/\/evertonfc.cz\/\",\"name\":\"Official Czech &amp; Slovak Everton Supporters&#039; Club\",\"description\":\"\",\"publisher\":{\"@id\":\"https:\/\/evertonfc.cz\/#organization\"},\"potentialAction\":[{\"@type\":\"SearchAction\",\"target\":{\"@type\":\"EntryPoint\",\"urlTemplate\":\"https:\/\/evertonfc.cz\/?s={search_term_string}\"},\"query-input\":{\"@type\":\"PropertyValueSpecification\",\"valueRequired\":true,\"valueName\":\"search_term_string\"}}],\"inLanguage\":\"cs\"},{\"@type\":\"Organization\",\"@id\":\"https:\/\/evertonfc.cz\/#organization\",\"name\":\"Official Czech & Slovak Everton Supporters' Club\",\"url\":\"https:\/\/evertonfc.cz\/\",\"logo\":{\"@type\":\"ImageObject\",\"inLanguage\":\"cs\",\"@id\":\"https:\/\/evertonfc.cz\/#\/schema\/logo\/image\/\",\"url\":\"https:\/\/evertonfc.cz\/wp-content\/uploads\/2019\/05\/logo.png\",\"contentUrl\":\"https:\/\/evertonfc.cz\/wp-content\/uploads\/2019\/05\/logo.png\",\"width\":112,\"height\":112,\"caption\":\"Official Czech & Slovak Everton Supporters' Club\"},\"image\":{\"@id\":\"https:\/\/evertonfc.cz\/#\/schema\/logo\/image\/\"},\"sameAs\":[\"https:\/\/www.facebook.com\/everton.fans.cz.sk\"]},{\"@type\":\"Person\",\"@id\":\"https:\/\/evertonfc.cz\/#\/schema\/person\/b30daf6a5852f4811f8207a17ec1bf78\",\"name\":\"Javor\",\"sameAs\":[\"https:\/\/x.com\/LoudinJan\"],\"url\":\"https:\/\/evertonfc.cz\/index.php\/author\/javor\/\"}]}<\/script>\n<!-- \/ Yoast SEO plugin. -->","yoast_head_json":{"title":"Manchester United - Everton 2:1 - Official Czech &amp; Slovak Everton Supporters&#039; Club","robots":{"index":"index","follow":"follow","max-snippet":"max-snippet:-1","max-image-preview":"max-image-preview:large","max-video-preview":"max-video-preview:-1"},"canonical":"https:\/\/evertonfc.cz\/index.php\/2014\/10\/05\/manchester-united-everton-21-2\/","og_locale":"cs_CZ","og_type":"article","og_title":"Manchester United - Everton 2:1 - Official Czech &amp; Slovak Everton Supporters&#039; Club","og_description":"Nep\u0159esv\u011bd\u010div\u00e9. Tak se d\u00e1 shrnout jednoslovn\u011b hodnocen\u00ed v\u00fdkonu, kter\u00fd Everton na Old Trafford p\u0159edvedl. A na bod \u010di body to&hellip;","og_url":"https:\/\/evertonfc.cz\/index.php\/2014\/10\/05\/manchester-united-everton-21-2\/","og_site_name":"Official Czech &amp; Slovak Everton Supporters&#039; Club","article_publisher":"https:\/\/www.facebook.com\/everton.fans.cz.sk","article_published_time":"2014-10-05T13:46:57+00:00","article_modified_time":"2019-02-13T22:05:37+00:00","og_image":[{"width":720,"height":405,"url":"https:\/\/evertonfc.cz\/wp-content\/uploads\/2019\/01\/report.jpg","type":"image\/jpeg"}],"author":"Javor","twitter_card":"summary_large_image","twitter_creator":"@LoudinJan","twitter_misc":{"Napsal(a)":"Javor","Odhadovan\u00e1 doba \u010dten\u00ed":"5 minut"},"schema":{"@context":"https:\/\/schema.org","@graph":[{"@type":"Article","@id":"https:\/\/evertonfc.cz\/index.php\/2014\/10\/05\/manchester-united-everton-21-2\/#article","isPartOf":{"@id":"https:\/\/evertonfc.cz\/index.php\/2014\/10\/05\/manchester-united-everton-21-2\/"},"author":{"name":"Javor","@id":"https:\/\/evertonfc.cz\/#\/schema\/person\/b30daf6a5852f4811f8207a17ec1bf78"},"headline":"Manchester United &#8211; Everton 2:1","datePublished":"2014-10-05T13:46:57+00:00","dateModified":"2019-02-13T22:05:37+00:00","mainEntityOfPage":{"@id":"https:\/\/evertonfc.cz\/index.php\/2014\/10\/05\/manchester-united-everton-21-2\/"},"wordCount":1025,"commentCount":0,"publisher":{"@id":"https:\/\/evertonfc.cz\/#organization"},"image":{"@id":"https:\/\/evertonfc.cz\/index.php\/2014\/10\/05\/manchester-united-everton-21-2\/#primaryimage"},"thumbnailUrl":"https:\/\/evertonfc.cz\/wp-content\/uploads\/2019\/01\/report.jpg","articleSection":["Z\u00e1pasy"],"inLanguage":"cs","potentialAction":[{"@type":"CommentAction","name":"Comment","target":["https:\/\/evertonfc.cz\/index.php\/2014\/10\/05\/manchester-united-everton-21-2\/#respond"]}]},{"@type":"WebPage","@id":"https:\/\/evertonfc.cz\/index.php\/2014\/10\/05\/manchester-united-everton-21-2\/","url":"https:\/\/evertonfc.cz\/index.php\/2014\/10\/05\/manchester-united-everton-21-2\/","name":"Manchester United - Everton 2:1 - Official Czech &amp; Slovak Everton Supporters&#039; Club","isPartOf":{"@id":"https:\/\/evertonfc.cz\/#website"},"primaryImageOfPage":{"@id":"https:\/\/evertonfc.cz\/index.php\/2014\/10\/05\/manchester-united-everton-21-2\/#primaryimage"},"image":{"@id":"https:\/\/evertonfc.cz\/index.php\/2014\/10\/05\/manchester-united-everton-21-2\/#primaryimage"},"thumbnailUrl":"https:\/\/evertonfc.cz\/wp-content\/uploads\/2019\/01\/report.jpg","datePublished":"2014-10-05T13:46:57+00:00","dateModified":"2019-02-13T22:05:37+00:00","breadcrumb":{"@id":"https:\/\/evertonfc.cz\/index.php\/2014\/10\/05\/manchester-united-everton-21-2\/#breadcrumb"},"inLanguage":"cs","potentialAction":[{"@type":"ReadAction","target":["https:\/\/evertonfc.cz\/index.php\/2014\/10\/05\/manchester-united-everton-21-2\/"]}]},{"@type":"ImageObject","inLanguage":"cs","@id":"https:\/\/evertonfc.cz\/index.php\/2014\/10\/05\/manchester-united-everton-21-2\/#primaryimage","url":"https:\/\/evertonfc.cz\/wp-content\/uploads\/2019\/01\/report.jpg","contentUrl":"https:\/\/evertonfc.cz\/wp-content\/uploads\/2019\/01\/report.jpg","width":720,"height":405},{"@type":"BreadcrumbList","@id":"https:\/\/evertonfc.cz\/index.php\/2014\/10\/05\/manchester-united-everton-21-2\/#breadcrumb","itemListElement":[{"@type":"ListItem","position":1,"name":"Home","item":"https:\/\/evertonfc.cz\/"},{"@type":"ListItem","position":2,"name":"Manchester United &#8211; Everton 2:1"}]},{"@type":"WebSite","@id":"https:\/\/evertonfc.cz\/#website","url":"https:\/\/evertonfc.cz\/","name":"Official Czech &amp; Slovak Everton Supporters&#039; Club","description":"","publisher":{"@id":"https:\/\/evertonfc.cz\/#organization"},"potentialAction":[{"@type":"SearchAction","target":{"@type":"EntryPoint","urlTemplate":"https:\/\/evertonfc.cz\/?s={search_term_string}"},"query-input":{"@type":"PropertyValueSpecification","valueRequired":true,"valueName":"search_term_string"}}],"inLanguage":"cs"},{"@type":"Organization","@id":"https:\/\/evertonfc.cz\/#organization","name":"Official Czech & Slovak Everton Supporters' Club","url":"https:\/\/evertonfc.cz\/","logo":{"@type":"ImageObject","inLanguage":"cs","@id":"https:\/\/evertonfc.cz\/#\/schema\/logo\/image\/","url":"https:\/\/evertonfc.cz\/wp-content\/uploads\/2019\/05\/logo.png","contentUrl":"https:\/\/evertonfc.cz\/wp-content\/uploads\/2019\/05\/logo.png","width":112,"height":112,"caption":"Official Czech & Slovak Everton Supporters' Club"},"image":{"@id":"https:\/\/evertonfc.cz\/#\/schema\/logo\/image\/"},"sameAs":["https:\/\/www.facebook.com\/everton.fans.cz.sk"]},{"@type":"Person","@id":"https:\/\/evertonfc.cz\/#\/schema\/person\/b30daf6a5852f4811f8207a17ec1bf78","name":"Javor","sameAs":["https:\/\/x.com\/LoudinJan"],"url":"https:\/\/evertonfc.cz\/index.php\/author\/javor\/"}]}},"_links":{"self":[{"href":"https:\/\/evertonfc.cz\/index.php\/wp-json\/wp\/v2\/posts\/4609"}],"collection":[{"href":"https:\/\/evertonfc.cz\/index.php\/wp-json\/wp\/v2\/posts"}],"about":[{"href":"https:\/\/evertonfc.cz\/index.php\/wp-json\/wp\/v2\/types\/post"}],"author":[{"embeddable":true,"href":"https:\/\/evertonfc.cz\/index.php\/wp-json\/wp\/v2\/users\/12"}],"replies":[{"embeddable":true,"href":"https:\/\/evertonfc.cz\/index.php\/wp-json\/wp\/v2\/comments?post=4609"}],"version-history":[{"count":2,"href":"https:\/\/evertonfc.cz\/index.php\/wp-json\/wp\/v2\/posts\/4609\/revisions"}],"predecessor-version":[{"id":4880,"href":"https:\/\/evertonfc.cz\/index.php\/wp-json\/wp\/v2\/posts\/4609\/revisions\/4880"}],"wp:featuredmedia":[{"embeddable":true,"href":"https:\/\/evertonfc.cz\/index.php\/wp-json\/wp\/v2\/media\/1315"}],"wp:attachment":[{"href":"https:\/\/evertonfc.cz\/index.php\/wp-json\/wp\/v2\/media?parent=4609"}],"wp:term":[{"taxonomy":"category","embeddable":true,"href":"https:\/\/evertonfc.cz\/index.php\/wp-json\/wp\/v2\/categories?post=4609"},{"taxonomy":"post_tag","embeddable":true,"href":"https:\/\/evertonfc.cz\/index.php\/wp-json\/wp\/v2\/tags?post=4609"}],"curies":[{"name":"wp","href":"https:\/\/api.w.org\/{rel}","templated":true}]}}