{"id":4611,"date":"2014-10-03T15:48:01","date_gmt":"2014-10-03T13:48:01","guid":{"rendered":"http:\/\/evertonfc.cz\/?p=4611"},"modified":"2021-02-06T14:57:33","modified_gmt":"2021-02-06T13:57:33","slug":"preview-manchester-united-everton-6","status":"publish","type":"post","link":"https:\/\/evertonfc.cz\/index.php\/2014\/10\/03\/preview-manchester-united-everton-6\/","title":{"rendered":"Preview: Manchester United &#8211; Everton"},"content":{"rendered":"<h4 id=\"NewsPostDetailSummary\">Po n\u00e1vratu z Krasnodaru v p\u016fl \u010dtvrt\u00e9 dnes r\u00e1no liga ne\u010dek\u00e1. Slavn\u00fd Old Trafford, liga, t\u00e1paj\u00edc\u00ed \u00da\u010dka a p\u0159ed sez\u00f3nou p\u0159i\u0161ed\u0161\u00ed nov\u00fd pedantsk\u00fd Holan\u010fan jako\u017eto mana\u017eer na jejich lavi\u010dce. To v\u0161e k ned\u011bln\u00edmu ob\u011bdu. Chutn\u00e9 menu? Doufejme.<\/h4>\n<div id=\"NewsPostDetailContent\">\n<p>Na jihoz\u00e1pad\u011b od centra stoj\u00ed tenhle v\u00edce ne\u017e p\u011btasedmdes\u00e1titis\u00edcov\u00fd stadion. A u\u017e od roku 1910 na n\u011bm hraje t\u00fdm, jen\u017e vznikl p\u0159ejmenov\u00e1n\u00edm klubu Newton Heath a vstupem nov\u00fdch investor\u016f, tedy Manchester United. Stejn\u011b jako loni hraj\u00ed karamelky prvn\u00ed ligov\u00fd z\u00e1pas venku.<\/p>\n<p>A\u010d klub nepochybn\u011b pat\u0159\u00ed k t\u011bm \u00fasp\u011b\u0161n\u011bj\u0161\u00edm v anglick\u00e9m fotbale, a to od 50. let 20. stolet\u00ed, tak letos je tabulka po \u0161esti kolech \u0159ad\u00ed na sedm\u00e9 m\u00edsto. Jist\u011b, Everton je na tom h\u016f\u0159e. Ale zat\u00edm si na\u0161i ned\u011bln\u00ed hostitel\u00e9 p\u0159ipsali v\u00fdhry v lize pouze nad Queens Park Rangers (pravda, v\u00fdraznou, 4:0) a nad West Hamem United, tedy t\u00fdmy, jejich\u017e ambic\u00ed v lize je maxim\u00e1ln\u011b klidn\u00e1 z\u00e1chrana. A s Hammers p\u0159i\u0161li o vylou\u010den\u00e9ho Rooneyho (o tom v \u010dl\u00e1nku pozd\u011bji). Leccos nazna\u010dila u\u017e \u00favodn\u00ed prohra doma se Swansea City 1:2 v \u00fapln\u011b prvn\u00edm z\u00e1pase cel\u00e9 ligy. A dva nejhor\u0161\u00ed v\u00fdkony? Jednozna\u010dn\u011b prohra 3:5 na h\u0159i\u0161ti nov\u00e1\u010dka v Leicesteru, po kter\u00e9 pr\u00fd bylo v kabin\u011b hodn\u011b dusno. A v seznamu \u0161patn\u00fdch v\u00fdkon\u016f zat\u00edm \u010dn\u00ed na nejvy\u0161\u0161\u00ed p\u0159\u00ed\u010dce prohra 0:4 v Milton Keynes, kdy je takhle vyklepli v Ligov\u00e9m poh\u00e1ru m\u00edstn\u00ed t\u0159etiligov\u00ed Dons. Stru\u010dn\u011b a jasn\u011b, \u010derven\u00fdm by se t\u0159i body v ned\u011bli sakra hodily.<\/p>\n<p>Zm\u011bn bylo v l\u00e9t\u011b hodn\u011b. N\u011bkte\u0159\u00ed hr\u00e1\u010di dali t\u00fdmu ko\u0161em, proto\u017ee po dlouh\u00e9 dob\u011b Man U nehraj\u00ed evropsk\u00e9 poh\u00e1ry v\u016fbec. A tak\u00a0<strong>NEp\u0159i\u0161el<\/strong>\u00a0Sneijder, kter\u00fd je na hran\u00ed Ligy mistr\u016f zvykl\u00fd a naopak ze stejn\u00e9ho d\u016fvodu p\u0159estoupil do rusk\u00e9 ligy lev\u00fd obr\u00e1nce B\u00fcttner. Sou\u010dasn\u011b s odchodem ob\u010dasn\u00e9ho kapit\u00e1na Evry do Juventusu Tur\u00edn tak vyvstala ot\u00e1zka n\u00e1kupu nov\u00e9ho lev\u00e9ho obr\u00e1nce. Veden\u00ed klubu to vy\u0159e\u0161ilo n\u00e1kupem talentovan\u00e9ho Luka Shawa. Posledn\u00ed den p\u0159estup\u016f se ale poda\u0159ilo chytit v\u011bt\u0161\u00ed rybu. Na dvoulet\u00e9 hostov\u00e1n\u00ed p\u0159i\u0161la jedna z nej\u017e\u00e1dan\u011bj\u0161\u00edch dev\u00edtek na sv\u011bt\u011b, Kolumbijec Falcao. Mno\u017e\u00ed se zpr\u00e1vy, \u017ee v l\u00e9t\u011b bude hostov\u00e1n\u00ed zm\u011bn\u011bno v p\u0159estup. A z\u00e1rove\u0148 se poda\u0159ilo koupit z Realu ofenzivn\u00edho z\u00e1lo\u017en\u00edka, operuj\u00edc\u00edho obvykle na lev\u00e9m kraji, Argentince \u00c1ngela Di Mar\u00edu. Klub si tak dovolil prodat do Arsenalu anglick\u00e9ho \u00fato\u010dn\u00edka Welbecka. Na hostov\u00e1n\u00ed ode\u0161la trojice Chicarito-Cleverley-Zaha. Pohyb v k\u00e1dru tedy byl velk\u00fd a to nezmi\u0148uji odchody stoper\u016f Ferdinanda s Vidi\u0107em \u010di p\u0159\u00edchod argentinsk\u00e9ho obr\u00e1nce Roja.<\/p>\n<p>\u010clov\u011bk by tedy \u0159ekl, \u017ee kdy\u017e je k dispozici p\u011btice Van Persie-Rooney-Falcao-Di Mar\u00eda-Mata, tak st\u0159\u00edlen\u00ed branek nebude probl\u00e9m. To se potvrzuje, 11 branek je d\u011blen\u00e9 t\u0159et\u00ed m\u00edsto. Ale ta obrana.. Van Gaal ji prakticky od za\u010d\u00e1tku sez\u00f3ny lep\u00ed, jak m\u016f\u017ee, nov\u00fd st\u0159edn\u00ed obr\u00e1nce nep\u0159i\u0161el a tak v z\u00e1kladu hraj\u00ed nezn\u00e1m\u00ed mlad\u00edci jako McNair \u010di Blackett. Je to zp\u016fsobeno ale p\u0159edev\u0161\u00edm velkou marodkou. Chyb\u00ed zku\u0161enost, dost\u00e1v\u00e1 se hodn\u011b g\u00f3l\u016f, co\u017e kaz\u00ed sebev\u011bdom\u00ed&#8230;<\/p>\n<p>A t\u00edm se dost\u00e1v\u00e1me ke zran\u011bn\u00fdm a sestav\u00e1m. Van Gaal bude postr\u00e1dat n\u00e1sleduj\u00edc\u00ed osmi\u010dku: Herrera (se zlomen\u00fdm \u017eebrem toho fakt moc nenab\u011bh\u00e1te), Smalling, Evans, A. Young, Jones, Lingard, Carrick, Wilson. Tedy t\u0159i stope\u0159i mimo hru. A kdy\u017e se k tomu p\u0159ipo\u010d\u00edt\u00e1 potrestan\u00fd Rooney, kter\u00fd za vylou\u010den\u00ed z minul\u00e9ho utk\u00e1n\u00ed bude pykat 3 z\u00e1pasy, tak to je r\u00e1zem dev\u011bt lid\u00ed. Naproti tom ji\u017e t\u00fdden tr\u00e9nuje Fellaini a d\u00e1 se p\u0159edpokl\u00e1dat, \u017ee aspo\u0148 mezi n\u00e1hradn\u00edky bude. Z\u0159ejm\u011b si v z\u00e1kladu zahraje Mata.<\/p>\n<p>Everton \u00a0p\u0159i\u0161el na dva m\u011bs\u00edce o Mirallase a st\u00e1le se nev\u00ed, zda bude k dispozici Seamus Coleman. Naopak se ji\u017e uzdravil Steven Pienaar, o startu Jamese McCarthyho se rozhodne p\u0159ed z\u00e1pasem. Martinez dnes na p\u0159edz\u00e1pasov\u00e9 tiskov\u00e9 konferenci \u0159ekl, \u017ee douf\u00e1m, \u017ee Barkley p\u0159\u00ed\u0161t\u00ed t\u00fdden za\u010dne tr\u00e9novat s t\u00fdmem. A co si budeme pov\u00eddat, dostat dvakr\u00e1t pouze jednu branku, to pot\u011b\u0161\u00ed, \u010dili m\u00edrn\u00e9 obrann\u00e9 zlep\u0161en\u00ed je vid\u011bt.<\/p>\n<p>Samotn\u00fd Van Gaal odm\u00edtl my\u0161lenku, \u017ee po \u010dtvrte\u010dn\u00edm z\u00e1pase v Rusku by Everton m\u011bl b\u00fdt v nev\u00fdhod\u011b, proto\u017ee \u00fanava. Ke stylu hry Toffees a k z\u00e1pasu \u0159ekl toto: &#8222;Mus\u00edm \u0159\u00edct, \u017ee m\u00e1m r\u00e1d Everton, proto\u017ee cht\u011bj\u00ed hr\u00e1t fotbal tak, jak ho chci hr\u00e1t j\u00e1. Douf\u00e1m, \u017ee m\u016f\u017eeme h\u0159e dominovat, ale to oni budou cht\u00edt taky. Nejsp\u00ed\u0161 budou hr\u00e1t na proti\u00fatoky v\u00edce ne\u017e my.&#8220;<\/p>\n<p><strong>Co:\u00a0<\/strong>Manchester United\u00a0&#8211; Everton FC, 7. kolo Premier League<br \/>\n<strong>Kdy:<\/strong>\u00a05. 10. 2014 od 13:00 SE\u010c<br \/>\n<strong>Kde:<\/strong>\u00a0Old Trafford, Manchester (ale sp\u00ed\u0161e okol\u00ed), Anglie (kapacita:75 635)<br \/>\n<strong>Rozhod\u010d\u00ed:<\/strong>\u00a0Kevin Friend<\/p>\n<\/div>\n","protected":false},"excerpt":{"rendered":"<p>Po n\u00e1vratu z Krasnodaru v p\u016fl \u010dtvrt\u00e9 dnes r\u00e1no liga ne\u010dek\u00e1. Slavn\u00fd Old Trafford, liga, t\u00e1paj\u00edc\u00ed \u00da\u010dka a p\u0159ed sez\u00f3nou&hellip;<\/p>\n","protected":false},"author":12,"featured_media":13968,"comment_status":"open","ping_status":"closed","sticky":false,"template":"","format":"standard","meta":{"_eb_attr":"","_monsterinsights_skip_tracking":false,"_monsterinsights_sitenote_active":false,"_monsterinsights_sitenote_note":"","_monsterinsights_sitenote_category":0,"footnotes":""},"categories":[4],"tags":[],"yoast_head":"<!-- This site is optimized with the Yoast SEO plugin v23.4 - https:\/\/yoast.com\/wordpress\/plugins\/seo\/ -->\n<title>Preview: Manchester United - Everton - Official Czech &amp; Slovak Everton Supporters&#039; Club<\/title>\n<meta name=\"robots\" content=\"index, follow, max-snippet:-1, max-image-preview:large, max-video-preview:-1\" \/>\n<link rel=\"canonical\" href=\"https:\/\/evertonfc.cz\/index.php\/2014\/10\/03\/preview-manchester-united-everton-6\/\" \/>\n<meta property=\"og:locale\" content=\"cs_CZ\" \/>\n<meta property=\"og:type\" content=\"article\" \/>\n<meta property=\"og:title\" content=\"Preview: Manchester United - Everton - Official Czech &amp; Slovak Everton Supporters&#039; Club\" \/>\n<meta property=\"og:description\" content=\"Po n\u00e1vratu z Krasnodaru v p\u016fl \u010dtvrt\u00e9 dnes r\u00e1no liga ne\u010dek\u00e1. Slavn\u00fd Old Trafford, liga, t\u00e1paj\u00edc\u00ed \u00da\u010dka a p\u0159ed sez\u00f3nou&hellip;\" \/>\n<meta property=\"og:url\" content=\"https:\/\/evertonfc.cz\/index.php\/2014\/10\/03\/preview-manchester-united-everton-6\/\" \/>\n<meta property=\"og:site_name\" content=\"Official Czech &amp; Slovak Everton Supporters&#039; Club\" \/>\n<meta property=\"article:publisher\" content=\"https:\/\/www.facebook.com\/everton.fans.cz.sk\" \/>\n<meta property=\"article:published_time\" content=\"2014-10-03T13:48:01+00:00\" \/>\n<meta property=\"article:modified_time\" content=\"2021-02-06T13:57:33+00:00\" \/>\n<meta property=\"og:image\" content=\"https:\/\/evertonfc.cz\/wp-content\/uploads\/2021\/02\/Manchester-United-VS-Everton.jpg\" \/>\n\t<meta property=\"og:image:width\" content=\"720\" \/>\n\t<meta property=\"og:image:height\" content=\"405\" \/>\n\t<meta property=\"og:image:type\" content=\"image\/jpeg\" \/>\n<meta name=\"author\" content=\"Javor\" \/>\n<meta name=\"twitter:card\" content=\"summary_large_image\" \/>\n<meta name=\"twitter:creator\" content=\"@LoudinJan\" \/>\n<meta name=\"twitter:label1\" content=\"Napsal(a)\" \/>\n\t<meta name=\"twitter:data1\" content=\"Javor\" \/>\n\t<meta name=\"twitter:label2\" content=\"Odhadovan\u00e1 doba \u010dten\u00ed\" \/>\n\t<meta name=\"twitter:data2\" content=\"5 minut\" \/>\n<script type=\"application\/ld+json\" class=\"yoast-schema-graph\">{\"@context\":\"https:\/\/schema.org\",\"@graph\":[{\"@type\":\"Article\",\"@id\":\"https:\/\/evertonfc.cz\/index.php\/2014\/10\/03\/preview-manchester-united-everton-6\/#article\",\"isPartOf\":{\"@id\":\"https:\/\/evertonfc.cz\/index.php\/2014\/10\/03\/preview-manchester-united-everton-6\/\"},\"author\":{\"name\":\"Javor\",\"@id\":\"https:\/\/evertonfc.cz\/#\/schema\/person\/b30daf6a5852f4811f8207a17ec1bf78\"},\"headline\":\"Preview: Manchester United &#8211; Everton\",\"datePublished\":\"2014-10-03T13:48:01+00:00\",\"dateModified\":\"2021-02-06T13:57:33+00:00\",\"mainEntityOfPage\":{\"@id\":\"https:\/\/evertonfc.cz\/index.php\/2014\/10\/03\/preview-manchester-united-everton-6\/\"},\"wordCount\":922,\"commentCount\":0,\"publisher\":{\"@id\":\"https:\/\/evertonfc.cz\/#organization\"},\"image\":{\"@id\":\"https:\/\/evertonfc.cz\/index.php\/2014\/10\/03\/preview-manchester-united-everton-6\/#primaryimage\"},\"thumbnailUrl\":\"https:\/\/evertonfc.cz\/wp-content\/uploads\/2021\/02\/Manchester-United-VS-Everton.jpg\",\"articleSection\":[\"Z\u00e1pasy\"],\"inLanguage\":\"cs\",\"potentialAction\":[{\"@type\":\"CommentAction\",\"name\":\"Comment\",\"target\":[\"https:\/\/evertonfc.cz\/index.php\/2014\/10\/03\/preview-manchester-united-everton-6\/#respond\"]}]},{\"@type\":\"WebPage\",\"@id\":\"https:\/\/evertonfc.cz\/index.php\/2014\/10\/03\/preview-manchester-united-everton-6\/\",\"url\":\"https:\/\/evertonfc.cz\/index.php\/2014\/10\/03\/preview-manchester-united-everton-6\/\",\"name\":\"Preview: Manchester United - Everton - Official Czech &amp; Slovak Everton Supporters&#039; Club\",\"isPartOf\":{\"@id\":\"https:\/\/evertonfc.cz\/#website\"},\"primaryImageOfPage\":{\"@id\":\"https:\/\/evertonfc.cz\/index.php\/2014\/10\/03\/preview-manchester-united-everton-6\/#primaryimage\"},\"image\":{\"@id\":\"https:\/\/evertonfc.cz\/index.php\/2014\/10\/03\/preview-manchester-united-everton-6\/#primaryimage\"},\"thumbnailUrl\":\"https:\/\/evertonfc.cz\/wp-content\/uploads\/2021\/02\/Manchester-United-VS-Everton.jpg\",\"datePublished\":\"2014-10-03T13:48:01+00:00\",\"dateModified\":\"2021-02-06T13:57:33+00:00\",\"breadcrumb\":{\"@id\":\"https:\/\/evertonfc.cz\/index.php\/2014\/10\/03\/preview-manchester-united-everton-6\/#breadcrumb\"},\"inLanguage\":\"cs\",\"potentialAction\":[{\"@type\":\"ReadAction\",\"target\":[\"https:\/\/evertonfc.cz\/index.php\/2014\/10\/03\/preview-manchester-united-everton-6\/\"]}]},{\"@type\":\"ImageObject\",\"inLanguage\":\"cs\",\"@id\":\"https:\/\/evertonfc.cz\/index.php\/2014\/10\/03\/preview-manchester-united-everton-6\/#primaryimage\",\"url\":\"https:\/\/evertonfc.cz\/wp-content\/uploads\/2021\/02\/Manchester-United-VS-Everton.jpg\",\"contentUrl\":\"https:\/\/evertonfc.cz\/wp-content\/uploads\/2021\/02\/Manchester-United-VS-Everton.jpg\",\"width\":720,\"height\":405},{\"@type\":\"BreadcrumbList\",\"@id\":\"https:\/\/evertonfc.cz\/index.php\/2014\/10\/03\/preview-manchester-united-everton-6\/#breadcrumb\",\"itemListElement\":[{\"@type\":\"ListItem\",\"position\":1,\"name\":\"Home\",\"item\":\"https:\/\/evertonfc.cz\/\"},{\"@type\":\"ListItem\",\"position\":2,\"name\":\"Preview: Manchester United &#8211; Everton\"}]},{\"@type\":\"WebSite\",\"@id\":\"https:\/\/evertonfc.cz\/#website\",\"url\":\"https:\/\/evertonfc.cz\/\",\"name\":\"Official Czech &amp; Slovak Everton Supporters&#039; Club\",\"description\":\"\",\"publisher\":{\"@id\":\"https:\/\/evertonfc.cz\/#organization\"},\"potentialAction\":[{\"@type\":\"SearchAction\",\"target\":{\"@type\":\"EntryPoint\",\"urlTemplate\":\"https:\/\/evertonfc.cz\/?s={search_term_string}\"},\"query-input\":{\"@type\":\"PropertyValueSpecification\",\"valueRequired\":true,\"valueName\":\"search_term_string\"}}],\"inLanguage\":\"cs\"},{\"@type\":\"Organization\",\"@id\":\"https:\/\/evertonfc.cz\/#organization\",\"name\":\"Official Czech & Slovak Everton Supporters' Club\",\"url\":\"https:\/\/evertonfc.cz\/\",\"logo\":{\"@type\":\"ImageObject\",\"inLanguage\":\"cs\",\"@id\":\"https:\/\/evertonfc.cz\/#\/schema\/logo\/image\/\",\"url\":\"https:\/\/evertonfc.cz\/wp-content\/uploads\/2019\/05\/logo.png\",\"contentUrl\":\"https:\/\/evertonfc.cz\/wp-content\/uploads\/2019\/05\/logo.png\",\"width\":112,\"height\":112,\"caption\":\"Official Czech & Slovak Everton Supporters' Club\"},\"image\":{\"@id\":\"https:\/\/evertonfc.cz\/#\/schema\/logo\/image\/\"},\"sameAs\":[\"https:\/\/www.facebook.com\/everton.fans.cz.sk\"]},{\"@type\":\"Person\",\"@id\":\"https:\/\/evertonfc.cz\/#\/schema\/person\/b30daf6a5852f4811f8207a17ec1bf78\",\"name\":\"Javor\",\"sameAs\":[\"https:\/\/x.com\/LoudinJan\"],\"url\":\"https:\/\/evertonfc.cz\/index.php\/author\/javor\/\"}]}<\/script>\n<!-- \/ Yoast SEO plugin. -->","yoast_head_json":{"title":"Preview: Manchester United - Everton - Official Czech &amp; Slovak Everton Supporters&#039; Club","robots":{"index":"index","follow":"follow","max-snippet":"max-snippet:-1","max-image-preview":"max-image-preview:large","max-video-preview":"max-video-preview:-1"},"canonical":"https:\/\/evertonfc.cz\/index.php\/2014\/10\/03\/preview-manchester-united-everton-6\/","og_locale":"cs_CZ","og_type":"article","og_title":"Preview: Manchester United - Everton - Official Czech &amp; Slovak Everton Supporters&#039; Club","og_description":"Po n\u00e1vratu z Krasnodaru v p\u016fl \u010dtvrt\u00e9 dnes r\u00e1no liga ne\u010dek\u00e1. Slavn\u00fd Old Trafford, liga, t\u00e1paj\u00edc\u00ed \u00da\u010dka a p\u0159ed sez\u00f3nou&hellip;","og_url":"https:\/\/evertonfc.cz\/index.php\/2014\/10\/03\/preview-manchester-united-everton-6\/","og_site_name":"Official Czech &amp; Slovak Everton Supporters&#039; Club","article_publisher":"https:\/\/www.facebook.com\/everton.fans.cz.sk","article_published_time":"2014-10-03T13:48:01+00:00","article_modified_time":"2021-02-06T13:57:33+00:00","og_image":[{"width":720,"height":405,"url":"https:\/\/evertonfc.cz\/wp-content\/uploads\/2021\/02\/Manchester-United-VS-Everton.jpg","type":"image\/jpeg"}],"author":"Javor","twitter_card":"summary_large_image","twitter_creator":"@LoudinJan","twitter_misc":{"Napsal(a)":"Javor","Odhadovan\u00e1 doba \u010dten\u00ed":"5 minut"},"schema":{"@context":"https:\/\/schema.org","@graph":[{"@type":"Article","@id":"https:\/\/evertonfc.cz\/index.php\/2014\/10\/03\/preview-manchester-united-everton-6\/#article","isPartOf":{"@id":"https:\/\/evertonfc.cz\/index.php\/2014\/10\/03\/preview-manchester-united-everton-6\/"},"author":{"name":"Javor","@id":"https:\/\/evertonfc.cz\/#\/schema\/person\/b30daf6a5852f4811f8207a17ec1bf78"},"headline":"Preview: Manchester United &#8211; Everton","datePublished":"2014-10-03T13:48:01+00:00","dateModified":"2021-02-06T13:57:33+00:00","mainEntityOfPage":{"@id":"https:\/\/evertonfc.cz\/index.php\/2014\/10\/03\/preview-manchester-united-everton-6\/"},"wordCount":922,"commentCount":0,"publisher":{"@id":"https:\/\/evertonfc.cz\/#organization"},"image":{"@id":"https:\/\/evertonfc.cz\/index.php\/2014\/10\/03\/preview-manchester-united-everton-6\/#primaryimage"},"thumbnailUrl":"https:\/\/evertonfc.cz\/wp-content\/uploads\/2021\/02\/Manchester-United-VS-Everton.jpg","articleSection":["Z\u00e1pasy"],"inLanguage":"cs","potentialAction":[{"@type":"CommentAction","name":"Comment","target":["https:\/\/evertonfc.cz\/index.php\/2014\/10\/03\/preview-manchester-united-everton-6\/#respond"]}]},{"@type":"WebPage","@id":"https:\/\/evertonfc.cz\/index.php\/2014\/10\/03\/preview-manchester-united-everton-6\/","url":"https:\/\/evertonfc.cz\/index.php\/2014\/10\/03\/preview-manchester-united-everton-6\/","name":"Preview: Manchester United - Everton - Official Czech &amp; Slovak Everton Supporters&#039; Club","isPartOf":{"@id":"https:\/\/evertonfc.cz\/#website"},"primaryImageOfPage":{"@id":"https:\/\/evertonfc.cz\/index.php\/2014\/10\/03\/preview-manchester-united-everton-6\/#primaryimage"},"image":{"@id":"https:\/\/evertonfc.cz\/index.php\/2014\/10\/03\/preview-manchester-united-everton-6\/#primaryimage"},"thumbnailUrl":"https:\/\/evertonfc.cz\/wp-content\/uploads\/2021\/02\/Manchester-United-VS-Everton.jpg","datePublished":"2014-10-03T13:48:01+00:00","dateModified":"2021-02-06T13:57:33+00:00","breadcrumb":{"@id":"https:\/\/evertonfc.cz\/index.php\/2014\/10\/03\/preview-manchester-united-everton-6\/#breadcrumb"},"inLanguage":"cs","potentialAction":[{"@type":"ReadAction","target":["https:\/\/evertonfc.cz\/index.php\/2014\/10\/03\/preview-manchester-united-everton-6\/"]}]},{"@type":"ImageObject","inLanguage":"cs","@id":"https:\/\/evertonfc.cz\/index.php\/2014\/10\/03\/preview-manchester-united-everton-6\/#primaryimage","url":"https:\/\/evertonfc.cz\/wp-content\/uploads\/2021\/02\/Manchester-United-VS-Everton.jpg","contentUrl":"https:\/\/evertonfc.cz\/wp-content\/uploads\/2021\/02\/Manchester-United-VS-Everton.jpg","width":720,"height":405},{"@type":"BreadcrumbList","@id":"https:\/\/evertonfc.cz\/index.php\/2014\/10\/03\/preview-manchester-united-everton-6\/#breadcrumb","itemListElement":[{"@type":"ListItem","position":1,"name":"Home","item":"https:\/\/evertonfc.cz\/"},{"@type":"ListItem","position":2,"name":"Preview: Manchester United &#8211; Everton"}]},{"@type":"WebSite","@id":"https:\/\/evertonfc.cz\/#website","url":"https:\/\/evertonfc.cz\/","name":"Official Czech &amp; Slovak Everton Supporters&#039; Club","description":"","publisher":{"@id":"https:\/\/evertonfc.cz\/#organization"},"potentialAction":[{"@type":"SearchAction","target":{"@type":"EntryPoint","urlTemplate":"https:\/\/evertonfc.cz\/?s={search_term_string}"},"query-input":{"@type":"PropertyValueSpecification","valueRequired":true,"valueName":"search_term_string"}}],"inLanguage":"cs"},{"@type":"Organization","@id":"https:\/\/evertonfc.cz\/#organization","name":"Official Czech & Slovak Everton Supporters' Club","url":"https:\/\/evertonfc.cz\/","logo":{"@type":"ImageObject","inLanguage":"cs","@id":"https:\/\/evertonfc.cz\/#\/schema\/logo\/image\/","url":"https:\/\/evertonfc.cz\/wp-content\/uploads\/2019\/05\/logo.png","contentUrl":"https:\/\/evertonfc.cz\/wp-content\/uploads\/2019\/05\/logo.png","width":112,"height":112,"caption":"Official Czech & Slovak Everton Supporters' Club"},"image":{"@id":"https:\/\/evertonfc.cz\/#\/schema\/logo\/image\/"},"sameAs":["https:\/\/www.facebook.com\/everton.fans.cz.sk"]},{"@type":"Person","@id":"https:\/\/evertonfc.cz\/#\/schema\/person\/b30daf6a5852f4811f8207a17ec1bf78","name":"Javor","sameAs":["https:\/\/x.com\/LoudinJan"],"url":"https:\/\/evertonfc.cz\/index.php\/author\/javor\/"}]}},"_links":{"self":[{"href":"https:\/\/evertonfc.cz\/index.php\/wp-json\/wp\/v2\/posts\/4611"}],"collection":[{"href":"https:\/\/evertonfc.cz\/index.php\/wp-json\/wp\/v2\/posts"}],"about":[{"href":"https:\/\/evertonfc.cz\/index.php\/wp-json\/wp\/v2\/types\/post"}],"author":[{"embeddable":true,"href":"https:\/\/evertonfc.cz\/index.php\/wp-json\/wp\/v2\/users\/12"}],"replies":[{"embeddable":true,"href":"https:\/\/evertonfc.cz\/index.php\/wp-json\/wp\/v2\/comments?post=4611"}],"version-history":[{"count":3,"href":"https:\/\/evertonfc.cz\/index.php\/wp-json\/wp\/v2\/posts\/4611\/revisions"}],"predecessor-version":[{"id":4882,"href":"https:\/\/evertonfc.cz\/index.php\/wp-json\/wp\/v2\/posts\/4611\/revisions\/4882"}],"wp:featuredmedia":[{"embeddable":true,"href":"https:\/\/evertonfc.cz\/index.php\/wp-json\/wp\/v2\/media\/13968"}],"wp:attachment":[{"href":"https:\/\/evertonfc.cz\/index.php\/wp-json\/wp\/v2\/media?parent=4611"}],"wp:term":[{"taxonomy":"category","embeddable":true,"href":"https:\/\/evertonfc.cz\/index.php\/wp-json\/wp\/v2\/categories?post=4611"},{"taxonomy":"post_tag","embeddable":true,"href":"https:\/\/evertonfc.cz\/index.php\/wp-json\/wp\/v2\/tags?post=4611"}],"curies":[{"name":"wp","href":"https:\/\/api.w.org\/{rel}","templated":true}]}}