{"id":4613,"date":"2014-10-02T15:51:01","date_gmt":"2014-10-02T13:51:01","guid":{"rendered":"http:\/\/evertonfc.cz\/?p=4613"},"modified":"2019-02-13T23:06:16","modified_gmt":"2019-02-13T22:06:16","slug":"krasnodar-everton-11","status":"publish","type":"post","link":"https:\/\/evertonfc.cz\/index.php\/2014\/10\/02\/krasnodar-everton-11\/","title":{"rendered":"Krasnodar &#8211; Everton 1:1"},"content":{"rendered":"<h4 id=\"NewsPostDetailSummary\">P\u0159esto\u017ee Toffees tahali za krat\u0161\u00ed konec po v\u011bt\u0161inu devades\u00e1ti minut, v Krasnodaru vydolovali cenn\u00fd bod, v 82. minut\u011b ho trefil Samuel Eto&#8217;o.<\/h4>\n<div id=\"NewsPostDetailContent\">\n<p>Roberto Mart\u00ednez zm\u011bnil z\u00e1kladn\u00ed jeden\u00e1ctku v p\u011bti p\u0159\u00edpadech, od prvn\u00ed minuty na tr\u00e1vn\u00edk vyb\u011bhli Darron Gibson, Aiden McGeady, Christian Atsu, Leon Osman a Samuel Eto\u00b4o. \u0160koda jen, \u017ee z\u016fstalo u \u201cvyb\u011bhli\u201c, FK se ihned chopilo taktovky a zle zav\u00e1\u0159elo. Marat Izmailov a Ari Ferreira sice je\u0161t\u011b nese\u0159\u00eddili spr\u00e1vn\u011b m\u00ed\u0159idla, p\u0159esto rychl\u00e9 \u00fatoky vykazovaly varov\u00e1n\u00ed.<\/p>\n<p>Toffees nest\u00edhali ve st\u0159edu pole, Darron Gibson ani Leon Osman holt nedok\u00e1\u017e\u00ed pokr\u00fdt podobnou rozs\u00e1hlou plochu jako chyb\u011bj\u00edc\u00ed James McCarthy. V dal\u0161\u00ed \u0161anci Izmailova p\u0159edvedl Tim Howard svou pohotovost. Nep\u0159esn\u011b zkou\u0161el \u0161t\u011bst\u00ed je\u0161t\u011b Artur J\u0119drzejczyk, aby se kone\u010dn\u011b probudili i Ostrovan\u00e9. V 22. minut\u011b se Aiden McGeady dok\u00e1zal uvolnit a vyslal \u0161tiplavou nav\u0161t\u00edvenku na br\u00e1nu.<\/p>\n<p>N\u00e1sledoval ho chytr\u00fdm obst\u0159elem Gareth Barry, branka\u0159 Dikan op\u011bt \u00fasp\u011b\u0161n\u011b vyrazil. John Stones hlavi\u010dkou sm\u011b\u0159uj\u00edc\u00ed mimo zakon\u010dil povedenou p\u011btiminutovku, pochopiteln\u011b ze strany Blues. Stones v\u016fbec podal vysp\u011bl\u00fd v\u00fdkon, ve stopersk\u00e9 dvojici p\u0159ed\u010dil zku\u0161en\u011bj\u0161\u00edho Jagielku, kter\u00e9mu jakoby d\u011bl\u00e1 probl\u00e9m pozice lev\u00e9ho stopera. Hlavn\u011b chybu ze 43. minuty si m\u011bl kapit\u00e1n odpustit, pozi\u010dn\u011b propadl a aktivn\u00ed Ari maz\u00e1cky zakon\u010dil ve vylo\u017een\u00e9 p\u0159\u00edle\u017eitosti &#8211;\u00a0<strong>1:0<\/strong>.<\/p>\n<p>O polo\u010dasov\u00e9 p\u0159est\u00e1vce byl sta\u017een nev\u00fdrazn\u00fd Atsu, dres obl\u00e9kl Romelu Lukaku. K drastick\u00e9mu zlep\u0161en\u00ed v\u00fdkonu ov\u0161em nedo\u0161lo, naopak dom\u00e1c\u00ed se nad\u00e1le dost\u00e1vali k bezprost\u0159edn\u00edmu ohro\u017een\u00ed Howarda. Dal\u0161\u00ed pokusy si zapsali Odil Achmedov a Ari Ferreira, celkov\u011b Krasnodar p\u0159est\u0159\u00edlel Everton v pom\u011bru 21 ku 10.<\/p>\n<p>Skv\u011ble se uvedl st\u0159\u00eddaj\u00edc\u00ed Wanderson, v 68. minut\u011b pob\u00fdval na tr\u00e1vn\u00edku pouh\u00e9 \u010dty\u0159i minuty, i to mu sta\u010dilo k vykoup\u00e1n\u00ed \u010dty\u0159 soupe\u0159\u016f a oraz\u00edtkov\u00e1n\u00ed b\u0159evna. Hlasit\u00fd alarm nejsp\u00ed\u0161e probudil aspo\u0148 n\u011bkter\u00e9 hr\u00e1\u010de Evertonu a zapo\u010dala z\u00e1v\u011bre\u010dn\u00e1 p\u0159evaha. Jestli n\u011bkde hledat pozitiva z utk\u00e1n\u00ed, tak t\u0159eba zm\u00ednit zlep\u0161enou fyzickou kondici, dom\u00e1c\u00ed evidentn\u011b nest\u00edhali s bl\u00ed\u017e\u00edc\u00edm se fin\u00e1ln\u00edm hvizdem. K vyrovn\u00e1n\u00ed sta\u010dila vlastn\u011b pouze jedna akce, v 83. minut\u011b Samuel Eto\u00b4o, jinak darebn\u00fd, rozt\u00e1hl hru doprava, kde se nach\u00e1zel po exekuci rohov\u00e9ho kopu Leighton Baines. Do\u010dasn\u00e9 prav\u00e9 k\u0159\u00eddlo poslalo do v\u00e1pna p\u0159esn\u00fd centr, kter\u00fd Eto\u00b4o lehkou te\u010d\u00ed uklidil k ty\u010di &#8211;\u00a0<strong>1:1<\/strong>.<\/p>\n<p>Everton neohromil, av\u0161ak z\u00edskal bod, jen\u017e se po\u010d\u00edt\u00e1, zvl\u00e1\u0161t\u011b s ohledem na rem\u00edzu 1:1 Wolfsburgu s Lille.<\/p>\n<p>Highlights naleznete\u00a0<a href=\"https:\/\/www.youtube.com\/watch?v=G0iRaRTG_fc\" target=\"_blank\" rel=\"noopener\">zde<\/a>.<\/p>\n<p><strong>Branky:<\/strong>\u00a043. Ari Ferreira &#8211; 82. Samuel Eto&#8217;o<br \/>\n<strong>\u017dK:<\/strong>\u00a090+3. Romelu Lukaku<br \/>\n<strong>FK Krasnodar:<\/strong>\u00a0Andrij Dikan, Artur J\u0119drzejczyk, Andreas Granqvist, Vitalij Kale\u0161in, Ragnar Sigurdsson, Jurij Gazinskij, Odil Achmedov, Marat Izmailov (64. Wanderson), Ricardo Laborde (70. Pavel Mamajev), Mauricio Pereyra (84. Sergej Petrov), Ari Ferreira<strong><br \/>\nEverton FC:<\/strong>\u00a0Tim Howard, Tony Hibbert, Leighton Baines, Phil Jagielka, John Stones, Darron Gibson, Aiden McGeady, Gareth Barry, Christian Atsu (46. Romelu Lukaku), Leon Osman, Samuel Eto&#8217;o<br \/>\n<strong>Rozhod\u010d\u00ed:<\/strong>\u00a0H\u00fcseyin G\u00f6\u00e7ek<br \/>\n<strong>Div\u00e1ci:<\/strong>\u00a028 900<\/p>\n<\/div>\n","protected":false},"excerpt":{"rendered":"<p>P\u0159esto\u017ee Toffees tahali za krat\u0161\u00ed konec po v\u011bt\u0161inu devades\u00e1ti minut, v Krasnodaru vydolovali cenn\u00fd bod, v 82. minut\u011b ho trefil&hellip;<\/p>\n","protected":false},"author":6,"featured_media":1315,"comment_status":"open","ping_status":"closed","sticky":false,"template":"","format":"standard","meta":{"_eb_attr":"","_monsterinsights_skip_tracking":false,"_monsterinsights_sitenote_active":false,"_monsterinsights_sitenote_note":"","_monsterinsights_sitenote_category":0,"footnotes":""},"categories":[4],"tags":[],"yoast_head":"<!-- This site is optimized with the Yoast SEO plugin v23.4 - https:\/\/yoast.com\/wordpress\/plugins\/seo\/ -->\n<title>Krasnodar - Everton 1:1 - Official Czech &amp; Slovak Everton Supporters&#039; Club<\/title>\n<meta name=\"robots\" content=\"index, follow, max-snippet:-1, max-image-preview:large, max-video-preview:-1\" \/>\n<link rel=\"canonical\" href=\"https:\/\/evertonfc.cz\/index.php\/2014\/10\/02\/krasnodar-everton-11\/\" \/>\n<meta property=\"og:locale\" content=\"cs_CZ\" \/>\n<meta property=\"og:type\" content=\"article\" \/>\n<meta property=\"og:title\" content=\"Krasnodar - Everton 1:1 - Official Czech &amp; Slovak Everton Supporters&#039; Club\" \/>\n<meta property=\"og:description\" content=\"P\u0159esto\u017ee Toffees tahali za krat\u0161\u00ed konec po v\u011bt\u0161inu devades\u00e1ti minut, v Krasnodaru vydolovali cenn\u00fd bod, v 82. minut\u011b ho trefil&hellip;\" \/>\n<meta property=\"og:url\" content=\"https:\/\/evertonfc.cz\/index.php\/2014\/10\/02\/krasnodar-everton-11\/\" \/>\n<meta property=\"og:site_name\" content=\"Official Czech &amp; Slovak Everton Supporters&#039; Club\" \/>\n<meta property=\"article:publisher\" content=\"https:\/\/www.facebook.com\/everton.fans.cz.sk\" \/>\n<meta property=\"article:published_time\" content=\"2014-10-02T13:51:01+00:00\" \/>\n<meta property=\"article:modified_time\" content=\"2019-02-13T22:06:16+00:00\" \/>\n<meta property=\"og:image\" content=\"https:\/\/evertonfc.cz\/wp-content\/uploads\/2019\/01\/report.jpg\" \/>\n\t<meta property=\"og:image:width\" content=\"720\" \/>\n\t<meta property=\"og:image:height\" content=\"405\" \/>\n\t<meta property=\"og:image:type\" content=\"image\/jpeg\" \/>\n<meta name=\"author\" content=\"Ri\u010di\" \/>\n<meta name=\"twitter:card\" content=\"summary_large_image\" \/>\n<meta name=\"twitter:creator\" content=\"@rbrejsa\" \/>\n<meta name=\"twitter:label1\" content=\"Napsal(a)\" \/>\n\t<meta name=\"twitter:data1\" content=\"Ri\u010di\" \/>\n\t<meta name=\"twitter:label2\" content=\"Odhadovan\u00e1 doba \u010dten\u00ed\" \/>\n\t<meta name=\"twitter:data2\" content=\"3 minuty\" \/>\n<script type=\"application\/ld+json\" class=\"yoast-schema-graph\">{\"@context\":\"https:\/\/schema.org\",\"@graph\":[{\"@type\":\"Article\",\"@id\":\"https:\/\/evertonfc.cz\/index.php\/2014\/10\/02\/krasnodar-everton-11\/#article\",\"isPartOf\":{\"@id\":\"https:\/\/evertonfc.cz\/index.php\/2014\/10\/02\/krasnodar-everton-11\/\"},\"author\":{\"name\":\"Ri\u010di\",\"@id\":\"https:\/\/evertonfc.cz\/#\/schema\/person\/f7a5daedb2ffee98480bc70e191aaef1\"},\"headline\":\"Krasnodar &#8211; Everton 1:1\",\"datePublished\":\"2014-10-02T13:51:01+00:00\",\"dateModified\":\"2019-02-13T22:06:16+00:00\",\"mainEntityOfPage\":{\"@id\":\"https:\/\/evertonfc.cz\/index.php\/2014\/10\/02\/krasnodar-everton-11\/\"},\"wordCount\":562,\"commentCount\":0,\"publisher\":{\"@id\":\"https:\/\/evertonfc.cz\/#organization\"},\"image\":{\"@id\":\"https:\/\/evertonfc.cz\/index.php\/2014\/10\/02\/krasnodar-everton-11\/#primaryimage\"},\"thumbnailUrl\":\"https:\/\/evertonfc.cz\/wp-content\/uploads\/2019\/01\/report.jpg\",\"articleSection\":[\"Z\u00e1pasy\"],\"inLanguage\":\"cs\",\"potentialAction\":[{\"@type\":\"CommentAction\",\"name\":\"Comment\",\"target\":[\"https:\/\/evertonfc.cz\/index.php\/2014\/10\/02\/krasnodar-everton-11\/#respond\"]}]},{\"@type\":\"WebPage\",\"@id\":\"https:\/\/evertonfc.cz\/index.php\/2014\/10\/02\/krasnodar-everton-11\/\",\"url\":\"https:\/\/evertonfc.cz\/index.php\/2014\/10\/02\/krasnodar-everton-11\/\",\"name\":\"Krasnodar - Everton 1:1 - Official Czech &amp; Slovak Everton Supporters&#039; Club\",\"isPartOf\":{\"@id\":\"https:\/\/evertonfc.cz\/#website\"},\"primaryImageOfPage\":{\"@id\":\"https:\/\/evertonfc.cz\/index.php\/2014\/10\/02\/krasnodar-everton-11\/#primaryimage\"},\"image\":{\"@id\":\"https:\/\/evertonfc.cz\/index.php\/2014\/10\/02\/krasnodar-everton-11\/#primaryimage\"},\"thumbnailUrl\":\"https:\/\/evertonfc.cz\/wp-content\/uploads\/2019\/01\/report.jpg\",\"datePublished\":\"2014-10-02T13:51:01+00:00\",\"dateModified\":\"2019-02-13T22:06:16+00:00\",\"breadcrumb\":{\"@id\":\"https:\/\/evertonfc.cz\/index.php\/2014\/10\/02\/krasnodar-everton-11\/#breadcrumb\"},\"inLanguage\":\"cs\",\"potentialAction\":[{\"@type\":\"ReadAction\",\"target\":[\"https:\/\/evertonfc.cz\/index.php\/2014\/10\/02\/krasnodar-everton-11\/\"]}]},{\"@type\":\"ImageObject\",\"inLanguage\":\"cs\",\"@id\":\"https:\/\/evertonfc.cz\/index.php\/2014\/10\/02\/krasnodar-everton-11\/#primaryimage\",\"url\":\"https:\/\/evertonfc.cz\/wp-content\/uploads\/2019\/01\/report.jpg\",\"contentUrl\":\"https:\/\/evertonfc.cz\/wp-content\/uploads\/2019\/01\/report.jpg\",\"width\":720,\"height\":405},{\"@type\":\"BreadcrumbList\",\"@id\":\"https:\/\/evertonfc.cz\/index.php\/2014\/10\/02\/krasnodar-everton-11\/#breadcrumb\",\"itemListElement\":[{\"@type\":\"ListItem\",\"position\":1,\"name\":\"Home\",\"item\":\"https:\/\/evertonfc.cz\/\"},{\"@type\":\"ListItem\",\"position\":2,\"name\":\"Krasnodar &#8211; Everton 1:1\"}]},{\"@type\":\"WebSite\",\"@id\":\"https:\/\/evertonfc.cz\/#website\",\"url\":\"https:\/\/evertonfc.cz\/\",\"name\":\"Official Czech &amp; Slovak Everton Supporters&#039; Club\",\"description\":\"\",\"publisher\":{\"@id\":\"https:\/\/evertonfc.cz\/#organization\"},\"potentialAction\":[{\"@type\":\"SearchAction\",\"target\":{\"@type\":\"EntryPoint\",\"urlTemplate\":\"https:\/\/evertonfc.cz\/?s={search_term_string}\"},\"query-input\":{\"@type\":\"PropertyValueSpecification\",\"valueRequired\":true,\"valueName\":\"search_term_string\"}}],\"inLanguage\":\"cs\"},{\"@type\":\"Organization\",\"@id\":\"https:\/\/evertonfc.cz\/#organization\",\"name\":\"Official Czech & Slovak Everton Supporters' Club\",\"url\":\"https:\/\/evertonfc.cz\/\",\"logo\":{\"@type\":\"ImageObject\",\"inLanguage\":\"cs\",\"@id\":\"https:\/\/evertonfc.cz\/#\/schema\/logo\/image\/\",\"url\":\"https:\/\/evertonfc.cz\/wp-content\/uploads\/2019\/05\/logo.png\",\"contentUrl\":\"https:\/\/evertonfc.cz\/wp-content\/uploads\/2019\/05\/logo.png\",\"width\":112,\"height\":112,\"caption\":\"Official Czech & Slovak Everton Supporters' Club\"},\"image\":{\"@id\":\"https:\/\/evertonfc.cz\/#\/schema\/logo\/image\/\"},\"sameAs\":[\"https:\/\/www.facebook.com\/everton.fans.cz.sk\"]},{\"@type\":\"Person\",\"@id\":\"https:\/\/evertonfc.cz\/#\/schema\/person\/f7a5daedb2ffee98480bc70e191aaef1\",\"name\":\"Ri\u010di\",\"sameAs\":[\"https:\/\/x.com\/rbrejsa\"],\"url\":\"https:\/\/evertonfc.cz\/index.php\/author\/rici\/\"}]}<\/script>\n<!-- \/ Yoast SEO plugin. -->","yoast_head_json":{"title":"Krasnodar - Everton 1:1 - Official Czech &amp; Slovak Everton Supporters&#039; Club","robots":{"index":"index","follow":"follow","max-snippet":"max-snippet:-1","max-image-preview":"max-image-preview:large","max-video-preview":"max-video-preview:-1"},"canonical":"https:\/\/evertonfc.cz\/index.php\/2014\/10\/02\/krasnodar-everton-11\/","og_locale":"cs_CZ","og_type":"article","og_title":"Krasnodar - Everton 1:1 - Official Czech &amp; Slovak Everton Supporters&#039; Club","og_description":"P\u0159esto\u017ee Toffees tahali za krat\u0161\u00ed konec po v\u011bt\u0161inu devades\u00e1ti minut, v Krasnodaru vydolovali cenn\u00fd bod, v 82. minut\u011b ho trefil&hellip;","og_url":"https:\/\/evertonfc.cz\/index.php\/2014\/10\/02\/krasnodar-everton-11\/","og_site_name":"Official Czech &amp; Slovak Everton Supporters&#039; Club","article_publisher":"https:\/\/www.facebook.com\/everton.fans.cz.sk","article_published_time":"2014-10-02T13:51:01+00:00","article_modified_time":"2019-02-13T22:06:16+00:00","og_image":[{"width":720,"height":405,"url":"https:\/\/evertonfc.cz\/wp-content\/uploads\/2019\/01\/report.jpg","type":"image\/jpeg"}],"author":"Ri\u010di","twitter_card":"summary_large_image","twitter_creator":"@rbrejsa","twitter_misc":{"Napsal(a)":"Ri\u010di","Odhadovan\u00e1 doba \u010dten\u00ed":"3 minuty"},"schema":{"@context":"https:\/\/schema.org","@graph":[{"@type":"Article","@id":"https:\/\/evertonfc.cz\/index.php\/2014\/10\/02\/krasnodar-everton-11\/#article","isPartOf":{"@id":"https:\/\/evertonfc.cz\/index.php\/2014\/10\/02\/krasnodar-everton-11\/"},"author":{"name":"Ri\u010di","@id":"https:\/\/evertonfc.cz\/#\/schema\/person\/f7a5daedb2ffee98480bc70e191aaef1"},"headline":"Krasnodar &#8211; Everton 1:1","datePublished":"2014-10-02T13:51:01+00:00","dateModified":"2019-02-13T22:06:16+00:00","mainEntityOfPage":{"@id":"https:\/\/evertonfc.cz\/index.php\/2014\/10\/02\/krasnodar-everton-11\/"},"wordCount":562,"commentCount":0,"publisher":{"@id":"https:\/\/evertonfc.cz\/#organization"},"image":{"@id":"https:\/\/evertonfc.cz\/index.php\/2014\/10\/02\/krasnodar-everton-11\/#primaryimage"},"thumbnailUrl":"https:\/\/evertonfc.cz\/wp-content\/uploads\/2019\/01\/report.jpg","articleSection":["Z\u00e1pasy"],"inLanguage":"cs","potentialAction":[{"@type":"CommentAction","name":"Comment","target":["https:\/\/evertonfc.cz\/index.php\/2014\/10\/02\/krasnodar-everton-11\/#respond"]}]},{"@type":"WebPage","@id":"https:\/\/evertonfc.cz\/index.php\/2014\/10\/02\/krasnodar-everton-11\/","url":"https:\/\/evertonfc.cz\/index.php\/2014\/10\/02\/krasnodar-everton-11\/","name":"Krasnodar - Everton 1:1 - Official Czech &amp; Slovak Everton Supporters&#039; Club","isPartOf":{"@id":"https:\/\/evertonfc.cz\/#website"},"primaryImageOfPage":{"@id":"https:\/\/evertonfc.cz\/index.php\/2014\/10\/02\/krasnodar-everton-11\/#primaryimage"},"image":{"@id":"https:\/\/evertonfc.cz\/index.php\/2014\/10\/02\/krasnodar-everton-11\/#primaryimage"},"thumbnailUrl":"https:\/\/evertonfc.cz\/wp-content\/uploads\/2019\/01\/report.jpg","datePublished":"2014-10-02T13:51:01+00:00","dateModified":"2019-02-13T22:06:16+00:00","breadcrumb":{"@id":"https:\/\/evertonfc.cz\/index.php\/2014\/10\/02\/krasnodar-everton-11\/#breadcrumb"},"inLanguage":"cs","potentialAction":[{"@type":"ReadAction","target":["https:\/\/evertonfc.cz\/index.php\/2014\/10\/02\/krasnodar-everton-11\/"]}]},{"@type":"ImageObject","inLanguage":"cs","@id":"https:\/\/evertonfc.cz\/index.php\/2014\/10\/02\/krasnodar-everton-11\/#primaryimage","url":"https:\/\/evertonfc.cz\/wp-content\/uploads\/2019\/01\/report.jpg","contentUrl":"https:\/\/evertonfc.cz\/wp-content\/uploads\/2019\/01\/report.jpg","width":720,"height":405},{"@type":"BreadcrumbList","@id":"https:\/\/evertonfc.cz\/index.php\/2014\/10\/02\/krasnodar-everton-11\/#breadcrumb","itemListElement":[{"@type":"ListItem","position":1,"name":"Home","item":"https:\/\/evertonfc.cz\/"},{"@type":"ListItem","position":2,"name":"Krasnodar &#8211; Everton 1:1"}]},{"@type":"WebSite","@id":"https:\/\/evertonfc.cz\/#website","url":"https:\/\/evertonfc.cz\/","name":"Official Czech &amp; Slovak Everton Supporters&#039; Club","description":"","publisher":{"@id":"https:\/\/evertonfc.cz\/#organization"},"potentialAction":[{"@type":"SearchAction","target":{"@type":"EntryPoint","urlTemplate":"https:\/\/evertonfc.cz\/?s={search_term_string}"},"query-input":{"@type":"PropertyValueSpecification","valueRequired":true,"valueName":"search_term_string"}}],"inLanguage":"cs"},{"@type":"Organization","@id":"https:\/\/evertonfc.cz\/#organization","name":"Official Czech & Slovak Everton Supporters' Club","url":"https:\/\/evertonfc.cz\/","logo":{"@type":"ImageObject","inLanguage":"cs","@id":"https:\/\/evertonfc.cz\/#\/schema\/logo\/image\/","url":"https:\/\/evertonfc.cz\/wp-content\/uploads\/2019\/05\/logo.png","contentUrl":"https:\/\/evertonfc.cz\/wp-content\/uploads\/2019\/05\/logo.png","width":112,"height":112,"caption":"Official Czech & Slovak Everton Supporters' Club"},"image":{"@id":"https:\/\/evertonfc.cz\/#\/schema\/logo\/image\/"},"sameAs":["https:\/\/www.facebook.com\/everton.fans.cz.sk"]},{"@type":"Person","@id":"https:\/\/evertonfc.cz\/#\/schema\/person\/f7a5daedb2ffee98480bc70e191aaef1","name":"Ri\u010di","sameAs":["https:\/\/x.com\/rbrejsa"],"url":"https:\/\/evertonfc.cz\/index.php\/author\/rici\/"}]}},"_links":{"self":[{"href":"https:\/\/evertonfc.cz\/index.php\/wp-json\/wp\/v2\/posts\/4613"}],"collection":[{"href":"https:\/\/evertonfc.cz\/index.php\/wp-json\/wp\/v2\/posts"}],"about":[{"href":"https:\/\/evertonfc.cz\/index.php\/wp-json\/wp\/v2\/types\/post"}],"author":[{"embeddable":true,"href":"https:\/\/evertonfc.cz\/index.php\/wp-json\/wp\/v2\/users\/6"}],"replies":[{"embeddable":true,"href":"https:\/\/evertonfc.cz\/index.php\/wp-json\/wp\/v2\/comments?post=4613"}],"version-history":[{"count":3,"href":"https:\/\/evertonfc.cz\/index.php\/wp-json\/wp\/v2\/posts\/4613\/revisions"}],"predecessor-version":[{"id":4884,"href":"https:\/\/evertonfc.cz\/index.php\/wp-json\/wp\/v2\/posts\/4613\/revisions\/4884"}],"wp:featuredmedia":[{"embeddable":true,"href":"https:\/\/evertonfc.cz\/index.php\/wp-json\/wp\/v2\/media\/1315"}],"wp:attachment":[{"href":"https:\/\/evertonfc.cz\/index.php\/wp-json\/wp\/v2\/media?parent=4613"}],"wp:term":[{"taxonomy":"category","embeddable":true,"href":"https:\/\/evertonfc.cz\/index.php\/wp-json\/wp\/v2\/categories?post=4613"},{"taxonomy":"post_tag","embeddable":true,"href":"https:\/\/evertonfc.cz\/index.php\/wp-json\/wp\/v2\/tags?post=4613"}],"curies":[{"name":"wp","href":"https:\/\/api.w.org\/{rel}","templated":true}]}}