{"id":4615,"date":"2014-10-01T15:52:26","date_gmt":"2014-10-01T13:52:26","guid":{"rendered":"http:\/\/evertonfc.cz\/?p=4615"},"modified":"2019-02-13T23:06:34","modified_gmt":"2019-02-13T22:06:34","slug":"preview-krasnodar-everton","status":"publish","type":"post","link":"https:\/\/evertonfc.cz\/index.php\/2014\/10\/01\/preview-krasnodar-everton\/","title":{"rendered":"Preview: Krasnodar &#8211; Everton"},"content":{"rendered":"<h4 id=\"NewsPostDetailSummary\">V druh\u00e9m vystoupen\u00ed z\u00e1kladn\u00ed skupiny H Evropsk\u00e9 ligy vycestuje Everton do nezn\u00e1ma, na druhou stranu dom\u00e1c\u00ed FK Krasnodar vzbuzuje respekt dosa\u017een\u00fdmi v\u00fdsledky na evropsk\u00e9 sc\u00e9n\u011b.<\/h4>\n<div id=\"NewsPostDetailContent\">\n<p>Leto\u0161n\u00ed forma Toffees se zat\u00edm neslu\u010duje s p\u0159edstavami vyznava\u010d\u016f modr\u00e9 barvy, v Premiership se bav\u00edme o spodn\u00edch patrech tabulky, o Ligov\u00e9m poh\u00e1ru se u\u017e nebav\u00edme v\u016fbec, jen s \u00favodn\u00edm duelem Evropsk\u00e9 ligy p\u0159evl\u00e1d\u00e1 spokojenost. Na v\u00edt\u011bzstv\u00ed 4:1 proti Wolfsburgu se Blues budou sna\u017eit nav\u00e1zat v dalek\u00e9m Rusku, odkud by jak\u00fdkoliv bodov\u00fd zisk p\u0159edstavoval poveden\u00fd v\u00fdjezd. D\u016fvodem pro skromn\u011bj\u0161\u00ed pl\u00e1ny je i aktu\u00e1ln\u00ed zdravotn\u00ed stav k\u00e1dru. Kevin Mirallas bude kv\u016fli poran\u011bn\u00e9mu stehenn\u00edmu svalu absentovat minim\u00e1ln\u011b \u010dty\u0159i t\u00fddny, pozitivn\u00ed zpr\u00e1vy jdou sice ohledn\u011b brzk\u00e9ho n\u00e1vratu Rosse Barkleyho, jen\u017ee men\u0161\u00ed \u0161r\u00e1my tr\u00e1p\u00ed Sylvaina Distina, Seamuse Coleman, Jamese McCarthyho a Stevena Pienaara.<\/p>\n<p>Proto a rovn\u011b\u017e s ohledem na n\u00e1ro\u010dn\u00fd program, v ned\u011bli se Everton p\u0159edstav\u00ed na p\u016fd\u011b Manchesteru United, nastane op\u011bt rotace hr\u00e1\u010d\u016f. Nejv\u011bt\u0161\u00ed otazn\u00edk vis\u00ed nad postem prav\u00e9ho obr\u00e1nce, v Merseyside derby nastoupil od prvn\u00ed minuty Tony Hibbert, jeho\u017e na posledn\u00edch dvacet minut nahradil Tyias Browning. Mlad\u00fd debutant si vedl velmi slu\u0161n\u011b, jeho nasazen\u00ed rozhodn\u011b nelze vylou\u010dit.<\/p>\n<p>V Krasnodaru bude fandit p\u0159ibli\u017en\u011b 400 Evertonians, co\u017e p\u0159edstavuje \u00fa\u017easn\u00e9 \u010d\u00edslo. Ne nadarmo Roberto Mart\u00ednez ozna\u010dil Evertonians za nejlep\u0161\u00ed p\u0159\u00edznivce v Evrop\u011b, co se t\u00fd\u010de venkovn\u00ed podpory. A\u010d jsem zaujat\u00fd, jen t\u011b\u017eko bych mu odporoval.<\/p>\n<h4><strong>P\u0159edstaven\u00ed soupe\u0159e<\/strong><\/h4>\n<p>Co \u010dek\u00e1 Evertonians na konci cesty dlouh\u00e9 p\u0159ibli\u017en\u011b 7 700 km, lze jen t\u011b\u017eko tipovat. Nejen pro mana\u017eera Mart\u00edneze bude zlat\u011b pou\u010dn\u00fd DVD sest\u0159ih z prvn\u00edho z\u00e1pasu z\u00e1kladn\u00ed skupiny proti Lille, z n\u011bho\u017e si Rusov\u00e9 p\u0159ipsali bod za rem\u00edzu 1:1. \u0160pan\u011blsk\u00fd mana\u017eer nav\u00edc jist\u011b nezapomn\u011bl zvednout telefon a zavolat kolegovi Jagobovi Arrasatemu, tren\u00e9ru Realu Sociedad. Baskov\u00e9 se po t\u0159\u00edbrankov\u00e9m debaklu v Krasnodaru v p\u0159edkole porou\u010deli z Evropsk\u00e9 ligy.<\/p>\n<p>FK Krasnodar, zalo\u017een v roce 2008, sk\u00f3roval v \u0161esti kvalifika\u010dn\u00edch kolech EL hned 20X, p\u0159i\u010dem\u017e inkasoval pouze dvakr\u00e1t. Brazilsk\u00fd \u00fato\u010dn\u00edk Ari se postaral o \u010dty\u0159i branky, p\u0159ipomenout t\u0159eba tak\u00e9 jeho krajana Jo\u00e3ozinha, v sou\u010dasnosti nejlep\u0161\u00edho klubov\u00e9ho st\u0159elce se \u010dty\u0159mi z\u00e1sahy v Russian Premier League.<\/p>\n<p>Sv\u011b\u0159enci kou\u010de Aleha Konanawa v lize okupuj\u00ed \u0161estou p\u0159\u00ed\u010dku, odehr\u00e1no je dev\u011bt kol. V nejvy\u0161\u0161\u00ed sout\u011b\u017ei p\u016fsob\u00ed od roku 2011, kdy\u017e postoupili na z\u00e1klad\u011b z\u00e1sahu rusk\u00e9 fotbalov\u00e9 federace. Dom\u00e1c\u00ed st\u00e1nek Trud stadium se moment\u00e1ln\u011b rekonstruuje, aby s kapacitou 36 260 m\u00edst spl\u0148oval nejmodern\u011bj\u0161\u00ed po\u017eadavky, a tak FK Krasnodar p\u0159echodn\u011b s\u00eddl\u00ed na Kuban Stadium, h\u0159i\u0161ti vyu\u017e\u00edvan\u00e9m rovn\u011b\u017e FC Kuban.<\/p>\n<p>Fanou\u0161ci Swansea City, kte\u0159\u00ed vloni vycestovali na st\u0159etnut\u00ed proti Kubani, oce\u0148ovali v\u0159el\u00e9 p\u0159iv\u00edt\u00e1n\u00ed v m\u011bst\u011b situovan\u00e9m na jihu evropsk\u00e9 \u010d\u00e1sti Rusk\u00e9 federace mezi Rostovem na Donu a pob\u0159e\u017e\u00edm \u010cern\u00e9ho mo\u0159e. Krasnodar s populac\u00ed okolo 750 000 obyvatel se nach\u00e1z\u00ed bl\u00edzko Sochi, posledn\u00edho d\u011bji\u0161t\u011b zimn\u00edch olympijsk\u00fdch her.<\/p>\n<h4><strong>T\u00fdmov\u00e9 novinky<\/strong><\/h4>\n<p>Z\u00e1lo\u017en\u00edk Pavel Mamaev se zotavil po dlouh\u00e9 absenci zavin\u011bn\u00e9 p\u0159etr\u017eenou achillovkou, ov\u0161em zku\u0161en\u00fd Vladimir Bystrov si nat\u00e1hl sval. \u00davodn\u00ed jeden\u00e1ctka Krasnodaru se p\u0159edpov\u00edd\u00e1 ve slo\u017een\u00ed: Dikan &#8211; Kaleshin, Granqvist, Sigurdsson, J\u0119drzejczyk &#8211; Izmailov, Akhmedov, Jo\u00e3ozinho, Pereyra, Gazinskiy &#8211; Wanderson.<\/p>\n<table>\n<tbody>\n<tr>\n<td><strong>FKK:<\/strong><\/td>\n<td>Dikan, Sinicin, Granqvist, J\u0119drzejczyk, Kaleshin, Martynovi\u0107, Sigurdsson, Ad\u017eind\u017eal, Akhmedov, Gazinskiy, Jo\u00e3ozinho, Laborde, Mamaev, Pereyra, Petrov, Ferreira, Burmistrov, Izmailov, Wanderson.<\/td>\n<\/tr>\n<\/tbody>\n<\/table>\n<p>James McCarthy nov\u011b p\u0159ibyl na marodku s lehk\u00fdm svalov\u00fdm probl\u00e9mem, rad\u011bji z\u016fstal v Anglii stejn\u011b jako Mirallas, Distin, Coleman, Pienaar a do pln\u00e9 kondice se vracej\u00edc\u00ed Arouna Kon\u00e9. \u0160anci v z\u00e1kladn\u00ed sestav\u011b by se na rozd\u00edl od souboje s Liverpoolem mohl do\u010dkat Browning, Gibson \u010di Eto\u00b4o. V nominaci figuruje tak\u00e9 talentovan\u00fd st\u0159edopola\u0159 Ryan Ledson.<\/p>\n<table>\n<tbody>\n<tr>\n<td><strong>EFC:<\/strong><\/td>\n<td>Joel, Howard, Garbutt, Stones, Browning, Alcaraz, Jagielka, Baines, Hibbert, Oviedo, Be\u0161i\u0107, Gibson, Barry, Osman, Ledson, McGeady, Atsu, Naismith,\u00a0 Eto&#8217;o, Lukaku.<\/td>\n<\/tr>\n<\/tbody>\n<\/table>\n<p><strong>Co:<\/strong>\u00a0FK Krasnodar &#8211; Everton FC, 2. kolo z\u00e1kladn\u00ed skupiny H Evropsk\u00e9 ligy<br \/>\n<strong>Kdy:<\/strong>\u00a002. 10. 2014 od 18:00 SE\u010c<br \/>\n<strong>Kde:<\/strong>\u00a0Kuban Stadium, Krasnodar, Rusk\u00e1 federace (kapacita: 31 654)<br \/>\n<strong>Rozhod\u010d\u00ed:<\/strong>\u00a0H\u00fcseyin G\u00f6\u00e7ek<\/p>\n<\/div>\n","protected":false},"excerpt":{"rendered":"<p>V druh\u00e9m vystoupen\u00ed z\u00e1kladn\u00ed skupiny H Evropsk\u00e9 ligy vycestuje Everton do nezn\u00e1ma, na druhou stranu dom\u00e1c\u00ed FK Krasnodar vzbuzuje respekt&hellip;<\/p>\n","protected":false},"author":6,"featured_media":1314,"comment_status":"open","ping_status":"closed","sticky":false,"template":"","format":"standard","meta":{"_eb_attr":"","_monsterinsights_skip_tracking":false,"_monsterinsights_sitenote_active":false,"_monsterinsights_sitenote_note":"","_monsterinsights_sitenote_category":0,"footnotes":""},"categories":[4],"tags":[],"yoast_head":"<!-- This site is optimized with the Yoast SEO plugin v23.4 - https:\/\/yoast.com\/wordpress\/plugins\/seo\/ -->\n<title>Preview: Krasnodar - Everton - Official Czech &amp; Slovak Everton Supporters&#039; Club<\/title>\n<meta name=\"robots\" content=\"index, follow, max-snippet:-1, max-image-preview:large, max-video-preview:-1\" \/>\n<link rel=\"canonical\" href=\"https:\/\/evertonfc.cz\/index.php\/2014\/10\/01\/preview-krasnodar-everton\/\" \/>\n<meta property=\"og:locale\" content=\"cs_CZ\" \/>\n<meta property=\"og:type\" content=\"article\" \/>\n<meta property=\"og:title\" content=\"Preview: Krasnodar - Everton - Official Czech &amp; Slovak Everton Supporters&#039; Club\" \/>\n<meta property=\"og:description\" content=\"V druh\u00e9m vystoupen\u00ed z\u00e1kladn\u00ed skupiny H Evropsk\u00e9 ligy vycestuje Everton do nezn\u00e1ma, na druhou stranu dom\u00e1c\u00ed FK Krasnodar vzbuzuje respekt&hellip;\" \/>\n<meta property=\"og:url\" content=\"https:\/\/evertonfc.cz\/index.php\/2014\/10\/01\/preview-krasnodar-everton\/\" \/>\n<meta property=\"og:site_name\" content=\"Official Czech &amp; Slovak Everton Supporters&#039; Club\" \/>\n<meta property=\"article:publisher\" content=\"https:\/\/www.facebook.com\/everton.fans.cz.sk\" \/>\n<meta property=\"article:published_time\" content=\"2014-10-01T13:52:26+00:00\" \/>\n<meta property=\"article:modified_time\" content=\"2019-02-13T22:06:34+00:00\" \/>\n<meta property=\"og:image\" content=\"https:\/\/evertonfc.cz\/wp-content\/uploads\/2019\/01\/preview.jpg\" \/>\n\t<meta property=\"og:image:width\" content=\"720\" \/>\n\t<meta property=\"og:image:height\" content=\"405\" \/>\n\t<meta property=\"og:image:type\" content=\"image\/jpeg\" \/>\n<meta name=\"author\" content=\"Ri\u010di\" \/>\n<meta name=\"twitter:card\" content=\"summary_large_image\" \/>\n<meta name=\"twitter:creator\" content=\"@rbrejsa\" \/>\n<meta name=\"twitter:label1\" content=\"Napsal(a)\" \/>\n\t<meta name=\"twitter:data1\" content=\"Ri\u010di\" \/>\n\t<meta name=\"twitter:label2\" content=\"Odhadovan\u00e1 doba \u010dten\u00ed\" \/>\n\t<meta name=\"twitter:data2\" content=\"4 minuty\" \/>\n<script type=\"application\/ld+json\" class=\"yoast-schema-graph\">{\"@context\":\"https:\/\/schema.org\",\"@graph\":[{\"@type\":\"Article\",\"@id\":\"https:\/\/evertonfc.cz\/index.php\/2014\/10\/01\/preview-krasnodar-everton\/#article\",\"isPartOf\":{\"@id\":\"https:\/\/evertonfc.cz\/index.php\/2014\/10\/01\/preview-krasnodar-everton\/\"},\"author\":{\"name\":\"Ri\u010di\",\"@id\":\"https:\/\/evertonfc.cz\/#\/schema\/person\/f7a5daedb2ffee98480bc70e191aaef1\"},\"headline\":\"Preview: Krasnodar &#8211; Everton\",\"datePublished\":\"2014-10-01T13:52:26+00:00\",\"dateModified\":\"2019-02-13T22:06:34+00:00\",\"mainEntityOfPage\":{\"@id\":\"https:\/\/evertonfc.cz\/index.php\/2014\/10\/01\/preview-krasnodar-everton\/\"},\"wordCount\":775,\"commentCount\":0,\"publisher\":{\"@id\":\"https:\/\/evertonfc.cz\/#organization\"},\"image\":{\"@id\":\"https:\/\/evertonfc.cz\/index.php\/2014\/10\/01\/preview-krasnodar-everton\/#primaryimage\"},\"thumbnailUrl\":\"https:\/\/evertonfc.cz\/wp-content\/uploads\/2019\/01\/preview.jpg\",\"articleSection\":[\"Z\u00e1pasy\"],\"inLanguage\":\"cs\",\"potentialAction\":[{\"@type\":\"CommentAction\",\"name\":\"Comment\",\"target\":[\"https:\/\/evertonfc.cz\/index.php\/2014\/10\/01\/preview-krasnodar-everton\/#respond\"]}]},{\"@type\":\"WebPage\",\"@id\":\"https:\/\/evertonfc.cz\/index.php\/2014\/10\/01\/preview-krasnodar-everton\/\",\"url\":\"https:\/\/evertonfc.cz\/index.php\/2014\/10\/01\/preview-krasnodar-everton\/\",\"name\":\"Preview: Krasnodar - Everton - Official Czech &amp; Slovak Everton Supporters&#039; Club\",\"isPartOf\":{\"@id\":\"https:\/\/evertonfc.cz\/#website\"},\"primaryImageOfPage\":{\"@id\":\"https:\/\/evertonfc.cz\/index.php\/2014\/10\/01\/preview-krasnodar-everton\/#primaryimage\"},\"image\":{\"@id\":\"https:\/\/evertonfc.cz\/index.php\/2014\/10\/01\/preview-krasnodar-everton\/#primaryimage\"},\"thumbnailUrl\":\"https:\/\/evertonfc.cz\/wp-content\/uploads\/2019\/01\/preview.jpg\",\"datePublished\":\"2014-10-01T13:52:26+00:00\",\"dateModified\":\"2019-02-13T22:06:34+00:00\",\"breadcrumb\":{\"@id\":\"https:\/\/evertonfc.cz\/index.php\/2014\/10\/01\/preview-krasnodar-everton\/#breadcrumb\"},\"inLanguage\":\"cs\",\"potentialAction\":[{\"@type\":\"ReadAction\",\"target\":[\"https:\/\/evertonfc.cz\/index.php\/2014\/10\/01\/preview-krasnodar-everton\/\"]}]},{\"@type\":\"ImageObject\",\"inLanguage\":\"cs\",\"@id\":\"https:\/\/evertonfc.cz\/index.php\/2014\/10\/01\/preview-krasnodar-everton\/#primaryimage\",\"url\":\"https:\/\/evertonfc.cz\/wp-content\/uploads\/2019\/01\/preview.jpg\",\"contentUrl\":\"https:\/\/evertonfc.cz\/wp-content\/uploads\/2019\/01\/preview.jpg\",\"width\":720,\"height\":405},{\"@type\":\"BreadcrumbList\",\"@id\":\"https:\/\/evertonfc.cz\/index.php\/2014\/10\/01\/preview-krasnodar-everton\/#breadcrumb\",\"itemListElement\":[{\"@type\":\"ListItem\",\"position\":1,\"name\":\"Home\",\"item\":\"https:\/\/evertonfc.cz\/\"},{\"@type\":\"ListItem\",\"position\":2,\"name\":\"Preview: Krasnodar &#8211; Everton\"}]},{\"@type\":\"WebSite\",\"@id\":\"https:\/\/evertonfc.cz\/#website\",\"url\":\"https:\/\/evertonfc.cz\/\",\"name\":\"Official Czech &amp; Slovak Everton Supporters&#039; Club\",\"description\":\"\",\"publisher\":{\"@id\":\"https:\/\/evertonfc.cz\/#organization\"},\"potentialAction\":[{\"@type\":\"SearchAction\",\"target\":{\"@type\":\"EntryPoint\",\"urlTemplate\":\"https:\/\/evertonfc.cz\/?s={search_term_string}\"},\"query-input\":{\"@type\":\"PropertyValueSpecification\",\"valueRequired\":true,\"valueName\":\"search_term_string\"}}],\"inLanguage\":\"cs\"},{\"@type\":\"Organization\",\"@id\":\"https:\/\/evertonfc.cz\/#organization\",\"name\":\"Official Czech & Slovak Everton Supporters' Club\",\"url\":\"https:\/\/evertonfc.cz\/\",\"logo\":{\"@type\":\"ImageObject\",\"inLanguage\":\"cs\",\"@id\":\"https:\/\/evertonfc.cz\/#\/schema\/logo\/image\/\",\"url\":\"https:\/\/evertonfc.cz\/wp-content\/uploads\/2019\/05\/logo.png\",\"contentUrl\":\"https:\/\/evertonfc.cz\/wp-content\/uploads\/2019\/05\/logo.png\",\"width\":112,\"height\":112,\"caption\":\"Official Czech & Slovak Everton Supporters' Club\"},\"image\":{\"@id\":\"https:\/\/evertonfc.cz\/#\/schema\/logo\/image\/\"},\"sameAs\":[\"https:\/\/www.facebook.com\/everton.fans.cz.sk\"]},{\"@type\":\"Person\",\"@id\":\"https:\/\/evertonfc.cz\/#\/schema\/person\/f7a5daedb2ffee98480bc70e191aaef1\",\"name\":\"Ri\u010di\",\"sameAs\":[\"https:\/\/x.com\/rbrejsa\"],\"url\":\"https:\/\/evertonfc.cz\/index.php\/author\/rici\/\"}]}<\/script>\n<!-- \/ Yoast SEO plugin. -->","yoast_head_json":{"title":"Preview: Krasnodar - Everton - Official Czech &amp; Slovak Everton Supporters&#039; Club","robots":{"index":"index","follow":"follow","max-snippet":"max-snippet:-1","max-image-preview":"max-image-preview:large","max-video-preview":"max-video-preview:-1"},"canonical":"https:\/\/evertonfc.cz\/index.php\/2014\/10\/01\/preview-krasnodar-everton\/","og_locale":"cs_CZ","og_type":"article","og_title":"Preview: Krasnodar - Everton - Official Czech &amp; Slovak Everton Supporters&#039; Club","og_description":"V druh\u00e9m vystoupen\u00ed z\u00e1kladn\u00ed skupiny H Evropsk\u00e9 ligy vycestuje Everton do nezn\u00e1ma, na druhou stranu dom\u00e1c\u00ed FK Krasnodar vzbuzuje respekt&hellip;","og_url":"https:\/\/evertonfc.cz\/index.php\/2014\/10\/01\/preview-krasnodar-everton\/","og_site_name":"Official Czech &amp; Slovak Everton Supporters&#039; Club","article_publisher":"https:\/\/www.facebook.com\/everton.fans.cz.sk","article_published_time":"2014-10-01T13:52:26+00:00","article_modified_time":"2019-02-13T22:06:34+00:00","og_image":[{"width":720,"height":405,"url":"https:\/\/evertonfc.cz\/wp-content\/uploads\/2019\/01\/preview.jpg","type":"image\/jpeg"}],"author":"Ri\u010di","twitter_card":"summary_large_image","twitter_creator":"@rbrejsa","twitter_misc":{"Napsal(a)":"Ri\u010di","Odhadovan\u00e1 doba \u010dten\u00ed":"4 minuty"},"schema":{"@context":"https:\/\/schema.org","@graph":[{"@type":"Article","@id":"https:\/\/evertonfc.cz\/index.php\/2014\/10\/01\/preview-krasnodar-everton\/#article","isPartOf":{"@id":"https:\/\/evertonfc.cz\/index.php\/2014\/10\/01\/preview-krasnodar-everton\/"},"author":{"name":"Ri\u010di","@id":"https:\/\/evertonfc.cz\/#\/schema\/person\/f7a5daedb2ffee98480bc70e191aaef1"},"headline":"Preview: Krasnodar &#8211; Everton","datePublished":"2014-10-01T13:52:26+00:00","dateModified":"2019-02-13T22:06:34+00:00","mainEntityOfPage":{"@id":"https:\/\/evertonfc.cz\/index.php\/2014\/10\/01\/preview-krasnodar-everton\/"},"wordCount":775,"commentCount":0,"publisher":{"@id":"https:\/\/evertonfc.cz\/#organization"},"image":{"@id":"https:\/\/evertonfc.cz\/index.php\/2014\/10\/01\/preview-krasnodar-everton\/#primaryimage"},"thumbnailUrl":"https:\/\/evertonfc.cz\/wp-content\/uploads\/2019\/01\/preview.jpg","articleSection":["Z\u00e1pasy"],"inLanguage":"cs","potentialAction":[{"@type":"CommentAction","name":"Comment","target":["https:\/\/evertonfc.cz\/index.php\/2014\/10\/01\/preview-krasnodar-everton\/#respond"]}]},{"@type":"WebPage","@id":"https:\/\/evertonfc.cz\/index.php\/2014\/10\/01\/preview-krasnodar-everton\/","url":"https:\/\/evertonfc.cz\/index.php\/2014\/10\/01\/preview-krasnodar-everton\/","name":"Preview: Krasnodar - Everton - Official Czech &amp; Slovak Everton Supporters&#039; Club","isPartOf":{"@id":"https:\/\/evertonfc.cz\/#website"},"primaryImageOfPage":{"@id":"https:\/\/evertonfc.cz\/index.php\/2014\/10\/01\/preview-krasnodar-everton\/#primaryimage"},"image":{"@id":"https:\/\/evertonfc.cz\/index.php\/2014\/10\/01\/preview-krasnodar-everton\/#primaryimage"},"thumbnailUrl":"https:\/\/evertonfc.cz\/wp-content\/uploads\/2019\/01\/preview.jpg","datePublished":"2014-10-01T13:52:26+00:00","dateModified":"2019-02-13T22:06:34+00:00","breadcrumb":{"@id":"https:\/\/evertonfc.cz\/index.php\/2014\/10\/01\/preview-krasnodar-everton\/#breadcrumb"},"inLanguage":"cs","potentialAction":[{"@type":"ReadAction","target":["https:\/\/evertonfc.cz\/index.php\/2014\/10\/01\/preview-krasnodar-everton\/"]}]},{"@type":"ImageObject","inLanguage":"cs","@id":"https:\/\/evertonfc.cz\/index.php\/2014\/10\/01\/preview-krasnodar-everton\/#primaryimage","url":"https:\/\/evertonfc.cz\/wp-content\/uploads\/2019\/01\/preview.jpg","contentUrl":"https:\/\/evertonfc.cz\/wp-content\/uploads\/2019\/01\/preview.jpg","width":720,"height":405},{"@type":"BreadcrumbList","@id":"https:\/\/evertonfc.cz\/index.php\/2014\/10\/01\/preview-krasnodar-everton\/#breadcrumb","itemListElement":[{"@type":"ListItem","position":1,"name":"Home","item":"https:\/\/evertonfc.cz\/"},{"@type":"ListItem","position":2,"name":"Preview: Krasnodar &#8211; Everton"}]},{"@type":"WebSite","@id":"https:\/\/evertonfc.cz\/#website","url":"https:\/\/evertonfc.cz\/","name":"Official Czech &amp; Slovak Everton Supporters&#039; Club","description":"","publisher":{"@id":"https:\/\/evertonfc.cz\/#organization"},"potentialAction":[{"@type":"SearchAction","target":{"@type":"EntryPoint","urlTemplate":"https:\/\/evertonfc.cz\/?s={search_term_string}"},"query-input":{"@type":"PropertyValueSpecification","valueRequired":true,"valueName":"search_term_string"}}],"inLanguage":"cs"},{"@type":"Organization","@id":"https:\/\/evertonfc.cz\/#organization","name":"Official Czech & Slovak Everton Supporters' Club","url":"https:\/\/evertonfc.cz\/","logo":{"@type":"ImageObject","inLanguage":"cs","@id":"https:\/\/evertonfc.cz\/#\/schema\/logo\/image\/","url":"https:\/\/evertonfc.cz\/wp-content\/uploads\/2019\/05\/logo.png","contentUrl":"https:\/\/evertonfc.cz\/wp-content\/uploads\/2019\/05\/logo.png","width":112,"height":112,"caption":"Official Czech & Slovak Everton Supporters' Club"},"image":{"@id":"https:\/\/evertonfc.cz\/#\/schema\/logo\/image\/"},"sameAs":["https:\/\/www.facebook.com\/everton.fans.cz.sk"]},{"@type":"Person","@id":"https:\/\/evertonfc.cz\/#\/schema\/person\/f7a5daedb2ffee98480bc70e191aaef1","name":"Ri\u010di","sameAs":["https:\/\/x.com\/rbrejsa"],"url":"https:\/\/evertonfc.cz\/index.php\/author\/rici\/"}]}},"_links":{"self":[{"href":"https:\/\/evertonfc.cz\/index.php\/wp-json\/wp\/v2\/posts\/4615"}],"collection":[{"href":"https:\/\/evertonfc.cz\/index.php\/wp-json\/wp\/v2\/posts"}],"about":[{"href":"https:\/\/evertonfc.cz\/index.php\/wp-json\/wp\/v2\/types\/post"}],"author":[{"embeddable":true,"href":"https:\/\/evertonfc.cz\/index.php\/wp-json\/wp\/v2\/users\/6"}],"replies":[{"embeddable":true,"href":"https:\/\/evertonfc.cz\/index.php\/wp-json\/wp\/v2\/comments?post=4615"}],"version-history":[{"count":3,"href":"https:\/\/evertonfc.cz\/index.php\/wp-json\/wp\/v2\/posts\/4615\/revisions"}],"predecessor-version":[{"id":4886,"href":"https:\/\/evertonfc.cz\/index.php\/wp-json\/wp\/v2\/posts\/4615\/revisions\/4886"}],"wp:featuredmedia":[{"embeddable":true,"href":"https:\/\/evertonfc.cz\/index.php\/wp-json\/wp\/v2\/media\/1314"}],"wp:attachment":[{"href":"https:\/\/evertonfc.cz\/index.php\/wp-json\/wp\/v2\/media?parent=4615"}],"wp:term":[{"taxonomy":"category","embeddable":true,"href":"https:\/\/evertonfc.cz\/index.php\/wp-json\/wp\/v2\/categories?post=4615"},{"taxonomy":"post_tag","embeddable":true,"href":"https:\/\/evertonfc.cz\/index.php\/wp-json\/wp\/v2\/tags?post=4615"}],"curies":[{"name":"wp","href":"https:\/\/api.w.org\/{rel}","templated":true}]}}