{"id":4617,"date":"2014-09-27T15:55:09","date_gmt":"2014-09-27T13:55:09","guid":{"rendered":"http:\/\/evertonfc.cz\/?p=4617"},"modified":"2019-02-13T15:56:05","modified_gmt":"2019-02-13T14:56:05","slug":"liverpool-everton-11-2","status":"publish","type":"post","link":"https:\/\/evertonfc.cz\/index.php\/2014\/09\/27\/liverpool-everton-11-2\/","title":{"rendered":"Liverpool &#8211; Everton 1:1"},"content":{"rendered":"<h4 id=\"NewsPostDetailSummary\">Toffees v Merseyside derby hern\u011b nep\u0159esv\u011bd\u010dili, p\u0159esto u nich po z\u00e1v\u011bre\u010dn\u00e9m hvizdu p\u0159evl\u00e1d\u00e1 spokojenost, rem\u00edzu za\u0159\u00eddil n\u00e1dhernou st\u0159elou minutu p\u0159ed koncem kapit\u00e1n Phil Jagielka.<\/h4>\n<div id=\"NewsPostDetailContent\">\n<p>Roberto Mart\u00ednez se rozhodl zm\u011bnit syst\u00e9m a p\u0159e\u0161el na rozestaven\u00ed 4-3-3, Tony Hibbert nahradil zran\u011bn\u00e9ho Colemana, v Premier League nastoupil od prvn\u00ed minuty po 666 dnech. Muhamed Be\u0161i\u0107 si p\u0159ipsal premi\u00e9rov\u00fd ligov\u00fd start od prvn\u00ed minuty. V\u00a0\u00fatoku Romelu Lukaku hr\u00e1l z prav\u00e9ho k\u0159\u00eddla a uprost\u0159ed operoval Steven Naismith.<\/p>\n<p>Od prvn\u00ed minuty utk\u00e1n\u00ed chytlo rychl\u00e9 tempo s tvrd\u0161\u00edmi z\u00e1kroky, \u010dinil se hlavn\u011b Gareth Barry, jen\u017e po jednom z nich uvid\u011bl \u017elutou kartu. Zku\u0161en\u00fd Angli\u010dan se ocitl rovn\u011b\u017e u sporn\u00e9ho momentu, kdy\u017e ho do lokte nast\u0159elil Sterling, penalta se nep\u00edskala. Dom\u00e1c\u00ed si na rozhod\u010d\u00edho st\u011b\u017eovali v\u00edce ne\u017e host\u00e9, ti zase po\u017eadovali v\u00fdhodu pokutov\u00e9ho kopu po z\u00e1kroku Morena na Lukaka.<\/p>\n<p>Tim Howard zaskv\u011bl proti pokus Maria Balotelliho z\u00a0p\u0159\u00edm\u00e9ho kopu a pot\u00e9 proti hlavi\u010dce Adama Lallany z rohov\u00e9ho kopu, b\u00fdval\u00e9ho tahouna Saints neuhl\u00eddal Hibbert. A\u010dkoliv si Everton vytv\u00e1\u0159el pas\u00e1\u017ee, kdy dok\u00e1zal dob\u0159e kombinovat, p\u0159evahu dr\u017eel Liverpool. Ok\u00e9nko v jeho obran\u011b ale m\u00e1lem vyu\u017eil Leighton Baines, g\u00f3lovou p\u0159ihr\u00e1vku mu vystihl dob\u0159e postaven\u00fd Lovren. V dal\u0161\u00edch mo\u017enost Romelu Lukaku pouze rozchyt\u00e1val reprezenta\u010dn\u00edho kolegu Mignoleta.<\/p>\n<p>Stopersk\u00e9 duo Stones-Jagielko odv\u00e1d\u011blo kvalitn\u00ed pr\u00e1ci, p\u0159esto jim ob\u010das zava\u0159ili chybuj\u00edc\u00ed spoluhr\u00e1\u010di. Rozhodn\u011b lep\u0161\u00ed dny za\u017eil Gareth Barry, Howard za n\u011bj hasil po hrubce v rozehr\u00e1vce, z \u00fahlu zkou\u0161el \u0161t\u011bst\u00ed Raheem Sterling.<\/p>\n<p>\u010cernou ka\u0148ku na prvn\u00edm polo\u010dase p\u0159edstavovalo zran\u011bn\u00ed Kevina Mirallase, Belgi\u010dan se p\u0159i sprintu chytnul za stehenn\u00ed sval a musel ho nahradit Aiden McGeady. A\u010d dobu l\u00e9\u010den\u00ed ur\u010d\u00ed a\u017e podrobn\u011bj\u0161\u00ed vy\u0161et\u0159en\u00ed, Mart\u00ednez neo\u010dek\u00e1v\u00e1 pozitivn\u00ed zpr\u00e1vy. Mirallas si v minul\u00fdch derby z\u00e1pasech nez\u00edskal n\u00e1klonnost Reds, co\u017e mu charaktern\u00ed fanou\u0161ci dali najevo p\u0159i nucen\u00e9m odchodu ze h\u0159i\u0161t\u011b.<\/p>\n<p>Druh\u00fd polo\u010das za\u010dal v pomalej\u0161\u00edm tempu, Evertonu se nad\u00e1le neda\u0159ilo v\u00a0ofenziv\u011b. Lukaku p\u016fsobil ztracen\u011b na prav\u00e9m k\u0159\u00eddle, kde m\u011bl pravd\u011bpodobn\u011b zam\u011bstn\u00e1vat \u00fato\u010dn\u011b nalad\u011bn\u00e9ho Morena, a Naismith zase \u0161patn\u011b vy\u0159e\u0161il nejednu akci. Div\u00e1ky rozproudila a\u017e 65. minuta, Steven Gerrard se postavil k trestn\u00e9mu kopu a technick\u00fdm pokusem p\u0159ekonal Howarda, jen\u017e si na m\u00ed\u010d sta\u010dil s\u00e1hnout &#8211;\u00a0<strong>1:0<\/strong>. LFC se vezlo na vln\u011b euforie a tou\u017eilo zdvojn\u00e1sobit veden\u00ed, Sterling se prohnal kolem Hibberta a odcentroval na Balotelliho, kter\u00e9ho v obrovsk\u00e9 \u0161anci vychytal Howard s pomoc\u00ed b\u0159evna.<\/p>\n<p>V posledn\u00edch 20 minut\u00e1ch se Rodgersovci trochu nepochopiteln\u011b zat\u00e1hli, Mart\u00ednez trochu o\u017eivil hru \u010derstv\u00fdmi Browningem a Eto\u00b4em, i tak v\u0161ak \u017e\u00e1dn\u00fd soustavn\u00fd tlak nekonal. St\u0159etnut\u00ed u\u017e u\u017e sm\u011b\u0159ovalo triumfu hostitel\u016f&#8230; jen\u017ee \u00a0v 92. minut\u011b Phil Jagielka nap\u00e1lil odra\u017een\u00fd balon za \u0161estn\u00e1ctkou rovnou do \u0161ibenice &#8211;\u00a0<strong>1:1<\/strong>! A k naprost\u00e9mu \u0161oku mnoho nesch\u00e1zelo, Barry vz\u00e1p\u011bt\u00ed zakon\u010doval p\u0159\u00edm\u00fd kop chytrou pati\u010dkou jen t\u011bsn\u011b vedle ty\u010de.<\/p>\n<p>Highlights naleznete na\u00a0<a href=\"http:\/\/www.evertonfc.com\/evertontv\/archive\/2014\/09\/27\/liverpool-1-1-everton-20-minute-highlights\" target=\"_blank\" rel=\"noopener\">ofici\u00e1ln\u00edch str\u00e1nk\u00e1ch<\/a>\u00a0nebo\u00a0<a href=\"http:\/\/footyroom.com\/liverpool-1-1-everton-2014-09\/\" target=\"_blank\" rel=\"noopener\">zde<\/a>.<\/p>\n<p><strong>Branky:<\/strong>\u00a065. Steven Gerrard &#8211; 90+2. Phil Jagielka<br \/>\n<strong>\u017dK:<\/strong>\u00a069. Steven Gerrard, 90+3. Alberto Moreno &#8211; 2. Gareth Barry<br \/>\n<strong>Liverpool FC:<\/strong>\u00a0Simon Mignolet, Javi Manquillo, Martin \u0160krtel, Dejan Lovren, Alberto Moreno, Jordan Henderson, Steven Gerrard, Lazar Markovi\u0107 (60. Coutinho), Raheem Sterling, Adam Lallana, Mario Balotelli (88. Rickie Lambert)<br \/>\n<strong>Everton FC:<\/strong>\u00a0Tim Howard, Tony Hibbert (73. Tyias Browning), John Stones, Phil Jagielka, Leighton Baines, James McCarthy, Muhamed Be\u0161i\u0107 (80. Samuel Eto&#8217;o), Gareth Barry, Steven Naismith, Romelu Lukaku, Kevin Mirallas (31. Aiden McGeady)<br \/>\n<strong>Rozhod\u010d\u00ed:<\/strong>\u00a0Martin Atkinson<br \/>\n<strong>Div\u00e1ci:<\/strong>\u00a044 511<\/p>\n<\/div>\n","protected":false},"excerpt":{"rendered":"<p>Toffees v Merseyside derby hern\u011b nep\u0159esv\u011bd\u010dili, p\u0159esto u nich po z\u00e1v\u011bre\u010dn\u00e9m hvizdu p\u0159evl\u00e1d\u00e1 spokojenost, rem\u00edzu za\u0159\u00eddil n\u00e1dhernou st\u0159elou minutu p\u0159ed&hellip;<\/p>\n","protected":false},"author":6,"featured_media":1315,"comment_status":"open","ping_status":"closed","sticky":false,"template":"","format":"standard","meta":{"_eb_attr":"","_monsterinsights_skip_tracking":false,"_monsterinsights_sitenote_active":false,"_monsterinsights_sitenote_note":"","_monsterinsights_sitenote_category":0,"footnotes":""},"categories":[4],"tags":[],"yoast_head":"<!-- This site is optimized with the Yoast SEO plugin v23.4 - https:\/\/yoast.com\/wordpress\/plugins\/seo\/ -->\n<title>Liverpool - Everton 1:1 - Official Czech &amp; Slovak Everton Supporters&#039; Club<\/title>\n<meta name=\"robots\" content=\"index, follow, max-snippet:-1, max-image-preview:large, max-video-preview:-1\" \/>\n<link rel=\"canonical\" href=\"https:\/\/evertonfc.cz\/index.php\/2014\/09\/27\/liverpool-everton-11-2\/\" \/>\n<meta property=\"og:locale\" content=\"cs_CZ\" \/>\n<meta property=\"og:type\" content=\"article\" \/>\n<meta property=\"og:title\" content=\"Liverpool - Everton 1:1 - Official Czech &amp; Slovak Everton Supporters&#039; Club\" \/>\n<meta property=\"og:description\" content=\"Toffees v Merseyside derby hern\u011b nep\u0159esv\u011bd\u010dili, p\u0159esto u nich po z\u00e1v\u011bre\u010dn\u00e9m hvizdu p\u0159evl\u00e1d\u00e1 spokojenost, rem\u00edzu za\u0159\u00eddil n\u00e1dhernou st\u0159elou minutu p\u0159ed&hellip;\" \/>\n<meta property=\"og:url\" content=\"https:\/\/evertonfc.cz\/index.php\/2014\/09\/27\/liverpool-everton-11-2\/\" \/>\n<meta property=\"og:site_name\" content=\"Official Czech &amp; Slovak Everton Supporters&#039; Club\" \/>\n<meta property=\"article:publisher\" content=\"https:\/\/www.facebook.com\/everton.fans.cz.sk\" \/>\n<meta property=\"article:published_time\" content=\"2014-09-27T13:55:09+00:00\" \/>\n<meta property=\"article:modified_time\" content=\"2019-02-13T14:56:05+00:00\" \/>\n<meta property=\"og:image\" content=\"https:\/\/evertonfc.cz\/wp-content\/uploads\/2019\/01\/report.jpg\" \/>\n\t<meta property=\"og:image:width\" content=\"720\" \/>\n\t<meta property=\"og:image:height\" content=\"405\" \/>\n\t<meta property=\"og:image:type\" content=\"image\/jpeg\" \/>\n<meta name=\"author\" content=\"Ri\u010di\" \/>\n<meta name=\"twitter:card\" content=\"summary_large_image\" \/>\n<meta name=\"twitter:creator\" content=\"@rbrejsa\" \/>\n<meta name=\"twitter:label1\" content=\"Napsal(a)\" \/>\n\t<meta name=\"twitter:data1\" content=\"Ri\u010di\" \/>\n\t<meta name=\"twitter:label2\" content=\"Odhadovan\u00e1 doba \u010dten\u00ed\" \/>\n\t<meta name=\"twitter:data2\" content=\"3 minuty\" \/>\n<script type=\"application\/ld+json\" class=\"yoast-schema-graph\">{\"@context\":\"https:\/\/schema.org\",\"@graph\":[{\"@type\":\"Article\",\"@id\":\"https:\/\/evertonfc.cz\/index.php\/2014\/09\/27\/liverpool-everton-11-2\/#article\",\"isPartOf\":{\"@id\":\"https:\/\/evertonfc.cz\/index.php\/2014\/09\/27\/liverpool-everton-11-2\/\"},\"author\":{\"name\":\"Ri\u010di\",\"@id\":\"https:\/\/evertonfc.cz\/#\/schema\/person\/f7a5daedb2ffee98480bc70e191aaef1\"},\"headline\":\"Liverpool &#8211; Everton 1:1\",\"datePublished\":\"2014-09-27T13:55:09+00:00\",\"dateModified\":\"2019-02-13T14:56:05+00:00\",\"mainEntityOfPage\":{\"@id\":\"https:\/\/evertonfc.cz\/index.php\/2014\/09\/27\/liverpool-everton-11-2\/\"},\"wordCount\":675,\"commentCount\":0,\"publisher\":{\"@id\":\"https:\/\/evertonfc.cz\/#organization\"},\"image\":{\"@id\":\"https:\/\/evertonfc.cz\/index.php\/2014\/09\/27\/liverpool-everton-11-2\/#primaryimage\"},\"thumbnailUrl\":\"https:\/\/evertonfc.cz\/wp-content\/uploads\/2019\/01\/report.jpg\",\"articleSection\":[\"Z\u00e1pasy\"],\"inLanguage\":\"cs\",\"potentialAction\":[{\"@type\":\"CommentAction\",\"name\":\"Comment\",\"target\":[\"https:\/\/evertonfc.cz\/index.php\/2014\/09\/27\/liverpool-everton-11-2\/#respond\"]}]},{\"@type\":\"WebPage\",\"@id\":\"https:\/\/evertonfc.cz\/index.php\/2014\/09\/27\/liverpool-everton-11-2\/\",\"url\":\"https:\/\/evertonfc.cz\/index.php\/2014\/09\/27\/liverpool-everton-11-2\/\",\"name\":\"Liverpool - Everton 1:1 - Official Czech &amp; Slovak Everton Supporters&#039; Club\",\"isPartOf\":{\"@id\":\"https:\/\/evertonfc.cz\/#website\"},\"primaryImageOfPage\":{\"@id\":\"https:\/\/evertonfc.cz\/index.php\/2014\/09\/27\/liverpool-everton-11-2\/#primaryimage\"},\"image\":{\"@id\":\"https:\/\/evertonfc.cz\/index.php\/2014\/09\/27\/liverpool-everton-11-2\/#primaryimage\"},\"thumbnailUrl\":\"https:\/\/evertonfc.cz\/wp-content\/uploads\/2019\/01\/report.jpg\",\"datePublished\":\"2014-09-27T13:55:09+00:00\",\"dateModified\":\"2019-02-13T14:56:05+00:00\",\"breadcrumb\":{\"@id\":\"https:\/\/evertonfc.cz\/index.php\/2014\/09\/27\/liverpool-everton-11-2\/#breadcrumb\"},\"inLanguage\":\"cs\",\"potentialAction\":[{\"@type\":\"ReadAction\",\"target\":[\"https:\/\/evertonfc.cz\/index.php\/2014\/09\/27\/liverpool-everton-11-2\/\"]}]},{\"@type\":\"ImageObject\",\"inLanguage\":\"cs\",\"@id\":\"https:\/\/evertonfc.cz\/index.php\/2014\/09\/27\/liverpool-everton-11-2\/#primaryimage\",\"url\":\"https:\/\/evertonfc.cz\/wp-content\/uploads\/2019\/01\/report.jpg\",\"contentUrl\":\"https:\/\/evertonfc.cz\/wp-content\/uploads\/2019\/01\/report.jpg\",\"width\":720,\"height\":405},{\"@type\":\"BreadcrumbList\",\"@id\":\"https:\/\/evertonfc.cz\/index.php\/2014\/09\/27\/liverpool-everton-11-2\/#breadcrumb\",\"itemListElement\":[{\"@type\":\"ListItem\",\"position\":1,\"name\":\"Home\",\"item\":\"https:\/\/evertonfc.cz\/\"},{\"@type\":\"ListItem\",\"position\":2,\"name\":\"Liverpool &#8211; Everton 1:1\"}]},{\"@type\":\"WebSite\",\"@id\":\"https:\/\/evertonfc.cz\/#website\",\"url\":\"https:\/\/evertonfc.cz\/\",\"name\":\"Official Czech &amp; Slovak Everton Supporters&#039; Club\",\"description\":\"\",\"publisher\":{\"@id\":\"https:\/\/evertonfc.cz\/#organization\"},\"potentialAction\":[{\"@type\":\"SearchAction\",\"target\":{\"@type\":\"EntryPoint\",\"urlTemplate\":\"https:\/\/evertonfc.cz\/?s={search_term_string}\"},\"query-input\":{\"@type\":\"PropertyValueSpecification\",\"valueRequired\":true,\"valueName\":\"search_term_string\"}}],\"inLanguage\":\"cs\"},{\"@type\":\"Organization\",\"@id\":\"https:\/\/evertonfc.cz\/#organization\",\"name\":\"Official Czech & Slovak Everton Supporters' Club\",\"url\":\"https:\/\/evertonfc.cz\/\",\"logo\":{\"@type\":\"ImageObject\",\"inLanguage\":\"cs\",\"@id\":\"https:\/\/evertonfc.cz\/#\/schema\/logo\/image\/\",\"url\":\"https:\/\/evertonfc.cz\/wp-content\/uploads\/2019\/05\/logo.png\",\"contentUrl\":\"https:\/\/evertonfc.cz\/wp-content\/uploads\/2019\/05\/logo.png\",\"width\":112,\"height\":112,\"caption\":\"Official Czech & Slovak Everton Supporters' Club\"},\"image\":{\"@id\":\"https:\/\/evertonfc.cz\/#\/schema\/logo\/image\/\"},\"sameAs\":[\"https:\/\/www.facebook.com\/everton.fans.cz.sk\"]},{\"@type\":\"Person\",\"@id\":\"https:\/\/evertonfc.cz\/#\/schema\/person\/f7a5daedb2ffee98480bc70e191aaef1\",\"name\":\"Ri\u010di\",\"sameAs\":[\"https:\/\/x.com\/rbrejsa\"],\"url\":\"https:\/\/evertonfc.cz\/index.php\/author\/rici\/\"}]}<\/script>\n<!-- \/ Yoast SEO plugin. -->","yoast_head_json":{"title":"Liverpool - Everton 1:1 - Official Czech &amp; Slovak Everton Supporters&#039; Club","robots":{"index":"index","follow":"follow","max-snippet":"max-snippet:-1","max-image-preview":"max-image-preview:large","max-video-preview":"max-video-preview:-1"},"canonical":"https:\/\/evertonfc.cz\/index.php\/2014\/09\/27\/liverpool-everton-11-2\/","og_locale":"cs_CZ","og_type":"article","og_title":"Liverpool - Everton 1:1 - Official Czech &amp; Slovak Everton Supporters&#039; Club","og_description":"Toffees v Merseyside derby hern\u011b nep\u0159esv\u011bd\u010dili, p\u0159esto u nich po z\u00e1v\u011bre\u010dn\u00e9m hvizdu p\u0159evl\u00e1d\u00e1 spokojenost, rem\u00edzu za\u0159\u00eddil n\u00e1dhernou st\u0159elou minutu p\u0159ed&hellip;","og_url":"https:\/\/evertonfc.cz\/index.php\/2014\/09\/27\/liverpool-everton-11-2\/","og_site_name":"Official Czech &amp; Slovak Everton Supporters&#039; Club","article_publisher":"https:\/\/www.facebook.com\/everton.fans.cz.sk","article_published_time":"2014-09-27T13:55:09+00:00","article_modified_time":"2019-02-13T14:56:05+00:00","og_image":[{"width":720,"height":405,"url":"https:\/\/evertonfc.cz\/wp-content\/uploads\/2019\/01\/report.jpg","type":"image\/jpeg"}],"author":"Ri\u010di","twitter_card":"summary_large_image","twitter_creator":"@rbrejsa","twitter_misc":{"Napsal(a)":"Ri\u010di","Odhadovan\u00e1 doba \u010dten\u00ed":"3 minuty"},"schema":{"@context":"https:\/\/schema.org","@graph":[{"@type":"Article","@id":"https:\/\/evertonfc.cz\/index.php\/2014\/09\/27\/liverpool-everton-11-2\/#article","isPartOf":{"@id":"https:\/\/evertonfc.cz\/index.php\/2014\/09\/27\/liverpool-everton-11-2\/"},"author":{"name":"Ri\u010di","@id":"https:\/\/evertonfc.cz\/#\/schema\/person\/f7a5daedb2ffee98480bc70e191aaef1"},"headline":"Liverpool &#8211; Everton 1:1","datePublished":"2014-09-27T13:55:09+00:00","dateModified":"2019-02-13T14:56:05+00:00","mainEntityOfPage":{"@id":"https:\/\/evertonfc.cz\/index.php\/2014\/09\/27\/liverpool-everton-11-2\/"},"wordCount":675,"commentCount":0,"publisher":{"@id":"https:\/\/evertonfc.cz\/#organization"},"image":{"@id":"https:\/\/evertonfc.cz\/index.php\/2014\/09\/27\/liverpool-everton-11-2\/#primaryimage"},"thumbnailUrl":"https:\/\/evertonfc.cz\/wp-content\/uploads\/2019\/01\/report.jpg","articleSection":["Z\u00e1pasy"],"inLanguage":"cs","potentialAction":[{"@type":"CommentAction","name":"Comment","target":["https:\/\/evertonfc.cz\/index.php\/2014\/09\/27\/liverpool-everton-11-2\/#respond"]}]},{"@type":"WebPage","@id":"https:\/\/evertonfc.cz\/index.php\/2014\/09\/27\/liverpool-everton-11-2\/","url":"https:\/\/evertonfc.cz\/index.php\/2014\/09\/27\/liverpool-everton-11-2\/","name":"Liverpool - Everton 1:1 - Official Czech &amp; Slovak Everton Supporters&#039; Club","isPartOf":{"@id":"https:\/\/evertonfc.cz\/#website"},"primaryImageOfPage":{"@id":"https:\/\/evertonfc.cz\/index.php\/2014\/09\/27\/liverpool-everton-11-2\/#primaryimage"},"image":{"@id":"https:\/\/evertonfc.cz\/index.php\/2014\/09\/27\/liverpool-everton-11-2\/#primaryimage"},"thumbnailUrl":"https:\/\/evertonfc.cz\/wp-content\/uploads\/2019\/01\/report.jpg","datePublished":"2014-09-27T13:55:09+00:00","dateModified":"2019-02-13T14:56:05+00:00","breadcrumb":{"@id":"https:\/\/evertonfc.cz\/index.php\/2014\/09\/27\/liverpool-everton-11-2\/#breadcrumb"},"inLanguage":"cs","potentialAction":[{"@type":"ReadAction","target":["https:\/\/evertonfc.cz\/index.php\/2014\/09\/27\/liverpool-everton-11-2\/"]}]},{"@type":"ImageObject","inLanguage":"cs","@id":"https:\/\/evertonfc.cz\/index.php\/2014\/09\/27\/liverpool-everton-11-2\/#primaryimage","url":"https:\/\/evertonfc.cz\/wp-content\/uploads\/2019\/01\/report.jpg","contentUrl":"https:\/\/evertonfc.cz\/wp-content\/uploads\/2019\/01\/report.jpg","width":720,"height":405},{"@type":"BreadcrumbList","@id":"https:\/\/evertonfc.cz\/index.php\/2014\/09\/27\/liverpool-everton-11-2\/#breadcrumb","itemListElement":[{"@type":"ListItem","position":1,"name":"Home","item":"https:\/\/evertonfc.cz\/"},{"@type":"ListItem","position":2,"name":"Liverpool &#8211; Everton 1:1"}]},{"@type":"WebSite","@id":"https:\/\/evertonfc.cz\/#website","url":"https:\/\/evertonfc.cz\/","name":"Official Czech &amp; Slovak Everton Supporters&#039; Club","description":"","publisher":{"@id":"https:\/\/evertonfc.cz\/#organization"},"potentialAction":[{"@type":"SearchAction","target":{"@type":"EntryPoint","urlTemplate":"https:\/\/evertonfc.cz\/?s={search_term_string}"},"query-input":{"@type":"PropertyValueSpecification","valueRequired":true,"valueName":"search_term_string"}}],"inLanguage":"cs"},{"@type":"Organization","@id":"https:\/\/evertonfc.cz\/#organization","name":"Official Czech & Slovak Everton Supporters' Club","url":"https:\/\/evertonfc.cz\/","logo":{"@type":"ImageObject","inLanguage":"cs","@id":"https:\/\/evertonfc.cz\/#\/schema\/logo\/image\/","url":"https:\/\/evertonfc.cz\/wp-content\/uploads\/2019\/05\/logo.png","contentUrl":"https:\/\/evertonfc.cz\/wp-content\/uploads\/2019\/05\/logo.png","width":112,"height":112,"caption":"Official Czech & Slovak Everton Supporters' Club"},"image":{"@id":"https:\/\/evertonfc.cz\/#\/schema\/logo\/image\/"},"sameAs":["https:\/\/www.facebook.com\/everton.fans.cz.sk"]},{"@type":"Person","@id":"https:\/\/evertonfc.cz\/#\/schema\/person\/f7a5daedb2ffee98480bc70e191aaef1","name":"Ri\u010di","sameAs":["https:\/\/x.com\/rbrejsa"],"url":"https:\/\/evertonfc.cz\/index.php\/author\/rici\/"}]}},"_links":{"self":[{"href":"https:\/\/evertonfc.cz\/index.php\/wp-json\/wp\/v2\/posts\/4617"}],"collection":[{"href":"https:\/\/evertonfc.cz\/index.php\/wp-json\/wp\/v2\/posts"}],"about":[{"href":"https:\/\/evertonfc.cz\/index.php\/wp-json\/wp\/v2\/types\/post"}],"author":[{"embeddable":true,"href":"https:\/\/evertonfc.cz\/index.php\/wp-json\/wp\/v2\/users\/6"}],"replies":[{"embeddable":true,"href":"https:\/\/evertonfc.cz\/index.php\/wp-json\/wp\/v2\/comments?post=4617"}],"version-history":[{"count":1,"href":"https:\/\/evertonfc.cz\/index.php\/wp-json\/wp\/v2\/posts\/4617\/revisions"}],"predecessor-version":[{"id":4618,"href":"https:\/\/evertonfc.cz\/index.php\/wp-json\/wp\/v2\/posts\/4617\/revisions\/4618"}],"wp:featuredmedia":[{"embeddable":true,"href":"https:\/\/evertonfc.cz\/index.php\/wp-json\/wp\/v2\/media\/1315"}],"wp:attachment":[{"href":"https:\/\/evertonfc.cz\/index.php\/wp-json\/wp\/v2\/media?parent=4617"}],"wp:term":[{"taxonomy":"category","embeddable":true,"href":"https:\/\/evertonfc.cz\/index.php\/wp-json\/wp\/v2\/categories?post=4617"},{"taxonomy":"post_tag","embeddable":true,"href":"https:\/\/evertonfc.cz\/index.php\/wp-json\/wp\/v2\/tags?post=4617"}],"curies":[{"name":"wp","href":"https:\/\/api.w.org\/{rel}","templated":true}]}}