{"id":4619,"date":"2014-09-26T15:56:14","date_gmt":"2014-09-26T13:56:14","guid":{"rendered":"http:\/\/evertonfc.cz\/?p=4619"},"modified":"2020-05-14T12:24:40","modified_gmt":"2020-05-14T10:24:40","slug":"prvy-oficialny-cesko-slovensky-klub-podporovatelov-everton-fc-schvaleny","status":"publish","type":"post","link":"https:\/\/evertonfc.cz\/index.php\/2014\/09\/26\/prvy-oficialny-cesko-slovensky-klub-podporovatelov-everton-fc-schvaleny\/","title":{"rendered":"Prv\u00fd ofici\u00e1lny \u010desko &#8211; slovensk\u00fd klub podporovate\u013eov Everton FC schv\u00e1len\u00fd!"},"content":{"rendered":"<h4 id=\"NewsPostDetailSummary\">Dnes pri\u0161iel po\u0161tou z Evertonu certifik\u00e1t potvrdzuj\u00faci schv\u00e1lenie ofici\u00e1lneho \u010cesko \u2013 Slovensk\u00e9ho klubu podporovate\u013eov Evertonu (\u201eCzech and Slovak Everton Supporters\u00b4Club\u201c). Pr\u00e1ca s letn\u00fdm d\u00e1van\u00edm Evertonians v\u00a0\u010cR a\u00a0SR dokopy a\u00a0zo septembrov\u00fdm urgovan\u00edm EFC oh\u013eadom schv\u00e1lenia, priniesla ovocie.<\/h4>\n<div id=\"NewsPostDetailContent\">\n<p>Certifik\u00e1t dorazil dnes na po\u0161tov\u00fa adresu n\u00e1\u0161ho predsedu (a admina tejto str\u00e1nky) Ri\u010diho, ktor\u00fd s\u00a0touto radostnou spr\u00e1vu hne\u010f obozn\u00e1mil telefonicky a\u00a0emailom ostatn\u00fdch, ktor\u00ed sa akt\u00edvne podie\u013eali na jeho vzniku. Kolegovia v\u00a0pr\u00e1ci sa po mojom radostnom v\u00fdkriku udivene pozerali na m\u0148a ak\u00e1\u017ee pracovn\u00e1 spr\u00e1va ma tak nadchla&#8230; J Ver\u00edme, \u017ee t\u00fdm, hom miniat\u00farne, pom\u00f4\u017eeme mana\u017ementu Evertonu pri komer\u010dn\u00fdch jednaniach a\u00a0naopak existencia Supporters Club-u trochu pom\u00f4\u017ee \u010desk\u00fdm a\u00a0slovensk\u00fdm fan\u00fa\u0161ikom v\u00a0pr\u00edstupe k\u00a0l\u00edstkom (pravdepodobne hlavne pri away z\u00e1pasoch). Moment\u00e1lne presne nevieme, pri ktor\u00fdch z\u00e1pasoch budeme m\u00f4c\u0165 \u010derpa\u0165 ko\u013eko l\u00edstkov &#8211; je to na\u0161a prv\u00e1 sez\u00f3na ako ofici\u00e1lneho Kubu podporovate\u013eov, tak majte pros\u00edm s\u00a0nami aj EFC trpezlivos\u0165 J Odteraz V\u00e1s budeme informova\u0165 o\u00a0v\u0161etk\u00fdch inform\u00e1ci\u00e1ch a\u00a0pozv\u00e1nkach, ktor\u00e9 pr\u00eddu z\u00a0EFC pre Supporters\u00b4 Club. A\u00a0naopak, ak budete chcie\u0165 vycestova\u0165 na niektor\u00e9 z\u00e1pasy a\u00a0budete chcie\u0165 vyu\u017ei\u0165 existenciu n\u00e1\u0161ho Supporters\u00b4 Club-u, kontaktujte jedn\u00e9ho z\u00a0trojice zvolen\u00fdch (aj ke\u010f pom\u00f4c\u0165 sa bud\u00fa sna\u017ei\u0165 aj \u010fal\u0161\u00ed):<\/p>\n<p>Predseda: Ri\u010di<\/p>\n<p>Tajomn\u00edk: Everton1878<\/p>\n<p>Pokladn\u00edk: Javor<\/p>\n<p>na n\u00e1\u0161 spolo\u010dn\u00fd mail\u00a0<a href=\"mailto:czskevertonians@gmail.com\">czskevertonians@gmail.com<\/a>. Budeme sa ho sna\u017ei\u0165 sledova\u0165 denne, ale pre istotu okrem mailu nap\u00ed\u0161te upozornenie o\u00a0Va\u0161om mailu aj sem na str\u00e1nku.<\/p>\n<p>Na z\u00e1ver si dovol\u00edm e\u0161te pripomen\u00fa\u0165 benefity Supporters\u00b4Clubu pre klub i\u00a0n\u00e1s, priaznivcov.<\/p>\n<h4><strong>Benefity pre klub:<\/strong><\/h4>\n<p>1.\u00a0 V\u00e4\u010d\u0161\u00ed po\u010det registrovan\u00fdch priaznivcov vo v\u00e4\u010d\u0161om po\u010dte kraj\u00edn zlep\u0161uje vyjedn\u00e1vaciu poz\u00edciu mana\u017ementu klubu pri komer\u010dn\u00fdch jednaniach o\u00a0v\u00fd\u0161ke sponzorsk\u00fdch zml\u00fav \u2013 o v\u00e4\u010d\u0161om finan\u010dnom pr\u00edjme do pokladne EFC (podobne je to s\u00a0po\u010dtom \u010dlenov ofici\u00e1lneho klubu individu\u00e1lnych podporovate\u013eov Everton FC \u201eForeverton\u201c a\u00a0k\u00fapou suven\u00edrov, ve\u013emi odpor\u00fa\u010dame oboje). Verejne deklarovan\u00fdm cie\u013eom klubu je preto zvy\u0161ovanie po\u010dtu dom\u00e1cich aj zahrani\u010dn\u00fdch fan\u00fa\u0161ikovsk\u00fdch podporovate\u013esk\u00fdch klubov (naz\u00fdvan\u00fdch branches).<\/p>\n<p>2.\u00a0 Mo\u017enos\u0165 konzultova\u0165 proces zakladania pobo\u010diek, ich benefity a\u00a0podmienky vzniku a\u00a0fungovania.<\/p>\n<p>3.\u00a0 Zvy\u0161ova\u0165 poznatky mana\u017ementu klubu o\u00a0priaznivcoch.<\/p>\n<p>4.\u00a0 Zvy\u0161ova\u0165 predaj l\u00edstkov na z\u00e1pasy Everton FC kupovan\u00e9 cez ofici\u00e1lne pobo\u010dky podporovate\u013eov Everton FC.<\/p>\n<h4><strong>Benefity pre \u010dlenov ofici\u00e1lnych zahrani\u010dn\u00fdch podporovate\u013esk\u00fdch klubov Everton FC pre sez\u00f3nu 2014 \/ 2015:<\/strong><\/h4>\n<p>1. Pr\u00edstup (samozrejme limitovan\u00fd dostupnos\u0165ou) k\u00a0l\u00edstkom na v\u0161etky dom\u00e1ce z\u00e1pasy Everton FC, dom\u00e1ce poh\u00e1rov\u00e9 s\u00fa\u0165a\u017ee a\u00a0z\u00e1pasy Eur\u00f3pskej ligy. Po\u010det l\u00edstkov o\u00a0ktor\u00e9 budeme \u017eiada\u0165 na niektor\u00fd z\u00e1pas nesmie prekro\u010di\u0165 po\u010det \u010dlenov podporovate\u013esk\u00e9ho klubu. \u010co sa t\u00fdka pon\u00fak na skupinov\u00e9 k\u00fapenie l\u00edstkov, Everton FC pon\u00fakne skupinovo l\u00edstky na 4 z\u00e1pasy EFC, konkretiz\u00e1cia t\u00fdchto pon\u00fak je predmetom dostupnosti.<\/p>\n<p>2. Z\u013eaven\u00e9 l\u00edstky na jeden dom\u00e1ci z\u00e1pas Everton FC (kateg\u00f3rie D).<\/p>\n<p>\u010co sa t\u00fdka pr\u00edstupu k\u00a0l\u00edstkom a\u00a0ich k\u00fape \u2013 benefity a\u00a0podmienky nemenia ni\u010d na \u010fal\u0161\u00edch podmienkach pre k\u00fapu l\u00edstkov a\u00a0pravidl\u00e1ch spr\u00e1vania sa v\u00a0Goodison parku uverejnen\u00fdch na ofici\u00e1lnej str\u00e1nke\u00a0<a href=\"http:\/\/www.evertonfc.com\/\" target=\"_blank\" rel=\"noopener noreferrer\"><strong>www.evertonfc.com<\/strong><\/a>. L\u00edstky kupovan\u00e9 cez pobo\u010dku nebud\u00fa registrovan\u00e9 cez spotrebite\u013esk\u00e9 \u010d\u00edslo jednotliv\u00fdch fan\u00fa\u0161ikov, pokia\u013e sa toto \u0161pecificky neuvedie pri ich k\u00fape. Taktie\u017e, k\u00fapa l\u00edstkov cez klub podporovate\u013eov nebude registrovan\u00e1 v\u00a0hist\u00f3rii kupovania jednotlivej osoby. L\u00edstky na z\u00e1pasy bud\u00fa dostupn\u00e9 k\u00a0predaju mesiac pred z\u00e1pasom, je odpor\u00fa\u010dan\u00e9 \u017eiada\u0165 o\u00a0nich \u010do najsk\u00f4r od zverejnenia ich predaja, aby sa predi\u0161lo sklamaniam kv\u00f4li ich nedostupnosti (inak povedan\u00e9, nie \u017ee si niekto zmysl\u00ed 5 dn\u00ed pred derby \u017ee chce \u00eds\u0165 a\u00a0bude o\u010dak\u00e1va\u0165, \u017ee cez na\u0161u pobo\u010dku automaticky z\u00edska l\u00edstok J). Na vonkaj\u0161ie z\u00e1pasy platia rovnako krit\u00e9ri\u00e1 pre k\u00fapu l\u00edstkov EFC \u2013 pre sez\u00f3nu 2014 \u2013 2015 s\u00fa dostupn\u00e9 len pre majite\u013eov permanentiek 2014 \u2013 2015. K\u00a0tejto podmienke je potrebn\u00e9 doplni\u0165, \u017ee aj ke\u010f m\u00e1 Everton jeden z\u00a0najlep\u0161\u00edch a\u00a0najpo\u010detnej\u0161\u00edch away supportov a\u00a0ka\u017ed\u00fd \/ takmer ka\u017ed\u00fd je vypredan\u00fd, m\u00f4\u017ee sa v\u00a0sez\u00f3ne vyskytn\u00fa\u0165 zop\u00e1r z\u00e1pasov, ktor\u00e9 permanentk\u00e1ri nevyk\u00fapia.<\/p>\n<p>3. Pr\u00edstup k\u00a0jedn\u00e9mu kusu podp\u00edsan\u00e9ho suven\u00edru (o ktor\u00fd mus\u00ed by\u0165 po\u017eiadan\u00e9 najnesk\u00f4r do 1.4.2015). V\u00fdber konkr\u00e9tneho podp\u00edsan\u00e9ho suven\u00edru je vecou rozhodnutia EFC. Za ka\u017ed\u00fd trist\u00fd predan\u00fd l\u00edstok (cez podporovate\u013esk\u00fd klub) na dom\u00e1ci z\u00e1pas Everton FC z\u00edska pobo\u010dka dres EFC s\u00a0podpismi v\u0161etk\u00fdch hr\u00e1\u010dov.<\/p>\n<p>4. Zahrnutie do Celosvetovej aktivity v\u00a0de\u0148 z\u00e1pasu Everton FC.<\/p>\n<p>5. Pozvania na exkluz\u00edvne akcie a\u00a0aktivity pre ofici\u00e1lne kluby podporovate\u013eov.<\/p>\n<p>6. Autorizovan\u00e9 opr\u00e1vnenie pou\u017e\u00edva\u0165 logo Everton FC ako aj ostatn\u00e9 registrovan\u00e9 symboly EFC pre nekomer\u010dn\u00e9 \u00fa\u010dely.<\/p>\n<p>7. Pr\u00edstup do online Internet Directory na ofici\u00e1lnej str\u00e1nke evertonfc.com<\/p>\n<p>8. Pravideln\u00e9 zasielanie nov\u00edn e-mailom.<\/p>\n<\/div>\n","protected":false},"excerpt":{"rendered":"<p>Dnes pri\u0161iel po\u0161tou z Evertonu certifik\u00e1t potvrdzuj\u00faci schv\u00e1lenie ofici\u00e1lneho \u010cesko \u2013 Slovensk\u00e9ho klubu podporovate\u013eov Evertonu (\u201eCzech and Slovak Everton Supporters\u00b4Club\u201c).&hellip;<\/p>\n","protected":false},"author":23,"featured_media":1313,"comment_status":"open","ping_status":"closed","sticky":false,"template":"","format":"standard","meta":{"_eb_attr":"","_monsterinsights_skip_tracking":false,"_monsterinsights_sitenote_active":false,"_monsterinsights_sitenote_note":"","_monsterinsights_sitenote_category":0,"footnotes":""},"categories":[85],"tags":[],"yoast_head":"<!-- This site is optimized with the Yoast SEO plugin v23.4 - https:\/\/yoast.com\/wordpress\/plugins\/seo\/ -->\n<title>Prv\u00fd ofici\u00e1lny \u010desko - slovensk\u00fd klub podporovate\u013eov Everton FC schv\u00e1len\u00fd! - Official Czech &amp; Slovak Everton Supporters&#039; Club<\/title>\n<meta name=\"robots\" content=\"index, follow, max-snippet:-1, max-image-preview:large, max-video-preview:-1\" \/>\n<link rel=\"canonical\" href=\"https:\/\/evertonfc.cz\/index.php\/2014\/09\/26\/prvy-oficialny-cesko-slovensky-klub-podporovatelov-everton-fc-schvaleny\/\" \/>\n<meta property=\"og:locale\" content=\"cs_CZ\" \/>\n<meta property=\"og:type\" content=\"article\" \/>\n<meta property=\"og:title\" content=\"Prv\u00fd ofici\u00e1lny \u010desko - slovensk\u00fd klub podporovate\u013eov Everton FC schv\u00e1len\u00fd! - Official Czech &amp; Slovak Everton Supporters&#039; Club\" \/>\n<meta property=\"og:description\" content=\"Dnes pri\u0161iel po\u0161tou z Evertonu certifik\u00e1t potvrdzuj\u00faci schv\u00e1lenie ofici\u00e1lneho \u010cesko \u2013 Slovensk\u00e9ho klubu podporovate\u013eov Evertonu (\u201eCzech and Slovak Everton Supporters\u00b4Club\u201c).&hellip;\" \/>\n<meta property=\"og:url\" content=\"https:\/\/evertonfc.cz\/index.php\/2014\/09\/26\/prvy-oficialny-cesko-slovensky-klub-podporovatelov-everton-fc-schvaleny\/\" \/>\n<meta property=\"og:site_name\" content=\"Official Czech &amp; Slovak Everton Supporters&#039; Club\" \/>\n<meta property=\"article:publisher\" content=\"https:\/\/www.facebook.com\/everton.fans.cz.sk\" \/>\n<meta property=\"article:published_time\" content=\"2014-09-26T13:56:14+00:00\" \/>\n<meta property=\"article:modified_time\" content=\"2020-05-14T10:24:40+00:00\" \/>\n<meta property=\"og:image\" content=\"https:\/\/evertonfc.cz\/wp-content\/uploads\/2019\/01\/news.jpg\" \/>\n\t<meta property=\"og:image:width\" content=\"720\" \/>\n\t<meta property=\"og:image:height\" content=\"405\" \/>\n\t<meta property=\"og:image:type\" content=\"image\/jpeg\" \/>\n<meta name=\"author\" content=\"Everton1878\" \/>\n<meta name=\"twitter:card\" content=\"summary_large_image\" \/>\n<meta name=\"twitter:label1\" content=\"Napsal(a)\" \/>\n\t<meta name=\"twitter:data1\" content=\"Everton1878\" \/>\n\t<meta name=\"twitter:label2\" content=\"Odhadovan\u00e1 doba \u010dten\u00ed\" \/>\n\t<meta name=\"twitter:data2\" content=\"5 minut\" \/>\n<script type=\"application\/ld+json\" class=\"yoast-schema-graph\">{\"@context\":\"https:\/\/schema.org\",\"@graph\":[{\"@type\":\"Article\",\"@id\":\"https:\/\/evertonfc.cz\/index.php\/2014\/09\/26\/prvy-oficialny-cesko-slovensky-klub-podporovatelov-everton-fc-schvaleny\/#article\",\"isPartOf\":{\"@id\":\"https:\/\/evertonfc.cz\/index.php\/2014\/09\/26\/prvy-oficialny-cesko-slovensky-klub-podporovatelov-everton-fc-schvaleny\/\"},\"author\":{\"name\":\"Everton1878\",\"@id\":\"https:\/\/evertonfc.cz\/#\/schema\/person\/c495ad9c14eabaab7ff243473d85758c\"},\"headline\":\"Prv\u00fd ofici\u00e1lny \u010desko &#8211; slovensk\u00fd klub podporovate\u013eov Everton FC schv\u00e1len\u00fd!\",\"datePublished\":\"2014-09-26T13:56:14+00:00\",\"dateModified\":\"2020-05-14T10:24:40+00:00\",\"mainEntityOfPage\":{\"@id\":\"https:\/\/evertonfc.cz\/index.php\/2014\/09\/26\/prvy-oficialny-cesko-slovensky-klub-podporovatelov-everton-fc-schvaleny\/\"},\"wordCount\":946,\"commentCount\":0,\"publisher\":{\"@id\":\"https:\/\/evertonfc.cz\/#organization\"},\"image\":{\"@id\":\"https:\/\/evertonfc.cz\/index.php\/2014\/09\/26\/prvy-oficialny-cesko-slovensky-klub-podporovatelov-everton-fc-schvaleny\/#primaryimage\"},\"thumbnailUrl\":\"https:\/\/evertonfc.cz\/wp-content\/uploads\/2019\/01\/news.jpg\",\"articleSection\":[\"Supporters' Club\"],\"inLanguage\":\"cs\",\"potentialAction\":[{\"@type\":\"CommentAction\",\"name\":\"Comment\",\"target\":[\"https:\/\/evertonfc.cz\/index.php\/2014\/09\/26\/prvy-oficialny-cesko-slovensky-klub-podporovatelov-everton-fc-schvaleny\/#respond\"]}]},{\"@type\":\"WebPage\",\"@id\":\"https:\/\/evertonfc.cz\/index.php\/2014\/09\/26\/prvy-oficialny-cesko-slovensky-klub-podporovatelov-everton-fc-schvaleny\/\",\"url\":\"https:\/\/evertonfc.cz\/index.php\/2014\/09\/26\/prvy-oficialny-cesko-slovensky-klub-podporovatelov-everton-fc-schvaleny\/\",\"name\":\"Prv\u00fd ofici\u00e1lny \u010desko - slovensk\u00fd klub podporovate\u013eov Everton FC schv\u00e1len\u00fd! - Official Czech &amp; Slovak Everton Supporters&#039; Club\",\"isPartOf\":{\"@id\":\"https:\/\/evertonfc.cz\/#website\"},\"primaryImageOfPage\":{\"@id\":\"https:\/\/evertonfc.cz\/index.php\/2014\/09\/26\/prvy-oficialny-cesko-slovensky-klub-podporovatelov-everton-fc-schvaleny\/#primaryimage\"},\"image\":{\"@id\":\"https:\/\/evertonfc.cz\/index.php\/2014\/09\/26\/prvy-oficialny-cesko-slovensky-klub-podporovatelov-everton-fc-schvaleny\/#primaryimage\"},\"thumbnailUrl\":\"https:\/\/evertonfc.cz\/wp-content\/uploads\/2019\/01\/news.jpg\",\"datePublished\":\"2014-09-26T13:56:14+00:00\",\"dateModified\":\"2020-05-14T10:24:40+00:00\",\"breadcrumb\":{\"@id\":\"https:\/\/evertonfc.cz\/index.php\/2014\/09\/26\/prvy-oficialny-cesko-slovensky-klub-podporovatelov-everton-fc-schvaleny\/#breadcrumb\"},\"inLanguage\":\"cs\",\"potentialAction\":[{\"@type\":\"ReadAction\",\"target\":[\"https:\/\/evertonfc.cz\/index.php\/2014\/09\/26\/prvy-oficialny-cesko-slovensky-klub-podporovatelov-everton-fc-schvaleny\/\"]}]},{\"@type\":\"ImageObject\",\"inLanguage\":\"cs\",\"@id\":\"https:\/\/evertonfc.cz\/index.php\/2014\/09\/26\/prvy-oficialny-cesko-slovensky-klub-podporovatelov-everton-fc-schvaleny\/#primaryimage\",\"url\":\"https:\/\/evertonfc.cz\/wp-content\/uploads\/2019\/01\/news.jpg\",\"contentUrl\":\"https:\/\/evertonfc.cz\/wp-content\/uploads\/2019\/01\/news.jpg\",\"width\":720,\"height\":405},{\"@type\":\"BreadcrumbList\",\"@id\":\"https:\/\/evertonfc.cz\/index.php\/2014\/09\/26\/prvy-oficialny-cesko-slovensky-klub-podporovatelov-everton-fc-schvaleny\/#breadcrumb\",\"itemListElement\":[{\"@type\":\"ListItem\",\"position\":1,\"name\":\"Home\",\"item\":\"https:\/\/evertonfc.cz\/\"},{\"@type\":\"ListItem\",\"position\":2,\"name\":\"Prv\u00fd ofici\u00e1lny \u010desko &#8211; slovensk\u00fd klub podporovate\u013eov Everton FC schv\u00e1len\u00fd!\"}]},{\"@type\":\"WebSite\",\"@id\":\"https:\/\/evertonfc.cz\/#website\",\"url\":\"https:\/\/evertonfc.cz\/\",\"name\":\"Official Czech &amp; Slovak Everton Supporters&#039; Club\",\"description\":\"\",\"publisher\":{\"@id\":\"https:\/\/evertonfc.cz\/#organization\"},\"potentialAction\":[{\"@type\":\"SearchAction\",\"target\":{\"@type\":\"EntryPoint\",\"urlTemplate\":\"https:\/\/evertonfc.cz\/?s={search_term_string}\"},\"query-input\":{\"@type\":\"PropertyValueSpecification\",\"valueRequired\":true,\"valueName\":\"search_term_string\"}}],\"inLanguage\":\"cs\"},{\"@type\":\"Organization\",\"@id\":\"https:\/\/evertonfc.cz\/#organization\",\"name\":\"Official Czech & Slovak Everton Supporters' Club\",\"url\":\"https:\/\/evertonfc.cz\/\",\"logo\":{\"@type\":\"ImageObject\",\"inLanguage\":\"cs\",\"@id\":\"https:\/\/evertonfc.cz\/#\/schema\/logo\/image\/\",\"url\":\"https:\/\/evertonfc.cz\/wp-content\/uploads\/2019\/05\/logo.png\",\"contentUrl\":\"https:\/\/evertonfc.cz\/wp-content\/uploads\/2019\/05\/logo.png\",\"width\":112,\"height\":112,\"caption\":\"Official Czech & Slovak Everton Supporters' Club\"},\"image\":{\"@id\":\"https:\/\/evertonfc.cz\/#\/schema\/logo\/image\/\"},\"sameAs\":[\"https:\/\/www.facebook.com\/everton.fans.cz.sk\"]},{\"@type\":\"Person\",\"@id\":\"https:\/\/evertonfc.cz\/#\/schema\/person\/c495ad9c14eabaab7ff243473d85758c\",\"name\":\"Everton1878\",\"url\":\"https:\/\/evertonfc.cz\/index.php\/author\/everton1878\/\"}]}<\/script>\n<!-- \/ Yoast SEO plugin. -->","yoast_head_json":{"title":"Prv\u00fd ofici\u00e1lny \u010desko - slovensk\u00fd klub podporovate\u013eov Everton FC schv\u00e1len\u00fd! - Official Czech &amp; Slovak Everton Supporters&#039; Club","robots":{"index":"index","follow":"follow","max-snippet":"max-snippet:-1","max-image-preview":"max-image-preview:large","max-video-preview":"max-video-preview:-1"},"canonical":"https:\/\/evertonfc.cz\/index.php\/2014\/09\/26\/prvy-oficialny-cesko-slovensky-klub-podporovatelov-everton-fc-schvaleny\/","og_locale":"cs_CZ","og_type":"article","og_title":"Prv\u00fd ofici\u00e1lny \u010desko - slovensk\u00fd klub podporovate\u013eov Everton FC schv\u00e1len\u00fd! - Official Czech &amp; Slovak Everton Supporters&#039; Club","og_description":"Dnes pri\u0161iel po\u0161tou z Evertonu certifik\u00e1t potvrdzuj\u00faci schv\u00e1lenie ofici\u00e1lneho \u010cesko \u2013 Slovensk\u00e9ho klubu podporovate\u013eov Evertonu (\u201eCzech and Slovak Everton Supporters\u00b4Club\u201c).&hellip;","og_url":"https:\/\/evertonfc.cz\/index.php\/2014\/09\/26\/prvy-oficialny-cesko-slovensky-klub-podporovatelov-everton-fc-schvaleny\/","og_site_name":"Official Czech &amp; Slovak Everton Supporters&#039; Club","article_publisher":"https:\/\/www.facebook.com\/everton.fans.cz.sk","article_published_time":"2014-09-26T13:56:14+00:00","article_modified_time":"2020-05-14T10:24:40+00:00","og_image":[{"width":720,"height":405,"url":"https:\/\/evertonfc.cz\/wp-content\/uploads\/2019\/01\/news.jpg","type":"image\/jpeg"}],"author":"Everton1878","twitter_card":"summary_large_image","twitter_misc":{"Napsal(a)":"Everton1878","Odhadovan\u00e1 doba \u010dten\u00ed":"5 minut"},"schema":{"@context":"https:\/\/schema.org","@graph":[{"@type":"Article","@id":"https:\/\/evertonfc.cz\/index.php\/2014\/09\/26\/prvy-oficialny-cesko-slovensky-klub-podporovatelov-everton-fc-schvaleny\/#article","isPartOf":{"@id":"https:\/\/evertonfc.cz\/index.php\/2014\/09\/26\/prvy-oficialny-cesko-slovensky-klub-podporovatelov-everton-fc-schvaleny\/"},"author":{"name":"Everton1878","@id":"https:\/\/evertonfc.cz\/#\/schema\/person\/c495ad9c14eabaab7ff243473d85758c"},"headline":"Prv\u00fd ofici\u00e1lny \u010desko &#8211; slovensk\u00fd klub podporovate\u013eov Everton FC schv\u00e1len\u00fd!","datePublished":"2014-09-26T13:56:14+00:00","dateModified":"2020-05-14T10:24:40+00:00","mainEntityOfPage":{"@id":"https:\/\/evertonfc.cz\/index.php\/2014\/09\/26\/prvy-oficialny-cesko-slovensky-klub-podporovatelov-everton-fc-schvaleny\/"},"wordCount":946,"commentCount":0,"publisher":{"@id":"https:\/\/evertonfc.cz\/#organization"},"image":{"@id":"https:\/\/evertonfc.cz\/index.php\/2014\/09\/26\/prvy-oficialny-cesko-slovensky-klub-podporovatelov-everton-fc-schvaleny\/#primaryimage"},"thumbnailUrl":"https:\/\/evertonfc.cz\/wp-content\/uploads\/2019\/01\/news.jpg","articleSection":["Supporters' Club"],"inLanguage":"cs","potentialAction":[{"@type":"CommentAction","name":"Comment","target":["https:\/\/evertonfc.cz\/index.php\/2014\/09\/26\/prvy-oficialny-cesko-slovensky-klub-podporovatelov-everton-fc-schvaleny\/#respond"]}]},{"@type":"WebPage","@id":"https:\/\/evertonfc.cz\/index.php\/2014\/09\/26\/prvy-oficialny-cesko-slovensky-klub-podporovatelov-everton-fc-schvaleny\/","url":"https:\/\/evertonfc.cz\/index.php\/2014\/09\/26\/prvy-oficialny-cesko-slovensky-klub-podporovatelov-everton-fc-schvaleny\/","name":"Prv\u00fd ofici\u00e1lny \u010desko - slovensk\u00fd klub podporovate\u013eov Everton FC schv\u00e1len\u00fd! - Official Czech &amp; Slovak Everton Supporters&#039; Club","isPartOf":{"@id":"https:\/\/evertonfc.cz\/#website"},"primaryImageOfPage":{"@id":"https:\/\/evertonfc.cz\/index.php\/2014\/09\/26\/prvy-oficialny-cesko-slovensky-klub-podporovatelov-everton-fc-schvaleny\/#primaryimage"},"image":{"@id":"https:\/\/evertonfc.cz\/index.php\/2014\/09\/26\/prvy-oficialny-cesko-slovensky-klub-podporovatelov-everton-fc-schvaleny\/#primaryimage"},"thumbnailUrl":"https:\/\/evertonfc.cz\/wp-content\/uploads\/2019\/01\/news.jpg","datePublished":"2014-09-26T13:56:14+00:00","dateModified":"2020-05-14T10:24:40+00:00","breadcrumb":{"@id":"https:\/\/evertonfc.cz\/index.php\/2014\/09\/26\/prvy-oficialny-cesko-slovensky-klub-podporovatelov-everton-fc-schvaleny\/#breadcrumb"},"inLanguage":"cs","potentialAction":[{"@type":"ReadAction","target":["https:\/\/evertonfc.cz\/index.php\/2014\/09\/26\/prvy-oficialny-cesko-slovensky-klub-podporovatelov-everton-fc-schvaleny\/"]}]},{"@type":"ImageObject","inLanguage":"cs","@id":"https:\/\/evertonfc.cz\/index.php\/2014\/09\/26\/prvy-oficialny-cesko-slovensky-klub-podporovatelov-everton-fc-schvaleny\/#primaryimage","url":"https:\/\/evertonfc.cz\/wp-content\/uploads\/2019\/01\/news.jpg","contentUrl":"https:\/\/evertonfc.cz\/wp-content\/uploads\/2019\/01\/news.jpg","width":720,"height":405},{"@type":"BreadcrumbList","@id":"https:\/\/evertonfc.cz\/index.php\/2014\/09\/26\/prvy-oficialny-cesko-slovensky-klub-podporovatelov-everton-fc-schvaleny\/#breadcrumb","itemListElement":[{"@type":"ListItem","position":1,"name":"Home","item":"https:\/\/evertonfc.cz\/"},{"@type":"ListItem","position":2,"name":"Prv\u00fd ofici\u00e1lny \u010desko &#8211; slovensk\u00fd klub podporovate\u013eov Everton FC schv\u00e1len\u00fd!"}]},{"@type":"WebSite","@id":"https:\/\/evertonfc.cz\/#website","url":"https:\/\/evertonfc.cz\/","name":"Official Czech &amp; Slovak Everton Supporters&#039; Club","description":"","publisher":{"@id":"https:\/\/evertonfc.cz\/#organization"},"potentialAction":[{"@type":"SearchAction","target":{"@type":"EntryPoint","urlTemplate":"https:\/\/evertonfc.cz\/?s={search_term_string}"},"query-input":{"@type":"PropertyValueSpecification","valueRequired":true,"valueName":"search_term_string"}}],"inLanguage":"cs"},{"@type":"Organization","@id":"https:\/\/evertonfc.cz\/#organization","name":"Official Czech & Slovak Everton Supporters' Club","url":"https:\/\/evertonfc.cz\/","logo":{"@type":"ImageObject","inLanguage":"cs","@id":"https:\/\/evertonfc.cz\/#\/schema\/logo\/image\/","url":"https:\/\/evertonfc.cz\/wp-content\/uploads\/2019\/05\/logo.png","contentUrl":"https:\/\/evertonfc.cz\/wp-content\/uploads\/2019\/05\/logo.png","width":112,"height":112,"caption":"Official Czech & Slovak Everton Supporters' Club"},"image":{"@id":"https:\/\/evertonfc.cz\/#\/schema\/logo\/image\/"},"sameAs":["https:\/\/www.facebook.com\/everton.fans.cz.sk"]},{"@type":"Person","@id":"https:\/\/evertonfc.cz\/#\/schema\/person\/c495ad9c14eabaab7ff243473d85758c","name":"Everton1878","url":"https:\/\/evertonfc.cz\/index.php\/author\/everton1878\/"}]}},"_links":{"self":[{"href":"https:\/\/evertonfc.cz\/index.php\/wp-json\/wp\/v2\/posts\/4619"}],"collection":[{"href":"https:\/\/evertonfc.cz\/index.php\/wp-json\/wp\/v2\/posts"}],"about":[{"href":"https:\/\/evertonfc.cz\/index.php\/wp-json\/wp\/v2\/types\/post"}],"author":[{"embeddable":true,"href":"https:\/\/evertonfc.cz\/index.php\/wp-json\/wp\/v2\/users\/23"}],"replies":[{"embeddable":true,"href":"https:\/\/evertonfc.cz\/index.php\/wp-json\/wp\/v2\/comments?post=4619"}],"version-history":[{"count":3,"href":"https:\/\/evertonfc.cz\/index.php\/wp-json\/wp\/v2\/posts\/4619\/revisions"}],"predecessor-version":[{"id":7036,"href":"https:\/\/evertonfc.cz\/index.php\/wp-json\/wp\/v2\/posts\/4619\/revisions\/7036"}],"wp:featuredmedia":[{"embeddable":true,"href":"https:\/\/evertonfc.cz\/index.php\/wp-json\/wp\/v2\/media\/1313"}],"wp:attachment":[{"href":"https:\/\/evertonfc.cz\/index.php\/wp-json\/wp\/v2\/media?parent=4619"}],"wp:term":[{"taxonomy":"category","embeddable":true,"href":"https:\/\/evertonfc.cz\/index.php\/wp-json\/wp\/v2\/categories?post=4619"},{"taxonomy":"post_tag","embeddable":true,"href":"https:\/\/evertonfc.cz\/index.php\/wp-json\/wp\/v2\/tags?post=4619"}],"curies":[{"name":"wp","href":"https:\/\/api.w.org\/{rel}","templated":true}]}}