{"id":4630,"date":"2014-09-21T16:55:54","date_gmt":"2014-09-21T14:55:54","guid":{"rendered":"http:\/\/evertonfc.cz\/?p=4630"},"modified":"2019-02-13T16:57:10","modified_gmt":"2019-02-13T15:57:10","slug":"everton-crystal-palace-23","status":"publish","type":"post","link":"https:\/\/evertonfc.cz\/index.php\/2014\/09\/21\/everton-crystal-palace-23\/","title":{"rendered":"Everton &#8211; Crystal Palace 2:3"},"content":{"rendered":"<h4 id=\"NewsPostDetailSummary\">Obrann\u00e1 hra Evertonu za\u010d\u00edn\u00e1 zvedat v\u00fdstra\u017en\u00fd prst velmi vysoko, op\u011bt stoj\u00ed za ztracen\u00fdmi body. Po p\u011bti m\u011bs\u00edc\u00edch si Crystal Palace zopakoval v\u00edt\u011bzstv\u00ed 3:2 na Goodisonu.<\/h4>\n<div id=\"NewsPostDetailContent\">\n<p>Sestava doznala \u010dty\u0159 zm\u011bn oproti \u010dtvrte\u010dn\u00edmu duelu s Wolfsburgem. McGeady, Mirallas, Naismith usedli jenom na lavi\u010dku n\u00e1hradn\u00edk\u016f, nahradili je Osman a debutanti v z\u00e1kladn\u00ed jeden\u00e1ctce Christian Atsu a Samuel Eto\u00b4o. Zran\u011bn\u00ed hlavy neu\u017enilo Seamusovi Colemanovi start, a tak se do stopersk\u00e9 dvojice vr\u00e1til uzdraven\u00fd Sylvain Distin.<\/p>\n<p>Toffees od za\u010d\u00e1tku diktovali tempo hry a Leon Osman rozd\u00e1val g\u00f3lov\u00e9 p\u0159ihr\u00e1vky. Nejprve jeho nab\u00eddku sice nevyu\u017eil Atsu, trefil pouze bo\u010dn\u00ed s\u00ed\u0165, jen\u017ee vz\u00e1p\u011bt\u00ed v 8. minut\u011b Ossie ide\u00e1ln\u011b vysunul Romela Lukaka, kter\u00fd s\u00e1m proti branka\u0159i zachoval chladnou hlavu &#8211; <strong>1:0<\/strong>.<\/p>\n<p>Kolem 20. minuty se Lond\u00fd\u0148an\u00e9 osm\u011blili a zjistili, jak\u00e9 je to vym\u011bnit si n\u011bkolik p\u0159ihr\u00e1vek. Do nad\u011bjn\u00e9 p\u0159\u00edle\u017eitosti se p\u0159esto dostal Osman, Atsu ho na\u0161el v prostoru penalty a st\u0159ela z voleje m\u00ed\u0159ila pouze na p\u0159ipraven\u00e9ho Speroniho.<\/p>\n<p>Ve 28. minut\u011b se John Stones se nedohodl s Timem Howardem a jejich zav\u00e1h\u00e1n\u00ed vyu\u017eil James McArthur, jeho\u017e padaj\u00edc\u00ed Ameri\u010dan sest\u0159elil. Sud\u00ed na\u0159\u00eddil pokutov\u00fd kop a Mile Jedinak ho bezpe\u010dn\u011b prom\u011bnil &#8211; <strong>1:1<\/strong>.<\/p>\n<p>I p\u0159es 76% dr\u017een\u00ed m\u00ed\u010de Everton p\u016fsobil zara\u017een\u011b, co\u017e v z\u00e1v\u011bru polo\u010dasu korunoval Atsu. P\u0159ihr\u00e1vkou dozadu zalo\u017eil \u00fatok host\u00ed a te\u010dovan\u00e1 r\u00e1na Yannicka Bolasieho rozezvu\u010dela b\u0159evno.<\/p>\n<p>Druh\u00fd polo\u010das pokra\u010doval v nastolen\u00e9m trendu, Everton kombinoval bez v\u011bt\u0161\u00edho nebezpe\u010d\u00ed, Samuel Eto\u00b4o zakon\u010doval po Stonesov\u011b pasu slab\u011b a vedle. Nav\u00edc se dostavila dal\u0161\u00ed chyba, Tim Howard prohr\u00e1l vzdu\u0161n\u00fd souboj s Fraizerem Campbellem, jeho\u017e hlavi\u010dka zapadla do s\u00edt\u011b &#8211; <strong>1:2<\/strong>.<\/p>\n<p>V 59. minut\u011b se Christian Atsu \u0161ikovn\u011b uvolnil a na\u0161el Lukaka ve v\u00e1pn\u011b, ten p\u00e1lil do protihr\u00e1\u010de a dor\u00e1\u017eka Barryho skon\u010dila nad b\u0159evnem. Na nep\u0159\u00edzniv\u00fd v\u00fdvoj Mart\u00ednez reagoval dvojit\u00fdm st\u0159\u00edd\u00e1n\u00edm, Steven Naismith a Kevin Mirallas vym\u011bnili Stonese s Atsuem.<\/p>\n<p>K\u0159e\u010d Evertonu gradovala v 69. minut\u011b, Puncheon obral o balon Osmana, na\u0161el Bolasieho, kter\u00fd g\u00f3lem vy\u0161perkoval sv\u016fj kvalitn\u00ed v\u00fdkon &#8211; <strong>1:3<\/strong>.<\/p>\n<p>James McCarthy se st\u00e1hl na pravou obranu, Blues zv\u00fd\u0161ili obr\u00e1tky a hnali se dop\u0159edu. Osmana po zkr\u00e1cen\u00e9m rohu vychytal p\u0159ipraven\u00fd Speroni a Jagielka po stejn\u00e9 rozehr\u00e1vce zam\u00ed\u0159il vedle br\u00e1ny. Motorov\u00fd McCarthy se objevoval i v ofenziv\u011b, po jednom v\u00fdletu ho Dann nedovolen\u011b zastavil ve v\u00e1pn\u011b a kopala se druh\u00e1 penalta. Jak je na jedn\u00e9 stran\u011b Jedinak spolehliv\u00fd exekutor z b\u00edl\u00e9ho punt\u00edku, tak na druh\u00e9 stran\u011b je to Leighton Baines &#8211; <strong>2:3<\/strong>.<\/p>\n<p>Vyrovn\u00e1n\u00ed se ot\u0159\u00e1salo v z\u00e1kladech po belgick\u00e9 spolupr\u00e1ci, t\u011bsn\u011bn\u00fd Lukaku nav\u0161t\u00edvenku mezi t\u0159i ty\u010de nevm\u011bstnal. V\u00a0nastaven\u00ed si oba \u00fato\u010dn\u00ed tahouni role vym\u011bnili, av\u0161ak Speroni hasil po\u017e\u00e1r. Do otev\u0159en\u00e9 obrany se na opa\u010dn\u00e9m konci h\u0159i\u0161t\u011b vtrhnul Gu\u00e9dioura a a\u017e do zakon\u010den\u00ed si vedl v\u00fdborn\u011b. Mrzet ho to p\u0159\u00edli\u0161 nemuselo, jeho t\u00fdm si i tak p\u0159ipsal prvn\u00ed v\u00edt\u011bzstv\u00ed v sez\u00f3n\u011b.<\/p>\n<p><strong>Branky:<\/strong> 9. Romelu Lukaku, 83. Leighton Baines (pen.) &#8211; 30. Mile Jedinak (pen.), 54. Fraizer Campbell<br \/>\n<strong>\u017dK:<\/strong> 69. Yala Bolasie, 56. Samuel Eto&#8217;o, 77. Steven Naismith &#8211; 76. Jason Puncheon, 89. Julian Speroni<br \/>\n<strong>Everton FC:<\/strong> Tim Howard, Leighton Baines, Phil Jagielka, Sylvain Distin (84. Darron Gibson), John Stones (64. Kevin Mirallas), James McCarthy, Gareth Barry, Leon Osman, Samuel Eto&#8217;o, Romelu Lukaku, Christian Atsu (64. Steven Naismith)<br \/>\n<strong>Crystal Palace:<\/strong> Julian Speroni, Joel Ward, Scott Dann, Damien Delaney, Martin Kelly, Yala Bolasie (87. Ezekiel Fryers), Mile Jedinak, James McArthur (84. Adl\u00e8ne Gu\u00e9dioura), Joe Ledley, Jason Puncheon, Fraizer Campbell (86. Kevin Doyle)<br \/>\n<strong>Rozhod\u010d\u00ed:<\/strong> Michael Oliver<br \/>\n<strong>Div\u00e1ci:<\/strong> 37 574<\/p>\n<\/div>\n","protected":false},"excerpt":{"rendered":"<p>Obrann\u00e1 hra Evertonu za\u010d\u00edn\u00e1 zvedat v\u00fdstra\u017en\u00fd prst velmi vysoko, op\u011bt stoj\u00ed za ztracen\u00fdmi body. Po p\u011bti m\u011bs\u00edc\u00edch si Crystal Palace&hellip;<\/p>\n","protected":false},"author":6,"featured_media":1315,"comment_status":"open","ping_status":"closed","sticky":false,"template":"","format":"standard","meta":{"_eb_attr":"","_monsterinsights_skip_tracking":false,"_monsterinsights_sitenote_active":false,"_monsterinsights_sitenote_note":"","_monsterinsights_sitenote_category":0,"footnotes":""},"categories":[4],"tags":[],"yoast_head":"<!-- This site is optimized with the Yoast SEO plugin v23.4 - https:\/\/yoast.com\/wordpress\/plugins\/seo\/ -->\n<title>Everton - Crystal Palace 2:3 - Official Czech &amp; Slovak Everton Supporters&#039; Club<\/title>\n<meta name=\"robots\" content=\"index, follow, max-snippet:-1, max-image-preview:large, max-video-preview:-1\" \/>\n<link rel=\"canonical\" href=\"https:\/\/evertonfc.cz\/index.php\/2014\/09\/21\/everton-crystal-palace-23\/\" \/>\n<meta property=\"og:locale\" content=\"cs_CZ\" \/>\n<meta property=\"og:type\" content=\"article\" \/>\n<meta property=\"og:title\" content=\"Everton - Crystal Palace 2:3 - Official Czech &amp; Slovak Everton Supporters&#039; Club\" \/>\n<meta property=\"og:description\" content=\"Obrann\u00e1 hra Evertonu za\u010d\u00edn\u00e1 zvedat v\u00fdstra\u017en\u00fd prst velmi vysoko, op\u011bt stoj\u00ed za ztracen\u00fdmi body. Po p\u011bti m\u011bs\u00edc\u00edch si Crystal Palace&hellip;\" \/>\n<meta property=\"og:url\" content=\"https:\/\/evertonfc.cz\/index.php\/2014\/09\/21\/everton-crystal-palace-23\/\" \/>\n<meta property=\"og:site_name\" content=\"Official Czech &amp; Slovak Everton Supporters&#039; Club\" \/>\n<meta property=\"article:publisher\" content=\"https:\/\/www.facebook.com\/everton.fans.cz.sk\" \/>\n<meta property=\"article:published_time\" content=\"2014-09-21T14:55:54+00:00\" \/>\n<meta property=\"article:modified_time\" content=\"2019-02-13T15:57:10+00:00\" \/>\n<meta property=\"og:image\" content=\"https:\/\/evertonfc.cz\/wp-content\/uploads\/2019\/01\/report.jpg\" \/>\n\t<meta property=\"og:image:width\" content=\"720\" \/>\n\t<meta property=\"og:image:height\" content=\"405\" \/>\n\t<meta property=\"og:image:type\" content=\"image\/jpeg\" \/>\n<meta name=\"author\" content=\"Ri\u010di\" \/>\n<meta name=\"twitter:card\" content=\"summary_large_image\" \/>\n<meta name=\"twitter:creator\" content=\"@rbrejsa\" \/>\n<meta name=\"twitter:label1\" content=\"Napsal(a)\" \/>\n\t<meta name=\"twitter:data1\" content=\"Ri\u010di\" \/>\n\t<meta name=\"twitter:label2\" content=\"Odhadovan\u00e1 doba \u010dten\u00ed\" \/>\n\t<meta name=\"twitter:data2\" content=\"3 minuty\" \/>\n<script type=\"application\/ld+json\" class=\"yoast-schema-graph\">{\"@context\":\"https:\/\/schema.org\",\"@graph\":[{\"@type\":\"Article\",\"@id\":\"https:\/\/evertonfc.cz\/index.php\/2014\/09\/21\/everton-crystal-palace-23\/#article\",\"isPartOf\":{\"@id\":\"https:\/\/evertonfc.cz\/index.php\/2014\/09\/21\/everton-crystal-palace-23\/\"},\"author\":{\"name\":\"Ri\u010di\",\"@id\":\"https:\/\/evertonfc.cz\/#\/schema\/person\/f7a5daedb2ffee98480bc70e191aaef1\"},\"headline\":\"Everton &#8211; Crystal Palace 2:3\",\"datePublished\":\"2014-09-21T14:55:54+00:00\",\"dateModified\":\"2019-02-13T15:57:10+00:00\",\"mainEntityOfPage\":{\"@id\":\"https:\/\/evertonfc.cz\/index.php\/2014\/09\/21\/everton-crystal-palace-23\/\"},\"wordCount\":674,\"commentCount\":0,\"publisher\":{\"@id\":\"https:\/\/evertonfc.cz\/#organization\"},\"image\":{\"@id\":\"https:\/\/evertonfc.cz\/index.php\/2014\/09\/21\/everton-crystal-palace-23\/#primaryimage\"},\"thumbnailUrl\":\"https:\/\/evertonfc.cz\/wp-content\/uploads\/2019\/01\/report.jpg\",\"articleSection\":[\"Z\u00e1pasy\"],\"inLanguage\":\"cs\",\"potentialAction\":[{\"@type\":\"CommentAction\",\"name\":\"Comment\",\"target\":[\"https:\/\/evertonfc.cz\/index.php\/2014\/09\/21\/everton-crystal-palace-23\/#respond\"]}]},{\"@type\":\"WebPage\",\"@id\":\"https:\/\/evertonfc.cz\/index.php\/2014\/09\/21\/everton-crystal-palace-23\/\",\"url\":\"https:\/\/evertonfc.cz\/index.php\/2014\/09\/21\/everton-crystal-palace-23\/\",\"name\":\"Everton - Crystal Palace 2:3 - Official Czech &amp; Slovak Everton Supporters&#039; Club\",\"isPartOf\":{\"@id\":\"https:\/\/evertonfc.cz\/#website\"},\"primaryImageOfPage\":{\"@id\":\"https:\/\/evertonfc.cz\/index.php\/2014\/09\/21\/everton-crystal-palace-23\/#primaryimage\"},\"image\":{\"@id\":\"https:\/\/evertonfc.cz\/index.php\/2014\/09\/21\/everton-crystal-palace-23\/#primaryimage\"},\"thumbnailUrl\":\"https:\/\/evertonfc.cz\/wp-content\/uploads\/2019\/01\/report.jpg\",\"datePublished\":\"2014-09-21T14:55:54+00:00\",\"dateModified\":\"2019-02-13T15:57:10+00:00\",\"breadcrumb\":{\"@id\":\"https:\/\/evertonfc.cz\/index.php\/2014\/09\/21\/everton-crystal-palace-23\/#breadcrumb\"},\"inLanguage\":\"cs\",\"potentialAction\":[{\"@type\":\"ReadAction\",\"target\":[\"https:\/\/evertonfc.cz\/index.php\/2014\/09\/21\/everton-crystal-palace-23\/\"]}]},{\"@type\":\"ImageObject\",\"inLanguage\":\"cs\",\"@id\":\"https:\/\/evertonfc.cz\/index.php\/2014\/09\/21\/everton-crystal-palace-23\/#primaryimage\",\"url\":\"https:\/\/evertonfc.cz\/wp-content\/uploads\/2019\/01\/report.jpg\",\"contentUrl\":\"https:\/\/evertonfc.cz\/wp-content\/uploads\/2019\/01\/report.jpg\",\"width\":720,\"height\":405},{\"@type\":\"BreadcrumbList\",\"@id\":\"https:\/\/evertonfc.cz\/index.php\/2014\/09\/21\/everton-crystal-palace-23\/#breadcrumb\",\"itemListElement\":[{\"@type\":\"ListItem\",\"position\":1,\"name\":\"Home\",\"item\":\"https:\/\/evertonfc.cz\/\"},{\"@type\":\"ListItem\",\"position\":2,\"name\":\"Everton &#8211; Crystal Palace 2:3\"}]},{\"@type\":\"WebSite\",\"@id\":\"https:\/\/evertonfc.cz\/#website\",\"url\":\"https:\/\/evertonfc.cz\/\",\"name\":\"Official Czech &amp; Slovak Everton Supporters&#039; Club\",\"description\":\"\",\"publisher\":{\"@id\":\"https:\/\/evertonfc.cz\/#organization\"},\"potentialAction\":[{\"@type\":\"SearchAction\",\"target\":{\"@type\":\"EntryPoint\",\"urlTemplate\":\"https:\/\/evertonfc.cz\/?s={search_term_string}\"},\"query-input\":{\"@type\":\"PropertyValueSpecification\",\"valueRequired\":true,\"valueName\":\"search_term_string\"}}],\"inLanguage\":\"cs\"},{\"@type\":\"Organization\",\"@id\":\"https:\/\/evertonfc.cz\/#organization\",\"name\":\"Official Czech & Slovak Everton Supporters' Club\",\"url\":\"https:\/\/evertonfc.cz\/\",\"logo\":{\"@type\":\"ImageObject\",\"inLanguage\":\"cs\",\"@id\":\"https:\/\/evertonfc.cz\/#\/schema\/logo\/image\/\",\"url\":\"https:\/\/evertonfc.cz\/wp-content\/uploads\/2019\/05\/logo.png\",\"contentUrl\":\"https:\/\/evertonfc.cz\/wp-content\/uploads\/2019\/05\/logo.png\",\"width\":112,\"height\":112,\"caption\":\"Official Czech & Slovak Everton Supporters' Club\"},\"image\":{\"@id\":\"https:\/\/evertonfc.cz\/#\/schema\/logo\/image\/\"},\"sameAs\":[\"https:\/\/www.facebook.com\/everton.fans.cz.sk\"]},{\"@type\":\"Person\",\"@id\":\"https:\/\/evertonfc.cz\/#\/schema\/person\/f7a5daedb2ffee98480bc70e191aaef1\",\"name\":\"Ri\u010di\",\"sameAs\":[\"https:\/\/x.com\/rbrejsa\"],\"url\":\"https:\/\/evertonfc.cz\/index.php\/author\/rici\/\"}]}<\/script>\n<!-- \/ Yoast SEO plugin. -->","yoast_head_json":{"title":"Everton - Crystal Palace 2:3 - Official Czech &amp; Slovak Everton Supporters&#039; Club","robots":{"index":"index","follow":"follow","max-snippet":"max-snippet:-1","max-image-preview":"max-image-preview:large","max-video-preview":"max-video-preview:-1"},"canonical":"https:\/\/evertonfc.cz\/index.php\/2014\/09\/21\/everton-crystal-palace-23\/","og_locale":"cs_CZ","og_type":"article","og_title":"Everton - Crystal Palace 2:3 - Official Czech &amp; Slovak Everton Supporters&#039; Club","og_description":"Obrann\u00e1 hra Evertonu za\u010d\u00edn\u00e1 zvedat v\u00fdstra\u017en\u00fd prst velmi vysoko, op\u011bt stoj\u00ed za ztracen\u00fdmi body. Po p\u011bti m\u011bs\u00edc\u00edch si Crystal Palace&hellip;","og_url":"https:\/\/evertonfc.cz\/index.php\/2014\/09\/21\/everton-crystal-palace-23\/","og_site_name":"Official Czech &amp; Slovak Everton Supporters&#039; Club","article_publisher":"https:\/\/www.facebook.com\/everton.fans.cz.sk","article_published_time":"2014-09-21T14:55:54+00:00","article_modified_time":"2019-02-13T15:57:10+00:00","og_image":[{"width":720,"height":405,"url":"https:\/\/evertonfc.cz\/wp-content\/uploads\/2019\/01\/report.jpg","type":"image\/jpeg"}],"author":"Ri\u010di","twitter_card":"summary_large_image","twitter_creator":"@rbrejsa","twitter_misc":{"Napsal(a)":"Ri\u010di","Odhadovan\u00e1 doba \u010dten\u00ed":"3 minuty"},"schema":{"@context":"https:\/\/schema.org","@graph":[{"@type":"Article","@id":"https:\/\/evertonfc.cz\/index.php\/2014\/09\/21\/everton-crystal-palace-23\/#article","isPartOf":{"@id":"https:\/\/evertonfc.cz\/index.php\/2014\/09\/21\/everton-crystal-palace-23\/"},"author":{"name":"Ri\u010di","@id":"https:\/\/evertonfc.cz\/#\/schema\/person\/f7a5daedb2ffee98480bc70e191aaef1"},"headline":"Everton &#8211; Crystal Palace 2:3","datePublished":"2014-09-21T14:55:54+00:00","dateModified":"2019-02-13T15:57:10+00:00","mainEntityOfPage":{"@id":"https:\/\/evertonfc.cz\/index.php\/2014\/09\/21\/everton-crystal-palace-23\/"},"wordCount":674,"commentCount":0,"publisher":{"@id":"https:\/\/evertonfc.cz\/#organization"},"image":{"@id":"https:\/\/evertonfc.cz\/index.php\/2014\/09\/21\/everton-crystal-palace-23\/#primaryimage"},"thumbnailUrl":"https:\/\/evertonfc.cz\/wp-content\/uploads\/2019\/01\/report.jpg","articleSection":["Z\u00e1pasy"],"inLanguage":"cs","potentialAction":[{"@type":"CommentAction","name":"Comment","target":["https:\/\/evertonfc.cz\/index.php\/2014\/09\/21\/everton-crystal-palace-23\/#respond"]}]},{"@type":"WebPage","@id":"https:\/\/evertonfc.cz\/index.php\/2014\/09\/21\/everton-crystal-palace-23\/","url":"https:\/\/evertonfc.cz\/index.php\/2014\/09\/21\/everton-crystal-palace-23\/","name":"Everton - Crystal Palace 2:3 - Official Czech &amp; Slovak Everton Supporters&#039; Club","isPartOf":{"@id":"https:\/\/evertonfc.cz\/#website"},"primaryImageOfPage":{"@id":"https:\/\/evertonfc.cz\/index.php\/2014\/09\/21\/everton-crystal-palace-23\/#primaryimage"},"image":{"@id":"https:\/\/evertonfc.cz\/index.php\/2014\/09\/21\/everton-crystal-palace-23\/#primaryimage"},"thumbnailUrl":"https:\/\/evertonfc.cz\/wp-content\/uploads\/2019\/01\/report.jpg","datePublished":"2014-09-21T14:55:54+00:00","dateModified":"2019-02-13T15:57:10+00:00","breadcrumb":{"@id":"https:\/\/evertonfc.cz\/index.php\/2014\/09\/21\/everton-crystal-palace-23\/#breadcrumb"},"inLanguage":"cs","potentialAction":[{"@type":"ReadAction","target":["https:\/\/evertonfc.cz\/index.php\/2014\/09\/21\/everton-crystal-palace-23\/"]}]},{"@type":"ImageObject","inLanguage":"cs","@id":"https:\/\/evertonfc.cz\/index.php\/2014\/09\/21\/everton-crystal-palace-23\/#primaryimage","url":"https:\/\/evertonfc.cz\/wp-content\/uploads\/2019\/01\/report.jpg","contentUrl":"https:\/\/evertonfc.cz\/wp-content\/uploads\/2019\/01\/report.jpg","width":720,"height":405},{"@type":"BreadcrumbList","@id":"https:\/\/evertonfc.cz\/index.php\/2014\/09\/21\/everton-crystal-palace-23\/#breadcrumb","itemListElement":[{"@type":"ListItem","position":1,"name":"Home","item":"https:\/\/evertonfc.cz\/"},{"@type":"ListItem","position":2,"name":"Everton &#8211; Crystal Palace 2:3"}]},{"@type":"WebSite","@id":"https:\/\/evertonfc.cz\/#website","url":"https:\/\/evertonfc.cz\/","name":"Official Czech &amp; Slovak Everton Supporters&#039; Club","description":"","publisher":{"@id":"https:\/\/evertonfc.cz\/#organization"},"potentialAction":[{"@type":"SearchAction","target":{"@type":"EntryPoint","urlTemplate":"https:\/\/evertonfc.cz\/?s={search_term_string}"},"query-input":{"@type":"PropertyValueSpecification","valueRequired":true,"valueName":"search_term_string"}}],"inLanguage":"cs"},{"@type":"Organization","@id":"https:\/\/evertonfc.cz\/#organization","name":"Official Czech & Slovak Everton Supporters' Club","url":"https:\/\/evertonfc.cz\/","logo":{"@type":"ImageObject","inLanguage":"cs","@id":"https:\/\/evertonfc.cz\/#\/schema\/logo\/image\/","url":"https:\/\/evertonfc.cz\/wp-content\/uploads\/2019\/05\/logo.png","contentUrl":"https:\/\/evertonfc.cz\/wp-content\/uploads\/2019\/05\/logo.png","width":112,"height":112,"caption":"Official Czech & Slovak Everton Supporters' Club"},"image":{"@id":"https:\/\/evertonfc.cz\/#\/schema\/logo\/image\/"},"sameAs":["https:\/\/www.facebook.com\/everton.fans.cz.sk"]},{"@type":"Person","@id":"https:\/\/evertonfc.cz\/#\/schema\/person\/f7a5daedb2ffee98480bc70e191aaef1","name":"Ri\u010di","sameAs":["https:\/\/x.com\/rbrejsa"],"url":"https:\/\/evertonfc.cz\/index.php\/author\/rici\/"}]}},"_links":{"self":[{"href":"https:\/\/evertonfc.cz\/index.php\/wp-json\/wp\/v2\/posts\/4630"}],"collection":[{"href":"https:\/\/evertonfc.cz\/index.php\/wp-json\/wp\/v2\/posts"}],"about":[{"href":"https:\/\/evertonfc.cz\/index.php\/wp-json\/wp\/v2\/types\/post"}],"author":[{"embeddable":true,"href":"https:\/\/evertonfc.cz\/index.php\/wp-json\/wp\/v2\/users\/6"}],"replies":[{"embeddable":true,"href":"https:\/\/evertonfc.cz\/index.php\/wp-json\/wp\/v2\/comments?post=4630"}],"version-history":[{"count":1,"href":"https:\/\/evertonfc.cz\/index.php\/wp-json\/wp\/v2\/posts\/4630\/revisions"}],"predecessor-version":[{"id":4631,"href":"https:\/\/evertonfc.cz\/index.php\/wp-json\/wp\/v2\/posts\/4630\/revisions\/4631"}],"wp:featuredmedia":[{"embeddable":true,"href":"https:\/\/evertonfc.cz\/index.php\/wp-json\/wp\/v2\/media\/1315"}],"wp:attachment":[{"href":"https:\/\/evertonfc.cz\/index.php\/wp-json\/wp\/v2\/media?parent=4630"}],"wp:term":[{"taxonomy":"category","embeddable":true,"href":"https:\/\/evertonfc.cz\/index.php\/wp-json\/wp\/v2\/categories?post=4630"},{"taxonomy":"post_tag","embeddable":true,"href":"https:\/\/evertonfc.cz\/index.php\/wp-json\/wp\/v2\/tags?post=4630"}],"curies":[{"name":"wp","href":"https:\/\/api.w.org\/{rel}","templated":true}]}}