{"id":4634,"date":"2014-09-19T16:58:33","date_gmt":"2014-09-19T14:58:33","guid":{"rendered":"http:\/\/evertonfc.cz\/?p=4634"},"modified":"2019-02-13T23:15:23","modified_gmt":"2019-02-13T22:15:23","slug":"jak-to-bylo-s-prestupem-davida-henena","status":"publish","type":"post","link":"https:\/\/evertonfc.cz\/index.php\/2014\/09\/19\/jak-to-bylo-s-prestupem-davida-henena\/","title":{"rendered":"Jak to bylo s p\u0159estupem Davida Henena"},"content":{"rendered":"<h4 id=\"NewsPostDetailSummary\">Na Deadline Day Toffees upekli pouze jeden obchod, nad nim\u017e v\u011bt\u0161ina fanou\u0161k\u016f nev\u011b\u0159\u00edcn\u011b kroutila hlavami, novin\u00e1\u0159 Greg O\u00b4Keeffe p\u0159in\u00e1\u0161\u00ed jasn\u00e9 vysv\u011btlen\u00ed cel\u00e9 situace.<\/h4>\n<div id=\"NewsPostDetailContent\">\n<p>David Henen v\u011bt\u0161inu letn\u00ed p\u0159\u00edpravy pobyl na Finch Farm a jeho p\u0159\u00edchod z Anderlechtu se zd\u00e1l b\u00fdt formalitou, co\u017e ostatn\u011b nejednou sd\u011blil Roberto Mart\u00ednez. Po p\u016flnoci 1. z\u00e1\u0159\u00ed se zni\u010dehonic objevila zpr\u00e1va, \u017ee Everton dot\u00e1hl do konce ro\u010dn\u00ed hostov\u00e1n\u00ed\u00a0 osmn\u00e1ctilet\u00e9ho Belgi\u010dana z Olympiakosu Pireus, kter\u00fd ho jen o n\u011bkolik minut d\u0159\u00edve vykoupil z Anderlechtu.<\/p>\n<p>Zvl\u00e1\u0161tn\u00ed, napadlo nejednoho.<\/p>\n<p>Henen se m\u011bl p\u016fvodn\u011b p\u0159ipojit k ml\u00e1de\u017enick\u00e9mu v\u00fdb\u011bru U21, a pokud by postupoval v progresu spr\u00e1vn\u00fdm sm\u011brem, dostal by u\u017e v\u00a0leto\u0161n\u00ed sez\u00f3n\u011b \u0161anci v prvn\u00edm t\u00fdmu. Jen\u017ee mezit\u00edm m\u00e9dia p\u0159isp\u011bchala s ozna\u010den\u00edmi typu nov\u00fd Messi nebo Ronaldo, a mlad\u00edkovi stoupla sl\u00e1va do hlavy. Nelze pop\u0159\u00edt jeho potenci\u00e1l, ov\u0161em samotn\u00fd fotbalista za\u010dal v\u011b\u0159it nadhodnocen\u00fdm zpr\u00e1v\u00e1m o sv\u00e9m skv\u011bl\u00e9m talentu\u00a0 a p\u0159ivlastnil si obraz superstar, k n\u011bmu\u017e mu pomohlo tak\u00e9 hostov\u00e1n\u00ed ve slavn\u00e9m a bohat\u00e9m Monaku b\u011bhem minul\u00e9ho ro\u010dn\u00edku.<\/p>\n<p>Na\u0161t\u011bst\u00ed Henen\u016fv agent, Christophe Henrotay, je zku\u0161en\u00fd a schopn\u00fd z\u00e1stupce, jen\u017e chce pro sv\u00e9 klienty jen to nejlep\u0161\u00ed. Rovn\u011b\u017e zastupuje Kevina Mirallase a Romela Lukaka a p\u011bstuje si v\u0159el\u00fd vztah s Billem Kenwrightem a Robertem Mart\u00ednezem.<\/p>\n<p>Proto Hence nakonec zakotvil na Merseyside. Olympiakos zaplatil za Henena \u00a3300 000, takovou \u010d\u00e1stku Mart\u00ednez nehodlal investovat do namy\u0161len\u00e9ho dorostence, z\u00e1rove\u0148 s n\u00edm cht\u011bl ale nad\u00e1le pracovat a umo\u017enit mu rozvoj v Evertonu.<\/p>\n<p>Olympiakos zariskoval, po\u017eadovanou \u010d\u00e1stku poslal do Anderlechtu a podepsal smlouvu s nezbytnou podm\u00ednkou hostov\u00e1n\u00ed Henana u Toffees, jinak by agent a hr\u00e1\u010d na p\u0159estup nek\u00fdvli.<\/p>\n<p>Everton tedy n\u00e1sledn\u011b uzav\u0159el hostov\u00e1n\u00ed s mo\u017enost\u00ed odkupu Henana za \u00a3500\u00a0000. Jestli\u017ee Roberto Mart\u00ednez bude vid\u011bt v p\u0159estupu smysl, uzav\u0159e ho, \u0158ekov\u00e9 vyd\u011blaj\u00ed \u00a3200 000 a v\u0161echny strany budou spokojen\u00e9. Pokud Henen nep\u0159ijde k rozumu a neza\u010dne naplno d\u0159\u00edt jako ka\u017ed\u00fd jin\u00fd v jeho v\u011bku, Everton opci neuplatn\u00ed, vr\u00e1t\u00ed se do Olympiakosu a jenom ti budou \u0159e\u0161it jeho budoucnost.<\/p>\n<p>V leto\u0161n\u00ed sez\u00f3n\u011b se Henen patrn\u011b neobjev\u00ed v prvn\u00edm mu\u017estvu Blues, bude se p\u0159ipravovat s U21. V\u0161e m\u00e1 ve sv\u00fdch ruk\u00e1ch.<\/p>\n<\/div>\n","protected":false},"excerpt":{"rendered":"<p>Na Deadline Day Toffees upekli pouze jeden obchod, nad nim\u017e v\u011bt\u0161ina fanou\u0161k\u016f nev\u011b\u0159\u00edcn\u011b kroutila hlavami, novin\u00e1\u0159 Greg O\u00b4Keeffe p\u0159in\u00e1\u0161\u00ed jasn\u00e9&hellip;<\/p>\n","protected":false},"author":6,"featured_media":1316,"comment_status":"open","ping_status":"closed","sticky":false,"template":"","format":"standard","meta":{"_eb_attr":"","_monsterinsights_skip_tracking":false,"_monsterinsights_sitenote_active":false,"_monsterinsights_sitenote_note":"","_monsterinsights_sitenote_category":0,"footnotes":""},"categories":[41],"tags":[],"yoast_head":"<!-- This site is optimized with the Yoast SEO plugin v23.4 - https:\/\/yoast.com\/wordpress\/plugins\/seo\/ -->\n<title>Jak to bylo s p\u0159estupem Davida Henena - Official Czech &amp; Slovak Everton Supporters&#039; Club<\/title>\n<meta name=\"robots\" content=\"index, follow, max-snippet:-1, max-image-preview:large, max-video-preview:-1\" \/>\n<link rel=\"canonical\" href=\"https:\/\/evertonfc.cz\/index.php\/2014\/09\/19\/jak-to-bylo-s-prestupem-davida-henena\/\" \/>\n<meta property=\"og:locale\" content=\"cs_CZ\" \/>\n<meta property=\"og:type\" content=\"article\" \/>\n<meta property=\"og:title\" content=\"Jak to bylo s p\u0159estupem Davida Henena - Official Czech &amp; Slovak Everton Supporters&#039; Club\" \/>\n<meta property=\"og:description\" content=\"Na Deadline Day Toffees upekli pouze jeden obchod, nad nim\u017e v\u011bt\u0161ina fanou\u0161k\u016f nev\u011b\u0159\u00edcn\u011b kroutila hlavami, novin\u00e1\u0159 Greg O\u00b4Keeffe p\u0159in\u00e1\u0161\u00ed jasn\u00e9&hellip;\" \/>\n<meta property=\"og:url\" content=\"https:\/\/evertonfc.cz\/index.php\/2014\/09\/19\/jak-to-bylo-s-prestupem-davida-henena\/\" \/>\n<meta property=\"og:site_name\" content=\"Official Czech &amp; Slovak Everton Supporters&#039; Club\" \/>\n<meta property=\"article:publisher\" content=\"https:\/\/www.facebook.com\/everton.fans.cz.sk\" \/>\n<meta property=\"article:published_time\" content=\"2014-09-19T14:58:33+00:00\" \/>\n<meta property=\"article:modified_time\" content=\"2019-02-13T22:15:23+00:00\" \/>\n<meta property=\"og:image\" content=\"https:\/\/evertonfc.cz\/wp-content\/uploads\/2019\/01\/transfer.jpg\" \/>\n\t<meta property=\"og:image:width\" content=\"720\" \/>\n\t<meta property=\"og:image:height\" content=\"405\" \/>\n\t<meta property=\"og:image:type\" content=\"image\/jpeg\" \/>\n<meta name=\"author\" content=\"Ri\u010di\" \/>\n<meta name=\"twitter:card\" content=\"summary_large_image\" \/>\n<meta name=\"twitter:creator\" content=\"@rbrejsa\" \/>\n<meta name=\"twitter:label1\" content=\"Napsal(a)\" \/>\n\t<meta name=\"twitter:data1\" content=\"Ri\u010di\" \/>\n\t<meta name=\"twitter:label2\" content=\"Odhadovan\u00e1 doba \u010dten\u00ed\" \/>\n\t<meta name=\"twitter:data2\" content=\"2 minuty\" \/>\n<script type=\"application\/ld+json\" class=\"yoast-schema-graph\">{\"@context\":\"https:\/\/schema.org\",\"@graph\":[{\"@type\":\"Article\",\"@id\":\"https:\/\/evertonfc.cz\/index.php\/2014\/09\/19\/jak-to-bylo-s-prestupem-davida-henena\/#article\",\"isPartOf\":{\"@id\":\"https:\/\/evertonfc.cz\/index.php\/2014\/09\/19\/jak-to-bylo-s-prestupem-davida-henena\/\"},\"author\":{\"name\":\"Ri\u010di\",\"@id\":\"https:\/\/evertonfc.cz\/#\/schema\/person\/f7a5daedb2ffee98480bc70e191aaef1\"},\"headline\":\"Jak to bylo s p\u0159estupem Davida Henena\",\"datePublished\":\"2014-09-19T14:58:33+00:00\",\"dateModified\":\"2019-02-13T22:15:23+00:00\",\"mainEntityOfPage\":{\"@id\":\"https:\/\/evertonfc.cz\/index.php\/2014\/09\/19\/jak-to-bylo-s-prestupem-davida-henena\/\"},\"wordCount\":452,\"commentCount\":0,\"publisher\":{\"@id\":\"https:\/\/evertonfc.cz\/#organization\"},\"image\":{\"@id\":\"https:\/\/evertonfc.cz\/index.php\/2014\/09\/19\/jak-to-bylo-s-prestupem-davida-henena\/#primaryimage\"},\"thumbnailUrl\":\"https:\/\/evertonfc.cz\/wp-content\/uploads\/2019\/01\/transfer.jpg\",\"articleSection\":[\"P\u0159estupy\"],\"inLanguage\":\"cs\",\"potentialAction\":[{\"@type\":\"CommentAction\",\"name\":\"Comment\",\"target\":[\"https:\/\/evertonfc.cz\/index.php\/2014\/09\/19\/jak-to-bylo-s-prestupem-davida-henena\/#respond\"]}]},{\"@type\":\"WebPage\",\"@id\":\"https:\/\/evertonfc.cz\/index.php\/2014\/09\/19\/jak-to-bylo-s-prestupem-davida-henena\/\",\"url\":\"https:\/\/evertonfc.cz\/index.php\/2014\/09\/19\/jak-to-bylo-s-prestupem-davida-henena\/\",\"name\":\"Jak to bylo s p\u0159estupem Davida Henena - Official Czech &amp; Slovak Everton Supporters&#039; Club\",\"isPartOf\":{\"@id\":\"https:\/\/evertonfc.cz\/#website\"},\"primaryImageOfPage\":{\"@id\":\"https:\/\/evertonfc.cz\/index.php\/2014\/09\/19\/jak-to-bylo-s-prestupem-davida-henena\/#primaryimage\"},\"image\":{\"@id\":\"https:\/\/evertonfc.cz\/index.php\/2014\/09\/19\/jak-to-bylo-s-prestupem-davida-henena\/#primaryimage\"},\"thumbnailUrl\":\"https:\/\/evertonfc.cz\/wp-content\/uploads\/2019\/01\/transfer.jpg\",\"datePublished\":\"2014-09-19T14:58:33+00:00\",\"dateModified\":\"2019-02-13T22:15:23+00:00\",\"breadcrumb\":{\"@id\":\"https:\/\/evertonfc.cz\/index.php\/2014\/09\/19\/jak-to-bylo-s-prestupem-davida-henena\/#breadcrumb\"},\"inLanguage\":\"cs\",\"potentialAction\":[{\"@type\":\"ReadAction\",\"target\":[\"https:\/\/evertonfc.cz\/index.php\/2014\/09\/19\/jak-to-bylo-s-prestupem-davida-henena\/\"]}]},{\"@type\":\"ImageObject\",\"inLanguage\":\"cs\",\"@id\":\"https:\/\/evertonfc.cz\/index.php\/2014\/09\/19\/jak-to-bylo-s-prestupem-davida-henena\/#primaryimage\",\"url\":\"https:\/\/evertonfc.cz\/wp-content\/uploads\/2019\/01\/transfer.jpg\",\"contentUrl\":\"https:\/\/evertonfc.cz\/wp-content\/uploads\/2019\/01\/transfer.jpg\",\"width\":720,\"height\":405},{\"@type\":\"BreadcrumbList\",\"@id\":\"https:\/\/evertonfc.cz\/index.php\/2014\/09\/19\/jak-to-bylo-s-prestupem-davida-henena\/#breadcrumb\",\"itemListElement\":[{\"@type\":\"ListItem\",\"position\":1,\"name\":\"Home\",\"item\":\"https:\/\/evertonfc.cz\/\"},{\"@type\":\"ListItem\",\"position\":2,\"name\":\"Jak to bylo s p\u0159estupem Davida Henena\"}]},{\"@type\":\"WebSite\",\"@id\":\"https:\/\/evertonfc.cz\/#website\",\"url\":\"https:\/\/evertonfc.cz\/\",\"name\":\"Official Czech &amp; Slovak Everton Supporters&#039; Club\",\"description\":\"\",\"publisher\":{\"@id\":\"https:\/\/evertonfc.cz\/#organization\"},\"potentialAction\":[{\"@type\":\"SearchAction\",\"target\":{\"@type\":\"EntryPoint\",\"urlTemplate\":\"https:\/\/evertonfc.cz\/?s={search_term_string}\"},\"query-input\":{\"@type\":\"PropertyValueSpecification\",\"valueRequired\":true,\"valueName\":\"search_term_string\"}}],\"inLanguage\":\"cs\"},{\"@type\":\"Organization\",\"@id\":\"https:\/\/evertonfc.cz\/#organization\",\"name\":\"Official Czech & Slovak Everton Supporters' Club\",\"url\":\"https:\/\/evertonfc.cz\/\",\"logo\":{\"@type\":\"ImageObject\",\"inLanguage\":\"cs\",\"@id\":\"https:\/\/evertonfc.cz\/#\/schema\/logo\/image\/\",\"url\":\"https:\/\/evertonfc.cz\/wp-content\/uploads\/2019\/05\/logo.png\",\"contentUrl\":\"https:\/\/evertonfc.cz\/wp-content\/uploads\/2019\/05\/logo.png\",\"width\":112,\"height\":112,\"caption\":\"Official Czech & Slovak Everton Supporters' Club\"},\"image\":{\"@id\":\"https:\/\/evertonfc.cz\/#\/schema\/logo\/image\/\"},\"sameAs\":[\"https:\/\/www.facebook.com\/everton.fans.cz.sk\"]},{\"@type\":\"Person\",\"@id\":\"https:\/\/evertonfc.cz\/#\/schema\/person\/f7a5daedb2ffee98480bc70e191aaef1\",\"name\":\"Ri\u010di\",\"sameAs\":[\"https:\/\/x.com\/rbrejsa\"],\"url\":\"https:\/\/evertonfc.cz\/index.php\/author\/rici\/\"}]}<\/script>\n<!-- \/ Yoast SEO plugin. -->","yoast_head_json":{"title":"Jak to bylo s p\u0159estupem Davida Henena - Official Czech &amp; Slovak Everton Supporters&#039; Club","robots":{"index":"index","follow":"follow","max-snippet":"max-snippet:-1","max-image-preview":"max-image-preview:large","max-video-preview":"max-video-preview:-1"},"canonical":"https:\/\/evertonfc.cz\/index.php\/2014\/09\/19\/jak-to-bylo-s-prestupem-davida-henena\/","og_locale":"cs_CZ","og_type":"article","og_title":"Jak to bylo s p\u0159estupem Davida Henena - Official Czech &amp; Slovak Everton Supporters&#039; Club","og_description":"Na Deadline Day Toffees upekli pouze jeden obchod, nad nim\u017e v\u011bt\u0161ina fanou\u0161k\u016f nev\u011b\u0159\u00edcn\u011b kroutila hlavami, novin\u00e1\u0159 Greg O\u00b4Keeffe p\u0159in\u00e1\u0161\u00ed jasn\u00e9&hellip;","og_url":"https:\/\/evertonfc.cz\/index.php\/2014\/09\/19\/jak-to-bylo-s-prestupem-davida-henena\/","og_site_name":"Official Czech &amp; Slovak Everton Supporters&#039; Club","article_publisher":"https:\/\/www.facebook.com\/everton.fans.cz.sk","article_published_time":"2014-09-19T14:58:33+00:00","article_modified_time":"2019-02-13T22:15:23+00:00","og_image":[{"width":720,"height":405,"url":"https:\/\/evertonfc.cz\/wp-content\/uploads\/2019\/01\/transfer.jpg","type":"image\/jpeg"}],"author":"Ri\u010di","twitter_card":"summary_large_image","twitter_creator":"@rbrejsa","twitter_misc":{"Napsal(a)":"Ri\u010di","Odhadovan\u00e1 doba \u010dten\u00ed":"2 minuty"},"schema":{"@context":"https:\/\/schema.org","@graph":[{"@type":"Article","@id":"https:\/\/evertonfc.cz\/index.php\/2014\/09\/19\/jak-to-bylo-s-prestupem-davida-henena\/#article","isPartOf":{"@id":"https:\/\/evertonfc.cz\/index.php\/2014\/09\/19\/jak-to-bylo-s-prestupem-davida-henena\/"},"author":{"name":"Ri\u010di","@id":"https:\/\/evertonfc.cz\/#\/schema\/person\/f7a5daedb2ffee98480bc70e191aaef1"},"headline":"Jak to bylo s p\u0159estupem Davida Henena","datePublished":"2014-09-19T14:58:33+00:00","dateModified":"2019-02-13T22:15:23+00:00","mainEntityOfPage":{"@id":"https:\/\/evertonfc.cz\/index.php\/2014\/09\/19\/jak-to-bylo-s-prestupem-davida-henena\/"},"wordCount":452,"commentCount":0,"publisher":{"@id":"https:\/\/evertonfc.cz\/#organization"},"image":{"@id":"https:\/\/evertonfc.cz\/index.php\/2014\/09\/19\/jak-to-bylo-s-prestupem-davida-henena\/#primaryimage"},"thumbnailUrl":"https:\/\/evertonfc.cz\/wp-content\/uploads\/2019\/01\/transfer.jpg","articleSection":["P\u0159estupy"],"inLanguage":"cs","potentialAction":[{"@type":"CommentAction","name":"Comment","target":["https:\/\/evertonfc.cz\/index.php\/2014\/09\/19\/jak-to-bylo-s-prestupem-davida-henena\/#respond"]}]},{"@type":"WebPage","@id":"https:\/\/evertonfc.cz\/index.php\/2014\/09\/19\/jak-to-bylo-s-prestupem-davida-henena\/","url":"https:\/\/evertonfc.cz\/index.php\/2014\/09\/19\/jak-to-bylo-s-prestupem-davida-henena\/","name":"Jak to bylo s p\u0159estupem Davida Henena - Official Czech &amp; Slovak Everton Supporters&#039; Club","isPartOf":{"@id":"https:\/\/evertonfc.cz\/#website"},"primaryImageOfPage":{"@id":"https:\/\/evertonfc.cz\/index.php\/2014\/09\/19\/jak-to-bylo-s-prestupem-davida-henena\/#primaryimage"},"image":{"@id":"https:\/\/evertonfc.cz\/index.php\/2014\/09\/19\/jak-to-bylo-s-prestupem-davida-henena\/#primaryimage"},"thumbnailUrl":"https:\/\/evertonfc.cz\/wp-content\/uploads\/2019\/01\/transfer.jpg","datePublished":"2014-09-19T14:58:33+00:00","dateModified":"2019-02-13T22:15:23+00:00","breadcrumb":{"@id":"https:\/\/evertonfc.cz\/index.php\/2014\/09\/19\/jak-to-bylo-s-prestupem-davida-henena\/#breadcrumb"},"inLanguage":"cs","potentialAction":[{"@type":"ReadAction","target":["https:\/\/evertonfc.cz\/index.php\/2014\/09\/19\/jak-to-bylo-s-prestupem-davida-henena\/"]}]},{"@type":"ImageObject","inLanguage":"cs","@id":"https:\/\/evertonfc.cz\/index.php\/2014\/09\/19\/jak-to-bylo-s-prestupem-davida-henena\/#primaryimage","url":"https:\/\/evertonfc.cz\/wp-content\/uploads\/2019\/01\/transfer.jpg","contentUrl":"https:\/\/evertonfc.cz\/wp-content\/uploads\/2019\/01\/transfer.jpg","width":720,"height":405},{"@type":"BreadcrumbList","@id":"https:\/\/evertonfc.cz\/index.php\/2014\/09\/19\/jak-to-bylo-s-prestupem-davida-henena\/#breadcrumb","itemListElement":[{"@type":"ListItem","position":1,"name":"Home","item":"https:\/\/evertonfc.cz\/"},{"@type":"ListItem","position":2,"name":"Jak to bylo s p\u0159estupem Davida Henena"}]},{"@type":"WebSite","@id":"https:\/\/evertonfc.cz\/#website","url":"https:\/\/evertonfc.cz\/","name":"Official Czech &amp; Slovak Everton Supporters&#039; Club","description":"","publisher":{"@id":"https:\/\/evertonfc.cz\/#organization"},"potentialAction":[{"@type":"SearchAction","target":{"@type":"EntryPoint","urlTemplate":"https:\/\/evertonfc.cz\/?s={search_term_string}"},"query-input":{"@type":"PropertyValueSpecification","valueRequired":true,"valueName":"search_term_string"}}],"inLanguage":"cs"},{"@type":"Organization","@id":"https:\/\/evertonfc.cz\/#organization","name":"Official Czech & Slovak Everton Supporters' Club","url":"https:\/\/evertonfc.cz\/","logo":{"@type":"ImageObject","inLanguage":"cs","@id":"https:\/\/evertonfc.cz\/#\/schema\/logo\/image\/","url":"https:\/\/evertonfc.cz\/wp-content\/uploads\/2019\/05\/logo.png","contentUrl":"https:\/\/evertonfc.cz\/wp-content\/uploads\/2019\/05\/logo.png","width":112,"height":112,"caption":"Official Czech & Slovak Everton Supporters' Club"},"image":{"@id":"https:\/\/evertonfc.cz\/#\/schema\/logo\/image\/"},"sameAs":["https:\/\/www.facebook.com\/everton.fans.cz.sk"]},{"@type":"Person","@id":"https:\/\/evertonfc.cz\/#\/schema\/person\/f7a5daedb2ffee98480bc70e191aaef1","name":"Ri\u010di","sameAs":["https:\/\/x.com\/rbrejsa"],"url":"https:\/\/evertonfc.cz\/index.php\/author\/rici\/"}]}},"_links":{"self":[{"href":"https:\/\/evertonfc.cz\/index.php\/wp-json\/wp\/v2\/posts\/4634"}],"collection":[{"href":"https:\/\/evertonfc.cz\/index.php\/wp-json\/wp\/v2\/posts"}],"about":[{"href":"https:\/\/evertonfc.cz\/index.php\/wp-json\/wp\/v2\/types\/post"}],"author":[{"embeddable":true,"href":"https:\/\/evertonfc.cz\/index.php\/wp-json\/wp\/v2\/users\/6"}],"replies":[{"embeddable":true,"href":"https:\/\/evertonfc.cz\/index.php\/wp-json\/wp\/v2\/comments?post=4634"}],"version-history":[{"count":3,"href":"https:\/\/evertonfc.cz\/index.php\/wp-json\/wp\/v2\/posts\/4634\/revisions"}],"predecessor-version":[{"id":4898,"href":"https:\/\/evertonfc.cz\/index.php\/wp-json\/wp\/v2\/posts\/4634\/revisions\/4898"}],"wp:featuredmedia":[{"embeddable":true,"href":"https:\/\/evertonfc.cz\/index.php\/wp-json\/wp\/v2\/media\/1316"}],"wp:attachment":[{"href":"https:\/\/evertonfc.cz\/index.php\/wp-json\/wp\/v2\/media?parent=4634"}],"wp:term":[{"taxonomy":"category","embeddable":true,"href":"https:\/\/evertonfc.cz\/index.php\/wp-json\/wp\/v2\/categories?post=4634"},{"taxonomy":"post_tag","embeddable":true,"href":"https:\/\/evertonfc.cz\/index.php\/wp-json\/wp\/v2\/tags?post=4634"}],"curies":[{"name":"wp","href":"https:\/\/api.w.org\/{rel}","templated":true}]}}