{"id":4636,"date":"2014-09-19T17:00:08","date_gmt":"2014-09-19T15:00:08","guid":{"rendered":"http:\/\/evertonfc.cz\/?p=4636"},"modified":"2019-02-13T17:01:01","modified_gmt":"2019-02-13T16:01:01","slug":"everton-wolfsburg-41","status":"publish","type":"post","link":"https:\/\/evertonfc.cz\/index.php\/2014\/09\/19\/everton-wolfsburg-41\/","title":{"rendered":"Everton &#8211; Wolfsburg 4:1"},"content":{"rendered":"<h4 id=\"NewsPostDetailSummary\">Everton na\u010dal pou\u0165 Evropskou ligou poveden\u00fdm vystoupen\u00edm oko\u0159en\u011bn\u00fdm vysokou efektivitou, a tak si Wolfsburg z no\u010dn\u00edho Goodison Parku odvezl \u010dty\u0159brankov\u00fd debakl.<\/h4>\n<div id=\"NewsPostDetailContent\">\n<p>Toffees nastoupili v nezm\u011bn\u011bn\u00e9 sestav\u011b oproti v\u00edkendov\u00e9 v\u00fdh\u0159e na West Bromu a podobn\u011b jako na Hawthorns brzy otev\u0159eli sk\u00f3re z\u00e1pasu. V 15. minut\u011b Steven Naismith rozjel akci, McCarthy vysunul nab\u00edhaj\u00edc\u00edho Bainese, kter\u00fd naserv\u00edroval Naismithovi tutovku. St\u0159elu se sice pokusil odvr\u00e1tit blokuj\u00edc\u00ed Rodr\u00edguez, p\u0159esto si na\u0161la cestu do br\u00e1ny &#8211; <strong>1:0<\/strong>.<\/p>\n<p>A\u010dkoliv v\u00fdsledek napov\u00edd\u00e1 k jednozna\u010dn\u00e9mu pr\u016fb\u011bhu z\u00e1pasu, pro d\u011bn\u00ed na h\u0159i\u0161ti to prohl\u00e1sit nelze. V\u00fdsledek ov\u0161em ovlivnil jeden z\u00e1sadn\u00ed rozd\u00edl \u2013 Vlk\u016fm chyb\u011bla v zakon\u010den\u00ed p\u0159esnost, zat\u00edmco \u00fatoky dom\u00e1c\u00edch doprov\u00e1zelo neust\u00e1l\u00e9 nebezpe\u010d\u00ed g\u00f3lu.<\/p>\n<p>P\u0159ed p\u0159est\u00e1vkou nejprve Lukaku prot\u00e1hl Benaglia z\u00a0p\u0159\u00edm\u00e9ho kopu. A o n\u011bkolik minut pozd\u011bji \u0161v\u00fdcarsk\u00fd branka\u0159 vyrazil pokus Mirallase z \u00fahlu, av\u0161ak odra\u017een\u00fd m\u00ed\u010d si na\u0161el Baines a p\u0159ipravil ho hlavi\u010dkuj\u00edc\u00edmu Colemanovi &#8211; <strong>2:0<\/strong>. Kr\u00e1sn\u00e1 te\u010dka za v\u00fdborn\u00fdm polo\u010das.<\/p>\n<p>Jak skon\u010dil prvn\u00ed polo\u010das, za\u010dal druh\u00fd, tedy g\u00f3lem Evertonu. Aidena McGeadyho zastavil p\u0159i pr\u016fniku do v\u00e1pna nedovolen\u00fdm zp\u016fsobem Knoche a Baines prom\u011bnil pokutov\u00fd kop p\u0159ed j\u00e1saj\u00edc\u00ed Gwladys &#8211; <strong>3:0<\/strong>. Po t\u0159et\u00ed tref\u011b nastala pas\u00e1\u017e hry, kdy si host\u00e9 vytvo\u0159ili soustavn\u00fd tlak a Tim Howard se vytasil s n\u011bkolika z\u00e1kroky. Konkr\u00e9tn\u011b si jich v utk\u00e1n\u00ed p\u0159ipsal 12, \u010d\u00edm\u017e stanovil nov\u00fd rekord Evropsk\u00e9 ligy.<\/p>\n<p>Str\u00e1\u017ece branky Blues se asi nejv\u00edce zapotil p\u0159i p\u0159\u00edm\u00e9m kopu Ricarda Rodrigu\u00e9ze a chytr\u00e9 plac\u00edrce Kevina de Bruyneho, p\u0159i v\u011bt\u0161in\u011b ostatn\u00edch st\u0159el, a to nechci nikterak sni\u017eovat jeho v\u00fdkon, mu sta\u010dilo zaujmout dobrou pozici a balony si ho nach\u00e1zely.<\/p>\n<p>P\u0159evahu soupe\u0159e se Roberto Mart\u00ednez sna\u017eil utlumit st\u0159\u00edd\u00e1n\u00edmi, na tr\u00e1vn\u00edk se dostal Samuel Eto\u00b4o a po jeden\u00e1ctim\u011bs\u00ed\u010dn\u00ed pauze zavin\u011bn\u00e9 zran\u011bn\u00edm tak\u00e9 Darron Gibson. V 89. minut\u011b pr\u00e1v\u011b prvn\u011b jmenovan\u00fd vysunul Kevina Mirallase, jen\u017e dot\u00e1hl samostatn\u00fd \u00fanik na br\u00e1nu do \u00fasp\u011b\u0161n\u00e9ho konce &#8211; <strong>4:0<\/strong>.<\/p>\n<p>A\u017e v sam\u00e9m z\u00e1v\u011bru Tim Howard ztratil pot\u011b\u0161en\u00ed z \u010dist\u00e9ho konta, leva\u010dka Ricarda Rodrigu\u00e9ze vy\u010darovala z trestn\u00e9ho kopu n\u00e1dhern\u00fd ban\u00e1n &#8211;<strong> 4:1<\/strong>. I s ohledem na rem\u00edzu Lille s Krasnodarem ale obdr\u017een\u00fd g\u00f3l nemohl pokazit radost Evertonu.<\/p>\n<p>Highlights naleznete na\u00a0<a href=\"http:\/\/www.evertonfc.com\/evertontv\/home\/10652\" target=\"_blank\" rel=\"noopener\">ofici\u00e1ln\u00edch str\u00e1nk\u00e1ch<\/a> nebo\u00a0<a href=\"http:\/\/www.footytube.com\/video\/everton-298225\" target=\"_blank\" rel=\"noopener\">zde<\/a>.<\/p>\n<p><strong>Branky:<\/strong> 15. Ricardo Rodr\u00edguez (vl.), 45+1. S\u00e9amus Coleman, 47. Leighton Baines (pen.), 89. Kevin Mirallas &#8211; 90+4. Ricardo Rodr\u00edguez<br \/>\n<strong>\u017dK:<\/strong> 54. Steven Naismith, 72. Kevin Mirallas &#8211; 46. Robin Knoche<br \/>\n<strong>Everton FC:<\/strong> Tim Howard, Phil Jagielka, Leighton Baines, S\u00e9amus Coleman (90+1. Leon Osman), John Stones, Aiden McGeady, Gareth Barry, James McCarthy, Steven Naismith (82. Darron Gibson), Kevin Mirallas, Romelu Lukaku (69. Samuel Eto&#8217;o)<br \/>\n<strong>VfL Wolfsburg:<\/strong> Diego Benaglio, Naldo, Sebastian Jung, Ricardo Rodr\u00edguez, Robin Knoche, Luiz Gustavo (77. Josuha Guilavogui), Daniel Caligiuri (61. Nicklas Bendtner), Kevin De Bruyne, Bernard Malanda-Adje (46. Aaron Hunt), Maximilian Arnold, Ivica Oli\u0107<br \/>\n<strong>Rozhod\u010d\u00ed:<\/strong> Luca Banti<br \/>\n<strong>Div\u00e1ci:<\/strong> 29 593<\/p>\n<\/div>\n","protected":false},"excerpt":{"rendered":"<p>Everton na\u010dal pou\u0165 Evropskou ligou poveden\u00fdm vystoupen\u00edm oko\u0159en\u011bn\u00fdm vysokou efektivitou, a tak si Wolfsburg z no\u010dn\u00edho Goodison Parku odvezl \u010dty\u0159brankov\u00fd&hellip;<\/p>\n","protected":false},"author":6,"featured_media":1315,"comment_status":"open","ping_status":"closed","sticky":false,"template":"","format":"standard","meta":{"_eb_attr":"","_monsterinsights_skip_tracking":false,"_monsterinsights_sitenote_active":false,"_monsterinsights_sitenote_note":"","_monsterinsights_sitenote_category":0,"footnotes":""},"categories":[4],"tags":[],"yoast_head":"<!-- This site is optimized with the Yoast SEO plugin v23.4 - https:\/\/yoast.com\/wordpress\/plugins\/seo\/ -->\n<title>Everton - Wolfsburg 4:1 - Official Czech &amp; Slovak Everton Supporters&#039; Club<\/title>\n<meta name=\"robots\" content=\"index, follow, max-snippet:-1, max-image-preview:large, max-video-preview:-1\" \/>\n<link rel=\"canonical\" href=\"https:\/\/evertonfc.cz\/index.php\/2014\/09\/19\/everton-wolfsburg-41\/\" \/>\n<meta property=\"og:locale\" content=\"cs_CZ\" \/>\n<meta property=\"og:type\" content=\"article\" \/>\n<meta property=\"og:title\" content=\"Everton - Wolfsburg 4:1 - Official Czech &amp; Slovak Everton Supporters&#039; Club\" \/>\n<meta property=\"og:description\" content=\"Everton na\u010dal pou\u0165 Evropskou ligou poveden\u00fdm vystoupen\u00edm oko\u0159en\u011bn\u00fdm vysokou efektivitou, a tak si Wolfsburg z no\u010dn\u00edho Goodison Parku odvezl \u010dty\u0159brankov\u00fd&hellip;\" \/>\n<meta property=\"og:url\" content=\"https:\/\/evertonfc.cz\/index.php\/2014\/09\/19\/everton-wolfsburg-41\/\" \/>\n<meta property=\"og:site_name\" content=\"Official Czech &amp; Slovak Everton Supporters&#039; Club\" \/>\n<meta property=\"article:publisher\" content=\"https:\/\/www.facebook.com\/everton.fans.cz.sk\" \/>\n<meta property=\"article:published_time\" content=\"2014-09-19T15:00:08+00:00\" \/>\n<meta property=\"article:modified_time\" content=\"2019-02-13T16:01:01+00:00\" \/>\n<meta property=\"og:image\" content=\"https:\/\/evertonfc.cz\/wp-content\/uploads\/2019\/01\/report.jpg\" \/>\n\t<meta property=\"og:image:width\" content=\"720\" \/>\n\t<meta property=\"og:image:height\" content=\"405\" \/>\n\t<meta property=\"og:image:type\" content=\"image\/jpeg\" \/>\n<meta name=\"author\" content=\"Ri\u010di\" \/>\n<meta name=\"twitter:card\" content=\"summary_large_image\" \/>\n<meta name=\"twitter:creator\" content=\"@rbrejsa\" \/>\n<meta name=\"twitter:label1\" content=\"Napsal(a)\" \/>\n\t<meta name=\"twitter:data1\" content=\"Ri\u010di\" \/>\n\t<meta name=\"twitter:label2\" content=\"Odhadovan\u00e1 doba \u010dten\u00ed\" \/>\n\t<meta name=\"twitter:data2\" content=\"3 minuty\" \/>\n<script type=\"application\/ld+json\" class=\"yoast-schema-graph\">{\"@context\":\"https:\/\/schema.org\",\"@graph\":[{\"@type\":\"Article\",\"@id\":\"https:\/\/evertonfc.cz\/index.php\/2014\/09\/19\/everton-wolfsburg-41\/#article\",\"isPartOf\":{\"@id\":\"https:\/\/evertonfc.cz\/index.php\/2014\/09\/19\/everton-wolfsburg-41\/\"},\"author\":{\"name\":\"Ri\u010di\",\"@id\":\"https:\/\/evertonfc.cz\/#\/schema\/person\/f7a5daedb2ffee98480bc70e191aaef1\"},\"headline\":\"Everton &#8211; Wolfsburg 4:1\",\"datePublished\":\"2014-09-19T15:00:08+00:00\",\"dateModified\":\"2019-02-13T16:01:01+00:00\",\"mainEntityOfPage\":{\"@id\":\"https:\/\/evertonfc.cz\/index.php\/2014\/09\/19\/everton-wolfsburg-41\/\"},\"wordCount\":567,\"commentCount\":0,\"publisher\":{\"@id\":\"https:\/\/evertonfc.cz\/#organization\"},\"image\":{\"@id\":\"https:\/\/evertonfc.cz\/index.php\/2014\/09\/19\/everton-wolfsburg-41\/#primaryimage\"},\"thumbnailUrl\":\"https:\/\/evertonfc.cz\/wp-content\/uploads\/2019\/01\/report.jpg\",\"articleSection\":[\"Z\u00e1pasy\"],\"inLanguage\":\"cs\",\"potentialAction\":[{\"@type\":\"CommentAction\",\"name\":\"Comment\",\"target\":[\"https:\/\/evertonfc.cz\/index.php\/2014\/09\/19\/everton-wolfsburg-41\/#respond\"]}]},{\"@type\":\"WebPage\",\"@id\":\"https:\/\/evertonfc.cz\/index.php\/2014\/09\/19\/everton-wolfsburg-41\/\",\"url\":\"https:\/\/evertonfc.cz\/index.php\/2014\/09\/19\/everton-wolfsburg-41\/\",\"name\":\"Everton - Wolfsburg 4:1 - Official Czech &amp; Slovak Everton Supporters&#039; Club\",\"isPartOf\":{\"@id\":\"https:\/\/evertonfc.cz\/#website\"},\"primaryImageOfPage\":{\"@id\":\"https:\/\/evertonfc.cz\/index.php\/2014\/09\/19\/everton-wolfsburg-41\/#primaryimage\"},\"image\":{\"@id\":\"https:\/\/evertonfc.cz\/index.php\/2014\/09\/19\/everton-wolfsburg-41\/#primaryimage\"},\"thumbnailUrl\":\"https:\/\/evertonfc.cz\/wp-content\/uploads\/2019\/01\/report.jpg\",\"datePublished\":\"2014-09-19T15:00:08+00:00\",\"dateModified\":\"2019-02-13T16:01:01+00:00\",\"breadcrumb\":{\"@id\":\"https:\/\/evertonfc.cz\/index.php\/2014\/09\/19\/everton-wolfsburg-41\/#breadcrumb\"},\"inLanguage\":\"cs\",\"potentialAction\":[{\"@type\":\"ReadAction\",\"target\":[\"https:\/\/evertonfc.cz\/index.php\/2014\/09\/19\/everton-wolfsburg-41\/\"]}]},{\"@type\":\"ImageObject\",\"inLanguage\":\"cs\",\"@id\":\"https:\/\/evertonfc.cz\/index.php\/2014\/09\/19\/everton-wolfsburg-41\/#primaryimage\",\"url\":\"https:\/\/evertonfc.cz\/wp-content\/uploads\/2019\/01\/report.jpg\",\"contentUrl\":\"https:\/\/evertonfc.cz\/wp-content\/uploads\/2019\/01\/report.jpg\",\"width\":720,\"height\":405},{\"@type\":\"BreadcrumbList\",\"@id\":\"https:\/\/evertonfc.cz\/index.php\/2014\/09\/19\/everton-wolfsburg-41\/#breadcrumb\",\"itemListElement\":[{\"@type\":\"ListItem\",\"position\":1,\"name\":\"Home\",\"item\":\"https:\/\/evertonfc.cz\/\"},{\"@type\":\"ListItem\",\"position\":2,\"name\":\"Everton &#8211; Wolfsburg 4:1\"}]},{\"@type\":\"WebSite\",\"@id\":\"https:\/\/evertonfc.cz\/#website\",\"url\":\"https:\/\/evertonfc.cz\/\",\"name\":\"Official Czech &amp; Slovak Everton Supporters&#039; Club\",\"description\":\"\",\"publisher\":{\"@id\":\"https:\/\/evertonfc.cz\/#organization\"},\"potentialAction\":[{\"@type\":\"SearchAction\",\"target\":{\"@type\":\"EntryPoint\",\"urlTemplate\":\"https:\/\/evertonfc.cz\/?s={search_term_string}\"},\"query-input\":{\"@type\":\"PropertyValueSpecification\",\"valueRequired\":true,\"valueName\":\"search_term_string\"}}],\"inLanguage\":\"cs\"},{\"@type\":\"Organization\",\"@id\":\"https:\/\/evertonfc.cz\/#organization\",\"name\":\"Official Czech & Slovak Everton Supporters' Club\",\"url\":\"https:\/\/evertonfc.cz\/\",\"logo\":{\"@type\":\"ImageObject\",\"inLanguage\":\"cs\",\"@id\":\"https:\/\/evertonfc.cz\/#\/schema\/logo\/image\/\",\"url\":\"https:\/\/evertonfc.cz\/wp-content\/uploads\/2019\/05\/logo.png\",\"contentUrl\":\"https:\/\/evertonfc.cz\/wp-content\/uploads\/2019\/05\/logo.png\",\"width\":112,\"height\":112,\"caption\":\"Official Czech & Slovak Everton Supporters' Club\"},\"image\":{\"@id\":\"https:\/\/evertonfc.cz\/#\/schema\/logo\/image\/\"},\"sameAs\":[\"https:\/\/www.facebook.com\/everton.fans.cz.sk\"]},{\"@type\":\"Person\",\"@id\":\"https:\/\/evertonfc.cz\/#\/schema\/person\/f7a5daedb2ffee98480bc70e191aaef1\",\"name\":\"Ri\u010di\",\"sameAs\":[\"https:\/\/x.com\/rbrejsa\"],\"url\":\"https:\/\/evertonfc.cz\/index.php\/author\/rici\/\"}]}<\/script>\n<!-- \/ Yoast SEO plugin. -->","yoast_head_json":{"title":"Everton - Wolfsburg 4:1 - Official Czech &amp; Slovak Everton Supporters&#039; Club","robots":{"index":"index","follow":"follow","max-snippet":"max-snippet:-1","max-image-preview":"max-image-preview:large","max-video-preview":"max-video-preview:-1"},"canonical":"https:\/\/evertonfc.cz\/index.php\/2014\/09\/19\/everton-wolfsburg-41\/","og_locale":"cs_CZ","og_type":"article","og_title":"Everton - Wolfsburg 4:1 - Official Czech &amp; Slovak Everton Supporters&#039; Club","og_description":"Everton na\u010dal pou\u0165 Evropskou ligou poveden\u00fdm vystoupen\u00edm oko\u0159en\u011bn\u00fdm vysokou efektivitou, a tak si Wolfsburg z no\u010dn\u00edho Goodison Parku odvezl \u010dty\u0159brankov\u00fd&hellip;","og_url":"https:\/\/evertonfc.cz\/index.php\/2014\/09\/19\/everton-wolfsburg-41\/","og_site_name":"Official Czech &amp; Slovak Everton Supporters&#039; Club","article_publisher":"https:\/\/www.facebook.com\/everton.fans.cz.sk","article_published_time":"2014-09-19T15:00:08+00:00","article_modified_time":"2019-02-13T16:01:01+00:00","og_image":[{"width":720,"height":405,"url":"https:\/\/evertonfc.cz\/wp-content\/uploads\/2019\/01\/report.jpg","type":"image\/jpeg"}],"author":"Ri\u010di","twitter_card":"summary_large_image","twitter_creator":"@rbrejsa","twitter_misc":{"Napsal(a)":"Ri\u010di","Odhadovan\u00e1 doba \u010dten\u00ed":"3 minuty"},"schema":{"@context":"https:\/\/schema.org","@graph":[{"@type":"Article","@id":"https:\/\/evertonfc.cz\/index.php\/2014\/09\/19\/everton-wolfsburg-41\/#article","isPartOf":{"@id":"https:\/\/evertonfc.cz\/index.php\/2014\/09\/19\/everton-wolfsburg-41\/"},"author":{"name":"Ri\u010di","@id":"https:\/\/evertonfc.cz\/#\/schema\/person\/f7a5daedb2ffee98480bc70e191aaef1"},"headline":"Everton &#8211; Wolfsburg 4:1","datePublished":"2014-09-19T15:00:08+00:00","dateModified":"2019-02-13T16:01:01+00:00","mainEntityOfPage":{"@id":"https:\/\/evertonfc.cz\/index.php\/2014\/09\/19\/everton-wolfsburg-41\/"},"wordCount":567,"commentCount":0,"publisher":{"@id":"https:\/\/evertonfc.cz\/#organization"},"image":{"@id":"https:\/\/evertonfc.cz\/index.php\/2014\/09\/19\/everton-wolfsburg-41\/#primaryimage"},"thumbnailUrl":"https:\/\/evertonfc.cz\/wp-content\/uploads\/2019\/01\/report.jpg","articleSection":["Z\u00e1pasy"],"inLanguage":"cs","potentialAction":[{"@type":"CommentAction","name":"Comment","target":["https:\/\/evertonfc.cz\/index.php\/2014\/09\/19\/everton-wolfsburg-41\/#respond"]}]},{"@type":"WebPage","@id":"https:\/\/evertonfc.cz\/index.php\/2014\/09\/19\/everton-wolfsburg-41\/","url":"https:\/\/evertonfc.cz\/index.php\/2014\/09\/19\/everton-wolfsburg-41\/","name":"Everton - Wolfsburg 4:1 - Official Czech &amp; Slovak Everton Supporters&#039; Club","isPartOf":{"@id":"https:\/\/evertonfc.cz\/#website"},"primaryImageOfPage":{"@id":"https:\/\/evertonfc.cz\/index.php\/2014\/09\/19\/everton-wolfsburg-41\/#primaryimage"},"image":{"@id":"https:\/\/evertonfc.cz\/index.php\/2014\/09\/19\/everton-wolfsburg-41\/#primaryimage"},"thumbnailUrl":"https:\/\/evertonfc.cz\/wp-content\/uploads\/2019\/01\/report.jpg","datePublished":"2014-09-19T15:00:08+00:00","dateModified":"2019-02-13T16:01:01+00:00","breadcrumb":{"@id":"https:\/\/evertonfc.cz\/index.php\/2014\/09\/19\/everton-wolfsburg-41\/#breadcrumb"},"inLanguage":"cs","potentialAction":[{"@type":"ReadAction","target":["https:\/\/evertonfc.cz\/index.php\/2014\/09\/19\/everton-wolfsburg-41\/"]}]},{"@type":"ImageObject","inLanguage":"cs","@id":"https:\/\/evertonfc.cz\/index.php\/2014\/09\/19\/everton-wolfsburg-41\/#primaryimage","url":"https:\/\/evertonfc.cz\/wp-content\/uploads\/2019\/01\/report.jpg","contentUrl":"https:\/\/evertonfc.cz\/wp-content\/uploads\/2019\/01\/report.jpg","width":720,"height":405},{"@type":"BreadcrumbList","@id":"https:\/\/evertonfc.cz\/index.php\/2014\/09\/19\/everton-wolfsburg-41\/#breadcrumb","itemListElement":[{"@type":"ListItem","position":1,"name":"Home","item":"https:\/\/evertonfc.cz\/"},{"@type":"ListItem","position":2,"name":"Everton &#8211; Wolfsburg 4:1"}]},{"@type":"WebSite","@id":"https:\/\/evertonfc.cz\/#website","url":"https:\/\/evertonfc.cz\/","name":"Official Czech &amp; Slovak Everton Supporters&#039; Club","description":"","publisher":{"@id":"https:\/\/evertonfc.cz\/#organization"},"potentialAction":[{"@type":"SearchAction","target":{"@type":"EntryPoint","urlTemplate":"https:\/\/evertonfc.cz\/?s={search_term_string}"},"query-input":{"@type":"PropertyValueSpecification","valueRequired":true,"valueName":"search_term_string"}}],"inLanguage":"cs"},{"@type":"Organization","@id":"https:\/\/evertonfc.cz\/#organization","name":"Official Czech & Slovak Everton Supporters' Club","url":"https:\/\/evertonfc.cz\/","logo":{"@type":"ImageObject","inLanguage":"cs","@id":"https:\/\/evertonfc.cz\/#\/schema\/logo\/image\/","url":"https:\/\/evertonfc.cz\/wp-content\/uploads\/2019\/05\/logo.png","contentUrl":"https:\/\/evertonfc.cz\/wp-content\/uploads\/2019\/05\/logo.png","width":112,"height":112,"caption":"Official Czech & Slovak Everton Supporters' Club"},"image":{"@id":"https:\/\/evertonfc.cz\/#\/schema\/logo\/image\/"},"sameAs":["https:\/\/www.facebook.com\/everton.fans.cz.sk"]},{"@type":"Person","@id":"https:\/\/evertonfc.cz\/#\/schema\/person\/f7a5daedb2ffee98480bc70e191aaef1","name":"Ri\u010di","sameAs":["https:\/\/x.com\/rbrejsa"],"url":"https:\/\/evertonfc.cz\/index.php\/author\/rici\/"}]}},"_links":{"self":[{"href":"https:\/\/evertonfc.cz\/index.php\/wp-json\/wp\/v2\/posts\/4636"}],"collection":[{"href":"https:\/\/evertonfc.cz\/index.php\/wp-json\/wp\/v2\/posts"}],"about":[{"href":"https:\/\/evertonfc.cz\/index.php\/wp-json\/wp\/v2\/types\/post"}],"author":[{"embeddable":true,"href":"https:\/\/evertonfc.cz\/index.php\/wp-json\/wp\/v2\/users\/6"}],"replies":[{"embeddable":true,"href":"https:\/\/evertonfc.cz\/index.php\/wp-json\/wp\/v2\/comments?post=4636"}],"version-history":[{"count":1,"href":"https:\/\/evertonfc.cz\/index.php\/wp-json\/wp\/v2\/posts\/4636\/revisions"}],"predecessor-version":[{"id":4637,"href":"https:\/\/evertonfc.cz\/index.php\/wp-json\/wp\/v2\/posts\/4636\/revisions\/4637"}],"wp:featuredmedia":[{"embeddable":true,"href":"https:\/\/evertonfc.cz\/index.php\/wp-json\/wp\/v2\/media\/1315"}],"wp:attachment":[{"href":"https:\/\/evertonfc.cz\/index.php\/wp-json\/wp\/v2\/media?parent=4636"}],"wp:term":[{"taxonomy":"category","embeddable":true,"href":"https:\/\/evertonfc.cz\/index.php\/wp-json\/wp\/v2\/categories?post=4636"},{"taxonomy":"post_tag","embeddable":true,"href":"https:\/\/evertonfc.cz\/index.php\/wp-json\/wp\/v2\/tags?post=4636"}],"curies":[{"name":"wp","href":"https:\/\/api.w.org\/{rel}","templated":true}]}}