{"id":4638,"date":"2014-09-17T17:18:18","date_gmt":"2014-09-17T15:18:18","guid":{"rendered":"http:\/\/evertonfc.cz\/?p=4638"},"modified":"2019-02-13T23:18:05","modified_gmt":"2019-02-13T22:18:05","slug":"preview-everton-fc-vfl-wolfsburg","status":"publish","type":"post","link":"https:\/\/evertonfc.cz\/index.php\/2014\/09\/17\/preview-everton-fc-vfl-wolfsburg\/","title":{"rendered":"Preview: Everton FC &#8211; VfL Wolfsburg"},"content":{"rendered":"<h4 id=\"NewsPostDetailSummary\">Everton odohr\u00e1 v Goodison parku vo \u0161tvrtok ve\u010der 18. septembra 2014 \u00favodn\u00fd z\u00e1pas jednej z\u00a0naj\u0165a\u017e\u0161\u00edch z\u00e1kladn\u00fdch skup\u00edn Eur\u00f3pskej ligy proti piatemu celku minuloro\u010dnej sez\u00f3ny Bundesligy. Pre evertonians je to prv\u00fd z\u00e1pas v eur\u00f3pskej poh\u00e1rovej s\u00fa\u0165a\u017ei po dlh\u00fdch piatich rokoch.<\/h4>\n<div id=\"NewsPostDetailContent\">\n<p>Everton host\u00ed 18. septembra ve\u010der v\u00a0r\u00e1mci prv\u00e9ho z\u00e1pasu z\u00e1kladnej skupiny Eur\u00f3pskej ligy VfL Wolfsburg, ktor\u00fd s\u00a0nami do poslednej chv\u00edle bojoval o\u00a0Romelu Lukakua. Vo fin\u00e1le vzdal boj \u00fadajne kv\u00f4li u\u017e trochu vysokej sume. Verme, \u017ee im Lukaku sekne aspo\u0148 jeden g\u00f3l a\u00a0uk\u00e1\u017ee mana\u017e\u00e9rovi VFL Heckingovi, pre\u010do sa m\u00fdlil.<\/p>\n<p>O\u00a0kvalit\u00e1ch Wolfsburgu hovor\u00ed kvalita ich k\u00e1dra \u010di umiestnenie v minulosez\u00f3nnej Bundeslige, kedy ich od \u0161tvrt\u00e9ho miesta zaru\u010duj\u00faceho Ligu majstrov delil jedin\u00fd bod. Transfermarkt uv\u00e1dza finan\u010dn\u00fa hodnotu k\u00e1dra Wolfsburgu dokonca o\u00a0m\u00e1lo (cca 4 mil. libier) vy\u0161\u0161iu ne\u017e Evertonu. Faktom v\u0161ak je, \u017ee trhov\u00e9 sumy uv\u00e1dzan\u00e9 transfermarktom nie s\u00fa nepresn\u00e9, vych\u00e1dzaj\u00face iba z\u00a0\u010diastkov\u00fdch \u00fadajov.<\/p>\n<p>O\u00a0iste podivnosti Wolfsburgu hovor\u00ed napr\u00edklad jeho zalo\u017eenie automobilkou Volkswagen, jeho vlastnenie automobilkou Volkswagen&#8230; Ba \u010do viac, cel\u00e9 mesto bolo zalo\u017een\u00e9 pre automobilku Volkswagen. Ja by\u0165 fandom Wolfsburgu, tak sa strh\u00e1vam zo sna kv\u00f4li zna\u010dke VW &#8230; Preto fakt nech\u00e1pem, pre\u010do si dali prez\u00fdvku &#8222;vlci&#8220;?? \u017diadny vlci v\u00a0okol\u00ed mesta ne\u017eij\u00fa, najbli\u017e\u0161\u00ed dvaja vlci sa objavili po dlhej dobe horko \u0165a\u017eko v\u00a0Munsteri&#8230; Ale p\u00e1tra\u0165 po zmysle je asi tak zbyto\u010dn\u00e9 ako po nemeckom zmysle pre humor.<\/p>\n<p>Z toho \u010do viem a\u00a0\u010do som sa do\u010d\u00edtal vypichujem najlep\u0161\u00edch hr\u00e1\u010dov:<\/p>\n<h4><strong>Brank\u00e1r<\/strong><\/h4>\n<p><strong>Diego Benaglio<\/strong> &#8211; kapit\u00e1n, brank\u00e1r, doned\u00e1vna st\u00e1lica v\u00a0br\u00e1ne \u0160vaj\u010diarska; aj ke\u010f 53 inkasovan\u00fdch g\u00f3lov a \u201elen\u201c 5 \u010dist\u00fdch \u0161t\u00edtov nepatr\u00ed medzi top v\u00fdkony, ur\u010dite patr\u00ed medzi nadpriemern\u00fdch na svojom poste.<\/p>\n<h4><strong>Obrana<\/strong><\/h4>\n<p><strong>Ricardo Rodr\u00edguez<\/strong> \u2013 najv\u00e4\u010d\u0161ia hviezda v\u00a0defenz\u00edvnych radoch, 22 ro\u010dn\u00fd \u013eav\u00fd obranca (\u0161t\u00fdlom hraj\u00faci sk\u00f4r wing back-a), reprezentant \u0160vaj\u010diarska, najlep\u0161\u00ed hr\u00e1\u010d \u0160vaj\u010diarska \u00a02014 (o\u00a0ktor\u00e9ho sa \u00fadajne zauj\u00edmal aj Man. United), len v\u00a0minulej sez\u00f3ne vytvoril 78 \u0161anc\u00ed, nahral na 9 g\u00f3lov a\u00a07 vsietil, m\u00e1 80% presnos\u0165 prihr\u00e1vok a\u00a068% presnos\u0165 striel, v\u00fdborn\u00fd dribbling, techniku pr\u00e1ce s\u00a0loptou a\u00a0obstojn\u00fa \u00farove\u0148 vyhran\u00fdch osobn\u00fdch s\u00fabojov \u2013 61%. Ako slab\u0161iu str\u00e1nku uv\u00e1dzaj\u00fa niektor\u00e9 futbalov\u00e9 weby koncentr\u00e1ciu. Je lep\u0161\u00ed v\u00a0\u00fato\u010dnej f\u00e1ze ne\u017e obrannej, av\u0161ak ani v\u00a0nej nepatr\u00ed medzi podpriemer. Mnoh\u00fdmi je pova\u017eovan\u00fd za jedn\u00e9ho z\u00a0najlep\u0161\u00edch s\u00fa\u010dasn\u00fdch \u013eav\u00fdch obrancov v\u00a0Eur\u00f3pe.<\/p>\n<h4><em><strong>Porovnanie v\u00fdkonov krajov\u00fdch obrancov <\/strong><\/em><em><strong>Premierleague a\u00a0Bundesligy v\u00a0sez\u00f3ne 2013-2014<\/strong><\/em><\/h4>\n<table border=\"1\" width=\"435\" cellspacing=\"0\" cellpadding=\"0\">\n<tbody>\n<tr>\n<td style=\"text-align: center;\" valign=\"bottom\" width=\"132\"><strong><em>2013-14 Season<\/em><\/strong><\/td>\n<td style=\"text-align: center;\" valign=\"bottom\" width=\"161\"><strong><em>Premier League Defenders<\/em><\/strong><\/td>\n<td style=\"text-align: center;\" valign=\"bottom\" width=\"142\"><strong><em>Bundesliga Defenders<\/em><\/strong><\/td>\n<\/tr>\n<tr>\n<td style=\"text-align: center;\" valign=\"bottom\" width=\"132\"><strong><em>Most Chances Created<\/em><\/strong><\/td>\n<td style=\"text-align: center;\" valign=\"bottom\" width=\"161\"><em>49\u2014Leighton Baines<\/em><\/td>\n<td style=\"text-align: center;\" valign=\"bottom\" width=\"142\"><em>76\u2014Ricardo Rodriguez<\/em><\/td>\n<\/tr>\n<tr>\n<td style=\"text-align: center;\" valign=\"bottom\" width=\"132\"><strong><em>Most Succ. Dribbles<\/em><\/strong><\/td>\n<td style=\"text-align: center;\" valign=\"bottom\" width=\"161\"><em>64\u2014Seamus Coleman<\/em><\/td>\n<td style=\"text-align: center;\" valign=\"bottom\" width=\"142\"><em>88\u2014Ricardo Rodriguez<\/em><\/td>\n<\/tr>\n<tr>\n<td style=\"text-align: center;\" valign=\"bottom\" width=\"132\"><strong><em>Most Assists<\/em><\/strong><\/td>\n<td style=\"text-align: center;\" valign=\"bottom\" width=\"161\"><em>6\u2014Aleksandar Kolarov<\/em><\/td>\n<td style=\"text-align: center;\" valign=\"bottom\" width=\"142\"><em>9\u2014Ricardo Rodriguez<\/em><\/td>\n<\/tr>\n<tr>\n<td style=\"text-align: center;\" valign=\"bottom\" width=\"132\"><strong><em>Most Crosses<\/em><\/strong><\/td>\n<td style=\"text-align: center;\" valign=\"bottom\" width=\"161\"><em>229\u2014Leighton Baines<\/em><\/td>\n<td style=\"text-align: center;\" valign=\"bottom\" width=\"142\"><em>185\u2014Ricardo Rodriguez<\/em><\/td>\n<\/tr>\n<tr>\n<td style=\"text-align: center;\" valign=\"bottom\" width=\"132\"><strong><em>Most Goals<\/em><\/strong><\/td>\n<td style=\"text-align: center;\" valign=\"bottom\" width=\"161\"><em>7\u2014Martin Skrtel<\/em><\/td>\n<td style=\"text-align: center;\" valign=\"bottom\" width=\"142\"><em>5\u2014Ricardo Rodriguez<\/em><\/td>\n<\/tr>\n<\/tbody>\n<\/table>\n<p><strong>R. Knoche\u00a0\u2013<\/strong> nadpriemern\u00fd je aj 22 ro\u010dn\u00fd talent, stredov\u00fd obranca, ktor\u00fd hral 10 kr\u00e1t za ml\u00e1de\u017en\u00edcke reprezent\u00e1cie Nemecka do 20 a\u00a021 rokov. K\u00a0jeho siln\u00fdm str\u00e1nkam patria nahr\u00e1vky (presnos\u0165 prihr\u00e1vok mal minul\u00fa sez\u00f3nu 84%), k\u00a0priemern\u00fdm a\u017e slab\u0161\u00edm obrann\u00e9 z\u00e1kroky. V\u00a0minulej sez\u00f3ne mal v\u00a0priemere na z\u00e1pas 9 obrann\u00fdch z\u00e1krokov pri ktor\u00fdch spravil priemere 1 chybu za z\u00e1pas. Po\u010det vyhran\u00fdch osobn\u00fdch s\u00fabojov mal vlani na \u00farovni 57%. \u00a0Minul\u00fa sez\u00f3nu strelil 3 g\u00f3ly a\u00a0na 2 prihral.<\/p>\n<p><strong>Naldo <\/strong>\u2013 nie\u010do ako Distin Wolfsburgu &#8211; 32 ro\u010dn\u00fd sk\u00fasen\u00fd braz\u00edsky obranca, v\u00a0rokoch 2007 \u2013 2009 4 x reprezentoval Braz\u00edliu. Zo svojim 198 cm vynik\u00e1 vo vyhrat\u00fdch hlavi\u010dkov\u00fdch s\u00fabojoch, je ve\u013emi dobr\u00fdch v\u00a0priamych kopoch, spracovan\u00ed lopty, m\u00e1 slu\u0161n\u00fd podiel vyhran\u00fdch osobn\u00fdch s\u00fabojov \u2013 za minul\u00fa sez\u00f3nu na \u00farovni 60%. Presnos\u0165 prihr\u00e1vok m\u00e1 80%. Dal taktie\u017e 3 g\u00f3ly a\u00a0na 2 prihral. Oproti Knochemu m\u00e1 vyrovnanej\u0161iu bilanciu kval\u00edt \u00fato\u010dnej a\u00a0obrannej hry, v\u00a0obrann\u00fdch \u010dinnostiach mal o\u00a0nie\u010do lep\u0161ie \u0161tatistiky ako Knoche.<\/p>\n<p><strong>Sebastian Jung <\/strong>\u2013 prav\u00fd obranca, ktor\u00fd nastupoval za nemeck\u00e9 ml\u00e1de\u017en\u00edcke reprezent\u00e1cie pomerne \u010dasto a\u00a0raz hral aj za seniorku Nemecka, \u010derstv\u00e1 posila k\u00fapen\u00e1 v\u00a0m\u00e1ji z\u00a0Frankfurtu za cca 2,5 mili\u00f3na libier.<\/p>\n<h4><strong>Stred po\u013ea<\/strong><\/h4>\n<p><strong>Luiz Gustavo\u00a0\u2013<\/strong> jedna z\u00a0najv\u00e4\u010d\u0161\u00edch hviezd v\u00a0strede po\u013ea, 187 cm vysok\u00fd, 27 ro\u010dn\u00fd a 27 \u2013 n\u00e1sobn\u00fd reprezentant Braz\u00edlie, defenz\u00edvny stredopoliar (ktor\u00fd vie zahra\u0165 aj v\u00a0obrane), ktor\u00e9ho k\u00fapil Wolfsburg pred rokom z\u00a0Bayernu za predpokladan\u00fa sumu cca 16 mil. libier. Minul\u00fa sez\u00f3nu dal 4 g\u00f3ly, na 3 prihral, m\u00e1 86% presnos\u0165 nahr\u00e1vok, 47% \u00faspe\u0161nos\u0165 v\u00a0osobn\u00fdch s\u00fabojoch, zo 4 obran\u00fdch akci\u00ed minul\u00fa sez\u00f3nu spravil chybu v\u00a0jednej, vytvoril 18 \u0161anc\u00ed, presnos\u0165 striel m\u00e1 35%. Pomer kvality obrann\u00fdch a\u00a0\u00fato\u010dn\u00fdch \u010dinnost\u00ed m\u00e1 vyrovnan\u00fd, pri\u010dom obe tieto \u010dinnosti m\u00e1 \u0161tatisticky za minul\u00fa sez\u00f3nu jasne nadpriemern\u00e9. K\u00a0m\u00e1la slabin\u00e1m patria \u010derven\u00e9 karty, minul\u00fa sez\u00f3nu ich dostal 3.<\/p>\n<p><strong>Josuha Guilavogui<\/strong> \u2013 \u010fal\u0161\u00ed stredopoliar s\u00a0obrann\u00fdmi \u00falohami je prid\u00e1van\u00fd\u00a0 ku Gustavovi pod\u013ea formy, ale moment\u00e1lne je to hlavne tento Franc\u00faz, ktor\u00fd hr\u00e1val za ml\u00e1de\u017en\u00edcke reprezent\u00e1cie a\u00a05 kr\u00e1t u\u017e nast\u00fapil za seniorsk\u00fa repre. Minul\u00fa sez\u00f3nu odohral v\u00a0St. \u00c9tienne len 9 z\u00e1pasov, s\u00a086% presnos\u0165ou prihr\u00e1vok a\u00a046% podielom vyhran\u00fdch osobn\u00fdch s\u00fabojov, pri\u010dom z\u00a05 obrann\u00fdch z\u00e1krokov za z\u00e1pas (v priemere) spravil 0 ch\u00fdb.<\/p>\n<p><strong>De Bruyne<\/strong> \u2013 asi najv\u00e4\u010d\u0161ia hviezda, ktor\u00fa k\u00fapil Wolfsburg v\u00a0janu\u00e1ri 2014 z\u00a0Chelsea za 18 mil. libier. Tento \u00fato\u010dn\u00fd stredopoliar Belgickej reprezent\u00e1cie, ktor\u00fd vie hra\u0165 aj na kr\u00eddlach (napr. teraz pri zranen\u00ed Perisica hr\u00e1va na \u013eavom kr\u00eddle), vytvoril len v\u00a0druhej polovici minulej sez\u00f3ny 50 \u0161anc\u00ed pre svojich spoluhr\u00e1\u010dov, dal 3 g\u00f3ly a\u00a0na 6 prihral. \u00a0Presnos\u0165 prihr\u00e1vok mal 74%, \u00faspe\u0161nos\u0165 vyhran\u00fdch osobn\u00fdch s\u00fabojov 47%, presnos\u0165 striel 54%. V\u00a0defenz\u00edve pom\u00e1ha m\u00e1lo, ale ak br\u00e1ni, nezvykne robi\u0165 chyby.<\/p>\n<p><strong>Maximilian Arnold<\/strong> \u2013 mlad\u00fd 20 ro\u010dn\u00fd talentovan\u00fd \u00fato\u010dn\u00fd stredopoliar, ktor\u00fd okrem Am postu vie hra\u0165 aj na pravom kr\u00eddle a\u00a0na poste stredov\u00e9ho z\u00e1lo\u017en\u00edka, ob\u010das nastupoval za ml\u00e1de\u017en\u00edcke reprezent\u00e1cie a\u00a0raz aj za seniorku Nemecka. Na pomery Wolfsburgu \u201elen\u201c 184 cm vysok\u00fd stredopoliar dal v\u00a0minulej sez\u00f3ne 7 g\u00f3lov, na 3 prihralvytvoril 33 \u0161anc\u00ed, mal 81% presnos\u0165 prihr\u00e1vok, osobn\u00fdch s\u00fabojov vyhral 42%, presnos\u0165 striel mal 46%.<\/p>\n<p><strong>I<\/strong><strong>van Perisic<\/strong> \u2013 \u010fal\u0161ia v\u00fdrazn\u00e1 osobnos\u0165, 25 ro\u010dn\u00fd, 187 cm vysok\u00fd reprezentant Chorv\u00e1tska, skvel\u00e9 \u013eav\u00e9 kr\u00eddlo, zaujal aj na MS vo futbale 2014. K\u00fapil ho v\u00a0janu\u00e1ri 2013 za vy\u0161e 6 mil. libier z\u00a0Dortmundu. Minul\u00fa sez\u00f3nu dal 10 g\u00f3lov, na 7 prihral, vytvoril 30 g\u00f3lov\u00fdch \u0161anc\u00ed, mal 71% presnos\u0165 prihr\u00e1vok, vyhral 51% osobn\u00fdch s\u00fabojov, 54% presnos\u0165 striel. Len v\u00a0obrannej \u010dinnosti patr\u00ed k\u00a0priemeru, z 2 obrann\u00fdch z\u00e1krokov v priemere za jeden z\u00e1pas spravil 1 chybu. Na\u0161\u0165astie pre n\u00e1s, moment\u00e1lne je zranen\u00fd na dlh\u0161iu dobu.<\/p>\n<h4><strong>\u00datok<\/strong><\/h4>\n<p><strong>Ivica Olic<\/strong> \u2013 v\u00a0lete 2012 k\u00fapil z\u00a0Bayernu za vy\u0161e 2 mil. libier dnes u\u017e 35 ro\u010dn\u00e9ho (vtedy 33 ro\u010dn\u00e9ho) hrotov\u00e9ho \u00fato\u010dn\u00edka, ktor\u00fd vie zahra\u0165 aj na \u00fato\u010dn\u00fdch kr\u00eddlach (\u010do my rie\u0161ime Eto\u00b4ov vek 33 rokov a\u00a0pr\u00edchod zdarma :-). Tento 97 n\u00e1sobn\u00fd chorv\u00e1tsky reprezentant v\u0161ak napriek svojmu veku st\u00e1le strie\u013ea g\u00f3ly ako na be\u017eiacom p\u00e1se, minul\u00fa sez\u00f3nu ich dal 15 g\u00f3lov, na 6 prihral, pri\u010dom u\u017e v\u00a0prv\u00fdch 2 z\u00e1pasoch tejto sez\u00f3ny stihol da\u0165 2 g\u00f3ly. Minul\u00fa sez\u00f3nu mal 50% presnos\u0165 striel, vytvoril 25 \u0161anc\u00ed, m\u00e1 69% presnos\u0165 prihr\u00e1vok, priemern\u00fd m\u00e1 len po\u010det vyhran\u00fdch osobn\u00fdch s\u00fabojov \u2013 38%.<\/p>\n<p><strong>Nicklas Bendtner<\/strong> \u2013 tento hrotov\u00fd \u00fato\u010dn\u00edk, 60 n\u00e1sobn\u00fd reprezentant D\u00e1nska, ktor\u00fd sa napriek dlhodob\u00e9mu sna\u017eeniu nakoniec neprebojoval do z\u00e1kladu Arsenalu. Minul\u00e1 sez\u00f3na mu, podobne ako niektor\u00e9 pred \u0148ou, nevy\u0161la, nast\u00fapil za Arsenal len v\u00a014 z\u00e1pasoch v\u00a0ktor\u00fdch sk\u00f3roval 2 kr\u00e1t a\u00a0raz na g\u00f3l prihral. \u00a0V\u00a0lete 2014 mu z\u00e1rove\u0148 skon\u010dil kontrakt s\u00a0Arsenalom, preto v\u00a0auguste 2014 podp\u00edsal 3 ro\u010dn\u00fd kontrakt s\u00a0Wolfsburgom, ktor\u00fd ho takto z\u00edskal zdarma.<\/p>\n<h4><strong>Mana\u017e\u00e9r<\/strong><\/h4>\n<p><strong>Dieter Hecking<\/strong> \u2013 tento 50 ro\u010dn\u00fd mana\u017e\u00e9r m\u00e1 na analytick\u00fdch futbalov\u00fdch str\u00e1nkach zv\u00e4\u010d\u0161a hodnotenie v\u00a0zmysle \u201emierne nadpriemern\u00fd\u201c alebo len \u201eve\u013emi mierne nadpriemern\u00fd\u201c (mana\u017e\u00e9r, s\u00a0bodov\u00fdm hodnoten\u00edm o\u00a0cca 1\/10 hor\u0161\u00edm ne\u017e Roberto Martinez. Tento b\u00fdval\u00fd stredopoliar hraj\u00faci na konci kari\u00e9ry za Hannover 96 i Eintracht Braunschweig preferuje rozostavenie 4-2-3-1.<\/p>\n<p>Wolfsburh je jeho \u0161iestou mana\u017e\u00e9rskou destin\u00e1ciou. Mana\u017eova\u0165 za\u010d\u00ednal v\u00a0klube SC Verl, hraj\u00facej Regionalliga Nord, kde s\u00edce neza\u010dal zle, zimuj\u00fac na 7 mieste, av\u0161ak odkia\u013e ho na\u0161tvane prepustili u\u017e po 20 z\u00e1pasoch pre jeho verejn\u00e9 proklam\u00e1cie o\u00a0tom \u017ee si h\u013ead\u00e1 nov\u00e9 miesto. U\u017e po dvoch mesiacoch ho zamestnal VfB L\u00fcbeck hraj\u00faci t\u00fa ist\u00fa s\u00fa\u0165a\u017e. V\u00a0\u00favodnej sez\u00f3ne po dobrej pr\u00e1ci skon\u010dil s\u00a0klubom tret\u00ed, len 1 miesto za postupom. V\u00a0\u010fal\u0161ej sez\u00f3ne u\u017e post\u00fapil z\u00a01. miesta o\u00a0s\u00fa\u0165a\u017e vy\u0161\u0161ie do 2. Bundesliga.. V\u00a0prvej sez\u00f3ne sa umiestnil v\u00a0strede tabu\u013eky, v\u00a0druhej sez\u00f3ne u\u017e s\u00a0klubom vypadol, na \u010do reagoval klub nepred\u013a\u017een\u00edm zmluvy. U\u017e o\u00a0t\u00fd\u017ede\u0148 ho zamestnal klub Alemannia Aachen z\u00a0tej istej s\u00fa\u0165a\u017ee (2. Bundesliga), ktor\u00fd v\u010faka senza\u010dnej \u00fa\u010dasti vo fin\u00e1le Nemeck\u00e9ho poh\u00e1ra hral Poh\u00e1r UEFA. Doviedol ho do z\u00e1kladnej skupiny, z\u00a0ktorej tesne nepost\u00fapil; v\u00a0lige skon\u010dil 6. Nasleduj\u00facu sez\u00f3nu post\u00fapil do Bundesligy, bol to n\u00e1vrat Aachenu do najvy\u0161\u0161ej s\u00fa\u0165a\u017ee po 36 rokoch. Vtedy prv\u00fd kr\u00e1t v\u00fdraznej\u0161ie zaujal ako mana\u017e\u00e9r. Av\u0161ak u\u017e po 3 z\u00e1pasoch po\u017eiadal o\u00a0uvo\u013enenie, preto\u017ee chcel za\u010da\u0165 mana\u017eova\u0165 jeho hr\u00e1\u010dsky klub Hannover 96. Hecking pozviechal t\u00e9m zo zl\u00e9ho \u0161tartu sez\u00f3ny a doviedol ho k bezpe\u010dn\u00e9mu\u00a011. miestu v\u00a0lige a\u00a0do \u0161tvr\u0165fin\u00e1le Nemeck\u00e9ho poh\u00e1ra. V\u00a0auguste 2009 \u00a0dobrovo\u013ene rezignoval na svoj post po zlom \u0161tarte sez\u00f3ny. V\u00a0rokoch 2009 \u2013 2012 mana\u017eoval 1 FC Nurnberh, od roku 2012 je mana\u017e\u00e9rom VFL Wolfsburg. Podiel vyhran\u00fdch z\u00e1pasov v\u00a0sez\u00f3ne sa u\u00a0neho pohybuje (u\u00a0klubov, s\u00a0ktor\u00fdmi hral Bundesligu) od 35,78% s\u00a0Hannoverom, cez 37,50% s\u00a0Norimberkom a\u017e po 47,54% s\u00a0Wolfsburgom. Moyes mal s\u00a0Everton podiel v\u00fdhier 42%, Martinez zatia\u013e 57%.<\/p>\n<h4><strong>Hist\u00f3ria klubu<\/strong><\/h4>\n<p>VfL Wolfsburg\u00a0(cel\u00fd n\u00e1zov znie Verein f\u00fcr Leibes\u00fcbungen Wolfsburg e.V.)\u00a0s\u00eddli vo Wolfsburgu v\u00a0Dolnom Sasku. \u00a0Nemo\u017eno celkom ozna\u010di\u0165 \u00a0ako tradi\u010dn\u00fd, bol zalo\u017een\u00fd len v\u00a0roku 1945. Zalo\u017eili ho, podobne ako samotn\u00e9 mesto Wolfsburg v\u00a0r. 1938, pre pracovn\u00edkov Volkswagenu. Je vlastnen\u00fd skupinou Volkswagen Group a jeho s\u00fa\u010das\u0165ou s\u00fa aj t\u00edmy v\u00a0\u010fal\u0161\u00edch \u0161portoch, napr\u00edklad v h\u00e1dzanej, basketbale.<\/p>\n<p>Svoje z\u00e1pasy hr\u00e1val do r. 2002 na VFL Stadion s\u00a0kapacitou 20500 div\u00e1kov, od r. 2002 hr\u00e1va dom\u00e1ce z\u00e1pasy vo Volkswagen Arena s\u00a0kapacitou 30 000 div\u00e1kov, z\u00a0ktor\u00fdch je 22 na sedenie a\u00a08000 na st\u00e1tie.<\/p>\n<p>Prv\u00fd kr\u00e1t hral najvy\u0161\u0161iu s\u00fa\u0165a\u017e u\u017e v\u00a0roku 1954, odkia\u013e po piatich rokoch bojov o\u00a0z\u00e1chranu zost\u00fapil znovu do 2. Ligy. V\u00a0roku 1970 mal \u0161ancu na druh\u00fd postup do 1. ligy, ale to sa mu nepodarilo a\u00a0v\u00a0roku 1974, kedy sa druh\u00e1 nemeck\u00e1 liga prv\u00fd kr\u00e1t volala 2. Bundesliga, dokonca vypadol do 3. ligy. A\u00a0nebol to len kr\u00e1tkodob\u00fd p\u00e1d, Wolfsburg odieiel z\u00a0profesion\u00e1lneho futbalu na dlh\u00fdch takmer 20 rokov. A\u017e na za\u010diatku 90-tych rokov sa klub stabilizoval v\u00a02. lige. V\u00a0roku 1995 mu tesne unikol postup do 1. Bundesligy a\u00a0post\u00fapil do finle nemeck\u00e9ho poh\u00e1ra, kde prehral s\u00a0Borussiou Monchengladbach. Postup do 1. Ligy oslavovali fan\u00fa\u0161ikovia Wolfsburgu a\u017e v\u00a0roku 1997. U\u017e v\u00a0sez\u00f3ne 1999 sa podarilo klubu dosta\u0165 do Poh\u00e1ra UEFA, n\u00e1sledne sa 5 kr\u00e1t za sebou kvalifikovali do nie ve\u013emi cenen\u00e9ho Poh\u00e1ra Intertoto. V \u010fal\u0161\u00edch rokoch sa spr\u00e1val ako jojo klub. Najprv v\u00a0roku 2004 prv\u00fd kr\u00e1t v\u00a0hist\u00f3rii klub viedol tabu\u013eku 1. Bundesligy, titul ale nakoniec z\u00edskali Br\u00e9my. V\u00a0rokoch 2006 2007 skon\u010dil Wolfsburg v\u017edy do 15 miesta a\u00a0bojoval o\u00a0z\u00e1chranu. V\u00a0lete 2007 sa stal nov\u00fdm tr\u00e9nerom, mana\u017e\u00e9rom a\u00a0aj \u0161portov\u00fdm riadite\u013eom Felix Magath, ktor\u00fd minul ve\u013ek\u00e9 mno\u017estvo pe\u0148az\u00ed na posily (okrem in\u00e9ho priviedol aj Edina \u010ezeka). V\u00a0sez\u00f3ne 2007 \u2013 2008 si posilnen\u00fd klub vybojoval 5. miesto a\u00a0\u00fa\u010das\u0165 v\u00a0Poh\u00e1ri UEFA, kde najprv vyradil Rapid Bukures\u0165. N\u00e1sledne vyhral pomerne siln\u00fa z\u00e1kladn\u00fa skupinu (AC Milano, SC Heerenveen, SC Braga, Portsmouth FC), vypadol a\u017e na jar s\u00a0PSG.<\/p>\n<p>V\u00a0sez\u00f3ne 2008-2009 zaznamenal najv\u00e4\u010d\u0161\u00ed \u00faspech vo svojej hist\u00f3rii, prv\u00fd a\u00a0zatia\u013e jedin\u00fd zisk ligov\u00e9ho titulu. Naju\u017eito\u010dnej\u0161\u00edmi hr\u00e1\u010dmi boli \u00fato\u010dn\u00edci Grafite, Edin D\u017eeko a z\u00e1lo\u017en\u00edk Zvjezdan Misimovi\u0107. V\u00a0nasleduj\u00facej sez\u00f3ne 2009-2010 skon\u010dil na 10. mieste, pri\u010dom menil tr\u00e9nera (Vehema striedal McClaren). Ten dotiahol vlkov do \u0161tvr\u0165fin\u00e1le Eur\u00f3pskej ligy (kam spadli z\u00a03 miesta z\u00e1kl. skupiny Ligy majstrov). \u00a0\u010eal\u0161ia sez\u00f3na 2010-2011 sa vyv\u00fdjala e\u0161te hor\u0161ie, tak McClaren vystriedal na lavi\u010dke Felix Magath, ktor\u00fd s\u00a0vlkmi skon\u010dil na 15. mieste. V\u00a0sez\u00f3ne 2011-2012 za\u010dal Magath budova\u0165 nov\u00fd\u00a0 t\u00edm, priviedol viacer\u00e9 zauj\u00edmav\u00e9 posily (R. Rodriguez) a\u00a0skon\u010dil na 8. mieste. Od roku 2012 vedie t\u00edm s\u00fa\u010dasn\u00fd mana\u017e\u00e9r Dieter Hecking.<\/p>\n<h4><strong>Predz\u00e1pasov\u00e9 fakty<\/strong><\/h4>\n<p>Mnoho ich nie je, ke\u010f\u017ee Everton sa s\u00a0Wolfsburgom nikdy nehral s\u00fa\u0165a\u017en\u00fd z\u00e1pas, stretol sa s\u00a0n\u00edm naposledy v\u00a0r. 2010 len v\u00a0priate\u013eskom z\u00e1pase, ktor\u00fd prehral 2:0.<\/p>\n<p>Formu Evertonu pozn\u00e1me, tak p\u00e1r slov o\u00a0forme Wolfsburgu. \u0160tart sez\u00f3ny mal podobn\u00fd ako Everton, zaznamenal jednu prehru a\u00a0dve rem\u00edzy zo slab\u0161\u00edmi t\u00edmami, v\u00a0ktor\u00fdch fan\u00fa\u0161ikovia o\u010dak\u00e1vali v\u00fdhry. Prehra 2:1 pri\u0161la v\u00a0prvom kole vonku s\u00a0Bayernom sa \u010dakala. Menej ale rem\u00edza 2:2 doma s\u00a0Eintrachtom Frankfurt, kedy za\u010dali vyhr\u00e1va\u0165, na to si ale smolne strelili vlastn\u00fd g\u00f3l, znovu vyhr\u00e1vali a\u00a0tesne pred koncom dostali g\u00f3l na 2:2. Tret\u00ed z\u00e1pas vonku z\u00a0Hoffenheimom remizovali 1:1.<\/p>\n<p>Roberto Martinez sa nechal na predz\u00e1pasovej tla\u010dovke po\u010du\u0165, \u017ee hlasivky evertonians m\u00f4\u017eu by\u0165 rozdielov\u00fdm hr\u00e1\u010dom, pom\u00f4c\u0165 k\u00a0v\u00ed\u0165azstvu. \u0160koda \u017ee na to nemyslel R. Elstone a\u00a0\u010fal\u0161\u00ed zodpovedn\u00ed za cenov\u00fa politiku l\u00edstkov&#8230; 33 libier (28 v\u00a0predpredaji pre permanentk\u00e1rov) za l\u00edstok na z\u00e1kladn\u00fa skupinu Eur\u00f3spkej ligy potom, ako evertonains (cca najchudobnej\u0161\u00ed fans v\u00a0premierleague) utratili zna\u010dn\u00e9 prostriedky na permanentky (predal sa ich rekordn\u00fd po\u010det, cca 32500) a teraz s\u00fa u\u017e n\u00faten\u00ed \u0161etri\u0165 a\u00a0prem\u00fd\u0161\u013ea\u0165, ktor\u00e9 poh\u00e1rov\u00e9 z\u00e1pasy si e\u0161te bude m\u00f4c\u0165 dovoli\u0165 (\u017eia\u013e, \u010das\u0165 fans si nem\u00f4\u017ee dovoli\u0165 absolvova\u0165 v\u0161etky z\u00e1pasy EFC aj keby ve\u013emi chcela) &#8230; je proste zbyto\u010dne ve\u013ea. Pre porovnanie, Spurs malo na l\u00edstky z\u00e1kladnej skupiny EL cenu 20 libier, pre deti 5. Tak\u017ee Goodison \u017eia\u013e pravdepodobne nebude z\u010faleka vypredan\u00fd. Sn\u00e1\u010f vysok\u00e9 vstupn\u00e9 moc na atmosf\u00e9re neuberie.<\/p>\n<h4><strong>T\u00fdmov\u00e9 novinky<\/strong><\/h4>\n<p><strong>Everton FC:<\/strong> Samuel Eto\u2018o je pripraven\u00e9 nast\u00fapi\u0165 po v\u00edkendovej pauze sp\u00f4sobenej mal\u00fdm zranen\u00edm. Spolu s\u00a0n\u00edm je k\u00a0dispoz\u00edcii \u010fal\u0161\u00edch 18 hr\u00e1\u010dov zo z\u00e1pasu s\u00a0Baggies (ke\u010f\u017ee sa n\u00e1m nik nezranil), ako aj Tyias Browning. Nad Sylvainom Distinom vis\u00ed mal\u00fd ot\u00e1znik, ale pod\u013ea stredaj\u0161\u00edch vyjadren\u00ed Martineza by mal by\u0165 k\u00a0dispoz\u00edcii aj on. K\u00a0dispoz\u00edcii m\u00e1 by\u0165 pod\u013ea Martineza aj Tony Hibbert, ale pravdepodobne bude pripraven\u00fd nast\u00fapi\u0165 a\u017e bud\u00faci utorok proti labutiam.<\/p>\n<p>Zatia\u013e e\u0161te nebud\u00fa pripraven\u00ed nast\u00fapi\u0165 ob\u013e\u00fabenec fan\u00fa\u0161ikov Bryan Oviedo, \u010di Arouna Kone, aj ke\u010f u\u017e naplno tr\u00e9nuj\u00fa a\u00a0obaja odohrali cez v\u00edkend z\u00e1pas za t\u00edm Evertonu do 21 rokov (obaja hrali aj pr\u00edpravn\u00fd z\u00e1pas za zatvoren\u00fdmi dverami t\u00fd\u017ede\u0148 predt\u00fdm). Mimo ost\u00e1va Ross Barkley, aj ke\u010f aj dobe jeho lie\u010denia sa skracuje oproti pl\u00e1nom, jeho n\u00e1vrat je re\u00e1lny u\u017e koncom okt\u00f3bra.<\/p>\n<p>Pravdepodobn\u00e1 zostava:<\/p>\n<p>Howard, Coleman, Stones, Jagielka, Baines, McCarthy, Barry, Mirallas, Naismith, McGeady, Lukaku (4-2-3-1)<\/p>\n<p><strong>VFL Wolfsburg:<\/strong> Klub tr\u00e1pi len absencia dlhodobo zranen\u00e9ho Ivana Perisica. Mal\u00fd ot\u00e1znik \u00fadajne vis\u00ed nad nasaden\u00edm Luiza Gustava, av\u0161ak sk\u00f4r zo strategick\u00fdch d\u00f4vodov. a\u00a0Paulom Seguionom \u00a0\u010fal\u0161ie zdravotn\u00e9 probl\u00e9my k\u00e1dra neboli v\u00a0\u010dase p\u00edsanie preview zn\u00e1me.<\/p>\n<p>Pravdepodobn\u00e1 zostava:<\/p>\n<p>Benaglio, Jung, Naldo, Knoche, Rodriguez, Malanda (Guilavogui), Gustavo, Caligiuri (Veirinha), De Bruyne, Arnold, Olic (4-2-3-1)<\/p>\n<p><strong>\u010co:<\/strong> Everton FC \u2013 VFl Wolfsburg, prv\u00fd z\u00e1pas z\u00e1kladnej skupiny Eur\u00f3pskej ligy.<br \/>\n<strong>Kedy:<\/strong> 18. 09. 2014 o 21:05 SE\u010c<br \/>\n<strong>Kde:<\/strong> Goodison Park, (kapacita: 39 572 div\u00e1kov)<br \/>\n<strong>Hlavn\u00fd rozhodca:<\/strong> Luca Banti (Taliansko)<\/p>\n<\/div>\n","protected":false},"excerpt":{"rendered":"<p>Everton odohr\u00e1 v Goodison parku vo \u0161tvrtok ve\u010der 18. septembra 2014 \u00favodn\u00fd z\u00e1pas jednej z\u00a0naj\u0165a\u017e\u0161\u00edch z\u00e1kladn\u00fdch skup\u00edn Eur\u00f3pskej ligy proti&hellip;<\/p>\n","protected":false},"author":23,"featured_media":1314,"comment_status":"open","ping_status":"closed","sticky":false,"template":"","format":"standard","meta":{"_eb_attr":"","_monsterinsights_skip_tracking":false,"_monsterinsights_sitenote_active":false,"_monsterinsights_sitenote_note":"","_monsterinsights_sitenote_category":0,"footnotes":""},"categories":[4],"tags":[],"yoast_head":"<!-- This site is optimized with the Yoast SEO plugin v23.4 - https:\/\/yoast.com\/wordpress\/plugins\/seo\/ -->\n<title>Preview: Everton FC - VfL Wolfsburg - Official Czech &amp; Slovak Everton Supporters&#039; Club<\/title>\n<meta name=\"robots\" content=\"index, follow, max-snippet:-1, max-image-preview:large, max-video-preview:-1\" \/>\n<link rel=\"canonical\" href=\"https:\/\/evertonfc.cz\/index.php\/2014\/09\/17\/preview-everton-fc-vfl-wolfsburg\/\" \/>\n<meta property=\"og:locale\" content=\"cs_CZ\" \/>\n<meta property=\"og:type\" content=\"article\" \/>\n<meta property=\"og:title\" content=\"Preview: Everton FC - VfL Wolfsburg - Official Czech &amp; Slovak Everton Supporters&#039; Club\" \/>\n<meta property=\"og:description\" content=\"Everton odohr\u00e1 v Goodison parku vo \u0161tvrtok ve\u010der 18. septembra 2014 \u00favodn\u00fd z\u00e1pas jednej z\u00a0naj\u0165a\u017e\u0161\u00edch z\u00e1kladn\u00fdch skup\u00edn Eur\u00f3pskej ligy proti&hellip;\" \/>\n<meta property=\"og:url\" content=\"https:\/\/evertonfc.cz\/index.php\/2014\/09\/17\/preview-everton-fc-vfl-wolfsburg\/\" \/>\n<meta property=\"og:site_name\" content=\"Official Czech &amp; Slovak Everton Supporters&#039; Club\" \/>\n<meta property=\"article:publisher\" content=\"https:\/\/www.facebook.com\/everton.fans.cz.sk\" \/>\n<meta property=\"article:published_time\" content=\"2014-09-17T15:18:18+00:00\" \/>\n<meta property=\"article:modified_time\" content=\"2019-02-13T22:18:05+00:00\" \/>\n<meta property=\"og:image\" content=\"https:\/\/evertonfc.cz\/wp-content\/uploads\/2019\/01\/preview.jpg\" \/>\n\t<meta property=\"og:image:width\" content=\"720\" \/>\n\t<meta property=\"og:image:height\" content=\"405\" \/>\n\t<meta property=\"og:image:type\" content=\"image\/jpeg\" \/>\n<meta name=\"author\" content=\"Everton1878\" \/>\n<meta name=\"twitter:card\" content=\"summary_large_image\" \/>\n<meta name=\"twitter:label1\" content=\"Napsal(a)\" \/>\n\t<meta name=\"twitter:data1\" content=\"Everton1878\" \/>\n\t<meta name=\"twitter:label2\" content=\"Odhadovan\u00e1 doba \u010dten\u00ed\" \/>\n\t<meta name=\"twitter:data2\" content=\"14 minut\" \/>\n<script type=\"application\/ld+json\" class=\"yoast-schema-graph\">{\"@context\":\"https:\/\/schema.org\",\"@graph\":[{\"@type\":\"Article\",\"@id\":\"https:\/\/evertonfc.cz\/index.php\/2014\/09\/17\/preview-everton-fc-vfl-wolfsburg\/#article\",\"isPartOf\":{\"@id\":\"https:\/\/evertonfc.cz\/index.php\/2014\/09\/17\/preview-everton-fc-vfl-wolfsburg\/\"},\"author\":{\"name\":\"Everton1878\",\"@id\":\"https:\/\/evertonfc.cz\/#\/schema\/person\/c495ad9c14eabaab7ff243473d85758c\"},\"headline\":\"Preview: Everton FC &#8211; VfL Wolfsburg\",\"datePublished\":\"2014-09-17T15:18:18+00:00\",\"dateModified\":\"2019-02-13T22:18:05+00:00\",\"mainEntityOfPage\":{\"@id\":\"https:\/\/evertonfc.cz\/index.php\/2014\/09\/17\/preview-everton-fc-vfl-wolfsburg\/\"},\"wordCount\":2888,\"commentCount\":0,\"publisher\":{\"@id\":\"https:\/\/evertonfc.cz\/#organization\"},\"image\":{\"@id\":\"https:\/\/evertonfc.cz\/index.php\/2014\/09\/17\/preview-everton-fc-vfl-wolfsburg\/#primaryimage\"},\"thumbnailUrl\":\"https:\/\/evertonfc.cz\/wp-content\/uploads\/2019\/01\/preview.jpg\",\"articleSection\":[\"Z\u00e1pasy\"],\"inLanguage\":\"cs\",\"potentialAction\":[{\"@type\":\"CommentAction\",\"name\":\"Comment\",\"target\":[\"https:\/\/evertonfc.cz\/index.php\/2014\/09\/17\/preview-everton-fc-vfl-wolfsburg\/#respond\"]}]},{\"@type\":\"WebPage\",\"@id\":\"https:\/\/evertonfc.cz\/index.php\/2014\/09\/17\/preview-everton-fc-vfl-wolfsburg\/\",\"url\":\"https:\/\/evertonfc.cz\/index.php\/2014\/09\/17\/preview-everton-fc-vfl-wolfsburg\/\",\"name\":\"Preview: Everton FC - VfL Wolfsburg - Official Czech &amp; Slovak Everton Supporters&#039; Club\",\"isPartOf\":{\"@id\":\"https:\/\/evertonfc.cz\/#website\"},\"primaryImageOfPage\":{\"@id\":\"https:\/\/evertonfc.cz\/index.php\/2014\/09\/17\/preview-everton-fc-vfl-wolfsburg\/#primaryimage\"},\"image\":{\"@id\":\"https:\/\/evertonfc.cz\/index.php\/2014\/09\/17\/preview-everton-fc-vfl-wolfsburg\/#primaryimage\"},\"thumbnailUrl\":\"https:\/\/evertonfc.cz\/wp-content\/uploads\/2019\/01\/preview.jpg\",\"datePublished\":\"2014-09-17T15:18:18+00:00\",\"dateModified\":\"2019-02-13T22:18:05+00:00\",\"breadcrumb\":{\"@id\":\"https:\/\/evertonfc.cz\/index.php\/2014\/09\/17\/preview-everton-fc-vfl-wolfsburg\/#breadcrumb\"},\"inLanguage\":\"cs\",\"potentialAction\":[{\"@type\":\"ReadAction\",\"target\":[\"https:\/\/evertonfc.cz\/index.php\/2014\/09\/17\/preview-everton-fc-vfl-wolfsburg\/\"]}]},{\"@type\":\"ImageObject\",\"inLanguage\":\"cs\",\"@id\":\"https:\/\/evertonfc.cz\/index.php\/2014\/09\/17\/preview-everton-fc-vfl-wolfsburg\/#primaryimage\",\"url\":\"https:\/\/evertonfc.cz\/wp-content\/uploads\/2019\/01\/preview.jpg\",\"contentUrl\":\"https:\/\/evertonfc.cz\/wp-content\/uploads\/2019\/01\/preview.jpg\",\"width\":720,\"height\":405},{\"@type\":\"BreadcrumbList\",\"@id\":\"https:\/\/evertonfc.cz\/index.php\/2014\/09\/17\/preview-everton-fc-vfl-wolfsburg\/#breadcrumb\",\"itemListElement\":[{\"@type\":\"ListItem\",\"position\":1,\"name\":\"Home\",\"item\":\"https:\/\/evertonfc.cz\/\"},{\"@type\":\"ListItem\",\"position\":2,\"name\":\"Preview: Everton FC &#8211; VfL Wolfsburg\"}]},{\"@type\":\"WebSite\",\"@id\":\"https:\/\/evertonfc.cz\/#website\",\"url\":\"https:\/\/evertonfc.cz\/\",\"name\":\"Official Czech &amp; Slovak Everton Supporters&#039; Club\",\"description\":\"\",\"publisher\":{\"@id\":\"https:\/\/evertonfc.cz\/#organization\"},\"potentialAction\":[{\"@type\":\"SearchAction\",\"target\":{\"@type\":\"EntryPoint\",\"urlTemplate\":\"https:\/\/evertonfc.cz\/?s={search_term_string}\"},\"query-input\":{\"@type\":\"PropertyValueSpecification\",\"valueRequired\":true,\"valueName\":\"search_term_string\"}}],\"inLanguage\":\"cs\"},{\"@type\":\"Organization\",\"@id\":\"https:\/\/evertonfc.cz\/#organization\",\"name\":\"Official Czech & Slovak Everton Supporters' Club\",\"url\":\"https:\/\/evertonfc.cz\/\",\"logo\":{\"@type\":\"ImageObject\",\"inLanguage\":\"cs\",\"@id\":\"https:\/\/evertonfc.cz\/#\/schema\/logo\/image\/\",\"url\":\"https:\/\/evertonfc.cz\/wp-content\/uploads\/2019\/05\/logo.png\",\"contentUrl\":\"https:\/\/evertonfc.cz\/wp-content\/uploads\/2019\/05\/logo.png\",\"width\":112,\"height\":112,\"caption\":\"Official Czech & Slovak Everton Supporters' Club\"},\"image\":{\"@id\":\"https:\/\/evertonfc.cz\/#\/schema\/logo\/image\/\"},\"sameAs\":[\"https:\/\/www.facebook.com\/everton.fans.cz.sk\"]},{\"@type\":\"Person\",\"@id\":\"https:\/\/evertonfc.cz\/#\/schema\/person\/c495ad9c14eabaab7ff243473d85758c\",\"name\":\"Everton1878\",\"url\":\"https:\/\/evertonfc.cz\/index.php\/author\/everton1878\/\"}]}<\/script>\n<!-- \/ Yoast SEO plugin. -->","yoast_head_json":{"title":"Preview: Everton FC - VfL Wolfsburg - Official Czech &amp; Slovak Everton Supporters&#039; Club","robots":{"index":"index","follow":"follow","max-snippet":"max-snippet:-1","max-image-preview":"max-image-preview:large","max-video-preview":"max-video-preview:-1"},"canonical":"https:\/\/evertonfc.cz\/index.php\/2014\/09\/17\/preview-everton-fc-vfl-wolfsburg\/","og_locale":"cs_CZ","og_type":"article","og_title":"Preview: Everton FC - VfL Wolfsburg - Official Czech &amp; Slovak Everton Supporters&#039; Club","og_description":"Everton odohr\u00e1 v Goodison parku vo \u0161tvrtok ve\u010der 18. septembra 2014 \u00favodn\u00fd z\u00e1pas jednej z\u00a0naj\u0165a\u017e\u0161\u00edch z\u00e1kladn\u00fdch skup\u00edn Eur\u00f3pskej ligy proti&hellip;","og_url":"https:\/\/evertonfc.cz\/index.php\/2014\/09\/17\/preview-everton-fc-vfl-wolfsburg\/","og_site_name":"Official Czech &amp; Slovak Everton Supporters&#039; Club","article_publisher":"https:\/\/www.facebook.com\/everton.fans.cz.sk","article_published_time":"2014-09-17T15:18:18+00:00","article_modified_time":"2019-02-13T22:18:05+00:00","og_image":[{"width":720,"height":405,"url":"https:\/\/evertonfc.cz\/wp-content\/uploads\/2019\/01\/preview.jpg","type":"image\/jpeg"}],"author":"Everton1878","twitter_card":"summary_large_image","twitter_misc":{"Napsal(a)":"Everton1878","Odhadovan\u00e1 doba \u010dten\u00ed":"14 minut"},"schema":{"@context":"https:\/\/schema.org","@graph":[{"@type":"Article","@id":"https:\/\/evertonfc.cz\/index.php\/2014\/09\/17\/preview-everton-fc-vfl-wolfsburg\/#article","isPartOf":{"@id":"https:\/\/evertonfc.cz\/index.php\/2014\/09\/17\/preview-everton-fc-vfl-wolfsburg\/"},"author":{"name":"Everton1878","@id":"https:\/\/evertonfc.cz\/#\/schema\/person\/c495ad9c14eabaab7ff243473d85758c"},"headline":"Preview: Everton FC &#8211; VfL Wolfsburg","datePublished":"2014-09-17T15:18:18+00:00","dateModified":"2019-02-13T22:18:05+00:00","mainEntityOfPage":{"@id":"https:\/\/evertonfc.cz\/index.php\/2014\/09\/17\/preview-everton-fc-vfl-wolfsburg\/"},"wordCount":2888,"commentCount":0,"publisher":{"@id":"https:\/\/evertonfc.cz\/#organization"},"image":{"@id":"https:\/\/evertonfc.cz\/index.php\/2014\/09\/17\/preview-everton-fc-vfl-wolfsburg\/#primaryimage"},"thumbnailUrl":"https:\/\/evertonfc.cz\/wp-content\/uploads\/2019\/01\/preview.jpg","articleSection":["Z\u00e1pasy"],"inLanguage":"cs","potentialAction":[{"@type":"CommentAction","name":"Comment","target":["https:\/\/evertonfc.cz\/index.php\/2014\/09\/17\/preview-everton-fc-vfl-wolfsburg\/#respond"]}]},{"@type":"WebPage","@id":"https:\/\/evertonfc.cz\/index.php\/2014\/09\/17\/preview-everton-fc-vfl-wolfsburg\/","url":"https:\/\/evertonfc.cz\/index.php\/2014\/09\/17\/preview-everton-fc-vfl-wolfsburg\/","name":"Preview: Everton FC - VfL Wolfsburg - Official Czech &amp; Slovak Everton Supporters&#039; Club","isPartOf":{"@id":"https:\/\/evertonfc.cz\/#website"},"primaryImageOfPage":{"@id":"https:\/\/evertonfc.cz\/index.php\/2014\/09\/17\/preview-everton-fc-vfl-wolfsburg\/#primaryimage"},"image":{"@id":"https:\/\/evertonfc.cz\/index.php\/2014\/09\/17\/preview-everton-fc-vfl-wolfsburg\/#primaryimage"},"thumbnailUrl":"https:\/\/evertonfc.cz\/wp-content\/uploads\/2019\/01\/preview.jpg","datePublished":"2014-09-17T15:18:18+00:00","dateModified":"2019-02-13T22:18:05+00:00","breadcrumb":{"@id":"https:\/\/evertonfc.cz\/index.php\/2014\/09\/17\/preview-everton-fc-vfl-wolfsburg\/#breadcrumb"},"inLanguage":"cs","potentialAction":[{"@type":"ReadAction","target":["https:\/\/evertonfc.cz\/index.php\/2014\/09\/17\/preview-everton-fc-vfl-wolfsburg\/"]}]},{"@type":"ImageObject","inLanguage":"cs","@id":"https:\/\/evertonfc.cz\/index.php\/2014\/09\/17\/preview-everton-fc-vfl-wolfsburg\/#primaryimage","url":"https:\/\/evertonfc.cz\/wp-content\/uploads\/2019\/01\/preview.jpg","contentUrl":"https:\/\/evertonfc.cz\/wp-content\/uploads\/2019\/01\/preview.jpg","width":720,"height":405},{"@type":"BreadcrumbList","@id":"https:\/\/evertonfc.cz\/index.php\/2014\/09\/17\/preview-everton-fc-vfl-wolfsburg\/#breadcrumb","itemListElement":[{"@type":"ListItem","position":1,"name":"Home","item":"https:\/\/evertonfc.cz\/"},{"@type":"ListItem","position":2,"name":"Preview: Everton FC &#8211; VfL Wolfsburg"}]},{"@type":"WebSite","@id":"https:\/\/evertonfc.cz\/#website","url":"https:\/\/evertonfc.cz\/","name":"Official Czech &amp; Slovak Everton Supporters&#039; Club","description":"","publisher":{"@id":"https:\/\/evertonfc.cz\/#organization"},"potentialAction":[{"@type":"SearchAction","target":{"@type":"EntryPoint","urlTemplate":"https:\/\/evertonfc.cz\/?s={search_term_string}"},"query-input":{"@type":"PropertyValueSpecification","valueRequired":true,"valueName":"search_term_string"}}],"inLanguage":"cs"},{"@type":"Organization","@id":"https:\/\/evertonfc.cz\/#organization","name":"Official Czech & Slovak Everton Supporters' Club","url":"https:\/\/evertonfc.cz\/","logo":{"@type":"ImageObject","inLanguage":"cs","@id":"https:\/\/evertonfc.cz\/#\/schema\/logo\/image\/","url":"https:\/\/evertonfc.cz\/wp-content\/uploads\/2019\/05\/logo.png","contentUrl":"https:\/\/evertonfc.cz\/wp-content\/uploads\/2019\/05\/logo.png","width":112,"height":112,"caption":"Official Czech & Slovak Everton Supporters' Club"},"image":{"@id":"https:\/\/evertonfc.cz\/#\/schema\/logo\/image\/"},"sameAs":["https:\/\/www.facebook.com\/everton.fans.cz.sk"]},{"@type":"Person","@id":"https:\/\/evertonfc.cz\/#\/schema\/person\/c495ad9c14eabaab7ff243473d85758c","name":"Everton1878","url":"https:\/\/evertonfc.cz\/index.php\/author\/everton1878\/"}]}},"_links":{"self":[{"href":"https:\/\/evertonfc.cz\/index.php\/wp-json\/wp\/v2\/posts\/4638"}],"collection":[{"href":"https:\/\/evertonfc.cz\/index.php\/wp-json\/wp\/v2\/posts"}],"about":[{"href":"https:\/\/evertonfc.cz\/index.php\/wp-json\/wp\/v2\/types\/post"}],"author":[{"embeddable":true,"href":"https:\/\/evertonfc.cz\/index.php\/wp-json\/wp\/v2\/users\/23"}],"replies":[{"embeddable":true,"href":"https:\/\/evertonfc.cz\/index.php\/wp-json\/wp\/v2\/comments?post=4638"}],"version-history":[{"count":3,"href":"https:\/\/evertonfc.cz\/index.php\/wp-json\/wp\/v2\/posts\/4638\/revisions"}],"predecessor-version":[{"id":4904,"href":"https:\/\/evertonfc.cz\/index.php\/wp-json\/wp\/v2\/posts\/4638\/revisions\/4904"}],"wp:featuredmedia":[{"embeddable":true,"href":"https:\/\/evertonfc.cz\/index.php\/wp-json\/wp\/v2\/media\/1314"}],"wp:attachment":[{"href":"https:\/\/evertonfc.cz\/index.php\/wp-json\/wp\/v2\/media?parent=4638"}],"wp:term":[{"taxonomy":"category","embeddable":true,"href":"https:\/\/evertonfc.cz\/index.php\/wp-json\/wp\/v2\/categories?post=4638"},{"taxonomy":"post_tag","embeddable":true,"href":"https:\/\/evertonfc.cz\/index.php\/wp-json\/wp\/v2\/tags?post=4638"}],"curies":[{"name":"wp","href":"https:\/\/api.w.org\/{rel}","templated":true}]}}