{"id":4640,"date":"2014-09-13T17:22:51","date_gmt":"2014-09-13T15:22:51","guid":{"rendered":"http:\/\/evertonfc.cz\/?p=4640"},"modified":"2019-02-13T17:23:49","modified_gmt":"2019-02-13T16:23:49","slug":"west-bromwich-albion-everton-02","status":"publish","type":"post","link":"https:\/\/evertonfc.cz\/index.php\/2014\/09\/13\/west-bromwich-albion-everton-02\/","title":{"rendered":"West Bromwich Albion &#8211; Everton 0:2"},"content":{"rendered":"<h4 id=\"NewsPostDetailSummary\">Prvn\u00ed dosa\u017een\u00e1 v\u00fdhra, prvn\u00ed udr\u017een\u00e9 \u010dist\u00e9 konto, Romelu Lukaku poprv\u00e9 sk\u00f3roval. \u010ctvrt\u00e9 kolo nab\u00eddlo d\u016fvod ke spokojenosti Evertonians.<\/h4>\n<div id=\"NewsPostDetailContent\">\n<p>Zran\u011bn\u00e9ho Sylvaina Distina nahradil John Stones, jinak Roberto Mart\u00ednez uk\u00e1zal na stejnou jeden\u00e1ctku jako v posledn\u00edm kole, p\u0159i\u010dem\u017e na lavi\u010dku n\u00e1hradn\u00edk\u016f nenominoval ani jednoho \u00fato\u010dn\u00edka, Samuel Eto\u00b4o vypadl ze hry kv\u016fli men\u0161\u00edm zdravotn\u00edm probl\u00e9m\u016fm.<\/p>\n<p>Jeho \u00fato\u010dn\u00fd kolega Romelu Lukaku ale hned v \u00favodu p\u0159ipomn\u011bl, \u017ee st\u00e1le um\u00ed sk\u00f3rovat. V 2. minut\u011b Jonas Olsson odvr\u00e1til Baines\u016fv centr pouze na hranici v\u00e1pna, kde si ho na\u0161el pr\u00e1v\u011b belgick\u00fd reprezentant a plac\u00edrkou zakroutil m\u00ed\u010d k ty\u010di &#8211; <strong>0:1<\/strong>. Lukaku tak vst\u0159elil debutov\u00fd g\u00f3l v Premier League za t\u00fdm, kter\u00e9mu pat\u0159\u00ed. P\u0159edchoz\u00edch 32 zaznamenal na hostov\u00e1n\u00edch.<\/p>\n<p>Toffees dok\u00e1zali dom\u00e1c\u00ed dr\u017eet dobrou kombinac\u00ed na jejich vlastn\u00ed polovin\u011b, p\u0159esto se West Brom dok\u00e1zal propracovat k zakon\u010den\u00ed. Berahin\u016fv pokus d\u00edky bloku neohrozil Tima Howarda a Chris Brunt p\u00e1lil do bo\u010dn\u00ed s\u00edt\u011b po nep\u0159esn\u00e9m odvracen\u00ed od Bainese. Na druh\u00e9 stran\u011b Kevin Mirallas zakon\u010dil postupnou kombina\u010dn\u00ed akci technickou st\u0159elou nad br\u00e1nu.<\/p>\n<p>Brzy po polo\u010dasov\u00e9 p\u0159est\u00e1vce Ben Foster vyrazil Lukakovu p\u00e1livou vizitku a obrovsk\u00e1 p\u0159\u00edle\u017eitost se otev\u0159ela dob\u00edhaj\u00edc\u00edmu Naismithovi, jen\u017e v\u0161ak zbl\u00edzka trestuhodn\u011b nam\u00ed\u0159il nad b\u0159evno. Zlomov\u00fd okam\u017eik se ud\u00e1l v 66. minut\u011b, Mirallas p\u0159\u00edzemn\u00ed ranou zasko\u010dil Fostera a zdvojn\u00e1sobil veden\u00ed &#8211; <strong>0:2<\/strong>. Baggies druh\u00fd inkasovan\u00fd g\u00f3l srazil do kolen a Toffees mohli navy\u0161ovat veden\u00ed, jen by museli p\u0159esn\u011bji m\u00ed\u0159it v koncovce.<\/p>\n<p>Nejprve t\u011bsn\u011b minul k\u0159i\u017enou st\u0159elou Aiden McGeady, z t\u011b\u017e\u0161\u00ed pozice neusp\u011bl Kevin Mirallas, te\u010dovan\u00e9 zakon\u010den\u00ed st\u0159\u00eddaj\u00edc\u00ed Osmana vyt\u00e1hl Foster a stejn\u00fd hr\u00e1\u010d nevyzr\u00e1l na anglick\u00e9ho branka\u0159e ani po pohledn\u00e9 a rychl\u00e9 akci v 87. minut\u011b.<\/p>\n<p>Tim Howard se zapotil ve druh\u00e9m polo\u010dase a\u017e v jeho sam\u00e9m z\u00e1v\u011bru, James McCarthy nep\u0159esn\u011b rozehr\u00e1l a americk\u00fd fous\u00e1\u010d nejprve vyt\u011bsnil Berahinovu nav\u0161t\u00edvenku a vz\u00e1p\u011bt\u00ed tak\u00e9 Samarasovu.<\/p>\n<p>Highlights naleznete na <a href=\"http:\/\/www.evertonfc.com\/evertontv\/home\/10638\" target=\"_blank\" rel=\"noopener\">ofici\u00e1ln\u00edch str\u00e1nk\u00e1ch<\/a> nebo <a href=\"http:\/\/www.footytube.com\/video\/west-bromwich-albion-everton-sep13-296654?ref=tchan_ov_vidgrid\" target=\"_blank\" rel=\"noopener\">zde<\/a>.<\/p>\n<p><strong>Branky:<\/strong> 2. Romelu Lukaku, 66. Kevin Mirallas<br \/>\n<strong>\u017dK:<\/strong> 26. Craig Gardner, 90. Andre Wisdom &#8211; 53. James McCarthy, 83. Steven Naismith, 90. Muhamed Be\u0161i\u0107<br \/>\n<strong>West Bromwich Albion:<\/strong> Ben Foster, Andre Wisdom, Jonas Olsson, S\u00e9bastien Pocognoli (77. Cristian Gamboa), Craig Dawson, James Morrison, Craig Gardner, Chris Brunt (71. Sebasti\u00e1n Blanco), Saido Berahino, Brown Ideye (71. Georgios Samaras), Graham Dorrans<br \/>\n<strong>Everton FC:<\/strong> Tim Howard, Leighton Baines, Phil Jagielka, S\u00e9amus Coleman, John Stones, Aiden McGeady (88. Muhamed Be\u0161i\u0107), Kevin Mirallas, Steven Naismith, James McCarthy, Gareth Barry, Romelu Lukaku (68. Leon Osman)<br \/>\n<strong>Rozhod\u010d\u00ed:<\/strong> Anthony Taylor<br \/>\n<strong>Div\u00e1ci:<\/strong> 23 567<\/p>\n<\/div>\n","protected":false},"excerpt":{"rendered":"<p>Prvn\u00ed dosa\u017een\u00e1 v\u00fdhra, prvn\u00ed udr\u017een\u00e9 \u010dist\u00e9 konto, Romelu Lukaku poprv\u00e9 sk\u00f3roval. \u010ctvrt\u00e9 kolo nab\u00eddlo d\u016fvod ke spokojenosti Evertonians. Zran\u011bn\u00e9ho Sylvaina&hellip;<\/p>\n","protected":false},"author":6,"featured_media":1315,"comment_status":"open","ping_status":"closed","sticky":false,"template":"","format":"standard","meta":{"_eb_attr":"","_monsterinsights_skip_tracking":false,"_monsterinsights_sitenote_active":false,"_monsterinsights_sitenote_note":"","_monsterinsights_sitenote_category":0,"footnotes":""},"categories":[4],"tags":[],"yoast_head":"<!-- This site is optimized with the Yoast SEO plugin v23.4 - https:\/\/yoast.com\/wordpress\/plugins\/seo\/ -->\n<title>West Bromwich Albion - Everton 0:2 - Official Czech &amp; Slovak Everton Supporters&#039; Club<\/title>\n<meta name=\"robots\" content=\"index, follow, max-snippet:-1, max-image-preview:large, max-video-preview:-1\" \/>\n<link rel=\"canonical\" href=\"https:\/\/evertonfc.cz\/index.php\/2014\/09\/13\/west-bromwich-albion-everton-02\/\" \/>\n<meta property=\"og:locale\" content=\"cs_CZ\" \/>\n<meta property=\"og:type\" content=\"article\" \/>\n<meta property=\"og:title\" content=\"West Bromwich Albion - Everton 0:2 - Official Czech &amp; Slovak Everton Supporters&#039; Club\" \/>\n<meta property=\"og:description\" content=\"Prvn\u00ed dosa\u017een\u00e1 v\u00fdhra, prvn\u00ed udr\u017een\u00e9 \u010dist\u00e9 konto, Romelu Lukaku poprv\u00e9 sk\u00f3roval. \u010ctvrt\u00e9 kolo nab\u00eddlo d\u016fvod ke spokojenosti Evertonians. Zran\u011bn\u00e9ho Sylvaina&hellip;\" \/>\n<meta property=\"og:url\" content=\"https:\/\/evertonfc.cz\/index.php\/2014\/09\/13\/west-bromwich-albion-everton-02\/\" \/>\n<meta property=\"og:site_name\" content=\"Official Czech &amp; Slovak Everton Supporters&#039; Club\" \/>\n<meta property=\"article:publisher\" content=\"https:\/\/www.facebook.com\/everton.fans.cz.sk\" \/>\n<meta property=\"article:published_time\" content=\"2014-09-13T15:22:51+00:00\" \/>\n<meta property=\"article:modified_time\" content=\"2019-02-13T16:23:49+00:00\" \/>\n<meta property=\"og:image\" content=\"https:\/\/evertonfc.cz\/wp-content\/uploads\/2019\/01\/report.jpg\" \/>\n\t<meta property=\"og:image:width\" content=\"720\" \/>\n\t<meta property=\"og:image:height\" content=\"405\" \/>\n\t<meta property=\"og:image:type\" content=\"image\/jpeg\" \/>\n<meta name=\"author\" content=\"Ri\u010di\" \/>\n<meta name=\"twitter:card\" content=\"summary_large_image\" \/>\n<meta name=\"twitter:creator\" content=\"@rbrejsa\" \/>\n<meta name=\"twitter:label1\" content=\"Napsal(a)\" \/>\n\t<meta name=\"twitter:data1\" content=\"Ri\u010di\" \/>\n\t<meta name=\"twitter:label2\" content=\"Odhadovan\u00e1 doba \u010dten\u00ed\" \/>\n\t<meta name=\"twitter:data2\" content=\"2 minuty\" \/>\n<script type=\"application\/ld+json\" class=\"yoast-schema-graph\">{\"@context\":\"https:\/\/schema.org\",\"@graph\":[{\"@type\":\"Article\",\"@id\":\"https:\/\/evertonfc.cz\/index.php\/2014\/09\/13\/west-bromwich-albion-everton-02\/#article\",\"isPartOf\":{\"@id\":\"https:\/\/evertonfc.cz\/index.php\/2014\/09\/13\/west-bromwich-albion-everton-02\/\"},\"author\":{\"name\":\"Ri\u010di\",\"@id\":\"https:\/\/evertonfc.cz\/#\/schema\/person\/f7a5daedb2ffee98480bc70e191aaef1\"},\"headline\":\"West Bromwich Albion &#8211; Everton 0:2\",\"datePublished\":\"2014-09-13T15:22:51+00:00\",\"dateModified\":\"2019-02-13T16:23:49+00:00\",\"mainEntityOfPage\":{\"@id\":\"https:\/\/evertonfc.cz\/index.php\/2014\/09\/13\/west-bromwich-albion-everton-02\/\"},\"wordCount\":489,\"commentCount\":0,\"publisher\":{\"@id\":\"https:\/\/evertonfc.cz\/#organization\"},\"image\":{\"@id\":\"https:\/\/evertonfc.cz\/index.php\/2014\/09\/13\/west-bromwich-albion-everton-02\/#primaryimage\"},\"thumbnailUrl\":\"https:\/\/evertonfc.cz\/wp-content\/uploads\/2019\/01\/report.jpg\",\"articleSection\":[\"Z\u00e1pasy\"],\"inLanguage\":\"cs\",\"potentialAction\":[{\"@type\":\"CommentAction\",\"name\":\"Comment\",\"target\":[\"https:\/\/evertonfc.cz\/index.php\/2014\/09\/13\/west-bromwich-albion-everton-02\/#respond\"]}]},{\"@type\":\"WebPage\",\"@id\":\"https:\/\/evertonfc.cz\/index.php\/2014\/09\/13\/west-bromwich-albion-everton-02\/\",\"url\":\"https:\/\/evertonfc.cz\/index.php\/2014\/09\/13\/west-bromwich-albion-everton-02\/\",\"name\":\"West Bromwich Albion - Everton 0:2 - Official Czech &amp; Slovak Everton Supporters&#039; Club\",\"isPartOf\":{\"@id\":\"https:\/\/evertonfc.cz\/#website\"},\"primaryImageOfPage\":{\"@id\":\"https:\/\/evertonfc.cz\/index.php\/2014\/09\/13\/west-bromwich-albion-everton-02\/#primaryimage\"},\"image\":{\"@id\":\"https:\/\/evertonfc.cz\/index.php\/2014\/09\/13\/west-bromwich-albion-everton-02\/#primaryimage\"},\"thumbnailUrl\":\"https:\/\/evertonfc.cz\/wp-content\/uploads\/2019\/01\/report.jpg\",\"datePublished\":\"2014-09-13T15:22:51+00:00\",\"dateModified\":\"2019-02-13T16:23:49+00:00\",\"breadcrumb\":{\"@id\":\"https:\/\/evertonfc.cz\/index.php\/2014\/09\/13\/west-bromwich-albion-everton-02\/#breadcrumb\"},\"inLanguage\":\"cs\",\"potentialAction\":[{\"@type\":\"ReadAction\",\"target\":[\"https:\/\/evertonfc.cz\/index.php\/2014\/09\/13\/west-bromwich-albion-everton-02\/\"]}]},{\"@type\":\"ImageObject\",\"inLanguage\":\"cs\",\"@id\":\"https:\/\/evertonfc.cz\/index.php\/2014\/09\/13\/west-bromwich-albion-everton-02\/#primaryimage\",\"url\":\"https:\/\/evertonfc.cz\/wp-content\/uploads\/2019\/01\/report.jpg\",\"contentUrl\":\"https:\/\/evertonfc.cz\/wp-content\/uploads\/2019\/01\/report.jpg\",\"width\":720,\"height\":405},{\"@type\":\"BreadcrumbList\",\"@id\":\"https:\/\/evertonfc.cz\/index.php\/2014\/09\/13\/west-bromwich-albion-everton-02\/#breadcrumb\",\"itemListElement\":[{\"@type\":\"ListItem\",\"position\":1,\"name\":\"Home\",\"item\":\"https:\/\/evertonfc.cz\/\"},{\"@type\":\"ListItem\",\"position\":2,\"name\":\"West Bromwich Albion &#8211; Everton 0:2\"}]},{\"@type\":\"WebSite\",\"@id\":\"https:\/\/evertonfc.cz\/#website\",\"url\":\"https:\/\/evertonfc.cz\/\",\"name\":\"Official Czech &amp; Slovak Everton Supporters&#039; Club\",\"description\":\"\",\"publisher\":{\"@id\":\"https:\/\/evertonfc.cz\/#organization\"},\"potentialAction\":[{\"@type\":\"SearchAction\",\"target\":{\"@type\":\"EntryPoint\",\"urlTemplate\":\"https:\/\/evertonfc.cz\/?s={search_term_string}\"},\"query-input\":{\"@type\":\"PropertyValueSpecification\",\"valueRequired\":true,\"valueName\":\"search_term_string\"}}],\"inLanguage\":\"cs\"},{\"@type\":\"Organization\",\"@id\":\"https:\/\/evertonfc.cz\/#organization\",\"name\":\"Official Czech & Slovak Everton Supporters' Club\",\"url\":\"https:\/\/evertonfc.cz\/\",\"logo\":{\"@type\":\"ImageObject\",\"inLanguage\":\"cs\",\"@id\":\"https:\/\/evertonfc.cz\/#\/schema\/logo\/image\/\",\"url\":\"https:\/\/evertonfc.cz\/wp-content\/uploads\/2019\/05\/logo.png\",\"contentUrl\":\"https:\/\/evertonfc.cz\/wp-content\/uploads\/2019\/05\/logo.png\",\"width\":112,\"height\":112,\"caption\":\"Official Czech & Slovak Everton Supporters' Club\"},\"image\":{\"@id\":\"https:\/\/evertonfc.cz\/#\/schema\/logo\/image\/\"},\"sameAs\":[\"https:\/\/www.facebook.com\/everton.fans.cz.sk\"]},{\"@type\":\"Person\",\"@id\":\"https:\/\/evertonfc.cz\/#\/schema\/person\/f7a5daedb2ffee98480bc70e191aaef1\",\"name\":\"Ri\u010di\",\"sameAs\":[\"https:\/\/x.com\/rbrejsa\"],\"url\":\"https:\/\/evertonfc.cz\/index.php\/author\/rici\/\"}]}<\/script>\n<!-- \/ Yoast SEO plugin. -->","yoast_head_json":{"title":"West Bromwich Albion - Everton 0:2 - Official Czech &amp; Slovak Everton Supporters&#039; Club","robots":{"index":"index","follow":"follow","max-snippet":"max-snippet:-1","max-image-preview":"max-image-preview:large","max-video-preview":"max-video-preview:-1"},"canonical":"https:\/\/evertonfc.cz\/index.php\/2014\/09\/13\/west-bromwich-albion-everton-02\/","og_locale":"cs_CZ","og_type":"article","og_title":"West Bromwich Albion - Everton 0:2 - Official Czech &amp; Slovak Everton Supporters&#039; Club","og_description":"Prvn\u00ed dosa\u017een\u00e1 v\u00fdhra, prvn\u00ed udr\u017een\u00e9 \u010dist\u00e9 konto, Romelu Lukaku poprv\u00e9 sk\u00f3roval. \u010ctvrt\u00e9 kolo nab\u00eddlo d\u016fvod ke spokojenosti Evertonians. Zran\u011bn\u00e9ho Sylvaina&hellip;","og_url":"https:\/\/evertonfc.cz\/index.php\/2014\/09\/13\/west-bromwich-albion-everton-02\/","og_site_name":"Official Czech &amp; Slovak Everton Supporters&#039; Club","article_publisher":"https:\/\/www.facebook.com\/everton.fans.cz.sk","article_published_time":"2014-09-13T15:22:51+00:00","article_modified_time":"2019-02-13T16:23:49+00:00","og_image":[{"width":720,"height":405,"url":"https:\/\/evertonfc.cz\/wp-content\/uploads\/2019\/01\/report.jpg","type":"image\/jpeg"}],"author":"Ri\u010di","twitter_card":"summary_large_image","twitter_creator":"@rbrejsa","twitter_misc":{"Napsal(a)":"Ri\u010di","Odhadovan\u00e1 doba \u010dten\u00ed":"2 minuty"},"schema":{"@context":"https:\/\/schema.org","@graph":[{"@type":"Article","@id":"https:\/\/evertonfc.cz\/index.php\/2014\/09\/13\/west-bromwich-albion-everton-02\/#article","isPartOf":{"@id":"https:\/\/evertonfc.cz\/index.php\/2014\/09\/13\/west-bromwich-albion-everton-02\/"},"author":{"name":"Ri\u010di","@id":"https:\/\/evertonfc.cz\/#\/schema\/person\/f7a5daedb2ffee98480bc70e191aaef1"},"headline":"West Bromwich Albion &#8211; Everton 0:2","datePublished":"2014-09-13T15:22:51+00:00","dateModified":"2019-02-13T16:23:49+00:00","mainEntityOfPage":{"@id":"https:\/\/evertonfc.cz\/index.php\/2014\/09\/13\/west-bromwich-albion-everton-02\/"},"wordCount":489,"commentCount":0,"publisher":{"@id":"https:\/\/evertonfc.cz\/#organization"},"image":{"@id":"https:\/\/evertonfc.cz\/index.php\/2014\/09\/13\/west-bromwich-albion-everton-02\/#primaryimage"},"thumbnailUrl":"https:\/\/evertonfc.cz\/wp-content\/uploads\/2019\/01\/report.jpg","articleSection":["Z\u00e1pasy"],"inLanguage":"cs","potentialAction":[{"@type":"CommentAction","name":"Comment","target":["https:\/\/evertonfc.cz\/index.php\/2014\/09\/13\/west-bromwich-albion-everton-02\/#respond"]}]},{"@type":"WebPage","@id":"https:\/\/evertonfc.cz\/index.php\/2014\/09\/13\/west-bromwich-albion-everton-02\/","url":"https:\/\/evertonfc.cz\/index.php\/2014\/09\/13\/west-bromwich-albion-everton-02\/","name":"West Bromwich Albion - Everton 0:2 - Official Czech &amp; Slovak Everton Supporters&#039; Club","isPartOf":{"@id":"https:\/\/evertonfc.cz\/#website"},"primaryImageOfPage":{"@id":"https:\/\/evertonfc.cz\/index.php\/2014\/09\/13\/west-bromwich-albion-everton-02\/#primaryimage"},"image":{"@id":"https:\/\/evertonfc.cz\/index.php\/2014\/09\/13\/west-bromwich-albion-everton-02\/#primaryimage"},"thumbnailUrl":"https:\/\/evertonfc.cz\/wp-content\/uploads\/2019\/01\/report.jpg","datePublished":"2014-09-13T15:22:51+00:00","dateModified":"2019-02-13T16:23:49+00:00","breadcrumb":{"@id":"https:\/\/evertonfc.cz\/index.php\/2014\/09\/13\/west-bromwich-albion-everton-02\/#breadcrumb"},"inLanguage":"cs","potentialAction":[{"@type":"ReadAction","target":["https:\/\/evertonfc.cz\/index.php\/2014\/09\/13\/west-bromwich-albion-everton-02\/"]}]},{"@type":"ImageObject","inLanguage":"cs","@id":"https:\/\/evertonfc.cz\/index.php\/2014\/09\/13\/west-bromwich-albion-everton-02\/#primaryimage","url":"https:\/\/evertonfc.cz\/wp-content\/uploads\/2019\/01\/report.jpg","contentUrl":"https:\/\/evertonfc.cz\/wp-content\/uploads\/2019\/01\/report.jpg","width":720,"height":405},{"@type":"BreadcrumbList","@id":"https:\/\/evertonfc.cz\/index.php\/2014\/09\/13\/west-bromwich-albion-everton-02\/#breadcrumb","itemListElement":[{"@type":"ListItem","position":1,"name":"Home","item":"https:\/\/evertonfc.cz\/"},{"@type":"ListItem","position":2,"name":"West Bromwich Albion &#8211; Everton 0:2"}]},{"@type":"WebSite","@id":"https:\/\/evertonfc.cz\/#website","url":"https:\/\/evertonfc.cz\/","name":"Official Czech &amp; Slovak Everton Supporters&#039; Club","description":"","publisher":{"@id":"https:\/\/evertonfc.cz\/#organization"},"potentialAction":[{"@type":"SearchAction","target":{"@type":"EntryPoint","urlTemplate":"https:\/\/evertonfc.cz\/?s={search_term_string}"},"query-input":{"@type":"PropertyValueSpecification","valueRequired":true,"valueName":"search_term_string"}}],"inLanguage":"cs"},{"@type":"Organization","@id":"https:\/\/evertonfc.cz\/#organization","name":"Official Czech & Slovak Everton Supporters' Club","url":"https:\/\/evertonfc.cz\/","logo":{"@type":"ImageObject","inLanguage":"cs","@id":"https:\/\/evertonfc.cz\/#\/schema\/logo\/image\/","url":"https:\/\/evertonfc.cz\/wp-content\/uploads\/2019\/05\/logo.png","contentUrl":"https:\/\/evertonfc.cz\/wp-content\/uploads\/2019\/05\/logo.png","width":112,"height":112,"caption":"Official Czech & Slovak Everton Supporters' Club"},"image":{"@id":"https:\/\/evertonfc.cz\/#\/schema\/logo\/image\/"},"sameAs":["https:\/\/www.facebook.com\/everton.fans.cz.sk"]},{"@type":"Person","@id":"https:\/\/evertonfc.cz\/#\/schema\/person\/f7a5daedb2ffee98480bc70e191aaef1","name":"Ri\u010di","sameAs":["https:\/\/x.com\/rbrejsa"],"url":"https:\/\/evertonfc.cz\/index.php\/author\/rici\/"}]}},"_links":{"self":[{"href":"https:\/\/evertonfc.cz\/index.php\/wp-json\/wp\/v2\/posts\/4640"}],"collection":[{"href":"https:\/\/evertonfc.cz\/index.php\/wp-json\/wp\/v2\/posts"}],"about":[{"href":"https:\/\/evertonfc.cz\/index.php\/wp-json\/wp\/v2\/types\/post"}],"author":[{"embeddable":true,"href":"https:\/\/evertonfc.cz\/index.php\/wp-json\/wp\/v2\/users\/6"}],"replies":[{"embeddable":true,"href":"https:\/\/evertonfc.cz\/index.php\/wp-json\/wp\/v2\/comments?post=4640"}],"version-history":[{"count":1,"href":"https:\/\/evertonfc.cz\/index.php\/wp-json\/wp\/v2\/posts\/4640\/revisions"}],"predecessor-version":[{"id":4641,"href":"https:\/\/evertonfc.cz\/index.php\/wp-json\/wp\/v2\/posts\/4640\/revisions\/4641"}],"wp:featuredmedia":[{"embeddable":true,"href":"https:\/\/evertonfc.cz\/index.php\/wp-json\/wp\/v2\/media\/1315"}],"wp:attachment":[{"href":"https:\/\/evertonfc.cz\/index.php\/wp-json\/wp\/v2\/media?parent=4640"}],"wp:term":[{"taxonomy":"category","embeddable":true,"href":"https:\/\/evertonfc.cz\/index.php\/wp-json\/wp\/v2\/categories?post=4640"},{"taxonomy":"post_tag","embeddable":true,"href":"https:\/\/evertonfc.cz\/index.php\/wp-json\/wp\/v2\/tags?post=4640"}],"curies":[{"name":"wp","href":"https:\/\/api.w.org\/{rel}","templated":true}]}}