{"id":4642,"date":"2014-09-12T17:24:06","date_gmt":"2014-09-12T15:24:06","guid":{"rendered":"http:\/\/evertonfc.cz\/?p=4642"},"modified":"2021-03-04T13:38:53","modified_gmt":"2021-03-04T12:38:53","slug":"preview-west-bromwich-albion-everton-4","status":"publish","type":"post","link":"https:\/\/evertonfc.cz\/index.php\/2014\/09\/12\/preview-west-bromwich-albion-everton-4\/","title":{"rendered":"Preview: West Bromwich Albion &#8211; Everton"},"content":{"rendered":"<h4 id=\"NewsPostDetailSummary\">Premier League odstartovala \u00favodn\u00edmi t\u0159emi koly, v nich\u017e jak West Brom, tak Everton nasb\u00edral pouh\u00e9 dva body. O motivaci na sobotu tedy net\u0159eba dlouho uva\u017eovat.<\/h4>\n<div id=\"NewsPostDetailContent\">\n<p>Prostor pro paniku? Ani n\u00e1hodou. Zd\u00e1lo by se po\u0161etil\u00e9 p\u0159edpov\u00eddat \u00fasp\u011bch v cel\u00e9m ro\u010dn\u00edku na z\u00e1klad\u011b t\u0159\u00ed prvn\u00edch t\u00fddn\u016f,\u00a0zvl\u00e1\u0161\u0165\u00a0kdy\u017e si Baggies teprve zvykaj\u00ed na souhru pod\u00a0nov\u00fdm mana\u017eerem Alanem Irvinem a u jejich v\u00edkendov\u00e9ho protivn\u00edka jsou pomalej\u0161\u00ed starty u\u017e trochu (bohu\u017eel) tradic\u00ed.<\/p>\n<p>P\u0159ipravenost t\u00fdm\u016f se m\u016f\u017ee hodnotit na konci \u0159\u00edjna, a pokud by se v t\u00e9 dob\u011b West Brom pohyboval v klidn\u011bj\u0161\u00edch patrech tabulky ne\u017e aktu\u00e1ln\u00ed osmn\u00e1ct\u00e1 p\u0159\u00ed\u010dka, bylo by t\u0159eba prok\u00e1zat dob\u0159e odvedenou pr\u00e1ci. K mu\u017estvu p\u0159ed letn\u00edm p\u0159\u00edpravou p\u0159i\u0161el Alan Irvine, osoba velmi zn\u00e1m\u00e1 okol\u00ed Goodison Parku. Skotsk\u00fd rod\u00e1k nejprve odkopal t\u0159i sez\u00f3ny na star\u00e9m liverpoolsk\u00e9m stadionu v 80. letech, aby se vr\u00e1til po osmn\u00e1cti letech jako prav\u00e1 ruka Davida Moyese. V roce 2007 sice ode\u0161el zkusit vlatn\u00ed \u0161t\u011bst\u00ed do Prestonu, ale oklikou p\u0159es Sheffield Wednesday op\u011bt zav\u00edtal do Evertonu p\u0159ed t\u0159emi lety. Po \u00fasp\u011b\u0161n\u00e9m \u00a0Rayi Hallovi p\u0159evzal m\u00edsto \u0159editele klubov\u00e9ho ml\u00e1de\u017enick\u00e9ho syst\u00e9mu.<\/p>\n<p>Sestavu Blues proto zn\u00e1, co\u017e ostatn\u011b plat\u00ed tak\u00e9 u Vica Anichebeho a Joleona\u00a0Lescotta. Druh\u00fd jmenovan\u00fd se pravd\u011bpodobn\u011b proti b\u00fdval\u00e9mu zam\u011bstnavateli\u00a0do\u010dk\u00e1 debutu v \u010derstv\u00e9m p\u016fsobi\u0161ti, kam zam\u00ed\u0159il z Manchesteru City. Zku\u0161enosti b\u00fdval\u00e9ho anglick\u00e9ho reprezentanta se budou hodit, p\u0159i rem\u00edz\u00e1ch se Sunderlandem a Southampton a t\u0159\u00edbrankov\u00e9ho debaklu od Swansea City letit\u00e1 vyzr\u00e1lost chyb\u011bla.<\/p>\n<p>Na druh\u00e9 stran\u011b zase v ligov\u00e9m za\u010d\u00e1tku chyb\u011bla defenzivn\u00ed kvalita. Deset obdr\u017een\u00fdch g\u00f3l\u016f spou\u0161t\u00ed vystra\u017en\u00fd alarm, p\u0159eci jenom se jedn\u00e1 o v\u00edce ne\u017e \u010dtvrtinu z 39 inkasovan\u00fdch tref z cel\u00e9 lo\u0148sk\u00e9\u00a0sez\u00f3ny. Ov\u0161em Roberto Mart\u00ednez nad\u00e1le v\u011b\u0159\u00ed sv\u00fdm sv\u011b\u0159enc\u016fm, chyby p\u0159i\u010d\u00edt\u00e1 sebeuspokojen\u00ed a s nad\u011bj\u00ed vyhl\u00ed\u017e\u00ed n\u00e1vrach star\u00fdch klidn\u00fdch \u010das\u016f pevn\u00e9 obrany. Stopersk\u00e1 dvojice Phil Jagielka a Sylvain Distin se nejsp\u00ed\u0161e m\u011bnit nebude a na \u010dlena Albionu Johna Stones op\u011bt zbude lavi\u010dka n\u00e1hradn\u00edk\u016f, jen\u017ee se nemus\u00ed p\u0159\u00edli\u0161 b\u00e1t, jeho \u0161ance p\u0159ijde. A pom\u011brn\u011b brzy, v\u017edy\u0165\u00a0Everton v nejbli\u017e\u0161\u00edch deseti dnech odehraje \u010dty\u0159i utk\u00e1n\u00ed.<\/p>\n<p>Romelu Lukaku laboroval s poran\u011bn\u00fdm palcem, co\u017e se spolu s hor\u0161\u00ed fyzickou p\u0159ipravenost\u00ed podepsalo na jeho v\u00fdkonech. Po vyl\u00e9\u010den\u00ed je op\u011bt p\u0159ipraven trhat s\u00edt\u011b. Evertonu to paradoxn\u011b zat\u00edm st\u0159\u00edl\u00ed i bez belgick\u00e9ho kanon\u00fdra, jeho\u017e zastoupil Steven Naimisth. To lze ur\u010dit\u011b br\u00e1t za pozitivn\u00ed zji\u0161t\u011bn\u00ed. Jestli\u017ee tak Blues odstran\u00ed chyby v defenziv\u011b,\u00a0\u010dekaj\u00ed n\u00e1s n\u00e1dhern\u00e9 m\u011bs\u00edce.<\/p>\n<h4><strong>Z\u00e1pasov\u00e1 fakta<\/strong><\/h4>\n<p>Vz\u00e1jemn\u00e1<br \/>\n\u2022 159 st\u0159etnut\u00ed, 65 v\u00fdher Evertonu, 36 rem\u00edz, 58 por\u00e1\u017eek<br \/>\n\u2022 vloni oba duely skon\u010dily nerozhodn\u011b<br \/>\n\u2022 nejvy\u0161\u0161\u00ed v\u00edt\u011bzstv\u00ed dom\u00e1c\u00edch 4:0 se datuje do roku 2005.<\/p>\n<p>West Brom<br \/>\n\u2022 Letos si p\u0159ipsal nerozhodn\u00fd v\u00fdsledek dvakr\u00e1t, vloni 15x, nejv\u00edce ze v\u0161ech celk\u016f<br \/>\n\u2022 minul\u00fd rok se radoval z t\u0159\u00edbodov\u00e9 zisku na dom\u00e1c\u00ed p\u016fd\u011b \u010dty\u0159ikr\u00e1t, nejm\u00e9n\u011b v lize<br \/>\n\u2022 krom\u011b Saida Berahina nikdo jin\u00fd nesk\u00f3roval, mlad\u00fd Angli\u010dan se prosadil dvakr\u00e1t proti Sunderlandu.<\/p>\n<p>Everton<br \/>\n\u2022 Vyrovnal nelichotiv\u00fd rekord Arsenalu z ro\u010dn\u00edku 2011\/12 v po\u010dtu obdr\u017een\u00fdch branek po prvn\u00edch t\u0159ech kolech<br \/>\n\u2022 b\u011bhem posledn\u00ed sez\u00f3ny dostal 10 branek a\u017e po osmi kolech<br \/>\n\u2022 letos vst\u0159elil g\u00f3l v ka\u017ed\u00e9 45. minut\u011b z\u00e1pasu.<\/p>\n<h4><strong>T\u00fdmov\u00e9 novinky<\/strong><\/h4>\n<p>Vica Anichebeho tr\u00e1p\u00ed pot\u00ed\u017ee s k\u00fdlou, jen\u017ee i p\u0159es jeho stoprocentn\u00ed zdrav\u00ed ho v sestav\u011b nejsp\u00ed\u0161e nahrad\u00ed rekordn\u00ed posila Brown Ideye. Youssouf Mulumbu utrp\u011bl p\u0159i pln\u011bn\u00ed reprezenta\u010dn\u00edch povinnost\u00ed zran\u011bn\u00ed, na druhou stranu se uzdravili Ben Foster, Gareth McAuley, Graham Dorrans, Sebastien Pocognoli, Chris Brunt a\u00a0Joleon Lescott.<\/p>\n<table>\n<tbody>\n<tr>\n<td><strong>WBA:<\/strong><\/td>\n<td>Foster, Myhill, Baird, Davidson, Dawson, Gamboa, Lescott, McAuley, O\u2019Neil, Olsson,\u00a0Pocognoli, Wisdom, Blanco, Brunt, Dorrans, Gardner, Morrison, Sessegnon, Yacob,\u00a0Anichebe, Berahino, Ideye, Samaras.<\/td>\n<\/tr>\n<\/tbody>\n<\/table>\n<p>Steven Pienaar pot\u00e9 co, absentoval v posledn\u00edch dvou kolech, se ji\u017e v t\u00fddnu vr\u00e1til do tr\u00e9ninkov\u00e9ho procesu. Lehk\u00e1 zran\u011bn\u00ed limituj\u00ed Leona Osmana a Samuela Eto\u00b4a, o jejich vyu\u017eit\u00ed se rozhodn\u011b z\u00e1t\u011b\u017eov\u00fd test p\u0159ed v\u00fdkopem. Bryan Oviedo, Arouna Kon\u00e9 a Ross Barkley si je\u0161t\u011b po\u010dkaj\u00ed na n\u00e1vrat na tr\u00e1vn\u00edky.<\/p>\n<table>\n<tbody>\n<tr>\n<td><strong>EFC:<\/strong><\/td>\n<td>Howard, Joel, Alcaraz, Baines, Browning, Coleman, Distin, Garbutt, Hibbert, Jagielka,\u00a0Stones, Atsu, Barry, Be\u0161i\u0107, Gibson, McCarthy, McGeady, Osman\u00a0(?), Pienaar, Eto\u2019o (?),Lukaku, McAleny, Mirallas, Naismith.<\/td>\n<\/tr>\n<\/tbody>\n<\/table>\n<p><strong>Co:<\/strong> West Bromwich Albion FC &#8211; Everton FC, 4. kolo Premier League<br \/>\n<strong>Kdy:<\/strong> 13. 09. 2014 od 16:00 SE\u010c<br \/>\n<strong>Kde: <\/strong>The Hawthorns, West Bromwich, Sandwell, West Midlands (kapacita: 26 272)<br \/>\n<strong>Rozhod\u010d\u00ed:<\/strong> Anthony Taylor<\/p>\n<\/div>\n","protected":false},"excerpt":{"rendered":"<p>Premier League odstartovala \u00favodn\u00edmi t\u0159emi koly, v nich\u017e jak West Brom, tak Everton nasb\u00edral pouh\u00e9 dva body. O motivaci na sobotu tedy net\u0159eba dlouho uva\u017eovat.<\/p>\n","protected":false},"author":6,"featured_media":14438,"comment_status":"open","ping_status":"closed","sticky":false,"template":"","format":"standard","meta":{"_eb_attr":"","_monsterinsights_skip_tracking":false,"_monsterinsights_sitenote_active":false,"_monsterinsights_sitenote_note":"","_monsterinsights_sitenote_category":0,"footnotes":""},"categories":[4],"tags":[],"yoast_head":"<!-- This site is optimized with the Yoast SEO plugin v23.4 - https:\/\/yoast.com\/wordpress\/plugins\/seo\/ -->\n<title>Preview: West Bromwich Albion - Everton - Official Czech &amp; Slovak Everton Supporters&#039; Club<\/title>\n<meta name=\"robots\" content=\"index, follow, max-snippet:-1, max-image-preview:large, max-video-preview:-1\" \/>\n<link rel=\"canonical\" href=\"https:\/\/evertonfc.cz\/index.php\/2014\/09\/12\/preview-west-bromwich-albion-everton-4\/\" \/>\n<meta property=\"og:locale\" content=\"cs_CZ\" \/>\n<meta property=\"og:type\" content=\"article\" \/>\n<meta property=\"og:title\" content=\"Preview: West Bromwich Albion - Everton - Official Czech &amp; Slovak Everton Supporters&#039; Club\" \/>\n<meta property=\"og:description\" content=\"Premier League odstartovala \u00favodn\u00edmi t\u0159emi koly, v nich\u017e jak West Brom, tak Everton nasb\u00edral pouh\u00e9 dva body. O motivaci na sobotu tedy net\u0159eba dlouho uva\u017eovat.\" \/>\n<meta property=\"og:url\" content=\"https:\/\/evertonfc.cz\/index.php\/2014\/09\/12\/preview-west-bromwich-albion-everton-4\/\" \/>\n<meta property=\"og:site_name\" content=\"Official Czech &amp; Slovak Everton Supporters&#039; Club\" \/>\n<meta property=\"article:publisher\" content=\"https:\/\/www.facebook.com\/everton.fans.cz.sk\" \/>\n<meta property=\"article:published_time\" content=\"2014-09-12T15:24:06+00:00\" \/>\n<meta property=\"article:modified_time\" content=\"2021-03-04T12:38:53+00:00\" \/>\n<meta property=\"og:image\" content=\"https:\/\/evertonfc.cz\/wp-content\/uploads\/2021\/03\/West-Bromwich-Albion-VS-Everton.jpg\" \/>\n\t<meta property=\"og:image:width\" content=\"720\" \/>\n\t<meta property=\"og:image:height\" content=\"405\" \/>\n\t<meta property=\"og:image:type\" content=\"image\/jpeg\" \/>\n<meta name=\"author\" content=\"Ri\u010di\" \/>\n<meta name=\"twitter:card\" content=\"summary_large_image\" \/>\n<meta name=\"twitter:creator\" content=\"@rbrejsa\" \/>\n<meta name=\"twitter:label1\" content=\"Napsal(a)\" \/>\n\t<meta name=\"twitter:data1\" content=\"Ri\u010di\" \/>\n\t<meta name=\"twitter:label2\" content=\"Odhadovan\u00e1 doba \u010dten\u00ed\" \/>\n\t<meta name=\"twitter:data2\" content=\"4 minuty\" \/>\n<script type=\"application\/ld+json\" class=\"yoast-schema-graph\">{\"@context\":\"https:\/\/schema.org\",\"@graph\":[{\"@type\":\"Article\",\"@id\":\"https:\/\/evertonfc.cz\/index.php\/2014\/09\/12\/preview-west-bromwich-albion-everton-4\/#article\",\"isPartOf\":{\"@id\":\"https:\/\/evertonfc.cz\/index.php\/2014\/09\/12\/preview-west-bromwich-albion-everton-4\/\"},\"author\":{\"name\":\"Ri\u010di\",\"@id\":\"https:\/\/evertonfc.cz\/#\/schema\/person\/f7a5daedb2ffee98480bc70e191aaef1\"},\"headline\":\"Preview: West Bromwich Albion &#8211; Everton\",\"datePublished\":\"2014-09-12T15:24:06+00:00\",\"dateModified\":\"2021-03-04T12:38:53+00:00\",\"mainEntityOfPage\":{\"@id\":\"https:\/\/evertonfc.cz\/index.php\/2014\/09\/12\/preview-west-bromwich-albion-everton-4\/\"},\"wordCount\":857,\"commentCount\":0,\"publisher\":{\"@id\":\"https:\/\/evertonfc.cz\/#organization\"},\"image\":{\"@id\":\"https:\/\/evertonfc.cz\/index.php\/2014\/09\/12\/preview-west-bromwich-albion-everton-4\/#primaryimage\"},\"thumbnailUrl\":\"https:\/\/evertonfc.cz\/wp-content\/uploads\/2021\/03\/West-Bromwich-Albion-VS-Everton.jpg\",\"articleSection\":[\"Z\u00e1pasy\"],\"inLanguage\":\"cs\",\"potentialAction\":[{\"@type\":\"CommentAction\",\"name\":\"Comment\",\"target\":[\"https:\/\/evertonfc.cz\/index.php\/2014\/09\/12\/preview-west-bromwich-albion-everton-4\/#respond\"]}]},{\"@type\":\"WebPage\",\"@id\":\"https:\/\/evertonfc.cz\/index.php\/2014\/09\/12\/preview-west-bromwich-albion-everton-4\/\",\"url\":\"https:\/\/evertonfc.cz\/index.php\/2014\/09\/12\/preview-west-bromwich-albion-everton-4\/\",\"name\":\"Preview: West Bromwich Albion - Everton - Official Czech &amp; Slovak Everton Supporters&#039; Club\",\"isPartOf\":{\"@id\":\"https:\/\/evertonfc.cz\/#website\"},\"primaryImageOfPage\":{\"@id\":\"https:\/\/evertonfc.cz\/index.php\/2014\/09\/12\/preview-west-bromwich-albion-everton-4\/#primaryimage\"},\"image\":{\"@id\":\"https:\/\/evertonfc.cz\/index.php\/2014\/09\/12\/preview-west-bromwich-albion-everton-4\/#primaryimage\"},\"thumbnailUrl\":\"https:\/\/evertonfc.cz\/wp-content\/uploads\/2021\/03\/West-Bromwich-Albion-VS-Everton.jpg\",\"datePublished\":\"2014-09-12T15:24:06+00:00\",\"dateModified\":\"2021-03-04T12:38:53+00:00\",\"breadcrumb\":{\"@id\":\"https:\/\/evertonfc.cz\/index.php\/2014\/09\/12\/preview-west-bromwich-albion-everton-4\/#breadcrumb\"},\"inLanguage\":\"cs\",\"potentialAction\":[{\"@type\":\"ReadAction\",\"target\":[\"https:\/\/evertonfc.cz\/index.php\/2014\/09\/12\/preview-west-bromwich-albion-everton-4\/\"]}]},{\"@type\":\"ImageObject\",\"inLanguage\":\"cs\",\"@id\":\"https:\/\/evertonfc.cz\/index.php\/2014\/09\/12\/preview-west-bromwich-albion-everton-4\/#primaryimage\",\"url\":\"https:\/\/evertonfc.cz\/wp-content\/uploads\/2021\/03\/West-Bromwich-Albion-VS-Everton.jpg\",\"contentUrl\":\"https:\/\/evertonfc.cz\/wp-content\/uploads\/2021\/03\/West-Bromwich-Albion-VS-Everton.jpg\",\"width\":720,\"height\":405},{\"@type\":\"BreadcrumbList\",\"@id\":\"https:\/\/evertonfc.cz\/index.php\/2014\/09\/12\/preview-west-bromwich-albion-everton-4\/#breadcrumb\",\"itemListElement\":[{\"@type\":\"ListItem\",\"position\":1,\"name\":\"Home\",\"item\":\"https:\/\/evertonfc.cz\/\"},{\"@type\":\"ListItem\",\"position\":2,\"name\":\"Preview: West Bromwich Albion &#8211; Everton\"}]},{\"@type\":\"WebSite\",\"@id\":\"https:\/\/evertonfc.cz\/#website\",\"url\":\"https:\/\/evertonfc.cz\/\",\"name\":\"Official Czech &amp; Slovak Everton Supporters&#039; Club\",\"description\":\"\",\"publisher\":{\"@id\":\"https:\/\/evertonfc.cz\/#organization\"},\"potentialAction\":[{\"@type\":\"SearchAction\",\"target\":{\"@type\":\"EntryPoint\",\"urlTemplate\":\"https:\/\/evertonfc.cz\/?s={search_term_string}\"},\"query-input\":{\"@type\":\"PropertyValueSpecification\",\"valueRequired\":true,\"valueName\":\"search_term_string\"}}],\"inLanguage\":\"cs\"},{\"@type\":\"Organization\",\"@id\":\"https:\/\/evertonfc.cz\/#organization\",\"name\":\"Official Czech & Slovak Everton Supporters' Club\",\"url\":\"https:\/\/evertonfc.cz\/\",\"logo\":{\"@type\":\"ImageObject\",\"inLanguage\":\"cs\",\"@id\":\"https:\/\/evertonfc.cz\/#\/schema\/logo\/image\/\",\"url\":\"https:\/\/evertonfc.cz\/wp-content\/uploads\/2019\/05\/logo.png\",\"contentUrl\":\"https:\/\/evertonfc.cz\/wp-content\/uploads\/2019\/05\/logo.png\",\"width\":112,\"height\":112,\"caption\":\"Official Czech & Slovak Everton Supporters' Club\"},\"image\":{\"@id\":\"https:\/\/evertonfc.cz\/#\/schema\/logo\/image\/\"},\"sameAs\":[\"https:\/\/www.facebook.com\/everton.fans.cz.sk\"]},{\"@type\":\"Person\",\"@id\":\"https:\/\/evertonfc.cz\/#\/schema\/person\/f7a5daedb2ffee98480bc70e191aaef1\",\"name\":\"Ri\u010di\",\"sameAs\":[\"https:\/\/x.com\/rbrejsa\"],\"url\":\"https:\/\/evertonfc.cz\/index.php\/author\/rici\/\"}]}<\/script>\n<!-- \/ Yoast SEO plugin. -->","yoast_head_json":{"title":"Preview: West Bromwich Albion - Everton - Official Czech &amp; Slovak Everton Supporters&#039; Club","robots":{"index":"index","follow":"follow","max-snippet":"max-snippet:-1","max-image-preview":"max-image-preview:large","max-video-preview":"max-video-preview:-1"},"canonical":"https:\/\/evertonfc.cz\/index.php\/2014\/09\/12\/preview-west-bromwich-albion-everton-4\/","og_locale":"cs_CZ","og_type":"article","og_title":"Preview: West Bromwich Albion - Everton - Official Czech &amp; Slovak Everton Supporters&#039; Club","og_description":"Premier League odstartovala \u00favodn\u00edmi t\u0159emi koly, v nich\u017e jak West Brom, tak Everton nasb\u00edral pouh\u00e9 dva body. O motivaci na sobotu tedy net\u0159eba dlouho uva\u017eovat.","og_url":"https:\/\/evertonfc.cz\/index.php\/2014\/09\/12\/preview-west-bromwich-albion-everton-4\/","og_site_name":"Official Czech &amp; Slovak Everton Supporters&#039; Club","article_publisher":"https:\/\/www.facebook.com\/everton.fans.cz.sk","article_published_time":"2014-09-12T15:24:06+00:00","article_modified_time":"2021-03-04T12:38:53+00:00","og_image":[{"width":720,"height":405,"url":"https:\/\/evertonfc.cz\/wp-content\/uploads\/2021\/03\/West-Bromwich-Albion-VS-Everton.jpg","type":"image\/jpeg"}],"author":"Ri\u010di","twitter_card":"summary_large_image","twitter_creator":"@rbrejsa","twitter_misc":{"Napsal(a)":"Ri\u010di","Odhadovan\u00e1 doba \u010dten\u00ed":"4 minuty"},"schema":{"@context":"https:\/\/schema.org","@graph":[{"@type":"Article","@id":"https:\/\/evertonfc.cz\/index.php\/2014\/09\/12\/preview-west-bromwich-albion-everton-4\/#article","isPartOf":{"@id":"https:\/\/evertonfc.cz\/index.php\/2014\/09\/12\/preview-west-bromwich-albion-everton-4\/"},"author":{"name":"Ri\u010di","@id":"https:\/\/evertonfc.cz\/#\/schema\/person\/f7a5daedb2ffee98480bc70e191aaef1"},"headline":"Preview: West Bromwich Albion &#8211; Everton","datePublished":"2014-09-12T15:24:06+00:00","dateModified":"2021-03-04T12:38:53+00:00","mainEntityOfPage":{"@id":"https:\/\/evertonfc.cz\/index.php\/2014\/09\/12\/preview-west-bromwich-albion-everton-4\/"},"wordCount":857,"commentCount":0,"publisher":{"@id":"https:\/\/evertonfc.cz\/#organization"},"image":{"@id":"https:\/\/evertonfc.cz\/index.php\/2014\/09\/12\/preview-west-bromwich-albion-everton-4\/#primaryimage"},"thumbnailUrl":"https:\/\/evertonfc.cz\/wp-content\/uploads\/2021\/03\/West-Bromwich-Albion-VS-Everton.jpg","articleSection":["Z\u00e1pasy"],"inLanguage":"cs","potentialAction":[{"@type":"CommentAction","name":"Comment","target":["https:\/\/evertonfc.cz\/index.php\/2014\/09\/12\/preview-west-bromwich-albion-everton-4\/#respond"]}]},{"@type":"WebPage","@id":"https:\/\/evertonfc.cz\/index.php\/2014\/09\/12\/preview-west-bromwich-albion-everton-4\/","url":"https:\/\/evertonfc.cz\/index.php\/2014\/09\/12\/preview-west-bromwich-albion-everton-4\/","name":"Preview: West Bromwich Albion - Everton - Official Czech &amp; Slovak Everton Supporters&#039; Club","isPartOf":{"@id":"https:\/\/evertonfc.cz\/#website"},"primaryImageOfPage":{"@id":"https:\/\/evertonfc.cz\/index.php\/2014\/09\/12\/preview-west-bromwich-albion-everton-4\/#primaryimage"},"image":{"@id":"https:\/\/evertonfc.cz\/index.php\/2014\/09\/12\/preview-west-bromwich-albion-everton-4\/#primaryimage"},"thumbnailUrl":"https:\/\/evertonfc.cz\/wp-content\/uploads\/2021\/03\/West-Bromwich-Albion-VS-Everton.jpg","datePublished":"2014-09-12T15:24:06+00:00","dateModified":"2021-03-04T12:38:53+00:00","breadcrumb":{"@id":"https:\/\/evertonfc.cz\/index.php\/2014\/09\/12\/preview-west-bromwich-albion-everton-4\/#breadcrumb"},"inLanguage":"cs","potentialAction":[{"@type":"ReadAction","target":["https:\/\/evertonfc.cz\/index.php\/2014\/09\/12\/preview-west-bromwich-albion-everton-4\/"]}]},{"@type":"ImageObject","inLanguage":"cs","@id":"https:\/\/evertonfc.cz\/index.php\/2014\/09\/12\/preview-west-bromwich-albion-everton-4\/#primaryimage","url":"https:\/\/evertonfc.cz\/wp-content\/uploads\/2021\/03\/West-Bromwich-Albion-VS-Everton.jpg","contentUrl":"https:\/\/evertonfc.cz\/wp-content\/uploads\/2021\/03\/West-Bromwich-Albion-VS-Everton.jpg","width":720,"height":405},{"@type":"BreadcrumbList","@id":"https:\/\/evertonfc.cz\/index.php\/2014\/09\/12\/preview-west-bromwich-albion-everton-4\/#breadcrumb","itemListElement":[{"@type":"ListItem","position":1,"name":"Home","item":"https:\/\/evertonfc.cz\/"},{"@type":"ListItem","position":2,"name":"Preview: West Bromwich Albion &#8211; Everton"}]},{"@type":"WebSite","@id":"https:\/\/evertonfc.cz\/#website","url":"https:\/\/evertonfc.cz\/","name":"Official Czech &amp; Slovak Everton Supporters&#039; Club","description":"","publisher":{"@id":"https:\/\/evertonfc.cz\/#organization"},"potentialAction":[{"@type":"SearchAction","target":{"@type":"EntryPoint","urlTemplate":"https:\/\/evertonfc.cz\/?s={search_term_string}"},"query-input":{"@type":"PropertyValueSpecification","valueRequired":true,"valueName":"search_term_string"}}],"inLanguage":"cs"},{"@type":"Organization","@id":"https:\/\/evertonfc.cz\/#organization","name":"Official Czech & Slovak Everton Supporters' Club","url":"https:\/\/evertonfc.cz\/","logo":{"@type":"ImageObject","inLanguage":"cs","@id":"https:\/\/evertonfc.cz\/#\/schema\/logo\/image\/","url":"https:\/\/evertonfc.cz\/wp-content\/uploads\/2019\/05\/logo.png","contentUrl":"https:\/\/evertonfc.cz\/wp-content\/uploads\/2019\/05\/logo.png","width":112,"height":112,"caption":"Official Czech & Slovak Everton Supporters' Club"},"image":{"@id":"https:\/\/evertonfc.cz\/#\/schema\/logo\/image\/"},"sameAs":["https:\/\/www.facebook.com\/everton.fans.cz.sk"]},{"@type":"Person","@id":"https:\/\/evertonfc.cz\/#\/schema\/person\/f7a5daedb2ffee98480bc70e191aaef1","name":"Ri\u010di","sameAs":["https:\/\/x.com\/rbrejsa"],"url":"https:\/\/evertonfc.cz\/index.php\/author\/rici\/"}]}},"_links":{"self":[{"href":"https:\/\/evertonfc.cz\/index.php\/wp-json\/wp\/v2\/posts\/4642"}],"collection":[{"href":"https:\/\/evertonfc.cz\/index.php\/wp-json\/wp\/v2\/posts"}],"about":[{"href":"https:\/\/evertonfc.cz\/index.php\/wp-json\/wp\/v2\/types\/post"}],"author":[{"embeddable":true,"href":"https:\/\/evertonfc.cz\/index.php\/wp-json\/wp\/v2\/users\/6"}],"replies":[{"embeddable":true,"href":"https:\/\/evertonfc.cz\/index.php\/wp-json\/wp\/v2\/comments?post=4642"}],"version-history":[{"count":5,"href":"https:\/\/evertonfc.cz\/index.php\/wp-json\/wp\/v2\/posts\/4642\/revisions"}],"predecessor-version":[{"id":14467,"href":"https:\/\/evertonfc.cz\/index.php\/wp-json\/wp\/v2\/posts\/4642\/revisions\/14467"}],"wp:featuredmedia":[{"embeddable":true,"href":"https:\/\/evertonfc.cz\/index.php\/wp-json\/wp\/v2\/media\/14438"}],"wp:attachment":[{"href":"https:\/\/evertonfc.cz\/index.php\/wp-json\/wp\/v2\/media?parent=4642"}],"wp:term":[{"taxonomy":"category","embeddable":true,"href":"https:\/\/evertonfc.cz\/index.php\/wp-json\/wp\/v2\/categories?post=4642"},{"taxonomy":"post_tag","embeddable":true,"href":"https:\/\/evertonfc.cz\/index.php\/wp-json\/wp\/v2\/tags?post=4642"}],"curies":[{"name":"wp","href":"https:\/\/api.w.org\/{rel}","templated":true}]}}