{"id":4644,"date":"2014-09-09T17:25:50","date_gmt":"2014-09-09T15:25:50","guid":{"rendered":"http:\/\/evertonfc.cz\/?p=4644"},"modified":"2019-02-13T17:26:56","modified_gmt":"2019-02-13T16:26:56","slug":"pienaar-na-chatu","status":"publish","type":"post","link":"https:\/\/evertonfc.cz\/index.php\/2014\/09\/09\/pienaar-na-chatu\/","title":{"rendered":"Pienaar na chatu"},"content":{"rendered":"<h4 id=\"NewsPostDetailSummary\">Steven Pienaar vyu\u017eil reprezenta\u010dn\u00ed p\u0159est\u00e1vky, aby usedl za po\u010d\u00edta\u010d a prost\u0159ednictv\u00edm Twitteru odpov\u00eddal na ot\u00e1zky fanou\u0161k\u016f.<\/h4>\n<div id=\"NewsPostDetailContent\">\n<p><strong>Na kter\u00fd vst\u0159elen\u00fd g\u00f3l za Everton nejrad\u011bji vzpom\u00edn\u00e1\u0161?<\/strong><\/p>\n<p>Mus\u00edm zm\u00ednit ten proti Manchesteru United, tehdy kdy\u017e jsem vyrovn\u00e1val na 4:4. Po proh\u0159e v semifin\u00e1le FA Cupu proti Liverpoolu byla mor\u00e1lka v t\u00fdmu trochu hor\u0161\u00ed, proto bylo skv\u011bl\u00e9 odpov\u011bd\u011bt kvalitn\u00edm v\u00fdkonem a mn\u011b se poda\u0159ilo g\u00f3lov\u011b prosadit.<\/p>\n<p><strong>M\u00e1\u0161 obl\u00edben\u00e9 m\u00edsto v Amsterdamu?<\/strong><\/p>\n<p>T\u011b\u017ek\u00e9, v hlav\u011b mi naskakuje n\u011bkolik n\u00e1pad\u016f. Zvol\u00edm restauraci Ricardo\u00b4s, velmi dob\u0159e va\u0159\u00ed jihoafrick\u00e9 j\u00eddlo.<\/p>\n<p><strong>Prozra\u010f mi nejlep\u0161\u00edho hr\u00e1\u010de, proti n\u011bmu\u017e si nastoupil?<\/strong><\/p>\n<p>\u0158eknu dva, Maldini a Bergkamp.<\/p>\n<p><strong>Kter\u00fd s\u00fdr je tv\u016fj obl\u00edben\u00fd?<\/strong><\/p>\n<p>Nej\u00edm s\u00fdr.<\/p>\n<p><strong>Kdo je \u0161pr\u00fdma\u0159em v kabin\u011b a dok\u00e1\u017ee v\u0161echny rozesm\u00e1t?<\/strong><\/p>\n<p>P\u00e1r jich tu m\u00e1me. Za m\u011b vyberu Bainesyho, jeho Scouse humor mi p\u0159ijde z\u00e1bavn\u00fd.<\/p>\n<p><strong>Ke kter\u00e9mu fotbalistovi si v ml\u00e1d\u00ed vzhl\u00ed\u017eel?<\/strong><\/p>\n<p>Neupnul jsem se pouze na jednoho. Obdivoval jsem Ronalda de Boera a tak\u00e9 Petera Beardsleyho, m\u00e9ho obl\u00edben\u00e9ho. A Clarence Seedorfa.<\/p>\n<p><strong>Koho hodnot\u00ed\u0161 jako nejv\u00edce technicky vysp\u011bl\u00e9ho hr\u00e1\u010de z tv\u00e9ho p\u016fsoben\u00ed v Evertonu?<\/strong><\/p>\n<p>M\u011b! Ne, ur\u010dit\u011b Mikela Artetu. Ve v\u0161em si po\u010d\u00ednal stra\u0161n\u011b p\u0159irozen\u011b.<\/p>\n<p><strong>Kdo d\u00e1v\u00e1 tr\u00e9nink\u016fm nejv\u00edce a nejm\u00e9n\u011b?<\/strong><\/p>\n<p>Bainesy a Sylvain d\u0159ou ze v\u0161ech nejv\u00edce. A nejm\u00e9n\u011b\u2026 t\u011b\u017eko odpov\u011bd\u011bt. Podle m\u011b nikoho takov\u00e9ho nem\u00e1me.<\/p>\n<p><strong>Jak vid\u00ed\u0161 c\u00edle do sez\u00f3ny?<\/strong><\/p>\n<p>Chci hlavn\u011b z\u016fstat zdrav\u00fd a z t\u00fdmov\u00e9ho hlediska se tou\u017e\u00edme zlep\u0161it oproti posledn\u00edmu ro\u010dn\u00edku. To je v\u017edy na\u0161\u00edm c\u00edlem.<\/p>\n<p><strong>Vyber nejhor\u0161\u00ed prohru z tv\u00e9 kari\u00e9ry.<\/strong><\/p>\n<p>Debakl 1:6 od Arsenalu byl krut\u00fd, zm\u00edn\u00edm i prohru na Liverpoolu z minul\u00e9ho roku a fin\u00e1le FA Cupu z roku 2009. Z\u00e1le\u017e\u00ed, jak dok\u00e1\u017eete na ne\u00fasp\u011bch zareagovat.<\/p>\n<p><strong>Nejlep\u0161\u00ed slovo, kter\u00e9 ses nau\u010dil v Liverpoolu?<\/strong><\/p>\n<p>Crimbo! (V\u00e1noce)<\/p>\n<p><strong>P\u0159ihr\u00e1l si n\u011bkdy na g\u00f3l l\u00e9pe ne\u017e pati\u010dkou Leonu Osmanu proti Larisse?<\/strong><\/p>\n<p>Nep\u0159em\u00fd\u0161l\u00edm o jedn\u00e9 asistenci. Coby kreativn\u00ed hr\u00e1\u010d mus\u00edm st\u00e1le um\u011bt p\u0159ipravit \u0161anci z ni\u010deho. Proti Larisse se mi zada\u0159ilo, tak\u00e9 si pamatuji na p\u0159ihr\u00e1vku pati\u010dkou Artetovi. Nejsp\u00ed\u0161e ze z\u00e1pasu proti Wolves, ta byla poveden\u00e1.<\/p>\n<p><strong>M\u00e1\u0161 obl\u00edben\u00e9 zv\u00ed\u0159e?<\/strong><\/p>\n<p>Lva.<\/p>\n<p><strong>Bude schopn\u00e1 africk\u00e1 zem\u011b jednoho dne vyhr\u00e1t Mistrovstv\u00ed sv\u011bta?<\/strong><\/p>\n<p>V\u0161ichni v to douf\u00e1me. Ghana a Nig\u00e9rie si vedou v\u00fdborn\u011b v pr\u00e1ci s ml\u00e1de\u017e\u00ed, na velk\u00fdch turnaj\u00edch to ale je\u0161t\u011b nepotvrdily. Snad se jim n\u011bkdy v\u00a0budoucnu zada\u0159\u00ed.<\/p>\n<p><strong>M\u016f\u017eeme se t\u011b\u0161it na n\u011bjak\u00e9ho talentovan\u00e9ho fotbalistu z Jihoafrick\u00e9 republiky s \u0161anc\u00ed prosadit se v Evrop\u011b?<\/strong><\/p>\n<p>Keagan Dolly dr\u017e\u00ed p\u0159edpoklady. V p\u00e1tek debutoval na mezin\u00e1rodn\u00ed sc\u00e9n\u011b. Na\u0161e cesty k vrcholov\u00e9mu fotbalu se podobaj\u00ed a nav\u00edc poch\u00e1z\u00ed ze stejn\u00e9 \u010dtvrti.<\/p>\n<p><strong>Nech\u00e1\u0161 si op\u011bt nar\u016fst dredy?<\/strong><\/p>\n<p>Od t\u0159iceti let se podobn\u00e9 v\u011bci nehod\u00ed!<\/p>\n<p><strong>Kam v Jihoafrick\u00e9 republice r\u00e1d zav\u00edt\u00e1\u0161, pl\u00e1nuje\u0161 se vr\u00e1tit dom\u016f po skon\u010den\u00ed kari\u00e9ry?<\/strong><\/p>\n<p>Moje obl\u00edben\u00e9 m\u00edsto je domov ve Westbury, v budoucnu se zde vr\u00e1t\u00edm. M\u00e1ma st\u00e1le \u017eije v Jihoafrick\u00e9 republice a r\u00e1d bych bydlel bl\u00ed\u017ee u n\u00ed.<\/p>\n<p><strong>Co sis pomyslel po podpisu Samuela Eto\u00b4a?<\/strong><\/p>\n<p>Ta zpr\u00e1va m\u011b nadchla, disponovat n\u011bk\u00fdm tak \u00fasp\u011b\u0161n\u00fdm je dobr\u00e9 pro klub i mlad\u00e9 hr\u00e1\u010de.<\/p>\n<p><strong>Do prvn\u00edho mu\u017estva Ajaxu ses prosadil se Zlatanem Ibrahimovi\u0107em. Jak byl kvalitn\u00ed?<\/strong><\/p>\n<p>Nebyl \u0161patn\u00fd! Dle m\u00e9ho n\u00e1zoru se zlep\u0161il s v\u011bkem. Pat\u0159\u00ed k nejlep\u0161\u00edm hr\u00e1\u010d\u016fm, s nimi\u017e jsem hr\u00e1l. Dokonce jsme byli par\u0165\u00e1ci na pokoji.<\/p>\n<\/div>\n","protected":false},"excerpt":{"rendered":"<p>Steven Pienaar vyu\u017eil reprezenta\u010dn\u00ed p\u0159est\u00e1vky, aby usedl za po\u010d\u00edta\u010d a prost\u0159ednictv\u00edm Twitteru odpov\u00eddal na ot\u00e1zky fanou\u0161k\u016f. Na kter\u00fd vst\u0159elen\u00fd g\u00f3l&hellip;<\/p>\n","protected":false},"author":6,"featured_media":1312,"comment_status":"open","ping_status":"closed","sticky":false,"template":"","format":"standard","meta":{"_eb_attr":"","_monsterinsights_skip_tracking":false,"_monsterinsights_sitenote_active":false,"_monsterinsights_sitenote_note":"","_monsterinsights_sitenote_category":0,"footnotes":""},"categories":[1],"tags":[],"yoast_head":"<!-- This site is optimized with the Yoast SEO plugin v23.4 - https:\/\/yoast.com\/wordpress\/plugins\/seo\/ -->\n<title>Pienaar na chatu - Official Czech &amp; Slovak Everton Supporters&#039; Club<\/title>\n<meta name=\"robots\" content=\"index, follow, max-snippet:-1, max-image-preview:large, max-video-preview:-1\" \/>\n<link rel=\"canonical\" href=\"https:\/\/evertonfc.cz\/index.php\/2014\/09\/09\/pienaar-na-chatu\/\" \/>\n<meta property=\"og:locale\" content=\"cs_CZ\" \/>\n<meta property=\"og:type\" content=\"article\" \/>\n<meta property=\"og:title\" content=\"Pienaar na chatu - Official Czech &amp; Slovak Everton Supporters&#039; Club\" \/>\n<meta property=\"og:description\" content=\"Steven Pienaar vyu\u017eil reprezenta\u010dn\u00ed p\u0159est\u00e1vky, aby usedl za po\u010d\u00edta\u010d a prost\u0159ednictv\u00edm Twitteru odpov\u00eddal na ot\u00e1zky fanou\u0161k\u016f. Na kter\u00fd vst\u0159elen\u00fd g\u00f3l&hellip;\" \/>\n<meta property=\"og:url\" content=\"https:\/\/evertonfc.cz\/index.php\/2014\/09\/09\/pienaar-na-chatu\/\" \/>\n<meta property=\"og:site_name\" content=\"Official Czech &amp; Slovak Everton Supporters&#039; Club\" \/>\n<meta property=\"article:publisher\" content=\"https:\/\/www.facebook.com\/everton.fans.cz.sk\" \/>\n<meta property=\"article:published_time\" content=\"2014-09-09T15:25:50+00:00\" \/>\n<meta property=\"article:modified_time\" content=\"2019-02-13T16:26:56+00:00\" \/>\n<meta property=\"og:image\" content=\"https:\/\/evertonfc.cz\/wp-content\/uploads\/2019\/01\/interview.jpg\" \/>\n\t<meta property=\"og:image:width\" content=\"720\" \/>\n\t<meta property=\"og:image:height\" content=\"405\" \/>\n\t<meta property=\"og:image:type\" content=\"image\/jpeg\" \/>\n<meta name=\"author\" content=\"Ri\u010di\" \/>\n<meta name=\"twitter:card\" content=\"summary_large_image\" \/>\n<meta name=\"twitter:creator\" content=\"@rbrejsa\" \/>\n<meta name=\"twitter:label1\" content=\"Napsal(a)\" \/>\n\t<meta name=\"twitter:data1\" content=\"Ri\u010di\" \/>\n\t<meta name=\"twitter:label2\" content=\"Odhadovan\u00e1 doba \u010dten\u00ed\" \/>\n\t<meta name=\"twitter:data2\" content=\"3 minuty\" \/>\n<script type=\"application\/ld+json\" class=\"yoast-schema-graph\">{\"@context\":\"https:\/\/schema.org\",\"@graph\":[{\"@type\":\"Article\",\"@id\":\"https:\/\/evertonfc.cz\/index.php\/2014\/09\/09\/pienaar-na-chatu\/#article\",\"isPartOf\":{\"@id\":\"https:\/\/evertonfc.cz\/index.php\/2014\/09\/09\/pienaar-na-chatu\/\"},\"author\":{\"name\":\"Ri\u010di\",\"@id\":\"https:\/\/evertonfc.cz\/#\/schema\/person\/f7a5daedb2ffee98480bc70e191aaef1\"},\"headline\":\"Pienaar na chatu\",\"datePublished\":\"2014-09-09T15:25:50+00:00\",\"dateModified\":\"2019-02-13T16:26:56+00:00\",\"mainEntityOfPage\":{\"@id\":\"https:\/\/evertonfc.cz\/index.php\/2014\/09\/09\/pienaar-na-chatu\/\"},\"wordCount\":688,\"commentCount\":0,\"publisher\":{\"@id\":\"https:\/\/evertonfc.cz\/#organization\"},\"image\":{\"@id\":\"https:\/\/evertonfc.cz\/index.php\/2014\/09\/09\/pienaar-na-chatu\/#primaryimage\"},\"thumbnailUrl\":\"https:\/\/evertonfc.cz\/wp-content\/uploads\/2019\/01\/interview.jpg\",\"articleSection\":[\"Rozhovory\"],\"inLanguage\":\"cs\",\"potentialAction\":[{\"@type\":\"CommentAction\",\"name\":\"Comment\",\"target\":[\"https:\/\/evertonfc.cz\/index.php\/2014\/09\/09\/pienaar-na-chatu\/#respond\"]}]},{\"@type\":\"WebPage\",\"@id\":\"https:\/\/evertonfc.cz\/index.php\/2014\/09\/09\/pienaar-na-chatu\/\",\"url\":\"https:\/\/evertonfc.cz\/index.php\/2014\/09\/09\/pienaar-na-chatu\/\",\"name\":\"Pienaar na chatu - Official Czech &amp; Slovak Everton Supporters&#039; Club\",\"isPartOf\":{\"@id\":\"https:\/\/evertonfc.cz\/#website\"},\"primaryImageOfPage\":{\"@id\":\"https:\/\/evertonfc.cz\/index.php\/2014\/09\/09\/pienaar-na-chatu\/#primaryimage\"},\"image\":{\"@id\":\"https:\/\/evertonfc.cz\/index.php\/2014\/09\/09\/pienaar-na-chatu\/#primaryimage\"},\"thumbnailUrl\":\"https:\/\/evertonfc.cz\/wp-content\/uploads\/2019\/01\/interview.jpg\",\"datePublished\":\"2014-09-09T15:25:50+00:00\",\"dateModified\":\"2019-02-13T16:26:56+00:00\",\"breadcrumb\":{\"@id\":\"https:\/\/evertonfc.cz\/index.php\/2014\/09\/09\/pienaar-na-chatu\/#breadcrumb\"},\"inLanguage\":\"cs\",\"potentialAction\":[{\"@type\":\"ReadAction\",\"target\":[\"https:\/\/evertonfc.cz\/index.php\/2014\/09\/09\/pienaar-na-chatu\/\"]}]},{\"@type\":\"ImageObject\",\"inLanguage\":\"cs\",\"@id\":\"https:\/\/evertonfc.cz\/index.php\/2014\/09\/09\/pienaar-na-chatu\/#primaryimage\",\"url\":\"https:\/\/evertonfc.cz\/wp-content\/uploads\/2019\/01\/interview.jpg\",\"contentUrl\":\"https:\/\/evertonfc.cz\/wp-content\/uploads\/2019\/01\/interview.jpg\",\"width\":720,\"height\":405},{\"@type\":\"BreadcrumbList\",\"@id\":\"https:\/\/evertonfc.cz\/index.php\/2014\/09\/09\/pienaar-na-chatu\/#breadcrumb\",\"itemListElement\":[{\"@type\":\"ListItem\",\"position\":1,\"name\":\"Home\",\"item\":\"https:\/\/evertonfc.cz\/\"},{\"@type\":\"ListItem\",\"position\":2,\"name\":\"Pienaar na chatu\"}]},{\"@type\":\"WebSite\",\"@id\":\"https:\/\/evertonfc.cz\/#website\",\"url\":\"https:\/\/evertonfc.cz\/\",\"name\":\"Official Czech &amp; Slovak Everton Supporters&#039; Club\",\"description\":\"\",\"publisher\":{\"@id\":\"https:\/\/evertonfc.cz\/#organization\"},\"potentialAction\":[{\"@type\":\"SearchAction\",\"target\":{\"@type\":\"EntryPoint\",\"urlTemplate\":\"https:\/\/evertonfc.cz\/?s={search_term_string}\"},\"query-input\":{\"@type\":\"PropertyValueSpecification\",\"valueRequired\":true,\"valueName\":\"search_term_string\"}}],\"inLanguage\":\"cs\"},{\"@type\":\"Organization\",\"@id\":\"https:\/\/evertonfc.cz\/#organization\",\"name\":\"Official Czech & Slovak Everton Supporters' Club\",\"url\":\"https:\/\/evertonfc.cz\/\",\"logo\":{\"@type\":\"ImageObject\",\"inLanguage\":\"cs\",\"@id\":\"https:\/\/evertonfc.cz\/#\/schema\/logo\/image\/\",\"url\":\"https:\/\/evertonfc.cz\/wp-content\/uploads\/2019\/05\/logo.png\",\"contentUrl\":\"https:\/\/evertonfc.cz\/wp-content\/uploads\/2019\/05\/logo.png\",\"width\":112,\"height\":112,\"caption\":\"Official Czech & Slovak Everton Supporters' Club\"},\"image\":{\"@id\":\"https:\/\/evertonfc.cz\/#\/schema\/logo\/image\/\"},\"sameAs\":[\"https:\/\/www.facebook.com\/everton.fans.cz.sk\"]},{\"@type\":\"Person\",\"@id\":\"https:\/\/evertonfc.cz\/#\/schema\/person\/f7a5daedb2ffee98480bc70e191aaef1\",\"name\":\"Ri\u010di\",\"sameAs\":[\"https:\/\/x.com\/rbrejsa\"],\"url\":\"https:\/\/evertonfc.cz\/index.php\/author\/rici\/\"}]}<\/script>\n<!-- \/ Yoast SEO plugin. -->","yoast_head_json":{"title":"Pienaar na chatu - Official Czech &amp; Slovak Everton Supporters&#039; Club","robots":{"index":"index","follow":"follow","max-snippet":"max-snippet:-1","max-image-preview":"max-image-preview:large","max-video-preview":"max-video-preview:-1"},"canonical":"https:\/\/evertonfc.cz\/index.php\/2014\/09\/09\/pienaar-na-chatu\/","og_locale":"cs_CZ","og_type":"article","og_title":"Pienaar na chatu - Official Czech &amp; Slovak Everton Supporters&#039; Club","og_description":"Steven Pienaar vyu\u017eil reprezenta\u010dn\u00ed p\u0159est\u00e1vky, aby usedl za po\u010d\u00edta\u010d a prost\u0159ednictv\u00edm Twitteru odpov\u00eddal na ot\u00e1zky fanou\u0161k\u016f. Na kter\u00fd vst\u0159elen\u00fd g\u00f3l&hellip;","og_url":"https:\/\/evertonfc.cz\/index.php\/2014\/09\/09\/pienaar-na-chatu\/","og_site_name":"Official Czech &amp; Slovak Everton Supporters&#039; Club","article_publisher":"https:\/\/www.facebook.com\/everton.fans.cz.sk","article_published_time":"2014-09-09T15:25:50+00:00","article_modified_time":"2019-02-13T16:26:56+00:00","og_image":[{"width":720,"height":405,"url":"https:\/\/evertonfc.cz\/wp-content\/uploads\/2019\/01\/interview.jpg","type":"image\/jpeg"}],"author":"Ri\u010di","twitter_card":"summary_large_image","twitter_creator":"@rbrejsa","twitter_misc":{"Napsal(a)":"Ri\u010di","Odhadovan\u00e1 doba \u010dten\u00ed":"3 minuty"},"schema":{"@context":"https:\/\/schema.org","@graph":[{"@type":"Article","@id":"https:\/\/evertonfc.cz\/index.php\/2014\/09\/09\/pienaar-na-chatu\/#article","isPartOf":{"@id":"https:\/\/evertonfc.cz\/index.php\/2014\/09\/09\/pienaar-na-chatu\/"},"author":{"name":"Ri\u010di","@id":"https:\/\/evertonfc.cz\/#\/schema\/person\/f7a5daedb2ffee98480bc70e191aaef1"},"headline":"Pienaar na chatu","datePublished":"2014-09-09T15:25:50+00:00","dateModified":"2019-02-13T16:26:56+00:00","mainEntityOfPage":{"@id":"https:\/\/evertonfc.cz\/index.php\/2014\/09\/09\/pienaar-na-chatu\/"},"wordCount":688,"commentCount":0,"publisher":{"@id":"https:\/\/evertonfc.cz\/#organization"},"image":{"@id":"https:\/\/evertonfc.cz\/index.php\/2014\/09\/09\/pienaar-na-chatu\/#primaryimage"},"thumbnailUrl":"https:\/\/evertonfc.cz\/wp-content\/uploads\/2019\/01\/interview.jpg","articleSection":["Rozhovory"],"inLanguage":"cs","potentialAction":[{"@type":"CommentAction","name":"Comment","target":["https:\/\/evertonfc.cz\/index.php\/2014\/09\/09\/pienaar-na-chatu\/#respond"]}]},{"@type":"WebPage","@id":"https:\/\/evertonfc.cz\/index.php\/2014\/09\/09\/pienaar-na-chatu\/","url":"https:\/\/evertonfc.cz\/index.php\/2014\/09\/09\/pienaar-na-chatu\/","name":"Pienaar na chatu - Official Czech &amp; Slovak Everton Supporters&#039; Club","isPartOf":{"@id":"https:\/\/evertonfc.cz\/#website"},"primaryImageOfPage":{"@id":"https:\/\/evertonfc.cz\/index.php\/2014\/09\/09\/pienaar-na-chatu\/#primaryimage"},"image":{"@id":"https:\/\/evertonfc.cz\/index.php\/2014\/09\/09\/pienaar-na-chatu\/#primaryimage"},"thumbnailUrl":"https:\/\/evertonfc.cz\/wp-content\/uploads\/2019\/01\/interview.jpg","datePublished":"2014-09-09T15:25:50+00:00","dateModified":"2019-02-13T16:26:56+00:00","breadcrumb":{"@id":"https:\/\/evertonfc.cz\/index.php\/2014\/09\/09\/pienaar-na-chatu\/#breadcrumb"},"inLanguage":"cs","potentialAction":[{"@type":"ReadAction","target":["https:\/\/evertonfc.cz\/index.php\/2014\/09\/09\/pienaar-na-chatu\/"]}]},{"@type":"ImageObject","inLanguage":"cs","@id":"https:\/\/evertonfc.cz\/index.php\/2014\/09\/09\/pienaar-na-chatu\/#primaryimage","url":"https:\/\/evertonfc.cz\/wp-content\/uploads\/2019\/01\/interview.jpg","contentUrl":"https:\/\/evertonfc.cz\/wp-content\/uploads\/2019\/01\/interview.jpg","width":720,"height":405},{"@type":"BreadcrumbList","@id":"https:\/\/evertonfc.cz\/index.php\/2014\/09\/09\/pienaar-na-chatu\/#breadcrumb","itemListElement":[{"@type":"ListItem","position":1,"name":"Home","item":"https:\/\/evertonfc.cz\/"},{"@type":"ListItem","position":2,"name":"Pienaar na chatu"}]},{"@type":"WebSite","@id":"https:\/\/evertonfc.cz\/#website","url":"https:\/\/evertonfc.cz\/","name":"Official Czech &amp; Slovak Everton Supporters&#039; Club","description":"","publisher":{"@id":"https:\/\/evertonfc.cz\/#organization"},"potentialAction":[{"@type":"SearchAction","target":{"@type":"EntryPoint","urlTemplate":"https:\/\/evertonfc.cz\/?s={search_term_string}"},"query-input":{"@type":"PropertyValueSpecification","valueRequired":true,"valueName":"search_term_string"}}],"inLanguage":"cs"},{"@type":"Organization","@id":"https:\/\/evertonfc.cz\/#organization","name":"Official Czech & Slovak Everton Supporters' Club","url":"https:\/\/evertonfc.cz\/","logo":{"@type":"ImageObject","inLanguage":"cs","@id":"https:\/\/evertonfc.cz\/#\/schema\/logo\/image\/","url":"https:\/\/evertonfc.cz\/wp-content\/uploads\/2019\/05\/logo.png","contentUrl":"https:\/\/evertonfc.cz\/wp-content\/uploads\/2019\/05\/logo.png","width":112,"height":112,"caption":"Official Czech & Slovak Everton Supporters' Club"},"image":{"@id":"https:\/\/evertonfc.cz\/#\/schema\/logo\/image\/"},"sameAs":["https:\/\/www.facebook.com\/everton.fans.cz.sk"]},{"@type":"Person","@id":"https:\/\/evertonfc.cz\/#\/schema\/person\/f7a5daedb2ffee98480bc70e191aaef1","name":"Ri\u010di","sameAs":["https:\/\/x.com\/rbrejsa"],"url":"https:\/\/evertonfc.cz\/index.php\/author\/rici\/"}]}},"_links":{"self":[{"href":"https:\/\/evertonfc.cz\/index.php\/wp-json\/wp\/v2\/posts\/4644"}],"collection":[{"href":"https:\/\/evertonfc.cz\/index.php\/wp-json\/wp\/v2\/posts"}],"about":[{"href":"https:\/\/evertonfc.cz\/index.php\/wp-json\/wp\/v2\/types\/post"}],"author":[{"embeddable":true,"href":"https:\/\/evertonfc.cz\/index.php\/wp-json\/wp\/v2\/users\/6"}],"replies":[{"embeddable":true,"href":"https:\/\/evertonfc.cz\/index.php\/wp-json\/wp\/v2\/comments?post=4644"}],"version-history":[{"count":1,"href":"https:\/\/evertonfc.cz\/index.php\/wp-json\/wp\/v2\/posts\/4644\/revisions"}],"predecessor-version":[{"id":4645,"href":"https:\/\/evertonfc.cz\/index.php\/wp-json\/wp\/v2\/posts\/4644\/revisions\/4645"}],"wp:featuredmedia":[{"embeddable":true,"href":"https:\/\/evertonfc.cz\/index.php\/wp-json\/wp\/v2\/media\/1312"}],"wp:attachment":[{"href":"https:\/\/evertonfc.cz\/index.php\/wp-json\/wp\/v2\/media?parent=4644"}],"wp:term":[{"taxonomy":"category","embeddable":true,"href":"https:\/\/evertonfc.cz\/index.php\/wp-json\/wp\/v2\/categories?post=4644"},{"taxonomy":"post_tag","embeddable":true,"href":"https:\/\/evertonfc.cz\/index.php\/wp-json\/wp\/v2\/tags?post=4644"}],"curies":[{"name":"wp","href":"https:\/\/api.w.org\/{rel}","templated":true}]}}