{"id":4649,"date":"2014-09-08T17:29:49","date_gmt":"2014-09-08T15:29:49","guid":{"rendered":"http:\/\/evertonfc.cz\/?p=4649"},"modified":"2019-02-13T23:20:27","modified_gmt":"2019-02-13T22:20:27","slug":"gibson-se-vratil-na-fotbalove-travniky","status":"publish","type":"post","link":"https:\/\/evertonfc.cz\/index.php\/2014\/09\/08\/gibson-se-vratil-na-fotbalove-travniky\/","title":{"rendered":"Gibson se vr\u00e1til na fotbalov\u00e9 tr\u00e1vn\u00edky"},"content":{"rendered":"<h4 id=\"NewsPostDetailSummary\">Darron Gibson ve st\u0159edu kone\u010dn\u011b objevil na h\u0159i\u0161ti, nastoupil za irskou reprezentaci v p\u0159\u00e1telsk\u00e9m duelu a pot\u011b\u0161en\u00fd Robert Mart\u00ednez v\u011b\u0159\u00ed v z\u00e1lo\u017en\u00edk\u016fv p\u0159\u00ednos.<\/h4>\n<div id=\"NewsPostDetailContent\">\n<p>70 odehran\u00fdch minut v p\u0159\u00e1telsk\u00e9m utk\u00e1n\u00ed proti Om\u00e1nu p\u0159edstavovalo pro brzy sedmadvacetilet\u00e9ho st\u0159edopola\u0159e k\u00fd\u017een\u00fd n\u00e1vrat po 11 m\u011bs\u00ed\u010dn\u00ed absenci zavin\u011bnou p\u0159etr\u017een\u00fdmi vazy v kolen\u011b v duelu Green Army proti Kazachst\u00e1nu z \u0159\u00edjna lo\u0148sk\u00e9ho roku.<\/p>\n<p>Gibson se zapojil do p\u0159edsez\u00f3nn\u00ed p\u0159\u00edpravy Toffees, na prvn\u00ed dv\u011b kola Premier League je\u0161t\u011b ale nebyl fyzicky p\u0159ipraven, po\u017eadovan\u00e9 kondice u\u017e ale dos\u00e1hl a Roberto Mart\u00ednez mu p\u0159edpov\u00edd\u00e1 d\u016fle\u017eit\u00fd pod\u00edl na h\u0159e Evertonu: <em>\u201eJe p\u0159ipraven\u00fd op\u011bt pat\u0159it k plnohodnotn\u00fdm \u010dlen\u016fm sestavy a zanech\u00e1vat pozitivn\u00ed dojem. Pro Darrona bylo z\u00e1sadn\u00ed dostat se po dlouh\u00e9 dob\u011b zase do akce.<\/em><\/p>\n<p><em>P\u0159esto\u017ee si zahr\u00e1l jenom v p\u0159\u00e1telsk\u00e9m st\u0159etnut\u00ed, kter\u00fdkoliv start na mezin\u00e1rodn\u00ed \u00farovni se po\u010d\u00edt\u00e1. Jsem velmi, velmi spokojen. Podle m\u011b podal dobr\u00fd v\u00fdkon, s m\u00ed\u010dem na noze p\u016fsobil sebejist\u011b. T\u00fdmu pomohl \u00fato\u010dn\u00fdmi p\u0159ihr\u00e1vkami a zd\u00e1lo se mi, \u017ee se pod\u00edlel na v\u0161ech poveden\u00fdch kombinac\u00edch Irska.<\/em><\/p>\n<p><em>Rozhodn\u011b p\u016fsob\u00ed stoprocentn\u011b nachystan\u00fd obl\u00e9knout dres, jeho \u00fa\u010dast na srazu irsk\u00e9 reprezentace vn\u00edm\u00e1m hodn\u011b pozitivn\u011b. Mus\u00edme pouze spr\u00e1vn\u011b odhadnout moment, kdy Darrona poprv\u00e9 vyu\u017eijeme, n\u00e1vrat do Premier League pln\u00e9 ostr\u00e9ho tempa nen\u00ed p\u0159\u00edli\u0161 jednoduch\u00fd.\u201c<\/em><\/p>\n<p>Hr\u00e1\u010di Evertonu zanechali stopy rovn\u011b\u017e v ned\u011bln\u00edm kvalifika\u010dn\u00edm souboji Irska na p\u016fd\u011b Gruzie. Ostrovan\u00e9 zv\u00edt\u011bzili 2:1, kdy\u017e \u00favodn\u00ed branku p\u0159ipravil James McCarthy pro Aidena McGeadyho. A hbit\u00fd k\u0159\u00eddeln\u00edk rozhodl o v\u00fdsledku <a href=\"http:\/\/gfycat.com\/HarmfulFlickeringEasternglasslizard\" target=\"_blank\" rel=\"noopener\">par\u00e1dn\u00ed trefou<\/a> z 90. minuty, tentokr\u00e1t mu asistoval Seamus Coleman.<\/p>\n<p>Dal\u0161\u00ed v\u00e1\u017en\u011b zran\u011bn\u00ed Bryan Oviedo a Arouna Kon\u00e9 se zapojili do tr\u00e9ninkov\u00e9ho procesu prvn\u00edho mu\u017estva a nasko\u010dili do p\u0159\u00e1telsk\u00e9ho duelu za zav\u0159en\u00fdmi dve\u0159mi proti Stoke City. Arouna Kon\u00e9 se dokonce jednou brankou pod\u00edlel na triumfu 4:0. Oba fotbalisty d\u011bl\u00ed od zapojen\u00ed do sout\u011b\u017en\u00edho rytmu t\u0159i a\u017e \u010dty\u0159i t\u00fddny.<\/p>\n<\/div>\n","protected":false},"excerpt":{"rendered":"<p>Darron Gibson ve st\u0159edu kone\u010dn\u011b objevil na h\u0159i\u0161ti, nastoupil za irskou reprezentaci v p\u0159\u00e1telsk\u00e9m duelu a pot\u011b\u0161en\u00fd Robert Mart\u00ednez v\u011b\u0159\u00ed&hellip;<\/p>\n","protected":false},"author":6,"featured_media":1313,"comment_status":"open","ping_status":"closed","sticky":false,"template":"","format":"standard","meta":{"_eb_attr":"","_monsterinsights_skip_tracking":false,"_monsterinsights_sitenote_active":false,"_monsterinsights_sitenote_note":"","_monsterinsights_sitenote_category":0,"footnotes":""},"categories":[42],"tags":[],"yoast_head":"<!-- This site is optimized with the Yoast SEO plugin v23.4 - https:\/\/yoast.com\/wordpress\/plugins\/seo\/ -->\n<title>Gibson se vr\u00e1til na fotbalov\u00e9 tr\u00e1vn\u00edky - Official Czech &amp; Slovak Everton Supporters&#039; Club<\/title>\n<meta name=\"robots\" content=\"index, follow, max-snippet:-1, max-image-preview:large, max-video-preview:-1\" \/>\n<link rel=\"canonical\" href=\"https:\/\/evertonfc.cz\/index.php\/2014\/09\/08\/gibson-se-vratil-na-fotbalove-travniky\/\" \/>\n<meta property=\"og:locale\" content=\"cs_CZ\" \/>\n<meta property=\"og:type\" content=\"article\" \/>\n<meta property=\"og:title\" content=\"Gibson se vr\u00e1til na fotbalov\u00e9 tr\u00e1vn\u00edky - Official Czech &amp; Slovak Everton Supporters&#039; Club\" \/>\n<meta property=\"og:description\" content=\"Darron Gibson ve st\u0159edu kone\u010dn\u011b objevil na h\u0159i\u0161ti, nastoupil za irskou reprezentaci v p\u0159\u00e1telsk\u00e9m duelu a pot\u011b\u0161en\u00fd Robert Mart\u00ednez v\u011b\u0159\u00ed&hellip;\" \/>\n<meta property=\"og:url\" content=\"https:\/\/evertonfc.cz\/index.php\/2014\/09\/08\/gibson-se-vratil-na-fotbalove-travniky\/\" \/>\n<meta property=\"og:site_name\" content=\"Official Czech &amp; Slovak Everton Supporters&#039; Club\" \/>\n<meta property=\"article:publisher\" content=\"https:\/\/www.facebook.com\/everton.fans.cz.sk\" \/>\n<meta property=\"article:published_time\" content=\"2014-09-08T15:29:49+00:00\" \/>\n<meta property=\"article:modified_time\" content=\"2019-02-13T22:20:27+00:00\" \/>\n<meta property=\"og:image\" content=\"https:\/\/evertonfc.cz\/wp-content\/uploads\/2019\/01\/news.jpg\" \/>\n\t<meta property=\"og:image:width\" content=\"720\" \/>\n\t<meta property=\"og:image:height\" content=\"405\" \/>\n\t<meta property=\"og:image:type\" content=\"image\/jpeg\" \/>\n<meta name=\"author\" content=\"Ri\u010di\" \/>\n<meta name=\"twitter:card\" content=\"summary_large_image\" \/>\n<meta name=\"twitter:creator\" content=\"@rbrejsa\" \/>\n<meta name=\"twitter:label1\" content=\"Napsal(a)\" \/>\n\t<meta name=\"twitter:data1\" content=\"Ri\u010di\" \/>\n\t<meta name=\"twitter:label2\" content=\"Odhadovan\u00e1 doba \u010dten\u00ed\" \/>\n\t<meta name=\"twitter:data2\" content=\"2 minuty\" \/>\n<script type=\"application\/ld+json\" class=\"yoast-schema-graph\">{\"@context\":\"https:\/\/schema.org\",\"@graph\":[{\"@type\":\"Article\",\"@id\":\"https:\/\/evertonfc.cz\/index.php\/2014\/09\/08\/gibson-se-vratil-na-fotbalove-travniky\/#article\",\"isPartOf\":{\"@id\":\"https:\/\/evertonfc.cz\/index.php\/2014\/09\/08\/gibson-se-vratil-na-fotbalove-travniky\/\"},\"author\":{\"name\":\"Ri\u010di\",\"@id\":\"https:\/\/evertonfc.cz\/#\/schema\/person\/f7a5daedb2ffee98480bc70e191aaef1\"},\"headline\":\"Gibson se vr\u00e1til na fotbalov\u00e9 tr\u00e1vn\u00edky\",\"datePublished\":\"2014-09-08T15:29:49+00:00\",\"dateModified\":\"2019-02-13T22:20:27+00:00\",\"mainEntityOfPage\":{\"@id\":\"https:\/\/evertonfc.cz\/index.php\/2014\/09\/08\/gibson-se-vratil-na-fotbalove-travniky\/\"},\"wordCount\":405,\"commentCount\":0,\"publisher\":{\"@id\":\"https:\/\/evertonfc.cz\/#organization\"},\"image\":{\"@id\":\"https:\/\/evertonfc.cz\/index.php\/2014\/09\/08\/gibson-se-vratil-na-fotbalove-travniky\/#primaryimage\"},\"thumbnailUrl\":\"https:\/\/evertonfc.cz\/wp-content\/uploads\/2019\/01\/news.jpg\",\"articleSection\":[\"Aktuality\"],\"inLanguage\":\"cs\",\"potentialAction\":[{\"@type\":\"CommentAction\",\"name\":\"Comment\",\"target\":[\"https:\/\/evertonfc.cz\/index.php\/2014\/09\/08\/gibson-se-vratil-na-fotbalove-travniky\/#respond\"]}]},{\"@type\":\"WebPage\",\"@id\":\"https:\/\/evertonfc.cz\/index.php\/2014\/09\/08\/gibson-se-vratil-na-fotbalove-travniky\/\",\"url\":\"https:\/\/evertonfc.cz\/index.php\/2014\/09\/08\/gibson-se-vratil-na-fotbalove-travniky\/\",\"name\":\"Gibson se vr\u00e1til na fotbalov\u00e9 tr\u00e1vn\u00edky - Official Czech &amp; Slovak Everton Supporters&#039; Club\",\"isPartOf\":{\"@id\":\"https:\/\/evertonfc.cz\/#website\"},\"primaryImageOfPage\":{\"@id\":\"https:\/\/evertonfc.cz\/index.php\/2014\/09\/08\/gibson-se-vratil-na-fotbalove-travniky\/#primaryimage\"},\"image\":{\"@id\":\"https:\/\/evertonfc.cz\/index.php\/2014\/09\/08\/gibson-se-vratil-na-fotbalove-travniky\/#primaryimage\"},\"thumbnailUrl\":\"https:\/\/evertonfc.cz\/wp-content\/uploads\/2019\/01\/news.jpg\",\"datePublished\":\"2014-09-08T15:29:49+00:00\",\"dateModified\":\"2019-02-13T22:20:27+00:00\",\"breadcrumb\":{\"@id\":\"https:\/\/evertonfc.cz\/index.php\/2014\/09\/08\/gibson-se-vratil-na-fotbalove-travniky\/#breadcrumb\"},\"inLanguage\":\"cs\",\"potentialAction\":[{\"@type\":\"ReadAction\",\"target\":[\"https:\/\/evertonfc.cz\/index.php\/2014\/09\/08\/gibson-se-vratil-na-fotbalove-travniky\/\"]}]},{\"@type\":\"ImageObject\",\"inLanguage\":\"cs\",\"@id\":\"https:\/\/evertonfc.cz\/index.php\/2014\/09\/08\/gibson-se-vratil-na-fotbalove-travniky\/#primaryimage\",\"url\":\"https:\/\/evertonfc.cz\/wp-content\/uploads\/2019\/01\/news.jpg\",\"contentUrl\":\"https:\/\/evertonfc.cz\/wp-content\/uploads\/2019\/01\/news.jpg\",\"width\":720,\"height\":405},{\"@type\":\"BreadcrumbList\",\"@id\":\"https:\/\/evertonfc.cz\/index.php\/2014\/09\/08\/gibson-se-vratil-na-fotbalove-travniky\/#breadcrumb\",\"itemListElement\":[{\"@type\":\"ListItem\",\"position\":1,\"name\":\"Home\",\"item\":\"https:\/\/evertonfc.cz\/\"},{\"@type\":\"ListItem\",\"position\":2,\"name\":\"Gibson se vr\u00e1til na fotbalov\u00e9 tr\u00e1vn\u00edky\"}]},{\"@type\":\"WebSite\",\"@id\":\"https:\/\/evertonfc.cz\/#website\",\"url\":\"https:\/\/evertonfc.cz\/\",\"name\":\"Official Czech &amp; Slovak Everton Supporters&#039; Club\",\"description\":\"\",\"publisher\":{\"@id\":\"https:\/\/evertonfc.cz\/#organization\"},\"potentialAction\":[{\"@type\":\"SearchAction\",\"target\":{\"@type\":\"EntryPoint\",\"urlTemplate\":\"https:\/\/evertonfc.cz\/?s={search_term_string}\"},\"query-input\":{\"@type\":\"PropertyValueSpecification\",\"valueRequired\":true,\"valueName\":\"search_term_string\"}}],\"inLanguage\":\"cs\"},{\"@type\":\"Organization\",\"@id\":\"https:\/\/evertonfc.cz\/#organization\",\"name\":\"Official Czech & Slovak Everton Supporters' Club\",\"url\":\"https:\/\/evertonfc.cz\/\",\"logo\":{\"@type\":\"ImageObject\",\"inLanguage\":\"cs\",\"@id\":\"https:\/\/evertonfc.cz\/#\/schema\/logo\/image\/\",\"url\":\"https:\/\/evertonfc.cz\/wp-content\/uploads\/2019\/05\/logo.png\",\"contentUrl\":\"https:\/\/evertonfc.cz\/wp-content\/uploads\/2019\/05\/logo.png\",\"width\":112,\"height\":112,\"caption\":\"Official Czech & Slovak Everton Supporters' Club\"},\"image\":{\"@id\":\"https:\/\/evertonfc.cz\/#\/schema\/logo\/image\/\"},\"sameAs\":[\"https:\/\/www.facebook.com\/everton.fans.cz.sk\"]},{\"@type\":\"Person\",\"@id\":\"https:\/\/evertonfc.cz\/#\/schema\/person\/f7a5daedb2ffee98480bc70e191aaef1\",\"name\":\"Ri\u010di\",\"sameAs\":[\"https:\/\/x.com\/rbrejsa\"],\"url\":\"https:\/\/evertonfc.cz\/index.php\/author\/rici\/\"}]}<\/script>\n<!-- \/ Yoast SEO plugin. -->","yoast_head_json":{"title":"Gibson se vr\u00e1til na fotbalov\u00e9 tr\u00e1vn\u00edky - Official Czech &amp; Slovak Everton Supporters&#039; Club","robots":{"index":"index","follow":"follow","max-snippet":"max-snippet:-1","max-image-preview":"max-image-preview:large","max-video-preview":"max-video-preview:-1"},"canonical":"https:\/\/evertonfc.cz\/index.php\/2014\/09\/08\/gibson-se-vratil-na-fotbalove-travniky\/","og_locale":"cs_CZ","og_type":"article","og_title":"Gibson se vr\u00e1til na fotbalov\u00e9 tr\u00e1vn\u00edky - Official Czech &amp; Slovak Everton Supporters&#039; Club","og_description":"Darron Gibson ve st\u0159edu kone\u010dn\u011b objevil na h\u0159i\u0161ti, nastoupil za irskou reprezentaci v p\u0159\u00e1telsk\u00e9m duelu a pot\u011b\u0161en\u00fd Robert Mart\u00ednez v\u011b\u0159\u00ed&hellip;","og_url":"https:\/\/evertonfc.cz\/index.php\/2014\/09\/08\/gibson-se-vratil-na-fotbalove-travniky\/","og_site_name":"Official Czech &amp; Slovak Everton Supporters&#039; Club","article_publisher":"https:\/\/www.facebook.com\/everton.fans.cz.sk","article_published_time":"2014-09-08T15:29:49+00:00","article_modified_time":"2019-02-13T22:20:27+00:00","og_image":[{"width":720,"height":405,"url":"https:\/\/evertonfc.cz\/wp-content\/uploads\/2019\/01\/news.jpg","type":"image\/jpeg"}],"author":"Ri\u010di","twitter_card":"summary_large_image","twitter_creator":"@rbrejsa","twitter_misc":{"Napsal(a)":"Ri\u010di","Odhadovan\u00e1 doba \u010dten\u00ed":"2 minuty"},"schema":{"@context":"https:\/\/schema.org","@graph":[{"@type":"Article","@id":"https:\/\/evertonfc.cz\/index.php\/2014\/09\/08\/gibson-se-vratil-na-fotbalove-travniky\/#article","isPartOf":{"@id":"https:\/\/evertonfc.cz\/index.php\/2014\/09\/08\/gibson-se-vratil-na-fotbalove-travniky\/"},"author":{"name":"Ri\u010di","@id":"https:\/\/evertonfc.cz\/#\/schema\/person\/f7a5daedb2ffee98480bc70e191aaef1"},"headline":"Gibson se vr\u00e1til na fotbalov\u00e9 tr\u00e1vn\u00edky","datePublished":"2014-09-08T15:29:49+00:00","dateModified":"2019-02-13T22:20:27+00:00","mainEntityOfPage":{"@id":"https:\/\/evertonfc.cz\/index.php\/2014\/09\/08\/gibson-se-vratil-na-fotbalove-travniky\/"},"wordCount":405,"commentCount":0,"publisher":{"@id":"https:\/\/evertonfc.cz\/#organization"},"image":{"@id":"https:\/\/evertonfc.cz\/index.php\/2014\/09\/08\/gibson-se-vratil-na-fotbalove-travniky\/#primaryimage"},"thumbnailUrl":"https:\/\/evertonfc.cz\/wp-content\/uploads\/2019\/01\/news.jpg","articleSection":["Aktuality"],"inLanguage":"cs","potentialAction":[{"@type":"CommentAction","name":"Comment","target":["https:\/\/evertonfc.cz\/index.php\/2014\/09\/08\/gibson-se-vratil-na-fotbalove-travniky\/#respond"]}]},{"@type":"WebPage","@id":"https:\/\/evertonfc.cz\/index.php\/2014\/09\/08\/gibson-se-vratil-na-fotbalove-travniky\/","url":"https:\/\/evertonfc.cz\/index.php\/2014\/09\/08\/gibson-se-vratil-na-fotbalove-travniky\/","name":"Gibson se vr\u00e1til na fotbalov\u00e9 tr\u00e1vn\u00edky - Official Czech &amp; Slovak Everton Supporters&#039; Club","isPartOf":{"@id":"https:\/\/evertonfc.cz\/#website"},"primaryImageOfPage":{"@id":"https:\/\/evertonfc.cz\/index.php\/2014\/09\/08\/gibson-se-vratil-na-fotbalove-travniky\/#primaryimage"},"image":{"@id":"https:\/\/evertonfc.cz\/index.php\/2014\/09\/08\/gibson-se-vratil-na-fotbalove-travniky\/#primaryimage"},"thumbnailUrl":"https:\/\/evertonfc.cz\/wp-content\/uploads\/2019\/01\/news.jpg","datePublished":"2014-09-08T15:29:49+00:00","dateModified":"2019-02-13T22:20:27+00:00","breadcrumb":{"@id":"https:\/\/evertonfc.cz\/index.php\/2014\/09\/08\/gibson-se-vratil-na-fotbalove-travniky\/#breadcrumb"},"inLanguage":"cs","potentialAction":[{"@type":"ReadAction","target":["https:\/\/evertonfc.cz\/index.php\/2014\/09\/08\/gibson-se-vratil-na-fotbalove-travniky\/"]}]},{"@type":"ImageObject","inLanguage":"cs","@id":"https:\/\/evertonfc.cz\/index.php\/2014\/09\/08\/gibson-se-vratil-na-fotbalove-travniky\/#primaryimage","url":"https:\/\/evertonfc.cz\/wp-content\/uploads\/2019\/01\/news.jpg","contentUrl":"https:\/\/evertonfc.cz\/wp-content\/uploads\/2019\/01\/news.jpg","width":720,"height":405},{"@type":"BreadcrumbList","@id":"https:\/\/evertonfc.cz\/index.php\/2014\/09\/08\/gibson-se-vratil-na-fotbalove-travniky\/#breadcrumb","itemListElement":[{"@type":"ListItem","position":1,"name":"Home","item":"https:\/\/evertonfc.cz\/"},{"@type":"ListItem","position":2,"name":"Gibson se vr\u00e1til na fotbalov\u00e9 tr\u00e1vn\u00edky"}]},{"@type":"WebSite","@id":"https:\/\/evertonfc.cz\/#website","url":"https:\/\/evertonfc.cz\/","name":"Official Czech &amp; Slovak Everton Supporters&#039; Club","description":"","publisher":{"@id":"https:\/\/evertonfc.cz\/#organization"},"potentialAction":[{"@type":"SearchAction","target":{"@type":"EntryPoint","urlTemplate":"https:\/\/evertonfc.cz\/?s={search_term_string}"},"query-input":{"@type":"PropertyValueSpecification","valueRequired":true,"valueName":"search_term_string"}}],"inLanguage":"cs"},{"@type":"Organization","@id":"https:\/\/evertonfc.cz\/#organization","name":"Official Czech & Slovak Everton Supporters' Club","url":"https:\/\/evertonfc.cz\/","logo":{"@type":"ImageObject","inLanguage":"cs","@id":"https:\/\/evertonfc.cz\/#\/schema\/logo\/image\/","url":"https:\/\/evertonfc.cz\/wp-content\/uploads\/2019\/05\/logo.png","contentUrl":"https:\/\/evertonfc.cz\/wp-content\/uploads\/2019\/05\/logo.png","width":112,"height":112,"caption":"Official Czech & Slovak Everton Supporters' Club"},"image":{"@id":"https:\/\/evertonfc.cz\/#\/schema\/logo\/image\/"},"sameAs":["https:\/\/www.facebook.com\/everton.fans.cz.sk"]},{"@type":"Person","@id":"https:\/\/evertonfc.cz\/#\/schema\/person\/f7a5daedb2ffee98480bc70e191aaef1","name":"Ri\u010di","sameAs":["https:\/\/x.com\/rbrejsa"],"url":"https:\/\/evertonfc.cz\/index.php\/author\/rici\/"}]}},"_links":{"self":[{"href":"https:\/\/evertonfc.cz\/index.php\/wp-json\/wp\/v2\/posts\/4649"}],"collection":[{"href":"https:\/\/evertonfc.cz\/index.php\/wp-json\/wp\/v2\/posts"}],"about":[{"href":"https:\/\/evertonfc.cz\/index.php\/wp-json\/wp\/v2\/types\/post"}],"author":[{"embeddable":true,"href":"https:\/\/evertonfc.cz\/index.php\/wp-json\/wp\/v2\/users\/6"}],"replies":[{"embeddable":true,"href":"https:\/\/evertonfc.cz\/index.php\/wp-json\/wp\/v2\/comments?post=4649"}],"version-history":[{"count":3,"href":"https:\/\/evertonfc.cz\/index.php\/wp-json\/wp\/v2\/posts\/4649\/revisions"}],"predecessor-version":[{"id":4911,"href":"https:\/\/evertonfc.cz\/index.php\/wp-json\/wp\/v2\/posts\/4649\/revisions\/4911"}],"wp:featuredmedia":[{"embeddable":true,"href":"https:\/\/evertonfc.cz\/index.php\/wp-json\/wp\/v2\/media\/1313"}],"wp:attachment":[{"href":"https:\/\/evertonfc.cz\/index.php\/wp-json\/wp\/v2\/media?parent=4649"}],"wp:term":[{"taxonomy":"category","embeddable":true,"href":"https:\/\/evertonfc.cz\/index.php\/wp-json\/wp\/v2\/categories?post=4649"},{"taxonomy":"post_tag","embeddable":true,"href":"https:\/\/evertonfc.cz\/index.php\/wp-json\/wp\/v2\/tags?post=4649"}],"curies":[{"name":"wp","href":"https:\/\/api.w.org\/{rel}","templated":true}]}}