{"id":4653,"date":"2014-08-30T17:47:25","date_gmt":"2014-08-30T15:47:25","guid":{"rendered":"http:\/\/evertonfc.cz\/?p=4653"},"modified":"2019-02-13T23:22:47","modified_gmt":"2019-02-13T22:22:47","slug":"everton-chelsea-36","status":"publish","type":"post","link":"https:\/\/evertonfc.cz\/index.php\/2014\/08\/30\/everton-chelsea-36\/","title":{"rendered":"Everton &#8211; Chelsea 3:6"},"content":{"rendered":"<h4 id=\"NewsPostDetailSummary\">Neschopnost br\u00e1nit zap\u0159\u00ed\u010dinila vysokou prohru v z\u00e1pase, kdy ob\u011bma t\u00fdm\u016fm \u0161el v\u00fdrazn\u011b l\u00e9pe \u00fatok.<\/h4>\n<div id=\"NewsPostDetailContent\">\n<p>Everton k z\u00e1pasu nastoupil v o\u010dek\u00e1van\u00e9 sestav\u011b, jedinou zm\u011bnou tedy bylo nahrazen\u00ed Pienaara McGeadym na lev\u00e9 stran\u011b z\u00e1lohy. Proto\u017ee nemohl hr\u00e1t Atsu, tak jeho m\u00edsto na lavi\u010dce n\u00e1hradn\u00edk\u016f zaujal Samuel Eto\u00b4o.<\/p>\n<p>A za\u010dalo se zostra. Chelsea se ujala veden\u00ed hned ze sv\u00e9ho prvn\u00edho \u00fatoku v cel\u00e9m z\u00e1pase. Fabregas poslal p\u0159ihr\u00e1vku mezi Distina s Bainesem, kte\u0159\u00ed pro tento \u00fa\u010del vytvo\u0159ili d\u00e1lnici pro Diega Costu. Ten takov\u00e9 nab\u00eddky neodm\u00edt\u00e9 a host\u00e9 vedli 1:0 u\u017e v 35. vte\u0159in\u011b. Brzy bylo je\u0161t\u011b h\u016f\u0159e. Druh\u00fd \u00fatok=druh\u00e1 branka. Ramires a Costa zakombinovali na lev\u00e9 stran\u011b velk\u00e9ho v\u00e1pna Evertonu a druh\u00fd jmenovan\u00fd vyslal do \u0161ance Ivanovi\u010de. Ten na dva doteky st\u0159elou po zemi ke vzd\u00e1len\u011bj\u0161\u00ed ty\u010di zav\u011bsil. A\u010dkoliv t\u00e9m\u011b\u0159 kompletn\u00ed obrana dom\u00e1c\u00edch spr\u00e1vn\u011b signalizovala ofsajd, tak branka byla uzn\u00e1na. To je\u0161t\u011b neub\u011bhla t\u0159et\u00ed minuta&#8230;<\/p>\n<p>Dom\u00e1ci byli trochu ot\u0159eseni, ale p\u0159esto za\u010dali Chelsea tla\u010dit. V dev\u00e1t\u00e9 minut\u011b byla Howardovi odpu\u0161t\u011bn\u00e1 \u010derven\u00e1 karta za chycen\u00ed m\u00ed\u010de mimo velk\u00e9 v\u00e1pno. Po \u010dtvrthodin\u011b hry trefil hlavou b\u0159evno Lukaku a Distinova dor\u00e1\u017eka nebyla uzn\u00e1na kv\u016fli ofsajdu. Kr\u00e1tce pot\u00e9 z oto\u010dky trefil Naismith t\u011bsn\u011b vedle. Toffees byli lehce aktivn\u011bj\u0161\u00edm t\u00fdmem, ale Abramovi\u010d\u016fv t\u00fdm si nenechal uj\u00edt jedinou p\u0159\u00edle\u017eitost k prot\u00fatoku, tak\u017ee div\u00e1ci sledovali vyrovnan\u00e9 utk\u00e1n\u00ed.<\/p>\n<p>A v 45. minut\u011b se do\u010dkal i Everton, McGeady p\u0159ihr\u00e1l doprava Colemanovi a jeho p\u0159esn\u00fd centr vyu\u017eil ke sn\u00ed\u017een\u00ed hlavou Mirallas, kdy\u017e se mu povedlo asi sedm metr\u016f od br\u00e1ny p\u0159edsko\u010dit Cahilla. Dom\u00e1ci tak i ve t\u0159et\u00edm ligov\u00e9m utk\u00e1n\u00ed sez\u00f3ny vst\u0159elili branku v posledn\u00ed minut\u011b prvn\u00ed p\u016fle.<\/p>\n<p>Druh\u00e1 perioda za\u010dala n\u00e1porem Evertonu, ale jak u\u017e to tak b\u00fdv\u00e1, kdy\u017e se jeden sna\u017e\u00ed vyrovnat, m\u00e1 druh\u00fd voln\u00e9 pole p\u016fsobnosti vep\u0159edu. Tak se stalo, \u017ee se Diego Costa (op\u011bt) dostal zo\u010di vo\u010di Howardovi a ten musel pouze jednobrankovou ztr\u00e1tu zachra\u0148ovat asi nejlep\u0161\u00edm brank\u00e1\u0159sk\u00fdm z\u00e1krokem utk\u00e1n\u00ed, povedlo se mu vyrazit m\u00ed\u010d na roh. Z n\u011bj hlavi\u010dkoval do st\u0159edy branky Terry, tentokr\u00e1t vousat\u00fd Ameri\u010dan se z\u00e1krokem probl\u00e9m nem\u011bl. N\u00e1sledn\u011b se chvilku po\u0161\u0165uchovali Coleman a Costa, rozhod\u010d\u00ed to vy\u0159e\u0161il \u017elutou kartou pro \u0161pan\u011blsk\u00e9ho \u00fato\u010dn\u00edka.<\/p>\n<p>V 67. minut\u011b Chelsea zv\u00fd\u0161ila na dvoubrankov\u00fd n\u00e1skok. M\u00ed\u010d u lev\u00e9 postrann\u00ed \u010d\u00e1ry p\u0159ebral Hazard, bezprobl\u00e9mov\u011b obe\u0161el McCarthyho a jeho p\u0159ihr\u00e1vku srazil do br\u00e1ny ne\u0161\u0165astn\u00fdm skluzem Coleman. Howard nechal u sv\u00e9 ty\u010de m\u00edsto tak akor\u00e1t na m\u00ed\u010d.. Americk\u00fd brank\u00e1\u0159 si hned po brance n\u011bco vy\u0159izoval s Azpilicuetou a Costou, nakonec mu rozhod\u010d\u00ed Moss ud\u011blil za tohle chov\u00e1n\u00ed karetn\u00ed napomenut\u00ed.<\/p>\n<p>Odpov\u011b\u010f byla tenokr\u00e1t rychl\u00e1. P\u0159ed McGeadym se obrana Chelsea rozestoupila jako Rud\u00e9 mo\u0159e p\u0159ed Moj\u017e\u00ed\u0161em a Naismith si kr\u00e1sn\u011b nab\u011bhl. Dostal p\u0159ihr\u00e1vku v\u010das a \u0161ajtl\u00ed ke vzd\u00e1len\u011bj\u0161\u00ed ty\u010di nedal Courtoisovi \u0161anci. T\u0159et\u00ed branka pro skotsk\u00e9ho blon\u010f\u00e1ka ve t\u0159ech z\u00e1pasech. Sn\u00ed\u017eeno tedy na 2:3. To byla posledn\u00ed v\u011bc, kterou McGeady v tomhle z\u00e1pase ud\u011blal, proto\u017ee ho hned pot\u00e9 vyst\u0159\u00eddal Eto\u00b4o, kter\u00fd nastoupil ke sv\u00e9mu prvn\u00edmu z\u00e1pasu za Everton.<\/p>\n<p>Chelsea si ale \u0159ekla, \u017ee veden\u00ed o dva g\u00f3ly se j\u00ed dneska l\u00edb\u00ed a op\u011bt se ho ujala o p\u011bt minut pozd\u011bji. Mati\u010d dostal p\u0159ihr\u00e1vku kousek p\u0159ed velk\u00fdm v\u00e1pnem a jeho st\u0159ela skon\u010dila po te\u010di Jagielkovy kopa\u010dky u ty\u010de &#8211; 2:4. Op\u011bt se st\u0159ed obrany Evetonu nevyznamenal. Za dal\u0161\u00ed dv\u011b minuty z\u00edskali Toffees trestn\u00fd kop a po Bainesov\u011b centru se trefil op\u011bt hlavou k ty\u010di Eto\u00b4o. Byl na tr\u00e1vn\u00edku \u0161est minut..<\/p>\n<p>3:4 a brankov\u00fd konec z\u00e1pasu? Ale kde\u017ee.. Tentokr\u00e1t byl na \u0159ad\u011b se zakon\u010den\u00edm Ramires po p\u0159ihr\u00e1vce Mati\u010de, kdy\u017e se Chelsea poda\u0159ilo p\u0159ekombinovat levou stranu obrany dom\u00e1c\u00edch. Prvn\u00ed branka soupe\u0159e, kter\u00e1 se d\u00e1 pova\u017eovat za vypracovanou. Posledn\u00ed \u0161anci dom\u00e1c\u00edch v tomto z\u00e1pase m\u011bl Mirallas, kdy po skute\u010dn\u011b kr\u00e1sn\u00e9 kombinaci vyzkou\u0161el st\u0159elou z prvn\u00ed pozornost sv\u00e9ho reprezenta\u010dn\u00edho kolegy Courtoise, ale tomu se s pomoc\u00ed ty\u010de poda\u0159ilo vyt\u00e1hnout m\u00ed\u010d na roh.<\/p>\n<p>V tomto z\u00e1pase st\u0159\u00eddali v dresu Evertonu dva debutanti &#8211; Eto\u00b4o a Besi\u010d. Oba nezapomenou. Eto\u00b4o proto, \u017ee vst\u0159elil branku, Besi\u010d proto, \u017ee ji zavinil. Jeho pati\u010dku vystihl Drogba, \u00a0p\u0159ihr\u00e1l Costovi, kter\u00fd \u0161el s\u00e1m na brank\u00e1\u0159e, ud\u011blal mu kli\u010dku a poslal m\u00ed\u010d do pr\u00e1zdn\u00e9 br\u00e1ny. Distin se sv\u00fdm skluzem p\u0159i\u0161el pozd\u011b, co\u017e bylo charakteristick\u00e9 pro obranu t\u00fdmu v modr\u00fdch dresech v tomto z\u00e1pase.<\/p>\n<p>A proto\u017ee posledn\u00edch \u0161est minut nastaven\u00ed u\u017e g\u00f3l nep\u0159ineslo, tak si Chelsea odv\u00e1\u017e\u00ed z Goodison Parku t\u0159i body po v\u00fdrazn\u00e9m v\u00edt\u011bzstv\u00ed o t\u0159i branky. Martinez tak m\u00e1 o reprezenta\u010dn\u00ed pauze nad \u010d\u00edm p\u0159em\u00fd\u0161let, hlavn\u011b nad obranou.<\/p>\n<p><strong>Branky:<\/strong> 45. Kevin Mirallas, 69. Steven Naismith, 76. Samuel Eto&#8217;o &#8211; 1. a 90. Diego Costa, 3. Branislav Ivanovi\u0107, 67. Seamus Coleman (vl.), 74. Nemanja Mati\u0107, 78. Ramires<br \/>\n<strong>\u017dK:<\/strong> 69. Tim Howard &#8211; 56. Diego Costa, 65. Ramires, 82. Cesc F\u00e0bregas<br \/>\n<strong>Everton FC: <\/strong>Tim Howard, Leighton Baines, Phil Jagielka, Sylvain Distin, Seamus Coleman, James McCarthy, Kevin Mirallas, Steven Naismith, Aiden McGeady (70. Samuel Eto&#8217;o), Gareth Barry, Romelu Lukaku (89. Muhamed Be\u0161i\u0107)<br \/>\n<strong>Chelsea FC: <\/strong>Thibaut Courtois, Branislav Ivanovi\u0107, Gary Cahill, John Terry, C\u00e9sar Azpilicueta, Cesc F\u00e0bregas (89. Didier Drogba), Ramires, Eden Hazard (83. Filipe Lu\u00eds), Nemanja Mati\u0107, Willian (76. John Obi Mikel), Diego Costa<br \/>\n<strong>Rozhod\u010d\u00ed:<\/strong> Jonathan Moss<br \/>\n<strong>Div\u00e1ci:<\/strong> 39 402<\/p>\n<\/div>\n","protected":false},"excerpt":{"rendered":"<p>Neschopnost br\u00e1nit zap\u0159\u00ed\u010dinila vysokou prohru v z\u00e1pase, kdy ob\u011bma t\u00fdm\u016fm \u0161el v\u00fdrazn\u011b l\u00e9pe \u00fatok. Everton k z\u00e1pasu nastoupil v o\u010dek\u00e1van\u00e9&hellip;<\/p>\n","protected":false},"author":12,"featured_media":1315,"comment_status":"open","ping_status":"closed","sticky":false,"template":"","format":"standard","meta":{"_eb_attr":"","_monsterinsights_skip_tracking":false,"_monsterinsights_sitenote_active":false,"_monsterinsights_sitenote_note":"","_monsterinsights_sitenote_category":0,"footnotes":""},"categories":[4],"tags":[],"yoast_head":"<!-- This site is optimized with the Yoast SEO plugin v23.4 - https:\/\/yoast.com\/wordpress\/plugins\/seo\/ -->\n<title>Everton - Chelsea 3:6 - Official Czech &amp; Slovak Everton Supporters&#039; Club<\/title>\n<meta name=\"robots\" content=\"index, follow, max-snippet:-1, max-image-preview:large, max-video-preview:-1\" \/>\n<link rel=\"canonical\" href=\"https:\/\/evertonfc.cz\/index.php\/2014\/08\/30\/everton-chelsea-36\/\" \/>\n<meta property=\"og:locale\" content=\"cs_CZ\" \/>\n<meta property=\"og:type\" content=\"article\" \/>\n<meta property=\"og:title\" content=\"Everton - Chelsea 3:6 - Official Czech &amp; Slovak Everton Supporters&#039; Club\" \/>\n<meta property=\"og:description\" content=\"Neschopnost br\u00e1nit zap\u0159\u00ed\u010dinila vysokou prohru v z\u00e1pase, kdy ob\u011bma t\u00fdm\u016fm \u0161el v\u00fdrazn\u011b l\u00e9pe \u00fatok. Everton k z\u00e1pasu nastoupil v o\u010dek\u00e1van\u00e9&hellip;\" \/>\n<meta property=\"og:url\" content=\"https:\/\/evertonfc.cz\/index.php\/2014\/08\/30\/everton-chelsea-36\/\" \/>\n<meta property=\"og:site_name\" content=\"Official Czech &amp; Slovak Everton Supporters&#039; Club\" \/>\n<meta property=\"article:publisher\" content=\"https:\/\/www.facebook.com\/everton.fans.cz.sk\" \/>\n<meta property=\"article:published_time\" content=\"2014-08-30T15:47:25+00:00\" \/>\n<meta property=\"article:modified_time\" content=\"2019-02-13T22:22:47+00:00\" \/>\n<meta property=\"og:image\" content=\"https:\/\/evertonfc.cz\/wp-content\/uploads\/2019\/01\/report.jpg\" \/>\n\t<meta property=\"og:image:width\" content=\"720\" \/>\n\t<meta property=\"og:image:height\" content=\"405\" \/>\n\t<meta property=\"og:image:type\" content=\"image\/jpeg\" \/>\n<meta name=\"author\" content=\"Javor\" \/>\n<meta name=\"twitter:card\" content=\"summary_large_image\" \/>\n<meta name=\"twitter:creator\" content=\"@LoudinJan\" \/>\n<meta name=\"twitter:label1\" content=\"Napsal(a)\" \/>\n\t<meta name=\"twitter:data1\" content=\"Javor\" \/>\n\t<meta name=\"twitter:label2\" content=\"Odhadovan\u00e1 doba \u010dten\u00ed\" \/>\n\t<meta name=\"twitter:data2\" content=\"5 minut\" \/>\n<script type=\"application\/ld+json\" class=\"yoast-schema-graph\">{\"@context\":\"https:\/\/schema.org\",\"@graph\":[{\"@type\":\"Article\",\"@id\":\"https:\/\/evertonfc.cz\/index.php\/2014\/08\/30\/everton-chelsea-36\/#article\",\"isPartOf\":{\"@id\":\"https:\/\/evertonfc.cz\/index.php\/2014\/08\/30\/everton-chelsea-36\/\"},\"author\":{\"name\":\"Javor\",\"@id\":\"https:\/\/evertonfc.cz\/#\/schema\/person\/b30daf6a5852f4811f8207a17ec1bf78\"},\"headline\":\"Everton &#8211; Chelsea 3:6\",\"datePublished\":\"2014-08-30T15:47:25+00:00\",\"dateModified\":\"2019-02-13T22:22:47+00:00\",\"mainEntityOfPage\":{\"@id\":\"https:\/\/evertonfc.cz\/index.php\/2014\/08\/30\/everton-chelsea-36\/\"},\"wordCount\":1048,\"commentCount\":0,\"publisher\":{\"@id\":\"https:\/\/evertonfc.cz\/#organization\"},\"image\":{\"@id\":\"https:\/\/evertonfc.cz\/index.php\/2014\/08\/30\/everton-chelsea-36\/#primaryimage\"},\"thumbnailUrl\":\"https:\/\/evertonfc.cz\/wp-content\/uploads\/2019\/01\/report.jpg\",\"articleSection\":[\"Z\u00e1pasy\"],\"inLanguage\":\"cs\",\"potentialAction\":[{\"@type\":\"CommentAction\",\"name\":\"Comment\",\"target\":[\"https:\/\/evertonfc.cz\/index.php\/2014\/08\/30\/everton-chelsea-36\/#respond\"]}]},{\"@type\":\"WebPage\",\"@id\":\"https:\/\/evertonfc.cz\/index.php\/2014\/08\/30\/everton-chelsea-36\/\",\"url\":\"https:\/\/evertonfc.cz\/index.php\/2014\/08\/30\/everton-chelsea-36\/\",\"name\":\"Everton - Chelsea 3:6 - Official Czech &amp; Slovak Everton Supporters&#039; Club\",\"isPartOf\":{\"@id\":\"https:\/\/evertonfc.cz\/#website\"},\"primaryImageOfPage\":{\"@id\":\"https:\/\/evertonfc.cz\/index.php\/2014\/08\/30\/everton-chelsea-36\/#primaryimage\"},\"image\":{\"@id\":\"https:\/\/evertonfc.cz\/index.php\/2014\/08\/30\/everton-chelsea-36\/#primaryimage\"},\"thumbnailUrl\":\"https:\/\/evertonfc.cz\/wp-content\/uploads\/2019\/01\/report.jpg\",\"datePublished\":\"2014-08-30T15:47:25+00:00\",\"dateModified\":\"2019-02-13T22:22:47+00:00\",\"breadcrumb\":{\"@id\":\"https:\/\/evertonfc.cz\/index.php\/2014\/08\/30\/everton-chelsea-36\/#breadcrumb\"},\"inLanguage\":\"cs\",\"potentialAction\":[{\"@type\":\"ReadAction\",\"target\":[\"https:\/\/evertonfc.cz\/index.php\/2014\/08\/30\/everton-chelsea-36\/\"]}]},{\"@type\":\"ImageObject\",\"inLanguage\":\"cs\",\"@id\":\"https:\/\/evertonfc.cz\/index.php\/2014\/08\/30\/everton-chelsea-36\/#primaryimage\",\"url\":\"https:\/\/evertonfc.cz\/wp-content\/uploads\/2019\/01\/report.jpg\",\"contentUrl\":\"https:\/\/evertonfc.cz\/wp-content\/uploads\/2019\/01\/report.jpg\",\"width\":720,\"height\":405},{\"@type\":\"BreadcrumbList\",\"@id\":\"https:\/\/evertonfc.cz\/index.php\/2014\/08\/30\/everton-chelsea-36\/#breadcrumb\",\"itemListElement\":[{\"@type\":\"ListItem\",\"position\":1,\"name\":\"Home\",\"item\":\"https:\/\/evertonfc.cz\/\"},{\"@type\":\"ListItem\",\"position\":2,\"name\":\"Everton &#8211; Chelsea 3:6\"}]},{\"@type\":\"WebSite\",\"@id\":\"https:\/\/evertonfc.cz\/#website\",\"url\":\"https:\/\/evertonfc.cz\/\",\"name\":\"Official Czech &amp; Slovak Everton Supporters&#039; Club\",\"description\":\"\",\"publisher\":{\"@id\":\"https:\/\/evertonfc.cz\/#organization\"},\"potentialAction\":[{\"@type\":\"SearchAction\",\"target\":{\"@type\":\"EntryPoint\",\"urlTemplate\":\"https:\/\/evertonfc.cz\/?s={search_term_string}\"},\"query-input\":{\"@type\":\"PropertyValueSpecification\",\"valueRequired\":true,\"valueName\":\"search_term_string\"}}],\"inLanguage\":\"cs\"},{\"@type\":\"Organization\",\"@id\":\"https:\/\/evertonfc.cz\/#organization\",\"name\":\"Official Czech & Slovak Everton Supporters' Club\",\"url\":\"https:\/\/evertonfc.cz\/\",\"logo\":{\"@type\":\"ImageObject\",\"inLanguage\":\"cs\",\"@id\":\"https:\/\/evertonfc.cz\/#\/schema\/logo\/image\/\",\"url\":\"https:\/\/evertonfc.cz\/wp-content\/uploads\/2019\/05\/logo.png\",\"contentUrl\":\"https:\/\/evertonfc.cz\/wp-content\/uploads\/2019\/05\/logo.png\",\"width\":112,\"height\":112,\"caption\":\"Official Czech & Slovak Everton Supporters' Club\"},\"image\":{\"@id\":\"https:\/\/evertonfc.cz\/#\/schema\/logo\/image\/\"},\"sameAs\":[\"https:\/\/www.facebook.com\/everton.fans.cz.sk\"]},{\"@type\":\"Person\",\"@id\":\"https:\/\/evertonfc.cz\/#\/schema\/person\/b30daf6a5852f4811f8207a17ec1bf78\",\"name\":\"Javor\",\"sameAs\":[\"https:\/\/x.com\/LoudinJan\"],\"url\":\"https:\/\/evertonfc.cz\/index.php\/author\/javor\/\"}]}<\/script>\n<!-- \/ Yoast SEO plugin. -->","yoast_head_json":{"title":"Everton - Chelsea 3:6 - Official Czech &amp; Slovak Everton Supporters&#039; Club","robots":{"index":"index","follow":"follow","max-snippet":"max-snippet:-1","max-image-preview":"max-image-preview:large","max-video-preview":"max-video-preview:-1"},"canonical":"https:\/\/evertonfc.cz\/index.php\/2014\/08\/30\/everton-chelsea-36\/","og_locale":"cs_CZ","og_type":"article","og_title":"Everton - Chelsea 3:6 - Official Czech &amp; Slovak Everton Supporters&#039; Club","og_description":"Neschopnost br\u00e1nit zap\u0159\u00ed\u010dinila vysokou prohru v z\u00e1pase, kdy ob\u011bma t\u00fdm\u016fm \u0161el v\u00fdrazn\u011b l\u00e9pe \u00fatok. Everton k z\u00e1pasu nastoupil v o\u010dek\u00e1van\u00e9&hellip;","og_url":"https:\/\/evertonfc.cz\/index.php\/2014\/08\/30\/everton-chelsea-36\/","og_site_name":"Official Czech &amp; Slovak Everton Supporters&#039; Club","article_publisher":"https:\/\/www.facebook.com\/everton.fans.cz.sk","article_published_time":"2014-08-30T15:47:25+00:00","article_modified_time":"2019-02-13T22:22:47+00:00","og_image":[{"width":720,"height":405,"url":"https:\/\/evertonfc.cz\/wp-content\/uploads\/2019\/01\/report.jpg","type":"image\/jpeg"}],"author":"Javor","twitter_card":"summary_large_image","twitter_creator":"@LoudinJan","twitter_misc":{"Napsal(a)":"Javor","Odhadovan\u00e1 doba \u010dten\u00ed":"5 minut"},"schema":{"@context":"https:\/\/schema.org","@graph":[{"@type":"Article","@id":"https:\/\/evertonfc.cz\/index.php\/2014\/08\/30\/everton-chelsea-36\/#article","isPartOf":{"@id":"https:\/\/evertonfc.cz\/index.php\/2014\/08\/30\/everton-chelsea-36\/"},"author":{"name":"Javor","@id":"https:\/\/evertonfc.cz\/#\/schema\/person\/b30daf6a5852f4811f8207a17ec1bf78"},"headline":"Everton &#8211; Chelsea 3:6","datePublished":"2014-08-30T15:47:25+00:00","dateModified":"2019-02-13T22:22:47+00:00","mainEntityOfPage":{"@id":"https:\/\/evertonfc.cz\/index.php\/2014\/08\/30\/everton-chelsea-36\/"},"wordCount":1048,"commentCount":0,"publisher":{"@id":"https:\/\/evertonfc.cz\/#organization"},"image":{"@id":"https:\/\/evertonfc.cz\/index.php\/2014\/08\/30\/everton-chelsea-36\/#primaryimage"},"thumbnailUrl":"https:\/\/evertonfc.cz\/wp-content\/uploads\/2019\/01\/report.jpg","articleSection":["Z\u00e1pasy"],"inLanguage":"cs","potentialAction":[{"@type":"CommentAction","name":"Comment","target":["https:\/\/evertonfc.cz\/index.php\/2014\/08\/30\/everton-chelsea-36\/#respond"]}]},{"@type":"WebPage","@id":"https:\/\/evertonfc.cz\/index.php\/2014\/08\/30\/everton-chelsea-36\/","url":"https:\/\/evertonfc.cz\/index.php\/2014\/08\/30\/everton-chelsea-36\/","name":"Everton - Chelsea 3:6 - Official Czech &amp; Slovak Everton Supporters&#039; Club","isPartOf":{"@id":"https:\/\/evertonfc.cz\/#website"},"primaryImageOfPage":{"@id":"https:\/\/evertonfc.cz\/index.php\/2014\/08\/30\/everton-chelsea-36\/#primaryimage"},"image":{"@id":"https:\/\/evertonfc.cz\/index.php\/2014\/08\/30\/everton-chelsea-36\/#primaryimage"},"thumbnailUrl":"https:\/\/evertonfc.cz\/wp-content\/uploads\/2019\/01\/report.jpg","datePublished":"2014-08-30T15:47:25+00:00","dateModified":"2019-02-13T22:22:47+00:00","breadcrumb":{"@id":"https:\/\/evertonfc.cz\/index.php\/2014\/08\/30\/everton-chelsea-36\/#breadcrumb"},"inLanguage":"cs","potentialAction":[{"@type":"ReadAction","target":["https:\/\/evertonfc.cz\/index.php\/2014\/08\/30\/everton-chelsea-36\/"]}]},{"@type":"ImageObject","inLanguage":"cs","@id":"https:\/\/evertonfc.cz\/index.php\/2014\/08\/30\/everton-chelsea-36\/#primaryimage","url":"https:\/\/evertonfc.cz\/wp-content\/uploads\/2019\/01\/report.jpg","contentUrl":"https:\/\/evertonfc.cz\/wp-content\/uploads\/2019\/01\/report.jpg","width":720,"height":405},{"@type":"BreadcrumbList","@id":"https:\/\/evertonfc.cz\/index.php\/2014\/08\/30\/everton-chelsea-36\/#breadcrumb","itemListElement":[{"@type":"ListItem","position":1,"name":"Home","item":"https:\/\/evertonfc.cz\/"},{"@type":"ListItem","position":2,"name":"Everton &#8211; Chelsea 3:6"}]},{"@type":"WebSite","@id":"https:\/\/evertonfc.cz\/#website","url":"https:\/\/evertonfc.cz\/","name":"Official Czech &amp; Slovak Everton Supporters&#039; Club","description":"","publisher":{"@id":"https:\/\/evertonfc.cz\/#organization"},"potentialAction":[{"@type":"SearchAction","target":{"@type":"EntryPoint","urlTemplate":"https:\/\/evertonfc.cz\/?s={search_term_string}"},"query-input":{"@type":"PropertyValueSpecification","valueRequired":true,"valueName":"search_term_string"}}],"inLanguage":"cs"},{"@type":"Organization","@id":"https:\/\/evertonfc.cz\/#organization","name":"Official Czech & Slovak Everton Supporters' Club","url":"https:\/\/evertonfc.cz\/","logo":{"@type":"ImageObject","inLanguage":"cs","@id":"https:\/\/evertonfc.cz\/#\/schema\/logo\/image\/","url":"https:\/\/evertonfc.cz\/wp-content\/uploads\/2019\/05\/logo.png","contentUrl":"https:\/\/evertonfc.cz\/wp-content\/uploads\/2019\/05\/logo.png","width":112,"height":112,"caption":"Official Czech & Slovak Everton Supporters' Club"},"image":{"@id":"https:\/\/evertonfc.cz\/#\/schema\/logo\/image\/"},"sameAs":["https:\/\/www.facebook.com\/everton.fans.cz.sk"]},{"@type":"Person","@id":"https:\/\/evertonfc.cz\/#\/schema\/person\/b30daf6a5852f4811f8207a17ec1bf78","name":"Javor","sameAs":["https:\/\/x.com\/LoudinJan"],"url":"https:\/\/evertonfc.cz\/index.php\/author\/javor\/"}]}},"_links":{"self":[{"href":"https:\/\/evertonfc.cz\/index.php\/wp-json\/wp\/v2\/posts\/4653"}],"collection":[{"href":"https:\/\/evertonfc.cz\/index.php\/wp-json\/wp\/v2\/posts"}],"about":[{"href":"https:\/\/evertonfc.cz\/index.php\/wp-json\/wp\/v2\/types\/post"}],"author":[{"embeddable":true,"href":"https:\/\/evertonfc.cz\/index.php\/wp-json\/wp\/v2\/users\/12"}],"replies":[{"embeddable":true,"href":"https:\/\/evertonfc.cz\/index.php\/wp-json\/wp\/v2\/comments?post=4653"}],"version-history":[{"count":3,"href":"https:\/\/evertonfc.cz\/index.php\/wp-json\/wp\/v2\/posts\/4653\/revisions"}],"predecessor-version":[{"id":4917,"href":"https:\/\/evertonfc.cz\/index.php\/wp-json\/wp\/v2\/posts\/4653\/revisions\/4917"}],"wp:featuredmedia":[{"embeddable":true,"href":"https:\/\/evertonfc.cz\/index.php\/wp-json\/wp\/v2\/media\/1315"}],"wp:attachment":[{"href":"https:\/\/evertonfc.cz\/index.php\/wp-json\/wp\/v2\/media?parent=4653"}],"wp:term":[{"taxonomy":"category","embeddable":true,"href":"https:\/\/evertonfc.cz\/index.php\/wp-json\/wp\/v2\/categories?post=4653"},{"taxonomy":"post_tag","embeddable":true,"href":"https:\/\/evertonfc.cz\/index.php\/wp-json\/wp\/v2\/tags?post=4653"}],"curies":[{"name":"wp","href":"https:\/\/api.w.org\/{rel}","templated":true}]}}