{"id":4655,"date":"2014-08-30T17:49:36","date_gmt":"2014-08-30T15:49:36","guid":{"rendered":"http:\/\/evertonfc.cz\/?p=4655"},"modified":"2020-12-12T13:18:56","modified_gmt":"2020-12-12T12:18:56","slug":"preview-everton-chelsea-6","status":"publish","type":"post","link":"https:\/\/evertonfc.cz\/index.php\/2014\/08\/30\/preview-everton-chelsea-6\/","title":{"rendered":"Preview: Everton &#8211; Chelsea"},"content":{"rendered":"<h4 id=\"NewsPostDetailSummary\"><em>\u201eNevstoup\u00ed\u0161 dvakr\u00e1t do t\u00e9\u017ee \u0159eky,\u201c\u00a0<\/em>prav\u00ed \u010desk\u00e9 p\u0159\u00edslov\u00ed. Evertonians by v\u0161ak r\u00e1di nepsan\u00e9 pravidlo poru\u0161ili, stejn\u011b jako p\u0159ed rokem doufaj\u00ed v prvn\u00ed v\u00fdhru v sez\u00f3n\u011b z dom\u00e1c\u00edho utk\u00e1n\u00ed proti Chelsea.<\/h4>\n<div id=\"NewsPostDetailContent\">\n<p>V lo\u0148sk\u00e9 sez\u00f3n\u011b trvalo do \u010dtvrt\u00e9ho kola, ne\u017e si Roberto Mart\u00ednez poprv\u00e9 p\u0159ipsal do tabulky t\u0159i body. Vit\u00e1ln\u00edmu v\u00fdsledku 1:0 p\u0159edch\u00e1zely t\u0159i rem\u00edzy. Letos Everton remizoval dvakr\u00e1t, p\u0159i\u010dem\u017e v obou p\u0159\u00edpadech ho od triumfu d\u011blily pouh\u00e9 minuty. Hlavn\u011b v posledn\u00edm kole proti Arsenalu Toffees nazna\u010dili sv\u00e9 schopnosti, pouze nezvl\u00e1dnut\u00e1 z\u00e1v\u011bre\u010dn\u00e1 dvacetiminutovka kaz\u00ed jinak hodn\u011b poveden\u00e9 vystoupen\u00ed.<\/p>\n<p>S Gunners Roberto Mart\u00ednez vsadil na variabiln\u00ed rozestaven\u00ed 4-3-3, k \u010demu\u017e, d\u00e1 se p\u0159edpokl\u00e1dat, se odhodl\u00e1 i po t\u00fddnu. T\u0159i absentuj\u00edc\u00ed hr\u00e1\u010de doplnil zran\u011bn\u00fd Steven Pienaar a Christian Atsu, kmenov\u00fd fotbalista lond\u00fdnsk\u00fdch Blues. Kdo nahrad\u00ed Jihoafri\u010dana v z\u00e1kladn\u00ed sestav\u011b, vzejde z trojice Osman, McGeady a Be\u0161i\u0107. P\u0159i pohledu na ofenzivn\u00ed s\u00edlu soupe\u0159e se nab\u00edz\u00ed debut letn\u00edho novice Muhameda Besi\u0107e, kter\u00fd by s Barrym a McCarthym vytvo\u0159il pevnou z\u00e1lo\u017en\u00ed trojici, p\u0159ed n\u00ed\u017e by operovali \u00fato\u010dn\u011b lad\u011bn\u00ed Mirallas, Naismith a Lukaku.<\/p>\n<p>Krom\u011b vynucen\u00e9 zm\u011bny v podob\u011b nahrazen\u00ed Jihoafri\u010dana se spekuluje i nad z\u00e1sahem do stopersk\u00e9 dvojice. \u010cty\u0159i inkasovan\u00e9 branky ve dvou kolech nejsou ide\u00e1ln\u00ed vizitkou, zvl\u00e1\u0161\u0165 kdy\u017e si kapit\u00e1n Jagielka s Distinem nemohou odpustit vinu na opakovan\u00e9m chybn\u00e9m br\u00e1n\u011bn\u00ed. P\u0159itom na lavi\u010dce \u010dek\u00e1 mlad\u00fd a u\u017e anglick\u00fd reprezentant John Stones.<\/p>\n<p>Na Goodison Park zav\u00edt\u00e1 celek pom\u00fd\u0161lej\u00edc\u00ed na nejvy\u0161\u0161\u00ed mety s mnoh\u00fdmi nen\u00e1vid\u011bn\u00fdm, ov\u0161em prot\u0159el\u00fdm mana\u017eerem Jos\u00e9 Mourinhem. Ten p\u0159i n\u00e1vratu na Ostrovy dot\u00e1hl do konce budov\u00e1n\u00ed extra siln\u00e9ho k\u00e1dru. Pokud bude n\u011bkdo hodnotit, komu se povedlo aktu\u00e1ln\u00ed p\u0159estupov\u00e9 obdob\u00ed, rozhodn\u011b nevynech\u00e1 Chelsea. N\u00e1kupy Filipe Lu\u00edse, Cesca F\u00e0bregase, Diega Costy z\u00a0Pyrenejsk\u00e9ho poloostrova a vypiplan\u00ed Thibauta Courtoise v jednoho nejlep\u0161\u00edch brank\u00e1\u0159\u016f velmi t\u011b\u017ece ur\u010duje, kde naj\u00edt slabinu Blues.<\/p>\n<p>Na defenzivu v \u010dele s Terrym mo\u017en\u00e1 bude platit aktivn\u00ed presink s rychl\u00fdm kombina\u010dn\u00edm fotbalem, co\u017e Mart\u00ednez um\u00ed sv\u00fdm sv\u011b\u0159enc\u016fm naordinovat, a po dvou v\u00fdhr\u00e1ch nad nov\u00e1\u010dky by Chelsea mohla za\u0161kobrtnout.<\/p>\n<h4><strong>Z\u00e1pasov\u00e1 fakta<\/strong><\/h4>\n<p>Vz\u00e1jemn\u00e1<br \/>\n\u2022 Everton vyhr\u00e1l \u010dty\u0159i z posledn\u00edch p\u011bti dom\u00e1c\u00edch duel\u016f<br \/>\n\u2022 od ro\u010dn\u00edku 2009\/10 si pouze Manchester City (5) poradil v\u00edcekr\u00e1t s\u00a0Chelsea<br \/>\n\u2022 Chelsea nesk\u00f3rovala v \u010dty\u0159ech z posledn\u00edch \u0161esti ligov\u00fdch v\u00fdjezd\u016f na Goodison<br \/>\n\u2022 v minul\u00e9 sez\u00f3n\u011b Chelsea poprv\u00e9 prohr\u00e1la pr\u00e1v\u011b s Evertonem, 14. z\u00e1\u0159\u00ed mu podlehla 0:1.<\/p>\n<p>Everton<br \/>\n\u2022 Vyhr\u00e1l dva z posledn\u00edch sedmi kol Premier League (2 v\u00fdhry, 2 rem\u00edzy, 3 prohry)<br \/>\n\u2022 vst\u0159elil branku ve v\u0161ech deseti ligov\u00fdch utk\u00e1n\u00ed na Goodison Parku v roce 2014, z toho sedmkr\u00e1t se prosadil nejm\u00e9n\u011b dvakr\u00e1t<br \/>\n\u2022 v lo\u0148sk\u00e9 sez\u00f3n\u011b zv\u00edt\u011bzil z TOP6 na jeho h\u0159i\u0161ti jen Manchester City<br \/>\n\u2022 Steven Naismith sk\u00f3roval nebo asistoval v ka\u017ed\u00e9m z posledn\u00edch \u010dty\u0159ech kolech.<\/p>\n<p>Chelsea<br \/>\n\u2022 Radovala se ze t\u0159\u00ed bod\u016f ve v\u0161ech \u010dty\u0159ech venkovn\u00edch st\u0159etnut\u00ed Premier League<br \/>\n\u2022 v roce 2014 inkasovala v lize dev\u011btkr\u00e1t, m\u00e9n\u011b ne\u017e kdokoliv jin\u00fd<br \/>\n\u2022 Diego Costa letos vyst\u0159elil na br\u00e1nu dvakr\u00e1t a poka\u017ed\u00e9 rozvlnil s\u00ed\u0165<br \/>\n\u2022 Cesc F\u00e0bregas v\u00e9vod\u00ed tabulce nahr\u00e1va\u010d\u016f s t\u0159emi asistencemi.<\/p>\n<h4><strong>T\u00fdmov\u00e9 novinky<\/strong><\/h4>\n<p>B\u00fdval\u00ed \u00fato\u010dn\u00edci host\u016f Romelu Lukaku a Samuel Eto\u00b4o jsou p\u0159ipraveni nastoupit, Belgi\u010dan odehr\u00e1l st\u0159etnut\u00ed s\u00a0Arsenalem se zran\u011bn\u00fdm palcem a Kamerunec p\u0159estoupil k Toffees v\u00a0pr\u016fb\u011bhu t\u00fddne. Christian Atsu nesm\u00ed nastoupit, jeliko\u017e z Chelsea hostuje, a zran\u011bn\u00ed jsou Steven Pienaar, Ross Barkley, Bryan Oviedo a Arouna Kon\u00e9.<\/p>\n<table>\n<tbody>\n<tr>\n<td><strong>EFC:<\/strong><\/td>\n<td>Howard, Robles, Alcaraz, Baines, Browning, Coleman, Distin, Duffy, Garbutt, Hibbert, Jagielka, Stones, Barry, Be\u0161i\u0107, Gibson, McCarthy, McGeady, Osman, Eto\u2019o, Lukaku, McAleny, Mirallas, Naismith.<\/td>\n<\/tr>\n<\/tbody>\n<\/table>\n<p>Diega Costu tr\u00e1p\u00ed svalov\u00e9 zran\u011bn\u00ed, proto tr\u00e9noval a\u017e v p\u00e1tek p\u0159i lehk\u00e9m zat\u00ed\u017een\u00ed, p\u0159esto se dostal do nominace. Pokud by nestihl stoprocentn\u011b uzdravit, na \u0161anci \u010dek\u00e1 maz\u00e1k Didier Drogba, Fernando Torres zkus\u00ed \u0161t\u011bst\u00ed na hostov\u00e1n\u00ed v mil\u00e1nsk\u00e9m AC. Andre Sch\u00fcrrle p\u0159ekonal zdravotn\u00ed pot\u00ed\u017ee na noze, a tak je k\u00e1dr Chelsea kompletn\u00ed.<\/p>\n<table>\n<tbody>\n<tr>\n<td><strong>CFC:<\/strong><\/td>\n<td>\u010cech, Courtois, Azpilicueta, Cahill, Ivanovi\u0107, Lu\u00eds, Terry, Zouma, F\u00e0bregas, Hazard, Mati\u0107, Mikel, Oscar, Ramires, Salah, Van Ginkel, Willian, Costa, Drogba, Sch\u00fcrrle.<\/td>\n<\/tr>\n<\/tbody>\n<\/table>\n<p><strong>Co:<\/strong> Everton FC &#8211; Chelsea FC, 3. kolo Premier League<br \/>\n<strong>Kdy:<\/strong> 30. 08. 2014 od 18:30 SE\u010c<br \/>\n<strong>Kde:<\/strong> Goodison Park, Liverpool (kapacita: 40 157)<br \/>\n<strong>Rozhod\u010d\u00ed:<\/strong> Jonathan Moss<\/p>\n<\/div>\n","protected":false},"excerpt":{"rendered":"<p>\u201eNevstoup\u00ed\u0161 dvakr\u00e1t do t\u00e9\u017ee \u0159eky,\u201c\u00a0prav\u00ed \u010desk\u00e9 p\u0159\u00edslov\u00ed. Evertonians by v\u0161ak r\u00e1di nepsan\u00e9 pravidlo poru\u0161ili, stejn\u011b jako p\u0159ed rokem doufaj\u00ed v&hellip;<\/p>\n","protected":false},"author":6,"featured_media":13142,"comment_status":"open","ping_status":"closed","sticky":false,"template":"","format":"standard","meta":{"_eb_attr":"","_monsterinsights_skip_tracking":false,"_monsterinsights_sitenote_active":false,"_monsterinsights_sitenote_note":"","_monsterinsights_sitenote_category":0,"footnotes":""},"categories":[4],"tags":[],"yoast_head":"<!-- This site is optimized with the Yoast SEO plugin v23.4 - https:\/\/yoast.com\/wordpress\/plugins\/seo\/ -->\n<title>Preview: Everton - Chelsea - Official Czech &amp; Slovak Everton Supporters&#039; Club<\/title>\n<meta name=\"robots\" content=\"index, follow, max-snippet:-1, max-image-preview:large, max-video-preview:-1\" \/>\n<link rel=\"canonical\" href=\"https:\/\/evertonfc.cz\/index.php\/2014\/08\/30\/preview-everton-chelsea-6\/\" \/>\n<meta property=\"og:locale\" content=\"cs_CZ\" \/>\n<meta property=\"og:type\" content=\"article\" \/>\n<meta property=\"og:title\" content=\"Preview: Everton - Chelsea - Official Czech &amp; Slovak Everton Supporters&#039; Club\" \/>\n<meta property=\"og:description\" content=\"\u201eNevstoup\u00ed\u0161 dvakr\u00e1t do t\u00e9\u017ee \u0159eky,\u201c\u00a0prav\u00ed \u010desk\u00e9 p\u0159\u00edslov\u00ed. Evertonians by v\u0161ak r\u00e1di nepsan\u00e9 pravidlo poru\u0161ili, stejn\u011b jako p\u0159ed rokem doufaj\u00ed v&hellip;\" \/>\n<meta property=\"og:url\" content=\"https:\/\/evertonfc.cz\/index.php\/2014\/08\/30\/preview-everton-chelsea-6\/\" \/>\n<meta property=\"og:site_name\" content=\"Official Czech &amp; Slovak Everton Supporters&#039; Club\" \/>\n<meta property=\"article:publisher\" content=\"https:\/\/www.facebook.com\/everton.fans.cz.sk\" \/>\n<meta property=\"article:published_time\" content=\"2014-08-30T15:49:36+00:00\" \/>\n<meta property=\"article:modified_time\" content=\"2020-12-12T12:18:56+00:00\" \/>\n<meta property=\"og:image\" content=\"https:\/\/evertonfc.cz\/wp-content\/uploads\/2020\/12\/Everton-VS-Chelsea-NIGHT.jpg\" \/>\n\t<meta property=\"og:image:width\" content=\"720\" \/>\n\t<meta property=\"og:image:height\" content=\"405\" \/>\n\t<meta property=\"og:image:type\" content=\"image\/jpeg\" \/>\n<meta name=\"author\" content=\"Ri\u010di\" \/>\n<meta name=\"twitter:card\" content=\"summary_large_image\" \/>\n<meta name=\"twitter:creator\" content=\"@rbrejsa\" \/>\n<meta name=\"twitter:label1\" content=\"Napsal(a)\" \/>\n\t<meta name=\"twitter:data1\" content=\"Ri\u010di\" \/>\n\t<meta name=\"twitter:label2\" content=\"Odhadovan\u00e1 doba \u010dten\u00ed\" \/>\n\t<meta name=\"twitter:data2\" content=\"4 minuty\" \/>\n<script type=\"application\/ld+json\" class=\"yoast-schema-graph\">{\"@context\":\"https:\/\/schema.org\",\"@graph\":[{\"@type\":\"Article\",\"@id\":\"https:\/\/evertonfc.cz\/index.php\/2014\/08\/30\/preview-everton-chelsea-6\/#article\",\"isPartOf\":{\"@id\":\"https:\/\/evertonfc.cz\/index.php\/2014\/08\/30\/preview-everton-chelsea-6\/\"},\"author\":{\"name\":\"Ri\u010di\",\"@id\":\"https:\/\/evertonfc.cz\/#\/schema\/person\/f7a5daedb2ffee98480bc70e191aaef1\"},\"headline\":\"Preview: Everton &#8211; Chelsea\",\"datePublished\":\"2014-08-30T15:49:36+00:00\",\"dateModified\":\"2020-12-12T12:18:56+00:00\",\"mainEntityOfPage\":{\"@id\":\"https:\/\/evertonfc.cz\/index.php\/2014\/08\/30\/preview-everton-chelsea-6\/\"},\"wordCount\":830,\"commentCount\":0,\"publisher\":{\"@id\":\"https:\/\/evertonfc.cz\/#organization\"},\"image\":{\"@id\":\"https:\/\/evertonfc.cz\/index.php\/2014\/08\/30\/preview-everton-chelsea-6\/#primaryimage\"},\"thumbnailUrl\":\"https:\/\/evertonfc.cz\/wp-content\/uploads\/2020\/12\/Everton-VS-Chelsea-NIGHT.jpg\",\"articleSection\":[\"Z\u00e1pasy\"],\"inLanguage\":\"cs\",\"potentialAction\":[{\"@type\":\"CommentAction\",\"name\":\"Comment\",\"target\":[\"https:\/\/evertonfc.cz\/index.php\/2014\/08\/30\/preview-everton-chelsea-6\/#respond\"]}]},{\"@type\":\"WebPage\",\"@id\":\"https:\/\/evertonfc.cz\/index.php\/2014\/08\/30\/preview-everton-chelsea-6\/\",\"url\":\"https:\/\/evertonfc.cz\/index.php\/2014\/08\/30\/preview-everton-chelsea-6\/\",\"name\":\"Preview: Everton - Chelsea - Official Czech &amp; Slovak Everton Supporters&#039; Club\",\"isPartOf\":{\"@id\":\"https:\/\/evertonfc.cz\/#website\"},\"primaryImageOfPage\":{\"@id\":\"https:\/\/evertonfc.cz\/index.php\/2014\/08\/30\/preview-everton-chelsea-6\/#primaryimage\"},\"image\":{\"@id\":\"https:\/\/evertonfc.cz\/index.php\/2014\/08\/30\/preview-everton-chelsea-6\/#primaryimage\"},\"thumbnailUrl\":\"https:\/\/evertonfc.cz\/wp-content\/uploads\/2020\/12\/Everton-VS-Chelsea-NIGHT.jpg\",\"datePublished\":\"2014-08-30T15:49:36+00:00\",\"dateModified\":\"2020-12-12T12:18:56+00:00\",\"breadcrumb\":{\"@id\":\"https:\/\/evertonfc.cz\/index.php\/2014\/08\/30\/preview-everton-chelsea-6\/#breadcrumb\"},\"inLanguage\":\"cs\",\"potentialAction\":[{\"@type\":\"ReadAction\",\"target\":[\"https:\/\/evertonfc.cz\/index.php\/2014\/08\/30\/preview-everton-chelsea-6\/\"]}]},{\"@type\":\"ImageObject\",\"inLanguage\":\"cs\",\"@id\":\"https:\/\/evertonfc.cz\/index.php\/2014\/08\/30\/preview-everton-chelsea-6\/#primaryimage\",\"url\":\"https:\/\/evertonfc.cz\/wp-content\/uploads\/2020\/12\/Everton-VS-Chelsea-NIGHT.jpg\",\"contentUrl\":\"https:\/\/evertonfc.cz\/wp-content\/uploads\/2020\/12\/Everton-VS-Chelsea-NIGHT.jpg\",\"width\":720,\"height\":405},{\"@type\":\"BreadcrumbList\",\"@id\":\"https:\/\/evertonfc.cz\/index.php\/2014\/08\/30\/preview-everton-chelsea-6\/#breadcrumb\",\"itemListElement\":[{\"@type\":\"ListItem\",\"position\":1,\"name\":\"Home\",\"item\":\"https:\/\/evertonfc.cz\/\"},{\"@type\":\"ListItem\",\"position\":2,\"name\":\"Preview: Everton &#8211; Chelsea\"}]},{\"@type\":\"WebSite\",\"@id\":\"https:\/\/evertonfc.cz\/#website\",\"url\":\"https:\/\/evertonfc.cz\/\",\"name\":\"Official Czech &amp; Slovak Everton Supporters&#039; Club\",\"description\":\"\",\"publisher\":{\"@id\":\"https:\/\/evertonfc.cz\/#organization\"},\"potentialAction\":[{\"@type\":\"SearchAction\",\"target\":{\"@type\":\"EntryPoint\",\"urlTemplate\":\"https:\/\/evertonfc.cz\/?s={search_term_string}\"},\"query-input\":{\"@type\":\"PropertyValueSpecification\",\"valueRequired\":true,\"valueName\":\"search_term_string\"}}],\"inLanguage\":\"cs\"},{\"@type\":\"Organization\",\"@id\":\"https:\/\/evertonfc.cz\/#organization\",\"name\":\"Official Czech & Slovak Everton Supporters' Club\",\"url\":\"https:\/\/evertonfc.cz\/\",\"logo\":{\"@type\":\"ImageObject\",\"inLanguage\":\"cs\",\"@id\":\"https:\/\/evertonfc.cz\/#\/schema\/logo\/image\/\",\"url\":\"https:\/\/evertonfc.cz\/wp-content\/uploads\/2019\/05\/logo.png\",\"contentUrl\":\"https:\/\/evertonfc.cz\/wp-content\/uploads\/2019\/05\/logo.png\",\"width\":112,\"height\":112,\"caption\":\"Official Czech & Slovak Everton Supporters' Club\"},\"image\":{\"@id\":\"https:\/\/evertonfc.cz\/#\/schema\/logo\/image\/\"},\"sameAs\":[\"https:\/\/www.facebook.com\/everton.fans.cz.sk\"]},{\"@type\":\"Person\",\"@id\":\"https:\/\/evertonfc.cz\/#\/schema\/person\/f7a5daedb2ffee98480bc70e191aaef1\",\"name\":\"Ri\u010di\",\"sameAs\":[\"https:\/\/x.com\/rbrejsa\"],\"url\":\"https:\/\/evertonfc.cz\/index.php\/author\/rici\/\"}]}<\/script>\n<!-- \/ Yoast SEO plugin. -->","yoast_head_json":{"title":"Preview: Everton - Chelsea - Official Czech &amp; Slovak Everton Supporters&#039; Club","robots":{"index":"index","follow":"follow","max-snippet":"max-snippet:-1","max-image-preview":"max-image-preview:large","max-video-preview":"max-video-preview:-1"},"canonical":"https:\/\/evertonfc.cz\/index.php\/2014\/08\/30\/preview-everton-chelsea-6\/","og_locale":"cs_CZ","og_type":"article","og_title":"Preview: Everton - Chelsea - Official Czech &amp; Slovak Everton Supporters&#039; Club","og_description":"\u201eNevstoup\u00ed\u0161 dvakr\u00e1t do t\u00e9\u017ee \u0159eky,\u201c\u00a0prav\u00ed \u010desk\u00e9 p\u0159\u00edslov\u00ed. Evertonians by v\u0161ak r\u00e1di nepsan\u00e9 pravidlo poru\u0161ili, stejn\u011b jako p\u0159ed rokem doufaj\u00ed v&hellip;","og_url":"https:\/\/evertonfc.cz\/index.php\/2014\/08\/30\/preview-everton-chelsea-6\/","og_site_name":"Official Czech &amp; Slovak Everton Supporters&#039; Club","article_publisher":"https:\/\/www.facebook.com\/everton.fans.cz.sk","article_published_time":"2014-08-30T15:49:36+00:00","article_modified_time":"2020-12-12T12:18:56+00:00","og_image":[{"width":720,"height":405,"url":"https:\/\/evertonfc.cz\/wp-content\/uploads\/2020\/12\/Everton-VS-Chelsea-NIGHT.jpg","type":"image\/jpeg"}],"author":"Ri\u010di","twitter_card":"summary_large_image","twitter_creator":"@rbrejsa","twitter_misc":{"Napsal(a)":"Ri\u010di","Odhadovan\u00e1 doba \u010dten\u00ed":"4 minuty"},"schema":{"@context":"https:\/\/schema.org","@graph":[{"@type":"Article","@id":"https:\/\/evertonfc.cz\/index.php\/2014\/08\/30\/preview-everton-chelsea-6\/#article","isPartOf":{"@id":"https:\/\/evertonfc.cz\/index.php\/2014\/08\/30\/preview-everton-chelsea-6\/"},"author":{"name":"Ri\u010di","@id":"https:\/\/evertonfc.cz\/#\/schema\/person\/f7a5daedb2ffee98480bc70e191aaef1"},"headline":"Preview: Everton &#8211; Chelsea","datePublished":"2014-08-30T15:49:36+00:00","dateModified":"2020-12-12T12:18:56+00:00","mainEntityOfPage":{"@id":"https:\/\/evertonfc.cz\/index.php\/2014\/08\/30\/preview-everton-chelsea-6\/"},"wordCount":830,"commentCount":0,"publisher":{"@id":"https:\/\/evertonfc.cz\/#organization"},"image":{"@id":"https:\/\/evertonfc.cz\/index.php\/2014\/08\/30\/preview-everton-chelsea-6\/#primaryimage"},"thumbnailUrl":"https:\/\/evertonfc.cz\/wp-content\/uploads\/2020\/12\/Everton-VS-Chelsea-NIGHT.jpg","articleSection":["Z\u00e1pasy"],"inLanguage":"cs","potentialAction":[{"@type":"CommentAction","name":"Comment","target":["https:\/\/evertonfc.cz\/index.php\/2014\/08\/30\/preview-everton-chelsea-6\/#respond"]}]},{"@type":"WebPage","@id":"https:\/\/evertonfc.cz\/index.php\/2014\/08\/30\/preview-everton-chelsea-6\/","url":"https:\/\/evertonfc.cz\/index.php\/2014\/08\/30\/preview-everton-chelsea-6\/","name":"Preview: Everton - Chelsea - Official Czech &amp; Slovak Everton Supporters&#039; Club","isPartOf":{"@id":"https:\/\/evertonfc.cz\/#website"},"primaryImageOfPage":{"@id":"https:\/\/evertonfc.cz\/index.php\/2014\/08\/30\/preview-everton-chelsea-6\/#primaryimage"},"image":{"@id":"https:\/\/evertonfc.cz\/index.php\/2014\/08\/30\/preview-everton-chelsea-6\/#primaryimage"},"thumbnailUrl":"https:\/\/evertonfc.cz\/wp-content\/uploads\/2020\/12\/Everton-VS-Chelsea-NIGHT.jpg","datePublished":"2014-08-30T15:49:36+00:00","dateModified":"2020-12-12T12:18:56+00:00","breadcrumb":{"@id":"https:\/\/evertonfc.cz\/index.php\/2014\/08\/30\/preview-everton-chelsea-6\/#breadcrumb"},"inLanguage":"cs","potentialAction":[{"@type":"ReadAction","target":["https:\/\/evertonfc.cz\/index.php\/2014\/08\/30\/preview-everton-chelsea-6\/"]}]},{"@type":"ImageObject","inLanguage":"cs","@id":"https:\/\/evertonfc.cz\/index.php\/2014\/08\/30\/preview-everton-chelsea-6\/#primaryimage","url":"https:\/\/evertonfc.cz\/wp-content\/uploads\/2020\/12\/Everton-VS-Chelsea-NIGHT.jpg","contentUrl":"https:\/\/evertonfc.cz\/wp-content\/uploads\/2020\/12\/Everton-VS-Chelsea-NIGHT.jpg","width":720,"height":405},{"@type":"BreadcrumbList","@id":"https:\/\/evertonfc.cz\/index.php\/2014\/08\/30\/preview-everton-chelsea-6\/#breadcrumb","itemListElement":[{"@type":"ListItem","position":1,"name":"Home","item":"https:\/\/evertonfc.cz\/"},{"@type":"ListItem","position":2,"name":"Preview: Everton &#8211; Chelsea"}]},{"@type":"WebSite","@id":"https:\/\/evertonfc.cz\/#website","url":"https:\/\/evertonfc.cz\/","name":"Official Czech &amp; Slovak Everton Supporters&#039; Club","description":"","publisher":{"@id":"https:\/\/evertonfc.cz\/#organization"},"potentialAction":[{"@type":"SearchAction","target":{"@type":"EntryPoint","urlTemplate":"https:\/\/evertonfc.cz\/?s={search_term_string}"},"query-input":{"@type":"PropertyValueSpecification","valueRequired":true,"valueName":"search_term_string"}}],"inLanguage":"cs"},{"@type":"Organization","@id":"https:\/\/evertonfc.cz\/#organization","name":"Official Czech & Slovak Everton Supporters' Club","url":"https:\/\/evertonfc.cz\/","logo":{"@type":"ImageObject","inLanguage":"cs","@id":"https:\/\/evertonfc.cz\/#\/schema\/logo\/image\/","url":"https:\/\/evertonfc.cz\/wp-content\/uploads\/2019\/05\/logo.png","contentUrl":"https:\/\/evertonfc.cz\/wp-content\/uploads\/2019\/05\/logo.png","width":112,"height":112,"caption":"Official Czech & Slovak Everton Supporters' Club"},"image":{"@id":"https:\/\/evertonfc.cz\/#\/schema\/logo\/image\/"},"sameAs":["https:\/\/www.facebook.com\/everton.fans.cz.sk"]},{"@type":"Person","@id":"https:\/\/evertonfc.cz\/#\/schema\/person\/f7a5daedb2ffee98480bc70e191aaef1","name":"Ri\u010di","sameAs":["https:\/\/x.com\/rbrejsa"],"url":"https:\/\/evertonfc.cz\/index.php\/author\/rici\/"}]}},"_links":{"self":[{"href":"https:\/\/evertonfc.cz\/index.php\/wp-json\/wp\/v2\/posts\/4655"}],"collection":[{"href":"https:\/\/evertonfc.cz\/index.php\/wp-json\/wp\/v2\/posts"}],"about":[{"href":"https:\/\/evertonfc.cz\/index.php\/wp-json\/wp\/v2\/types\/post"}],"author":[{"embeddable":true,"href":"https:\/\/evertonfc.cz\/index.php\/wp-json\/wp\/v2\/users\/6"}],"replies":[{"embeddable":true,"href":"https:\/\/evertonfc.cz\/index.php\/wp-json\/wp\/v2\/comments?post=4655"}],"version-history":[{"count":2,"href":"https:\/\/evertonfc.cz\/index.php\/wp-json\/wp\/v2\/posts\/4655\/revisions"}],"predecessor-version":[{"id":4914,"href":"https:\/\/evertonfc.cz\/index.php\/wp-json\/wp\/v2\/posts\/4655\/revisions\/4914"}],"wp:featuredmedia":[{"embeddable":true,"href":"https:\/\/evertonfc.cz\/index.php\/wp-json\/wp\/v2\/media\/13142"}],"wp:attachment":[{"href":"https:\/\/evertonfc.cz\/index.php\/wp-json\/wp\/v2\/media?parent=4655"}],"wp:term":[{"taxonomy":"category","embeddable":true,"href":"https:\/\/evertonfc.cz\/index.php\/wp-json\/wp\/v2\/categories?post=4655"},{"taxonomy":"post_tag","embeddable":true,"href":"https:\/\/evertonfc.cz\/index.php\/wp-json\/wp\/v2\/tags?post=4655"}],"curies":[{"name":"wp","href":"https:\/\/api.w.org\/{rel}","templated":true}]}}