{"id":4661,"date":"2014-08-27T18:32:13","date_gmt":"2014-08-27T16:32:13","guid":{"rendered":"http:\/\/evertonfc.cz\/?p=4661"},"modified":"2019-02-13T23:24:40","modified_gmt":"2019-02-13T22:24:40","slug":"etoo-podepsal-s-blues","status":"publish","type":"post","link":"https:\/\/evertonfc.cz\/index.php\/2014\/08\/27\/etoo-podepsal-s-blues\/","title":{"rendered":"Eto&#8217;o podepsal s Blues"},"content":{"rendered":"<h4 id=\"NewsPostDetailSummary\">Everton zkompletoval p\u0159estup p\u00e1t\u00e9 letn\u00ed posily, zku\u0161en\u00fd \u00fato\u010dn\u00edk Samuel Eto&#8217;o\u00a0podepsal smlouvu na dva roky jako voln\u00fd hr\u00e1\u010d pot\u00e9, co mu v kv\u011btnu vypr\u0161el kontrakt v Chelsea.<\/h4>\n<div id=\"NewsPostDetailContent\">\n<p>V\u00a0minul\u00e9 sez\u00f3n\u011b na Stamford Bridge zaznamenal 12 g\u00f3l\u016f a \u0161est asistenc\u00ed v 21 z\u00e1pasech, jinak se t\u0159ikr\u00e1t radoval z v\u00fdhry v Lize mistr\u016f, vyzkou\u0161el si anga\u017em\u00e1 ve \u0160pan\u011blsku, It\u00e1lii a Rusku a nyn\u00ed bude obl\u00e9kat dres Evertonu s \u010d\u00edslem p\u011bt.<\/p>\n<p>B\u00fdval\u00fd kanon\u00fdr Barcelony a Interu Mil\u00e1n podpisem stvrdil smlouvu do l\u00e9ta roku 2016 po absolvov\u00e1n\u00ed zdravotn\u00ed prohl\u00eddky na Finch Farm. Zku\u0161enosti a kvality kamerunsk\u00e9ho reprezentanta jsou hlavn\u00ed d\u016fvody uv\u00edznut\u00ed v\u00a0Mart\u00ednezov\u011b hled\u00e1\u010dku.<\/p>\n<p>Ot\u00e1zkou bude, jak se dok\u00e1\u017ee Katal\u00e1nec zkrotit Eto&#8217;ovo\u00a0pov\u00fd\u0161en\u00e9 ego, kter\u00e9 by mohlo narazit v rodinn\u00e9m prost\u0159ed\u00ed EFC.<\/p>\n<p><em>\u201eJsme velmi pot\u011b\u0161en\u00ed, podl\u00e9 m\u00e9ho n\u00e1zoru Everton p\u0159edstavuje pro Samuela ide\u00e1ln\u00ed domov. Existuje mnoho d\u016fvod\u016f, pro\u010d by to m\u011bl dok\u00e1zat,\u201c<\/em>\u00a0prohl\u00e1sil Roberto Mart\u00ednez. Eto\u00b4o se m\u016f\u017ee objevit v sestav\u011b u\u017e v sobotn\u00edm kl\u00e1n\u00ed proti Chelsea, do n\u011bho\u017e nesm\u00ed nastoupit Christian Atsu, proto\u017ee z lond\u00fdnsk\u00e9ho celku hostuje, a mimo hru se po zran\u011bn\u00ed objevil rovn\u011b\u017e Steven Pienaar.<\/p>\n<p>Samotn\u00fd fotbalista ne\u0161et\u0159il chv\u00e1lou na sv\u00e9ho nov\u00e9ho bosse v oblasti taktick\u00e9ho vysp\u011blosti, t\u00e9\u017e tou\u017e\u00ed ihned zapadnout do kabiny: <em>\u201eKlub funguje coby velk\u00e1 rodina, v\u00a0nejkrat\u0161\u00ed mo\u017en\u00e9 dob\u011b se tou\u017e\u00edm st\u00e1t jej\u00edm dal\u0161\u00edm \u010dlenem.\u201c<\/em><\/p>\n<p>Produkt akademie Realu Madrid, do \u0160pan\u011blska se p\u0159esunul v\u00a0patn\u00e1cti letech, prorazil do vrcholov\u00e9ho fotbalu b\u011bhem \u010dty\u0159 sez\u00f3n v Mallorce, odkud ho v roce 2004 vykoupila Barcelona za \u20ac24m. V slavn\u00e9m katal\u00e1nsk\u00e9m t\u00fdmu se prost\u0159\u00edlel mezi \u00fato\u010dnou elitu sv\u011bta, celkov\u011b se za Blaugrana g\u00f3lov\u011b prosadil 108x v 145 z\u00e1pasech.<\/p>\n<p>V roce 2009 putoval v r\u00e1mci v\u00fdm\u011bny za Zlatana Ibrahimovi\u0107e do mil\u00e1nsk\u00e9ho Interu, kde pokra\u010doval v pravideln\u00e9m zat\u011b\u017eov\u00e1n\u00ed soupe\u0159ov\u00fdch kont, 33 branek v 67 vystoupen\u00edch ukazuje vysokou la\u0165ku umu schopn\u00e9ho hrota. N\u00e1sledovalo p\u016fsoben\u00ed v Rusku, kdy\u017e neodolal v\u00e1ben\u00ed pen\u011bz Sulejmana Karimova. Dva ro\u010dn\u00edky str\u00e1vil v An\u017ei Macha\u010dkale s dal\u0161\u00ed p\u016fsobivou statistikou 25 g\u00f3l\u016f v 53 utk\u00e1n\u00edch. Lo\u0148sk\u00e9 l\u00e9to vysly\u0161el v\u00e1ben\u00ed Chelsea, kam zam\u00ed\u0159il na rok s c\u00edlem nahradit Romela Lukaka.<\/p>\n<p>Eto&#8217;o\u00a0rezignoval na n\u00e1rodn\u00ed v\u00fdb\u011br v roce 2013, jen\u017ee po chvilce si sv\u00e9 rozhodnut\u00ed rozmyslel a z\u00fa\u010dastnil se leto\u0161n\u00edho Mistrovstv\u00ed sv\u011bta v Braz\u00edlii, kde se Kamerunci prezentovali v hodn\u011b \u0161ed\u00e9m sv\u011btle i kv\u016fli sporu s tam\u011bj\u0161\u00ed fotbalovou asociac\u00ed ohledn\u011b vypl\u00e1cen\u00ed odm\u011bn, v n\u00ed\u017e si vzal hlavn\u00ed slovo kapit\u00e1n Eto\u00b4o. Po \u0161ampion\u00e1tu se nicm\u00e9n\u011b kapit\u00e1nsk\u00e9 p\u00e1sky vzdal a nad jeho dal\u0161\u00ed kapitolou v reprezentaci, z hlediska Evertonu je nejv\u00edce zaj\u00edmav\u00e1 potenci\u00e1ln\u00ed \u00fa\u010dast na lednov\u00e9m Africk\u00e9m poh\u00e1r n\u00e1rod\u016f, se pouze spekuluje.<\/p>\n<\/div>\n","protected":false},"excerpt":{"rendered":"<p>Everton zkompletoval p\u0159estup p\u00e1t\u00e9 letn\u00ed posily, zku\u0161en\u00fd \u00fato\u010dn\u00edk Samuel Eto&#8217;o\u00a0podepsal smlouvu na dva roky jako voln\u00fd hr\u00e1\u010d pot\u00e9, co mu&hellip;<\/p>\n","protected":false},"author":6,"featured_media":1316,"comment_status":"open","ping_status":"closed","sticky":false,"template":"","format":"standard","meta":{"_eb_attr":"","_monsterinsights_skip_tracking":false,"_monsterinsights_sitenote_active":false,"_monsterinsights_sitenote_note":"","_monsterinsights_sitenote_category":0,"footnotes":""},"categories":[41],"tags":[],"yoast_head":"<!-- This site is optimized with the Yoast SEO plugin v23.4 - https:\/\/yoast.com\/wordpress\/plugins\/seo\/ -->\n<title>Eto&#039;o podepsal s Blues - Official Czech &amp; Slovak Everton Supporters&#039; Club<\/title>\n<meta name=\"robots\" content=\"index, follow, max-snippet:-1, max-image-preview:large, max-video-preview:-1\" \/>\n<link rel=\"canonical\" href=\"https:\/\/evertonfc.cz\/index.php\/2014\/08\/27\/etoo-podepsal-s-blues\/\" \/>\n<meta property=\"og:locale\" content=\"cs_CZ\" \/>\n<meta property=\"og:type\" content=\"article\" \/>\n<meta property=\"og:title\" content=\"Eto&#039;o podepsal s Blues - Official Czech &amp; Slovak Everton Supporters&#039; Club\" \/>\n<meta property=\"og:description\" content=\"Everton zkompletoval p\u0159estup p\u00e1t\u00e9 letn\u00ed posily, zku\u0161en\u00fd \u00fato\u010dn\u00edk Samuel Eto&#8217;o\u00a0podepsal smlouvu na dva roky jako voln\u00fd hr\u00e1\u010d pot\u00e9, co mu&hellip;\" \/>\n<meta property=\"og:url\" content=\"https:\/\/evertonfc.cz\/index.php\/2014\/08\/27\/etoo-podepsal-s-blues\/\" \/>\n<meta property=\"og:site_name\" content=\"Official Czech &amp; Slovak Everton Supporters&#039; Club\" \/>\n<meta property=\"article:publisher\" content=\"https:\/\/www.facebook.com\/everton.fans.cz.sk\" \/>\n<meta property=\"article:published_time\" content=\"2014-08-27T16:32:13+00:00\" \/>\n<meta property=\"article:modified_time\" content=\"2019-02-13T22:24:40+00:00\" \/>\n<meta property=\"og:image\" content=\"https:\/\/evertonfc.cz\/wp-content\/uploads\/2019\/01\/transfer.jpg\" \/>\n\t<meta property=\"og:image:width\" content=\"720\" \/>\n\t<meta property=\"og:image:height\" content=\"405\" \/>\n\t<meta property=\"og:image:type\" content=\"image\/jpeg\" \/>\n<meta name=\"author\" content=\"Ri\u010di\" \/>\n<meta name=\"twitter:card\" content=\"summary_large_image\" \/>\n<meta name=\"twitter:creator\" content=\"@rbrejsa\" \/>\n<meta name=\"twitter:label1\" content=\"Napsal(a)\" \/>\n\t<meta name=\"twitter:data1\" content=\"Ri\u010di\" \/>\n\t<meta name=\"twitter:label2\" content=\"Odhadovan\u00e1 doba \u010dten\u00ed\" \/>\n\t<meta name=\"twitter:data2\" content=\"3 minuty\" \/>\n<script type=\"application\/ld+json\" class=\"yoast-schema-graph\">{\"@context\":\"https:\/\/schema.org\",\"@graph\":[{\"@type\":\"Article\",\"@id\":\"https:\/\/evertonfc.cz\/index.php\/2014\/08\/27\/etoo-podepsal-s-blues\/#article\",\"isPartOf\":{\"@id\":\"https:\/\/evertonfc.cz\/index.php\/2014\/08\/27\/etoo-podepsal-s-blues\/\"},\"author\":{\"name\":\"Ri\u010di\",\"@id\":\"https:\/\/evertonfc.cz\/#\/schema\/person\/f7a5daedb2ffee98480bc70e191aaef1\"},\"headline\":\"Eto&#8217;o podepsal s Blues\",\"datePublished\":\"2014-08-27T16:32:13+00:00\",\"dateModified\":\"2019-02-13T22:24:40+00:00\",\"mainEntityOfPage\":{\"@id\":\"https:\/\/evertonfc.cz\/index.php\/2014\/08\/27\/etoo-podepsal-s-blues\/\"},\"wordCount\":543,\"commentCount\":0,\"publisher\":{\"@id\":\"https:\/\/evertonfc.cz\/#organization\"},\"image\":{\"@id\":\"https:\/\/evertonfc.cz\/index.php\/2014\/08\/27\/etoo-podepsal-s-blues\/#primaryimage\"},\"thumbnailUrl\":\"https:\/\/evertonfc.cz\/wp-content\/uploads\/2019\/01\/transfer.jpg\",\"articleSection\":[\"P\u0159estupy\"],\"inLanguage\":\"cs\",\"potentialAction\":[{\"@type\":\"CommentAction\",\"name\":\"Comment\",\"target\":[\"https:\/\/evertonfc.cz\/index.php\/2014\/08\/27\/etoo-podepsal-s-blues\/#respond\"]}]},{\"@type\":\"WebPage\",\"@id\":\"https:\/\/evertonfc.cz\/index.php\/2014\/08\/27\/etoo-podepsal-s-blues\/\",\"url\":\"https:\/\/evertonfc.cz\/index.php\/2014\/08\/27\/etoo-podepsal-s-blues\/\",\"name\":\"Eto'o podepsal s Blues - Official Czech &amp; Slovak Everton Supporters&#039; Club\",\"isPartOf\":{\"@id\":\"https:\/\/evertonfc.cz\/#website\"},\"primaryImageOfPage\":{\"@id\":\"https:\/\/evertonfc.cz\/index.php\/2014\/08\/27\/etoo-podepsal-s-blues\/#primaryimage\"},\"image\":{\"@id\":\"https:\/\/evertonfc.cz\/index.php\/2014\/08\/27\/etoo-podepsal-s-blues\/#primaryimage\"},\"thumbnailUrl\":\"https:\/\/evertonfc.cz\/wp-content\/uploads\/2019\/01\/transfer.jpg\",\"datePublished\":\"2014-08-27T16:32:13+00:00\",\"dateModified\":\"2019-02-13T22:24:40+00:00\",\"breadcrumb\":{\"@id\":\"https:\/\/evertonfc.cz\/index.php\/2014\/08\/27\/etoo-podepsal-s-blues\/#breadcrumb\"},\"inLanguage\":\"cs\",\"potentialAction\":[{\"@type\":\"ReadAction\",\"target\":[\"https:\/\/evertonfc.cz\/index.php\/2014\/08\/27\/etoo-podepsal-s-blues\/\"]}]},{\"@type\":\"ImageObject\",\"inLanguage\":\"cs\",\"@id\":\"https:\/\/evertonfc.cz\/index.php\/2014\/08\/27\/etoo-podepsal-s-blues\/#primaryimage\",\"url\":\"https:\/\/evertonfc.cz\/wp-content\/uploads\/2019\/01\/transfer.jpg\",\"contentUrl\":\"https:\/\/evertonfc.cz\/wp-content\/uploads\/2019\/01\/transfer.jpg\",\"width\":720,\"height\":405},{\"@type\":\"BreadcrumbList\",\"@id\":\"https:\/\/evertonfc.cz\/index.php\/2014\/08\/27\/etoo-podepsal-s-blues\/#breadcrumb\",\"itemListElement\":[{\"@type\":\"ListItem\",\"position\":1,\"name\":\"Home\",\"item\":\"https:\/\/evertonfc.cz\/\"},{\"@type\":\"ListItem\",\"position\":2,\"name\":\"Eto&#8217;o podepsal s Blues\"}]},{\"@type\":\"WebSite\",\"@id\":\"https:\/\/evertonfc.cz\/#website\",\"url\":\"https:\/\/evertonfc.cz\/\",\"name\":\"Official Czech &amp; Slovak Everton Supporters&#039; Club\",\"description\":\"\",\"publisher\":{\"@id\":\"https:\/\/evertonfc.cz\/#organization\"},\"potentialAction\":[{\"@type\":\"SearchAction\",\"target\":{\"@type\":\"EntryPoint\",\"urlTemplate\":\"https:\/\/evertonfc.cz\/?s={search_term_string}\"},\"query-input\":{\"@type\":\"PropertyValueSpecification\",\"valueRequired\":true,\"valueName\":\"search_term_string\"}}],\"inLanguage\":\"cs\"},{\"@type\":\"Organization\",\"@id\":\"https:\/\/evertonfc.cz\/#organization\",\"name\":\"Official Czech & Slovak Everton Supporters' Club\",\"url\":\"https:\/\/evertonfc.cz\/\",\"logo\":{\"@type\":\"ImageObject\",\"inLanguage\":\"cs\",\"@id\":\"https:\/\/evertonfc.cz\/#\/schema\/logo\/image\/\",\"url\":\"https:\/\/evertonfc.cz\/wp-content\/uploads\/2019\/05\/logo.png\",\"contentUrl\":\"https:\/\/evertonfc.cz\/wp-content\/uploads\/2019\/05\/logo.png\",\"width\":112,\"height\":112,\"caption\":\"Official Czech & Slovak Everton Supporters' Club\"},\"image\":{\"@id\":\"https:\/\/evertonfc.cz\/#\/schema\/logo\/image\/\"},\"sameAs\":[\"https:\/\/www.facebook.com\/everton.fans.cz.sk\"]},{\"@type\":\"Person\",\"@id\":\"https:\/\/evertonfc.cz\/#\/schema\/person\/f7a5daedb2ffee98480bc70e191aaef1\",\"name\":\"Ri\u010di\",\"sameAs\":[\"https:\/\/x.com\/rbrejsa\"],\"url\":\"https:\/\/evertonfc.cz\/index.php\/author\/rici\/\"}]}<\/script>\n<!-- \/ Yoast SEO plugin. -->","yoast_head_json":{"title":"Eto'o podepsal s Blues - Official Czech &amp; Slovak Everton Supporters&#039; Club","robots":{"index":"index","follow":"follow","max-snippet":"max-snippet:-1","max-image-preview":"max-image-preview:large","max-video-preview":"max-video-preview:-1"},"canonical":"https:\/\/evertonfc.cz\/index.php\/2014\/08\/27\/etoo-podepsal-s-blues\/","og_locale":"cs_CZ","og_type":"article","og_title":"Eto'o podepsal s Blues - Official Czech &amp; Slovak Everton Supporters&#039; Club","og_description":"Everton zkompletoval p\u0159estup p\u00e1t\u00e9 letn\u00ed posily, zku\u0161en\u00fd \u00fato\u010dn\u00edk Samuel Eto&#8217;o\u00a0podepsal smlouvu na dva roky jako voln\u00fd hr\u00e1\u010d pot\u00e9, co mu&hellip;","og_url":"https:\/\/evertonfc.cz\/index.php\/2014\/08\/27\/etoo-podepsal-s-blues\/","og_site_name":"Official Czech &amp; Slovak Everton Supporters&#039; Club","article_publisher":"https:\/\/www.facebook.com\/everton.fans.cz.sk","article_published_time":"2014-08-27T16:32:13+00:00","article_modified_time":"2019-02-13T22:24:40+00:00","og_image":[{"width":720,"height":405,"url":"https:\/\/evertonfc.cz\/wp-content\/uploads\/2019\/01\/transfer.jpg","type":"image\/jpeg"}],"author":"Ri\u010di","twitter_card":"summary_large_image","twitter_creator":"@rbrejsa","twitter_misc":{"Napsal(a)":"Ri\u010di","Odhadovan\u00e1 doba \u010dten\u00ed":"3 minuty"},"schema":{"@context":"https:\/\/schema.org","@graph":[{"@type":"Article","@id":"https:\/\/evertonfc.cz\/index.php\/2014\/08\/27\/etoo-podepsal-s-blues\/#article","isPartOf":{"@id":"https:\/\/evertonfc.cz\/index.php\/2014\/08\/27\/etoo-podepsal-s-blues\/"},"author":{"name":"Ri\u010di","@id":"https:\/\/evertonfc.cz\/#\/schema\/person\/f7a5daedb2ffee98480bc70e191aaef1"},"headline":"Eto&#8217;o podepsal s Blues","datePublished":"2014-08-27T16:32:13+00:00","dateModified":"2019-02-13T22:24:40+00:00","mainEntityOfPage":{"@id":"https:\/\/evertonfc.cz\/index.php\/2014\/08\/27\/etoo-podepsal-s-blues\/"},"wordCount":543,"commentCount":0,"publisher":{"@id":"https:\/\/evertonfc.cz\/#organization"},"image":{"@id":"https:\/\/evertonfc.cz\/index.php\/2014\/08\/27\/etoo-podepsal-s-blues\/#primaryimage"},"thumbnailUrl":"https:\/\/evertonfc.cz\/wp-content\/uploads\/2019\/01\/transfer.jpg","articleSection":["P\u0159estupy"],"inLanguage":"cs","potentialAction":[{"@type":"CommentAction","name":"Comment","target":["https:\/\/evertonfc.cz\/index.php\/2014\/08\/27\/etoo-podepsal-s-blues\/#respond"]}]},{"@type":"WebPage","@id":"https:\/\/evertonfc.cz\/index.php\/2014\/08\/27\/etoo-podepsal-s-blues\/","url":"https:\/\/evertonfc.cz\/index.php\/2014\/08\/27\/etoo-podepsal-s-blues\/","name":"Eto'o podepsal s Blues - Official Czech &amp; Slovak Everton Supporters&#039; Club","isPartOf":{"@id":"https:\/\/evertonfc.cz\/#website"},"primaryImageOfPage":{"@id":"https:\/\/evertonfc.cz\/index.php\/2014\/08\/27\/etoo-podepsal-s-blues\/#primaryimage"},"image":{"@id":"https:\/\/evertonfc.cz\/index.php\/2014\/08\/27\/etoo-podepsal-s-blues\/#primaryimage"},"thumbnailUrl":"https:\/\/evertonfc.cz\/wp-content\/uploads\/2019\/01\/transfer.jpg","datePublished":"2014-08-27T16:32:13+00:00","dateModified":"2019-02-13T22:24:40+00:00","breadcrumb":{"@id":"https:\/\/evertonfc.cz\/index.php\/2014\/08\/27\/etoo-podepsal-s-blues\/#breadcrumb"},"inLanguage":"cs","potentialAction":[{"@type":"ReadAction","target":["https:\/\/evertonfc.cz\/index.php\/2014\/08\/27\/etoo-podepsal-s-blues\/"]}]},{"@type":"ImageObject","inLanguage":"cs","@id":"https:\/\/evertonfc.cz\/index.php\/2014\/08\/27\/etoo-podepsal-s-blues\/#primaryimage","url":"https:\/\/evertonfc.cz\/wp-content\/uploads\/2019\/01\/transfer.jpg","contentUrl":"https:\/\/evertonfc.cz\/wp-content\/uploads\/2019\/01\/transfer.jpg","width":720,"height":405},{"@type":"BreadcrumbList","@id":"https:\/\/evertonfc.cz\/index.php\/2014\/08\/27\/etoo-podepsal-s-blues\/#breadcrumb","itemListElement":[{"@type":"ListItem","position":1,"name":"Home","item":"https:\/\/evertonfc.cz\/"},{"@type":"ListItem","position":2,"name":"Eto&#8217;o podepsal s Blues"}]},{"@type":"WebSite","@id":"https:\/\/evertonfc.cz\/#website","url":"https:\/\/evertonfc.cz\/","name":"Official Czech &amp; Slovak Everton Supporters&#039; Club","description":"","publisher":{"@id":"https:\/\/evertonfc.cz\/#organization"},"potentialAction":[{"@type":"SearchAction","target":{"@type":"EntryPoint","urlTemplate":"https:\/\/evertonfc.cz\/?s={search_term_string}"},"query-input":{"@type":"PropertyValueSpecification","valueRequired":true,"valueName":"search_term_string"}}],"inLanguage":"cs"},{"@type":"Organization","@id":"https:\/\/evertonfc.cz\/#organization","name":"Official Czech & Slovak Everton Supporters' Club","url":"https:\/\/evertonfc.cz\/","logo":{"@type":"ImageObject","inLanguage":"cs","@id":"https:\/\/evertonfc.cz\/#\/schema\/logo\/image\/","url":"https:\/\/evertonfc.cz\/wp-content\/uploads\/2019\/05\/logo.png","contentUrl":"https:\/\/evertonfc.cz\/wp-content\/uploads\/2019\/05\/logo.png","width":112,"height":112,"caption":"Official Czech & Slovak Everton Supporters' Club"},"image":{"@id":"https:\/\/evertonfc.cz\/#\/schema\/logo\/image\/"},"sameAs":["https:\/\/www.facebook.com\/everton.fans.cz.sk"]},{"@type":"Person","@id":"https:\/\/evertonfc.cz\/#\/schema\/person\/f7a5daedb2ffee98480bc70e191aaef1","name":"Ri\u010di","sameAs":["https:\/\/x.com\/rbrejsa"],"url":"https:\/\/evertonfc.cz\/index.php\/author\/rici\/"}]}},"_links":{"self":[{"href":"https:\/\/evertonfc.cz\/index.php\/wp-json\/wp\/v2\/posts\/4661"}],"collection":[{"href":"https:\/\/evertonfc.cz\/index.php\/wp-json\/wp\/v2\/posts"}],"about":[{"href":"https:\/\/evertonfc.cz\/index.php\/wp-json\/wp\/v2\/types\/post"}],"author":[{"embeddable":true,"href":"https:\/\/evertonfc.cz\/index.php\/wp-json\/wp\/v2\/users\/6"}],"replies":[{"embeddable":true,"href":"https:\/\/evertonfc.cz\/index.php\/wp-json\/wp\/v2\/comments?post=4661"}],"version-history":[{"count":3,"href":"https:\/\/evertonfc.cz\/index.php\/wp-json\/wp\/v2\/posts\/4661\/revisions"}],"predecessor-version":[{"id":4926,"href":"https:\/\/evertonfc.cz\/index.php\/wp-json\/wp\/v2\/posts\/4661\/revisions\/4926"}],"wp:featuredmedia":[{"embeddable":true,"href":"https:\/\/evertonfc.cz\/index.php\/wp-json\/wp\/v2\/media\/1316"}],"wp:attachment":[{"href":"https:\/\/evertonfc.cz\/index.php\/wp-json\/wp\/v2\/media?parent=4661"}],"wp:term":[{"taxonomy":"category","embeddable":true,"href":"https:\/\/evertonfc.cz\/index.php\/wp-json\/wp\/v2\/categories?post=4661"},{"taxonomy":"post_tag","embeddable":true,"href":"https:\/\/evertonfc.cz\/index.php\/wp-json\/wp\/v2\/tags?post=4661"}],"curies":[{"name":"wp","href":"https:\/\/api.w.org\/{rel}","templated":true}]}}