{"id":4663,"date":"2014-08-24T18:34:55","date_gmt":"2014-08-24T16:34:55","guid":{"rendered":"http:\/\/evertonfc.cz\/?p=4663"},"modified":"2019-02-13T23:24:58","modified_gmt":"2019-02-13T22:24:58","slug":"everton-arsenal-22","status":"publish","type":"post","link":"https:\/\/evertonfc.cz\/index.php\/2014\/08\/24\/everton-arsenal-22\/","title":{"rendered":"Everton &#8211; Arsenal 2:2"},"content":{"rendered":"<h4 id=\"NewsPostDetailSummary\">Arsenalu sta\u010dilo na Goodisonu zabrat a\u017e v posledn\u00edch minut\u00e1ch, aby z Merseyside odjel nepora\u017een, Everton tak i ve druh\u00e9m kole ztratil v\u00fdhru s bl\u00ed\u017e\u00edc\u00edm se z\u00e1v\u011bre\u010dn\u00fdm hvizdem.<\/h4>\n<div id=\"NewsPostDetailContent\">\n<p>Mana\u017eer Evertonu Roberto Mart\u00ednez ud\u011blal v z\u00e1kladn\u00ed sestav\u011b dv\u011b zm\u011bny. Prav\u00e1\u00a0strana, tedy Mirallas a Coleman, se zcela uzdravila, tud\u00ed\u017e Stones a McGeady\u00a0putovali na lavi\u010dku. Toffees tak nastoupili v nejsiln\u011bj\u0161\u00ed mo\u017en\u00e9 sestav\u011b, a\u017e\u00a0na Barkleyho, kter\u00fd je\u0161t\u011b n\u011bjak\u00fd ten t\u00fdden bude chyb\u011bt. Na podhrot se tedy \u00a0op\u011bt postavil Naismith.<\/p>\n<p>V prvn\u00ed minut\u011b byl u lev\u00e9 postrann\u00ed \u010d\u00e1ry faulovan\u00fd Pienaar a proto\u017ee to\u00a0nerozchodil, tak ho v des\u00e1t\u00e9 minut\u011b nahradil Osman.\u00a0Kr\u00e1tce pot\u00e9 Oxlade-Chamberlain vysoko p\u0159est\u0159elil a stejn\u00fd hr\u00e1\u010d pohrdl d\u00e1rkem od Colemana o\u00a0\u010dty\u0159i minuty pozd\u011bji, kdy mu irsk\u00fd prav\u00fd obr\u00e1nce namazal na roh velk\u00e9ho\u00a0v\u00e1pna. Ale ani tentokr\u00e1t netrefil branku. To u\u017e ale za\u010dal aktivitu p\u0159eb\u00edrat\u00a0Everton a brzy se karamelky do\u010dkaly sladk\u00e9 odm\u011bny. Po trochu zdlouhav\u00e9m rozehr\u00e1n\u00ed nacentroval na vzd\u00e1len\u011bj\u0161\u00ed ty\u010d Barry a tam nehl\u00eddan\u00fd Coleman\u00a0hlavi\u010dkou pod b\u0159evno nedal \u0161anci\u00a0Szcz\u0119snymu.<\/p>\n<p>O t\u0159i minuty pozd\u011bji to mohlo a i m\u011blo b\u00fdt dva nula. Naismith hlavi\u010dkou\u00a0p\u011bkn\u011b prodlou\u017eil do b\u011bhu Mirallasovi, ale ten si m\u00ed\u010d \u0161patn\u011b zpracoval a\u00a0netrefil branku. V tento moment Everton hosty opravdu p\u0159ehr\u00e1val a ti\u00a0nev\u011bd\u011bli, kde jim hlava stoj\u00ed. V 29. minut\u011b byl za mal\u00fd faul napom\u00edn\u00e1n\u00a0Baines, pot\u00e9 m\u011bl Arsenal asi p\u011btiminutov\u00fd tlak. N\u00e1sledn\u011b byl faulov\u00e1n\u00a0Mirallas a s\u00e1m si vzal trest\u0148\u00e1k na starost. M\u00ed\u0159il na bli\u017e\u0161\u00ed \u0161ibenici,\u00a0netrefil asi o p\u016fl metru. Od t\u00e9 doby do konce polo\u010dasu Everton tla\u010dil a\u00a0krom\u011b jasn\u00e9 \u017elut\u00e9 pro Mertesackera se mu poda\u0159ilo zv\u00fd\u0161it n\u00e1skok. Odkop\u00a0obrany zachytil Lukaku, obehr\u00e1l Mertesackera, zasprintoval a pot\u00e9 kr\u00e1sn\u011b\u00a0p\u0159ihr\u00e1l Naismithovi, kter\u00fd z \u00farovn\u011b penaltov\u00e9ho punt\u00edku nem\u011bl probl\u00e9m\u00a0zakon\u010dit. Skot sice polsk\u00e9mu brank\u00e1\u0159i Gunners zahr\u00e1l na housle, ale branka\u00a0nem\u011bla platit ze dvou d\u016fvodu &#8211; Lukaku fauloval a Naismith byl v ofsajdu.\u00a0Nicm\u00e9n\u011b dvoubrankov\u00e9 polo\u010dasov\u00e9 veden\u00ed bylo zaslou\u017een\u011b odm\u011bn\u011bno potleskem\u00a0div\u00e1k\u016f.<\/p>\n<p>Everton do druh\u00e9 p\u016fle nastoupil beze zm\u011bny v sestav\u011b a hned z v\u00fdkopu se po\u00a0p\u0159ihr\u00e1vce Ramseyho m\u00ed\u010d dostal k Giroudovi, kter\u00fd do druh\u00e9 p\u016fle vyst\u0159\u00eddal\u00a0Sancheze. Na\u0161t\u011bst\u00ed z voleje netrefil za\u0159\u00edzen\u00ed. N\u011bkolik minut pot\u00e9 st\u0159ela\u00a0Osmana trefila do ruky Mertesackera v pokutov\u00e9m \u00fazem\u00ed, ale rozhod\u010d\u00ed Friend\u00a0penaltu nena\u0159\u00eddil. N\u011bkte\u0159\u00ed hr\u00e1\u010di Arsenalu, z\u0159ejm\u011b z frustrace, chodili pot\u00e9<br \/>\ndo souboj\u016f zbyte\u010dn\u011b tvrd\u011b a pro\u010d Wilshere po skluzu ob\u011bma nohama na Barryho\u00a0z\u016fstal na h\u0159i\u0161ti, se nev\u00ed. Dal\u0161\u00ed \u017elutou kartu dostal Chambers, od n\u011bj to byl\u00a0u\u017e asi t\u0159et\u00ed podobn\u00fd faul, tak mu to bylo se\u010dteno.<\/p>\n<p>N\u00e1sleduj\u00edc\u00ed minuty se odeh\u00e1valy podle sc\u00e9n\u00e1\u0159e Arsenalu, ale ne takov\u00e9ho, kter\u00fd by jejich fanou\u0161ci cht\u011bli \u010d\u00edst, resp. vid\u011bt. Lze ho shrnout do slov\u00a0tlak bez p\u0159\u00edle\u017eitost\u00ed. A kdy\u017e u\u017e se do jedn\u00e9 \u0161ance dostal op\u011bt Giroud, tak\u00a0ho vousat\u00fd Ameri\u010dan dobr\u00fdm z\u00e1krokem vychytal. Na druh\u00e9 stran\u011b jednu \u0161anci po\u00a0brejku Lukaku zadrbal zbyte\u010dnou pati\u010dkou.<\/p>\n<p>V 75. minut\u011b se za\u010dalo st\u0159\u00eddat, Lukaka nahradil McGeady, Gunners do hry\u00a0poslali Cazorlu s Campbellem m\u00edsto Wilshera a Oxlade-Chamberlaina. Chvilku\u00a0po vyst\u0159\u00edd\u00e1n\u00ed zprava p\u0159ihr\u00e1l nov\u00fd hr\u00e1\u010d na h\u0159i\u0161ti Naismithovi, ale\u00a0nedostate\u010dn\u011b sklopen\u00fd n\u00e1rt znamenal, \u017ee Skot vyst\u0159elil sp\u00ed\u0161e na ragbyov\u00e9\u00a0h\u00e1\u010dko. Po zaslou\u017een\u00e9 \u017elut\u00e9 kart\u011b pro Flaminiho se netrefil Ramsey o p\u011bt\u00a0metr\u016f.<\/p>\n<p>Sedm minut p\u0159ed koncem se ale Arsenal do\u010dkal. Coleman s McCarthym se\u00a0vyka\u0161lali na sv\u00e9 obrann\u00e9 povinnosti a nechali \u00fapln\u011b zadarmo odcentrovat\u00a0Cazorlu, jeho\u017e p\u0159ihr\u00e1vku snadno uklidil do s\u00edt\u011b z mal\u00e9ho v\u00e1pna Ramsey. Pot\u00e9\u00a0Mirallase vyst\u0159\u00eddal Atsu a soupe\u0159 za\u010dal utahovat \u0161rouby. N\u00e1sledn\u00fd roh\u00a0na\u0161t\u011bst\u00ed Everton ubr\u00e1nil.<\/p>\n<p>T\u0159et\u00ed \u0161anci Giroud ale prom\u011bnil, kdy\u017e p\u0159ed n\u00edm podsko\u010dil m\u00ed\u010d naprosto voln\u00fd\u00a0Jagielka. Francouzsk\u00fd \u00fato\u010dn\u00edk p\u0159esko\u010dil v posledn\u00ed minut\u011b Distina a trefil\u00a0se hlavou k prav\u00e9 ty\u010di.<\/p>\n<p>V nastaven\u00e9m \u010dase u\u017e si obrany pohl\u00eddaly, aby nepustily soupe\u0159e do \u0161anc\u00ed a\u00a0tak se body k frustraci fand\u016f Evertonu d\u011blily.<\/p>\n<p>Highlights naleznete na\u00a0<a href=\"http:\/\/www.evertonfc.com\/evertontv\/home\/10582\" target=\"_blank\" rel=\"noopener\">ofici\u00e1ln\u00edch str\u00e1nk\u00e1ch<\/a> nebo\u00a0<a href=\"http:\/\/footyroom.com\/everton-2-2-arsenal-2014-08\/\" target=\"_blank\" rel=\"noopener\">zde<\/a>.<\/p>\n<p><strong>Branky:<\/strong> 19. S\u00e9amus Coleman, 45. Steven Naismith &#8211; 83. Aaron Ramsey, 90. Olivier Giroud<br \/>\n<strong>\u017dK: <\/strong>29. Leighton Baines &#8211; 43. Per Mertesacker, 54. Jack Wilshere, 57. Calum Chambers, 77. Mathieu Flamini<br \/>\n<strong>Everton FC:<\/strong> Tim Howard, S\u00e9amus Coleman, Phil Jagielka, Sylvain Distin, Leighton Baines, Gareth Barry, James McCarthy, Kevin Mirallas (85. Christian Atsu), Steven Naismith, Steven Pienaar (10. Leon Osman), Romelu Lukaku (76. Aiden McGeady)<br \/>\n<strong>Arsenal FC:<\/strong> Wojciech Szcz\u0119sny, Mathieu Debuchy, Calum Chambers, Per Mertesacker, Nacho Monreal, Mathieu Flamini, Alex Oxlade-Chamberlain (74. Joel Campbell), Jack Wilshere (74. Santi Cazorla), Aaron Ramsey, Mesut \u00d6zil, Alexis S\u00e1nchez (46. Olivier Giroud)<br \/>\n<strong>Rozhod\u010d\u00ed: <\/strong>Kevin Friend<br \/>\n<strong>Div\u00e1ci:<\/strong> 39 490<\/p>\n<\/div>\n","protected":false},"excerpt":{"rendered":"<p>Arsenalu sta\u010dilo na Goodisonu zabrat a\u017e v posledn\u00edch minut\u00e1ch, aby z Merseyside odjel nepora\u017een, Everton tak i ve druh\u00e9m kole&hellip;<\/p>\n","protected":false},"author":12,"featured_media":1315,"comment_status":"open","ping_status":"closed","sticky":false,"template":"","format":"standard","meta":{"_eb_attr":"","_monsterinsights_skip_tracking":false,"_monsterinsights_sitenote_active":false,"_monsterinsights_sitenote_note":"","_monsterinsights_sitenote_category":0,"footnotes":""},"categories":[4],"tags":[],"yoast_head":"<!-- This site is optimized with the Yoast SEO plugin v23.4 - https:\/\/yoast.com\/wordpress\/plugins\/seo\/ -->\n<title>Everton - Arsenal 2:2 - Official Czech &amp; Slovak Everton Supporters&#039; Club<\/title>\n<meta name=\"robots\" content=\"index, follow, max-snippet:-1, max-image-preview:large, max-video-preview:-1\" \/>\n<link rel=\"canonical\" href=\"https:\/\/evertonfc.cz\/index.php\/2014\/08\/24\/everton-arsenal-22\/\" \/>\n<meta property=\"og:locale\" content=\"cs_CZ\" \/>\n<meta property=\"og:type\" content=\"article\" \/>\n<meta property=\"og:title\" content=\"Everton - Arsenal 2:2 - Official Czech &amp; Slovak Everton Supporters&#039; Club\" \/>\n<meta property=\"og:description\" content=\"Arsenalu sta\u010dilo na Goodisonu zabrat a\u017e v posledn\u00edch minut\u00e1ch, aby z Merseyside odjel nepora\u017een, Everton tak i ve druh\u00e9m kole&hellip;\" \/>\n<meta property=\"og:url\" content=\"https:\/\/evertonfc.cz\/index.php\/2014\/08\/24\/everton-arsenal-22\/\" \/>\n<meta property=\"og:site_name\" content=\"Official Czech &amp; Slovak Everton Supporters&#039; Club\" \/>\n<meta property=\"article:publisher\" content=\"https:\/\/www.facebook.com\/everton.fans.cz.sk\" \/>\n<meta property=\"article:published_time\" content=\"2014-08-24T16:34:55+00:00\" \/>\n<meta property=\"article:modified_time\" content=\"2019-02-13T22:24:58+00:00\" \/>\n<meta property=\"og:image\" content=\"https:\/\/evertonfc.cz\/wp-content\/uploads\/2019\/01\/report.jpg\" \/>\n\t<meta property=\"og:image:width\" content=\"720\" \/>\n\t<meta property=\"og:image:height\" content=\"405\" \/>\n\t<meta property=\"og:image:type\" content=\"image\/jpeg\" \/>\n<meta name=\"author\" content=\"Javor\" \/>\n<meta name=\"twitter:card\" content=\"summary_large_image\" \/>\n<meta name=\"twitter:creator\" content=\"@LoudinJan\" \/>\n<meta name=\"twitter:label1\" content=\"Napsal(a)\" \/>\n\t<meta name=\"twitter:data1\" content=\"Javor\" \/>\n\t<meta name=\"twitter:label2\" content=\"Odhadovan\u00e1 doba \u010dten\u00ed\" \/>\n\t<meta name=\"twitter:data2\" content=\"4 minuty\" \/>\n<script type=\"application\/ld+json\" class=\"yoast-schema-graph\">{\"@context\":\"https:\/\/schema.org\",\"@graph\":[{\"@type\":\"Article\",\"@id\":\"https:\/\/evertonfc.cz\/index.php\/2014\/08\/24\/everton-arsenal-22\/#article\",\"isPartOf\":{\"@id\":\"https:\/\/evertonfc.cz\/index.php\/2014\/08\/24\/everton-arsenal-22\/\"},\"author\":{\"name\":\"Javor\",\"@id\":\"https:\/\/evertonfc.cz\/#\/schema\/person\/b30daf6a5852f4811f8207a17ec1bf78\"},\"headline\":\"Everton &#8211; Arsenal 2:2\",\"datePublished\":\"2014-08-24T16:34:55+00:00\",\"dateModified\":\"2019-02-13T22:24:58+00:00\",\"mainEntityOfPage\":{\"@id\":\"https:\/\/evertonfc.cz\/index.php\/2014\/08\/24\/everton-arsenal-22\/\"},\"wordCount\":893,\"commentCount\":0,\"publisher\":{\"@id\":\"https:\/\/evertonfc.cz\/#organization\"},\"image\":{\"@id\":\"https:\/\/evertonfc.cz\/index.php\/2014\/08\/24\/everton-arsenal-22\/#primaryimage\"},\"thumbnailUrl\":\"https:\/\/evertonfc.cz\/wp-content\/uploads\/2019\/01\/report.jpg\",\"articleSection\":[\"Z\u00e1pasy\"],\"inLanguage\":\"cs\",\"potentialAction\":[{\"@type\":\"CommentAction\",\"name\":\"Comment\",\"target\":[\"https:\/\/evertonfc.cz\/index.php\/2014\/08\/24\/everton-arsenal-22\/#respond\"]}]},{\"@type\":\"WebPage\",\"@id\":\"https:\/\/evertonfc.cz\/index.php\/2014\/08\/24\/everton-arsenal-22\/\",\"url\":\"https:\/\/evertonfc.cz\/index.php\/2014\/08\/24\/everton-arsenal-22\/\",\"name\":\"Everton - Arsenal 2:2 - Official Czech &amp; Slovak Everton Supporters&#039; Club\",\"isPartOf\":{\"@id\":\"https:\/\/evertonfc.cz\/#website\"},\"primaryImageOfPage\":{\"@id\":\"https:\/\/evertonfc.cz\/index.php\/2014\/08\/24\/everton-arsenal-22\/#primaryimage\"},\"image\":{\"@id\":\"https:\/\/evertonfc.cz\/index.php\/2014\/08\/24\/everton-arsenal-22\/#primaryimage\"},\"thumbnailUrl\":\"https:\/\/evertonfc.cz\/wp-content\/uploads\/2019\/01\/report.jpg\",\"datePublished\":\"2014-08-24T16:34:55+00:00\",\"dateModified\":\"2019-02-13T22:24:58+00:00\",\"breadcrumb\":{\"@id\":\"https:\/\/evertonfc.cz\/index.php\/2014\/08\/24\/everton-arsenal-22\/#breadcrumb\"},\"inLanguage\":\"cs\",\"potentialAction\":[{\"@type\":\"ReadAction\",\"target\":[\"https:\/\/evertonfc.cz\/index.php\/2014\/08\/24\/everton-arsenal-22\/\"]}]},{\"@type\":\"ImageObject\",\"inLanguage\":\"cs\",\"@id\":\"https:\/\/evertonfc.cz\/index.php\/2014\/08\/24\/everton-arsenal-22\/#primaryimage\",\"url\":\"https:\/\/evertonfc.cz\/wp-content\/uploads\/2019\/01\/report.jpg\",\"contentUrl\":\"https:\/\/evertonfc.cz\/wp-content\/uploads\/2019\/01\/report.jpg\",\"width\":720,\"height\":405},{\"@type\":\"BreadcrumbList\",\"@id\":\"https:\/\/evertonfc.cz\/index.php\/2014\/08\/24\/everton-arsenal-22\/#breadcrumb\",\"itemListElement\":[{\"@type\":\"ListItem\",\"position\":1,\"name\":\"Home\",\"item\":\"https:\/\/evertonfc.cz\/\"},{\"@type\":\"ListItem\",\"position\":2,\"name\":\"Everton &#8211; Arsenal 2:2\"}]},{\"@type\":\"WebSite\",\"@id\":\"https:\/\/evertonfc.cz\/#website\",\"url\":\"https:\/\/evertonfc.cz\/\",\"name\":\"Official Czech &amp; Slovak Everton Supporters&#039; Club\",\"description\":\"\",\"publisher\":{\"@id\":\"https:\/\/evertonfc.cz\/#organization\"},\"potentialAction\":[{\"@type\":\"SearchAction\",\"target\":{\"@type\":\"EntryPoint\",\"urlTemplate\":\"https:\/\/evertonfc.cz\/?s={search_term_string}\"},\"query-input\":{\"@type\":\"PropertyValueSpecification\",\"valueRequired\":true,\"valueName\":\"search_term_string\"}}],\"inLanguage\":\"cs\"},{\"@type\":\"Organization\",\"@id\":\"https:\/\/evertonfc.cz\/#organization\",\"name\":\"Official Czech & Slovak Everton Supporters' Club\",\"url\":\"https:\/\/evertonfc.cz\/\",\"logo\":{\"@type\":\"ImageObject\",\"inLanguage\":\"cs\",\"@id\":\"https:\/\/evertonfc.cz\/#\/schema\/logo\/image\/\",\"url\":\"https:\/\/evertonfc.cz\/wp-content\/uploads\/2019\/05\/logo.png\",\"contentUrl\":\"https:\/\/evertonfc.cz\/wp-content\/uploads\/2019\/05\/logo.png\",\"width\":112,\"height\":112,\"caption\":\"Official Czech & Slovak Everton Supporters' Club\"},\"image\":{\"@id\":\"https:\/\/evertonfc.cz\/#\/schema\/logo\/image\/\"},\"sameAs\":[\"https:\/\/www.facebook.com\/everton.fans.cz.sk\"]},{\"@type\":\"Person\",\"@id\":\"https:\/\/evertonfc.cz\/#\/schema\/person\/b30daf6a5852f4811f8207a17ec1bf78\",\"name\":\"Javor\",\"sameAs\":[\"https:\/\/x.com\/LoudinJan\"],\"url\":\"https:\/\/evertonfc.cz\/index.php\/author\/javor\/\"}]}<\/script>\n<!-- \/ Yoast SEO plugin. -->","yoast_head_json":{"title":"Everton - Arsenal 2:2 - Official Czech &amp; Slovak Everton Supporters&#039; Club","robots":{"index":"index","follow":"follow","max-snippet":"max-snippet:-1","max-image-preview":"max-image-preview:large","max-video-preview":"max-video-preview:-1"},"canonical":"https:\/\/evertonfc.cz\/index.php\/2014\/08\/24\/everton-arsenal-22\/","og_locale":"cs_CZ","og_type":"article","og_title":"Everton - Arsenal 2:2 - Official Czech &amp; Slovak Everton Supporters&#039; Club","og_description":"Arsenalu sta\u010dilo na Goodisonu zabrat a\u017e v posledn\u00edch minut\u00e1ch, aby z Merseyside odjel nepora\u017een, Everton tak i ve druh\u00e9m kole&hellip;","og_url":"https:\/\/evertonfc.cz\/index.php\/2014\/08\/24\/everton-arsenal-22\/","og_site_name":"Official Czech &amp; Slovak Everton Supporters&#039; Club","article_publisher":"https:\/\/www.facebook.com\/everton.fans.cz.sk","article_published_time":"2014-08-24T16:34:55+00:00","article_modified_time":"2019-02-13T22:24:58+00:00","og_image":[{"width":720,"height":405,"url":"https:\/\/evertonfc.cz\/wp-content\/uploads\/2019\/01\/report.jpg","type":"image\/jpeg"}],"author":"Javor","twitter_card":"summary_large_image","twitter_creator":"@LoudinJan","twitter_misc":{"Napsal(a)":"Javor","Odhadovan\u00e1 doba \u010dten\u00ed":"4 minuty"},"schema":{"@context":"https:\/\/schema.org","@graph":[{"@type":"Article","@id":"https:\/\/evertonfc.cz\/index.php\/2014\/08\/24\/everton-arsenal-22\/#article","isPartOf":{"@id":"https:\/\/evertonfc.cz\/index.php\/2014\/08\/24\/everton-arsenal-22\/"},"author":{"name":"Javor","@id":"https:\/\/evertonfc.cz\/#\/schema\/person\/b30daf6a5852f4811f8207a17ec1bf78"},"headline":"Everton &#8211; Arsenal 2:2","datePublished":"2014-08-24T16:34:55+00:00","dateModified":"2019-02-13T22:24:58+00:00","mainEntityOfPage":{"@id":"https:\/\/evertonfc.cz\/index.php\/2014\/08\/24\/everton-arsenal-22\/"},"wordCount":893,"commentCount":0,"publisher":{"@id":"https:\/\/evertonfc.cz\/#organization"},"image":{"@id":"https:\/\/evertonfc.cz\/index.php\/2014\/08\/24\/everton-arsenal-22\/#primaryimage"},"thumbnailUrl":"https:\/\/evertonfc.cz\/wp-content\/uploads\/2019\/01\/report.jpg","articleSection":["Z\u00e1pasy"],"inLanguage":"cs","potentialAction":[{"@type":"CommentAction","name":"Comment","target":["https:\/\/evertonfc.cz\/index.php\/2014\/08\/24\/everton-arsenal-22\/#respond"]}]},{"@type":"WebPage","@id":"https:\/\/evertonfc.cz\/index.php\/2014\/08\/24\/everton-arsenal-22\/","url":"https:\/\/evertonfc.cz\/index.php\/2014\/08\/24\/everton-arsenal-22\/","name":"Everton - Arsenal 2:2 - Official Czech &amp; Slovak Everton Supporters&#039; Club","isPartOf":{"@id":"https:\/\/evertonfc.cz\/#website"},"primaryImageOfPage":{"@id":"https:\/\/evertonfc.cz\/index.php\/2014\/08\/24\/everton-arsenal-22\/#primaryimage"},"image":{"@id":"https:\/\/evertonfc.cz\/index.php\/2014\/08\/24\/everton-arsenal-22\/#primaryimage"},"thumbnailUrl":"https:\/\/evertonfc.cz\/wp-content\/uploads\/2019\/01\/report.jpg","datePublished":"2014-08-24T16:34:55+00:00","dateModified":"2019-02-13T22:24:58+00:00","breadcrumb":{"@id":"https:\/\/evertonfc.cz\/index.php\/2014\/08\/24\/everton-arsenal-22\/#breadcrumb"},"inLanguage":"cs","potentialAction":[{"@type":"ReadAction","target":["https:\/\/evertonfc.cz\/index.php\/2014\/08\/24\/everton-arsenal-22\/"]}]},{"@type":"ImageObject","inLanguage":"cs","@id":"https:\/\/evertonfc.cz\/index.php\/2014\/08\/24\/everton-arsenal-22\/#primaryimage","url":"https:\/\/evertonfc.cz\/wp-content\/uploads\/2019\/01\/report.jpg","contentUrl":"https:\/\/evertonfc.cz\/wp-content\/uploads\/2019\/01\/report.jpg","width":720,"height":405},{"@type":"BreadcrumbList","@id":"https:\/\/evertonfc.cz\/index.php\/2014\/08\/24\/everton-arsenal-22\/#breadcrumb","itemListElement":[{"@type":"ListItem","position":1,"name":"Home","item":"https:\/\/evertonfc.cz\/"},{"@type":"ListItem","position":2,"name":"Everton &#8211; Arsenal 2:2"}]},{"@type":"WebSite","@id":"https:\/\/evertonfc.cz\/#website","url":"https:\/\/evertonfc.cz\/","name":"Official Czech &amp; Slovak Everton Supporters&#039; Club","description":"","publisher":{"@id":"https:\/\/evertonfc.cz\/#organization"},"potentialAction":[{"@type":"SearchAction","target":{"@type":"EntryPoint","urlTemplate":"https:\/\/evertonfc.cz\/?s={search_term_string}"},"query-input":{"@type":"PropertyValueSpecification","valueRequired":true,"valueName":"search_term_string"}}],"inLanguage":"cs"},{"@type":"Organization","@id":"https:\/\/evertonfc.cz\/#organization","name":"Official Czech & Slovak Everton Supporters' Club","url":"https:\/\/evertonfc.cz\/","logo":{"@type":"ImageObject","inLanguage":"cs","@id":"https:\/\/evertonfc.cz\/#\/schema\/logo\/image\/","url":"https:\/\/evertonfc.cz\/wp-content\/uploads\/2019\/05\/logo.png","contentUrl":"https:\/\/evertonfc.cz\/wp-content\/uploads\/2019\/05\/logo.png","width":112,"height":112,"caption":"Official Czech & Slovak Everton Supporters' Club"},"image":{"@id":"https:\/\/evertonfc.cz\/#\/schema\/logo\/image\/"},"sameAs":["https:\/\/www.facebook.com\/everton.fans.cz.sk"]},{"@type":"Person","@id":"https:\/\/evertonfc.cz\/#\/schema\/person\/b30daf6a5852f4811f8207a17ec1bf78","name":"Javor","sameAs":["https:\/\/x.com\/LoudinJan"],"url":"https:\/\/evertonfc.cz\/index.php\/author\/javor\/"}]}},"_links":{"self":[{"href":"https:\/\/evertonfc.cz\/index.php\/wp-json\/wp\/v2\/posts\/4663"}],"collection":[{"href":"https:\/\/evertonfc.cz\/index.php\/wp-json\/wp\/v2\/posts"}],"about":[{"href":"https:\/\/evertonfc.cz\/index.php\/wp-json\/wp\/v2\/types\/post"}],"author":[{"embeddable":true,"href":"https:\/\/evertonfc.cz\/index.php\/wp-json\/wp\/v2\/users\/12"}],"replies":[{"embeddable":true,"href":"https:\/\/evertonfc.cz\/index.php\/wp-json\/wp\/v2\/comments?post=4663"}],"version-history":[{"count":3,"href":"https:\/\/evertonfc.cz\/index.php\/wp-json\/wp\/v2\/posts\/4663\/revisions"}],"predecessor-version":[{"id":4928,"href":"https:\/\/evertonfc.cz\/index.php\/wp-json\/wp\/v2\/posts\/4663\/revisions\/4928"}],"wp:featuredmedia":[{"embeddable":true,"href":"https:\/\/evertonfc.cz\/index.php\/wp-json\/wp\/v2\/media\/1315"}],"wp:attachment":[{"href":"https:\/\/evertonfc.cz\/index.php\/wp-json\/wp\/v2\/media?parent=4663"}],"wp:term":[{"taxonomy":"category","embeddable":true,"href":"https:\/\/evertonfc.cz\/index.php\/wp-json\/wp\/v2\/categories?post=4663"},{"taxonomy":"post_tag","embeddable":true,"href":"https:\/\/evertonfc.cz\/index.php\/wp-json\/wp\/v2\/tags?post=4663"}],"curies":[{"name":"wp","href":"https:\/\/api.w.org\/{rel}","templated":true}]}}