{"id":4667,"date":"2014-08-17T18:38:44","date_gmt":"2014-08-17T16:38:44","guid":{"rendered":"http:\/\/evertonfc.cz\/?p=4667"},"modified":"2019-02-13T18:39:36","modified_gmt":"2019-02-13T17:39:36","slug":"leicester-city-everton-22","status":"publish","type":"post","link":"https:\/\/evertonfc.cz\/index.php\/2014\/08\/17\/leicester-city-everton-22\/","title":{"rendered":"Leicester City &#8211; Everton 2:2"},"content":{"rendered":"<h4 id=\"NewsPostDetailSummary\">Po pr\u016fb\u011bhu utk\u00e1n\u00ed prvn\u00edho kola na King Power Stadium mus\u00ed Toffees c\u00edtit zklam\u00e1n\u00ed, dom\u00e1c\u00ed vyrovnali jenom \u010dty\u0159i minuty p\u0159ed koncem. Do Leicesteru nav\u00edc neodcestoval Ross Barkley, jen\u017e si v tr\u00e9ninku natrhl medi\u00e1ln\u00ed kolenn\u00ed vaz a bude absentovat n\u011bkolik m\u011bs\u00edc\u016f.<\/h4>\n<div id=\"NewsPostDetailContent\">\n<p>Prvn\u00ed vy\u0161et\u0159en\u00ed nedok\u00e1zala odhadnout p\u0159esnou dobu l\u00e9\u010den\u00ed, Roberto Mart\u00ednez ji odhadl na sedm a\u017e p\u011bt m\u011bs\u00edc\u016f, d\u00e1 se proto o\u010dek\u00e1vat reakce EFC p\u0159estupov\u00e9m trhu. Bez Barkleyho Everton nastoupil se Steven Naismithem na podhrotu a Aiden McGeadym na prav\u00e9 stran\u011b z\u00e1lohy. Pod n\u00edm operoval John Stones, Seamus Coleman po vyl\u00e9\u010den\u00ed ze svalov\u00e9ho zran\u011bn\u00ed usedl na lavi\u010dku n\u00e1hradn\u00edk\u016f, kde se tak\u00e9 objevil Kevin Mirallas, vracej\u00edc\u00ed se do pln\u00e9 kondice. Jeho krajan Romelu Lukaku nastoupil v z\u00e1kladn\u00ed sestav\u011b a \u0161la na n\u011bm rozpoznat chyb\u011bj\u00edc\u00ed p\u0159\u00edprava, hr\u00e1l nejh\u016f\u0159e ze sestavy Toffees.<\/p>\n<p>Po \u00favodn\u00edch propaga\u010dn\u00edch st\u0159el\u00e1ch od McGeadyho a Morgana na druh\u00e9 stran\u011b, laxn\u00ed nedorozum\u011bn\u00ed mezi Jagielkou a Howardem skoro vy\u00fastilo v lacin\u00fd g\u00f3l. Na \u00favodn\u00ed trefu div\u00e1ci \u010dekali do 20. minuty. Vyb\u011bhnuv\u0161\u00ed Schmeichel sice vychytal Distina, jen\u017ee odra\u017een\u00fd m\u00ed\u010d uklidil do \u0161ibenice n\u00e1dhernou ranou Aiden McGeady &#8211; <strong>0:1<\/strong>. Debutov\u00e1 branka v Premier League jak se pat\u0159\u00ed!<\/p>\n<p>Veden\u00ed vydr\u017eelo Blues pouze dv\u011b minuty, po rohov\u00e9m Leonardo Ulloa zastavil t\u011blem odkop Sylvaina Distina a potvrdil n\u00e1lepku nejdra\u017e\u0161\u00ed posily dom\u00e1c\u00edch &#8211; <strong>1:1<\/strong>.<\/p>\n<p>Everton se postupem \u010dasu dost\u00e1val do ost\u0159ej\u0161\u00edho tempa, dob\u0159e operovala dvojice na lev\u00e9 stran\u011b Baines-Pienaar, hlavn\u011b druh\u00fd jmenovan\u00fd v\u00fdkonem pot\u011b\u0161il. Po jeho pob\u00eddce McGeadyho pokus zblokoval kapit\u00e1n Foxes Morgan. P\u0159i dal\u0161\u00ed st\u0159ele McGeady p\u00e1lil z\u00a0hranice v\u00e1pna nad b\u0159evno.<\/p>\n<p>Steven Naismith nejprve nasm\u011broval svou vizitku vedle prav\u00e9 ty\u010de Schmeichelovy br\u00e1ny, aby p\u0159ed polo\u010dasovou p\u0159est\u00e1vkou akci z lev\u00e9 strany korunoval pohotov\u00fdm zakon\u010den\u00edm &#8211; <strong>1:2<\/strong>.<\/p>\n<p>Jestli\u017ee s\u00a0\u00favodn\u00edmi 45 minuty mohli b\u00fdt host\u00e9 spokojen\u00ed, za druh\u00fd polo\u010das si pochvalu nezaslou\u017e\u00ed. Profesorsk\u00fd fotbal na hladov\u00e9ho nov\u00e1\u010dka pochopiteln\u011b neplatil. Prvn\u00ed varov\u00e1n\u00ed poslal Ulloa, pohybem se dostal p\u0159ed Jagielku a hlavi\u010dkoval mimo. N\u00e1sledoval ho Jeffrey Schlupp, ve stoprocentn\u00ed p\u0159\u00edle\u017eitosti vysoko p\u0159est\u0159elil.<\/p>\n<p>Probl\u00e9my p\u016fsobil rychlonoh\u00fd Riyiad Mahrez, Barry po faulu na n\u011bj uvid\u011bl \u017elutou kartu, a to byl rozhod\u010d\u00ed velmi benevolentn\u00ed. V 86. minut\u011b se pr\u00e1v\u011b po Mahrezov\u00e9 akci odrazil m\u00ed\u010d k\u00a0voln\u00e9mu Chrisu Woodovi, kter\u00fd zachoval chladnou hlavu a stanovil kone\u010dn\u00fd stav &#8211; <strong>2:2.<\/strong><\/p>\n<p>Highlights naleznete na <a href=\"http:\/\/www.evertonfc.com\/evertontv\/home\/10562\" target=\"_blank\" rel=\"noopener\">ofici\u00e1ln\u00edch str\u00e1nk\u00e1ch<\/a> nebo <a href=\"http:\/\/www.footytube.com\/video\/leicester-city-v-everton-289103\" target=\"_blank\" rel=\"noopener\">zde<\/a>.<\/p>\n<p><strong>Branky:<\/strong> 22. Leonardo Ulloa, 86. Chris Wood &#8211; 20. Aiden McGeady, 45. Steven Naismith<br \/>\n<strong>\u017dK:<\/strong> 71. Liam Moore &#8211; 68. Gareth Barry<br \/>\n<strong>Leicester City:<\/strong> Kasper Schmeichel, Ritchie De Laet, Paul Konchesky, Wes Morgan, Liam Moore, Daniel Drinkwater (39. Dean Hammond), Andy King, Anthony Knockaert (64. Jeffrey Schlupp), Riyiad Mahrez, Leonardo Ulloa (78. Chris Wood), David Nugent<br \/>\n<strong>Everton FC:<\/strong> Tim Howard, Leighton Baines, Phil Jagielka, Sylvain Distin, John Stones, Aiden McGeady (85. Seamus Coleman), Steven Naismith, James McCarthy, Gareth Barry, Steven Pienaar (81. Kevin Mirallas), Romelu Lukaku<br \/>\n<strong>Rozhod\u010d\u00ed:<\/strong> Mike Jones<br \/>\n<strong>Div\u00e1ci:<\/strong> 31 603<\/p>\n<\/div>\n","protected":false},"excerpt":{"rendered":"<p>Po pr\u016fb\u011bhu utk\u00e1n\u00ed prvn\u00edho kola na King Power Stadium mus\u00ed Toffees c\u00edtit zklam\u00e1n\u00ed, dom\u00e1c\u00ed vyrovnali jenom \u010dty\u0159i minuty p\u0159ed koncem.&hellip;<\/p>\n","protected":false},"author":6,"featured_media":1315,"comment_status":"open","ping_status":"closed","sticky":false,"template":"","format":"standard","meta":{"_eb_attr":"","_monsterinsights_skip_tracking":false,"_monsterinsights_sitenote_active":false,"_monsterinsights_sitenote_note":"","_monsterinsights_sitenote_category":0,"footnotes":""},"categories":[4],"tags":[],"yoast_head":"<!-- This site is optimized with the Yoast SEO plugin v23.4 - https:\/\/yoast.com\/wordpress\/plugins\/seo\/ -->\n<title>Leicester City - Everton 2:2 - Official Czech &amp; Slovak Everton Supporters&#039; Club<\/title>\n<meta name=\"robots\" content=\"index, follow, max-snippet:-1, max-image-preview:large, max-video-preview:-1\" \/>\n<link rel=\"canonical\" href=\"https:\/\/evertonfc.cz\/index.php\/2014\/08\/17\/leicester-city-everton-22\/\" \/>\n<meta property=\"og:locale\" content=\"cs_CZ\" \/>\n<meta property=\"og:type\" content=\"article\" \/>\n<meta property=\"og:title\" content=\"Leicester City - Everton 2:2 - Official Czech &amp; Slovak Everton Supporters&#039; Club\" \/>\n<meta property=\"og:description\" content=\"Po pr\u016fb\u011bhu utk\u00e1n\u00ed prvn\u00edho kola na King Power Stadium mus\u00ed Toffees c\u00edtit zklam\u00e1n\u00ed, dom\u00e1c\u00ed vyrovnali jenom \u010dty\u0159i minuty p\u0159ed koncem.&hellip;\" \/>\n<meta property=\"og:url\" content=\"https:\/\/evertonfc.cz\/index.php\/2014\/08\/17\/leicester-city-everton-22\/\" \/>\n<meta property=\"og:site_name\" content=\"Official Czech &amp; Slovak Everton Supporters&#039; Club\" \/>\n<meta property=\"article:publisher\" content=\"https:\/\/www.facebook.com\/everton.fans.cz.sk\" \/>\n<meta property=\"article:published_time\" content=\"2014-08-17T16:38:44+00:00\" \/>\n<meta property=\"article:modified_time\" content=\"2019-02-13T17:39:36+00:00\" \/>\n<meta property=\"og:image\" content=\"https:\/\/evertonfc.cz\/wp-content\/uploads\/2019\/01\/report.jpg\" \/>\n\t<meta property=\"og:image:width\" content=\"720\" \/>\n\t<meta property=\"og:image:height\" content=\"405\" \/>\n\t<meta property=\"og:image:type\" content=\"image\/jpeg\" \/>\n<meta name=\"author\" content=\"Ri\u010di\" \/>\n<meta name=\"twitter:card\" content=\"summary_large_image\" \/>\n<meta name=\"twitter:creator\" content=\"@rbrejsa\" \/>\n<meta name=\"twitter:label1\" content=\"Napsal(a)\" \/>\n\t<meta name=\"twitter:data1\" content=\"Ri\u010di\" \/>\n\t<meta name=\"twitter:label2\" content=\"Odhadovan\u00e1 doba \u010dten\u00ed\" \/>\n\t<meta name=\"twitter:data2\" content=\"3 minuty\" \/>\n<script type=\"application\/ld+json\" class=\"yoast-schema-graph\">{\"@context\":\"https:\/\/schema.org\",\"@graph\":[{\"@type\":\"Article\",\"@id\":\"https:\/\/evertonfc.cz\/index.php\/2014\/08\/17\/leicester-city-everton-22\/#article\",\"isPartOf\":{\"@id\":\"https:\/\/evertonfc.cz\/index.php\/2014\/08\/17\/leicester-city-everton-22\/\"},\"author\":{\"name\":\"Ri\u010di\",\"@id\":\"https:\/\/evertonfc.cz\/#\/schema\/person\/f7a5daedb2ffee98480bc70e191aaef1\"},\"headline\":\"Leicester City &#8211; Everton 2:2\",\"datePublished\":\"2014-08-17T16:38:44+00:00\",\"dateModified\":\"2019-02-13T17:39:36+00:00\",\"mainEntityOfPage\":{\"@id\":\"https:\/\/evertonfc.cz\/index.php\/2014\/08\/17\/leicester-city-everton-22\/\"},\"wordCount\":548,\"commentCount\":0,\"publisher\":{\"@id\":\"https:\/\/evertonfc.cz\/#organization\"},\"image\":{\"@id\":\"https:\/\/evertonfc.cz\/index.php\/2014\/08\/17\/leicester-city-everton-22\/#primaryimage\"},\"thumbnailUrl\":\"https:\/\/evertonfc.cz\/wp-content\/uploads\/2019\/01\/report.jpg\",\"articleSection\":[\"Z\u00e1pasy\"],\"inLanguage\":\"cs\",\"potentialAction\":[{\"@type\":\"CommentAction\",\"name\":\"Comment\",\"target\":[\"https:\/\/evertonfc.cz\/index.php\/2014\/08\/17\/leicester-city-everton-22\/#respond\"]}]},{\"@type\":\"WebPage\",\"@id\":\"https:\/\/evertonfc.cz\/index.php\/2014\/08\/17\/leicester-city-everton-22\/\",\"url\":\"https:\/\/evertonfc.cz\/index.php\/2014\/08\/17\/leicester-city-everton-22\/\",\"name\":\"Leicester City - Everton 2:2 - Official Czech &amp; Slovak Everton Supporters&#039; Club\",\"isPartOf\":{\"@id\":\"https:\/\/evertonfc.cz\/#website\"},\"primaryImageOfPage\":{\"@id\":\"https:\/\/evertonfc.cz\/index.php\/2014\/08\/17\/leicester-city-everton-22\/#primaryimage\"},\"image\":{\"@id\":\"https:\/\/evertonfc.cz\/index.php\/2014\/08\/17\/leicester-city-everton-22\/#primaryimage\"},\"thumbnailUrl\":\"https:\/\/evertonfc.cz\/wp-content\/uploads\/2019\/01\/report.jpg\",\"datePublished\":\"2014-08-17T16:38:44+00:00\",\"dateModified\":\"2019-02-13T17:39:36+00:00\",\"breadcrumb\":{\"@id\":\"https:\/\/evertonfc.cz\/index.php\/2014\/08\/17\/leicester-city-everton-22\/#breadcrumb\"},\"inLanguage\":\"cs\",\"potentialAction\":[{\"@type\":\"ReadAction\",\"target\":[\"https:\/\/evertonfc.cz\/index.php\/2014\/08\/17\/leicester-city-everton-22\/\"]}]},{\"@type\":\"ImageObject\",\"inLanguage\":\"cs\",\"@id\":\"https:\/\/evertonfc.cz\/index.php\/2014\/08\/17\/leicester-city-everton-22\/#primaryimage\",\"url\":\"https:\/\/evertonfc.cz\/wp-content\/uploads\/2019\/01\/report.jpg\",\"contentUrl\":\"https:\/\/evertonfc.cz\/wp-content\/uploads\/2019\/01\/report.jpg\",\"width\":720,\"height\":405},{\"@type\":\"BreadcrumbList\",\"@id\":\"https:\/\/evertonfc.cz\/index.php\/2014\/08\/17\/leicester-city-everton-22\/#breadcrumb\",\"itemListElement\":[{\"@type\":\"ListItem\",\"position\":1,\"name\":\"Home\",\"item\":\"https:\/\/evertonfc.cz\/\"},{\"@type\":\"ListItem\",\"position\":2,\"name\":\"Leicester City &#8211; Everton 2:2\"}]},{\"@type\":\"WebSite\",\"@id\":\"https:\/\/evertonfc.cz\/#website\",\"url\":\"https:\/\/evertonfc.cz\/\",\"name\":\"Official Czech &amp; Slovak Everton Supporters&#039; Club\",\"description\":\"\",\"publisher\":{\"@id\":\"https:\/\/evertonfc.cz\/#organization\"},\"potentialAction\":[{\"@type\":\"SearchAction\",\"target\":{\"@type\":\"EntryPoint\",\"urlTemplate\":\"https:\/\/evertonfc.cz\/?s={search_term_string}\"},\"query-input\":{\"@type\":\"PropertyValueSpecification\",\"valueRequired\":true,\"valueName\":\"search_term_string\"}}],\"inLanguage\":\"cs\"},{\"@type\":\"Organization\",\"@id\":\"https:\/\/evertonfc.cz\/#organization\",\"name\":\"Official Czech & Slovak Everton Supporters' Club\",\"url\":\"https:\/\/evertonfc.cz\/\",\"logo\":{\"@type\":\"ImageObject\",\"inLanguage\":\"cs\",\"@id\":\"https:\/\/evertonfc.cz\/#\/schema\/logo\/image\/\",\"url\":\"https:\/\/evertonfc.cz\/wp-content\/uploads\/2019\/05\/logo.png\",\"contentUrl\":\"https:\/\/evertonfc.cz\/wp-content\/uploads\/2019\/05\/logo.png\",\"width\":112,\"height\":112,\"caption\":\"Official Czech & Slovak Everton Supporters' Club\"},\"image\":{\"@id\":\"https:\/\/evertonfc.cz\/#\/schema\/logo\/image\/\"},\"sameAs\":[\"https:\/\/www.facebook.com\/everton.fans.cz.sk\"]},{\"@type\":\"Person\",\"@id\":\"https:\/\/evertonfc.cz\/#\/schema\/person\/f7a5daedb2ffee98480bc70e191aaef1\",\"name\":\"Ri\u010di\",\"sameAs\":[\"https:\/\/x.com\/rbrejsa\"],\"url\":\"https:\/\/evertonfc.cz\/index.php\/author\/rici\/\"}]}<\/script>\n<!-- \/ Yoast SEO plugin. -->","yoast_head_json":{"title":"Leicester City - Everton 2:2 - Official Czech &amp; Slovak Everton Supporters&#039; Club","robots":{"index":"index","follow":"follow","max-snippet":"max-snippet:-1","max-image-preview":"max-image-preview:large","max-video-preview":"max-video-preview:-1"},"canonical":"https:\/\/evertonfc.cz\/index.php\/2014\/08\/17\/leicester-city-everton-22\/","og_locale":"cs_CZ","og_type":"article","og_title":"Leicester City - Everton 2:2 - Official Czech &amp; Slovak Everton Supporters&#039; Club","og_description":"Po pr\u016fb\u011bhu utk\u00e1n\u00ed prvn\u00edho kola na King Power Stadium mus\u00ed Toffees c\u00edtit zklam\u00e1n\u00ed, dom\u00e1c\u00ed vyrovnali jenom \u010dty\u0159i minuty p\u0159ed koncem.&hellip;","og_url":"https:\/\/evertonfc.cz\/index.php\/2014\/08\/17\/leicester-city-everton-22\/","og_site_name":"Official Czech &amp; Slovak Everton Supporters&#039; Club","article_publisher":"https:\/\/www.facebook.com\/everton.fans.cz.sk","article_published_time":"2014-08-17T16:38:44+00:00","article_modified_time":"2019-02-13T17:39:36+00:00","og_image":[{"width":720,"height":405,"url":"https:\/\/evertonfc.cz\/wp-content\/uploads\/2019\/01\/report.jpg","type":"image\/jpeg"}],"author":"Ri\u010di","twitter_card":"summary_large_image","twitter_creator":"@rbrejsa","twitter_misc":{"Napsal(a)":"Ri\u010di","Odhadovan\u00e1 doba \u010dten\u00ed":"3 minuty"},"schema":{"@context":"https:\/\/schema.org","@graph":[{"@type":"Article","@id":"https:\/\/evertonfc.cz\/index.php\/2014\/08\/17\/leicester-city-everton-22\/#article","isPartOf":{"@id":"https:\/\/evertonfc.cz\/index.php\/2014\/08\/17\/leicester-city-everton-22\/"},"author":{"name":"Ri\u010di","@id":"https:\/\/evertonfc.cz\/#\/schema\/person\/f7a5daedb2ffee98480bc70e191aaef1"},"headline":"Leicester City &#8211; Everton 2:2","datePublished":"2014-08-17T16:38:44+00:00","dateModified":"2019-02-13T17:39:36+00:00","mainEntityOfPage":{"@id":"https:\/\/evertonfc.cz\/index.php\/2014\/08\/17\/leicester-city-everton-22\/"},"wordCount":548,"commentCount":0,"publisher":{"@id":"https:\/\/evertonfc.cz\/#organization"},"image":{"@id":"https:\/\/evertonfc.cz\/index.php\/2014\/08\/17\/leicester-city-everton-22\/#primaryimage"},"thumbnailUrl":"https:\/\/evertonfc.cz\/wp-content\/uploads\/2019\/01\/report.jpg","articleSection":["Z\u00e1pasy"],"inLanguage":"cs","potentialAction":[{"@type":"CommentAction","name":"Comment","target":["https:\/\/evertonfc.cz\/index.php\/2014\/08\/17\/leicester-city-everton-22\/#respond"]}]},{"@type":"WebPage","@id":"https:\/\/evertonfc.cz\/index.php\/2014\/08\/17\/leicester-city-everton-22\/","url":"https:\/\/evertonfc.cz\/index.php\/2014\/08\/17\/leicester-city-everton-22\/","name":"Leicester City - Everton 2:2 - Official Czech &amp; Slovak Everton Supporters&#039; Club","isPartOf":{"@id":"https:\/\/evertonfc.cz\/#website"},"primaryImageOfPage":{"@id":"https:\/\/evertonfc.cz\/index.php\/2014\/08\/17\/leicester-city-everton-22\/#primaryimage"},"image":{"@id":"https:\/\/evertonfc.cz\/index.php\/2014\/08\/17\/leicester-city-everton-22\/#primaryimage"},"thumbnailUrl":"https:\/\/evertonfc.cz\/wp-content\/uploads\/2019\/01\/report.jpg","datePublished":"2014-08-17T16:38:44+00:00","dateModified":"2019-02-13T17:39:36+00:00","breadcrumb":{"@id":"https:\/\/evertonfc.cz\/index.php\/2014\/08\/17\/leicester-city-everton-22\/#breadcrumb"},"inLanguage":"cs","potentialAction":[{"@type":"ReadAction","target":["https:\/\/evertonfc.cz\/index.php\/2014\/08\/17\/leicester-city-everton-22\/"]}]},{"@type":"ImageObject","inLanguage":"cs","@id":"https:\/\/evertonfc.cz\/index.php\/2014\/08\/17\/leicester-city-everton-22\/#primaryimage","url":"https:\/\/evertonfc.cz\/wp-content\/uploads\/2019\/01\/report.jpg","contentUrl":"https:\/\/evertonfc.cz\/wp-content\/uploads\/2019\/01\/report.jpg","width":720,"height":405},{"@type":"BreadcrumbList","@id":"https:\/\/evertonfc.cz\/index.php\/2014\/08\/17\/leicester-city-everton-22\/#breadcrumb","itemListElement":[{"@type":"ListItem","position":1,"name":"Home","item":"https:\/\/evertonfc.cz\/"},{"@type":"ListItem","position":2,"name":"Leicester City &#8211; Everton 2:2"}]},{"@type":"WebSite","@id":"https:\/\/evertonfc.cz\/#website","url":"https:\/\/evertonfc.cz\/","name":"Official Czech &amp; Slovak Everton Supporters&#039; Club","description":"","publisher":{"@id":"https:\/\/evertonfc.cz\/#organization"},"potentialAction":[{"@type":"SearchAction","target":{"@type":"EntryPoint","urlTemplate":"https:\/\/evertonfc.cz\/?s={search_term_string}"},"query-input":{"@type":"PropertyValueSpecification","valueRequired":true,"valueName":"search_term_string"}}],"inLanguage":"cs"},{"@type":"Organization","@id":"https:\/\/evertonfc.cz\/#organization","name":"Official Czech & Slovak Everton Supporters' Club","url":"https:\/\/evertonfc.cz\/","logo":{"@type":"ImageObject","inLanguage":"cs","@id":"https:\/\/evertonfc.cz\/#\/schema\/logo\/image\/","url":"https:\/\/evertonfc.cz\/wp-content\/uploads\/2019\/05\/logo.png","contentUrl":"https:\/\/evertonfc.cz\/wp-content\/uploads\/2019\/05\/logo.png","width":112,"height":112,"caption":"Official Czech & Slovak Everton Supporters' Club"},"image":{"@id":"https:\/\/evertonfc.cz\/#\/schema\/logo\/image\/"},"sameAs":["https:\/\/www.facebook.com\/everton.fans.cz.sk"]},{"@type":"Person","@id":"https:\/\/evertonfc.cz\/#\/schema\/person\/f7a5daedb2ffee98480bc70e191aaef1","name":"Ri\u010di","sameAs":["https:\/\/x.com\/rbrejsa"],"url":"https:\/\/evertonfc.cz\/index.php\/author\/rici\/"}]}},"_links":{"self":[{"href":"https:\/\/evertonfc.cz\/index.php\/wp-json\/wp\/v2\/posts\/4667"}],"collection":[{"href":"https:\/\/evertonfc.cz\/index.php\/wp-json\/wp\/v2\/posts"}],"about":[{"href":"https:\/\/evertonfc.cz\/index.php\/wp-json\/wp\/v2\/types\/post"}],"author":[{"embeddable":true,"href":"https:\/\/evertonfc.cz\/index.php\/wp-json\/wp\/v2\/users\/6"}],"replies":[{"embeddable":true,"href":"https:\/\/evertonfc.cz\/index.php\/wp-json\/wp\/v2\/comments?post=4667"}],"version-history":[{"count":1,"href":"https:\/\/evertonfc.cz\/index.php\/wp-json\/wp\/v2\/posts\/4667\/revisions"}],"predecessor-version":[{"id":4668,"href":"https:\/\/evertonfc.cz\/index.php\/wp-json\/wp\/v2\/posts\/4667\/revisions\/4668"}],"wp:featuredmedia":[{"embeddable":true,"href":"https:\/\/evertonfc.cz\/index.php\/wp-json\/wp\/v2\/media\/1315"}],"wp:attachment":[{"href":"https:\/\/evertonfc.cz\/index.php\/wp-json\/wp\/v2\/media?parent=4667"}],"wp:term":[{"taxonomy":"category","embeddable":true,"href":"https:\/\/evertonfc.cz\/index.php\/wp-json\/wp\/v2\/categories?post=4667"},{"taxonomy":"post_tag","embeddable":true,"href":"https:\/\/evertonfc.cz\/index.php\/wp-json\/wp\/v2\/tags?post=4667"}],"curies":[{"name":"wp","href":"https:\/\/api.w.org\/{rel}","templated":true}]}}