{"id":4669,"date":"2014-08-15T18:39:47","date_gmt":"2014-08-15T16:39:47","guid":{"rendered":"http:\/\/evertonfc.cz\/?p=4669"},"modified":"2020-12-17T12:52:12","modified_gmt":"2020-12-17T11:52:12","slug":"preview-leicester-city-everton-5","status":"publish","type":"post","link":"https:\/\/evertonfc.cz\/index.php\/2014\/08\/15\/preview-leicester-city-everton-5\/","title":{"rendered":"Preview: Leicester City &#8211; Everton"},"content":{"rendered":"<h4 id=\"NewsPostDetailSummary\">Everton vstoup\u00ed do Premier League 2014\/15 na p\u016fd\u011b nat\u011b\u0161en\u00e9ho nov\u00e1\u010dka z Leicesteru a mo\u017en\u00e1 a\u017e bez t\u0159\u00ed hr\u00e1\u010d\u016f optim\u00e1ln\u00ed z\u00e1kladn\u00ed sestavy, realistick\u00fdm pohledem by proto t\u0159i body vedly k v\u00fdborn\u00e9mu startu.<\/h4>\n<div id=\"NewsPostDetailContent\">\n<p>P\u0159i srovn\u00e1n\u00ed soupisek p\u016fsob\u00ed Toffees siln\u011bj\u0161\u00edm dojmem ne\u017e p\u0159ed rokem. Hostov\u00e1n\u00ed opor z lo\u0148sk\u00e9 sez\u00f3ny se prom\u011bnilo p\u0159estup, a tak Gareth Barry a Romelu Lukaku mohou d\u00e1l odv\u00e1d\u011bt kvalitn\u00ed v\u00fdkony, hlavn\u011b u druh\u00e9ho jmenovan\u00e9ho lze na z\u00e1klad\u011b\u00a0jeho potenci\u00e1lu po\u010d\u00edtat se zlep\u0161en\u00edm. St\u0159ed z\u00e1lohy vyztu\u017eil Muhamed Be\u0161i\u0107 a Christian Atsu nahradil dnes u\u017e v Seville hostuj\u00edc\u00edho Gerarda Deulofea. V\u00fdkonnostn\u00ed progres nastal u Johna Stonese a uvid\u00edme, zda i u Shana Duffyho, obohacen\u00e9ho hern\u00ed prax\u00ed z Yeovilu. K\u00a0\u00fapln\u00e9 spokojenosti chyb\u00ed jenom jedna posila, schopn\u00e1 operovat v \u00fato\u010dn\u00e9 z\u00e1loze a na hrotu. Nebo se dok\u00e1\u017eou prosadit mlad\u00edci Conor McAleny a Chris Long?<\/p>\n<p>Pochopiteln\u011b ale pap\u00edrov\u00e9 p\u0159edpoklady z\u00e1pasy nevyhr\u00e1vaj\u00ed, a tak Roberto Mart\u00ednez bude muset minim\u00e1ln\u011b zopakovat lo\u0148sk\u00fd rekordn\u00ed zisk 72 bod\u016f, pokud se chce p\u0159ibl\u00ed\u017eit vysn\u011bn\u00e9 prvn\u00ed \u010dty\u0159ce. P\u0159i prvn\u00edm kr\u016f\u010dku bude do posledn\u00ed chv\u00edle rozhodovat, jestli nasad\u00ed do \u00favodn\u00ed jeden\u00e1ctky dvojici Belgi\u010dan\u016f a Seamuse Colemana. Kevin Mirallas a Romelu Lukaku se po \u010dtvrtfin\u00e1lov\u00e9 pouti na Mistrovstv\u00ed sv\u011bta zapojili do letn\u00ed p\u0159\u00edpravy mezi posledn\u00edmi a jejich fyzick\u00e1 p\u0159ipravenost nespl\u0148uje nejvy\u0161\u0161\u00ed krit\u00e9ria, t\u0159eba\u017ee oba odehr\u00e1li v \u00fater\u00fd utk\u00e1n\u00ed za zav\u0159en\u00fdmi dve\u0159mi proti Sheffieldu Wednesday, na v\u00edt\u011bzstv\u00ed 4:1 se dv\u011bma g\u00f3ly pod\u00edlel Lukaku. Seamus Coleman si z\u00a0prvn\u00edho pr\u00e1zdninov\u00e9ho testu proti Tranmere odnesl svalov\u00e9 zran\u011bn\u00ed, je\u017e neumo\u017enilo nastoupit v dal\u0161\u00edch p\u0159\u00edpravn\u00fdch duelech v\u010detn\u011b prohry 0:1 s Foxes v Thajsku.<\/p>\n<p>Colemana by pravd\u011bpodobn\u011b nahradil Tony Hibbert, st\u00e1lice v kabin\u011b vynechala podstatnou \u010d\u00e1st minul\u00e9 sez\u00f3ny vinou zran\u011bn\u00ed a letos se hodl\u00e1 \u010dast\u011bji ukazovat na h\u0159i\u0161ti. M\u00e9n\u011b o\u010dek\u00e1vanou variantou \u010din\u00ed p\u0159esun Johna Stonese z pozice stopera na kraj obrany, talentovan\u00fd Angli\u010dan se by v\u0161ak dostal do z\u00e1kladn\u00ed sestavy, z n\u00ed\u017e ho moment\u00e1ln\u011b vytla\u010duj\u00ed zku\u0161en\u00ed Phil Jagielka a Sylvain Distin.<\/p>\n<p>P\u0159ed nepropustnou dvojic\u00ed v z\u00e1loze Barry-McCarthy by se ide\u00e1ln\u011b starala o kreativitu ofenzivn\u00ed trojice Kevin Mirallas, Ross Barkley, Kevin Mirallas a v\u00a0\u00fatoku o g\u00f3ly Romelu Lukaku. V p\u0159\u00edpad\u011b v\u00fdpadku belgick\u00e9ho dua jsou p\u0159ipraveni Leon Osman a Steven Naismith.<\/p>\n<p>Everton naposledy vycestoval na King Power Stadium, nebo-li chcete Filbert Way, p\u0159ed deseti lety v kv\u011btnu. Hosty tehdy poslal do veden\u00ed Wayne Rooney, na\u010de\u017e v\u00a0l\u00e9t\u011b p\u0159estoupil do Manchesteru United, a kone\u010dn\u00fd stav 1:1 vyst\u0159elil v\u00a0nastaven\u00ed budouc\u00ed hr\u00e1\u010d Evertonu Marcus Bent. Do pam\u011bti se zapsalo vystoupen\u00ed Duncana Fergusona, kter\u00fd po druh\u00e9 \u017elut\u00e9 kart\u011b <a href=\"https:\/\/www.youtube.com\/watch?v=BhJMKESQM34\" target=\"_blank\" rel=\"noopener noreferrer\">p\u0159i\u0161krtil Stefana Freunda<\/a> a cestou do kabin si neodpustil zlostn\u00e9 gesto. Nyn\u00ed klubov\u00e1 legenda stoj\u00ed na lavi\u010dce tren\u00e9r\u016f a bude se sna\u017eit pomoct k tomu, aby se do t\u011b\u017ek\u00e9ho dvojutk\u00e1n\u00ed na Goodison Parku s Arsenalem a Chelsea ne\u0161lo s pr\u00e1zdnou. Mimochodem ve zm\u00edn\u011bn\u00e9 sez\u00f3n\u011b 2003\/04 Everton skon\u010dil 17. a Leicester z 18. m\u00edsta sestoupil.<\/p>\n<p>3 500 Evertonians pocestuje do z\u00e1padn\u00edho Midlands povzbudit sv\u016fj t\u00fdm a netrp\u011bliv\u011b vyhl\u00ed\u017e\u00ed \u00favodn\u00ed hvizd. Roberto Mart\u00ednez ov\u0161em p\u0159edem varuje p\u0159ed celkem mana\u017eera Nigela Pearsona: <em>\u201eZe vz\u00e1jemn\u00e9ho souboje si uv\u011bdomuje, \u017ee \u010del\u00edme t\u00fdmu pln\u00e9ho sebev\u011bdom\u00ed, v\u00edry a v\u00edt\u011bzn\u00e9 mentality, v\u0161echny tyto vlastnosti si osvojil b\u011bhem posledn\u00ed dvou let, kdy se dopracoval k postupu.<\/em><\/p>\n<p><em>\u201eUr\u010dit\u011b nic nepodcen\u00edme, budeme st\u00e1t proti obrovsk\u00e9 energii a nad\u0161en\u00ed. Nenech\u00e1me se p\u0159ekvapit a zasko\u010dit, a\u010d soupe\u0159 dr\u017e\u00ed v\u00fdhodu dom\u00e1c\u00ed prost\u0159ed\u00ed a efektu nov\u00e1\u010dka z prvn\u00edch kol.\u201c<\/em><\/p>\n<p>\u0160ampi\u00f3n Championship se vrac\u00ed do elitn\u00ed anglick\u00e9 sout\u011b\u017ee po deseti letech a rozhodn\u011b m\u00e1 p\u0159edpoklady k udr\u017een\u00ed. Pearson je mu\u017eem na spr\u00e1vn\u00e9m m\u00edst\u011b a op\u00edr\u00e1 se o zaj\u00edmav\u00fd k\u00e1dr. P\u0159es l\u00e9to pos\u00edlil n\u00e1sledovn\u011b:\u00a0 Leonardo Ulloa (Brighton) &#8211; rekordn\u00edch \u00a38m, Jack Barmby (Manchester United), Ben Frempah (Ross County), Ben Hamer (Charlton), Matthew Upson (Brighton), Louis Rowley (Manchester United), Marc Albrighton (Aston Villa) &#8211; v\u0161ichni zdarma<\/p>\n<p>Foxes se op\u00edraj\u00ed o branka\u0159e slavn\u00e9ho jm\u00e9na, Kasper Schmeichel rozhodn\u011b zd\u011bdil kvality po otci. V \u00fatoku se popere o \u0161anci fanou\u0161ek Evertonu David Nugent a v z\u00e1loze hroz\u00ed nebezpe\u010d\u00ed od Riyada Mahreze. \u0160ikovn\u00fd Al\u017e\u00ed\u0159an v jednom p\u0159\u00edpad\u011b nas\u00e1l atmosf\u00e9ru Mistrovstv\u00ed sv\u011bta p\u0159\u00edmo z hrac\u00ed plochy, jinak se chlub\u00ed slu\u0161nou technikou a rychlost\u00ed.<\/p>\n<h4><strong>Z\u00e1pasov\u00e1 fakta<\/strong><\/h4>\n<p>Vz\u00e1jemn\u00e1<br \/>\n\u2022 Posledn\u00ed \u010dty\u0159i st\u0159etnut\u00ed dopadla rem\u00edzou<br \/>\n\u2022 Leicester neporazil Everton v dev\u00edti pokusech od v\u00fdhry 2:0 z roku 1998, na druhou stranu sedm z t\u011bchto dev\u00edti duel\u016f dosp\u011blo do nerozhodn\u00e9ho stavu.<\/p>\n<p>Leicester City<br \/>\n\u2022 P\u0159\u00edprava:<br \/>\nIlkeston (v) 6:1, 2x Nugent, Morgan, Wood, Hopper, vlastn\u00ed<br \/>\nEverton (n) 1:0, Taylor-Fletcher<br \/>\nWalsall (v) 2:3, Morgan, Nugent, Drinkwater<br \/>\nPreston NE (v) 1:1, Moore<br \/>\nMK Dons (v) 0:2, Nugent, Pearson<br \/>\nRotherham United (v) 1:3, 2x Ulloa, Drinkwater<br \/>\nWerder Br\u00e9my (d) 1:0, Morgan<br \/>\n\u2022 nedos\u00e1hl na v\u00fdhru v posledn\u00edch p\u011bti \u00favodn\u00edch kolech Premier League (3 rem\u00edzy, 2 prohry)<br \/>\n\u2022 minuloro\u010dn\u00ed druhou anglickou ligu opanoval suver\u00e9nn\u00edm zp\u016fsobem, na nejvy\u0161\u0161\u00ed p\u0159\u00ed\u010dku se dostal na Boxing Day a u\u017e ji neopustil<br \/>\n\u2022 102 nasb\u00edran\u00fdmi body zlomil klubov\u00fd rekord.<\/p>\n<p>Everton<br \/>\n\u2022 P\u0159\u00edprava:<br \/>\nTranmere Rovers (v) 2:2, Naismith, Osman<br \/>\nLeicester (n) 0:1<br \/>\nPorto (d) 1:1, Naismith<br \/>\nCelta Vigo (n) 1:3, McGeady<br \/>\nSC Paderborn (v) 1:3, Long<br \/>\n\u2022 vyhr\u00e1l t\u0159i z posledn\u00edch 11 otev\u00edrac\u00edch ligov\u00fdch kol (1 rem\u00edza, 7 proher)<br \/>\n\u2022 v lo\u0148sk\u00e9 Premier League obdr\u017eel 39 branek, lep\u0161\u00ed byli pouze Chelsea a Manchester City<br \/>\n\u2022 Leighton Baines (49) a Seamus Coleman (45) vytvo\u0159ili v minul\u00e9 sez\u00f3n\u011b nejv\u00edce g\u00f3lov\u00fdch \u0161anc\u00ed z obr\u00e1nc\u016f v Premier League.<\/p>\n<h4><strong>T\u00fdmov\u00e9 novinky<\/strong><\/h4>\n<p>Pot\u00ed\u017ee s\u00a0t\u0159\u00edsly nejsp\u00ed\u0161e p\u0159iprav\u00ed Marca Albrightona o start, na seznamu marod\u016f dopln\u00ed Anthonyho Knockaerta, Matthewa Upsona \u00a0a Jamieho Vardyho.<\/p>\n<table>\n<tbody>\n<tr>\n<td><strong>LEI:<\/strong><\/td>\n<td>Logan, Schmeichel, Smith, Bakayogo, De Laet, Konchesky, Moore, Morgan, Schlupp, Wasilewski, Albrighton (?), Drinkwater, Hammond, James, King, Mahrez, Hopper, Nugent, Taylor-Fletcher, Ulloa, Wood.<\/td>\n<\/tr>\n<\/tbody>\n<\/table>\n<p>O stavu Colemana, Mirallase a Lukaka je informov\u00e1no v\u00fd\u0161e, Christian Atsu a jeho stav je rovn\u011b\u017e ot\u00e1zn\u00fd. Jin\u00e1 posila Muhamed Be\u0161i\u0107 m\u016f\u017ee debutovat. Dlouhodob\u011b zran\u011bn\u00ed Bryan Oviedo a Arouna Kon\u00e9 pot\u0159ebuj\u00ed je\u0161t\u011b minim\u00e1ln\u011b m\u011bs\u00edc do z\u00edskan\u00ed stoprocentn\u00ed kondice pot\u0159ebn\u00e9 pro ostr\u00e1 utk\u00e1n\u00ed.<\/p>\n<table>\n<tbody>\n<tr>\n<td><strong>EFC:<\/strong><\/td>\n<td>Howard, Robles, Alcaraz, Baines, Coleman (?), Distin, Duffy, Garbutt, Hibbert, Jagielka, Stones, Atsu (?), Barkley, Barry, Be\u0161i\u0107, Gibson, McCarthy, McGeady, Osman, Pienaar, Long, Lukaku (?), McAleny, Mirallas (?), Naismith.<\/td>\n<\/tr>\n<\/tbody>\n<\/table>\n<p><strong>Co:<\/strong> Leicester City FC &#8211; Everton FC, 1. kolo Premier League<br \/>\n<strong>Kdy:<\/strong> 16. 08. 2014 od 16:00 SE\u010c<br \/>\n<strong>Kde:<\/strong> King Power Stadium, Leicester (kapacita: 32 262)<br \/>\n<strong>Rozhod\u010d\u00ed:<\/strong> Mike Jones<\/p>\n<\/div>\n","protected":false},"excerpt":{"rendered":"<p>Everton vstoup\u00ed do Premier League 2014\/15 na p\u016fd\u011b nat\u011b\u0161en\u00e9ho nov\u00e1\u010dka z Leicesteru a mo\u017en\u00e1 a\u017e bez t\u0159\u00ed hr\u00e1\u010d\u016f optim\u00e1ln\u00ed z\u00e1kladn\u00ed&hellip;<\/p>\n","protected":false},"author":6,"featured_media":13180,"comment_status":"open","ping_status":"closed","sticky":false,"template":"","format":"standard","meta":{"_eb_attr":"","_monsterinsights_skip_tracking":false,"_monsterinsights_sitenote_active":false,"_monsterinsights_sitenote_note":"","_monsterinsights_sitenote_category":0,"footnotes":""},"categories":[4],"tags":[],"yoast_head":"<!-- This site is optimized with the Yoast SEO plugin v23.4 - https:\/\/yoast.com\/wordpress\/plugins\/seo\/ -->\n<title>Preview: Leicester City - Everton - Official Czech &amp; Slovak Everton Supporters&#039; Club<\/title>\n<meta name=\"robots\" content=\"index, follow, max-snippet:-1, max-image-preview:large, max-video-preview:-1\" \/>\n<link rel=\"canonical\" href=\"https:\/\/evertonfc.cz\/index.php\/2014\/08\/15\/preview-leicester-city-everton-5\/\" \/>\n<meta property=\"og:locale\" content=\"cs_CZ\" \/>\n<meta property=\"og:type\" content=\"article\" \/>\n<meta property=\"og:title\" content=\"Preview: Leicester City - Everton - Official Czech &amp; Slovak Everton Supporters&#039; Club\" \/>\n<meta property=\"og:description\" content=\"Everton vstoup\u00ed do Premier League 2014\/15 na p\u016fd\u011b nat\u011b\u0161en\u00e9ho nov\u00e1\u010dka z Leicesteru a mo\u017en\u00e1 a\u017e bez t\u0159\u00ed hr\u00e1\u010d\u016f optim\u00e1ln\u00ed z\u00e1kladn\u00ed&hellip;\" \/>\n<meta property=\"og:url\" content=\"https:\/\/evertonfc.cz\/index.php\/2014\/08\/15\/preview-leicester-city-everton-5\/\" \/>\n<meta property=\"og:site_name\" content=\"Official Czech &amp; Slovak Everton Supporters&#039; Club\" \/>\n<meta property=\"article:publisher\" content=\"https:\/\/www.facebook.com\/everton.fans.cz.sk\" \/>\n<meta property=\"article:published_time\" content=\"2014-08-15T16:39:47+00:00\" \/>\n<meta property=\"article:modified_time\" content=\"2020-12-17T11:52:12+00:00\" \/>\n<meta property=\"og:image\" content=\"https:\/\/evertonfc.cz\/wp-content\/uploads\/2020\/12\/Leicester-City-VS-Everton.jpg\" \/>\n\t<meta property=\"og:image:width\" content=\"720\" \/>\n\t<meta property=\"og:image:height\" content=\"405\" \/>\n\t<meta property=\"og:image:type\" content=\"image\/jpeg\" \/>\n<meta name=\"author\" content=\"Ri\u010di\" \/>\n<meta name=\"twitter:card\" content=\"summary_large_image\" \/>\n<meta name=\"twitter:creator\" content=\"@rbrejsa\" \/>\n<meta name=\"twitter:label1\" content=\"Napsal(a)\" \/>\n\t<meta name=\"twitter:data1\" content=\"Ri\u010di\" \/>\n\t<meta name=\"twitter:label2\" content=\"Odhadovan\u00e1 doba \u010dten\u00ed\" \/>\n\t<meta name=\"twitter:data2\" content=\"6 minut\" \/>\n<script type=\"application\/ld+json\" class=\"yoast-schema-graph\">{\"@context\":\"https:\/\/schema.org\",\"@graph\":[{\"@type\":\"Article\",\"@id\":\"https:\/\/evertonfc.cz\/index.php\/2014\/08\/15\/preview-leicester-city-everton-5\/#article\",\"isPartOf\":{\"@id\":\"https:\/\/evertonfc.cz\/index.php\/2014\/08\/15\/preview-leicester-city-everton-5\/\"},\"author\":{\"name\":\"Ri\u010di\",\"@id\":\"https:\/\/evertonfc.cz\/#\/schema\/person\/f7a5daedb2ffee98480bc70e191aaef1\"},\"headline\":\"Preview: Leicester City &#8211; Everton\",\"datePublished\":\"2014-08-15T16:39:47+00:00\",\"dateModified\":\"2020-12-17T11:52:12+00:00\",\"mainEntityOfPage\":{\"@id\":\"https:\/\/evertonfc.cz\/index.php\/2014\/08\/15\/preview-leicester-city-everton-5\/\"},\"wordCount\":1206,\"commentCount\":0,\"publisher\":{\"@id\":\"https:\/\/evertonfc.cz\/#organization\"},\"image\":{\"@id\":\"https:\/\/evertonfc.cz\/index.php\/2014\/08\/15\/preview-leicester-city-everton-5\/#primaryimage\"},\"thumbnailUrl\":\"https:\/\/evertonfc.cz\/wp-content\/uploads\/2020\/12\/Leicester-City-VS-Everton.jpg\",\"articleSection\":[\"Z\u00e1pasy\"],\"inLanguage\":\"cs\",\"potentialAction\":[{\"@type\":\"CommentAction\",\"name\":\"Comment\",\"target\":[\"https:\/\/evertonfc.cz\/index.php\/2014\/08\/15\/preview-leicester-city-everton-5\/#respond\"]}]},{\"@type\":\"WebPage\",\"@id\":\"https:\/\/evertonfc.cz\/index.php\/2014\/08\/15\/preview-leicester-city-everton-5\/\",\"url\":\"https:\/\/evertonfc.cz\/index.php\/2014\/08\/15\/preview-leicester-city-everton-5\/\",\"name\":\"Preview: Leicester City - Everton - Official Czech &amp; Slovak Everton Supporters&#039; Club\",\"isPartOf\":{\"@id\":\"https:\/\/evertonfc.cz\/#website\"},\"primaryImageOfPage\":{\"@id\":\"https:\/\/evertonfc.cz\/index.php\/2014\/08\/15\/preview-leicester-city-everton-5\/#primaryimage\"},\"image\":{\"@id\":\"https:\/\/evertonfc.cz\/index.php\/2014\/08\/15\/preview-leicester-city-everton-5\/#primaryimage\"},\"thumbnailUrl\":\"https:\/\/evertonfc.cz\/wp-content\/uploads\/2020\/12\/Leicester-City-VS-Everton.jpg\",\"datePublished\":\"2014-08-15T16:39:47+00:00\",\"dateModified\":\"2020-12-17T11:52:12+00:00\",\"breadcrumb\":{\"@id\":\"https:\/\/evertonfc.cz\/index.php\/2014\/08\/15\/preview-leicester-city-everton-5\/#breadcrumb\"},\"inLanguage\":\"cs\",\"potentialAction\":[{\"@type\":\"ReadAction\",\"target\":[\"https:\/\/evertonfc.cz\/index.php\/2014\/08\/15\/preview-leicester-city-everton-5\/\"]}]},{\"@type\":\"ImageObject\",\"inLanguage\":\"cs\",\"@id\":\"https:\/\/evertonfc.cz\/index.php\/2014\/08\/15\/preview-leicester-city-everton-5\/#primaryimage\",\"url\":\"https:\/\/evertonfc.cz\/wp-content\/uploads\/2020\/12\/Leicester-City-VS-Everton.jpg\",\"contentUrl\":\"https:\/\/evertonfc.cz\/wp-content\/uploads\/2020\/12\/Leicester-City-VS-Everton.jpg\",\"width\":720,\"height\":405},{\"@type\":\"BreadcrumbList\",\"@id\":\"https:\/\/evertonfc.cz\/index.php\/2014\/08\/15\/preview-leicester-city-everton-5\/#breadcrumb\",\"itemListElement\":[{\"@type\":\"ListItem\",\"position\":1,\"name\":\"Home\",\"item\":\"https:\/\/evertonfc.cz\/\"},{\"@type\":\"ListItem\",\"position\":2,\"name\":\"Preview: Leicester City &#8211; Everton\"}]},{\"@type\":\"WebSite\",\"@id\":\"https:\/\/evertonfc.cz\/#website\",\"url\":\"https:\/\/evertonfc.cz\/\",\"name\":\"Official Czech &amp; Slovak Everton Supporters&#039; Club\",\"description\":\"\",\"publisher\":{\"@id\":\"https:\/\/evertonfc.cz\/#organization\"},\"potentialAction\":[{\"@type\":\"SearchAction\",\"target\":{\"@type\":\"EntryPoint\",\"urlTemplate\":\"https:\/\/evertonfc.cz\/?s={search_term_string}\"},\"query-input\":{\"@type\":\"PropertyValueSpecification\",\"valueRequired\":true,\"valueName\":\"search_term_string\"}}],\"inLanguage\":\"cs\"},{\"@type\":\"Organization\",\"@id\":\"https:\/\/evertonfc.cz\/#organization\",\"name\":\"Official Czech & Slovak Everton Supporters' Club\",\"url\":\"https:\/\/evertonfc.cz\/\",\"logo\":{\"@type\":\"ImageObject\",\"inLanguage\":\"cs\",\"@id\":\"https:\/\/evertonfc.cz\/#\/schema\/logo\/image\/\",\"url\":\"https:\/\/evertonfc.cz\/wp-content\/uploads\/2019\/05\/logo.png\",\"contentUrl\":\"https:\/\/evertonfc.cz\/wp-content\/uploads\/2019\/05\/logo.png\",\"width\":112,\"height\":112,\"caption\":\"Official Czech & Slovak Everton Supporters' Club\"},\"image\":{\"@id\":\"https:\/\/evertonfc.cz\/#\/schema\/logo\/image\/\"},\"sameAs\":[\"https:\/\/www.facebook.com\/everton.fans.cz.sk\"]},{\"@type\":\"Person\",\"@id\":\"https:\/\/evertonfc.cz\/#\/schema\/person\/f7a5daedb2ffee98480bc70e191aaef1\",\"name\":\"Ri\u010di\",\"sameAs\":[\"https:\/\/x.com\/rbrejsa\"],\"url\":\"https:\/\/evertonfc.cz\/index.php\/author\/rici\/\"}]}<\/script>\n<!-- \/ Yoast SEO plugin. -->","yoast_head_json":{"title":"Preview: Leicester City - Everton - Official Czech &amp; Slovak Everton Supporters&#039; Club","robots":{"index":"index","follow":"follow","max-snippet":"max-snippet:-1","max-image-preview":"max-image-preview:large","max-video-preview":"max-video-preview:-1"},"canonical":"https:\/\/evertonfc.cz\/index.php\/2014\/08\/15\/preview-leicester-city-everton-5\/","og_locale":"cs_CZ","og_type":"article","og_title":"Preview: Leicester City - Everton - Official Czech &amp; Slovak Everton Supporters&#039; Club","og_description":"Everton vstoup\u00ed do Premier League 2014\/15 na p\u016fd\u011b nat\u011b\u0161en\u00e9ho nov\u00e1\u010dka z Leicesteru a mo\u017en\u00e1 a\u017e bez t\u0159\u00ed hr\u00e1\u010d\u016f optim\u00e1ln\u00ed z\u00e1kladn\u00ed&hellip;","og_url":"https:\/\/evertonfc.cz\/index.php\/2014\/08\/15\/preview-leicester-city-everton-5\/","og_site_name":"Official Czech &amp; Slovak Everton Supporters&#039; Club","article_publisher":"https:\/\/www.facebook.com\/everton.fans.cz.sk","article_published_time":"2014-08-15T16:39:47+00:00","article_modified_time":"2020-12-17T11:52:12+00:00","og_image":[{"width":720,"height":405,"url":"https:\/\/evertonfc.cz\/wp-content\/uploads\/2020\/12\/Leicester-City-VS-Everton.jpg","type":"image\/jpeg"}],"author":"Ri\u010di","twitter_card":"summary_large_image","twitter_creator":"@rbrejsa","twitter_misc":{"Napsal(a)":"Ri\u010di","Odhadovan\u00e1 doba \u010dten\u00ed":"6 minut"},"schema":{"@context":"https:\/\/schema.org","@graph":[{"@type":"Article","@id":"https:\/\/evertonfc.cz\/index.php\/2014\/08\/15\/preview-leicester-city-everton-5\/#article","isPartOf":{"@id":"https:\/\/evertonfc.cz\/index.php\/2014\/08\/15\/preview-leicester-city-everton-5\/"},"author":{"name":"Ri\u010di","@id":"https:\/\/evertonfc.cz\/#\/schema\/person\/f7a5daedb2ffee98480bc70e191aaef1"},"headline":"Preview: Leicester City &#8211; Everton","datePublished":"2014-08-15T16:39:47+00:00","dateModified":"2020-12-17T11:52:12+00:00","mainEntityOfPage":{"@id":"https:\/\/evertonfc.cz\/index.php\/2014\/08\/15\/preview-leicester-city-everton-5\/"},"wordCount":1206,"commentCount":0,"publisher":{"@id":"https:\/\/evertonfc.cz\/#organization"},"image":{"@id":"https:\/\/evertonfc.cz\/index.php\/2014\/08\/15\/preview-leicester-city-everton-5\/#primaryimage"},"thumbnailUrl":"https:\/\/evertonfc.cz\/wp-content\/uploads\/2020\/12\/Leicester-City-VS-Everton.jpg","articleSection":["Z\u00e1pasy"],"inLanguage":"cs","potentialAction":[{"@type":"CommentAction","name":"Comment","target":["https:\/\/evertonfc.cz\/index.php\/2014\/08\/15\/preview-leicester-city-everton-5\/#respond"]}]},{"@type":"WebPage","@id":"https:\/\/evertonfc.cz\/index.php\/2014\/08\/15\/preview-leicester-city-everton-5\/","url":"https:\/\/evertonfc.cz\/index.php\/2014\/08\/15\/preview-leicester-city-everton-5\/","name":"Preview: Leicester City - Everton - Official Czech &amp; Slovak Everton Supporters&#039; Club","isPartOf":{"@id":"https:\/\/evertonfc.cz\/#website"},"primaryImageOfPage":{"@id":"https:\/\/evertonfc.cz\/index.php\/2014\/08\/15\/preview-leicester-city-everton-5\/#primaryimage"},"image":{"@id":"https:\/\/evertonfc.cz\/index.php\/2014\/08\/15\/preview-leicester-city-everton-5\/#primaryimage"},"thumbnailUrl":"https:\/\/evertonfc.cz\/wp-content\/uploads\/2020\/12\/Leicester-City-VS-Everton.jpg","datePublished":"2014-08-15T16:39:47+00:00","dateModified":"2020-12-17T11:52:12+00:00","breadcrumb":{"@id":"https:\/\/evertonfc.cz\/index.php\/2014\/08\/15\/preview-leicester-city-everton-5\/#breadcrumb"},"inLanguage":"cs","potentialAction":[{"@type":"ReadAction","target":["https:\/\/evertonfc.cz\/index.php\/2014\/08\/15\/preview-leicester-city-everton-5\/"]}]},{"@type":"ImageObject","inLanguage":"cs","@id":"https:\/\/evertonfc.cz\/index.php\/2014\/08\/15\/preview-leicester-city-everton-5\/#primaryimage","url":"https:\/\/evertonfc.cz\/wp-content\/uploads\/2020\/12\/Leicester-City-VS-Everton.jpg","contentUrl":"https:\/\/evertonfc.cz\/wp-content\/uploads\/2020\/12\/Leicester-City-VS-Everton.jpg","width":720,"height":405},{"@type":"BreadcrumbList","@id":"https:\/\/evertonfc.cz\/index.php\/2014\/08\/15\/preview-leicester-city-everton-5\/#breadcrumb","itemListElement":[{"@type":"ListItem","position":1,"name":"Home","item":"https:\/\/evertonfc.cz\/"},{"@type":"ListItem","position":2,"name":"Preview: Leicester City &#8211; Everton"}]},{"@type":"WebSite","@id":"https:\/\/evertonfc.cz\/#website","url":"https:\/\/evertonfc.cz\/","name":"Official Czech &amp; Slovak Everton Supporters&#039; Club","description":"","publisher":{"@id":"https:\/\/evertonfc.cz\/#organization"},"potentialAction":[{"@type":"SearchAction","target":{"@type":"EntryPoint","urlTemplate":"https:\/\/evertonfc.cz\/?s={search_term_string}"},"query-input":{"@type":"PropertyValueSpecification","valueRequired":true,"valueName":"search_term_string"}}],"inLanguage":"cs"},{"@type":"Organization","@id":"https:\/\/evertonfc.cz\/#organization","name":"Official Czech & Slovak Everton Supporters' Club","url":"https:\/\/evertonfc.cz\/","logo":{"@type":"ImageObject","inLanguage":"cs","@id":"https:\/\/evertonfc.cz\/#\/schema\/logo\/image\/","url":"https:\/\/evertonfc.cz\/wp-content\/uploads\/2019\/05\/logo.png","contentUrl":"https:\/\/evertonfc.cz\/wp-content\/uploads\/2019\/05\/logo.png","width":112,"height":112,"caption":"Official Czech & Slovak Everton Supporters' Club"},"image":{"@id":"https:\/\/evertonfc.cz\/#\/schema\/logo\/image\/"},"sameAs":["https:\/\/www.facebook.com\/everton.fans.cz.sk"]},{"@type":"Person","@id":"https:\/\/evertonfc.cz\/#\/schema\/person\/f7a5daedb2ffee98480bc70e191aaef1","name":"Ri\u010di","sameAs":["https:\/\/x.com\/rbrejsa"],"url":"https:\/\/evertonfc.cz\/index.php\/author\/rici\/"}]}},"_links":{"self":[{"href":"https:\/\/evertonfc.cz\/index.php\/wp-json\/wp\/v2\/posts\/4669"}],"collection":[{"href":"https:\/\/evertonfc.cz\/index.php\/wp-json\/wp\/v2\/posts"}],"about":[{"href":"https:\/\/evertonfc.cz\/index.php\/wp-json\/wp\/v2\/types\/post"}],"author":[{"embeddable":true,"href":"https:\/\/evertonfc.cz\/index.php\/wp-json\/wp\/v2\/users\/6"}],"replies":[{"embeddable":true,"href":"https:\/\/evertonfc.cz\/index.php\/wp-json\/wp\/v2\/comments?post=4669"}],"version-history":[{"count":4,"href":"https:\/\/evertonfc.cz\/index.php\/wp-json\/wp\/v2\/posts\/4669\/revisions"}],"predecessor-version":[{"id":13206,"href":"https:\/\/evertonfc.cz\/index.php\/wp-json\/wp\/v2\/posts\/4669\/revisions\/13206"}],"wp:featuredmedia":[{"embeddable":true,"href":"https:\/\/evertonfc.cz\/index.php\/wp-json\/wp\/v2\/media\/13180"}],"wp:attachment":[{"href":"https:\/\/evertonfc.cz\/index.php\/wp-json\/wp\/v2\/media?parent=4669"}],"wp:term":[{"taxonomy":"category","embeddable":true,"href":"https:\/\/evertonfc.cz\/index.php\/wp-json\/wp\/v2\/categories?post=4669"},{"taxonomy":"post_tag","embeddable":true,"href":"https:\/\/evertonfc.cz\/index.php\/wp-json\/wp\/v2\/tags?post=4669"}],"curies":[{"name":"wp","href":"https:\/\/api.w.org\/{rel}","templated":true}]}}