{"id":4671,"date":"2014-08-13T18:41:19","date_gmt":"2014-08-13T16:41:19","guid":{"rendered":"http:\/\/evertonfc.cz\/?p=4671"},"modified":"2019-02-13T23:26:39","modified_gmt":"2019-02-13T22:26:39","slug":"atsu-na-rok-k-toffees","status":"publish","type":"post","link":"https:\/\/evertonfc.cz\/index.php\/2014\/08\/13\/atsu-na-rok-k-toffees\/","title":{"rendered":"Atsu na rok k Toffees"},"content":{"rendered":"<h4 id=\"NewsPostDetailSummary\">Christian Atsu se stal \u010dtvrtou letn\u00ed posilou, Everton dot\u00e1hl jeho celosez\u00f3nn\u00ed hostov\u00e1n\u00ed z Chelsea a k dispozici bude u\u017e v sobotn\u00edm prvn\u00edm kole v Leicesteru.<\/h4>\n<div id=\"NewsPostDetailContent\">\n<p>Dvaadvacetilet\u00fd ghansk\u00fd reprezentant ve st\u0159edu podstoupil \u00fasp\u011b\u0161nou zdravotn\u00ed prohl\u00eddku a z\u00edskal pracovn\u00ed povolen\u00ed pot\u0159ebn\u00e9 k dlouhodob\u00e9mu pobytu v Anglii. Ostr\u00fd k\u0159\u00eddeln\u00ed fotbalista doplnil trojici hr\u00e1\u010d\u016f, Gareth Barry, Muhamed Be\u0161i\u0107, Romelu Lukaku, kter\u00e9 Toffees z\u00edskali d\u0159\u00edve na trval\u00fd p\u0159estup, po podpisu prozradil: <em>\u201eJsem \u0161\u0165astn\u00fd z p\u0159estupu do skv\u011bl\u00e9ho klubu vyzn\u00e1vaj\u00edc\u00ed l\u00edbiv\u00fd styl fotbalu. Je pro m\u011b v\u00fdznamn\u00fdm pot\u011b\u0161en\u00edm pat\u0159it do zdej\u0161\u00edho kolektivu. Hr\u00e1n\u00ed v Premier League pro m\u011b v\u017edy p\u0159edstavovalo c\u00edl, nyn\u00ed jsem si ho splnil.<\/em><\/p>\n<p><em>Vy\u0161\u0161\u00ed \u00farove\u0148 ne\u017e v Premier League jsem prozat\u00edm v kari\u00e9\u0159e neokusil. Jedn\u00e1 se ligu plnou konkurenceschopn\u00fdch mu\u017estev, tvrd\u00fd p\u0159\u00edstup k tr\u00e9ninku n\u00e1s v\u0161ak m\u016f\u017ee dov\u00e9st k \u00fasp\u011b\u0161n\u00e9 sez\u00f3n\u011b<\/em>.\u201c<\/p>\n<p>Roberto Mart\u00ednez \u010derstv\u00fd p\u0159\u00edr\u016fstek do kabiny okomentoval n\u00e1sledovn\u011b. <em>\u201eSv\u00fdm charakterem zapad\u00e1 do zp\u016fsobu hry, jak\u00fdm se chceme prezentovat. Christian je velmi technicky nadan\u00fd fotbalista se spr\u00e1vnou povahou. Ta mu pom\u016f\u017ee zapadnout do mu\u017estva.<\/em><\/p>\n<p><em>\u201eFanou\u0161ci zcela jist\u011b zaujme, jeliko\u017e nab\u00edz\u00ed n\u011bco \u00fapln\u011b odli\u0161n\u00e9ho, ne\u017e co najdete v sou\u010dasn\u00e9m k\u00e1dru. Je levonoh\u00fd hr\u00e1\u010d, r\u00e1d zved\u00e1 fanou\u0161ky ze sedadel a skv\u011ble rozum\u00ed h\u0159e, co\u017e je \u00factyhodn\u00e9 na tak mlad\u00e9ho mu\u017ee.<\/em><\/p>\n<p><em>Z\u00e1rove\u0148 zv\u00fd\u0161\u00ed boj o m\u00edsto v sestav\u011b na pozici, je\u017e jsme pot\u0159ebovali zes\u00edlit. Z\u00e1palem, hladem po \u00fasp\u011bchu a schopnost\u00ed prosadit se ve fin\u00e1ln\u00ed t\u0159etin\u011b h\u0159i\u0161t\u011b n\u00e1m dod\u00e1v\u00e1 nov\u00e9 mo\u017enosti.\u201c<\/em><\/p>\n<p>Atsu si ud\u011blal dobr\u00e9 jm\u00e9no v Evrop\u011b p\u0159i anga\u017em\u00e1 v Portu, z n\u011bho\u017e ho v lo\u0148sk\u00e9m z\u00e1\u0159\u00ed vykoupila Chelsea za \u00a35,2m. Obratem ho poslala na ro\u010dn\u00ed hostov\u00e1n\u00ed do sp\u0159\u00edzn\u011bn\u00e9ho celku Vitesse Arnhem. 172 cm vysok\u00fd rychl\u00edk v Holandsku nastoupil k 28 ligov\u00fdch z\u00e1pas\u016fm a vst\u0159elil p\u011bt branek. Ro\u010dn\u00edk ukon\u010dil \u00fa\u010dast\u00ed na Mistrovstv\u00ed sv\u011bta, v dresu Ghany nasko\u010dil do v\u0161ech t\u0159ech utk\u00e1n\u00ed v\u00a0z\u00e1kladn\u00ed skupin\u011b.<\/p>\n<p>T\u0159i dny p\u0159ed startem Premiership vypad\u00e1 soupiska Evertonu n\u00e1sledovn\u011b.<\/p>\n<p><strong>Branka\u0159i: <\/strong>Tim Howard, Joel Robles<br \/>\n<strong>Obr\u00e1nci:<\/strong> Tony Hibbert, S\u00e9amus Coleman, Shane Duffy, Phil Jagielka, Sylvain Distin, John Stones, Antol\u00edn Alcaraz, Luke Garbutt, Leighton Baines, Bryan Oviedo<br \/>\n<strong>Z\u00e1lo\u017en\u00edci:<\/strong> Darron Gibson, Leon Osman, Ross Barkley, Steven Pienaar, Gareth Barry, James McCarthy, Aiden McGeady, Muhamed Be\u0161i\u0107, Kevin Mirallas, Christian Atsu<br \/>\n<strong>\u00dato\u010dn\u00edci: <\/strong>Steven Naismith, Arouna Kon\u00e9, Romelu Lukaku, Christopher Long, Conor McAleny.<\/p>\n<p>Do\u010dk\u00e1me se do konce p\u0159estupov\u00e9 obdob\u00ed zm\u011bn?<\/p>\n<\/div>\n","protected":false},"excerpt":{"rendered":"<p>Christian Atsu se stal \u010dtvrtou letn\u00ed posilou, Everton dot\u00e1hl jeho celosez\u00f3nn\u00ed hostov\u00e1n\u00ed z Chelsea a k dispozici bude u\u017e v&hellip;<\/p>\n","protected":false},"author":6,"featured_media":1316,"comment_status":"open","ping_status":"closed","sticky":false,"template":"","format":"standard","meta":{"_eb_attr":"","_monsterinsights_skip_tracking":false,"_monsterinsights_sitenote_active":false,"_monsterinsights_sitenote_note":"","_monsterinsights_sitenote_category":0,"footnotes":""},"categories":[41],"tags":[],"yoast_head":"<!-- This site is optimized with the Yoast SEO plugin v23.4 - https:\/\/yoast.com\/wordpress\/plugins\/seo\/ -->\n<title>Atsu na rok k Toffees - Official Czech &amp; Slovak Everton Supporters&#039; Club<\/title>\n<meta name=\"robots\" content=\"index, follow, max-snippet:-1, max-image-preview:large, max-video-preview:-1\" \/>\n<link rel=\"canonical\" href=\"https:\/\/evertonfc.cz\/index.php\/2014\/08\/13\/atsu-na-rok-k-toffees\/\" \/>\n<meta property=\"og:locale\" content=\"cs_CZ\" \/>\n<meta property=\"og:type\" content=\"article\" \/>\n<meta property=\"og:title\" content=\"Atsu na rok k Toffees - Official Czech &amp; Slovak Everton Supporters&#039; Club\" \/>\n<meta property=\"og:description\" content=\"Christian Atsu se stal \u010dtvrtou letn\u00ed posilou, Everton dot\u00e1hl jeho celosez\u00f3nn\u00ed hostov\u00e1n\u00ed z Chelsea a k dispozici bude u\u017e v&hellip;\" \/>\n<meta property=\"og:url\" content=\"https:\/\/evertonfc.cz\/index.php\/2014\/08\/13\/atsu-na-rok-k-toffees\/\" \/>\n<meta property=\"og:site_name\" content=\"Official Czech &amp; Slovak Everton Supporters&#039; Club\" \/>\n<meta property=\"article:publisher\" content=\"https:\/\/www.facebook.com\/everton.fans.cz.sk\" \/>\n<meta property=\"article:published_time\" content=\"2014-08-13T16:41:19+00:00\" \/>\n<meta property=\"article:modified_time\" content=\"2019-02-13T22:26:39+00:00\" \/>\n<meta property=\"og:image\" content=\"https:\/\/evertonfc.cz\/wp-content\/uploads\/2019\/01\/transfer.jpg\" \/>\n\t<meta property=\"og:image:width\" content=\"720\" \/>\n\t<meta property=\"og:image:height\" content=\"405\" \/>\n\t<meta property=\"og:image:type\" content=\"image\/jpeg\" \/>\n<meta name=\"author\" content=\"Ri\u010di\" \/>\n<meta name=\"twitter:card\" content=\"summary_large_image\" \/>\n<meta name=\"twitter:creator\" content=\"@rbrejsa\" \/>\n<meta name=\"twitter:label1\" content=\"Napsal(a)\" \/>\n\t<meta name=\"twitter:data1\" content=\"Ri\u010di\" \/>\n\t<meta name=\"twitter:label2\" content=\"Odhadovan\u00e1 doba \u010dten\u00ed\" \/>\n\t<meta name=\"twitter:data2\" content=\"2 minuty\" \/>\n<script type=\"application\/ld+json\" class=\"yoast-schema-graph\">{\"@context\":\"https:\/\/schema.org\",\"@graph\":[{\"@type\":\"Article\",\"@id\":\"https:\/\/evertonfc.cz\/index.php\/2014\/08\/13\/atsu-na-rok-k-toffees\/#article\",\"isPartOf\":{\"@id\":\"https:\/\/evertonfc.cz\/index.php\/2014\/08\/13\/atsu-na-rok-k-toffees\/\"},\"author\":{\"name\":\"Ri\u010di\",\"@id\":\"https:\/\/evertonfc.cz\/#\/schema\/person\/f7a5daedb2ffee98480bc70e191aaef1\"},\"headline\":\"Atsu na rok k Toffees\",\"datePublished\":\"2014-08-13T16:41:19+00:00\",\"dateModified\":\"2019-02-13T22:26:39+00:00\",\"mainEntityOfPage\":{\"@id\":\"https:\/\/evertonfc.cz\/index.php\/2014\/08\/13\/atsu-na-rok-k-toffees\/\"},\"wordCount\":490,\"commentCount\":0,\"publisher\":{\"@id\":\"https:\/\/evertonfc.cz\/#organization\"},\"image\":{\"@id\":\"https:\/\/evertonfc.cz\/index.php\/2014\/08\/13\/atsu-na-rok-k-toffees\/#primaryimage\"},\"thumbnailUrl\":\"https:\/\/evertonfc.cz\/wp-content\/uploads\/2019\/01\/transfer.jpg\",\"articleSection\":[\"P\u0159estupy\"],\"inLanguage\":\"cs\",\"potentialAction\":[{\"@type\":\"CommentAction\",\"name\":\"Comment\",\"target\":[\"https:\/\/evertonfc.cz\/index.php\/2014\/08\/13\/atsu-na-rok-k-toffees\/#respond\"]}]},{\"@type\":\"WebPage\",\"@id\":\"https:\/\/evertonfc.cz\/index.php\/2014\/08\/13\/atsu-na-rok-k-toffees\/\",\"url\":\"https:\/\/evertonfc.cz\/index.php\/2014\/08\/13\/atsu-na-rok-k-toffees\/\",\"name\":\"Atsu na rok k Toffees - Official Czech &amp; Slovak Everton Supporters&#039; Club\",\"isPartOf\":{\"@id\":\"https:\/\/evertonfc.cz\/#website\"},\"primaryImageOfPage\":{\"@id\":\"https:\/\/evertonfc.cz\/index.php\/2014\/08\/13\/atsu-na-rok-k-toffees\/#primaryimage\"},\"image\":{\"@id\":\"https:\/\/evertonfc.cz\/index.php\/2014\/08\/13\/atsu-na-rok-k-toffees\/#primaryimage\"},\"thumbnailUrl\":\"https:\/\/evertonfc.cz\/wp-content\/uploads\/2019\/01\/transfer.jpg\",\"datePublished\":\"2014-08-13T16:41:19+00:00\",\"dateModified\":\"2019-02-13T22:26:39+00:00\",\"breadcrumb\":{\"@id\":\"https:\/\/evertonfc.cz\/index.php\/2014\/08\/13\/atsu-na-rok-k-toffees\/#breadcrumb\"},\"inLanguage\":\"cs\",\"potentialAction\":[{\"@type\":\"ReadAction\",\"target\":[\"https:\/\/evertonfc.cz\/index.php\/2014\/08\/13\/atsu-na-rok-k-toffees\/\"]}]},{\"@type\":\"ImageObject\",\"inLanguage\":\"cs\",\"@id\":\"https:\/\/evertonfc.cz\/index.php\/2014\/08\/13\/atsu-na-rok-k-toffees\/#primaryimage\",\"url\":\"https:\/\/evertonfc.cz\/wp-content\/uploads\/2019\/01\/transfer.jpg\",\"contentUrl\":\"https:\/\/evertonfc.cz\/wp-content\/uploads\/2019\/01\/transfer.jpg\",\"width\":720,\"height\":405},{\"@type\":\"BreadcrumbList\",\"@id\":\"https:\/\/evertonfc.cz\/index.php\/2014\/08\/13\/atsu-na-rok-k-toffees\/#breadcrumb\",\"itemListElement\":[{\"@type\":\"ListItem\",\"position\":1,\"name\":\"Home\",\"item\":\"https:\/\/evertonfc.cz\/\"},{\"@type\":\"ListItem\",\"position\":2,\"name\":\"Atsu na rok k Toffees\"}]},{\"@type\":\"WebSite\",\"@id\":\"https:\/\/evertonfc.cz\/#website\",\"url\":\"https:\/\/evertonfc.cz\/\",\"name\":\"Official Czech &amp; Slovak Everton Supporters&#039; Club\",\"description\":\"\",\"publisher\":{\"@id\":\"https:\/\/evertonfc.cz\/#organization\"},\"potentialAction\":[{\"@type\":\"SearchAction\",\"target\":{\"@type\":\"EntryPoint\",\"urlTemplate\":\"https:\/\/evertonfc.cz\/?s={search_term_string}\"},\"query-input\":{\"@type\":\"PropertyValueSpecification\",\"valueRequired\":true,\"valueName\":\"search_term_string\"}}],\"inLanguage\":\"cs\"},{\"@type\":\"Organization\",\"@id\":\"https:\/\/evertonfc.cz\/#organization\",\"name\":\"Official Czech & Slovak Everton Supporters' Club\",\"url\":\"https:\/\/evertonfc.cz\/\",\"logo\":{\"@type\":\"ImageObject\",\"inLanguage\":\"cs\",\"@id\":\"https:\/\/evertonfc.cz\/#\/schema\/logo\/image\/\",\"url\":\"https:\/\/evertonfc.cz\/wp-content\/uploads\/2019\/05\/logo.png\",\"contentUrl\":\"https:\/\/evertonfc.cz\/wp-content\/uploads\/2019\/05\/logo.png\",\"width\":112,\"height\":112,\"caption\":\"Official Czech & Slovak Everton Supporters' Club\"},\"image\":{\"@id\":\"https:\/\/evertonfc.cz\/#\/schema\/logo\/image\/\"},\"sameAs\":[\"https:\/\/www.facebook.com\/everton.fans.cz.sk\"]},{\"@type\":\"Person\",\"@id\":\"https:\/\/evertonfc.cz\/#\/schema\/person\/f7a5daedb2ffee98480bc70e191aaef1\",\"name\":\"Ri\u010di\",\"sameAs\":[\"https:\/\/x.com\/rbrejsa\"],\"url\":\"https:\/\/evertonfc.cz\/index.php\/author\/rici\/\"}]}<\/script>\n<!-- \/ Yoast SEO plugin. -->","yoast_head_json":{"title":"Atsu na rok k Toffees - Official Czech &amp; Slovak Everton Supporters&#039; Club","robots":{"index":"index","follow":"follow","max-snippet":"max-snippet:-1","max-image-preview":"max-image-preview:large","max-video-preview":"max-video-preview:-1"},"canonical":"https:\/\/evertonfc.cz\/index.php\/2014\/08\/13\/atsu-na-rok-k-toffees\/","og_locale":"cs_CZ","og_type":"article","og_title":"Atsu na rok k Toffees - Official Czech &amp; Slovak Everton Supporters&#039; Club","og_description":"Christian Atsu se stal \u010dtvrtou letn\u00ed posilou, Everton dot\u00e1hl jeho celosez\u00f3nn\u00ed hostov\u00e1n\u00ed z Chelsea a k dispozici bude u\u017e v&hellip;","og_url":"https:\/\/evertonfc.cz\/index.php\/2014\/08\/13\/atsu-na-rok-k-toffees\/","og_site_name":"Official Czech &amp; Slovak Everton Supporters&#039; Club","article_publisher":"https:\/\/www.facebook.com\/everton.fans.cz.sk","article_published_time":"2014-08-13T16:41:19+00:00","article_modified_time":"2019-02-13T22:26:39+00:00","og_image":[{"width":720,"height":405,"url":"https:\/\/evertonfc.cz\/wp-content\/uploads\/2019\/01\/transfer.jpg","type":"image\/jpeg"}],"author":"Ri\u010di","twitter_card":"summary_large_image","twitter_creator":"@rbrejsa","twitter_misc":{"Napsal(a)":"Ri\u010di","Odhadovan\u00e1 doba \u010dten\u00ed":"2 minuty"},"schema":{"@context":"https:\/\/schema.org","@graph":[{"@type":"Article","@id":"https:\/\/evertonfc.cz\/index.php\/2014\/08\/13\/atsu-na-rok-k-toffees\/#article","isPartOf":{"@id":"https:\/\/evertonfc.cz\/index.php\/2014\/08\/13\/atsu-na-rok-k-toffees\/"},"author":{"name":"Ri\u010di","@id":"https:\/\/evertonfc.cz\/#\/schema\/person\/f7a5daedb2ffee98480bc70e191aaef1"},"headline":"Atsu na rok k Toffees","datePublished":"2014-08-13T16:41:19+00:00","dateModified":"2019-02-13T22:26:39+00:00","mainEntityOfPage":{"@id":"https:\/\/evertonfc.cz\/index.php\/2014\/08\/13\/atsu-na-rok-k-toffees\/"},"wordCount":490,"commentCount":0,"publisher":{"@id":"https:\/\/evertonfc.cz\/#organization"},"image":{"@id":"https:\/\/evertonfc.cz\/index.php\/2014\/08\/13\/atsu-na-rok-k-toffees\/#primaryimage"},"thumbnailUrl":"https:\/\/evertonfc.cz\/wp-content\/uploads\/2019\/01\/transfer.jpg","articleSection":["P\u0159estupy"],"inLanguage":"cs","potentialAction":[{"@type":"CommentAction","name":"Comment","target":["https:\/\/evertonfc.cz\/index.php\/2014\/08\/13\/atsu-na-rok-k-toffees\/#respond"]}]},{"@type":"WebPage","@id":"https:\/\/evertonfc.cz\/index.php\/2014\/08\/13\/atsu-na-rok-k-toffees\/","url":"https:\/\/evertonfc.cz\/index.php\/2014\/08\/13\/atsu-na-rok-k-toffees\/","name":"Atsu na rok k Toffees - Official Czech &amp; Slovak Everton Supporters&#039; Club","isPartOf":{"@id":"https:\/\/evertonfc.cz\/#website"},"primaryImageOfPage":{"@id":"https:\/\/evertonfc.cz\/index.php\/2014\/08\/13\/atsu-na-rok-k-toffees\/#primaryimage"},"image":{"@id":"https:\/\/evertonfc.cz\/index.php\/2014\/08\/13\/atsu-na-rok-k-toffees\/#primaryimage"},"thumbnailUrl":"https:\/\/evertonfc.cz\/wp-content\/uploads\/2019\/01\/transfer.jpg","datePublished":"2014-08-13T16:41:19+00:00","dateModified":"2019-02-13T22:26:39+00:00","breadcrumb":{"@id":"https:\/\/evertonfc.cz\/index.php\/2014\/08\/13\/atsu-na-rok-k-toffees\/#breadcrumb"},"inLanguage":"cs","potentialAction":[{"@type":"ReadAction","target":["https:\/\/evertonfc.cz\/index.php\/2014\/08\/13\/atsu-na-rok-k-toffees\/"]}]},{"@type":"ImageObject","inLanguage":"cs","@id":"https:\/\/evertonfc.cz\/index.php\/2014\/08\/13\/atsu-na-rok-k-toffees\/#primaryimage","url":"https:\/\/evertonfc.cz\/wp-content\/uploads\/2019\/01\/transfer.jpg","contentUrl":"https:\/\/evertonfc.cz\/wp-content\/uploads\/2019\/01\/transfer.jpg","width":720,"height":405},{"@type":"BreadcrumbList","@id":"https:\/\/evertonfc.cz\/index.php\/2014\/08\/13\/atsu-na-rok-k-toffees\/#breadcrumb","itemListElement":[{"@type":"ListItem","position":1,"name":"Home","item":"https:\/\/evertonfc.cz\/"},{"@type":"ListItem","position":2,"name":"Atsu na rok k Toffees"}]},{"@type":"WebSite","@id":"https:\/\/evertonfc.cz\/#website","url":"https:\/\/evertonfc.cz\/","name":"Official Czech &amp; Slovak Everton Supporters&#039; Club","description":"","publisher":{"@id":"https:\/\/evertonfc.cz\/#organization"},"potentialAction":[{"@type":"SearchAction","target":{"@type":"EntryPoint","urlTemplate":"https:\/\/evertonfc.cz\/?s={search_term_string}"},"query-input":{"@type":"PropertyValueSpecification","valueRequired":true,"valueName":"search_term_string"}}],"inLanguage":"cs"},{"@type":"Organization","@id":"https:\/\/evertonfc.cz\/#organization","name":"Official Czech & Slovak Everton Supporters' Club","url":"https:\/\/evertonfc.cz\/","logo":{"@type":"ImageObject","inLanguage":"cs","@id":"https:\/\/evertonfc.cz\/#\/schema\/logo\/image\/","url":"https:\/\/evertonfc.cz\/wp-content\/uploads\/2019\/05\/logo.png","contentUrl":"https:\/\/evertonfc.cz\/wp-content\/uploads\/2019\/05\/logo.png","width":112,"height":112,"caption":"Official Czech & Slovak Everton Supporters' Club"},"image":{"@id":"https:\/\/evertonfc.cz\/#\/schema\/logo\/image\/"},"sameAs":["https:\/\/www.facebook.com\/everton.fans.cz.sk"]},{"@type":"Person","@id":"https:\/\/evertonfc.cz\/#\/schema\/person\/f7a5daedb2ffee98480bc70e191aaef1","name":"Ri\u010di","sameAs":["https:\/\/x.com\/rbrejsa"],"url":"https:\/\/evertonfc.cz\/index.php\/author\/rici\/"}]}},"_links":{"self":[{"href":"https:\/\/evertonfc.cz\/index.php\/wp-json\/wp\/v2\/posts\/4671"}],"collection":[{"href":"https:\/\/evertonfc.cz\/index.php\/wp-json\/wp\/v2\/posts"}],"about":[{"href":"https:\/\/evertonfc.cz\/index.php\/wp-json\/wp\/v2\/types\/post"}],"author":[{"embeddable":true,"href":"https:\/\/evertonfc.cz\/index.php\/wp-json\/wp\/v2\/users\/6"}],"replies":[{"embeddable":true,"href":"https:\/\/evertonfc.cz\/index.php\/wp-json\/wp\/v2\/comments?post=4671"}],"version-history":[{"count":3,"href":"https:\/\/evertonfc.cz\/index.php\/wp-json\/wp\/v2\/posts\/4671\/revisions"}],"predecessor-version":[{"id":4934,"href":"https:\/\/evertonfc.cz\/index.php\/wp-json\/wp\/v2\/posts\/4671\/revisions\/4934"}],"wp:featuredmedia":[{"embeddable":true,"href":"https:\/\/evertonfc.cz\/index.php\/wp-json\/wp\/v2\/media\/1316"}],"wp:attachment":[{"href":"https:\/\/evertonfc.cz\/index.php\/wp-json\/wp\/v2\/media?parent=4671"}],"wp:term":[{"taxonomy":"category","embeddable":true,"href":"https:\/\/evertonfc.cz\/index.php\/wp-json\/wp\/v2\/categories?post=4671"},{"taxonomy":"post_tag","embeddable":true,"href":"https:\/\/evertonfc.cz\/index.php\/wp-json\/wp\/v2\/tags?post=4671"}],"curies":[{"name":"wp","href":"https:\/\/api.w.org\/{rel}","templated":true}]}}