{"id":4675,"date":"2014-08-09T18:44:40","date_gmt":"2014-08-09T16:44:40","guid":{"rendered":"http:\/\/evertonfc.cz\/?p=4675"},"modified":"2019-02-13T23:27:19","modified_gmt":"2019-02-13T22:27:19","slug":"sc-paderborn-everton-fc-31-pripravny-zapas","status":"publish","type":"post","link":"https:\/\/evertonfc.cz\/index.php\/2014\/08\/09\/sc-paderborn-everton-fc-31-pripravny-zapas\/","title":{"rendered":"SC Paderborn &#8211; Everton FC 3:1 (pr\u00edpravn\u00fd z\u00e1pas)"},"content":{"rendered":"<h4 id=\"NewsPostDetailSummary\">Everton odohral 9. augusta posledn\u00fd verejn\u00fd pr\u00edpravn\u00fd z\u00e1pas s nov\u00e1\u010dikom nemeckej bundesligy SC Paderborn. Ani v poslednom pr\u00edpravnom z\u00e1pase toffees nevyhrali; po nev\u00fdraznom v\u00fdkone prehrali 3:1.<\/h4>\n<div id=\"NewsPostDetailContent\">\n<p>Benteler Arena | 9th August 2014<\/p>\n<p><strong>G\u00f3ly <\/strong><\/p>\n<p>SC Padreborn:\u00a0Stoppelkamp 15 , Duksch 68 , Bruckner 76<\/p>\n<p>Everton FC: Ch. Long 13.<\/p>\n<p><strong>Zostavy<\/strong><\/p>\n<p><strong>Eveton<\/strong><\/p>\n<p>1. pol\u010das: Howard, Hibbert, Baines, Jagielka, Alcaraz, Besic, Barry, McGeady, Pienaar, Barkley, Long<\/p>\n<p>Striedania v 2. pol\u010dase: Hope (87 McGeady), Naismith (46 Pienaar), Osman (46 Barkley), McCarthy (79 Long).<\/p>\n<p><strong>SC Paderborn<\/strong><\/p>\n<p>1. pol\u010das: Kruse, Hunemeier, Rupp, Ziegler, Bakalorz, Wemmer, Vrancic, Kutschke, Stoppelkamp, Hartherz, Koc.<\/p>\n<p>Prv\u00e9 reporty si m\u00f4\u017eete pre\u010d\u00edta\u0165 v angli\u010dtine napr. tu:<\/p>\n<p>Ofici\u00e1lna str\u00e1nka EFC<\/p>\n<p><a href=\"http:\/\/www.evertonfc.com\/match\/report\/1415\/sc-paderborn-v-everton\" target=\"_blank\" rel=\"noopener\">www.evertonfc.com\/match\/report\/1415\/sc-paderborn-v-everton<\/a><\/p>\n<p>Fan\u00fa\u0161ikovsk\u00e9 str\u00e1nky:<\/p>\n<p><a href=\"http:\/\/www.nsno.co.uk\/everton-news\/2014\/08\/everton-complete-winless-pre-season-in-germany\/\" target=\"_blank\" rel=\"noopener\">www.toffeeweb.com\/season\/14-15\/news\/28097.html<\/a><\/p>\n<p><a href=\"http:\/\/www.nsno.co.uk\/everton-news\/2014\/08\/everton-complete-winless-pre-season-in-germany\/\" target=\"_blank\" rel=\"noopener\">www.nsno.co.uk\/everton-news\/2014\/08\/everton-complete-winless-pre-season-in-germany<\/a><\/p>\n<p><a href=\"http:\/\/royalbluemersey.sbnation.com\/2014\/8\/9\/5985903\/sc-paderborn-3-1-everton-another-disappointing-pre-season-defeat\" target=\"_blank\" rel=\"noopener\">www.royalbluemersey.sbnation.com\/2014\/8\/9\/5985903\/sc-paderborn-3-1-everton-another-disappointing-pre-season-defeat<\/a><\/p>\n<\/div>\n","protected":false},"excerpt":{"rendered":"<p>Everton odohral 9. augusta posledn\u00fd verejn\u00fd pr\u00edpravn\u00fd z\u00e1pas s nov\u00e1\u010dikom nemeckej bundesligy SC Paderborn. Ani v poslednom pr\u00edpravnom z\u00e1pase toffees&hellip;<\/p>\n","protected":false},"author":23,"featured_media":1315,"comment_status":"open","ping_status":"closed","sticky":false,"template":"","format":"standard","meta":{"_eb_attr":"","_monsterinsights_skip_tracking":false,"_monsterinsights_sitenote_active":false,"_monsterinsights_sitenote_note":"","_monsterinsights_sitenote_category":0,"footnotes":""},"categories":[4],"tags":[],"yoast_head":"<!-- This site is optimized with the Yoast SEO plugin v23.4 - https:\/\/yoast.com\/wordpress\/plugins\/seo\/ -->\n<title>SC Paderborn - Everton FC 3:1 (pr\u00edpravn\u00fd z\u00e1pas) - Official Czech &amp; Slovak Everton Supporters&#039; Club<\/title>\n<meta name=\"robots\" content=\"index, follow, max-snippet:-1, max-image-preview:large, max-video-preview:-1\" \/>\n<link rel=\"canonical\" href=\"https:\/\/evertonfc.cz\/index.php\/2014\/08\/09\/sc-paderborn-everton-fc-31-pripravny-zapas\/\" \/>\n<meta property=\"og:locale\" content=\"cs_CZ\" \/>\n<meta property=\"og:type\" content=\"article\" \/>\n<meta property=\"og:title\" content=\"SC Paderborn - Everton FC 3:1 (pr\u00edpravn\u00fd z\u00e1pas) - Official Czech &amp; Slovak Everton Supporters&#039; Club\" \/>\n<meta property=\"og:description\" content=\"Everton odohral 9. augusta posledn\u00fd verejn\u00fd pr\u00edpravn\u00fd z\u00e1pas s nov\u00e1\u010dikom nemeckej bundesligy SC Paderborn. Ani v poslednom pr\u00edpravnom z\u00e1pase toffees&hellip;\" \/>\n<meta property=\"og:url\" content=\"https:\/\/evertonfc.cz\/index.php\/2014\/08\/09\/sc-paderborn-everton-fc-31-pripravny-zapas\/\" \/>\n<meta property=\"og:site_name\" content=\"Official Czech &amp; Slovak Everton Supporters&#039; Club\" \/>\n<meta property=\"article:publisher\" content=\"https:\/\/www.facebook.com\/everton.fans.cz.sk\" \/>\n<meta property=\"article:published_time\" content=\"2014-08-09T16:44:40+00:00\" \/>\n<meta property=\"article:modified_time\" content=\"2019-02-13T22:27:19+00:00\" \/>\n<meta property=\"og:image\" content=\"https:\/\/evertonfc.cz\/wp-content\/uploads\/2019\/01\/report.jpg\" \/>\n\t<meta property=\"og:image:width\" content=\"720\" \/>\n\t<meta property=\"og:image:height\" content=\"405\" \/>\n\t<meta property=\"og:image:type\" content=\"image\/jpeg\" \/>\n<meta name=\"author\" content=\"Everton1878\" \/>\n<meta name=\"twitter:card\" content=\"summary_large_image\" \/>\n<meta name=\"twitter:label1\" content=\"Napsal(a)\" \/>\n\t<meta name=\"twitter:data1\" content=\"Everton1878\" \/>\n\t<meta name=\"twitter:label2\" content=\"Odhadovan\u00e1 doba \u010dten\u00ed\" \/>\n\t<meta name=\"twitter:data2\" content=\"1 minuta\" \/>\n<script type=\"application\/ld+json\" class=\"yoast-schema-graph\">{\"@context\":\"https:\/\/schema.org\",\"@graph\":[{\"@type\":\"Article\",\"@id\":\"https:\/\/evertonfc.cz\/index.php\/2014\/08\/09\/sc-paderborn-everton-fc-31-pripravny-zapas\/#article\",\"isPartOf\":{\"@id\":\"https:\/\/evertonfc.cz\/index.php\/2014\/08\/09\/sc-paderborn-everton-fc-31-pripravny-zapas\/\"},\"author\":{\"name\":\"Everton1878\",\"@id\":\"https:\/\/evertonfc.cz\/#\/schema\/person\/c495ad9c14eabaab7ff243473d85758c\"},\"headline\":\"SC Paderborn &#8211; Everton FC 3:1 (pr\u00edpravn\u00fd z\u00e1pas)\",\"datePublished\":\"2014-08-09T16:44:40+00:00\",\"dateModified\":\"2019-02-13T22:27:19+00:00\",\"mainEntityOfPage\":{\"@id\":\"https:\/\/evertonfc.cz\/index.php\/2014\/08\/09\/sc-paderborn-everton-fc-31-pripravny-zapas\/\"},\"wordCount\":144,\"commentCount\":0,\"publisher\":{\"@id\":\"https:\/\/evertonfc.cz\/#organization\"},\"image\":{\"@id\":\"https:\/\/evertonfc.cz\/index.php\/2014\/08\/09\/sc-paderborn-everton-fc-31-pripravny-zapas\/#primaryimage\"},\"thumbnailUrl\":\"https:\/\/evertonfc.cz\/wp-content\/uploads\/2019\/01\/report.jpg\",\"articleSection\":[\"Z\u00e1pasy\"],\"inLanguage\":\"cs\",\"potentialAction\":[{\"@type\":\"CommentAction\",\"name\":\"Comment\",\"target\":[\"https:\/\/evertonfc.cz\/index.php\/2014\/08\/09\/sc-paderborn-everton-fc-31-pripravny-zapas\/#respond\"]}]},{\"@type\":\"WebPage\",\"@id\":\"https:\/\/evertonfc.cz\/index.php\/2014\/08\/09\/sc-paderborn-everton-fc-31-pripravny-zapas\/\",\"url\":\"https:\/\/evertonfc.cz\/index.php\/2014\/08\/09\/sc-paderborn-everton-fc-31-pripravny-zapas\/\",\"name\":\"SC Paderborn - Everton FC 3:1 (pr\u00edpravn\u00fd z\u00e1pas) - Official Czech &amp; Slovak Everton Supporters&#039; Club\",\"isPartOf\":{\"@id\":\"https:\/\/evertonfc.cz\/#website\"},\"primaryImageOfPage\":{\"@id\":\"https:\/\/evertonfc.cz\/index.php\/2014\/08\/09\/sc-paderborn-everton-fc-31-pripravny-zapas\/#primaryimage\"},\"image\":{\"@id\":\"https:\/\/evertonfc.cz\/index.php\/2014\/08\/09\/sc-paderborn-everton-fc-31-pripravny-zapas\/#primaryimage\"},\"thumbnailUrl\":\"https:\/\/evertonfc.cz\/wp-content\/uploads\/2019\/01\/report.jpg\",\"datePublished\":\"2014-08-09T16:44:40+00:00\",\"dateModified\":\"2019-02-13T22:27:19+00:00\",\"breadcrumb\":{\"@id\":\"https:\/\/evertonfc.cz\/index.php\/2014\/08\/09\/sc-paderborn-everton-fc-31-pripravny-zapas\/#breadcrumb\"},\"inLanguage\":\"cs\",\"potentialAction\":[{\"@type\":\"ReadAction\",\"target\":[\"https:\/\/evertonfc.cz\/index.php\/2014\/08\/09\/sc-paderborn-everton-fc-31-pripravny-zapas\/\"]}]},{\"@type\":\"ImageObject\",\"inLanguage\":\"cs\",\"@id\":\"https:\/\/evertonfc.cz\/index.php\/2014\/08\/09\/sc-paderborn-everton-fc-31-pripravny-zapas\/#primaryimage\",\"url\":\"https:\/\/evertonfc.cz\/wp-content\/uploads\/2019\/01\/report.jpg\",\"contentUrl\":\"https:\/\/evertonfc.cz\/wp-content\/uploads\/2019\/01\/report.jpg\",\"width\":720,\"height\":405},{\"@type\":\"BreadcrumbList\",\"@id\":\"https:\/\/evertonfc.cz\/index.php\/2014\/08\/09\/sc-paderborn-everton-fc-31-pripravny-zapas\/#breadcrumb\",\"itemListElement\":[{\"@type\":\"ListItem\",\"position\":1,\"name\":\"Home\",\"item\":\"https:\/\/evertonfc.cz\/\"},{\"@type\":\"ListItem\",\"position\":2,\"name\":\"SC Paderborn &#8211; Everton FC 3:1 (pr\u00edpravn\u00fd z\u00e1pas)\"}]},{\"@type\":\"WebSite\",\"@id\":\"https:\/\/evertonfc.cz\/#website\",\"url\":\"https:\/\/evertonfc.cz\/\",\"name\":\"Official Czech &amp; Slovak Everton Supporters&#039; Club\",\"description\":\"\",\"publisher\":{\"@id\":\"https:\/\/evertonfc.cz\/#organization\"},\"potentialAction\":[{\"@type\":\"SearchAction\",\"target\":{\"@type\":\"EntryPoint\",\"urlTemplate\":\"https:\/\/evertonfc.cz\/?s={search_term_string}\"},\"query-input\":{\"@type\":\"PropertyValueSpecification\",\"valueRequired\":true,\"valueName\":\"search_term_string\"}}],\"inLanguage\":\"cs\"},{\"@type\":\"Organization\",\"@id\":\"https:\/\/evertonfc.cz\/#organization\",\"name\":\"Official Czech & Slovak Everton Supporters' Club\",\"url\":\"https:\/\/evertonfc.cz\/\",\"logo\":{\"@type\":\"ImageObject\",\"inLanguage\":\"cs\",\"@id\":\"https:\/\/evertonfc.cz\/#\/schema\/logo\/image\/\",\"url\":\"https:\/\/evertonfc.cz\/wp-content\/uploads\/2019\/05\/logo.png\",\"contentUrl\":\"https:\/\/evertonfc.cz\/wp-content\/uploads\/2019\/05\/logo.png\",\"width\":112,\"height\":112,\"caption\":\"Official Czech & Slovak Everton Supporters' Club\"},\"image\":{\"@id\":\"https:\/\/evertonfc.cz\/#\/schema\/logo\/image\/\"},\"sameAs\":[\"https:\/\/www.facebook.com\/everton.fans.cz.sk\"]},{\"@type\":\"Person\",\"@id\":\"https:\/\/evertonfc.cz\/#\/schema\/person\/c495ad9c14eabaab7ff243473d85758c\",\"name\":\"Everton1878\",\"url\":\"https:\/\/evertonfc.cz\/index.php\/author\/everton1878\/\"}]}<\/script>\n<!-- \/ Yoast SEO plugin. -->","yoast_head_json":{"title":"SC Paderborn - Everton FC 3:1 (pr\u00edpravn\u00fd z\u00e1pas) - Official Czech &amp; Slovak Everton Supporters&#039; Club","robots":{"index":"index","follow":"follow","max-snippet":"max-snippet:-1","max-image-preview":"max-image-preview:large","max-video-preview":"max-video-preview:-1"},"canonical":"https:\/\/evertonfc.cz\/index.php\/2014\/08\/09\/sc-paderborn-everton-fc-31-pripravny-zapas\/","og_locale":"cs_CZ","og_type":"article","og_title":"SC Paderborn - Everton FC 3:1 (pr\u00edpravn\u00fd z\u00e1pas) - Official Czech &amp; Slovak Everton Supporters&#039; Club","og_description":"Everton odohral 9. augusta posledn\u00fd verejn\u00fd pr\u00edpravn\u00fd z\u00e1pas s nov\u00e1\u010dikom nemeckej bundesligy SC Paderborn. Ani v poslednom pr\u00edpravnom z\u00e1pase toffees&hellip;","og_url":"https:\/\/evertonfc.cz\/index.php\/2014\/08\/09\/sc-paderborn-everton-fc-31-pripravny-zapas\/","og_site_name":"Official Czech &amp; Slovak Everton Supporters&#039; Club","article_publisher":"https:\/\/www.facebook.com\/everton.fans.cz.sk","article_published_time":"2014-08-09T16:44:40+00:00","article_modified_time":"2019-02-13T22:27:19+00:00","og_image":[{"width":720,"height":405,"url":"https:\/\/evertonfc.cz\/wp-content\/uploads\/2019\/01\/report.jpg","type":"image\/jpeg"}],"author":"Everton1878","twitter_card":"summary_large_image","twitter_misc":{"Napsal(a)":"Everton1878","Odhadovan\u00e1 doba \u010dten\u00ed":"1 minuta"},"schema":{"@context":"https:\/\/schema.org","@graph":[{"@type":"Article","@id":"https:\/\/evertonfc.cz\/index.php\/2014\/08\/09\/sc-paderborn-everton-fc-31-pripravny-zapas\/#article","isPartOf":{"@id":"https:\/\/evertonfc.cz\/index.php\/2014\/08\/09\/sc-paderborn-everton-fc-31-pripravny-zapas\/"},"author":{"name":"Everton1878","@id":"https:\/\/evertonfc.cz\/#\/schema\/person\/c495ad9c14eabaab7ff243473d85758c"},"headline":"SC Paderborn &#8211; Everton FC 3:1 (pr\u00edpravn\u00fd z\u00e1pas)","datePublished":"2014-08-09T16:44:40+00:00","dateModified":"2019-02-13T22:27:19+00:00","mainEntityOfPage":{"@id":"https:\/\/evertonfc.cz\/index.php\/2014\/08\/09\/sc-paderborn-everton-fc-31-pripravny-zapas\/"},"wordCount":144,"commentCount":0,"publisher":{"@id":"https:\/\/evertonfc.cz\/#organization"},"image":{"@id":"https:\/\/evertonfc.cz\/index.php\/2014\/08\/09\/sc-paderborn-everton-fc-31-pripravny-zapas\/#primaryimage"},"thumbnailUrl":"https:\/\/evertonfc.cz\/wp-content\/uploads\/2019\/01\/report.jpg","articleSection":["Z\u00e1pasy"],"inLanguage":"cs","potentialAction":[{"@type":"CommentAction","name":"Comment","target":["https:\/\/evertonfc.cz\/index.php\/2014\/08\/09\/sc-paderborn-everton-fc-31-pripravny-zapas\/#respond"]}]},{"@type":"WebPage","@id":"https:\/\/evertonfc.cz\/index.php\/2014\/08\/09\/sc-paderborn-everton-fc-31-pripravny-zapas\/","url":"https:\/\/evertonfc.cz\/index.php\/2014\/08\/09\/sc-paderborn-everton-fc-31-pripravny-zapas\/","name":"SC Paderborn - Everton FC 3:1 (pr\u00edpravn\u00fd z\u00e1pas) - Official Czech &amp; Slovak Everton Supporters&#039; Club","isPartOf":{"@id":"https:\/\/evertonfc.cz\/#website"},"primaryImageOfPage":{"@id":"https:\/\/evertonfc.cz\/index.php\/2014\/08\/09\/sc-paderborn-everton-fc-31-pripravny-zapas\/#primaryimage"},"image":{"@id":"https:\/\/evertonfc.cz\/index.php\/2014\/08\/09\/sc-paderborn-everton-fc-31-pripravny-zapas\/#primaryimage"},"thumbnailUrl":"https:\/\/evertonfc.cz\/wp-content\/uploads\/2019\/01\/report.jpg","datePublished":"2014-08-09T16:44:40+00:00","dateModified":"2019-02-13T22:27:19+00:00","breadcrumb":{"@id":"https:\/\/evertonfc.cz\/index.php\/2014\/08\/09\/sc-paderborn-everton-fc-31-pripravny-zapas\/#breadcrumb"},"inLanguage":"cs","potentialAction":[{"@type":"ReadAction","target":["https:\/\/evertonfc.cz\/index.php\/2014\/08\/09\/sc-paderborn-everton-fc-31-pripravny-zapas\/"]}]},{"@type":"ImageObject","inLanguage":"cs","@id":"https:\/\/evertonfc.cz\/index.php\/2014\/08\/09\/sc-paderborn-everton-fc-31-pripravny-zapas\/#primaryimage","url":"https:\/\/evertonfc.cz\/wp-content\/uploads\/2019\/01\/report.jpg","contentUrl":"https:\/\/evertonfc.cz\/wp-content\/uploads\/2019\/01\/report.jpg","width":720,"height":405},{"@type":"BreadcrumbList","@id":"https:\/\/evertonfc.cz\/index.php\/2014\/08\/09\/sc-paderborn-everton-fc-31-pripravny-zapas\/#breadcrumb","itemListElement":[{"@type":"ListItem","position":1,"name":"Home","item":"https:\/\/evertonfc.cz\/"},{"@type":"ListItem","position":2,"name":"SC Paderborn &#8211; Everton FC 3:1 (pr\u00edpravn\u00fd z\u00e1pas)"}]},{"@type":"WebSite","@id":"https:\/\/evertonfc.cz\/#website","url":"https:\/\/evertonfc.cz\/","name":"Official Czech &amp; Slovak Everton Supporters&#039; Club","description":"","publisher":{"@id":"https:\/\/evertonfc.cz\/#organization"},"potentialAction":[{"@type":"SearchAction","target":{"@type":"EntryPoint","urlTemplate":"https:\/\/evertonfc.cz\/?s={search_term_string}"},"query-input":{"@type":"PropertyValueSpecification","valueRequired":true,"valueName":"search_term_string"}}],"inLanguage":"cs"},{"@type":"Organization","@id":"https:\/\/evertonfc.cz\/#organization","name":"Official Czech & Slovak Everton Supporters' Club","url":"https:\/\/evertonfc.cz\/","logo":{"@type":"ImageObject","inLanguage":"cs","@id":"https:\/\/evertonfc.cz\/#\/schema\/logo\/image\/","url":"https:\/\/evertonfc.cz\/wp-content\/uploads\/2019\/05\/logo.png","contentUrl":"https:\/\/evertonfc.cz\/wp-content\/uploads\/2019\/05\/logo.png","width":112,"height":112,"caption":"Official Czech & Slovak Everton Supporters' Club"},"image":{"@id":"https:\/\/evertonfc.cz\/#\/schema\/logo\/image\/"},"sameAs":["https:\/\/www.facebook.com\/everton.fans.cz.sk"]},{"@type":"Person","@id":"https:\/\/evertonfc.cz\/#\/schema\/person\/c495ad9c14eabaab7ff243473d85758c","name":"Everton1878","url":"https:\/\/evertonfc.cz\/index.php\/author\/everton1878\/"}]}},"_links":{"self":[{"href":"https:\/\/evertonfc.cz\/index.php\/wp-json\/wp\/v2\/posts\/4675"}],"collection":[{"href":"https:\/\/evertonfc.cz\/index.php\/wp-json\/wp\/v2\/posts"}],"about":[{"href":"https:\/\/evertonfc.cz\/index.php\/wp-json\/wp\/v2\/types\/post"}],"author":[{"embeddable":true,"href":"https:\/\/evertonfc.cz\/index.php\/wp-json\/wp\/v2\/users\/23"}],"replies":[{"embeddable":true,"href":"https:\/\/evertonfc.cz\/index.php\/wp-json\/wp\/v2\/comments?post=4675"}],"version-history":[{"count":3,"href":"https:\/\/evertonfc.cz\/index.php\/wp-json\/wp\/v2\/posts\/4675\/revisions"}],"predecessor-version":[{"id":4937,"href":"https:\/\/evertonfc.cz\/index.php\/wp-json\/wp\/v2\/posts\/4675\/revisions\/4937"}],"wp:featuredmedia":[{"embeddable":true,"href":"https:\/\/evertonfc.cz\/index.php\/wp-json\/wp\/v2\/media\/1315"}],"wp:attachment":[{"href":"https:\/\/evertonfc.cz\/index.php\/wp-json\/wp\/v2\/media?parent=4675"}],"wp:term":[{"taxonomy":"category","embeddable":true,"href":"https:\/\/evertonfc.cz\/index.php\/wp-json\/wp\/v2\/categories?post=4675"},{"taxonomy":"post_tag","embeddable":true,"href":"https:\/\/evertonfc.cz\/index.php\/wp-json\/wp\/v2\/tags?post=4675"}],"curies":[{"name":"wp","href":"https:\/\/api.w.org\/{rel}","templated":true}]}}