{"id":4677,"date":"2014-08-07T18:45:46","date_gmt":"2014-08-07T16:45:46","guid":{"rendered":"http:\/\/evertonfc.cz\/?p=4677"},"modified":"2019-02-13T23:27:39","modified_gmt":"2019-02-13T22:27:39","slug":"everton-celta-de-vigo-13-pripravny-zapas","status":"publish","type":"post","link":"https:\/\/evertonfc.cz\/index.php\/2014\/08\/07\/everton-celta-de-vigo-13-pripravny-zapas\/","title":{"rendered":"Everton &#8211; Celta de Vigo 1:3 (pr\u00edpravn\u00fd z\u00e1pas)"},"content":{"rendered":"<h4 id=\"NewsPostDetailSummary\">Everton absolvoval v\u010dera, 6. augusta o\u00a019.46 miestneho \u010dasu \u010fal\u0161\u00ed pr\u00edpravn\u00fd z\u00e1pas s\u00a0deviatym t\u00edmom vla\u0148aj\u0161ej Primera Division \u2013 Celtou de Vigo. V\u00ed\u0165azstvo \u0161panielskeho klubu zabezpe\u010dil hetrikom kr\u00eddeln\u00edk a\u00a0najlep\u0161\u00ed strelec Celty z\u00a0vla\u0148aj\u0161ej sez\u00f3ny Nolito.<\/h4>\n<div id=\"NewsPostDetailContent\">\n<p>Prenton Park, 6. august 2014, cca 5000 div\u00e1kov.<\/p>\n<p><strong>G\u00f3ly: <\/strong><\/p>\n<p>Everton &#8211; McGeady 9 min.<\/p>\n<p>Celta de Vigo &#8211; Nolito 17, 22, 31.<\/p>\n<p><strong> Zostavy<\/strong><\/p>\n<p><strong>Everton <\/strong>(hral vo form\u00e1cii 4 &#8211; 3 &#8211; 3)<\/p>\n<p>1.pol\u010das &#8211; Howard, Hibbert, Baines, Distin, Stones, Barry, McCarthy, McGeady, Osman, Barkley<\/p>\n<p>Naismith<\/p>\n<p>Do 2. pol\u010dasu nast\u00fapil Everton s\u00a0t\u00fdmito zmenami: Joel (46 Howard), Duffy (46 Hibbert), Browning (46 Baines), Besic (46 Barry), Gibson (46 Osman).<\/p>\n<p><strong>Celta de Vigo <\/strong>(hrala vo form\u00e1cii 4 &#8211; 3 &#8211; 3)<\/p>\n<p>1.pol\u010das: Sergio, Mallo, Fontas, Lopez, Charles, Nolito, Orellana, Planas, Cabral, Krohn-Dehli, Fernandez.<\/p>\n<p>V\u00a0druhom pol\u010dase nastali postupne tieto zmeny: Sola (70 Fontas), Madinda (57 Lopez), Larrivey (46 Charles), Jordan (72 Nolito), Costas (84 Planas), Gomez (70 Fernandez).<\/p>\n<p>Rozhodca:\u00a0Andy Madley.<\/p>\n<p>Everton odohral 6. augusta svoj \u0161tvrt\u00fd pr\u00edpravn\u00fd z\u00e1pas tohto leta, druh\u00fd v\u00a0Prenton ParkuMartinez nedal na z\u00e1pasov\u00fa s\u00fapisku Colemana a\u00a0Garbuta kv\u00f4li ich miernym probl\u00e9mom so zraneniami. Lukaku a\u00a0Mirallas za\u010dali s\u00a0predsez\u00f3nnou pr\u00edpravou kv\u00f4li MS v\u00a0Braz\u00edslii (kde do\u0161li z\u00a0Belgickom spomedzi ostatn\u00fdch naj\u010falej) najnesk\u00f4r a\u00a0taktie\u017e neboli zatia\u013e zaraden\u00fd na s\u00fapisku. Naopak vr\u00e1tail sa na \u0148u po dlhej dobe D. Gibson, ktor\u00fd nast\u00fapil na ihrisko v\u00a0druhom pol\u010dase spolu s\u00a0novou posilou Besicom a\u00a0mlad\u00edkmi z\u00a0akad\u00e9mie T. Browningom a\u00a0S. Duffym.<\/p>\n<p>Celta mala v\u00a0\u00favodn\u00fdch min\u00fatach dve s\u013eubn\u00e9 \u0161ance, ale boli to hr\u00e1\u010di v\u00a0modr\u00fdch dresoch, ktor\u00ed sk\u00f3rovali na \u00favod. V\u00a010. min\u00fate Baines nahral presn\u00fa dlh\u00fa prihr\u00e1vku z\u013eava Naismithovi, ten na\u0165ukol loptu \u010falej McGeadymu smerom do prava a\u00a0ten ju poslal k\u00a0\u013eavej \u017erdi do siete \u2013 1:0.<\/p>\n<p>Vyrovnanie pri\u0161lo o\u00a08 min\u00fat, ke\u010f Barkley zle rie\u0161il situ\u00e1ciu pred vlastnou 16-tkou, zbyto\u010dne stratil v\u00a0osobnom s\u00faboji loptu, ktor\u00e1 putovala na prav\u00e9 kr\u00eddlo Celty a\u00a0odtia\u013e presn\u00fdm dlh\u00fdm pasom na pozi\u010dne dobre postaven\u00e9ho Nolita (b\u00fdval\u00fd 15 mil. cie\u013e LFC, sp\u00e1jan\u00fd v\u00a0posledn\u00fdch d\u0148och aj z\u00a0prestupom k\u00a0n\u00e1m), ktor\u00e9ho nepokryl Stones. Nolito nedal Howardovi \u0161ancu a zvoleja strelil loptu do siete pri pravej ty\u010di.<\/p>\n<p>Kr\u00e1tko potom v\u00a022. min\u00fate Hibbo nahral dozadu Stonesovi, ktor\u00fd namiesto odkopu alebo pohybu s\u00a0loptou staticky vo\u0161iel do osobn\u00e9ho s\u00faboja s\u00a0Nolitom, ktor\u00fd \u017eiacky prehral a\u00a0Nolito samostatn\u00fd n\u00e1jazd na Howarda spo\u013eahlivo lobom nad n\u00e1\u0161ho g\u00f3lmana \u010d. 1 premenil. \u010eal\u0161ia chyba Stonesa, ktor\u00fd odohral prv\u00fd pol\u010das ve\u013emi nev\u00fdrazne a zle. Everton sa sna\u017eil odpoveda\u0165, Ossie hlavi\u010dkoval nad br\u00e1nu.<\/p>\n<p>V\u00a031. Min\u00fate pri nevinne vyzeraj\u00facom, pomalom postupe hr\u00e1\u010dov Celty k\u00a0na\u0161ej br\u00e1ne Hibbo zo Stonesom rie\u0161ili situ\u00e1ciu znovu nev\u00fdrazne, Nolito strelil k\u00a0pravej ty\u010di \u2013 strela by pravdepodobne nebola vo\u0161la do br\u00e1ni neby\u0165 te\u010dovania Stonesa \u2013 \u010d\u00edm trochu zo \u0161\u0165ast\u00edm zav\u0155\u0161il svoj hetrik. Vzh\u013eadom na jeho v\u00fdkon a\u00a0preh\u013ead v\u00a0hre bol v\u0161ak hetrik zasl\u00fa\u017een\u00fd \u2013 toto \u013eav\u00e9 kr\u00eddlo (post kde m\u00e1me najv\u00fdraznej\u0161\u00ed nedostatok top kvality), ktor\u00e9 za Celtu v\u00a0minulej sez\u00f3ne sk\u00f3rovalo naj\u010dastej\u0161ie &#8211; 14 x &#8211; by som do Evertonu bral&#8230;<\/p>\n<p>Cez pol\u010das urobil Martinez v\u00a0zostave viacero zmien, ktor\u00e9 spom\u00ednam v\u00a0\u00favode (nast\u00fapili Besic, Gibson, Browning, Duffy, Robles namiesto Howarda, Barryho, Hibberta, Bainesa a Osmana) a\u00a0na\u0161a hra bola v\u00a02. pol\u010dase o\u00a0poznanie lep\u0161ia, miestami dokonca pripom\u00ednala pozi\u010dn\u00fa kombina\u010dn\u00fa hru z\u00a0minulej sez\u00f3ny.<\/p>\n<p>V\u00a051. min\u00fate po prihr\u00e1vke do v\u00e1pna Barkleyho (ktor\u00fd sa zo Stonesom po prest\u00e1vke v\u00fdrazne zlep\u0161il) dal Naismith takmer g\u00f3l. \u010eal\u0161ie s\u013eubn\u00e9 \u0161ance mal Barkley, znovu Naismith hlavou.<\/p>\n<h4><strong>Kr\u00e1tko k\u00a0niektor\u00fdm hr\u00e1\u010dom<\/strong><\/h4>\n<p><strong>Besic <\/strong>\u2013 pravdepodobne najlep\u0161\u00ed hr\u00e1\u010d z\u00e1pasu za Everton. V\u00fdborne rozohr\u00e1val lopty v\u00a0strede po\u013ea, nebezpe\u010dne vyp\u00e1lil na br\u00e1nu s\u00fapera, znovu r\u00fdchly, v\u00fdbu\u0161n\u00fd, s\u00a0presn\u00fdmi rozohr\u00e1vkami, dobre br\u00e1niaci. McCarthy m\u00e1 v\u00e1\u017enu konkurenciu (aj ke\u010f ja by som ho sk\u00fa\u0161al aj na ofenz\u00edvnej\u0161ie, kreat\u00edvnej\u0161ie \u00falohy v\u00a0strede vzh\u013eadom na jeho technick\u00e9 schopnosti a\u00a0rozohr\u00e1vky s\u00a0ve\u013ek\u00fdm preh\u013eadom v\u00a0hre).<\/p>\n<p><strong>Gibson <\/strong>&#8211; ve\u013emi n\u00e1dejne sa ukazoval na poste hlb\u0161ie v\u00a0strede stiahnut\u00e9ho stredopoliara. Vyzer\u00e1 to tak, \u017ee na tomto poste bude po\u010das sez\u00f3ny hr\u00e1va\u0165.<\/p>\n<p><strong>Tyias Browning <\/strong>\u2013 ve\u013emi slu\u0161n\u00fd v\u00fdkon, trochu zatia\u013e pripom\u00edna Hibberat v\u00a0najlep\u0161\u00edch rokoch \u2013 skvele, spo\u013eahlivo \u00a0br\u00e1ni, len dopredu trochu kaz\u00ed rozohr\u00e1vky a\u00a0moc dynamicky dopredu ani nevyr\u00e1\u017eal. Ale ak sa zran\u00ed Coleman, je dnes u\u017e ur\u010dite lep\u0161ou vo\u013ebou ne\u017e Hibbert. Mysl\u00edm, \u017ee t\u00fato sez\u00f3nu za\u010dne dost\u00e1va\u0165 \u0161ance hra\u0165 v\u00a0zostave \u00c1\u010dka Evertonu.<\/p>\n<p><strong>Hibbert <\/strong>\u2013 m\u00f4j ob\u013e\u00fabenec, poctiv\u00fd skromn\u00fd \u201erobotn\u00edk\u201c futbalu, \u017eia\u013e, evidentne skon\u010dil. Pomal\u00fd (vzh\u013eadom na vek je to o\u010dak\u00e1vate\u013en\u00e9), jeho technika nebola nikdy skvel\u00e1, ale na tento Martinezov Everton u\u017e nesta\u010d\u00ed v\u00f4bec. M\u00f4\u017ee by\u0165 n\u00e1hradn\u00edkom v\u00a0poh\u00e1rov\u00fdch s\u00fa\u0165a\u017eiach v\u00a0z\u00e1pasoch s\u00a0klubmi z\u00a0ni\u017e\u0161\u00edch l\u00edg.<\/p>\n<p><strong>Naismith <\/strong>\u2013 nie je to typick\u00fd \u00fato\u010dn\u00edk \u2013 znovu sa ukazovalo, \u017ee na to nem\u00e1 r\u00fdchlos\u0165 ani technick\u00e9 predpoklady, nie je to \u201ehrotov\u00fd zabij\u00e1k\u201c. Naismith bude pr\u00ednosom ako podhrot, ktor\u00fd mu sed\u00ed a\u00a0ako n\u00e1hradn\u00edk na \u00fato\u010dn\u00e9 poz\u00edcie. \u00a0\u00a0Nesk\u00f3roval z\u00a0viacer\u00fdch s\u013eubn\u00fdch \u0161anc\u00ed, z\u00a0ktor\u00fdch by sk\u00f3roval pravdepodobne nielen Lukaku, ale aj Kone&#8230;<\/p>\n<p><strong>McGeady<\/strong> \u2013 nezlep\u0161il sa od kedy k\u00a0n\u00e1m pri\u0161iel ani o\u00a0trochu. Hr\u00e1\u010d nestabilnej v\u00fdkonnosti, a\u00a0to doslova. Ka\u017ed\u00fdch p\u00e1r min\u00fat strieda skvel\u00e9 okam\u017eiky (napr. skvele prejde cez protihr\u00e1\u010da k\u013eu\u010dkou, zasek\u00e1va\u010dkou) so zl\u00fdmi (napr. n\u00e1sledn\u00fa prihr\u00e1vku pokaz\u00ed hrozn\u00fdm sp\u00f4sobom). St\u00e1le je e\u0161te mal\u00e1 mo\u017enos\u0165, \u017ee sa e\u0161te vypracuje na vy\u0161\u0161iu \u00farove\u0148, ale zatia\u013e to nie je to kr\u00eddeln\u00edk do z\u00e1kladnej zostavy Evertonu, ktor\u00fd chce bojova\u0165 o\u00a04. prie\u010dku premierleague.<\/p>\n<p><strong>Stones <\/strong>\u2013 druh\u00fd pol\u010das odohral dobre, pripom\u00ednal svoje hviezdne chv\u00edle z\u00a0druhej polovice minulej sez\u00f3ny. T\u00fdm trochu upokojil, po hroznom prvom pol\u010dase sa \u010dlovek b\u00e1l \u010do sa s\u00a0n\u00e1m stalo.<\/p>\n<p><strong>S. Duffy<\/strong>&#8211; zahral na svojom poste slu\u0161ne, ale na druhej starne \u00faplne neoh\u00faril. Z\u00a0jeho nasadzovan\u00edm to asi p\u00f4jde pomal\u0161ie, ale st\u00e1le je tu n\u00e1dej, \u017ee z neho nie\u010do bude.<\/p>\n<p><strong>Barkley<\/strong> \u2013 nev\u00fdrazn\u00fd prv\u00fd pol\u010das, dobr\u00fd druh\u00fd, v\u00a0ktorom za\u010dal ukazova\u0165 prvky hry, ktor\u00e9 sme obdivovali u\u00a0neho v\u00a0predo\u0161lej sez\u00f3ne.<\/p>\n<p>Celkovo v\u0161ak hra Evertonu vyvol\u00e1vala dojem pretrv\u00e1vaj\u00facej nedostato\u010dnej zohratosti, nejde n\u00e1m kombina\u010dn\u00e1, na prihr\u00e1vkach a\u00a0dr\u017ean\u00ed lopty zalo\u017een\u00e1 \u00fato\u010dn\u00e1 hra. Je to v\u0161ak len pr\u00edpravn\u00fd z\u00e1pas. Martinez sk\u00fa\u0161a viacer\u00e9 nov\u00e9 prvky v\u00a0hre, hr\u00e1\u010di naberaj\u00fa z\u00e1pasov\u00fa kondi\u010dku, d\u00f4vod na obavy zatia\u013e nie je.<\/p>\n<\/div>\n","protected":false},"excerpt":{"rendered":"<p>Everton absolvoval v\u010dera, 6. augusta o\u00a019.46 miestneho \u010dasu \u010fal\u0161\u00ed pr\u00edpravn\u00fd z\u00e1pas s\u00a0deviatym t\u00edmom vla\u0148aj\u0161ej Primera Division \u2013 Celtou de Vigo.&hellip;<\/p>\n","protected":false},"author":23,"featured_media":1315,"comment_status":"open","ping_status":"closed","sticky":false,"template":"","format":"standard","meta":{"_eb_attr":"","_monsterinsights_skip_tracking":false,"_monsterinsights_sitenote_active":false,"_monsterinsights_sitenote_note":"","_monsterinsights_sitenote_category":0,"footnotes":""},"categories":[4],"tags":[],"yoast_head":"<!-- This site is optimized with the Yoast SEO plugin v23.4 - https:\/\/yoast.com\/wordpress\/plugins\/seo\/ -->\n<title>Everton - Celta de Vigo 1:3 (pr\u00edpravn\u00fd z\u00e1pas) - Official Czech &amp; Slovak Everton Supporters&#039; Club<\/title>\n<meta name=\"robots\" content=\"index, follow, max-snippet:-1, max-image-preview:large, max-video-preview:-1\" \/>\n<link rel=\"canonical\" href=\"https:\/\/evertonfc.cz\/index.php\/2014\/08\/07\/everton-celta-de-vigo-13-pripravny-zapas\/\" \/>\n<meta property=\"og:locale\" content=\"cs_CZ\" \/>\n<meta property=\"og:type\" content=\"article\" \/>\n<meta property=\"og:title\" content=\"Everton - Celta de Vigo 1:3 (pr\u00edpravn\u00fd z\u00e1pas) - Official Czech &amp; Slovak Everton Supporters&#039; Club\" \/>\n<meta property=\"og:description\" content=\"Everton absolvoval v\u010dera, 6. augusta o\u00a019.46 miestneho \u010dasu \u010fal\u0161\u00ed pr\u00edpravn\u00fd z\u00e1pas s\u00a0deviatym t\u00edmom vla\u0148aj\u0161ej Primera Division \u2013 Celtou de Vigo.&hellip;\" \/>\n<meta property=\"og:url\" content=\"https:\/\/evertonfc.cz\/index.php\/2014\/08\/07\/everton-celta-de-vigo-13-pripravny-zapas\/\" \/>\n<meta property=\"og:site_name\" content=\"Official Czech &amp; Slovak Everton Supporters&#039; Club\" \/>\n<meta property=\"article:publisher\" content=\"https:\/\/www.facebook.com\/everton.fans.cz.sk\" \/>\n<meta property=\"article:published_time\" content=\"2014-08-07T16:45:46+00:00\" \/>\n<meta property=\"article:modified_time\" content=\"2019-02-13T22:27:39+00:00\" \/>\n<meta property=\"og:image\" content=\"https:\/\/evertonfc.cz\/wp-content\/uploads\/2019\/01\/report.jpg\" \/>\n\t<meta property=\"og:image:width\" content=\"720\" \/>\n\t<meta property=\"og:image:height\" content=\"405\" \/>\n\t<meta property=\"og:image:type\" content=\"image\/jpeg\" \/>\n<meta name=\"author\" content=\"Everton1878\" \/>\n<meta name=\"twitter:card\" content=\"summary_large_image\" \/>\n<meta name=\"twitter:label1\" content=\"Napsal(a)\" \/>\n\t<meta name=\"twitter:data1\" content=\"Everton1878\" \/>\n\t<meta name=\"twitter:label2\" content=\"Odhadovan\u00e1 doba \u010dten\u00ed\" \/>\n\t<meta name=\"twitter:data2\" content=\"6 minut\" \/>\n<script type=\"application\/ld+json\" class=\"yoast-schema-graph\">{\"@context\":\"https:\/\/schema.org\",\"@graph\":[{\"@type\":\"Article\",\"@id\":\"https:\/\/evertonfc.cz\/index.php\/2014\/08\/07\/everton-celta-de-vigo-13-pripravny-zapas\/#article\",\"isPartOf\":{\"@id\":\"https:\/\/evertonfc.cz\/index.php\/2014\/08\/07\/everton-celta-de-vigo-13-pripravny-zapas\/\"},\"author\":{\"name\":\"Everton1878\",\"@id\":\"https:\/\/evertonfc.cz\/#\/schema\/person\/c495ad9c14eabaab7ff243473d85758c\"},\"headline\":\"Everton &#8211; Celta de Vigo 1:3 (pr\u00edpravn\u00fd z\u00e1pas)\",\"datePublished\":\"2014-08-07T16:45:46+00:00\",\"dateModified\":\"2019-02-13T22:27:39+00:00\",\"mainEntityOfPage\":{\"@id\":\"https:\/\/evertonfc.cz\/index.php\/2014\/08\/07\/everton-celta-de-vigo-13-pripravny-zapas\/\"},\"wordCount\":1237,\"commentCount\":0,\"publisher\":{\"@id\":\"https:\/\/evertonfc.cz\/#organization\"},\"image\":{\"@id\":\"https:\/\/evertonfc.cz\/index.php\/2014\/08\/07\/everton-celta-de-vigo-13-pripravny-zapas\/#primaryimage\"},\"thumbnailUrl\":\"https:\/\/evertonfc.cz\/wp-content\/uploads\/2019\/01\/report.jpg\",\"articleSection\":[\"Z\u00e1pasy\"],\"inLanguage\":\"cs\",\"potentialAction\":[{\"@type\":\"CommentAction\",\"name\":\"Comment\",\"target\":[\"https:\/\/evertonfc.cz\/index.php\/2014\/08\/07\/everton-celta-de-vigo-13-pripravny-zapas\/#respond\"]}]},{\"@type\":\"WebPage\",\"@id\":\"https:\/\/evertonfc.cz\/index.php\/2014\/08\/07\/everton-celta-de-vigo-13-pripravny-zapas\/\",\"url\":\"https:\/\/evertonfc.cz\/index.php\/2014\/08\/07\/everton-celta-de-vigo-13-pripravny-zapas\/\",\"name\":\"Everton - Celta de Vigo 1:3 (pr\u00edpravn\u00fd z\u00e1pas) - Official Czech &amp; Slovak Everton Supporters&#039; Club\",\"isPartOf\":{\"@id\":\"https:\/\/evertonfc.cz\/#website\"},\"primaryImageOfPage\":{\"@id\":\"https:\/\/evertonfc.cz\/index.php\/2014\/08\/07\/everton-celta-de-vigo-13-pripravny-zapas\/#primaryimage\"},\"image\":{\"@id\":\"https:\/\/evertonfc.cz\/index.php\/2014\/08\/07\/everton-celta-de-vigo-13-pripravny-zapas\/#primaryimage\"},\"thumbnailUrl\":\"https:\/\/evertonfc.cz\/wp-content\/uploads\/2019\/01\/report.jpg\",\"datePublished\":\"2014-08-07T16:45:46+00:00\",\"dateModified\":\"2019-02-13T22:27:39+00:00\",\"breadcrumb\":{\"@id\":\"https:\/\/evertonfc.cz\/index.php\/2014\/08\/07\/everton-celta-de-vigo-13-pripravny-zapas\/#breadcrumb\"},\"inLanguage\":\"cs\",\"potentialAction\":[{\"@type\":\"ReadAction\",\"target\":[\"https:\/\/evertonfc.cz\/index.php\/2014\/08\/07\/everton-celta-de-vigo-13-pripravny-zapas\/\"]}]},{\"@type\":\"ImageObject\",\"inLanguage\":\"cs\",\"@id\":\"https:\/\/evertonfc.cz\/index.php\/2014\/08\/07\/everton-celta-de-vigo-13-pripravny-zapas\/#primaryimage\",\"url\":\"https:\/\/evertonfc.cz\/wp-content\/uploads\/2019\/01\/report.jpg\",\"contentUrl\":\"https:\/\/evertonfc.cz\/wp-content\/uploads\/2019\/01\/report.jpg\",\"width\":720,\"height\":405},{\"@type\":\"BreadcrumbList\",\"@id\":\"https:\/\/evertonfc.cz\/index.php\/2014\/08\/07\/everton-celta-de-vigo-13-pripravny-zapas\/#breadcrumb\",\"itemListElement\":[{\"@type\":\"ListItem\",\"position\":1,\"name\":\"Home\",\"item\":\"https:\/\/evertonfc.cz\/\"},{\"@type\":\"ListItem\",\"position\":2,\"name\":\"Everton &#8211; Celta de Vigo 1:3 (pr\u00edpravn\u00fd z\u00e1pas)\"}]},{\"@type\":\"WebSite\",\"@id\":\"https:\/\/evertonfc.cz\/#website\",\"url\":\"https:\/\/evertonfc.cz\/\",\"name\":\"Official Czech &amp; Slovak Everton Supporters&#039; Club\",\"description\":\"\",\"publisher\":{\"@id\":\"https:\/\/evertonfc.cz\/#organization\"},\"potentialAction\":[{\"@type\":\"SearchAction\",\"target\":{\"@type\":\"EntryPoint\",\"urlTemplate\":\"https:\/\/evertonfc.cz\/?s={search_term_string}\"},\"query-input\":{\"@type\":\"PropertyValueSpecification\",\"valueRequired\":true,\"valueName\":\"search_term_string\"}}],\"inLanguage\":\"cs\"},{\"@type\":\"Organization\",\"@id\":\"https:\/\/evertonfc.cz\/#organization\",\"name\":\"Official Czech & Slovak Everton Supporters' Club\",\"url\":\"https:\/\/evertonfc.cz\/\",\"logo\":{\"@type\":\"ImageObject\",\"inLanguage\":\"cs\",\"@id\":\"https:\/\/evertonfc.cz\/#\/schema\/logo\/image\/\",\"url\":\"https:\/\/evertonfc.cz\/wp-content\/uploads\/2019\/05\/logo.png\",\"contentUrl\":\"https:\/\/evertonfc.cz\/wp-content\/uploads\/2019\/05\/logo.png\",\"width\":112,\"height\":112,\"caption\":\"Official Czech & Slovak Everton Supporters' Club\"},\"image\":{\"@id\":\"https:\/\/evertonfc.cz\/#\/schema\/logo\/image\/\"},\"sameAs\":[\"https:\/\/www.facebook.com\/everton.fans.cz.sk\"]},{\"@type\":\"Person\",\"@id\":\"https:\/\/evertonfc.cz\/#\/schema\/person\/c495ad9c14eabaab7ff243473d85758c\",\"name\":\"Everton1878\",\"url\":\"https:\/\/evertonfc.cz\/index.php\/author\/everton1878\/\"}]}<\/script>\n<!-- \/ Yoast SEO plugin. -->","yoast_head_json":{"title":"Everton - Celta de Vigo 1:3 (pr\u00edpravn\u00fd z\u00e1pas) - Official Czech &amp; Slovak Everton Supporters&#039; Club","robots":{"index":"index","follow":"follow","max-snippet":"max-snippet:-1","max-image-preview":"max-image-preview:large","max-video-preview":"max-video-preview:-1"},"canonical":"https:\/\/evertonfc.cz\/index.php\/2014\/08\/07\/everton-celta-de-vigo-13-pripravny-zapas\/","og_locale":"cs_CZ","og_type":"article","og_title":"Everton - Celta de Vigo 1:3 (pr\u00edpravn\u00fd z\u00e1pas) - Official Czech &amp; Slovak Everton Supporters&#039; Club","og_description":"Everton absolvoval v\u010dera, 6. augusta o\u00a019.46 miestneho \u010dasu \u010fal\u0161\u00ed pr\u00edpravn\u00fd z\u00e1pas s\u00a0deviatym t\u00edmom vla\u0148aj\u0161ej Primera Division \u2013 Celtou de Vigo.&hellip;","og_url":"https:\/\/evertonfc.cz\/index.php\/2014\/08\/07\/everton-celta-de-vigo-13-pripravny-zapas\/","og_site_name":"Official Czech &amp; Slovak Everton Supporters&#039; Club","article_publisher":"https:\/\/www.facebook.com\/everton.fans.cz.sk","article_published_time":"2014-08-07T16:45:46+00:00","article_modified_time":"2019-02-13T22:27:39+00:00","og_image":[{"width":720,"height":405,"url":"https:\/\/evertonfc.cz\/wp-content\/uploads\/2019\/01\/report.jpg","type":"image\/jpeg"}],"author":"Everton1878","twitter_card":"summary_large_image","twitter_misc":{"Napsal(a)":"Everton1878","Odhadovan\u00e1 doba \u010dten\u00ed":"6 minut"},"schema":{"@context":"https:\/\/schema.org","@graph":[{"@type":"Article","@id":"https:\/\/evertonfc.cz\/index.php\/2014\/08\/07\/everton-celta-de-vigo-13-pripravny-zapas\/#article","isPartOf":{"@id":"https:\/\/evertonfc.cz\/index.php\/2014\/08\/07\/everton-celta-de-vigo-13-pripravny-zapas\/"},"author":{"name":"Everton1878","@id":"https:\/\/evertonfc.cz\/#\/schema\/person\/c495ad9c14eabaab7ff243473d85758c"},"headline":"Everton &#8211; Celta de Vigo 1:3 (pr\u00edpravn\u00fd z\u00e1pas)","datePublished":"2014-08-07T16:45:46+00:00","dateModified":"2019-02-13T22:27:39+00:00","mainEntityOfPage":{"@id":"https:\/\/evertonfc.cz\/index.php\/2014\/08\/07\/everton-celta-de-vigo-13-pripravny-zapas\/"},"wordCount":1237,"commentCount":0,"publisher":{"@id":"https:\/\/evertonfc.cz\/#organization"},"image":{"@id":"https:\/\/evertonfc.cz\/index.php\/2014\/08\/07\/everton-celta-de-vigo-13-pripravny-zapas\/#primaryimage"},"thumbnailUrl":"https:\/\/evertonfc.cz\/wp-content\/uploads\/2019\/01\/report.jpg","articleSection":["Z\u00e1pasy"],"inLanguage":"cs","potentialAction":[{"@type":"CommentAction","name":"Comment","target":["https:\/\/evertonfc.cz\/index.php\/2014\/08\/07\/everton-celta-de-vigo-13-pripravny-zapas\/#respond"]}]},{"@type":"WebPage","@id":"https:\/\/evertonfc.cz\/index.php\/2014\/08\/07\/everton-celta-de-vigo-13-pripravny-zapas\/","url":"https:\/\/evertonfc.cz\/index.php\/2014\/08\/07\/everton-celta-de-vigo-13-pripravny-zapas\/","name":"Everton - Celta de Vigo 1:3 (pr\u00edpravn\u00fd z\u00e1pas) - Official Czech &amp; Slovak Everton Supporters&#039; Club","isPartOf":{"@id":"https:\/\/evertonfc.cz\/#website"},"primaryImageOfPage":{"@id":"https:\/\/evertonfc.cz\/index.php\/2014\/08\/07\/everton-celta-de-vigo-13-pripravny-zapas\/#primaryimage"},"image":{"@id":"https:\/\/evertonfc.cz\/index.php\/2014\/08\/07\/everton-celta-de-vigo-13-pripravny-zapas\/#primaryimage"},"thumbnailUrl":"https:\/\/evertonfc.cz\/wp-content\/uploads\/2019\/01\/report.jpg","datePublished":"2014-08-07T16:45:46+00:00","dateModified":"2019-02-13T22:27:39+00:00","breadcrumb":{"@id":"https:\/\/evertonfc.cz\/index.php\/2014\/08\/07\/everton-celta-de-vigo-13-pripravny-zapas\/#breadcrumb"},"inLanguage":"cs","potentialAction":[{"@type":"ReadAction","target":["https:\/\/evertonfc.cz\/index.php\/2014\/08\/07\/everton-celta-de-vigo-13-pripravny-zapas\/"]}]},{"@type":"ImageObject","inLanguage":"cs","@id":"https:\/\/evertonfc.cz\/index.php\/2014\/08\/07\/everton-celta-de-vigo-13-pripravny-zapas\/#primaryimage","url":"https:\/\/evertonfc.cz\/wp-content\/uploads\/2019\/01\/report.jpg","contentUrl":"https:\/\/evertonfc.cz\/wp-content\/uploads\/2019\/01\/report.jpg","width":720,"height":405},{"@type":"BreadcrumbList","@id":"https:\/\/evertonfc.cz\/index.php\/2014\/08\/07\/everton-celta-de-vigo-13-pripravny-zapas\/#breadcrumb","itemListElement":[{"@type":"ListItem","position":1,"name":"Home","item":"https:\/\/evertonfc.cz\/"},{"@type":"ListItem","position":2,"name":"Everton &#8211; Celta de Vigo 1:3 (pr\u00edpravn\u00fd z\u00e1pas)"}]},{"@type":"WebSite","@id":"https:\/\/evertonfc.cz\/#website","url":"https:\/\/evertonfc.cz\/","name":"Official Czech &amp; Slovak Everton Supporters&#039; Club","description":"","publisher":{"@id":"https:\/\/evertonfc.cz\/#organization"},"potentialAction":[{"@type":"SearchAction","target":{"@type":"EntryPoint","urlTemplate":"https:\/\/evertonfc.cz\/?s={search_term_string}"},"query-input":{"@type":"PropertyValueSpecification","valueRequired":true,"valueName":"search_term_string"}}],"inLanguage":"cs"},{"@type":"Organization","@id":"https:\/\/evertonfc.cz\/#organization","name":"Official Czech & Slovak Everton Supporters' Club","url":"https:\/\/evertonfc.cz\/","logo":{"@type":"ImageObject","inLanguage":"cs","@id":"https:\/\/evertonfc.cz\/#\/schema\/logo\/image\/","url":"https:\/\/evertonfc.cz\/wp-content\/uploads\/2019\/05\/logo.png","contentUrl":"https:\/\/evertonfc.cz\/wp-content\/uploads\/2019\/05\/logo.png","width":112,"height":112,"caption":"Official Czech & Slovak Everton Supporters' Club"},"image":{"@id":"https:\/\/evertonfc.cz\/#\/schema\/logo\/image\/"},"sameAs":["https:\/\/www.facebook.com\/everton.fans.cz.sk"]},{"@type":"Person","@id":"https:\/\/evertonfc.cz\/#\/schema\/person\/c495ad9c14eabaab7ff243473d85758c","name":"Everton1878","url":"https:\/\/evertonfc.cz\/index.php\/author\/everton1878\/"}]}},"_links":{"self":[{"href":"https:\/\/evertonfc.cz\/index.php\/wp-json\/wp\/v2\/posts\/4677"}],"collection":[{"href":"https:\/\/evertonfc.cz\/index.php\/wp-json\/wp\/v2\/posts"}],"about":[{"href":"https:\/\/evertonfc.cz\/index.php\/wp-json\/wp\/v2\/types\/post"}],"author":[{"embeddable":true,"href":"https:\/\/evertonfc.cz\/index.php\/wp-json\/wp\/v2\/users\/23"}],"replies":[{"embeddable":true,"href":"https:\/\/evertonfc.cz\/index.php\/wp-json\/wp\/v2\/comments?post=4677"}],"version-history":[{"count":3,"href":"https:\/\/evertonfc.cz\/index.php\/wp-json\/wp\/v2\/posts\/4677\/revisions"}],"predecessor-version":[{"id":4939,"href":"https:\/\/evertonfc.cz\/index.php\/wp-json\/wp\/v2\/posts\/4677\/revisions\/4939"}],"wp:featuredmedia":[{"embeddable":true,"href":"https:\/\/evertonfc.cz\/index.php\/wp-json\/wp\/v2\/media\/1315"}],"wp:attachment":[{"href":"https:\/\/evertonfc.cz\/index.php\/wp-json\/wp\/v2\/media?parent=4677"}],"wp:term":[{"taxonomy":"category","embeddable":true,"href":"https:\/\/evertonfc.cz\/index.php\/wp-json\/wp\/v2\/categories?post=4677"},{"taxonomy":"post_tag","embeddable":true,"href":"https:\/\/evertonfc.cz\/index.php\/wp-json\/wp\/v2\/tags?post=4677"}],"curies":[{"name":"wp","href":"https:\/\/api.w.org\/{rel}","templated":true}]}}