{"id":4679,"date":"2014-08-03T19:22:55","date_gmt":"2014-08-03T17:22:55","guid":{"rendered":"http:\/\/evertonfc.cz\/?p=4679"},"modified":"2019-02-13T23:28:35","modified_gmt":"2019-02-13T22:28:35","slug":"deset-nejlepsich-ossieho-momentu","status":"publish","type":"post","link":"https:\/\/evertonfc.cz\/index.php\/2014\/08\/03\/deset-nejlepsich-ossieho-momentu\/","title":{"rendered":"Deset nejlep\u0161\u00edch Ossieho moment\u016f"},"content":{"rendered":"<h4 id=\"NewsPostDetailSummary\">Odchovanec, p\u0159es deset let v prvn\u00edm t\u00fdmu Evertonu, 388 z\u00e1pas\u016f, 54 g\u00f3l\u016f. V dne\u0161n\u00edm fotbale m\u00e1lo v\u00edd\u00e1n\u00fd jev a zcela po pr\u00e1vu oslavov\u00e1n benefi\u010dn\u00edm z\u00e1pasem, Liverpool Echo proto p\u0159ed ned\u011bln\u00edm v\u00fdkopem proti Portu p\u0159ipomn\u011blo deset nejv\u00fdznamn\u011bj\u0161\u00edch chvil kari\u00e9ry Leona Osmana.<\/h4>\n<div id=\"NewsPostDetailContent\">\n<h4><strong>\u00dapln\u00fd za\u010d\u00e1tek<\/strong><\/h4>\n<p>12. ledna 2003 Osman debutoval p\u0159i proh\u0159e na h\u0159i\u0161ti Spurs 3:4. Pro absolventa akademie \u0161lo o v\u00fdjime\u010dn\u00fd den, kter\u00e9mu p\u0159edch\u00e1zelo v\u00e1\u017en\u00e9 zran\u011bn\u00ed kolene v roce 2001 a hostov\u00e1n\u00ed v Carlisle United.<\/p>\n<h4><strong>Otev\u0159en\u00ed st\u0159eleck\u00e9ho \u00fa\u010dtu<\/strong><\/h4>\n<p>\u0160ikovn\u00fd z\u00e1lo\u017en\u00edk vst\u0159elil prvn\u00ed branku hned p\u0159i premi\u00e9\u0159e v z\u00e1kladn\u00ed sestav\u011b, psal se 1. kv\u011bten 2004. David Moyes st\u00e1hl sv\u00e9ho sv\u011b\u0159ence z hostov\u00e1n\u00ed v Derby Country, kde pom\u00e1hal se z\u00e1chranou a sb\u00edral cenn\u00e9 zku\u0161enosti v seniorsk\u00e9 kopan\u00e9, a nasadil ho do utk\u00e1n\u00ed na Molineux. Tenkr\u00e1t t\u0159iadvacetilet\u00fd nov\u00e1\u010dek se prosadil <a href=\"http:\/\/youtu.be\/BvrFM9cdmlU\" target=\"_blank\" rel=\"noopener\">hlavi\u010dkou na prvn\u00ed ty\u010di<\/a> po centru Jamese McFaddena ve 2. minut\u011b. Blues p\u0159esto podlehli Wolverhamptonu 1:2.<\/p>\n<h4><strong>Nejhez\u010d\u00ed branka<\/strong><\/h4>\n<p>V sez\u00f3n\u011b 2007\/08 se Blues kvalifikovali do poh\u00e1ru UEFA a v z\u00e1kladn\u00ed skupin\u011b p\u0159iv\u00edtali \u0159eck\u00fd celek AS Larrisa. Krom\u011b t\u0159\u00ed bod\u016f se Evertonians radovali <a href=\"http:\/\/youtu.be\/iBruzHqrLIg\" target=\"_blank\" rel=\"noopener\">z\u00a0uk\u00e1zkov\u00e9 \u00fato\u010dn\u00e9 akce<\/a>. Leighton Baines pot\u00e1hl akci po lev\u00e9 stran\u011b a na hranici v\u00e1pna na\u0161el Stevena Pienaara, ten chytrou pati\u010dkou p\u0159ipravil st\u0159eleckou pozici pro nab\u00edhaj\u00edc\u00edho Osmana, jen\u017ee d\u011blovkou p\u0159ed Gwladys Street End uklidil m\u00ed\u010d do s\u00edt\u011b.<\/p>\n<h4><strong>Zaji\u0161t\u011bn\u00ed kvalifikace do Evropsk\u00e9 ligy<\/strong><\/h4>\n<p>Toffees cestovali k posledn\u00edmu kolu sez\u00f3ny 2008\/09 na Craven Cottage, pot\u0159ebn\u00e9 v\u00edt\u011bzstv\u00ed a potvrzen\u00ed kone\u010dn\u00e9ho 5. m\u00edsta znamenaj\u00edc\u00ed Evropskou ligu <a href=\"http:\/\/www.goalsarena.org\/en\/video\/england-barclays-premier-league\/24-05-2009-fulham-0-2-everton.html\" target=\"_blank\" rel=\"noopener\">za\u0159\u00eddil t\u00e9m\u011b\u0159 holohlav\u00fd \u0161t\u00edrek<\/a>. St\u0159eleck\u00fd \u00fa\u010det otev\u0159el t\u011bsn\u011b p\u0159ed polo\u010dasovou p\u0159est\u00e1vkou a triumf 2:0 pe\u010detil v 87. minut\u011b.<\/p>\n<h4><strong>Oraz\u00edtkovan\u00fd miln\u00edk<\/strong><\/h4>\n<p>Ve stylov\u00fd den se prom\u011bnila dom\u00e1c\u00ed v\u00fdhra 2:0 nad \u0161ampi\u00f3ny z Manchesteru City z b\u0159ezna roku 2013. Leon Osman <a href=\"http:\/\/youtu.be\/bluaghGSbCU\" target=\"_blank\" rel=\"noopener\">kr\u00e1snou \u0161ajtl\u00ed<\/a> vyprodukoval osmou trefu v ro\u010dn\u00edku, \u010d\u00edm\u017e si stanovil osobn\u00ed maximum. A nav\u00edc \u0161lo o jeho 50. g\u00f3l za Everton v 300. st\u0159etnut\u00ed.<\/p>\n<h4><strong>P\u0159ekon\u00e1n\u00ed rekordu<\/strong><\/h4>\n<p>Zat\u00edmco Southampton odjel z Goodisonu v lo\u0148sk\u00e9m prosinci s prohrou 1:2, Leon Osman vyb\u011bhl na h\u0159i\u0161ti v dresu Blues po 303. v Premier League a p\u0159ekonal klubov\u00fd z\u00e1pis Davida Unswortha. <em>\u201eC\u00edt\u00edm se skv\u011ble, chu\u0165 d\u016fle\u017eit\u00fdch t\u0159\u00ed bod\u016f jenom zv\u011bt\u0161uje n\u00e1dhern\u00fd pocit p\u0159i dosa\u017een\u00ed rekordu<\/em><em>,\u201c<\/em>\u00a0prozradil tehdej\u0161\u00ed kapit\u00e1n.<\/p>\n<h4><strong>Kone\u010dn\u011b z\u00e1znam v derby<\/strong><\/h4>\n<p>V 219. Merseyside derby Osman poprv\u00e9 sk\u00f3roval proti Liverpoolu v seniorsk\u00e9m fotbale. Ji\u017e b\u011bhem prvn\u00edho polo\u010dasu si host\u00e9 z druh\u00e9ho konce Stanley Parku vybudovali dvoubrankov\u00fd n\u00e1skok, jen\u017ee mu\u017e s 21 na z\u00e1dech zavelel <a href=\"http:\/\/youtu.be\/yg07yXX3GfU?t=1m11s\" target=\"_blank\" rel=\"noopener\">ranou po rohov\u00e9m kopu<\/a> ke kone\u010dn\u00e9 rem\u00edze 2:2.<\/p>\n<h4><strong>Kousek od vav\u0159\u00edn\u016f<\/strong><\/h4>\n<p>J\u00edzda FA Cupem v roce 2009 skon\u010dila a\u017e t\u011bsn\u011b pod vrcholem. Ve fin\u00e1lov\u00e9m Wembley s Ossiem v z\u00e1kladn\u00ed sestav\u011b Toffees vedli od 25. sekundy, pohotov\u00fdm zakon\u010den\u00edm se zaskv\u011bl Louis Saha. Bohu\u017eel Didier Drogba a Frank Lampard dot\u00e1hli Chelsea k obratu a trofeji.<\/p>\n<h4><strong>V anglick\u00e9 reprezentaci<\/strong><\/h4>\n<p>Osmanovi bylo 31 let, kdy\u017e se do\u010dkal prvn\u00edho vystoupen\u00edm v reprezentaci Albionu. 14. listopadu 2012 nasko\u010dil do m\u011b\u0159en\u00ed sil se \u0160v\u00e9dskem, v n\u011bm\u017e kraloval Zlatan Ibrahimovi\u0107, krom\u011b hattricku zaujal neuv\u011b\u0159iteln\u00fdm dalekonosn\u00fdmi n\u016f\u017ekami. Podruh\u00e9 a z\u0159ejm\u011b naposledy si Ossie z\u00e1hy zahr\u00e1l za Anglii proti San Marinu.<\/p>\n<h4><strong>St\u00e1le platn\u00fd<\/strong><\/h4>\n<p>Everton v b\u0159eznu vyloupil St James Park, p\u0159i\u010dem\u017e z\u00e1v\u011bre\u010dn\u00fd t\u0159et\u00ed z\u00e1sah <a href=\"http:\/\/youtu.be\/sV9q30NgeQQ?t=26s\" target=\"_blank\" rel=\"noopener\">vyst\u0159elil kapit\u00e1n Leon Osman<\/a>. P\u00e1sku navl\u00e9kl po t\u0159in\u00e1ct\u00e9 v kari\u00e9\u0159e a jenom ve dvou p\u0159\u00edpadech Everton nevyhr\u00e1l, kdy\u017e vedl spoluhr\u00e1\u010de na h\u0159i\u0161t\u011b. Po skon\u010den\u00ed souboje s Newcastlem Roberto Mart\u00ednez p\u0159isp\u011bchal s pochvalou: <em>\u201eLeon je opravdov\u00fdm kapit\u00e1nem a v\u016fdcem. Rozum\u00ed h\u0159e a vlastn\u00ed patent na kvalitu.\u201c<\/em><\/p>\n<\/div>\n","protected":false},"excerpt":{"rendered":"<p>Odchovanec, p\u0159es deset let v prvn\u00edm t\u00fdmu Evertonu, 388 z\u00e1pas\u016f, 54 g\u00f3l\u016f. V dne\u0161n\u00edm fotbale m\u00e1lo v\u00edd\u00e1n\u00fd jev a zcela&hellip;<\/p>\n","protected":false},"author":6,"featured_media":1310,"comment_status":"open","ping_status":"closed","sticky":false,"template":"","format":"standard","meta":{"_eb_attr":"","_monsterinsights_skip_tracking":false,"_monsterinsights_sitenote_active":false,"_monsterinsights_sitenote_note":"","_monsterinsights_sitenote_category":0,"footnotes":""},"categories":[39],"tags":[],"yoast_head":"<!-- This site is optimized with the Yoast SEO plugin v23.4 - https:\/\/yoast.com\/wordpress\/plugins\/seo\/ -->\n<title>Deset nejlep\u0161\u00edch Ossieho moment\u016f - Official Czech &amp; Slovak Everton Supporters&#039; Club<\/title>\n<meta name=\"robots\" content=\"index, follow, max-snippet:-1, max-image-preview:large, max-video-preview:-1\" \/>\n<link rel=\"canonical\" href=\"https:\/\/evertonfc.cz\/index.php\/2014\/08\/03\/deset-nejlepsich-ossieho-momentu\/\" \/>\n<meta property=\"og:locale\" content=\"cs_CZ\" \/>\n<meta property=\"og:type\" content=\"article\" \/>\n<meta property=\"og:title\" content=\"Deset nejlep\u0161\u00edch Ossieho moment\u016f - Official Czech &amp; Slovak Everton Supporters&#039; Club\" \/>\n<meta property=\"og:description\" content=\"Odchovanec, p\u0159es deset let v prvn\u00edm t\u00fdmu Evertonu, 388 z\u00e1pas\u016f, 54 g\u00f3l\u016f. V dne\u0161n\u00edm fotbale m\u00e1lo v\u00edd\u00e1n\u00fd jev a zcela&hellip;\" \/>\n<meta property=\"og:url\" content=\"https:\/\/evertonfc.cz\/index.php\/2014\/08\/03\/deset-nejlepsich-ossieho-momentu\/\" \/>\n<meta property=\"og:site_name\" content=\"Official Czech &amp; Slovak Everton Supporters&#039; Club\" \/>\n<meta property=\"article:publisher\" content=\"https:\/\/www.facebook.com\/everton.fans.cz.sk\" \/>\n<meta property=\"article:published_time\" content=\"2014-08-03T17:22:55+00:00\" \/>\n<meta property=\"article:modified_time\" content=\"2019-02-13T22:28:35+00:00\" \/>\n<meta property=\"og:image\" content=\"https:\/\/evertonfc.cz\/wp-content\/uploads\/2019\/01\/blog.jpg\" \/>\n\t<meta property=\"og:image:width\" content=\"720\" \/>\n\t<meta property=\"og:image:height\" content=\"405\" \/>\n\t<meta property=\"og:image:type\" content=\"image\/jpeg\" \/>\n<meta name=\"author\" content=\"Ri\u010di\" \/>\n<meta name=\"twitter:card\" content=\"summary_large_image\" \/>\n<meta name=\"twitter:creator\" content=\"@rbrejsa\" \/>\n<meta name=\"twitter:label1\" content=\"Napsal(a)\" \/>\n\t<meta name=\"twitter:data1\" content=\"Ri\u010di\" \/>\n\t<meta name=\"twitter:label2\" content=\"Odhadovan\u00e1 doba \u010dten\u00ed\" \/>\n\t<meta name=\"twitter:data2\" content=\"4 minuty\" \/>\n<script type=\"application\/ld+json\" class=\"yoast-schema-graph\">{\"@context\":\"https:\/\/schema.org\",\"@graph\":[{\"@type\":\"Article\",\"@id\":\"https:\/\/evertonfc.cz\/index.php\/2014\/08\/03\/deset-nejlepsich-ossieho-momentu\/#article\",\"isPartOf\":{\"@id\":\"https:\/\/evertonfc.cz\/index.php\/2014\/08\/03\/deset-nejlepsich-ossieho-momentu\/\"},\"author\":{\"name\":\"Ri\u010di\",\"@id\":\"https:\/\/evertonfc.cz\/#\/schema\/person\/f7a5daedb2ffee98480bc70e191aaef1\"},\"headline\":\"Deset nejlep\u0161\u00edch Ossieho moment\u016f\",\"datePublished\":\"2014-08-03T17:22:55+00:00\",\"dateModified\":\"2019-02-13T22:28:35+00:00\",\"mainEntityOfPage\":{\"@id\":\"https:\/\/evertonfc.cz\/index.php\/2014\/08\/03\/deset-nejlepsich-ossieho-momentu\/\"},\"wordCount\":724,\"commentCount\":0,\"publisher\":{\"@id\":\"https:\/\/evertonfc.cz\/#organization\"},\"image\":{\"@id\":\"https:\/\/evertonfc.cz\/index.php\/2014\/08\/03\/deset-nejlepsich-ossieho-momentu\/#primaryimage\"},\"thumbnailUrl\":\"https:\/\/evertonfc.cz\/wp-content\/uploads\/2019\/01\/blog.jpg\",\"articleSection\":[\"Blog\"],\"inLanguage\":\"cs\",\"potentialAction\":[{\"@type\":\"CommentAction\",\"name\":\"Comment\",\"target\":[\"https:\/\/evertonfc.cz\/index.php\/2014\/08\/03\/deset-nejlepsich-ossieho-momentu\/#respond\"]}]},{\"@type\":\"WebPage\",\"@id\":\"https:\/\/evertonfc.cz\/index.php\/2014\/08\/03\/deset-nejlepsich-ossieho-momentu\/\",\"url\":\"https:\/\/evertonfc.cz\/index.php\/2014\/08\/03\/deset-nejlepsich-ossieho-momentu\/\",\"name\":\"Deset nejlep\u0161\u00edch Ossieho moment\u016f - Official Czech &amp; Slovak Everton Supporters&#039; Club\",\"isPartOf\":{\"@id\":\"https:\/\/evertonfc.cz\/#website\"},\"primaryImageOfPage\":{\"@id\":\"https:\/\/evertonfc.cz\/index.php\/2014\/08\/03\/deset-nejlepsich-ossieho-momentu\/#primaryimage\"},\"image\":{\"@id\":\"https:\/\/evertonfc.cz\/index.php\/2014\/08\/03\/deset-nejlepsich-ossieho-momentu\/#primaryimage\"},\"thumbnailUrl\":\"https:\/\/evertonfc.cz\/wp-content\/uploads\/2019\/01\/blog.jpg\",\"datePublished\":\"2014-08-03T17:22:55+00:00\",\"dateModified\":\"2019-02-13T22:28:35+00:00\",\"breadcrumb\":{\"@id\":\"https:\/\/evertonfc.cz\/index.php\/2014\/08\/03\/deset-nejlepsich-ossieho-momentu\/#breadcrumb\"},\"inLanguage\":\"cs\",\"potentialAction\":[{\"@type\":\"ReadAction\",\"target\":[\"https:\/\/evertonfc.cz\/index.php\/2014\/08\/03\/deset-nejlepsich-ossieho-momentu\/\"]}]},{\"@type\":\"ImageObject\",\"inLanguage\":\"cs\",\"@id\":\"https:\/\/evertonfc.cz\/index.php\/2014\/08\/03\/deset-nejlepsich-ossieho-momentu\/#primaryimage\",\"url\":\"https:\/\/evertonfc.cz\/wp-content\/uploads\/2019\/01\/blog.jpg\",\"contentUrl\":\"https:\/\/evertonfc.cz\/wp-content\/uploads\/2019\/01\/blog.jpg\",\"width\":720,\"height\":405},{\"@type\":\"BreadcrumbList\",\"@id\":\"https:\/\/evertonfc.cz\/index.php\/2014\/08\/03\/deset-nejlepsich-ossieho-momentu\/#breadcrumb\",\"itemListElement\":[{\"@type\":\"ListItem\",\"position\":1,\"name\":\"Home\",\"item\":\"https:\/\/evertonfc.cz\/\"},{\"@type\":\"ListItem\",\"position\":2,\"name\":\"Deset nejlep\u0161\u00edch Ossieho moment\u016f\"}]},{\"@type\":\"WebSite\",\"@id\":\"https:\/\/evertonfc.cz\/#website\",\"url\":\"https:\/\/evertonfc.cz\/\",\"name\":\"Official Czech &amp; Slovak Everton Supporters&#039; Club\",\"description\":\"\",\"publisher\":{\"@id\":\"https:\/\/evertonfc.cz\/#organization\"},\"potentialAction\":[{\"@type\":\"SearchAction\",\"target\":{\"@type\":\"EntryPoint\",\"urlTemplate\":\"https:\/\/evertonfc.cz\/?s={search_term_string}\"},\"query-input\":{\"@type\":\"PropertyValueSpecification\",\"valueRequired\":true,\"valueName\":\"search_term_string\"}}],\"inLanguage\":\"cs\"},{\"@type\":\"Organization\",\"@id\":\"https:\/\/evertonfc.cz\/#organization\",\"name\":\"Official Czech & Slovak Everton Supporters' Club\",\"url\":\"https:\/\/evertonfc.cz\/\",\"logo\":{\"@type\":\"ImageObject\",\"inLanguage\":\"cs\",\"@id\":\"https:\/\/evertonfc.cz\/#\/schema\/logo\/image\/\",\"url\":\"https:\/\/evertonfc.cz\/wp-content\/uploads\/2019\/05\/logo.png\",\"contentUrl\":\"https:\/\/evertonfc.cz\/wp-content\/uploads\/2019\/05\/logo.png\",\"width\":112,\"height\":112,\"caption\":\"Official Czech & Slovak Everton Supporters' Club\"},\"image\":{\"@id\":\"https:\/\/evertonfc.cz\/#\/schema\/logo\/image\/\"},\"sameAs\":[\"https:\/\/www.facebook.com\/everton.fans.cz.sk\"]},{\"@type\":\"Person\",\"@id\":\"https:\/\/evertonfc.cz\/#\/schema\/person\/f7a5daedb2ffee98480bc70e191aaef1\",\"name\":\"Ri\u010di\",\"sameAs\":[\"https:\/\/x.com\/rbrejsa\"],\"url\":\"https:\/\/evertonfc.cz\/index.php\/author\/rici\/\"}]}<\/script>\n<!-- \/ Yoast SEO plugin. -->","yoast_head_json":{"title":"Deset nejlep\u0161\u00edch Ossieho moment\u016f - Official Czech &amp; Slovak Everton Supporters&#039; Club","robots":{"index":"index","follow":"follow","max-snippet":"max-snippet:-1","max-image-preview":"max-image-preview:large","max-video-preview":"max-video-preview:-1"},"canonical":"https:\/\/evertonfc.cz\/index.php\/2014\/08\/03\/deset-nejlepsich-ossieho-momentu\/","og_locale":"cs_CZ","og_type":"article","og_title":"Deset nejlep\u0161\u00edch Ossieho moment\u016f - Official Czech &amp; Slovak Everton Supporters&#039; Club","og_description":"Odchovanec, p\u0159es deset let v prvn\u00edm t\u00fdmu Evertonu, 388 z\u00e1pas\u016f, 54 g\u00f3l\u016f. V dne\u0161n\u00edm fotbale m\u00e1lo v\u00edd\u00e1n\u00fd jev a zcela&hellip;","og_url":"https:\/\/evertonfc.cz\/index.php\/2014\/08\/03\/deset-nejlepsich-ossieho-momentu\/","og_site_name":"Official Czech &amp; Slovak Everton Supporters&#039; Club","article_publisher":"https:\/\/www.facebook.com\/everton.fans.cz.sk","article_published_time":"2014-08-03T17:22:55+00:00","article_modified_time":"2019-02-13T22:28:35+00:00","og_image":[{"width":720,"height":405,"url":"https:\/\/evertonfc.cz\/wp-content\/uploads\/2019\/01\/blog.jpg","type":"image\/jpeg"}],"author":"Ri\u010di","twitter_card":"summary_large_image","twitter_creator":"@rbrejsa","twitter_misc":{"Napsal(a)":"Ri\u010di","Odhadovan\u00e1 doba \u010dten\u00ed":"4 minuty"},"schema":{"@context":"https:\/\/schema.org","@graph":[{"@type":"Article","@id":"https:\/\/evertonfc.cz\/index.php\/2014\/08\/03\/deset-nejlepsich-ossieho-momentu\/#article","isPartOf":{"@id":"https:\/\/evertonfc.cz\/index.php\/2014\/08\/03\/deset-nejlepsich-ossieho-momentu\/"},"author":{"name":"Ri\u010di","@id":"https:\/\/evertonfc.cz\/#\/schema\/person\/f7a5daedb2ffee98480bc70e191aaef1"},"headline":"Deset nejlep\u0161\u00edch Ossieho moment\u016f","datePublished":"2014-08-03T17:22:55+00:00","dateModified":"2019-02-13T22:28:35+00:00","mainEntityOfPage":{"@id":"https:\/\/evertonfc.cz\/index.php\/2014\/08\/03\/deset-nejlepsich-ossieho-momentu\/"},"wordCount":724,"commentCount":0,"publisher":{"@id":"https:\/\/evertonfc.cz\/#organization"},"image":{"@id":"https:\/\/evertonfc.cz\/index.php\/2014\/08\/03\/deset-nejlepsich-ossieho-momentu\/#primaryimage"},"thumbnailUrl":"https:\/\/evertonfc.cz\/wp-content\/uploads\/2019\/01\/blog.jpg","articleSection":["Blog"],"inLanguage":"cs","potentialAction":[{"@type":"CommentAction","name":"Comment","target":["https:\/\/evertonfc.cz\/index.php\/2014\/08\/03\/deset-nejlepsich-ossieho-momentu\/#respond"]}]},{"@type":"WebPage","@id":"https:\/\/evertonfc.cz\/index.php\/2014\/08\/03\/deset-nejlepsich-ossieho-momentu\/","url":"https:\/\/evertonfc.cz\/index.php\/2014\/08\/03\/deset-nejlepsich-ossieho-momentu\/","name":"Deset nejlep\u0161\u00edch Ossieho moment\u016f - Official Czech &amp; Slovak Everton Supporters&#039; Club","isPartOf":{"@id":"https:\/\/evertonfc.cz\/#website"},"primaryImageOfPage":{"@id":"https:\/\/evertonfc.cz\/index.php\/2014\/08\/03\/deset-nejlepsich-ossieho-momentu\/#primaryimage"},"image":{"@id":"https:\/\/evertonfc.cz\/index.php\/2014\/08\/03\/deset-nejlepsich-ossieho-momentu\/#primaryimage"},"thumbnailUrl":"https:\/\/evertonfc.cz\/wp-content\/uploads\/2019\/01\/blog.jpg","datePublished":"2014-08-03T17:22:55+00:00","dateModified":"2019-02-13T22:28:35+00:00","breadcrumb":{"@id":"https:\/\/evertonfc.cz\/index.php\/2014\/08\/03\/deset-nejlepsich-ossieho-momentu\/#breadcrumb"},"inLanguage":"cs","potentialAction":[{"@type":"ReadAction","target":["https:\/\/evertonfc.cz\/index.php\/2014\/08\/03\/deset-nejlepsich-ossieho-momentu\/"]}]},{"@type":"ImageObject","inLanguage":"cs","@id":"https:\/\/evertonfc.cz\/index.php\/2014\/08\/03\/deset-nejlepsich-ossieho-momentu\/#primaryimage","url":"https:\/\/evertonfc.cz\/wp-content\/uploads\/2019\/01\/blog.jpg","contentUrl":"https:\/\/evertonfc.cz\/wp-content\/uploads\/2019\/01\/blog.jpg","width":720,"height":405},{"@type":"BreadcrumbList","@id":"https:\/\/evertonfc.cz\/index.php\/2014\/08\/03\/deset-nejlepsich-ossieho-momentu\/#breadcrumb","itemListElement":[{"@type":"ListItem","position":1,"name":"Home","item":"https:\/\/evertonfc.cz\/"},{"@type":"ListItem","position":2,"name":"Deset nejlep\u0161\u00edch Ossieho moment\u016f"}]},{"@type":"WebSite","@id":"https:\/\/evertonfc.cz\/#website","url":"https:\/\/evertonfc.cz\/","name":"Official Czech &amp; Slovak Everton Supporters&#039; Club","description":"","publisher":{"@id":"https:\/\/evertonfc.cz\/#organization"},"potentialAction":[{"@type":"SearchAction","target":{"@type":"EntryPoint","urlTemplate":"https:\/\/evertonfc.cz\/?s={search_term_string}"},"query-input":{"@type":"PropertyValueSpecification","valueRequired":true,"valueName":"search_term_string"}}],"inLanguage":"cs"},{"@type":"Organization","@id":"https:\/\/evertonfc.cz\/#organization","name":"Official Czech & Slovak Everton Supporters' Club","url":"https:\/\/evertonfc.cz\/","logo":{"@type":"ImageObject","inLanguage":"cs","@id":"https:\/\/evertonfc.cz\/#\/schema\/logo\/image\/","url":"https:\/\/evertonfc.cz\/wp-content\/uploads\/2019\/05\/logo.png","contentUrl":"https:\/\/evertonfc.cz\/wp-content\/uploads\/2019\/05\/logo.png","width":112,"height":112,"caption":"Official Czech & Slovak Everton Supporters' Club"},"image":{"@id":"https:\/\/evertonfc.cz\/#\/schema\/logo\/image\/"},"sameAs":["https:\/\/www.facebook.com\/everton.fans.cz.sk"]},{"@type":"Person","@id":"https:\/\/evertonfc.cz\/#\/schema\/person\/f7a5daedb2ffee98480bc70e191aaef1","name":"Ri\u010di","sameAs":["https:\/\/x.com\/rbrejsa"],"url":"https:\/\/evertonfc.cz\/index.php\/author\/rici\/"}]}},"_links":{"self":[{"href":"https:\/\/evertonfc.cz\/index.php\/wp-json\/wp\/v2\/posts\/4679"}],"collection":[{"href":"https:\/\/evertonfc.cz\/index.php\/wp-json\/wp\/v2\/posts"}],"about":[{"href":"https:\/\/evertonfc.cz\/index.php\/wp-json\/wp\/v2\/types\/post"}],"author":[{"embeddable":true,"href":"https:\/\/evertonfc.cz\/index.php\/wp-json\/wp\/v2\/users\/6"}],"replies":[{"embeddable":true,"href":"https:\/\/evertonfc.cz\/index.php\/wp-json\/wp\/v2\/comments?post=4679"}],"version-history":[{"count":3,"href":"https:\/\/evertonfc.cz\/index.php\/wp-json\/wp\/v2\/posts\/4679\/revisions"}],"predecessor-version":[{"id":4941,"href":"https:\/\/evertonfc.cz\/index.php\/wp-json\/wp\/v2\/posts\/4679\/revisions\/4941"}],"wp:featuredmedia":[{"embeddable":true,"href":"https:\/\/evertonfc.cz\/index.php\/wp-json\/wp\/v2\/media\/1310"}],"wp:attachment":[{"href":"https:\/\/evertonfc.cz\/index.php\/wp-json\/wp\/v2\/media?parent=4679"}],"wp:term":[{"taxonomy":"category","embeddable":true,"href":"https:\/\/evertonfc.cz\/index.php\/wp-json\/wp\/v2\/categories?post=4679"},{"taxonomy":"post_tag","embeddable":true,"href":"https:\/\/evertonfc.cz\/index.php\/wp-json\/wp\/v2\/tags?post=4679"}],"curies":[{"name":"wp","href":"https:\/\/api.w.org\/{rel}","templated":true}]}}