{"id":4681,"date":"2014-08-02T19:51:58","date_gmt":"2014-08-02T17:51:58","guid":{"rendered":"http:\/\/evertonfc.cz\/?p=4681"},"modified":"2019-02-13T23:28:48","modified_gmt":"2019-02-13T22:28:48","slug":"brendan-galloway-dalsim-novicem","status":"publish","type":"post","link":"https:\/\/evertonfc.cz\/index.php\/2014\/08\/02\/brendan-galloway-dalsim-novicem\/","title":{"rendered":"Brendan Galloway dal\u0161\u00edm novicem"},"content":{"rendered":"<h4 id=\"NewsPostDetailSummary\">Everton dot\u00e1hl p\u0159estup ml\u00e1de\u017enick\u00e9ho anglick\u00e9ho reprezentanta z MK Dons za nezve\u0159ejn\u011bnou \u010d\u00e1stku, Galloway souhlasil s p\u011btiletou smlouvu a pro za\u010d\u00e1tek se za\u0159ad\u00ed do v\u00fdb\u011bru U21, za n\u011bho\u017e u\u017e dnes nastoupil v rem\u00edzov\u00e9m kl\u00e1n\u00ed proti Leedsu.<\/h4>\n<div id=\"NewsPostDetailContent\">\n<p>Spekulace o podpisu osmn\u00e1ctilet\u00e9ho rod\u00e1ka ze Zimbabwe se objevovaly od za\u010d\u00e1tku Mistrovstv\u00ed sv\u011bta. Po m\u011bs\u00edci do\u0161lo k jejich napln\u011bn\u00ed a Blues z\u00edskali nejmlad\u0161\u00edho hr\u00e1\u010de v historii Dons, za prvn\u00ed t\u00fdm debutoval v 15 letech v listopadu roku 2011 proti Nantwichi Town.<\/p>\n<p>Prim\u00e1rn\u011b obr\u00e1nce, schopn\u00fd ov\u0161em operovat t\u00e9\u017e na pozici defenzivn\u00edho z\u00e1lo\u017en\u00edka, odkopal za celek z League One 17 z\u00e1pas\u016f, g\u00f3lov\u011b se prosadil jednou. P\u0159esunem k Toffees se mu vyplnilo p\u0159\u00e1n\u00ed: <em>\u201eStra\u0161n\u011b moc pro m\u011b znamen\u00e1 st\u00e1t se sou\u010d\u00e1st\u00ed tohoto skv\u011bl\u00e9ho klubu. T\u011b\u0161\u00edm se na lekce od star\u0161\u00edch hr\u00e1\u010d\u016f jako Sylvaina Distina a Phila Jagielky.<\/em><\/p>\n<p><em>\u010castokr\u00e1t jsem je sledoval, jsou opravdov\u00ed profesion\u00e1lov\u00e9 a v\u00fdborn\u00ed hr\u00e1\u010de s cenn\u00fdmi zku\u0161enostmi. Bude mi ct\u00edt b\u00fdt jejich \u017e\u00e1kem.<\/em><\/p>\n<p><em>Z kr\u00e1tkodob\u00fdch c\u00edl\u016f chci na sob\u011b tvrd\u011b pracovat a zlep\u0161it se coby fotbalista. S pomoc\u00ed m\u00edstn\u00edch tren\u00e9r\u016f se mi nask\u00fdt\u00e1 ide\u00e1ln\u00ed p\u0159\u00edle\u017eitost. Z dlouhodob\u00fdch c\u00edl\u016f bych se r\u00e1d prosadil do prvn\u00edho t\u00fdmu Evertonu a hr\u00e1l t\u00fdden co t\u00fdden v \u00fasp\u011b\u0161n\u00e9m mu\u017estvu, kter\u00e9, mysl\u00edm si, se tu formuje.\u201c<\/em><\/p>\n<p>Dal\u0161\u00ed akvizic\u00ed a nad\u011bj\u00ed do budoucna by se v nejbli\u017e\u0161\u00ed dob\u011b m\u011bl st\u00e1t David Henen z Anderlechtu.<\/p>\n<\/div>\n","protected":false},"excerpt":{"rendered":"<p>Everton dot\u00e1hl p\u0159estup ml\u00e1de\u017enick\u00e9ho anglick\u00e9ho reprezentanta z MK Dons za nezve\u0159ejn\u011bnou \u010d\u00e1stku, Galloway souhlasil s p\u011btiletou smlouvu a pro za\u010d\u00e1tek&hellip;<\/p>\n","protected":false},"author":6,"featured_media":1316,"comment_status":"open","ping_status":"closed","sticky":false,"template":"","format":"standard","meta":{"_eb_attr":"","_monsterinsights_skip_tracking":false,"_monsterinsights_sitenote_active":false,"_monsterinsights_sitenote_note":"","_monsterinsights_sitenote_category":0,"footnotes":""},"categories":[41],"tags":[],"yoast_head":"<!-- This site is optimized with the Yoast SEO plugin v23.4 - https:\/\/yoast.com\/wordpress\/plugins\/seo\/ -->\n<title>Brendan Galloway dal\u0161\u00edm novicem - Official Czech &amp; Slovak Everton Supporters&#039; Club<\/title>\n<meta name=\"robots\" content=\"index, follow, max-snippet:-1, max-image-preview:large, max-video-preview:-1\" \/>\n<link rel=\"canonical\" href=\"https:\/\/evertonfc.cz\/index.php\/2014\/08\/02\/brendan-galloway-dalsim-novicem\/\" \/>\n<meta property=\"og:locale\" content=\"cs_CZ\" \/>\n<meta property=\"og:type\" content=\"article\" \/>\n<meta property=\"og:title\" content=\"Brendan Galloway dal\u0161\u00edm novicem - Official Czech &amp; Slovak Everton Supporters&#039; Club\" \/>\n<meta property=\"og:description\" content=\"Everton dot\u00e1hl p\u0159estup ml\u00e1de\u017enick\u00e9ho anglick\u00e9ho reprezentanta z MK Dons za nezve\u0159ejn\u011bnou \u010d\u00e1stku, Galloway souhlasil s p\u011btiletou smlouvu a pro za\u010d\u00e1tek&hellip;\" \/>\n<meta property=\"og:url\" content=\"https:\/\/evertonfc.cz\/index.php\/2014\/08\/02\/brendan-galloway-dalsim-novicem\/\" \/>\n<meta property=\"og:site_name\" content=\"Official Czech &amp; Slovak Everton Supporters&#039; Club\" \/>\n<meta property=\"article:publisher\" content=\"https:\/\/www.facebook.com\/everton.fans.cz.sk\" \/>\n<meta property=\"article:published_time\" content=\"2014-08-02T17:51:58+00:00\" \/>\n<meta property=\"article:modified_time\" content=\"2019-02-13T22:28:48+00:00\" \/>\n<meta property=\"og:image\" content=\"https:\/\/evertonfc.cz\/wp-content\/uploads\/2019\/01\/transfer.jpg\" \/>\n\t<meta property=\"og:image:width\" content=\"720\" \/>\n\t<meta property=\"og:image:height\" content=\"405\" \/>\n\t<meta property=\"og:image:type\" content=\"image\/jpeg\" \/>\n<meta name=\"author\" content=\"Ri\u010di\" \/>\n<meta name=\"twitter:card\" content=\"summary_large_image\" \/>\n<meta name=\"twitter:creator\" content=\"@rbrejsa\" \/>\n<meta name=\"twitter:label1\" content=\"Napsal(a)\" \/>\n\t<meta name=\"twitter:data1\" content=\"Ri\u010di\" \/>\n\t<meta name=\"twitter:label2\" content=\"Odhadovan\u00e1 doba \u010dten\u00ed\" \/>\n\t<meta name=\"twitter:data2\" content=\"1 minuta\" \/>\n<script type=\"application\/ld+json\" class=\"yoast-schema-graph\">{\"@context\":\"https:\/\/schema.org\",\"@graph\":[{\"@type\":\"Article\",\"@id\":\"https:\/\/evertonfc.cz\/index.php\/2014\/08\/02\/brendan-galloway-dalsim-novicem\/#article\",\"isPartOf\":{\"@id\":\"https:\/\/evertonfc.cz\/index.php\/2014\/08\/02\/brendan-galloway-dalsim-novicem\/\"},\"author\":{\"name\":\"Ri\u010di\",\"@id\":\"https:\/\/evertonfc.cz\/#\/schema\/person\/f7a5daedb2ffee98480bc70e191aaef1\"},\"headline\":\"Brendan Galloway dal\u0161\u00edm novicem\",\"datePublished\":\"2014-08-02T17:51:58+00:00\",\"dateModified\":\"2019-02-13T22:28:48+00:00\",\"mainEntityOfPage\":{\"@id\":\"https:\/\/evertonfc.cz\/index.php\/2014\/08\/02\/brendan-galloway-dalsim-novicem\/\"},\"wordCount\":296,\"commentCount\":0,\"publisher\":{\"@id\":\"https:\/\/evertonfc.cz\/#organization\"},\"image\":{\"@id\":\"https:\/\/evertonfc.cz\/index.php\/2014\/08\/02\/brendan-galloway-dalsim-novicem\/#primaryimage\"},\"thumbnailUrl\":\"https:\/\/evertonfc.cz\/wp-content\/uploads\/2019\/01\/transfer.jpg\",\"articleSection\":[\"P\u0159estupy\"],\"inLanguage\":\"cs\",\"potentialAction\":[{\"@type\":\"CommentAction\",\"name\":\"Comment\",\"target\":[\"https:\/\/evertonfc.cz\/index.php\/2014\/08\/02\/brendan-galloway-dalsim-novicem\/#respond\"]}]},{\"@type\":\"WebPage\",\"@id\":\"https:\/\/evertonfc.cz\/index.php\/2014\/08\/02\/brendan-galloway-dalsim-novicem\/\",\"url\":\"https:\/\/evertonfc.cz\/index.php\/2014\/08\/02\/brendan-galloway-dalsim-novicem\/\",\"name\":\"Brendan Galloway dal\u0161\u00edm novicem - Official Czech &amp; Slovak Everton Supporters&#039; Club\",\"isPartOf\":{\"@id\":\"https:\/\/evertonfc.cz\/#website\"},\"primaryImageOfPage\":{\"@id\":\"https:\/\/evertonfc.cz\/index.php\/2014\/08\/02\/brendan-galloway-dalsim-novicem\/#primaryimage\"},\"image\":{\"@id\":\"https:\/\/evertonfc.cz\/index.php\/2014\/08\/02\/brendan-galloway-dalsim-novicem\/#primaryimage\"},\"thumbnailUrl\":\"https:\/\/evertonfc.cz\/wp-content\/uploads\/2019\/01\/transfer.jpg\",\"datePublished\":\"2014-08-02T17:51:58+00:00\",\"dateModified\":\"2019-02-13T22:28:48+00:00\",\"breadcrumb\":{\"@id\":\"https:\/\/evertonfc.cz\/index.php\/2014\/08\/02\/brendan-galloway-dalsim-novicem\/#breadcrumb\"},\"inLanguage\":\"cs\",\"potentialAction\":[{\"@type\":\"ReadAction\",\"target\":[\"https:\/\/evertonfc.cz\/index.php\/2014\/08\/02\/brendan-galloway-dalsim-novicem\/\"]}]},{\"@type\":\"ImageObject\",\"inLanguage\":\"cs\",\"@id\":\"https:\/\/evertonfc.cz\/index.php\/2014\/08\/02\/brendan-galloway-dalsim-novicem\/#primaryimage\",\"url\":\"https:\/\/evertonfc.cz\/wp-content\/uploads\/2019\/01\/transfer.jpg\",\"contentUrl\":\"https:\/\/evertonfc.cz\/wp-content\/uploads\/2019\/01\/transfer.jpg\",\"width\":720,\"height\":405},{\"@type\":\"BreadcrumbList\",\"@id\":\"https:\/\/evertonfc.cz\/index.php\/2014\/08\/02\/brendan-galloway-dalsim-novicem\/#breadcrumb\",\"itemListElement\":[{\"@type\":\"ListItem\",\"position\":1,\"name\":\"Home\",\"item\":\"https:\/\/evertonfc.cz\/\"},{\"@type\":\"ListItem\",\"position\":2,\"name\":\"Brendan Galloway dal\u0161\u00edm novicem\"}]},{\"@type\":\"WebSite\",\"@id\":\"https:\/\/evertonfc.cz\/#website\",\"url\":\"https:\/\/evertonfc.cz\/\",\"name\":\"Official Czech &amp; Slovak Everton Supporters&#039; Club\",\"description\":\"\",\"publisher\":{\"@id\":\"https:\/\/evertonfc.cz\/#organization\"},\"potentialAction\":[{\"@type\":\"SearchAction\",\"target\":{\"@type\":\"EntryPoint\",\"urlTemplate\":\"https:\/\/evertonfc.cz\/?s={search_term_string}\"},\"query-input\":{\"@type\":\"PropertyValueSpecification\",\"valueRequired\":true,\"valueName\":\"search_term_string\"}}],\"inLanguage\":\"cs\"},{\"@type\":\"Organization\",\"@id\":\"https:\/\/evertonfc.cz\/#organization\",\"name\":\"Official Czech & Slovak Everton Supporters' Club\",\"url\":\"https:\/\/evertonfc.cz\/\",\"logo\":{\"@type\":\"ImageObject\",\"inLanguage\":\"cs\",\"@id\":\"https:\/\/evertonfc.cz\/#\/schema\/logo\/image\/\",\"url\":\"https:\/\/evertonfc.cz\/wp-content\/uploads\/2019\/05\/logo.png\",\"contentUrl\":\"https:\/\/evertonfc.cz\/wp-content\/uploads\/2019\/05\/logo.png\",\"width\":112,\"height\":112,\"caption\":\"Official Czech & Slovak Everton Supporters' Club\"},\"image\":{\"@id\":\"https:\/\/evertonfc.cz\/#\/schema\/logo\/image\/\"},\"sameAs\":[\"https:\/\/www.facebook.com\/everton.fans.cz.sk\"]},{\"@type\":\"Person\",\"@id\":\"https:\/\/evertonfc.cz\/#\/schema\/person\/f7a5daedb2ffee98480bc70e191aaef1\",\"name\":\"Ri\u010di\",\"sameAs\":[\"https:\/\/x.com\/rbrejsa\"],\"url\":\"https:\/\/evertonfc.cz\/index.php\/author\/rici\/\"}]}<\/script>\n<!-- \/ Yoast SEO plugin. -->","yoast_head_json":{"title":"Brendan Galloway dal\u0161\u00edm novicem - Official Czech &amp; Slovak Everton Supporters&#039; Club","robots":{"index":"index","follow":"follow","max-snippet":"max-snippet:-1","max-image-preview":"max-image-preview:large","max-video-preview":"max-video-preview:-1"},"canonical":"https:\/\/evertonfc.cz\/index.php\/2014\/08\/02\/brendan-galloway-dalsim-novicem\/","og_locale":"cs_CZ","og_type":"article","og_title":"Brendan Galloway dal\u0161\u00edm novicem - Official Czech &amp; Slovak Everton Supporters&#039; Club","og_description":"Everton dot\u00e1hl p\u0159estup ml\u00e1de\u017enick\u00e9ho anglick\u00e9ho reprezentanta z MK Dons za nezve\u0159ejn\u011bnou \u010d\u00e1stku, Galloway souhlasil s p\u011btiletou smlouvu a pro za\u010d\u00e1tek&hellip;","og_url":"https:\/\/evertonfc.cz\/index.php\/2014\/08\/02\/brendan-galloway-dalsim-novicem\/","og_site_name":"Official Czech &amp; Slovak Everton Supporters&#039; Club","article_publisher":"https:\/\/www.facebook.com\/everton.fans.cz.sk","article_published_time":"2014-08-02T17:51:58+00:00","article_modified_time":"2019-02-13T22:28:48+00:00","og_image":[{"width":720,"height":405,"url":"https:\/\/evertonfc.cz\/wp-content\/uploads\/2019\/01\/transfer.jpg","type":"image\/jpeg"}],"author":"Ri\u010di","twitter_card":"summary_large_image","twitter_creator":"@rbrejsa","twitter_misc":{"Napsal(a)":"Ri\u010di","Odhadovan\u00e1 doba \u010dten\u00ed":"1 minuta"},"schema":{"@context":"https:\/\/schema.org","@graph":[{"@type":"Article","@id":"https:\/\/evertonfc.cz\/index.php\/2014\/08\/02\/brendan-galloway-dalsim-novicem\/#article","isPartOf":{"@id":"https:\/\/evertonfc.cz\/index.php\/2014\/08\/02\/brendan-galloway-dalsim-novicem\/"},"author":{"name":"Ri\u010di","@id":"https:\/\/evertonfc.cz\/#\/schema\/person\/f7a5daedb2ffee98480bc70e191aaef1"},"headline":"Brendan Galloway dal\u0161\u00edm novicem","datePublished":"2014-08-02T17:51:58+00:00","dateModified":"2019-02-13T22:28:48+00:00","mainEntityOfPage":{"@id":"https:\/\/evertonfc.cz\/index.php\/2014\/08\/02\/brendan-galloway-dalsim-novicem\/"},"wordCount":296,"commentCount":0,"publisher":{"@id":"https:\/\/evertonfc.cz\/#organization"},"image":{"@id":"https:\/\/evertonfc.cz\/index.php\/2014\/08\/02\/brendan-galloway-dalsim-novicem\/#primaryimage"},"thumbnailUrl":"https:\/\/evertonfc.cz\/wp-content\/uploads\/2019\/01\/transfer.jpg","articleSection":["P\u0159estupy"],"inLanguage":"cs","potentialAction":[{"@type":"CommentAction","name":"Comment","target":["https:\/\/evertonfc.cz\/index.php\/2014\/08\/02\/brendan-galloway-dalsim-novicem\/#respond"]}]},{"@type":"WebPage","@id":"https:\/\/evertonfc.cz\/index.php\/2014\/08\/02\/brendan-galloway-dalsim-novicem\/","url":"https:\/\/evertonfc.cz\/index.php\/2014\/08\/02\/brendan-galloway-dalsim-novicem\/","name":"Brendan Galloway dal\u0161\u00edm novicem - Official Czech &amp; Slovak Everton Supporters&#039; Club","isPartOf":{"@id":"https:\/\/evertonfc.cz\/#website"},"primaryImageOfPage":{"@id":"https:\/\/evertonfc.cz\/index.php\/2014\/08\/02\/brendan-galloway-dalsim-novicem\/#primaryimage"},"image":{"@id":"https:\/\/evertonfc.cz\/index.php\/2014\/08\/02\/brendan-galloway-dalsim-novicem\/#primaryimage"},"thumbnailUrl":"https:\/\/evertonfc.cz\/wp-content\/uploads\/2019\/01\/transfer.jpg","datePublished":"2014-08-02T17:51:58+00:00","dateModified":"2019-02-13T22:28:48+00:00","breadcrumb":{"@id":"https:\/\/evertonfc.cz\/index.php\/2014\/08\/02\/brendan-galloway-dalsim-novicem\/#breadcrumb"},"inLanguage":"cs","potentialAction":[{"@type":"ReadAction","target":["https:\/\/evertonfc.cz\/index.php\/2014\/08\/02\/brendan-galloway-dalsim-novicem\/"]}]},{"@type":"ImageObject","inLanguage":"cs","@id":"https:\/\/evertonfc.cz\/index.php\/2014\/08\/02\/brendan-galloway-dalsim-novicem\/#primaryimage","url":"https:\/\/evertonfc.cz\/wp-content\/uploads\/2019\/01\/transfer.jpg","contentUrl":"https:\/\/evertonfc.cz\/wp-content\/uploads\/2019\/01\/transfer.jpg","width":720,"height":405},{"@type":"BreadcrumbList","@id":"https:\/\/evertonfc.cz\/index.php\/2014\/08\/02\/brendan-galloway-dalsim-novicem\/#breadcrumb","itemListElement":[{"@type":"ListItem","position":1,"name":"Home","item":"https:\/\/evertonfc.cz\/"},{"@type":"ListItem","position":2,"name":"Brendan Galloway dal\u0161\u00edm novicem"}]},{"@type":"WebSite","@id":"https:\/\/evertonfc.cz\/#website","url":"https:\/\/evertonfc.cz\/","name":"Official Czech &amp; Slovak Everton Supporters&#039; Club","description":"","publisher":{"@id":"https:\/\/evertonfc.cz\/#organization"},"potentialAction":[{"@type":"SearchAction","target":{"@type":"EntryPoint","urlTemplate":"https:\/\/evertonfc.cz\/?s={search_term_string}"},"query-input":{"@type":"PropertyValueSpecification","valueRequired":true,"valueName":"search_term_string"}}],"inLanguage":"cs"},{"@type":"Organization","@id":"https:\/\/evertonfc.cz\/#organization","name":"Official Czech & Slovak Everton Supporters' Club","url":"https:\/\/evertonfc.cz\/","logo":{"@type":"ImageObject","inLanguage":"cs","@id":"https:\/\/evertonfc.cz\/#\/schema\/logo\/image\/","url":"https:\/\/evertonfc.cz\/wp-content\/uploads\/2019\/05\/logo.png","contentUrl":"https:\/\/evertonfc.cz\/wp-content\/uploads\/2019\/05\/logo.png","width":112,"height":112,"caption":"Official Czech & Slovak Everton Supporters' Club"},"image":{"@id":"https:\/\/evertonfc.cz\/#\/schema\/logo\/image\/"},"sameAs":["https:\/\/www.facebook.com\/everton.fans.cz.sk"]},{"@type":"Person","@id":"https:\/\/evertonfc.cz\/#\/schema\/person\/f7a5daedb2ffee98480bc70e191aaef1","name":"Ri\u010di","sameAs":["https:\/\/x.com\/rbrejsa"],"url":"https:\/\/evertonfc.cz\/index.php\/author\/rici\/"}]}},"_links":{"self":[{"href":"https:\/\/evertonfc.cz\/index.php\/wp-json\/wp\/v2\/posts\/4681"}],"collection":[{"href":"https:\/\/evertonfc.cz\/index.php\/wp-json\/wp\/v2\/posts"}],"about":[{"href":"https:\/\/evertonfc.cz\/index.php\/wp-json\/wp\/v2\/types\/post"}],"author":[{"embeddable":true,"href":"https:\/\/evertonfc.cz\/index.php\/wp-json\/wp\/v2\/users\/6"}],"replies":[{"embeddable":true,"href":"https:\/\/evertonfc.cz\/index.php\/wp-json\/wp\/v2\/comments?post=4681"}],"version-history":[{"count":2,"href":"https:\/\/evertonfc.cz\/index.php\/wp-json\/wp\/v2\/posts\/4681\/revisions"}],"predecessor-version":[{"id":4942,"href":"https:\/\/evertonfc.cz\/index.php\/wp-json\/wp\/v2\/posts\/4681\/revisions\/4942"}],"wp:featuredmedia":[{"embeddable":true,"href":"https:\/\/evertonfc.cz\/index.php\/wp-json\/wp\/v2\/media\/1316"}],"wp:attachment":[{"href":"https:\/\/evertonfc.cz\/index.php\/wp-json\/wp\/v2\/media?parent=4681"}],"wp:term":[{"taxonomy":"category","embeddable":true,"href":"https:\/\/evertonfc.cz\/index.php\/wp-json\/wp\/v2\/categories?post=4681"},{"taxonomy":"post_tag","embeddable":true,"href":"https:\/\/evertonfc.cz\/index.php\/wp-json\/wp\/v2\/tags?post=4681"}],"curies":[{"name":"wp","href":"https:\/\/api.w.org\/{rel}","templated":true}]}}