{"id":4683,"date":"2014-07-30T19:53:08","date_gmt":"2014-07-30T17:53:08","guid":{"rendered":"http:\/\/evertonfc.cz\/?p=4683"},"modified":"2019-02-13T23:31:18","modified_gmt":"2019-02-13T22:31:18","slug":"lukaku-patri-toffees","status":"publish","type":"post","link":"https:\/\/evertonfc.cz\/index.php\/2014\/07\/30\/lukaku-patri-toffees\/","title":{"rendered":"Lukaku pat\u0159\u00ed Toffees"},"content":{"rendered":"<h4 id=\"NewsPostDetailSummary\">B\u011bhem dvou dn\u016f Everton nazna\u010dil sv\u00e9 ambice, nejprve podepsal s Rossem Barkleym nov\u00fd \u010dty\u0159let\u00fd kontrakt a vz\u00e1p\u011bt\u00ed vykoupil z Chelsea za rekordn\u00ed sumu v historii klubu Romela Lukaka.<\/h4>\n<div id=\"NewsPostDetailContent\">\n<p><em>\u201eNikdy jsem nepochyboval ohledn\u011b podpisu. M\u00fdm snem je hr\u00e1t za Everton, miluji to tu a c\u00edt\u00edm se tu jako doma. Zaznamenali jsme progres a nyn\u00ed je na\u0161\u00edm dal\u0161\u00edm c\u00edlem Liga mistr\u016f. Dob\u0159e si uv\u011bdomuji, kterak d\u016fle\u017eit\u00fd krok jsem ud\u011blal. Dob\u0159e si toti\u017e pamatuji na chv\u00edle, kdy Wayne Rooney ode\u0161el. V\u0161ichni Evertonians jsme poci\u0165ovali hlubok\u00e9 zklam\u00e1n\u00ed,\u201c\u00a0<\/em>prozradil Barkley, jeho\u017e slova musej\u00ed zn\u00edt fanou\u0161k\u016fm jako rajsk\u00e1 hudba.<\/p>\n<p>20 let star\u00fd kreativn\u00ed z\u00e1lo\u017en\u00edk se lo\u0148skou sez\u00f3nu naplno prosadil v Premier League, nastoupil k 38 z\u00e1pas\u016fm a vst\u0159elil sedm branek. A n\u011bkolik z nich bylo fam\u00f3zn\u00edch, sta\u010d\u00ed si vzpomenout nap\u0159\u00edklad na individu\u00e1ln\u00ed akci proti Newcastlu. V\u00fdkony si zaslou\u017een\u011b \u0159ekl o nominaci na Mistrovstv\u00ed sv\u011bta do Braz\u00edlie. Vylep\u0161en\u00ed smlouvy se podepsalo i na v\u00fdplatn\u00ed p\u00e1sce, Barkley bude pob\u00edrat \u00a360 000 t\u00fddn\u011b, tedy dvojn\u00e1sobek star\u00e9ho platu.<\/p>\n<p>Romelu Lukaku p\u0159estoupil do Evertonu! Aneb dal\u0161\u00ed skv\u011bl\u00e1 zpr\u00e1va. Transferov\u00e1 \u010d\u00e1stka \u010din\u00ed \u00a328m, \u010d\u00edm\u017e byl p\u0159ekon\u00e1n n\u00e1kup Marouneho Fellainiho v hodnot\u011b \u00a315m z l\u00e9ta roku 2008. P\u0159\u00edchod jednadvacetilet\u00e9ho Belgi\u010dana dodal Toffees kvalitn\u00edho \u00fato\u010dn\u00edka s velk\u00fdm potenci\u00e1lem, o \u010dem\u017e jsme se p\u0159isv\u011bd\u010dili u\u017e minul\u00fd ro\u010dn\u00edk. Rod\u00e1k z Antverp s kon\u017esk\u00fdmi ko\u0159eny tehdy na Goodison Parku hostoval a se 16 g\u00f3ly si p\u0159ivlastnil titul nejlep\u0161\u00edho st\u0159elce p\u00e1t\u00e9ho celku ligy.<\/p>\n<p>P\u011btilet\u00fd kontrakt s finan\u010dn\u00ed odm\u011bnou \u00a370 000 t\u00fddn\u011b \u0159ad\u00ed ambici\u00f3zn\u00edho Belgi\u010dana mezi kl\u00ed\u010dov\u00e9 hr\u00e1\u010de mu\u017estva, nosit bude dres s \u010d\u00edslem 10, jeho b\u00fdvalou 17 p\u0159evzal Muhamed Be\u0161i\u0107, dal\u0161\u00ed posila.<\/p>\n<p>Spokojen\u00fd p\u0159edseda Bill Kenwright prohl\u00e1sil:<em> \u201eRomelu p\u0159edstavuje d\u016fle\u017eitou \u010d\u00e1st skl\u00e1da\u010dky pro Roberta a Everton. Nikdo nen\u00ed nad\u0161en\u011bj\u0161\u00ed ne\u017e j\u00e1, dnes v poledne jsme ukon\u010dili jeden\u00e1cti m\u011bs\u00ed\u010dn\u00ed hled\u00e1n\u00ed po \u00fato\u010dn\u00edkovi. R\u00e1d bych srde\u010dn\u011b pod\u011bkoval v\u0161em zainteresovan\u00fdm stran\u00e1m, Romovi a jeho z\u00e1stupc\u016fm, Chelsea a pochopiteln\u011b Robertovi.<\/em><\/p>\n<p><em>P\u0159\u00edchod Roma je v\u00edce ne\u017e podpis, d\u00edky tvrd\u00e9 pr\u00e1ci se uskute\u010dnilo na\u0161e p\u0159\u00e1n\u00ed, z\u00edskali jsme vytipovan\u00e9ho hr\u00e1\u010de. Jedn\u00e1 se o obrovsk\u00fd moment v historii Evertonu a krok, kter\u00fd pom\u016f\u017ee k\u00e1dru b\u00fdt p\u0159ipraven\u00fd na za\u010d\u00e1tek nov\u00e9 sez\u00f3ny,\u201c\u00a0<\/em>nechal se sly\u0161et Roberto Mart\u00ednez.<\/p>\n<\/div>\n","protected":false},"excerpt":{"rendered":"<p>B\u011bhem dvou dn\u016f Everton nazna\u010dil sv\u00e9 ambice, nejprve podepsal s Rossem Barkleym nov\u00fd \u010dty\u0159let\u00fd kontrakt a vz\u00e1p\u011bt\u00ed vykoupil z Chelsea&hellip;<\/p>\n","protected":false},"author":6,"featured_media":1316,"comment_status":"open","ping_status":"closed","sticky":false,"template":"","format":"standard","meta":{"_eb_attr":"","_monsterinsights_skip_tracking":false,"_monsterinsights_sitenote_active":false,"_monsterinsights_sitenote_note":"","_monsterinsights_sitenote_category":0,"footnotes":""},"categories":[41],"tags":[],"yoast_head":"<!-- This site is optimized with the Yoast SEO plugin v23.4 - https:\/\/yoast.com\/wordpress\/plugins\/seo\/ -->\n<title>Lukaku pat\u0159\u00ed Toffees - Official Czech &amp; Slovak Everton Supporters&#039; Club<\/title>\n<meta name=\"robots\" content=\"index, follow, max-snippet:-1, max-image-preview:large, max-video-preview:-1\" \/>\n<link rel=\"canonical\" href=\"https:\/\/evertonfc.cz\/index.php\/2014\/07\/30\/lukaku-patri-toffees\/\" \/>\n<meta property=\"og:locale\" content=\"cs_CZ\" \/>\n<meta property=\"og:type\" content=\"article\" \/>\n<meta property=\"og:title\" content=\"Lukaku pat\u0159\u00ed Toffees - Official Czech &amp; Slovak Everton Supporters&#039; Club\" \/>\n<meta property=\"og:description\" content=\"B\u011bhem dvou dn\u016f Everton nazna\u010dil sv\u00e9 ambice, nejprve podepsal s Rossem Barkleym nov\u00fd \u010dty\u0159let\u00fd kontrakt a vz\u00e1p\u011bt\u00ed vykoupil z Chelsea&hellip;\" \/>\n<meta property=\"og:url\" content=\"https:\/\/evertonfc.cz\/index.php\/2014\/07\/30\/lukaku-patri-toffees\/\" \/>\n<meta property=\"og:site_name\" content=\"Official Czech &amp; Slovak Everton Supporters&#039; Club\" \/>\n<meta property=\"article:publisher\" content=\"https:\/\/www.facebook.com\/everton.fans.cz.sk\" \/>\n<meta property=\"article:published_time\" content=\"2014-07-30T17:53:08+00:00\" \/>\n<meta property=\"article:modified_time\" content=\"2019-02-13T22:31:18+00:00\" \/>\n<meta property=\"og:image\" content=\"https:\/\/evertonfc.cz\/wp-content\/uploads\/2019\/01\/transfer.jpg\" \/>\n\t<meta property=\"og:image:width\" content=\"720\" \/>\n\t<meta property=\"og:image:height\" content=\"405\" \/>\n\t<meta property=\"og:image:type\" content=\"image\/jpeg\" \/>\n<meta name=\"author\" content=\"Ri\u010di\" \/>\n<meta name=\"twitter:card\" content=\"summary_large_image\" \/>\n<meta name=\"twitter:creator\" content=\"@rbrejsa\" \/>\n<meta name=\"twitter:label1\" content=\"Napsal(a)\" \/>\n\t<meta name=\"twitter:data1\" content=\"Ri\u010di\" \/>\n\t<meta name=\"twitter:label2\" content=\"Odhadovan\u00e1 doba \u010dten\u00ed\" \/>\n\t<meta name=\"twitter:data2\" content=\"2 minuty\" \/>\n<script type=\"application\/ld+json\" class=\"yoast-schema-graph\">{\"@context\":\"https:\/\/schema.org\",\"@graph\":[{\"@type\":\"Article\",\"@id\":\"https:\/\/evertonfc.cz\/index.php\/2014\/07\/30\/lukaku-patri-toffees\/#article\",\"isPartOf\":{\"@id\":\"https:\/\/evertonfc.cz\/index.php\/2014\/07\/30\/lukaku-patri-toffees\/\"},\"author\":{\"name\":\"Ri\u010di\",\"@id\":\"https:\/\/evertonfc.cz\/#\/schema\/person\/f7a5daedb2ffee98480bc70e191aaef1\"},\"headline\":\"Lukaku pat\u0159\u00ed Toffees\",\"datePublished\":\"2014-07-30T17:53:08+00:00\",\"dateModified\":\"2019-02-13T22:31:18+00:00\",\"mainEntityOfPage\":{\"@id\":\"https:\/\/evertonfc.cz\/index.php\/2014\/07\/30\/lukaku-patri-toffees\/\"},\"wordCount\":467,\"commentCount\":0,\"publisher\":{\"@id\":\"https:\/\/evertonfc.cz\/#organization\"},\"image\":{\"@id\":\"https:\/\/evertonfc.cz\/index.php\/2014\/07\/30\/lukaku-patri-toffees\/#primaryimage\"},\"thumbnailUrl\":\"https:\/\/evertonfc.cz\/wp-content\/uploads\/2019\/01\/transfer.jpg\",\"articleSection\":[\"P\u0159estupy\"],\"inLanguage\":\"cs\",\"potentialAction\":[{\"@type\":\"CommentAction\",\"name\":\"Comment\",\"target\":[\"https:\/\/evertonfc.cz\/index.php\/2014\/07\/30\/lukaku-patri-toffees\/#respond\"]}]},{\"@type\":\"WebPage\",\"@id\":\"https:\/\/evertonfc.cz\/index.php\/2014\/07\/30\/lukaku-patri-toffees\/\",\"url\":\"https:\/\/evertonfc.cz\/index.php\/2014\/07\/30\/lukaku-patri-toffees\/\",\"name\":\"Lukaku pat\u0159\u00ed Toffees - Official Czech &amp; Slovak Everton Supporters&#039; Club\",\"isPartOf\":{\"@id\":\"https:\/\/evertonfc.cz\/#website\"},\"primaryImageOfPage\":{\"@id\":\"https:\/\/evertonfc.cz\/index.php\/2014\/07\/30\/lukaku-patri-toffees\/#primaryimage\"},\"image\":{\"@id\":\"https:\/\/evertonfc.cz\/index.php\/2014\/07\/30\/lukaku-patri-toffees\/#primaryimage\"},\"thumbnailUrl\":\"https:\/\/evertonfc.cz\/wp-content\/uploads\/2019\/01\/transfer.jpg\",\"datePublished\":\"2014-07-30T17:53:08+00:00\",\"dateModified\":\"2019-02-13T22:31:18+00:00\",\"breadcrumb\":{\"@id\":\"https:\/\/evertonfc.cz\/index.php\/2014\/07\/30\/lukaku-patri-toffees\/#breadcrumb\"},\"inLanguage\":\"cs\",\"potentialAction\":[{\"@type\":\"ReadAction\",\"target\":[\"https:\/\/evertonfc.cz\/index.php\/2014\/07\/30\/lukaku-patri-toffees\/\"]}]},{\"@type\":\"ImageObject\",\"inLanguage\":\"cs\",\"@id\":\"https:\/\/evertonfc.cz\/index.php\/2014\/07\/30\/lukaku-patri-toffees\/#primaryimage\",\"url\":\"https:\/\/evertonfc.cz\/wp-content\/uploads\/2019\/01\/transfer.jpg\",\"contentUrl\":\"https:\/\/evertonfc.cz\/wp-content\/uploads\/2019\/01\/transfer.jpg\",\"width\":720,\"height\":405},{\"@type\":\"BreadcrumbList\",\"@id\":\"https:\/\/evertonfc.cz\/index.php\/2014\/07\/30\/lukaku-patri-toffees\/#breadcrumb\",\"itemListElement\":[{\"@type\":\"ListItem\",\"position\":1,\"name\":\"Home\",\"item\":\"https:\/\/evertonfc.cz\/\"},{\"@type\":\"ListItem\",\"position\":2,\"name\":\"Lukaku pat\u0159\u00ed Toffees\"}]},{\"@type\":\"WebSite\",\"@id\":\"https:\/\/evertonfc.cz\/#website\",\"url\":\"https:\/\/evertonfc.cz\/\",\"name\":\"Official Czech &amp; Slovak Everton Supporters&#039; Club\",\"description\":\"\",\"publisher\":{\"@id\":\"https:\/\/evertonfc.cz\/#organization\"},\"potentialAction\":[{\"@type\":\"SearchAction\",\"target\":{\"@type\":\"EntryPoint\",\"urlTemplate\":\"https:\/\/evertonfc.cz\/?s={search_term_string}\"},\"query-input\":{\"@type\":\"PropertyValueSpecification\",\"valueRequired\":true,\"valueName\":\"search_term_string\"}}],\"inLanguage\":\"cs\"},{\"@type\":\"Organization\",\"@id\":\"https:\/\/evertonfc.cz\/#organization\",\"name\":\"Official Czech & Slovak Everton Supporters' Club\",\"url\":\"https:\/\/evertonfc.cz\/\",\"logo\":{\"@type\":\"ImageObject\",\"inLanguage\":\"cs\",\"@id\":\"https:\/\/evertonfc.cz\/#\/schema\/logo\/image\/\",\"url\":\"https:\/\/evertonfc.cz\/wp-content\/uploads\/2019\/05\/logo.png\",\"contentUrl\":\"https:\/\/evertonfc.cz\/wp-content\/uploads\/2019\/05\/logo.png\",\"width\":112,\"height\":112,\"caption\":\"Official Czech & Slovak Everton Supporters' Club\"},\"image\":{\"@id\":\"https:\/\/evertonfc.cz\/#\/schema\/logo\/image\/\"},\"sameAs\":[\"https:\/\/www.facebook.com\/everton.fans.cz.sk\"]},{\"@type\":\"Person\",\"@id\":\"https:\/\/evertonfc.cz\/#\/schema\/person\/f7a5daedb2ffee98480bc70e191aaef1\",\"name\":\"Ri\u010di\",\"sameAs\":[\"https:\/\/x.com\/rbrejsa\"],\"url\":\"https:\/\/evertonfc.cz\/index.php\/author\/rici\/\"}]}<\/script>\n<!-- \/ Yoast SEO plugin. -->","yoast_head_json":{"title":"Lukaku pat\u0159\u00ed Toffees - Official Czech &amp; Slovak Everton Supporters&#039; Club","robots":{"index":"index","follow":"follow","max-snippet":"max-snippet:-1","max-image-preview":"max-image-preview:large","max-video-preview":"max-video-preview:-1"},"canonical":"https:\/\/evertonfc.cz\/index.php\/2014\/07\/30\/lukaku-patri-toffees\/","og_locale":"cs_CZ","og_type":"article","og_title":"Lukaku pat\u0159\u00ed Toffees - Official Czech &amp; Slovak Everton Supporters&#039; Club","og_description":"B\u011bhem dvou dn\u016f Everton nazna\u010dil sv\u00e9 ambice, nejprve podepsal s Rossem Barkleym nov\u00fd \u010dty\u0159let\u00fd kontrakt a vz\u00e1p\u011bt\u00ed vykoupil z Chelsea&hellip;","og_url":"https:\/\/evertonfc.cz\/index.php\/2014\/07\/30\/lukaku-patri-toffees\/","og_site_name":"Official Czech &amp; Slovak Everton Supporters&#039; Club","article_publisher":"https:\/\/www.facebook.com\/everton.fans.cz.sk","article_published_time":"2014-07-30T17:53:08+00:00","article_modified_time":"2019-02-13T22:31:18+00:00","og_image":[{"width":720,"height":405,"url":"https:\/\/evertonfc.cz\/wp-content\/uploads\/2019\/01\/transfer.jpg","type":"image\/jpeg"}],"author":"Ri\u010di","twitter_card":"summary_large_image","twitter_creator":"@rbrejsa","twitter_misc":{"Napsal(a)":"Ri\u010di","Odhadovan\u00e1 doba \u010dten\u00ed":"2 minuty"},"schema":{"@context":"https:\/\/schema.org","@graph":[{"@type":"Article","@id":"https:\/\/evertonfc.cz\/index.php\/2014\/07\/30\/lukaku-patri-toffees\/#article","isPartOf":{"@id":"https:\/\/evertonfc.cz\/index.php\/2014\/07\/30\/lukaku-patri-toffees\/"},"author":{"name":"Ri\u010di","@id":"https:\/\/evertonfc.cz\/#\/schema\/person\/f7a5daedb2ffee98480bc70e191aaef1"},"headline":"Lukaku pat\u0159\u00ed Toffees","datePublished":"2014-07-30T17:53:08+00:00","dateModified":"2019-02-13T22:31:18+00:00","mainEntityOfPage":{"@id":"https:\/\/evertonfc.cz\/index.php\/2014\/07\/30\/lukaku-patri-toffees\/"},"wordCount":467,"commentCount":0,"publisher":{"@id":"https:\/\/evertonfc.cz\/#organization"},"image":{"@id":"https:\/\/evertonfc.cz\/index.php\/2014\/07\/30\/lukaku-patri-toffees\/#primaryimage"},"thumbnailUrl":"https:\/\/evertonfc.cz\/wp-content\/uploads\/2019\/01\/transfer.jpg","articleSection":["P\u0159estupy"],"inLanguage":"cs","potentialAction":[{"@type":"CommentAction","name":"Comment","target":["https:\/\/evertonfc.cz\/index.php\/2014\/07\/30\/lukaku-patri-toffees\/#respond"]}]},{"@type":"WebPage","@id":"https:\/\/evertonfc.cz\/index.php\/2014\/07\/30\/lukaku-patri-toffees\/","url":"https:\/\/evertonfc.cz\/index.php\/2014\/07\/30\/lukaku-patri-toffees\/","name":"Lukaku pat\u0159\u00ed Toffees - Official Czech &amp; Slovak Everton Supporters&#039; Club","isPartOf":{"@id":"https:\/\/evertonfc.cz\/#website"},"primaryImageOfPage":{"@id":"https:\/\/evertonfc.cz\/index.php\/2014\/07\/30\/lukaku-patri-toffees\/#primaryimage"},"image":{"@id":"https:\/\/evertonfc.cz\/index.php\/2014\/07\/30\/lukaku-patri-toffees\/#primaryimage"},"thumbnailUrl":"https:\/\/evertonfc.cz\/wp-content\/uploads\/2019\/01\/transfer.jpg","datePublished":"2014-07-30T17:53:08+00:00","dateModified":"2019-02-13T22:31:18+00:00","breadcrumb":{"@id":"https:\/\/evertonfc.cz\/index.php\/2014\/07\/30\/lukaku-patri-toffees\/#breadcrumb"},"inLanguage":"cs","potentialAction":[{"@type":"ReadAction","target":["https:\/\/evertonfc.cz\/index.php\/2014\/07\/30\/lukaku-patri-toffees\/"]}]},{"@type":"ImageObject","inLanguage":"cs","@id":"https:\/\/evertonfc.cz\/index.php\/2014\/07\/30\/lukaku-patri-toffees\/#primaryimage","url":"https:\/\/evertonfc.cz\/wp-content\/uploads\/2019\/01\/transfer.jpg","contentUrl":"https:\/\/evertonfc.cz\/wp-content\/uploads\/2019\/01\/transfer.jpg","width":720,"height":405},{"@type":"BreadcrumbList","@id":"https:\/\/evertonfc.cz\/index.php\/2014\/07\/30\/lukaku-patri-toffees\/#breadcrumb","itemListElement":[{"@type":"ListItem","position":1,"name":"Home","item":"https:\/\/evertonfc.cz\/"},{"@type":"ListItem","position":2,"name":"Lukaku pat\u0159\u00ed Toffees"}]},{"@type":"WebSite","@id":"https:\/\/evertonfc.cz\/#website","url":"https:\/\/evertonfc.cz\/","name":"Official Czech &amp; Slovak Everton Supporters&#039; Club","description":"","publisher":{"@id":"https:\/\/evertonfc.cz\/#organization"},"potentialAction":[{"@type":"SearchAction","target":{"@type":"EntryPoint","urlTemplate":"https:\/\/evertonfc.cz\/?s={search_term_string}"},"query-input":{"@type":"PropertyValueSpecification","valueRequired":true,"valueName":"search_term_string"}}],"inLanguage":"cs"},{"@type":"Organization","@id":"https:\/\/evertonfc.cz\/#organization","name":"Official Czech & Slovak Everton Supporters' Club","url":"https:\/\/evertonfc.cz\/","logo":{"@type":"ImageObject","inLanguage":"cs","@id":"https:\/\/evertonfc.cz\/#\/schema\/logo\/image\/","url":"https:\/\/evertonfc.cz\/wp-content\/uploads\/2019\/05\/logo.png","contentUrl":"https:\/\/evertonfc.cz\/wp-content\/uploads\/2019\/05\/logo.png","width":112,"height":112,"caption":"Official Czech & Slovak Everton Supporters' Club"},"image":{"@id":"https:\/\/evertonfc.cz\/#\/schema\/logo\/image\/"},"sameAs":["https:\/\/www.facebook.com\/everton.fans.cz.sk"]},{"@type":"Person","@id":"https:\/\/evertonfc.cz\/#\/schema\/person\/f7a5daedb2ffee98480bc70e191aaef1","name":"Ri\u010di","sameAs":["https:\/\/x.com\/rbrejsa"],"url":"https:\/\/evertonfc.cz\/index.php\/author\/rici\/"}]}},"_links":{"self":[{"href":"https:\/\/evertonfc.cz\/index.php\/wp-json\/wp\/v2\/posts\/4683"}],"collection":[{"href":"https:\/\/evertonfc.cz\/index.php\/wp-json\/wp\/v2\/posts"}],"about":[{"href":"https:\/\/evertonfc.cz\/index.php\/wp-json\/wp\/v2\/types\/post"}],"author":[{"embeddable":true,"href":"https:\/\/evertonfc.cz\/index.php\/wp-json\/wp\/v2\/users\/6"}],"replies":[{"embeddable":true,"href":"https:\/\/evertonfc.cz\/index.php\/wp-json\/wp\/v2\/comments?post=4683"}],"version-history":[{"count":3,"href":"https:\/\/evertonfc.cz\/index.php\/wp-json\/wp\/v2\/posts\/4683\/revisions"}],"predecessor-version":[{"id":4950,"href":"https:\/\/evertonfc.cz\/index.php\/wp-json\/wp\/v2\/posts\/4683\/revisions\/4950"}],"wp:featuredmedia":[{"embeddable":true,"href":"https:\/\/evertonfc.cz\/index.php\/wp-json\/wp\/v2\/media\/1316"}],"wp:attachment":[{"href":"https:\/\/evertonfc.cz\/index.php\/wp-json\/wp\/v2\/media?parent=4683"}],"wp:term":[{"taxonomy":"category","embeddable":true,"href":"https:\/\/evertonfc.cz\/index.php\/wp-json\/wp\/v2\/categories?post=4683"},{"taxonomy":"post_tag","embeddable":true,"href":"https:\/\/evertonfc.cz\/index.php\/wp-json\/wp\/v2\/tags?post=4683"}],"curies":[{"name":"wp","href":"https:\/\/api.w.org\/{rel}","templated":true}]}}