{"id":4685,"date":"2014-07-29T19:54:23","date_gmt":"2014-07-29T17:54:23","guid":{"rendered":"http:\/\/evertonfc.cz\/?p=4685"},"modified":"2019-02-13T23:31:43","modified_gmt":"2019-02-13T22:31:43","slug":"besicuv-prestup-dotazen","status":"publish","type":"post","link":"https:\/\/evertonfc.cz\/index.php\/2014\/07\/29\/besicuv-prestup-dotazen\/","title":{"rendered":"Be\u0161i\u0107\u016fv p\u0159estup dota\u017een"},"content":{"rendered":"<h4 id=\"NewsPostDetailSummary\">Everton potvrdil p\u0159\u00edchod Muhameda Be\u0161i\u0107e z Ferencvarose za nezve\u0159ejn\u011bnou \u010d\u00e1stku, kter\u00e1 se \u00fadajn\u011b pohybuje kolem \u00a34m, Bos\u0148an podepsal smlouvu na p\u011bt let.<\/h4>\n<div id=\"NewsPostDetailContent\">\n<p>Dokon\u010den\u00ed cel\u00e9 transakce se t\u00e1hlo pom\u011brn\u011b dlouh\u00fd \u010das, p\u0159esto 21 let star\u00fd z\u00e1lo\u017en\u00edk odcestoval s Toffees na hern\u00ed soust\u0159ed\u011bn\u00ed do Thajska, kde se p\u0159es v\u00edkend seznamoval s mu\u017estvem. Po n\u00e1vratu na Finch Farm se nicm\u00e9n\u011b v\u0161e dot\u00e1hlo do \u00fasp\u011b\u0161n\u00e9ho konce a Roberto Mart\u00ednez se po Garethu Barrym m\u016f\u017ee t\u011b\u0161it druh\u00e9 letn\u00ed posile. Mana\u017eer chce do konce p\u0159estupov\u00e9ho obdob\u00ed p\u0159iv\u00e9st minim\u00e1ln\u011b dal\u0161\u00ed t\u0159i hr\u00e1\u010de, prioritou je pochopiteln\u011b \u00fato\u010dn\u00edk.<\/p>\n<p>Be\u0161i\u0107 zaz\u00e1\u0159il na Mistrovstv\u00ed sv\u011bta, pod dohledem Blues byl ale u\u017e b\u011bhem p\u016fsoben\u00ed v reprezentaci Bosny a Hercegovina U21. Po podpisu kontraktu prohl\u00e1sil: <em>\u201eEverton je tradi\u010dn\u00ed klub s v\u00fdborn\u00fdmi fanou\u0161ky. Jedn\u00e1 se o nejv\u011bt\u0161\u00ed posun, jak\u00fd jsem mohl po odchodu z Ma\u010farska ud\u011blat.<\/em><\/p>\n<p><em>Nejd\u016fle\u017eit\u011bj\u0161\u00edm d\u016fvodem, pro\u010d jsem si vybral Everton, je Roberto Mart\u00ednez, fantastick\u00fd tren\u00e9r.<\/em><\/p>\n<p><em>M\u00fdm stylem hry zapadnu do Premier League, podle m\u011b nejlep\u0161\u00ed ligy na sv\u011bt\u011b. Dok\u00e1\u017eu zahr\u00e1t v obran\u011b i z\u00e1loze, podle m\u011b v\u0161ak se mnou v Evertonu po\u010d\u00edtaj\u00ed do st\u0159edu z\u00e1lohy. Nastoup\u00edm, kde mi tren\u00e9r \u0159ekne, nevid\u00edm v tom \u017e\u00e1dn\u00fd probl\u00e9m.<\/em><\/p>\n<p><em>Ve st\u0159edu pole si fotbal u\u017e\u00edv\u00e1m nejv\u00edce, proto\u017ee jsem \u010dasto v kontaktu s m\u00ed\u010dem a je to m\u016fj nejsiln\u011bj\u0161\u00ed post.\u201c<\/em><\/p>\n<p>Rod\u00e1k z Berl\u00edna vytvo\u0159\u00ed s Barrym, McCarthym a Gibson silnou \u010dtve\u0159ice do st\u0159edu z\u00e1lohy. <em>\u201eBude t\u011b\u017ek\u00e9 dostat se do z\u00e1kladn\u00ed sestavy, konkuruj\u00ed mi siln\u00ed hr\u00e1\u010di. S pomoc\u00ed tren\u00e9r\u016f v\u0161ak uk\u00e1\u017eu, \u010deho jsem schopen.<\/em><\/p>\n<p><em>\u201eMistrovstv\u00ed sv\u011bta znamenalo z\u00e1sadn\u00ed moment v kari\u00e9\u0159e, hlavn\u011b v utk\u00e1n\u00ed proti Argentin\u011b jsem na sebe upoutal pozornost. Odvedl jsem dobr\u00e9 v\u00fdkony a mnoho klub\u016f se o m\u011b za\u010dalo zaj\u00edmat. V\u010detn\u011b pana Mart\u00edneze.\u201c<\/em><\/p>\n<\/div>\n","protected":false},"excerpt":{"rendered":"<p>Everton potvrdil p\u0159\u00edchod Muhameda Be\u0161i\u0107e z Ferencvarose za nezve\u0159ejn\u011bnou \u010d\u00e1stku, kter\u00e1 se \u00fadajn\u011b pohybuje kolem \u00a34m, Bos\u0148an podepsal smlouvu na&hellip;<\/p>\n","protected":false},"author":6,"featured_media":1316,"comment_status":"open","ping_status":"closed","sticky":false,"template":"","format":"standard","meta":{"_eb_attr":"","_monsterinsights_skip_tracking":false,"_monsterinsights_sitenote_active":false,"_monsterinsights_sitenote_note":"","_monsterinsights_sitenote_category":0,"footnotes":""},"categories":[41],"tags":[],"yoast_head":"<!-- This site is optimized with the Yoast SEO plugin v23.4 - https:\/\/yoast.com\/wordpress\/plugins\/seo\/ -->\n<title>Be\u0161i\u0107\u016fv p\u0159estup dota\u017een - Official Czech &amp; Slovak Everton Supporters&#039; Club<\/title>\n<meta name=\"robots\" content=\"index, follow, max-snippet:-1, max-image-preview:large, max-video-preview:-1\" \/>\n<link rel=\"canonical\" href=\"https:\/\/evertonfc.cz\/index.php\/2014\/07\/29\/besicuv-prestup-dotazen\/\" \/>\n<meta property=\"og:locale\" content=\"cs_CZ\" \/>\n<meta property=\"og:type\" content=\"article\" \/>\n<meta property=\"og:title\" content=\"Be\u0161i\u0107\u016fv p\u0159estup dota\u017een - Official Czech &amp; Slovak Everton Supporters&#039; Club\" \/>\n<meta property=\"og:description\" content=\"Everton potvrdil p\u0159\u00edchod Muhameda Be\u0161i\u0107e z Ferencvarose za nezve\u0159ejn\u011bnou \u010d\u00e1stku, kter\u00e1 se \u00fadajn\u011b pohybuje kolem \u00a34m, Bos\u0148an podepsal smlouvu na&hellip;\" \/>\n<meta property=\"og:url\" content=\"https:\/\/evertonfc.cz\/index.php\/2014\/07\/29\/besicuv-prestup-dotazen\/\" \/>\n<meta property=\"og:site_name\" content=\"Official Czech &amp; Slovak Everton Supporters&#039; Club\" \/>\n<meta property=\"article:publisher\" content=\"https:\/\/www.facebook.com\/everton.fans.cz.sk\" \/>\n<meta property=\"article:published_time\" content=\"2014-07-29T17:54:23+00:00\" \/>\n<meta property=\"article:modified_time\" content=\"2019-02-13T22:31:43+00:00\" \/>\n<meta property=\"og:image\" content=\"https:\/\/evertonfc.cz\/wp-content\/uploads\/2019\/01\/transfer.jpg\" \/>\n\t<meta property=\"og:image:width\" content=\"720\" \/>\n\t<meta property=\"og:image:height\" content=\"405\" \/>\n\t<meta property=\"og:image:type\" content=\"image\/jpeg\" \/>\n<meta name=\"author\" content=\"Ri\u010di\" \/>\n<meta name=\"twitter:card\" content=\"summary_large_image\" \/>\n<meta name=\"twitter:creator\" content=\"@rbrejsa\" \/>\n<meta name=\"twitter:label1\" content=\"Napsal(a)\" \/>\n\t<meta name=\"twitter:data1\" content=\"Ri\u010di\" \/>\n\t<meta name=\"twitter:label2\" content=\"Odhadovan\u00e1 doba \u010dten\u00ed\" \/>\n\t<meta name=\"twitter:data2\" content=\"2 minuty\" \/>\n<script type=\"application\/ld+json\" class=\"yoast-schema-graph\">{\"@context\":\"https:\/\/schema.org\",\"@graph\":[{\"@type\":\"Article\",\"@id\":\"https:\/\/evertonfc.cz\/index.php\/2014\/07\/29\/besicuv-prestup-dotazen\/#article\",\"isPartOf\":{\"@id\":\"https:\/\/evertonfc.cz\/index.php\/2014\/07\/29\/besicuv-prestup-dotazen\/\"},\"author\":{\"name\":\"Ri\u010di\",\"@id\":\"https:\/\/evertonfc.cz\/#\/schema\/person\/f7a5daedb2ffee98480bc70e191aaef1\"},\"headline\":\"Be\u0161i\u0107\u016fv p\u0159estup dota\u017een\",\"datePublished\":\"2014-07-29T17:54:23+00:00\",\"dateModified\":\"2019-02-13T22:31:43+00:00\",\"mainEntityOfPage\":{\"@id\":\"https:\/\/evertonfc.cz\/index.php\/2014\/07\/29\/besicuv-prestup-dotazen\/\"},\"wordCount\":374,\"commentCount\":0,\"publisher\":{\"@id\":\"https:\/\/evertonfc.cz\/#organization\"},\"image\":{\"@id\":\"https:\/\/evertonfc.cz\/index.php\/2014\/07\/29\/besicuv-prestup-dotazen\/#primaryimage\"},\"thumbnailUrl\":\"https:\/\/evertonfc.cz\/wp-content\/uploads\/2019\/01\/transfer.jpg\",\"articleSection\":[\"P\u0159estupy\"],\"inLanguage\":\"cs\",\"potentialAction\":[{\"@type\":\"CommentAction\",\"name\":\"Comment\",\"target\":[\"https:\/\/evertonfc.cz\/index.php\/2014\/07\/29\/besicuv-prestup-dotazen\/#respond\"]}]},{\"@type\":\"WebPage\",\"@id\":\"https:\/\/evertonfc.cz\/index.php\/2014\/07\/29\/besicuv-prestup-dotazen\/\",\"url\":\"https:\/\/evertonfc.cz\/index.php\/2014\/07\/29\/besicuv-prestup-dotazen\/\",\"name\":\"Be\u0161i\u0107\u016fv p\u0159estup dota\u017een - Official Czech &amp; Slovak Everton Supporters&#039; Club\",\"isPartOf\":{\"@id\":\"https:\/\/evertonfc.cz\/#website\"},\"primaryImageOfPage\":{\"@id\":\"https:\/\/evertonfc.cz\/index.php\/2014\/07\/29\/besicuv-prestup-dotazen\/#primaryimage\"},\"image\":{\"@id\":\"https:\/\/evertonfc.cz\/index.php\/2014\/07\/29\/besicuv-prestup-dotazen\/#primaryimage\"},\"thumbnailUrl\":\"https:\/\/evertonfc.cz\/wp-content\/uploads\/2019\/01\/transfer.jpg\",\"datePublished\":\"2014-07-29T17:54:23+00:00\",\"dateModified\":\"2019-02-13T22:31:43+00:00\",\"breadcrumb\":{\"@id\":\"https:\/\/evertonfc.cz\/index.php\/2014\/07\/29\/besicuv-prestup-dotazen\/#breadcrumb\"},\"inLanguage\":\"cs\",\"potentialAction\":[{\"@type\":\"ReadAction\",\"target\":[\"https:\/\/evertonfc.cz\/index.php\/2014\/07\/29\/besicuv-prestup-dotazen\/\"]}]},{\"@type\":\"ImageObject\",\"inLanguage\":\"cs\",\"@id\":\"https:\/\/evertonfc.cz\/index.php\/2014\/07\/29\/besicuv-prestup-dotazen\/#primaryimage\",\"url\":\"https:\/\/evertonfc.cz\/wp-content\/uploads\/2019\/01\/transfer.jpg\",\"contentUrl\":\"https:\/\/evertonfc.cz\/wp-content\/uploads\/2019\/01\/transfer.jpg\",\"width\":720,\"height\":405},{\"@type\":\"BreadcrumbList\",\"@id\":\"https:\/\/evertonfc.cz\/index.php\/2014\/07\/29\/besicuv-prestup-dotazen\/#breadcrumb\",\"itemListElement\":[{\"@type\":\"ListItem\",\"position\":1,\"name\":\"Home\",\"item\":\"https:\/\/evertonfc.cz\/\"},{\"@type\":\"ListItem\",\"position\":2,\"name\":\"Be\u0161i\u0107\u016fv p\u0159estup dota\u017een\"}]},{\"@type\":\"WebSite\",\"@id\":\"https:\/\/evertonfc.cz\/#website\",\"url\":\"https:\/\/evertonfc.cz\/\",\"name\":\"Official Czech &amp; Slovak Everton Supporters&#039; Club\",\"description\":\"\",\"publisher\":{\"@id\":\"https:\/\/evertonfc.cz\/#organization\"},\"potentialAction\":[{\"@type\":\"SearchAction\",\"target\":{\"@type\":\"EntryPoint\",\"urlTemplate\":\"https:\/\/evertonfc.cz\/?s={search_term_string}\"},\"query-input\":{\"@type\":\"PropertyValueSpecification\",\"valueRequired\":true,\"valueName\":\"search_term_string\"}}],\"inLanguage\":\"cs\"},{\"@type\":\"Organization\",\"@id\":\"https:\/\/evertonfc.cz\/#organization\",\"name\":\"Official Czech & Slovak Everton Supporters' Club\",\"url\":\"https:\/\/evertonfc.cz\/\",\"logo\":{\"@type\":\"ImageObject\",\"inLanguage\":\"cs\",\"@id\":\"https:\/\/evertonfc.cz\/#\/schema\/logo\/image\/\",\"url\":\"https:\/\/evertonfc.cz\/wp-content\/uploads\/2019\/05\/logo.png\",\"contentUrl\":\"https:\/\/evertonfc.cz\/wp-content\/uploads\/2019\/05\/logo.png\",\"width\":112,\"height\":112,\"caption\":\"Official Czech & Slovak Everton Supporters' Club\"},\"image\":{\"@id\":\"https:\/\/evertonfc.cz\/#\/schema\/logo\/image\/\"},\"sameAs\":[\"https:\/\/www.facebook.com\/everton.fans.cz.sk\"]},{\"@type\":\"Person\",\"@id\":\"https:\/\/evertonfc.cz\/#\/schema\/person\/f7a5daedb2ffee98480bc70e191aaef1\",\"name\":\"Ri\u010di\",\"sameAs\":[\"https:\/\/x.com\/rbrejsa\"],\"url\":\"https:\/\/evertonfc.cz\/index.php\/author\/rici\/\"}]}<\/script>\n<!-- \/ Yoast SEO plugin. -->","yoast_head_json":{"title":"Be\u0161i\u0107\u016fv p\u0159estup dota\u017een - Official Czech &amp; Slovak Everton Supporters&#039; Club","robots":{"index":"index","follow":"follow","max-snippet":"max-snippet:-1","max-image-preview":"max-image-preview:large","max-video-preview":"max-video-preview:-1"},"canonical":"https:\/\/evertonfc.cz\/index.php\/2014\/07\/29\/besicuv-prestup-dotazen\/","og_locale":"cs_CZ","og_type":"article","og_title":"Be\u0161i\u0107\u016fv p\u0159estup dota\u017een - Official Czech &amp; Slovak Everton Supporters&#039; Club","og_description":"Everton potvrdil p\u0159\u00edchod Muhameda Be\u0161i\u0107e z Ferencvarose za nezve\u0159ejn\u011bnou \u010d\u00e1stku, kter\u00e1 se \u00fadajn\u011b pohybuje kolem \u00a34m, Bos\u0148an podepsal smlouvu na&hellip;","og_url":"https:\/\/evertonfc.cz\/index.php\/2014\/07\/29\/besicuv-prestup-dotazen\/","og_site_name":"Official Czech &amp; Slovak Everton Supporters&#039; Club","article_publisher":"https:\/\/www.facebook.com\/everton.fans.cz.sk","article_published_time":"2014-07-29T17:54:23+00:00","article_modified_time":"2019-02-13T22:31:43+00:00","og_image":[{"width":720,"height":405,"url":"https:\/\/evertonfc.cz\/wp-content\/uploads\/2019\/01\/transfer.jpg","type":"image\/jpeg"}],"author":"Ri\u010di","twitter_card":"summary_large_image","twitter_creator":"@rbrejsa","twitter_misc":{"Napsal(a)":"Ri\u010di","Odhadovan\u00e1 doba \u010dten\u00ed":"2 minuty"},"schema":{"@context":"https:\/\/schema.org","@graph":[{"@type":"Article","@id":"https:\/\/evertonfc.cz\/index.php\/2014\/07\/29\/besicuv-prestup-dotazen\/#article","isPartOf":{"@id":"https:\/\/evertonfc.cz\/index.php\/2014\/07\/29\/besicuv-prestup-dotazen\/"},"author":{"name":"Ri\u010di","@id":"https:\/\/evertonfc.cz\/#\/schema\/person\/f7a5daedb2ffee98480bc70e191aaef1"},"headline":"Be\u0161i\u0107\u016fv p\u0159estup dota\u017een","datePublished":"2014-07-29T17:54:23+00:00","dateModified":"2019-02-13T22:31:43+00:00","mainEntityOfPage":{"@id":"https:\/\/evertonfc.cz\/index.php\/2014\/07\/29\/besicuv-prestup-dotazen\/"},"wordCount":374,"commentCount":0,"publisher":{"@id":"https:\/\/evertonfc.cz\/#organization"},"image":{"@id":"https:\/\/evertonfc.cz\/index.php\/2014\/07\/29\/besicuv-prestup-dotazen\/#primaryimage"},"thumbnailUrl":"https:\/\/evertonfc.cz\/wp-content\/uploads\/2019\/01\/transfer.jpg","articleSection":["P\u0159estupy"],"inLanguage":"cs","potentialAction":[{"@type":"CommentAction","name":"Comment","target":["https:\/\/evertonfc.cz\/index.php\/2014\/07\/29\/besicuv-prestup-dotazen\/#respond"]}]},{"@type":"WebPage","@id":"https:\/\/evertonfc.cz\/index.php\/2014\/07\/29\/besicuv-prestup-dotazen\/","url":"https:\/\/evertonfc.cz\/index.php\/2014\/07\/29\/besicuv-prestup-dotazen\/","name":"Be\u0161i\u0107\u016fv p\u0159estup dota\u017een - Official Czech &amp; Slovak Everton Supporters&#039; Club","isPartOf":{"@id":"https:\/\/evertonfc.cz\/#website"},"primaryImageOfPage":{"@id":"https:\/\/evertonfc.cz\/index.php\/2014\/07\/29\/besicuv-prestup-dotazen\/#primaryimage"},"image":{"@id":"https:\/\/evertonfc.cz\/index.php\/2014\/07\/29\/besicuv-prestup-dotazen\/#primaryimage"},"thumbnailUrl":"https:\/\/evertonfc.cz\/wp-content\/uploads\/2019\/01\/transfer.jpg","datePublished":"2014-07-29T17:54:23+00:00","dateModified":"2019-02-13T22:31:43+00:00","breadcrumb":{"@id":"https:\/\/evertonfc.cz\/index.php\/2014\/07\/29\/besicuv-prestup-dotazen\/#breadcrumb"},"inLanguage":"cs","potentialAction":[{"@type":"ReadAction","target":["https:\/\/evertonfc.cz\/index.php\/2014\/07\/29\/besicuv-prestup-dotazen\/"]}]},{"@type":"ImageObject","inLanguage":"cs","@id":"https:\/\/evertonfc.cz\/index.php\/2014\/07\/29\/besicuv-prestup-dotazen\/#primaryimage","url":"https:\/\/evertonfc.cz\/wp-content\/uploads\/2019\/01\/transfer.jpg","contentUrl":"https:\/\/evertonfc.cz\/wp-content\/uploads\/2019\/01\/transfer.jpg","width":720,"height":405},{"@type":"BreadcrumbList","@id":"https:\/\/evertonfc.cz\/index.php\/2014\/07\/29\/besicuv-prestup-dotazen\/#breadcrumb","itemListElement":[{"@type":"ListItem","position":1,"name":"Home","item":"https:\/\/evertonfc.cz\/"},{"@type":"ListItem","position":2,"name":"Be\u0161i\u0107\u016fv p\u0159estup dota\u017een"}]},{"@type":"WebSite","@id":"https:\/\/evertonfc.cz\/#website","url":"https:\/\/evertonfc.cz\/","name":"Official Czech &amp; Slovak Everton Supporters&#039; Club","description":"","publisher":{"@id":"https:\/\/evertonfc.cz\/#organization"},"potentialAction":[{"@type":"SearchAction","target":{"@type":"EntryPoint","urlTemplate":"https:\/\/evertonfc.cz\/?s={search_term_string}"},"query-input":{"@type":"PropertyValueSpecification","valueRequired":true,"valueName":"search_term_string"}}],"inLanguage":"cs"},{"@type":"Organization","@id":"https:\/\/evertonfc.cz\/#organization","name":"Official Czech & Slovak Everton Supporters' Club","url":"https:\/\/evertonfc.cz\/","logo":{"@type":"ImageObject","inLanguage":"cs","@id":"https:\/\/evertonfc.cz\/#\/schema\/logo\/image\/","url":"https:\/\/evertonfc.cz\/wp-content\/uploads\/2019\/05\/logo.png","contentUrl":"https:\/\/evertonfc.cz\/wp-content\/uploads\/2019\/05\/logo.png","width":112,"height":112,"caption":"Official Czech & Slovak Everton Supporters' Club"},"image":{"@id":"https:\/\/evertonfc.cz\/#\/schema\/logo\/image\/"},"sameAs":["https:\/\/www.facebook.com\/everton.fans.cz.sk"]},{"@type":"Person","@id":"https:\/\/evertonfc.cz\/#\/schema\/person\/f7a5daedb2ffee98480bc70e191aaef1","name":"Ri\u010di","sameAs":["https:\/\/x.com\/rbrejsa"],"url":"https:\/\/evertonfc.cz\/index.php\/author\/rici\/"}]}},"_links":{"self":[{"href":"https:\/\/evertonfc.cz\/index.php\/wp-json\/wp\/v2\/posts\/4685"}],"collection":[{"href":"https:\/\/evertonfc.cz\/index.php\/wp-json\/wp\/v2\/posts"}],"about":[{"href":"https:\/\/evertonfc.cz\/index.php\/wp-json\/wp\/v2\/types\/post"}],"author":[{"embeddable":true,"href":"https:\/\/evertonfc.cz\/index.php\/wp-json\/wp\/v2\/users\/6"}],"replies":[{"embeddable":true,"href":"https:\/\/evertonfc.cz\/index.php\/wp-json\/wp\/v2\/comments?post=4685"}],"version-history":[{"count":3,"href":"https:\/\/evertonfc.cz\/index.php\/wp-json\/wp\/v2\/posts\/4685\/revisions"}],"predecessor-version":[{"id":4952,"href":"https:\/\/evertonfc.cz\/index.php\/wp-json\/wp\/v2\/posts\/4685\/revisions\/4952"}],"wp:featuredmedia":[{"embeddable":true,"href":"https:\/\/evertonfc.cz\/index.php\/wp-json\/wp\/v2\/media\/1316"}],"wp:attachment":[{"href":"https:\/\/evertonfc.cz\/index.php\/wp-json\/wp\/v2\/media?parent=4685"}],"wp:term":[{"taxonomy":"category","embeddable":true,"href":"https:\/\/evertonfc.cz\/index.php\/wp-json\/wp\/v2\/categories?post=4685"},{"taxonomy":"post_tag","embeddable":true,"href":"https:\/\/evertonfc.cz\/index.php\/wp-json\/wp\/v2\/tags?post=4685"}],"curies":[{"name":"wp","href":"https:\/\/api.w.org\/{rel}","templated":true}]}}