{"id":4687,"date":"2014-07-28T19:55:39","date_gmt":"2014-07-28T17:55:39","guid":{"rendered":"http:\/\/evertonfc.cz\/?p=4687"},"modified":"2019-02-13T19:56:36","modified_gmt":"2019-02-13T18:56:36","slug":"leicester-city-everton-10","status":"publish","type":"post","link":"https:\/\/evertonfc.cz\/index.php\/2014\/07\/28\/leicester-city-everton-10\/","title":{"rendered":"Leicester City &#8211; Everton 1:0"},"content":{"rendered":"<h4 id=\"NewsPostDetailSummary\">P\u0159\u00edprava Evertonu pokra\u010dovala ned\u011bln\u00edm z\u00e1pasem proti Leicesteru City v Thajsku, na v\u00edt\u011bzstv\u00ed dos\u00e1hl po brance Garyho Taylor-Fletchera z druh\u00e9ho polo\u010dasu nov\u00e1\u010dek Premier League.<\/h4>\n<div id=\"NewsPostDetailContent\">\n<p>Roberto Mart\u00ednez dal op\u011bt p\u0159\u00edle\u017eitost mnoha hr\u00e1\u010d\u016fm, pouze Joel Robles a Tony Hibbert pobyli na tr\u00e1vn\u00edku cel\u00fdch 90 minut.<\/p>\n<p>Utk\u00e1n\u00ed se hr\u00e1lo ve velk\u00e9 vlhkosti, proto bylo pro oba t\u00fdmy t\u011b\u017ek\u00e9 dostat se do tempa. Toffees se ocitli nejbl\u00ed\u017ee k brance v prvn\u00ed p\u016fli, soupe\u0159e ale podr\u017eel branka\u0159 Kasper Schmeichel. Nejprve se zaskv\u011bl proti p\u0159\u00edm\u00e9mu kopu Luka Garbutta, kter\u00fd nav\u00e1zal na slu\u0161n\u00fd v\u00fdkon z\u00a0duelu proti Tranmere, a d\u00e1nsk\u00fd g\u00f3lman posl\u00e9ze zlikvidoval rovn\u011b\u017e pokus Aidena McGeadyho.<\/p>\n<p>V gener\u00e1lce na prvn\u00ed kolo Premiership, v n\u011bm\u017e bude za t\u0159i t\u00fddny Leicester dom\u00e1c\u00edm celkem, chyb\u011bli Evertonu hr\u00e1\u010di z Mistrovstv\u00ed sv\u011bta (Howard, Baines, Jagielka, Mirallas), rovn\u011b\u017e Barkley, ten u\u017e ale v Thajsku tr\u00e9noval stejn\u011b jako posila Muhamed Be\u0161i\u0107. Kv\u016fli men\u0161\u00edmu zran\u011bn\u00ed z\u016fstal v Anglii Seamus Coleman a dvojice vracej\u00edc\u00ed se po zran\u011bn\u00ed Bryan Oviedo a Arouna Kon\u00e9.<\/p>\n<p>Odkaz na g\u00f3l <a href=\"http:\/\/footyroom.com\/leicester-city-1-0-everton-2014-07\/\" target=\"_blank\" rel=\"noopener\">zde<\/a> a na cel\u00fd z\u00e1pas <a href=\"http:\/\/www.evertonfc.com\/evertontv\/home\/10475\" target=\"_blank\" rel=\"noopener\">tady<\/a>.<\/p>\n<p><strong>Branka:<\/strong> 64. Taylor-Fletcher<br \/>\n<strong>Everton:<\/strong> Robles &#8211; Hibbert, Duffy (46. Browning), Distin (75. Lundstram), Garbutt (46. Alcaraz), Barry (46. Gibson), McCarthy (85. Kennedy), McGeady (46. McAleny), Osman (46. Stones), Pienaar (46. Long), Naismith (75. Hope)<\/p>\n<\/div>\n","protected":false},"excerpt":{"rendered":"<p>P\u0159\u00edprava Evertonu pokra\u010dovala ned\u011bln\u00edm z\u00e1pasem proti Leicesteru City v Thajsku, na v\u00edt\u011bzstv\u00ed dos\u00e1hl po brance Garyho Taylor-Fletchera z druh\u00e9ho polo\u010dasu&hellip;<\/p>\n","protected":false},"author":6,"featured_media":1315,"comment_status":"open","ping_status":"closed","sticky":false,"template":"","format":"standard","meta":{"_eb_attr":"","_monsterinsights_skip_tracking":false,"_monsterinsights_sitenote_active":false,"_monsterinsights_sitenote_note":"","_monsterinsights_sitenote_category":0,"footnotes":""},"categories":[4],"tags":[],"yoast_head":"<!-- This site is optimized with the Yoast SEO plugin v23.4 - https:\/\/yoast.com\/wordpress\/plugins\/seo\/ -->\n<title>Leicester City - Everton 1:0 - Official Czech &amp; Slovak Everton Supporters&#039; Club<\/title>\n<meta name=\"robots\" content=\"index, follow, max-snippet:-1, max-image-preview:large, max-video-preview:-1\" \/>\n<link rel=\"canonical\" href=\"https:\/\/evertonfc.cz\/index.php\/2014\/07\/28\/leicester-city-everton-10\/\" \/>\n<meta property=\"og:locale\" content=\"cs_CZ\" \/>\n<meta property=\"og:type\" content=\"article\" \/>\n<meta property=\"og:title\" content=\"Leicester City - Everton 1:0 - Official Czech &amp; Slovak Everton Supporters&#039; Club\" \/>\n<meta property=\"og:description\" content=\"P\u0159\u00edprava Evertonu pokra\u010dovala ned\u011bln\u00edm z\u00e1pasem proti Leicesteru City v Thajsku, na v\u00edt\u011bzstv\u00ed dos\u00e1hl po brance Garyho Taylor-Fletchera z druh\u00e9ho polo\u010dasu&hellip;\" \/>\n<meta property=\"og:url\" content=\"https:\/\/evertonfc.cz\/index.php\/2014\/07\/28\/leicester-city-everton-10\/\" \/>\n<meta property=\"og:site_name\" content=\"Official Czech &amp; Slovak Everton Supporters&#039; Club\" \/>\n<meta property=\"article:publisher\" content=\"https:\/\/www.facebook.com\/everton.fans.cz.sk\" \/>\n<meta property=\"article:published_time\" content=\"2014-07-28T17:55:39+00:00\" \/>\n<meta property=\"article:modified_time\" content=\"2019-02-13T18:56:36+00:00\" \/>\n<meta property=\"og:image\" content=\"https:\/\/evertonfc.cz\/wp-content\/uploads\/2019\/01\/report.jpg\" \/>\n\t<meta property=\"og:image:width\" content=\"720\" \/>\n\t<meta property=\"og:image:height\" content=\"405\" \/>\n\t<meta property=\"og:image:type\" content=\"image\/jpeg\" \/>\n<meta name=\"author\" content=\"Ri\u010di\" \/>\n<meta name=\"twitter:card\" content=\"summary_large_image\" \/>\n<meta name=\"twitter:creator\" content=\"@rbrejsa\" \/>\n<meta name=\"twitter:label1\" content=\"Napsal(a)\" \/>\n\t<meta name=\"twitter:data1\" content=\"Ri\u010di\" \/>\n\t<meta name=\"twitter:label2\" content=\"Odhadovan\u00e1 doba \u010dten\u00ed\" \/>\n\t<meta name=\"twitter:data2\" content=\"1 minuta\" \/>\n<script type=\"application\/ld+json\" class=\"yoast-schema-graph\">{\"@context\":\"https:\/\/schema.org\",\"@graph\":[{\"@type\":\"Article\",\"@id\":\"https:\/\/evertonfc.cz\/index.php\/2014\/07\/28\/leicester-city-everton-10\/#article\",\"isPartOf\":{\"@id\":\"https:\/\/evertonfc.cz\/index.php\/2014\/07\/28\/leicester-city-everton-10\/\"},\"author\":{\"name\":\"Ri\u010di\",\"@id\":\"https:\/\/evertonfc.cz\/#\/schema\/person\/f7a5daedb2ffee98480bc70e191aaef1\"},\"headline\":\"Leicester City &#8211; Everton 1:0\",\"datePublished\":\"2014-07-28T17:55:39+00:00\",\"dateModified\":\"2019-02-13T18:56:36+00:00\",\"mainEntityOfPage\":{\"@id\":\"https:\/\/evertonfc.cz\/index.php\/2014\/07\/28\/leicester-city-everton-10\/\"},\"wordCount\":247,\"commentCount\":0,\"publisher\":{\"@id\":\"https:\/\/evertonfc.cz\/#organization\"},\"image\":{\"@id\":\"https:\/\/evertonfc.cz\/index.php\/2014\/07\/28\/leicester-city-everton-10\/#primaryimage\"},\"thumbnailUrl\":\"https:\/\/evertonfc.cz\/wp-content\/uploads\/2019\/01\/report.jpg\",\"articleSection\":[\"Z\u00e1pasy\"],\"inLanguage\":\"cs\",\"potentialAction\":[{\"@type\":\"CommentAction\",\"name\":\"Comment\",\"target\":[\"https:\/\/evertonfc.cz\/index.php\/2014\/07\/28\/leicester-city-everton-10\/#respond\"]}]},{\"@type\":\"WebPage\",\"@id\":\"https:\/\/evertonfc.cz\/index.php\/2014\/07\/28\/leicester-city-everton-10\/\",\"url\":\"https:\/\/evertonfc.cz\/index.php\/2014\/07\/28\/leicester-city-everton-10\/\",\"name\":\"Leicester City - Everton 1:0 - Official Czech &amp; Slovak Everton Supporters&#039; Club\",\"isPartOf\":{\"@id\":\"https:\/\/evertonfc.cz\/#website\"},\"primaryImageOfPage\":{\"@id\":\"https:\/\/evertonfc.cz\/index.php\/2014\/07\/28\/leicester-city-everton-10\/#primaryimage\"},\"image\":{\"@id\":\"https:\/\/evertonfc.cz\/index.php\/2014\/07\/28\/leicester-city-everton-10\/#primaryimage\"},\"thumbnailUrl\":\"https:\/\/evertonfc.cz\/wp-content\/uploads\/2019\/01\/report.jpg\",\"datePublished\":\"2014-07-28T17:55:39+00:00\",\"dateModified\":\"2019-02-13T18:56:36+00:00\",\"breadcrumb\":{\"@id\":\"https:\/\/evertonfc.cz\/index.php\/2014\/07\/28\/leicester-city-everton-10\/#breadcrumb\"},\"inLanguage\":\"cs\",\"potentialAction\":[{\"@type\":\"ReadAction\",\"target\":[\"https:\/\/evertonfc.cz\/index.php\/2014\/07\/28\/leicester-city-everton-10\/\"]}]},{\"@type\":\"ImageObject\",\"inLanguage\":\"cs\",\"@id\":\"https:\/\/evertonfc.cz\/index.php\/2014\/07\/28\/leicester-city-everton-10\/#primaryimage\",\"url\":\"https:\/\/evertonfc.cz\/wp-content\/uploads\/2019\/01\/report.jpg\",\"contentUrl\":\"https:\/\/evertonfc.cz\/wp-content\/uploads\/2019\/01\/report.jpg\",\"width\":720,\"height\":405},{\"@type\":\"BreadcrumbList\",\"@id\":\"https:\/\/evertonfc.cz\/index.php\/2014\/07\/28\/leicester-city-everton-10\/#breadcrumb\",\"itemListElement\":[{\"@type\":\"ListItem\",\"position\":1,\"name\":\"Home\",\"item\":\"https:\/\/evertonfc.cz\/\"},{\"@type\":\"ListItem\",\"position\":2,\"name\":\"Leicester City &#8211; Everton 1:0\"}]},{\"@type\":\"WebSite\",\"@id\":\"https:\/\/evertonfc.cz\/#website\",\"url\":\"https:\/\/evertonfc.cz\/\",\"name\":\"Official Czech &amp; Slovak Everton Supporters&#039; Club\",\"description\":\"\",\"publisher\":{\"@id\":\"https:\/\/evertonfc.cz\/#organization\"},\"potentialAction\":[{\"@type\":\"SearchAction\",\"target\":{\"@type\":\"EntryPoint\",\"urlTemplate\":\"https:\/\/evertonfc.cz\/?s={search_term_string}\"},\"query-input\":{\"@type\":\"PropertyValueSpecification\",\"valueRequired\":true,\"valueName\":\"search_term_string\"}}],\"inLanguage\":\"cs\"},{\"@type\":\"Organization\",\"@id\":\"https:\/\/evertonfc.cz\/#organization\",\"name\":\"Official Czech & Slovak Everton Supporters' Club\",\"url\":\"https:\/\/evertonfc.cz\/\",\"logo\":{\"@type\":\"ImageObject\",\"inLanguage\":\"cs\",\"@id\":\"https:\/\/evertonfc.cz\/#\/schema\/logo\/image\/\",\"url\":\"https:\/\/evertonfc.cz\/wp-content\/uploads\/2019\/05\/logo.png\",\"contentUrl\":\"https:\/\/evertonfc.cz\/wp-content\/uploads\/2019\/05\/logo.png\",\"width\":112,\"height\":112,\"caption\":\"Official Czech & Slovak Everton Supporters' Club\"},\"image\":{\"@id\":\"https:\/\/evertonfc.cz\/#\/schema\/logo\/image\/\"},\"sameAs\":[\"https:\/\/www.facebook.com\/everton.fans.cz.sk\"]},{\"@type\":\"Person\",\"@id\":\"https:\/\/evertonfc.cz\/#\/schema\/person\/f7a5daedb2ffee98480bc70e191aaef1\",\"name\":\"Ri\u010di\",\"sameAs\":[\"https:\/\/x.com\/rbrejsa\"],\"url\":\"https:\/\/evertonfc.cz\/index.php\/author\/rici\/\"}]}<\/script>\n<!-- \/ Yoast SEO plugin. -->","yoast_head_json":{"title":"Leicester City - Everton 1:0 - Official Czech &amp; Slovak Everton Supporters&#039; Club","robots":{"index":"index","follow":"follow","max-snippet":"max-snippet:-1","max-image-preview":"max-image-preview:large","max-video-preview":"max-video-preview:-1"},"canonical":"https:\/\/evertonfc.cz\/index.php\/2014\/07\/28\/leicester-city-everton-10\/","og_locale":"cs_CZ","og_type":"article","og_title":"Leicester City - Everton 1:0 - Official Czech &amp; Slovak Everton Supporters&#039; Club","og_description":"P\u0159\u00edprava Evertonu pokra\u010dovala ned\u011bln\u00edm z\u00e1pasem proti Leicesteru City v Thajsku, na v\u00edt\u011bzstv\u00ed dos\u00e1hl po brance Garyho Taylor-Fletchera z druh\u00e9ho polo\u010dasu&hellip;","og_url":"https:\/\/evertonfc.cz\/index.php\/2014\/07\/28\/leicester-city-everton-10\/","og_site_name":"Official Czech &amp; Slovak Everton Supporters&#039; Club","article_publisher":"https:\/\/www.facebook.com\/everton.fans.cz.sk","article_published_time":"2014-07-28T17:55:39+00:00","article_modified_time":"2019-02-13T18:56:36+00:00","og_image":[{"width":720,"height":405,"url":"https:\/\/evertonfc.cz\/wp-content\/uploads\/2019\/01\/report.jpg","type":"image\/jpeg"}],"author":"Ri\u010di","twitter_card":"summary_large_image","twitter_creator":"@rbrejsa","twitter_misc":{"Napsal(a)":"Ri\u010di","Odhadovan\u00e1 doba \u010dten\u00ed":"1 minuta"},"schema":{"@context":"https:\/\/schema.org","@graph":[{"@type":"Article","@id":"https:\/\/evertonfc.cz\/index.php\/2014\/07\/28\/leicester-city-everton-10\/#article","isPartOf":{"@id":"https:\/\/evertonfc.cz\/index.php\/2014\/07\/28\/leicester-city-everton-10\/"},"author":{"name":"Ri\u010di","@id":"https:\/\/evertonfc.cz\/#\/schema\/person\/f7a5daedb2ffee98480bc70e191aaef1"},"headline":"Leicester City &#8211; Everton 1:0","datePublished":"2014-07-28T17:55:39+00:00","dateModified":"2019-02-13T18:56:36+00:00","mainEntityOfPage":{"@id":"https:\/\/evertonfc.cz\/index.php\/2014\/07\/28\/leicester-city-everton-10\/"},"wordCount":247,"commentCount":0,"publisher":{"@id":"https:\/\/evertonfc.cz\/#organization"},"image":{"@id":"https:\/\/evertonfc.cz\/index.php\/2014\/07\/28\/leicester-city-everton-10\/#primaryimage"},"thumbnailUrl":"https:\/\/evertonfc.cz\/wp-content\/uploads\/2019\/01\/report.jpg","articleSection":["Z\u00e1pasy"],"inLanguage":"cs","potentialAction":[{"@type":"CommentAction","name":"Comment","target":["https:\/\/evertonfc.cz\/index.php\/2014\/07\/28\/leicester-city-everton-10\/#respond"]}]},{"@type":"WebPage","@id":"https:\/\/evertonfc.cz\/index.php\/2014\/07\/28\/leicester-city-everton-10\/","url":"https:\/\/evertonfc.cz\/index.php\/2014\/07\/28\/leicester-city-everton-10\/","name":"Leicester City - Everton 1:0 - Official Czech &amp; Slovak Everton Supporters&#039; Club","isPartOf":{"@id":"https:\/\/evertonfc.cz\/#website"},"primaryImageOfPage":{"@id":"https:\/\/evertonfc.cz\/index.php\/2014\/07\/28\/leicester-city-everton-10\/#primaryimage"},"image":{"@id":"https:\/\/evertonfc.cz\/index.php\/2014\/07\/28\/leicester-city-everton-10\/#primaryimage"},"thumbnailUrl":"https:\/\/evertonfc.cz\/wp-content\/uploads\/2019\/01\/report.jpg","datePublished":"2014-07-28T17:55:39+00:00","dateModified":"2019-02-13T18:56:36+00:00","breadcrumb":{"@id":"https:\/\/evertonfc.cz\/index.php\/2014\/07\/28\/leicester-city-everton-10\/#breadcrumb"},"inLanguage":"cs","potentialAction":[{"@type":"ReadAction","target":["https:\/\/evertonfc.cz\/index.php\/2014\/07\/28\/leicester-city-everton-10\/"]}]},{"@type":"ImageObject","inLanguage":"cs","@id":"https:\/\/evertonfc.cz\/index.php\/2014\/07\/28\/leicester-city-everton-10\/#primaryimage","url":"https:\/\/evertonfc.cz\/wp-content\/uploads\/2019\/01\/report.jpg","contentUrl":"https:\/\/evertonfc.cz\/wp-content\/uploads\/2019\/01\/report.jpg","width":720,"height":405},{"@type":"BreadcrumbList","@id":"https:\/\/evertonfc.cz\/index.php\/2014\/07\/28\/leicester-city-everton-10\/#breadcrumb","itemListElement":[{"@type":"ListItem","position":1,"name":"Home","item":"https:\/\/evertonfc.cz\/"},{"@type":"ListItem","position":2,"name":"Leicester City &#8211; Everton 1:0"}]},{"@type":"WebSite","@id":"https:\/\/evertonfc.cz\/#website","url":"https:\/\/evertonfc.cz\/","name":"Official Czech &amp; Slovak Everton Supporters&#039; Club","description":"","publisher":{"@id":"https:\/\/evertonfc.cz\/#organization"},"potentialAction":[{"@type":"SearchAction","target":{"@type":"EntryPoint","urlTemplate":"https:\/\/evertonfc.cz\/?s={search_term_string}"},"query-input":{"@type":"PropertyValueSpecification","valueRequired":true,"valueName":"search_term_string"}}],"inLanguage":"cs"},{"@type":"Organization","@id":"https:\/\/evertonfc.cz\/#organization","name":"Official Czech & Slovak Everton Supporters' Club","url":"https:\/\/evertonfc.cz\/","logo":{"@type":"ImageObject","inLanguage":"cs","@id":"https:\/\/evertonfc.cz\/#\/schema\/logo\/image\/","url":"https:\/\/evertonfc.cz\/wp-content\/uploads\/2019\/05\/logo.png","contentUrl":"https:\/\/evertonfc.cz\/wp-content\/uploads\/2019\/05\/logo.png","width":112,"height":112,"caption":"Official Czech & Slovak Everton Supporters' Club"},"image":{"@id":"https:\/\/evertonfc.cz\/#\/schema\/logo\/image\/"},"sameAs":["https:\/\/www.facebook.com\/everton.fans.cz.sk"]},{"@type":"Person","@id":"https:\/\/evertonfc.cz\/#\/schema\/person\/f7a5daedb2ffee98480bc70e191aaef1","name":"Ri\u010di","sameAs":["https:\/\/x.com\/rbrejsa"],"url":"https:\/\/evertonfc.cz\/index.php\/author\/rici\/"}]}},"_links":{"self":[{"href":"https:\/\/evertonfc.cz\/index.php\/wp-json\/wp\/v2\/posts\/4687"}],"collection":[{"href":"https:\/\/evertonfc.cz\/index.php\/wp-json\/wp\/v2\/posts"}],"about":[{"href":"https:\/\/evertonfc.cz\/index.php\/wp-json\/wp\/v2\/types\/post"}],"author":[{"embeddable":true,"href":"https:\/\/evertonfc.cz\/index.php\/wp-json\/wp\/v2\/users\/6"}],"replies":[{"embeddable":true,"href":"https:\/\/evertonfc.cz\/index.php\/wp-json\/wp\/v2\/comments?post=4687"}],"version-history":[{"count":1,"href":"https:\/\/evertonfc.cz\/index.php\/wp-json\/wp\/v2\/posts\/4687\/revisions"}],"predecessor-version":[{"id":4688,"href":"https:\/\/evertonfc.cz\/index.php\/wp-json\/wp\/v2\/posts\/4687\/revisions\/4688"}],"wp:featuredmedia":[{"embeddable":true,"href":"https:\/\/evertonfc.cz\/index.php\/wp-json\/wp\/v2\/media\/1315"}],"wp:attachment":[{"href":"https:\/\/evertonfc.cz\/index.php\/wp-json\/wp\/v2\/media?parent=4687"}],"wp:term":[{"taxonomy":"category","embeddable":true,"href":"https:\/\/evertonfc.cz\/index.php\/wp-json\/wp\/v2\/categories?post=4687"},{"taxonomy":"post_tag","embeddable":true,"href":"https:\/\/evertonfc.cz\/index.php\/wp-json\/wp\/v2\/tags?post=4687"}],"curies":[{"name":"wp","href":"https:\/\/api.w.org\/{rel}","templated":true}]}}