{"id":4689,"date":"2014-07-27T19:56:49","date_gmt":"2014-07-27T17:56:49","guid":{"rendered":"http:\/\/evertonfc.cz\/?p=4689"},"modified":"2019-02-15T00:06:40","modified_gmt":"2019-02-14T23:06:40","slug":"besic-predpoklad-pro-dobrou-koupi","status":"publish","type":"post","link":"https:\/\/evertonfc.cz\/index.php\/2014\/07\/27\/besic-predpoklad-pro-dobrou-koupi\/","title":{"rendered":"Be\u0161i\u0107 \u2013 p\u0159edpoklad pro dobrou koupi"},"content":{"rendered":"<h4 id=\"NewsPostDetailSummary\">Sa\u0161a Ibrulj, bosensk\u00fd fotbalov\u00fd novin\u00e1\u0159, ve sv\u00e9m sloupku vysv\u011btlil, pro\u010d by Muhamed Be\u0161i\u0107, jeho\u017e p\u0159estup se dot\u00e1hne p\u0159\u00ed\u0161t\u00ed t\u00fdden po n\u00e1vratu z Thajska, mohl v Evertonu usp\u011bt.<\/h4>\n<div id=\"NewsPostDetailContent\">\n<p>Fotbalov\u00fdch devades\u00e1t minut na Maracan\u00e3\u00a0sta\u010dilo Muhamedovi Be\u0161i\u0107ovi k tomu, aby vystoupil ze st\u00ednu a p\u0159edstavil se sv\u011btu. T\u00e9m\u011b\u0159 nezn\u00e1m\u00fd 21 let star\u00fd talent zaz\u00e1\u0159il v prvn\u00edm z\u00e1pase Bosny a Hercegoviny na Mistrovstv\u00ed sv\u011bta proti pozd\u011bj\u0161\u00edmu finalistovi, kdy\u017e mu reprezenta\u010dn\u00ed tren\u00e9r Safet Su\u0161i\u0107 sv\u011b\u0159il post \u0161t\u00edtov\u00e9ho z\u00e1lo\u017en\u00edka.<\/p>\n<p>P\u0159esto\u017ee pat\u0159il k jedn\u00edm z Bos\u0148an\u016f, kter\u00fdm chyb\u011bli zku\u0161enosti a nezahr\u00e1li v kvalifika\u010dn\u00edm cyklu na \u0161ampion\u00e1t, Be\u0161i\u0107 se nezalekl d\u016fle\u017eit\u00e9 role ve st\u0159edu pole a stal se d\u016fle\u017eitou sou\u010d\u00e1st\u00ed bosensk\u00e9 taktiky. Buldo\u010d\u00ed povahou zastavoval v\u011bt\u0161inu \u00fato\u010dn\u00fdch akc\u00ed Argentiny v\u010detn\u011b t\u011bch veden\u00fdch kapit\u00e1nem Lionelem Messim.<\/p>\n<p>Messi nakonec na Be\u0161i\u0107e vyzr\u00e1l, v 65. minut\u011b z\u00e1pasu se p\u0159es n\u011bj prosadil a za\u0159\u00eddil v\u00edt\u011bzn\u00fd g\u00f3l, p\u0159esto st\u0159edn\u00ed z\u00e1lo\u017en\u00edk v\u00fdkonem zaujal. V rodn\u00e9 zemi vyvolal euforii a lid\u00e9 ho okam\u017eit\u011b pasovali na budouc\u00edho l\u00eddra n\u00e1rodn\u00edho v\u00fdb\u011bru. D\u00edky p\u0159edstaven\u00ed proti Argentin\u011b a i n\u00e1sledn\u00fdm proti Nig\u00e9rii a Ir\u00e1nu se r\u00e1zem vy\u0161vihl mezi nej\u017e\u00e1dan\u011bj\u0161\u00ed mlad\u00e9 zbo\u017e\u00ed na fotbalov\u00e9m trhu v Evrop\u011b. Nen\u00ed se \u010demu divit, jeho klub Ferencvarosi TC ho ocenili l\u00e1kavou sumou \u00a34m.<\/p>\n<p>U\u017e jenom p\u00e1r dn\u00ed po utk\u00e1n\u00ed s Argentinou \u0161pan\u011blsk\u00fd novin\u00e1\u0159 Rafa Valero p\u0159isp\u011bchal se z\u00e1jmem ze strany Celty Vigo a nej\u010dast\u011bji se pot\u00e9 zmi\u0148oval p\u0159estup do Valencia. A\u010dkoliv Be\u0161i\u0107e mnoh\u00e9 den\u00edky pos\u00edlali na zdravotn\u00ed prohl\u00eddku na Mestallu, samotn\u00fd fotbalista v\u0161e pop\u0159el na z\u00e1klad\u011b touhy okusit anglick\u00fd fotbal.<\/p>\n<p>P\u0159es vypt\u00e1v\u00e1n\u00ed West Hamu, Tottenhamu Hotspur, Cardiffu City a skoro jist\u00fd p\u0159esun do Swansea City za \u00a33,5m, se \u0161ance chopil Roberto Mart\u00ednez z Evertonu. Mart\u00ednez u\u017e b\u011bhem turnaje Be\u0161i\u0107e ve\u0159ejn\u011b vychvaloval a \u010d\u00e1stkou bl\u00ed\u017e\u00edc\u00ed se ke \u00a34m ho nakonec i p\u0159et\u00e1hl do sv\u00e9ho t\u00fdmu.<\/p>\n<p>Rod\u00e1k z Berl\u00edna zapo\u010dal kari\u00e9ru v mu\u017estvu Tennis Borussia Berl\u00edn, zanedlouho zakotvil v p\u0159\u00edstavn\u00edm Hamburku SV, kde okusil n\u011bmeckou Bundesligu. Jenom p\u011bt dn\u00ed po debutu za HSV, na Dortmundu v listopadu roku 2010, poprv\u00e9 reprezentoval Bosnu a Hercegovinu. Ve v\u011bku 18 let a 68 dn\u00ed si p\u0159ipsal prvn\u00ed mezin\u00e1rodn\u00ed minuty v duelu se Slovenskem v Bratislav\u011b.<\/p>\n<p>P\u0159edur\u010dena \u00fasp\u011b\u0161n\u00e1 kari\u00e9ra ov\u0161em nenabrala rychl\u00fd sp\u00e1d, v dal\u0161\u00edch dvou letech nastoupil za prvn\u00ed t\u00fdm pouze ve t\u0159ech p\u0159\u00edpadech a v dubnu roku 2012 Be\u0161i\u0107 nezkrotil temperamentn\u00ed povahu, co\u017e nevydr\u017eel tren\u00e9r Thorsten Fink, jen\u017e \u00fadajn\u011b sv\u00e9ho sv\u011b\u0159ence p\u0159i\u0161krtil. A\u0165 je pravda jak\u00e1koliv, n\u00e1sledovala suspendace a o n\u011bkolik t\u00fddn\u016f pozd\u011bji cel\u00fd konflikt vy\u00fastil odchodem na voln\u00fd p\u0159estup do Ferencvarose. V Ma\u010farsku za dva roky nastoupil k 45 ligov\u00fdm start\u016fm.<\/p>\n<p>Pro Be\u0161i\u0107e bude p\u0159echod z ma\u010farsk\u00e9 ligy do anglick\u00e9 Premier League pochopiteln\u011b znamenat obrovsk\u00fd posun. Co ale m\u016f\u017ee tento p\u0159estup p\u0159in\u00e9st Evertonu?<\/p>\n<p>S\u00a0ohledem na v\u00fdkony z Mistrovstv\u00ed sv\u011bta Muhamed Be\u0161i\u0107 by m\u011bl zapadnout do Mart\u00ednezovy sestavy co by d\u011bln\u00edk st\u0159edu pole. S d\u016frazn\u00fdm pojet\u00edm hry se jev\u00ed jako perfektn\u00ed z\u00e1skok za Garetha Barryho a Jamese McCarthyho v sez\u00f3n\u011b, kdy Toffees \u010dek\u00e1 v\u011bt\u0161\u00ed porce z\u00e1pas\u016f. Be\u0161i\u0107 je d\u00edky tvrd\u00e9 pr\u00e1ci z\u00e1rukou tlaku na soupe\u0159e po cel\u00e9 \u0161\u00ed\u0159e h\u0159i\u0161t\u011b.<\/p>\n<p>V bosensk\u00e9 reprezentaci na sebe strhl pozornost jako klasick\u00fd \u0161t\u00edtov\u00fd z\u00e1lo\u017en\u00edk, ve skute\u010dnosti je B\u011b\u0161i\u0107 univerz\u00e1ln\u00edm obr\u00e1ncem p\u0159etvo\u0159en\u00fdm na defenzivn\u00edho z\u00e1lo\u017en\u00edka. Za ml\u00e1de\u017e a rezervu HSV nej\u010dast\u011bji obsazoval post st\u0159edn\u00edho obr\u00e1nce a ve Ferencvarosi byl \u010dasto vyu\u017e\u00edv\u00e1n na prav\u00e9 obran\u011b. Odtud vych\u00e1z\u00ed jeho klid pro defenzivu, zat\u00edmco s\u00a0p\u0159ehledem rozd\u00e1v\u00e1 p\u0159ihr\u00e1vky. S m\u00ed\u010dem si rozum\u00ed, i tak v\u0161ak \u010dasto vol\u00ed nejjednodu\u0161\u0161\u00ed \u0159e\u0161en\u00ed. Ve t\u0159ech utk\u00e1n\u00edch na Mistrovstv\u00ed sv\u011bta pr\u016fm\u011brn\u011b vyprodukoval 74,3 p\u0159ihr\u00e1vky s 91% \u00fasp\u011b\u0161nost\u00ed.<\/p>\n<p>Be\u0161i\u0107 miluje osobn\u00ed souboje a hlavn\u011b v nich tak\u00e9 dominuje. Jeho obrann\u00e1 hra je obohacena o tvrdost, nad n\u00ed\u017e ob\u010das ztr\u00e1c\u00ed kontrolu. V tomto sm\u011bru si Mart\u00ednez bude muset d\u00e1vat pozor. I karetn\u00ed statistika z lo\u0148sk\u00e9 sez\u00f3ny varuje, 12 \u017elut\u00fdch karet a jedno vylou\u010den\u00ed p\u0159edstavuje n\u011bco, na \u010dem t\u0159eba zapracovat.<\/p>\n<p>Mnoho fotbalist\u016f, kte\u0159\u00ed na Mistrovstv\u00ed sv\u011bta vyl\u00e9tli, pozd\u011bji vyho\u0159elo a nikdy nep\u0159ekonalo poveden\u00fd turnaj. N\u00e1kupy po sv\u011btov\u00fdch \u0161ampion\u00e1tech b\u011bhem stejn\u00e9ho p\u0159estupov\u00e9ho obdob\u00ed b\u00fdvaj\u00ed rizikem, zvl\u00e1\u0161\u0165 jedn\u00e1-li se o hr\u00e1\u010de z mal\u00e9 zem\u011b typu Bosny a Hercegoviny. Jen\u017ee Be\u0161i\u0107ova cena je v\u00fdhodn\u00e1 ve srovn\u00e1n\u00ed s jeho talentem, tomto p\u0159\u00edpad\u011b se proto vyplat\u00ed riskovat.<\/p>\n<p>Be\u0161i\u0107 mo\u017en\u00e1 nen\u00ed ov\u011b\u0159en\u00fd del\u0161\u00edm testem na nejvy\u0161\u0161\u00ed \u00farovni, s pot\u0159ebn\u00fdm \u010dasem a spr\u00e1vn\u00fdm veden\u00ed se ale m\u016f\u017ee st\u00e1t u\u017eite\u010dn\u00fdm \u010dl\u00e1nkem k\u00e1dru Evertonu a skv\u011blou investic\u00ed do budoucna.<\/p>\n<\/div>\n","protected":false},"excerpt":{"rendered":"<p>Sa\u0161a Ibrulj, bosensk\u00fd fotbalov\u00fd novin\u00e1\u0159, ve sv\u00e9m sloupku vysv\u011btlil, pro\u010d by Muhamed Be\u0161i\u0107, jeho\u017e p\u0159estup se dot\u00e1hne p\u0159\u00ed\u0161t\u00ed t\u00fdden po&hellip;<\/p>\n","protected":false},"author":6,"featured_media":1310,"comment_status":"open","ping_status":"closed","sticky":false,"template":"","format":"standard","meta":{"_eb_attr":"","_monsterinsights_skip_tracking":false,"_monsterinsights_sitenote_active":false,"_monsterinsights_sitenote_note":"","_monsterinsights_sitenote_category":0,"footnotes":""},"categories":[42,39],"tags":[],"yoast_head":"<!-- This site is optimized with the Yoast SEO plugin v23.4 - https:\/\/yoast.com\/wordpress\/plugins\/seo\/ -->\n<title>Be\u0161i\u0107 \u2013 p\u0159edpoklad pro dobrou koupi - Official Czech &amp; Slovak Everton Supporters&#039; Club<\/title>\n<meta name=\"robots\" content=\"index, follow, max-snippet:-1, max-image-preview:large, max-video-preview:-1\" \/>\n<link rel=\"canonical\" href=\"https:\/\/evertonfc.cz\/index.php\/2014\/07\/27\/besic-predpoklad-pro-dobrou-koupi\/\" \/>\n<meta property=\"og:locale\" content=\"cs_CZ\" \/>\n<meta property=\"og:type\" content=\"article\" \/>\n<meta property=\"og:title\" content=\"Be\u0161i\u0107 \u2013 p\u0159edpoklad pro dobrou koupi - Official Czech &amp; Slovak Everton Supporters&#039; Club\" \/>\n<meta property=\"og:description\" content=\"Sa\u0161a Ibrulj, bosensk\u00fd fotbalov\u00fd novin\u00e1\u0159, ve sv\u00e9m sloupku vysv\u011btlil, pro\u010d by Muhamed Be\u0161i\u0107, jeho\u017e p\u0159estup se dot\u00e1hne p\u0159\u00ed\u0161t\u00ed t\u00fdden po&hellip;\" \/>\n<meta property=\"og:url\" content=\"https:\/\/evertonfc.cz\/index.php\/2014\/07\/27\/besic-predpoklad-pro-dobrou-koupi\/\" \/>\n<meta property=\"og:site_name\" content=\"Official Czech &amp; Slovak Everton Supporters&#039; Club\" \/>\n<meta property=\"article:publisher\" content=\"https:\/\/www.facebook.com\/everton.fans.cz.sk\" \/>\n<meta property=\"article:published_time\" content=\"2014-07-27T17:56:49+00:00\" \/>\n<meta property=\"article:modified_time\" content=\"2019-02-14T23:06:40+00:00\" \/>\n<meta property=\"og:image\" content=\"https:\/\/evertonfc.cz\/wp-content\/uploads\/2019\/01\/blog.jpg\" \/>\n\t<meta property=\"og:image:width\" content=\"720\" \/>\n\t<meta property=\"og:image:height\" content=\"405\" \/>\n\t<meta property=\"og:image:type\" content=\"image\/jpeg\" \/>\n<meta name=\"author\" content=\"Ri\u010di\" \/>\n<meta name=\"twitter:card\" content=\"summary_large_image\" \/>\n<meta name=\"twitter:creator\" content=\"@rbrejsa\" \/>\n<meta name=\"twitter:label1\" content=\"Napsal(a)\" \/>\n\t<meta name=\"twitter:data1\" content=\"Ri\u010di\" \/>\n\t<meta name=\"twitter:label2\" content=\"Odhadovan\u00e1 doba \u010dten\u00ed\" \/>\n\t<meta name=\"twitter:data2\" content=\"5 minut\" \/>\n<script type=\"application\/ld+json\" class=\"yoast-schema-graph\">{\"@context\":\"https:\/\/schema.org\",\"@graph\":[{\"@type\":\"Article\",\"@id\":\"https:\/\/evertonfc.cz\/index.php\/2014\/07\/27\/besic-predpoklad-pro-dobrou-koupi\/#article\",\"isPartOf\":{\"@id\":\"https:\/\/evertonfc.cz\/index.php\/2014\/07\/27\/besic-predpoklad-pro-dobrou-koupi\/\"},\"author\":{\"name\":\"Ri\u010di\",\"@id\":\"https:\/\/evertonfc.cz\/#\/schema\/person\/f7a5daedb2ffee98480bc70e191aaef1\"},\"headline\":\"Be\u0161i\u0107 \u2013 p\u0159edpoklad pro dobrou koupi\",\"datePublished\":\"2014-07-27T17:56:49+00:00\",\"dateModified\":\"2019-02-14T23:06:40+00:00\",\"mainEntityOfPage\":{\"@id\":\"https:\/\/evertonfc.cz\/index.php\/2014\/07\/27\/besic-predpoklad-pro-dobrou-koupi\/\"},\"wordCount\":980,\"commentCount\":0,\"publisher\":{\"@id\":\"https:\/\/evertonfc.cz\/#organization\"},\"image\":{\"@id\":\"https:\/\/evertonfc.cz\/index.php\/2014\/07\/27\/besic-predpoklad-pro-dobrou-koupi\/#primaryimage\"},\"thumbnailUrl\":\"https:\/\/evertonfc.cz\/wp-content\/uploads\/2019\/01\/blog.jpg\",\"articleSection\":[\"Aktuality\",\"Blog\"],\"inLanguage\":\"cs\",\"potentialAction\":[{\"@type\":\"CommentAction\",\"name\":\"Comment\",\"target\":[\"https:\/\/evertonfc.cz\/index.php\/2014\/07\/27\/besic-predpoklad-pro-dobrou-koupi\/#respond\"]}]},{\"@type\":\"WebPage\",\"@id\":\"https:\/\/evertonfc.cz\/index.php\/2014\/07\/27\/besic-predpoklad-pro-dobrou-koupi\/\",\"url\":\"https:\/\/evertonfc.cz\/index.php\/2014\/07\/27\/besic-predpoklad-pro-dobrou-koupi\/\",\"name\":\"Be\u0161i\u0107 \u2013 p\u0159edpoklad pro dobrou koupi - Official Czech &amp; Slovak Everton Supporters&#039; Club\",\"isPartOf\":{\"@id\":\"https:\/\/evertonfc.cz\/#website\"},\"primaryImageOfPage\":{\"@id\":\"https:\/\/evertonfc.cz\/index.php\/2014\/07\/27\/besic-predpoklad-pro-dobrou-koupi\/#primaryimage\"},\"image\":{\"@id\":\"https:\/\/evertonfc.cz\/index.php\/2014\/07\/27\/besic-predpoklad-pro-dobrou-koupi\/#primaryimage\"},\"thumbnailUrl\":\"https:\/\/evertonfc.cz\/wp-content\/uploads\/2019\/01\/blog.jpg\",\"datePublished\":\"2014-07-27T17:56:49+00:00\",\"dateModified\":\"2019-02-14T23:06:40+00:00\",\"breadcrumb\":{\"@id\":\"https:\/\/evertonfc.cz\/index.php\/2014\/07\/27\/besic-predpoklad-pro-dobrou-koupi\/#breadcrumb\"},\"inLanguage\":\"cs\",\"potentialAction\":[{\"@type\":\"ReadAction\",\"target\":[\"https:\/\/evertonfc.cz\/index.php\/2014\/07\/27\/besic-predpoklad-pro-dobrou-koupi\/\"]}]},{\"@type\":\"ImageObject\",\"inLanguage\":\"cs\",\"@id\":\"https:\/\/evertonfc.cz\/index.php\/2014\/07\/27\/besic-predpoklad-pro-dobrou-koupi\/#primaryimage\",\"url\":\"https:\/\/evertonfc.cz\/wp-content\/uploads\/2019\/01\/blog.jpg\",\"contentUrl\":\"https:\/\/evertonfc.cz\/wp-content\/uploads\/2019\/01\/blog.jpg\",\"width\":720,\"height\":405},{\"@type\":\"BreadcrumbList\",\"@id\":\"https:\/\/evertonfc.cz\/index.php\/2014\/07\/27\/besic-predpoklad-pro-dobrou-koupi\/#breadcrumb\",\"itemListElement\":[{\"@type\":\"ListItem\",\"position\":1,\"name\":\"Home\",\"item\":\"https:\/\/evertonfc.cz\/\"},{\"@type\":\"ListItem\",\"position\":2,\"name\":\"Be\u0161i\u0107 \u2013 p\u0159edpoklad pro dobrou koupi\"}]},{\"@type\":\"WebSite\",\"@id\":\"https:\/\/evertonfc.cz\/#website\",\"url\":\"https:\/\/evertonfc.cz\/\",\"name\":\"Official Czech &amp; Slovak Everton Supporters&#039; Club\",\"description\":\"\",\"publisher\":{\"@id\":\"https:\/\/evertonfc.cz\/#organization\"},\"potentialAction\":[{\"@type\":\"SearchAction\",\"target\":{\"@type\":\"EntryPoint\",\"urlTemplate\":\"https:\/\/evertonfc.cz\/?s={search_term_string}\"},\"query-input\":{\"@type\":\"PropertyValueSpecification\",\"valueRequired\":true,\"valueName\":\"search_term_string\"}}],\"inLanguage\":\"cs\"},{\"@type\":\"Organization\",\"@id\":\"https:\/\/evertonfc.cz\/#organization\",\"name\":\"Official Czech & Slovak Everton Supporters' Club\",\"url\":\"https:\/\/evertonfc.cz\/\",\"logo\":{\"@type\":\"ImageObject\",\"inLanguage\":\"cs\",\"@id\":\"https:\/\/evertonfc.cz\/#\/schema\/logo\/image\/\",\"url\":\"https:\/\/evertonfc.cz\/wp-content\/uploads\/2019\/05\/logo.png\",\"contentUrl\":\"https:\/\/evertonfc.cz\/wp-content\/uploads\/2019\/05\/logo.png\",\"width\":112,\"height\":112,\"caption\":\"Official Czech & Slovak Everton Supporters' Club\"},\"image\":{\"@id\":\"https:\/\/evertonfc.cz\/#\/schema\/logo\/image\/\"},\"sameAs\":[\"https:\/\/www.facebook.com\/everton.fans.cz.sk\"]},{\"@type\":\"Person\",\"@id\":\"https:\/\/evertonfc.cz\/#\/schema\/person\/f7a5daedb2ffee98480bc70e191aaef1\",\"name\":\"Ri\u010di\",\"sameAs\":[\"https:\/\/x.com\/rbrejsa\"],\"url\":\"https:\/\/evertonfc.cz\/index.php\/author\/rici\/\"}]}<\/script>\n<!-- \/ Yoast SEO plugin. -->","yoast_head_json":{"title":"Be\u0161i\u0107 \u2013 p\u0159edpoklad pro dobrou koupi - Official Czech &amp; Slovak Everton Supporters&#039; Club","robots":{"index":"index","follow":"follow","max-snippet":"max-snippet:-1","max-image-preview":"max-image-preview:large","max-video-preview":"max-video-preview:-1"},"canonical":"https:\/\/evertonfc.cz\/index.php\/2014\/07\/27\/besic-predpoklad-pro-dobrou-koupi\/","og_locale":"cs_CZ","og_type":"article","og_title":"Be\u0161i\u0107 \u2013 p\u0159edpoklad pro dobrou koupi - Official Czech &amp; Slovak Everton Supporters&#039; Club","og_description":"Sa\u0161a Ibrulj, bosensk\u00fd fotbalov\u00fd novin\u00e1\u0159, ve sv\u00e9m sloupku vysv\u011btlil, pro\u010d by Muhamed Be\u0161i\u0107, jeho\u017e p\u0159estup se dot\u00e1hne p\u0159\u00ed\u0161t\u00ed t\u00fdden po&hellip;","og_url":"https:\/\/evertonfc.cz\/index.php\/2014\/07\/27\/besic-predpoklad-pro-dobrou-koupi\/","og_site_name":"Official Czech &amp; Slovak Everton Supporters&#039; Club","article_publisher":"https:\/\/www.facebook.com\/everton.fans.cz.sk","article_published_time":"2014-07-27T17:56:49+00:00","article_modified_time":"2019-02-14T23:06:40+00:00","og_image":[{"width":720,"height":405,"url":"https:\/\/evertonfc.cz\/wp-content\/uploads\/2019\/01\/blog.jpg","type":"image\/jpeg"}],"author":"Ri\u010di","twitter_card":"summary_large_image","twitter_creator":"@rbrejsa","twitter_misc":{"Napsal(a)":"Ri\u010di","Odhadovan\u00e1 doba \u010dten\u00ed":"5 minut"},"schema":{"@context":"https:\/\/schema.org","@graph":[{"@type":"Article","@id":"https:\/\/evertonfc.cz\/index.php\/2014\/07\/27\/besic-predpoklad-pro-dobrou-koupi\/#article","isPartOf":{"@id":"https:\/\/evertonfc.cz\/index.php\/2014\/07\/27\/besic-predpoklad-pro-dobrou-koupi\/"},"author":{"name":"Ri\u010di","@id":"https:\/\/evertonfc.cz\/#\/schema\/person\/f7a5daedb2ffee98480bc70e191aaef1"},"headline":"Be\u0161i\u0107 \u2013 p\u0159edpoklad pro dobrou koupi","datePublished":"2014-07-27T17:56:49+00:00","dateModified":"2019-02-14T23:06:40+00:00","mainEntityOfPage":{"@id":"https:\/\/evertonfc.cz\/index.php\/2014\/07\/27\/besic-predpoklad-pro-dobrou-koupi\/"},"wordCount":980,"commentCount":0,"publisher":{"@id":"https:\/\/evertonfc.cz\/#organization"},"image":{"@id":"https:\/\/evertonfc.cz\/index.php\/2014\/07\/27\/besic-predpoklad-pro-dobrou-koupi\/#primaryimage"},"thumbnailUrl":"https:\/\/evertonfc.cz\/wp-content\/uploads\/2019\/01\/blog.jpg","articleSection":["Aktuality","Blog"],"inLanguage":"cs","potentialAction":[{"@type":"CommentAction","name":"Comment","target":["https:\/\/evertonfc.cz\/index.php\/2014\/07\/27\/besic-predpoklad-pro-dobrou-koupi\/#respond"]}]},{"@type":"WebPage","@id":"https:\/\/evertonfc.cz\/index.php\/2014\/07\/27\/besic-predpoklad-pro-dobrou-koupi\/","url":"https:\/\/evertonfc.cz\/index.php\/2014\/07\/27\/besic-predpoklad-pro-dobrou-koupi\/","name":"Be\u0161i\u0107 \u2013 p\u0159edpoklad pro dobrou koupi - Official Czech &amp; Slovak Everton Supporters&#039; Club","isPartOf":{"@id":"https:\/\/evertonfc.cz\/#website"},"primaryImageOfPage":{"@id":"https:\/\/evertonfc.cz\/index.php\/2014\/07\/27\/besic-predpoklad-pro-dobrou-koupi\/#primaryimage"},"image":{"@id":"https:\/\/evertonfc.cz\/index.php\/2014\/07\/27\/besic-predpoklad-pro-dobrou-koupi\/#primaryimage"},"thumbnailUrl":"https:\/\/evertonfc.cz\/wp-content\/uploads\/2019\/01\/blog.jpg","datePublished":"2014-07-27T17:56:49+00:00","dateModified":"2019-02-14T23:06:40+00:00","breadcrumb":{"@id":"https:\/\/evertonfc.cz\/index.php\/2014\/07\/27\/besic-predpoklad-pro-dobrou-koupi\/#breadcrumb"},"inLanguage":"cs","potentialAction":[{"@type":"ReadAction","target":["https:\/\/evertonfc.cz\/index.php\/2014\/07\/27\/besic-predpoklad-pro-dobrou-koupi\/"]}]},{"@type":"ImageObject","inLanguage":"cs","@id":"https:\/\/evertonfc.cz\/index.php\/2014\/07\/27\/besic-predpoklad-pro-dobrou-koupi\/#primaryimage","url":"https:\/\/evertonfc.cz\/wp-content\/uploads\/2019\/01\/blog.jpg","contentUrl":"https:\/\/evertonfc.cz\/wp-content\/uploads\/2019\/01\/blog.jpg","width":720,"height":405},{"@type":"BreadcrumbList","@id":"https:\/\/evertonfc.cz\/index.php\/2014\/07\/27\/besic-predpoklad-pro-dobrou-koupi\/#breadcrumb","itemListElement":[{"@type":"ListItem","position":1,"name":"Home","item":"https:\/\/evertonfc.cz\/"},{"@type":"ListItem","position":2,"name":"Be\u0161i\u0107 \u2013 p\u0159edpoklad pro dobrou koupi"}]},{"@type":"WebSite","@id":"https:\/\/evertonfc.cz\/#website","url":"https:\/\/evertonfc.cz\/","name":"Official Czech &amp; Slovak Everton Supporters&#039; Club","description":"","publisher":{"@id":"https:\/\/evertonfc.cz\/#organization"},"potentialAction":[{"@type":"SearchAction","target":{"@type":"EntryPoint","urlTemplate":"https:\/\/evertonfc.cz\/?s={search_term_string}"},"query-input":{"@type":"PropertyValueSpecification","valueRequired":true,"valueName":"search_term_string"}}],"inLanguage":"cs"},{"@type":"Organization","@id":"https:\/\/evertonfc.cz\/#organization","name":"Official Czech & Slovak Everton Supporters' Club","url":"https:\/\/evertonfc.cz\/","logo":{"@type":"ImageObject","inLanguage":"cs","@id":"https:\/\/evertonfc.cz\/#\/schema\/logo\/image\/","url":"https:\/\/evertonfc.cz\/wp-content\/uploads\/2019\/05\/logo.png","contentUrl":"https:\/\/evertonfc.cz\/wp-content\/uploads\/2019\/05\/logo.png","width":112,"height":112,"caption":"Official Czech & Slovak Everton Supporters' Club"},"image":{"@id":"https:\/\/evertonfc.cz\/#\/schema\/logo\/image\/"},"sameAs":["https:\/\/www.facebook.com\/everton.fans.cz.sk"]},{"@type":"Person","@id":"https:\/\/evertonfc.cz\/#\/schema\/person\/f7a5daedb2ffee98480bc70e191aaef1","name":"Ri\u010di","sameAs":["https:\/\/x.com\/rbrejsa"],"url":"https:\/\/evertonfc.cz\/index.php\/author\/rici\/"}]}},"_links":{"self":[{"href":"https:\/\/evertonfc.cz\/index.php\/wp-json\/wp\/v2\/posts\/4689"}],"collection":[{"href":"https:\/\/evertonfc.cz\/index.php\/wp-json\/wp\/v2\/posts"}],"about":[{"href":"https:\/\/evertonfc.cz\/index.php\/wp-json\/wp\/v2\/types\/post"}],"author":[{"embeddable":true,"href":"https:\/\/evertonfc.cz\/index.php\/wp-json\/wp\/v2\/users\/6"}],"replies":[{"embeddable":true,"href":"https:\/\/evertonfc.cz\/index.php\/wp-json\/wp\/v2\/comments?post=4689"}],"version-history":[{"count":1,"href":"https:\/\/evertonfc.cz\/index.php\/wp-json\/wp\/v2\/posts\/4689\/revisions"}],"predecessor-version":[{"id":4690,"href":"https:\/\/evertonfc.cz\/index.php\/wp-json\/wp\/v2\/posts\/4689\/revisions\/4690"}],"wp:featuredmedia":[{"embeddable":true,"href":"https:\/\/evertonfc.cz\/index.php\/wp-json\/wp\/v2\/media\/1310"}],"wp:attachment":[{"href":"https:\/\/evertonfc.cz\/index.php\/wp-json\/wp\/v2\/media?parent=4689"}],"wp:term":[{"taxonomy":"category","embeddable":true,"href":"https:\/\/evertonfc.cz\/index.php\/wp-json\/wp\/v2\/categories?post=4689"},{"taxonomy":"post_tag","embeddable":true,"href":"https:\/\/evertonfc.cz\/index.php\/wp-json\/wp\/v2\/tags?post=4689"}],"curies":[{"name":"wp","href":"https:\/\/api.w.org\/{rel}","templated":true}]}}