{"id":4695,"date":"2014-07-22T20:08:14","date_gmt":"2014-07-22T18:08:14","guid":{"rendered":"http:\/\/evertonfc.cz\/?p=4695"},"modified":"2019-02-13T23:33:07","modified_gmt":"2019-02-13T22:33:07","slug":"everton-blizko-k-podpisu-mladeho-belgicana","status":"publish","type":"post","link":"https:\/\/evertonfc.cz\/index.php\/2014\/07\/22\/everton-blizko-k-podpisu-mladeho-belgicana\/","title":{"rendered":"Everton bl\u00edzko k podpisu mlad\u00e9ho Belgi\u010dana"},"content":{"rendered":"<h4 id=\"NewsPostDetailSummary\">Toffees jsou bl\u00edzko k z\u00edsk\u00e1n\u00ed osmn\u00e1ctilet\u00e9ho ofenzivn\u00edho Davida Henena z Anderlechtu, naopak p\u0159estupy Muhameda Be\u0161i\u0107e a posily na hrot zat\u00edm stoj\u00ed na m\u00edst\u011b.<\/h4>\n<div id=\"NewsPostDetailContent\">\n<p>David Henen up\u0159ednostnil Everton p\u0159ed Arsenalem a Manchesterem United, kte\u0159\u00ed pravideln\u00e9ho st\u0159elce z ml\u00e1de\u017enick\u00fdch reprezentac\u00ed Belgie rovn\u011b\u017e sledovali, a nyn\u00ed prob\u00edhaj\u00ed ofici\u00e1ln\u00ed jedn\u00e1n\u00ed, jak je potvrzeno na ofici\u00e1ln\u00edch str\u00e1nk\u00e1ch. Henen dok\u00e1\u017ee nastoupit jak na obou k\u0159\u00eddlech, tak i na podhrotu. Lo\u0148skou sez\u00f3nu pob\u00fdval na hostov\u00e1n\u00ed v Monaku B.<\/p>\n<p>Cena za obchodu se pohybuje kolem \u00a31m a Mart\u00ednez by anga\u017eov\u00e1n\u00edm Henana, v domovin\u011b pova\u017eovan\u00e9ho za jeden z nejv\u011bt\u0161\u00edch talent\u016f, nejsp\u00ed\u0161e zacelil voln\u00e9 m\u00edsto po skon\u010den\u00ed hostov\u00e1n\u00ed Gerarda Deulofea.<\/p>\n<p>Romelu Lukaku pat\u0159\u00ed na samou \u0161pi\u010dku vytipovan\u00fdch posil Roberta Mart\u00edneze, to nen\u00ed \u017e\u00e1dn\u00fdm tajemstv\u00edm. Je ale ot\u00e1zkou, jak dlouho bude ochotn\u00fd katal\u00e1nsk\u00fd mana\u017eer na hr\u00e1\u010de Chelsea \u010dekat. Tam\u011bj\u0161\u00ed asistent tren\u00e9ra Steve Holland toti\u017e nep\u0159edpokl\u00e1d\u00e1 \u017e\u00e1dn\u00fd p\u0159estup 21 let star\u00e9ho \u00fato\u010dn\u00edka v nejbli\u017e\u0161\u00edch dvou t\u00fddnech.<\/p>\n<p><em>\u201ePodle pl\u00e1nu se k n\u00e1m p\u0159ipoj\u00ed p\u0159ibli\u017en\u011b za dva t\u00fddny, kdy budeme v Holandsku. Pokud celou situaci ch\u00e1pu dob\u0159e, do t\u00e9 doby jeho potenci\u00e1ln\u00ed odchod nep\u0159ipad\u00e1 v \u00favahu.\u201c\u00a0<\/em>T\u011b\u017eko \u0159\u00edct, co je na prohl\u00e1\u0161en\u00ed Hollanda pravdiv\u00e9, v\u017edy\u0165 jeho \u0161\u00e9fem je nevyzpytateln\u00fd taktik Jos\u00e9 Mourinho.<\/p>\n<p>Dal\u0161\u00ed alternativou do \u00fatoku se m\u016f\u017ee st\u00e1t Carlos Bacca, zku\u0161en\u00fd kolumbijsk\u00fd striker ze Sevilly. A\u010dkoliv byl Bacca s Everton \u010dasto spojov\u00e1n v m\u00e9di\u00edch, sportovn\u00ed \u0159editel \u0161pan\u011blsk\u00e9ho celku je\u0161t\u011b neregistroval \u017e\u00e1dnou nab\u00eddku za \u00fa\u010dastn\u00edka Mistrovstv\u00ed sv\u011bta v Braz\u00edlii.<\/p>\n<p><em>\u201eNikdy nepodal \u017e\u00e1dnou nab\u00eddku za Baccu. Ani z Evertonu n\u00e1s nikdo nekontaktoval,\u201c\u00a0<\/em>prozradil Ramon Monchi.<\/p>\n<p>\u0160patn\u00e9 zpr\u00e1vy se vyrojily ohledn\u011b n\u00e1kupu Muhameda Be\u0161i\u0107e. Blues se sice dohodli na odstupn\u00e9m s Ferencv\u00e1rosi TC v hodnot\u011b \u00a34m a defenzivn\u00ed z\u00e1lo\u017en\u00edk tak\u00e9 \u00fasp\u011b\u0161n\u011b absolvoval zdravotn\u00ed prohl\u00eddku, po n\u00ed\u017e se dohodl na smlouv\u011b, v\u0161e se v\u0161ak zbrzdilo kv\u016fli vy\u0159\u00edzen\u00ed pracovn\u00edho povolen\u00ed a poplatku pro prvn\u00ed hr\u00e1\u010d\u016fv klub \u2013 Tennis Berl\u00edn.<\/p>\n<p>Podle bosensk\u00e9 str\u00e1nky BH Dragons, Be\u0161i\u0107ovo rozhodnut\u00ed reprezentovat Bosnu a Hercegovinu na \u00fakor rodn\u00e9ho N\u011bmecka komplikuje vyd\u00e1n\u00ed pracovn\u00ed povolen\u00ed, Bosna a Hercegovina toti\u017e nepat\u0159\u00ed do Evropsk\u00e9 unie. A proto\u017ee Be\u0161i\u0107 nespl\u0148uje ani dal\u0161\u00ed po\u017eadavek, odehr\u00e1n\u00ed minim\u00e1ln\u011b 75% z\u00e1pas\u016f za reprezentaci v posledn\u00edch dvou letech, mohou \u00fa\u0159ady jeho pobyt v Anglii zak\u00e1zat, \u010di minim\u00e1ln\u011b pozdr\u017eet.<\/p>\n<p>K vy\u0159e\u0161en\u00ed cel\u00e9 situace by mohlo pomoct z\u00edsk\u00e1n\u00ed n\u011bmeck\u00e9ho pasu. Pokud ne, Muhamed Be\u0161i\u0107e by pr\u00fd z\u016fstal jako hr\u00e1\u010d Evertonu hostovat ve Ferencv\u00e1rosi do doby, ne\u017e by pracovn\u00ed povolen\u00ed obdr\u017eel.<\/p>\n<p>Krom\u011b toho BH Dragons informuje i o nesrovnalostech v doplacen\u00ed poplatk\u016f Tennis Berl\u00ednu, odkud Hamburk SV brzy dvaadvacetilet\u00e9ho z\u00e1lo\u017en\u00edka vykoupil. Nicm\u00e9n\u011b se o\u010dek\u00e1v\u00e1, \u017ee se tento probl\u00e9m brzy vy\u0159e\u0161\u00ed.<\/p>\n<\/div>\n","protected":false},"excerpt":{"rendered":"<p>Toffees jsou bl\u00edzko k z\u00edsk\u00e1n\u00ed osmn\u00e1ctilet\u00e9ho ofenzivn\u00edho Davida Henena z Anderlechtu, naopak p\u0159estupy Muhameda Be\u0161i\u0107e a posily na hrot zat\u00edm&hellip;<\/p>\n","protected":false},"author":6,"featured_media":1316,"comment_status":"open","ping_status":"closed","sticky":false,"template":"","format":"standard","meta":{"_eb_attr":"","_monsterinsights_skip_tracking":false,"_monsterinsights_sitenote_active":false,"_monsterinsights_sitenote_note":"","_monsterinsights_sitenote_category":0,"footnotes":""},"categories":[41],"tags":[],"yoast_head":"<!-- This site is optimized with the Yoast SEO plugin v23.4 - https:\/\/yoast.com\/wordpress\/plugins\/seo\/ -->\n<title>Everton bl\u00edzko k podpisu mlad\u00e9ho Belgi\u010dana - Official Czech &amp; Slovak Everton Supporters&#039; Club<\/title>\n<meta name=\"robots\" content=\"index, follow, max-snippet:-1, max-image-preview:large, max-video-preview:-1\" \/>\n<link rel=\"canonical\" href=\"https:\/\/evertonfc.cz\/index.php\/2014\/07\/22\/everton-blizko-k-podpisu-mladeho-belgicana\/\" \/>\n<meta property=\"og:locale\" content=\"cs_CZ\" \/>\n<meta property=\"og:type\" content=\"article\" \/>\n<meta property=\"og:title\" content=\"Everton bl\u00edzko k podpisu mlad\u00e9ho Belgi\u010dana - Official Czech &amp; Slovak Everton Supporters&#039; Club\" \/>\n<meta property=\"og:description\" content=\"Toffees jsou bl\u00edzko k z\u00edsk\u00e1n\u00ed osmn\u00e1ctilet\u00e9ho ofenzivn\u00edho Davida Henena z Anderlechtu, naopak p\u0159estupy Muhameda Be\u0161i\u0107e a posily na hrot zat\u00edm&hellip;\" \/>\n<meta property=\"og:url\" content=\"https:\/\/evertonfc.cz\/index.php\/2014\/07\/22\/everton-blizko-k-podpisu-mladeho-belgicana\/\" \/>\n<meta property=\"og:site_name\" content=\"Official Czech &amp; Slovak Everton Supporters&#039; Club\" \/>\n<meta property=\"article:publisher\" content=\"https:\/\/www.facebook.com\/everton.fans.cz.sk\" \/>\n<meta property=\"article:published_time\" content=\"2014-07-22T18:08:14+00:00\" \/>\n<meta property=\"article:modified_time\" content=\"2019-02-13T22:33:07+00:00\" \/>\n<meta property=\"og:image\" content=\"https:\/\/evertonfc.cz\/wp-content\/uploads\/2019\/01\/transfer.jpg\" \/>\n\t<meta property=\"og:image:width\" content=\"720\" \/>\n\t<meta property=\"og:image:height\" content=\"405\" \/>\n\t<meta property=\"og:image:type\" content=\"image\/jpeg\" \/>\n<meta name=\"author\" content=\"Ri\u010di\" \/>\n<meta name=\"twitter:card\" content=\"summary_large_image\" \/>\n<meta name=\"twitter:creator\" content=\"@rbrejsa\" \/>\n<meta name=\"twitter:label1\" content=\"Napsal(a)\" \/>\n\t<meta name=\"twitter:data1\" content=\"Ri\u010di\" \/>\n\t<meta name=\"twitter:label2\" content=\"Odhadovan\u00e1 doba \u010dten\u00ed\" \/>\n\t<meta name=\"twitter:data2\" content=\"3 minuty\" \/>\n<script type=\"application\/ld+json\" class=\"yoast-schema-graph\">{\"@context\":\"https:\/\/schema.org\",\"@graph\":[{\"@type\":\"Article\",\"@id\":\"https:\/\/evertonfc.cz\/index.php\/2014\/07\/22\/everton-blizko-k-podpisu-mladeho-belgicana\/#article\",\"isPartOf\":{\"@id\":\"https:\/\/evertonfc.cz\/index.php\/2014\/07\/22\/everton-blizko-k-podpisu-mladeho-belgicana\/\"},\"author\":{\"name\":\"Ri\u010di\",\"@id\":\"https:\/\/evertonfc.cz\/#\/schema\/person\/f7a5daedb2ffee98480bc70e191aaef1\"},\"headline\":\"Everton bl\u00edzko k podpisu mlad\u00e9ho Belgi\u010dana\",\"datePublished\":\"2014-07-22T18:08:14+00:00\",\"dateModified\":\"2019-02-13T22:33:07+00:00\",\"mainEntityOfPage\":{\"@id\":\"https:\/\/evertonfc.cz\/index.php\/2014\/07\/22\/everton-blizko-k-podpisu-mladeho-belgicana\/\"},\"wordCount\":557,\"commentCount\":0,\"publisher\":{\"@id\":\"https:\/\/evertonfc.cz\/#organization\"},\"image\":{\"@id\":\"https:\/\/evertonfc.cz\/index.php\/2014\/07\/22\/everton-blizko-k-podpisu-mladeho-belgicana\/#primaryimage\"},\"thumbnailUrl\":\"https:\/\/evertonfc.cz\/wp-content\/uploads\/2019\/01\/transfer.jpg\",\"articleSection\":[\"P\u0159estupy\"],\"inLanguage\":\"cs\",\"potentialAction\":[{\"@type\":\"CommentAction\",\"name\":\"Comment\",\"target\":[\"https:\/\/evertonfc.cz\/index.php\/2014\/07\/22\/everton-blizko-k-podpisu-mladeho-belgicana\/#respond\"]}]},{\"@type\":\"WebPage\",\"@id\":\"https:\/\/evertonfc.cz\/index.php\/2014\/07\/22\/everton-blizko-k-podpisu-mladeho-belgicana\/\",\"url\":\"https:\/\/evertonfc.cz\/index.php\/2014\/07\/22\/everton-blizko-k-podpisu-mladeho-belgicana\/\",\"name\":\"Everton bl\u00edzko k podpisu mlad\u00e9ho Belgi\u010dana - Official Czech &amp; Slovak Everton Supporters&#039; Club\",\"isPartOf\":{\"@id\":\"https:\/\/evertonfc.cz\/#website\"},\"primaryImageOfPage\":{\"@id\":\"https:\/\/evertonfc.cz\/index.php\/2014\/07\/22\/everton-blizko-k-podpisu-mladeho-belgicana\/#primaryimage\"},\"image\":{\"@id\":\"https:\/\/evertonfc.cz\/index.php\/2014\/07\/22\/everton-blizko-k-podpisu-mladeho-belgicana\/#primaryimage\"},\"thumbnailUrl\":\"https:\/\/evertonfc.cz\/wp-content\/uploads\/2019\/01\/transfer.jpg\",\"datePublished\":\"2014-07-22T18:08:14+00:00\",\"dateModified\":\"2019-02-13T22:33:07+00:00\",\"breadcrumb\":{\"@id\":\"https:\/\/evertonfc.cz\/index.php\/2014\/07\/22\/everton-blizko-k-podpisu-mladeho-belgicana\/#breadcrumb\"},\"inLanguage\":\"cs\",\"potentialAction\":[{\"@type\":\"ReadAction\",\"target\":[\"https:\/\/evertonfc.cz\/index.php\/2014\/07\/22\/everton-blizko-k-podpisu-mladeho-belgicana\/\"]}]},{\"@type\":\"ImageObject\",\"inLanguage\":\"cs\",\"@id\":\"https:\/\/evertonfc.cz\/index.php\/2014\/07\/22\/everton-blizko-k-podpisu-mladeho-belgicana\/#primaryimage\",\"url\":\"https:\/\/evertonfc.cz\/wp-content\/uploads\/2019\/01\/transfer.jpg\",\"contentUrl\":\"https:\/\/evertonfc.cz\/wp-content\/uploads\/2019\/01\/transfer.jpg\",\"width\":720,\"height\":405},{\"@type\":\"BreadcrumbList\",\"@id\":\"https:\/\/evertonfc.cz\/index.php\/2014\/07\/22\/everton-blizko-k-podpisu-mladeho-belgicana\/#breadcrumb\",\"itemListElement\":[{\"@type\":\"ListItem\",\"position\":1,\"name\":\"Home\",\"item\":\"https:\/\/evertonfc.cz\/\"},{\"@type\":\"ListItem\",\"position\":2,\"name\":\"Everton bl\u00edzko k podpisu mlad\u00e9ho Belgi\u010dana\"}]},{\"@type\":\"WebSite\",\"@id\":\"https:\/\/evertonfc.cz\/#website\",\"url\":\"https:\/\/evertonfc.cz\/\",\"name\":\"Official Czech &amp; Slovak Everton Supporters&#039; Club\",\"description\":\"\",\"publisher\":{\"@id\":\"https:\/\/evertonfc.cz\/#organization\"},\"potentialAction\":[{\"@type\":\"SearchAction\",\"target\":{\"@type\":\"EntryPoint\",\"urlTemplate\":\"https:\/\/evertonfc.cz\/?s={search_term_string}\"},\"query-input\":{\"@type\":\"PropertyValueSpecification\",\"valueRequired\":true,\"valueName\":\"search_term_string\"}}],\"inLanguage\":\"cs\"},{\"@type\":\"Organization\",\"@id\":\"https:\/\/evertonfc.cz\/#organization\",\"name\":\"Official Czech & Slovak Everton Supporters' Club\",\"url\":\"https:\/\/evertonfc.cz\/\",\"logo\":{\"@type\":\"ImageObject\",\"inLanguage\":\"cs\",\"@id\":\"https:\/\/evertonfc.cz\/#\/schema\/logo\/image\/\",\"url\":\"https:\/\/evertonfc.cz\/wp-content\/uploads\/2019\/05\/logo.png\",\"contentUrl\":\"https:\/\/evertonfc.cz\/wp-content\/uploads\/2019\/05\/logo.png\",\"width\":112,\"height\":112,\"caption\":\"Official Czech & Slovak Everton Supporters' Club\"},\"image\":{\"@id\":\"https:\/\/evertonfc.cz\/#\/schema\/logo\/image\/\"},\"sameAs\":[\"https:\/\/www.facebook.com\/everton.fans.cz.sk\"]},{\"@type\":\"Person\",\"@id\":\"https:\/\/evertonfc.cz\/#\/schema\/person\/f7a5daedb2ffee98480bc70e191aaef1\",\"name\":\"Ri\u010di\",\"sameAs\":[\"https:\/\/x.com\/rbrejsa\"],\"url\":\"https:\/\/evertonfc.cz\/index.php\/author\/rici\/\"}]}<\/script>\n<!-- \/ Yoast SEO plugin. -->","yoast_head_json":{"title":"Everton bl\u00edzko k podpisu mlad\u00e9ho Belgi\u010dana - Official Czech &amp; Slovak Everton Supporters&#039; Club","robots":{"index":"index","follow":"follow","max-snippet":"max-snippet:-1","max-image-preview":"max-image-preview:large","max-video-preview":"max-video-preview:-1"},"canonical":"https:\/\/evertonfc.cz\/index.php\/2014\/07\/22\/everton-blizko-k-podpisu-mladeho-belgicana\/","og_locale":"cs_CZ","og_type":"article","og_title":"Everton bl\u00edzko k podpisu mlad\u00e9ho Belgi\u010dana - Official Czech &amp; Slovak Everton Supporters&#039; Club","og_description":"Toffees jsou bl\u00edzko k z\u00edsk\u00e1n\u00ed osmn\u00e1ctilet\u00e9ho ofenzivn\u00edho Davida Henena z Anderlechtu, naopak p\u0159estupy Muhameda Be\u0161i\u0107e a posily na hrot zat\u00edm&hellip;","og_url":"https:\/\/evertonfc.cz\/index.php\/2014\/07\/22\/everton-blizko-k-podpisu-mladeho-belgicana\/","og_site_name":"Official Czech &amp; Slovak Everton Supporters&#039; Club","article_publisher":"https:\/\/www.facebook.com\/everton.fans.cz.sk","article_published_time":"2014-07-22T18:08:14+00:00","article_modified_time":"2019-02-13T22:33:07+00:00","og_image":[{"width":720,"height":405,"url":"https:\/\/evertonfc.cz\/wp-content\/uploads\/2019\/01\/transfer.jpg","type":"image\/jpeg"}],"author":"Ri\u010di","twitter_card":"summary_large_image","twitter_creator":"@rbrejsa","twitter_misc":{"Napsal(a)":"Ri\u010di","Odhadovan\u00e1 doba \u010dten\u00ed":"3 minuty"},"schema":{"@context":"https:\/\/schema.org","@graph":[{"@type":"Article","@id":"https:\/\/evertonfc.cz\/index.php\/2014\/07\/22\/everton-blizko-k-podpisu-mladeho-belgicana\/#article","isPartOf":{"@id":"https:\/\/evertonfc.cz\/index.php\/2014\/07\/22\/everton-blizko-k-podpisu-mladeho-belgicana\/"},"author":{"name":"Ri\u010di","@id":"https:\/\/evertonfc.cz\/#\/schema\/person\/f7a5daedb2ffee98480bc70e191aaef1"},"headline":"Everton bl\u00edzko k podpisu mlad\u00e9ho Belgi\u010dana","datePublished":"2014-07-22T18:08:14+00:00","dateModified":"2019-02-13T22:33:07+00:00","mainEntityOfPage":{"@id":"https:\/\/evertonfc.cz\/index.php\/2014\/07\/22\/everton-blizko-k-podpisu-mladeho-belgicana\/"},"wordCount":557,"commentCount":0,"publisher":{"@id":"https:\/\/evertonfc.cz\/#organization"},"image":{"@id":"https:\/\/evertonfc.cz\/index.php\/2014\/07\/22\/everton-blizko-k-podpisu-mladeho-belgicana\/#primaryimage"},"thumbnailUrl":"https:\/\/evertonfc.cz\/wp-content\/uploads\/2019\/01\/transfer.jpg","articleSection":["P\u0159estupy"],"inLanguage":"cs","potentialAction":[{"@type":"CommentAction","name":"Comment","target":["https:\/\/evertonfc.cz\/index.php\/2014\/07\/22\/everton-blizko-k-podpisu-mladeho-belgicana\/#respond"]}]},{"@type":"WebPage","@id":"https:\/\/evertonfc.cz\/index.php\/2014\/07\/22\/everton-blizko-k-podpisu-mladeho-belgicana\/","url":"https:\/\/evertonfc.cz\/index.php\/2014\/07\/22\/everton-blizko-k-podpisu-mladeho-belgicana\/","name":"Everton bl\u00edzko k podpisu mlad\u00e9ho Belgi\u010dana - Official Czech &amp; Slovak Everton Supporters&#039; Club","isPartOf":{"@id":"https:\/\/evertonfc.cz\/#website"},"primaryImageOfPage":{"@id":"https:\/\/evertonfc.cz\/index.php\/2014\/07\/22\/everton-blizko-k-podpisu-mladeho-belgicana\/#primaryimage"},"image":{"@id":"https:\/\/evertonfc.cz\/index.php\/2014\/07\/22\/everton-blizko-k-podpisu-mladeho-belgicana\/#primaryimage"},"thumbnailUrl":"https:\/\/evertonfc.cz\/wp-content\/uploads\/2019\/01\/transfer.jpg","datePublished":"2014-07-22T18:08:14+00:00","dateModified":"2019-02-13T22:33:07+00:00","breadcrumb":{"@id":"https:\/\/evertonfc.cz\/index.php\/2014\/07\/22\/everton-blizko-k-podpisu-mladeho-belgicana\/#breadcrumb"},"inLanguage":"cs","potentialAction":[{"@type":"ReadAction","target":["https:\/\/evertonfc.cz\/index.php\/2014\/07\/22\/everton-blizko-k-podpisu-mladeho-belgicana\/"]}]},{"@type":"ImageObject","inLanguage":"cs","@id":"https:\/\/evertonfc.cz\/index.php\/2014\/07\/22\/everton-blizko-k-podpisu-mladeho-belgicana\/#primaryimage","url":"https:\/\/evertonfc.cz\/wp-content\/uploads\/2019\/01\/transfer.jpg","contentUrl":"https:\/\/evertonfc.cz\/wp-content\/uploads\/2019\/01\/transfer.jpg","width":720,"height":405},{"@type":"BreadcrumbList","@id":"https:\/\/evertonfc.cz\/index.php\/2014\/07\/22\/everton-blizko-k-podpisu-mladeho-belgicana\/#breadcrumb","itemListElement":[{"@type":"ListItem","position":1,"name":"Home","item":"https:\/\/evertonfc.cz\/"},{"@type":"ListItem","position":2,"name":"Everton bl\u00edzko k podpisu mlad\u00e9ho Belgi\u010dana"}]},{"@type":"WebSite","@id":"https:\/\/evertonfc.cz\/#website","url":"https:\/\/evertonfc.cz\/","name":"Official Czech &amp; Slovak Everton Supporters&#039; Club","description":"","publisher":{"@id":"https:\/\/evertonfc.cz\/#organization"},"potentialAction":[{"@type":"SearchAction","target":{"@type":"EntryPoint","urlTemplate":"https:\/\/evertonfc.cz\/?s={search_term_string}"},"query-input":{"@type":"PropertyValueSpecification","valueRequired":true,"valueName":"search_term_string"}}],"inLanguage":"cs"},{"@type":"Organization","@id":"https:\/\/evertonfc.cz\/#organization","name":"Official Czech & Slovak Everton Supporters' Club","url":"https:\/\/evertonfc.cz\/","logo":{"@type":"ImageObject","inLanguage":"cs","@id":"https:\/\/evertonfc.cz\/#\/schema\/logo\/image\/","url":"https:\/\/evertonfc.cz\/wp-content\/uploads\/2019\/05\/logo.png","contentUrl":"https:\/\/evertonfc.cz\/wp-content\/uploads\/2019\/05\/logo.png","width":112,"height":112,"caption":"Official Czech & Slovak Everton Supporters' Club"},"image":{"@id":"https:\/\/evertonfc.cz\/#\/schema\/logo\/image\/"},"sameAs":["https:\/\/www.facebook.com\/everton.fans.cz.sk"]},{"@type":"Person","@id":"https:\/\/evertonfc.cz\/#\/schema\/person\/f7a5daedb2ffee98480bc70e191aaef1","name":"Ri\u010di","sameAs":["https:\/\/x.com\/rbrejsa"],"url":"https:\/\/evertonfc.cz\/index.php\/author\/rici\/"}]}},"_links":{"self":[{"href":"https:\/\/evertonfc.cz\/index.php\/wp-json\/wp\/v2\/posts\/4695"}],"collection":[{"href":"https:\/\/evertonfc.cz\/index.php\/wp-json\/wp\/v2\/posts"}],"about":[{"href":"https:\/\/evertonfc.cz\/index.php\/wp-json\/wp\/v2\/types\/post"}],"author":[{"embeddable":true,"href":"https:\/\/evertonfc.cz\/index.php\/wp-json\/wp\/v2\/users\/6"}],"replies":[{"embeddable":true,"href":"https:\/\/evertonfc.cz\/index.php\/wp-json\/wp\/v2\/comments?post=4695"}],"version-history":[{"count":3,"href":"https:\/\/evertonfc.cz\/index.php\/wp-json\/wp\/v2\/posts\/4695\/revisions"}],"predecessor-version":[{"id":4956,"href":"https:\/\/evertonfc.cz\/index.php\/wp-json\/wp\/v2\/posts\/4695\/revisions\/4956"}],"wp:featuredmedia":[{"embeddable":true,"href":"https:\/\/evertonfc.cz\/index.php\/wp-json\/wp\/v2\/media\/1316"}],"wp:attachment":[{"href":"https:\/\/evertonfc.cz\/index.php\/wp-json\/wp\/v2\/media?parent=4695"}],"wp:term":[{"taxonomy":"category","embeddable":true,"href":"https:\/\/evertonfc.cz\/index.php\/wp-json\/wp\/v2\/categories?post=4695"},{"taxonomy":"post_tag","embeddable":true,"href":"https:\/\/evertonfc.cz\/index.php\/wp-json\/wp\/v2\/tags?post=4695"}],"curies":[{"name":"wp","href":"https:\/\/api.w.org\/{rel}","templated":true}]}}