{"id":4697,"date":"2014-07-20T20:09:51","date_gmt":"2014-07-20T18:09:51","guid":{"rendered":"http:\/\/evertonfc.cz\/?p=4697"},"modified":"2020-05-14T12:24:52","modified_gmt":"2020-05-14T10:24:52","slug":"6-sraz-ceskoslovenskych-evertonians","status":"publish","type":"post","link":"https:\/\/evertonfc.cz\/index.php\/2014\/07\/20\/6-sraz-ceskoslovenskych-evertonians\/","title":{"rendered":"6. sraz \u010deskoslovensk\u00fdch Evertonians"},"content":{"rendered":"<h4 id=\"NewsPostDetailSummary\">Ani letos jsme nevynechali tradi\u010dn\u00ed letn\u00ed sraz \u010deskoslovensk\u00fdch fanou\u0161k\u016f Evertonu, o v\u00edkendu 18. a\u017e 20. \u010dervence jsme se se\u0161li v Boskovic\u00edch nedaleko od Brna.<\/h4>\n<div id=\"NewsPostDetailContent\">\n<p>Do m\u011bste\u010dka v Jihomoravsk\u00e9m kraji jsme zav\u00edtali podruh\u00e9, Me\u0148a nav\u00e1zal na roli organiz\u00e1tora z\u00a0lo\u0148sk\u00e9ho roku, p\u0159i\u010dem\u017e prvn\u00ed \u010dty\u0159i m\u00edtinky prob\u011bhli v\u00a0Moravsk\u00e9 T\u0159ebov\u00e9 s\u00a0hostitelem Pepou.<\/p>\n<p>V\u0161ichni \u00fa\u010dastn\u00edci dorazili v\u00a0p\u00e1tek podve\u010der, z\u00a0\u010cech zav\u00edtali Javor, Fip, Gargy, Ri\u010di a Pepa, kter\u00fd z\u016fstal pouze na p\u00e1te\u010dn\u00ed ve\u010der, a ze Slovenska p\u0159ijel Everton1878. Celkem jsme se tedy dostali do po\u010dtu sedmi Czech &amp; Slovak Everton FC supporters.<\/p>\n<p>P\u00e1tek prob\u00edhal v\u00a0boskovick\u00fdch hospod\u00e1ch, diskot\u00e9k\u00e1ch a dokonce ti nej\u010dilej\u0161\u00ed zavr\u0161ili prvn\u00ed den no\u010dn\u00edm koup\u00e1n\u00edm. V\u00a0sobotu po dopoledn\u00edm restartu a ob\u011bdu jsme si st\u0159ihli men\u0161\u00ed fotb\u00e1lek. I kdy\u017e p\u00e1r akc\u00ed p\u0159ipomn\u011blo slavn\u00e9 klubov\u00e9 obdob\u00ed School of Science, rad\u011bji z\u016fstane u teorie a praxi p\u0159enech\u00e1me Bainesovi a spol.<\/p>\n<p>Na ve\u010der Me\u0148a nachystal perfektn\u00ed grilova\u010dku se sudem pivka. S\u00a0p\u0159ib\u00fdvaj\u00edc\u00ed n\u00e1ladou a odhodl\u00e1n\u00edm jsme Romelu Lukakovi poslali povzbuzuj\u00edc\u00ed tweet, aby se spr\u00e1vn\u011b rozhodl ve sv\u00e9 nejbli\u017e\u0161\u00ed kari\u00e9\u0159e a p\u0159estoupil do Evertonu. Uvid\u00edme v\u00a0nejbli\u017e\u0161\u00edch dnech, zda si Belgi\u010dan vzal na\u0161i radu k\u00a0srdci.<\/p>\n<p>Cestou do ubytovny jsme boskovickou noc obohatili o zp\u011bv, konkr\u00e9tn\u011b jsme si zal\u00edbili chor\u00e1l <a href=\"https:\/\/www.youtube.com\/watch?v=1zvgQC5v9-A\" target=\"_blank\" rel=\"noopener noreferrer\">Roberto Had A Dream<\/a>.<\/p>\n<p><em>Roberto had a dream<\/em><br \/>\n<em> To build a football team<\/em><br \/>\n<em> We had no money so we signed the players on loan<\/em><br \/>\n<em> We play from the back<\/em><br \/>\n<em> With Ross in attack<\/em><br \/>\n<em> The School of Science<\/em><br \/>\n<em> Is on it&#8217;s way back<\/em><\/p>\n<p>Je\u0161t\u011b ne\u017e jsme se v\u00a0ned\u011bli dopoledne rozjeli do sv\u00fdch domov\u016f, dali jsme si slib, \u017ee na p\u0159\u00ed\u0161t\u00edm srazu se potk\u00e1me na konci kv\u011btna ve Var\u0161av\u011b, kde si Toffees zahraj\u00ed fin\u00e1le Evropsk\u00e9 ligy 2014\/15 \ud83d\ude42<\/p>\n<p>Fotky si m\u016f\u017eete prohl\u00e9dnout <a href=\"http:\/\/cztoffee.rajce.idnes.cz\/Sraz_2014\" target=\"_blank\" rel=\"noopener noreferrer\">zde<\/a>.<\/p>\n<\/div>\n","protected":false},"excerpt":{"rendered":"<p>Ani letos jsme nevynechali tradi\u010dn\u00ed letn\u00ed sraz \u010deskoslovensk\u00fdch fanou\u0161k\u016f Evertonu, o v\u00edkendu 18. a\u017e 20. \u010dervence jsme se se\u0161li v&hellip;<\/p>\n","protected":false},"author":6,"featured_media":1310,"comment_status":"open","ping_status":"closed","sticky":false,"template":"","format":"standard","meta":{"_eb_attr":"","_monsterinsights_skip_tracking":false,"_monsterinsights_sitenote_active":false,"_monsterinsights_sitenote_note":"","_monsterinsights_sitenote_category":0,"footnotes":""},"categories":[85],"tags":[],"yoast_head":"<!-- This site is optimized with the Yoast SEO plugin v23.4 - https:\/\/yoast.com\/wordpress\/plugins\/seo\/ -->\n<title>6. sraz \u010deskoslovensk\u00fdch Evertonians - Official Czech &amp; Slovak Everton Supporters&#039; Club<\/title>\n<meta name=\"robots\" content=\"index, follow, max-snippet:-1, max-image-preview:large, max-video-preview:-1\" \/>\n<link rel=\"canonical\" href=\"https:\/\/evertonfc.cz\/index.php\/2014\/07\/20\/6-sraz-ceskoslovenskych-evertonians\/\" \/>\n<meta property=\"og:locale\" content=\"cs_CZ\" \/>\n<meta property=\"og:type\" content=\"article\" \/>\n<meta property=\"og:title\" content=\"6. sraz \u010deskoslovensk\u00fdch Evertonians - Official Czech &amp; Slovak Everton Supporters&#039; Club\" \/>\n<meta property=\"og:description\" content=\"Ani letos jsme nevynechali tradi\u010dn\u00ed letn\u00ed sraz \u010deskoslovensk\u00fdch fanou\u0161k\u016f Evertonu, o v\u00edkendu 18. a\u017e 20. \u010dervence jsme se se\u0161li v&hellip;\" \/>\n<meta property=\"og:url\" content=\"https:\/\/evertonfc.cz\/index.php\/2014\/07\/20\/6-sraz-ceskoslovenskych-evertonians\/\" \/>\n<meta property=\"og:site_name\" content=\"Official Czech &amp; Slovak Everton Supporters&#039; Club\" \/>\n<meta property=\"article:publisher\" content=\"https:\/\/www.facebook.com\/everton.fans.cz.sk\" \/>\n<meta property=\"article:published_time\" content=\"2014-07-20T18:09:51+00:00\" \/>\n<meta property=\"article:modified_time\" content=\"2020-05-14T10:24:52+00:00\" \/>\n<meta property=\"og:image\" content=\"https:\/\/evertonfc.cz\/wp-content\/uploads\/2019\/01\/blog.jpg\" \/>\n\t<meta property=\"og:image:width\" content=\"720\" \/>\n\t<meta property=\"og:image:height\" content=\"405\" \/>\n\t<meta property=\"og:image:type\" content=\"image\/jpeg\" \/>\n<meta name=\"author\" content=\"Ri\u010di\" \/>\n<meta name=\"twitter:card\" content=\"summary_large_image\" \/>\n<meta name=\"twitter:creator\" content=\"@rbrejsa\" \/>\n<meta name=\"twitter:label1\" content=\"Napsal(a)\" \/>\n\t<meta name=\"twitter:data1\" content=\"Ri\u010di\" \/>\n\t<meta name=\"twitter:label2\" content=\"Odhadovan\u00e1 doba \u010dten\u00ed\" \/>\n\t<meta name=\"twitter:data2\" content=\"2 minuty\" \/>\n<script type=\"application\/ld+json\" class=\"yoast-schema-graph\">{\"@context\":\"https:\/\/schema.org\",\"@graph\":[{\"@type\":\"Article\",\"@id\":\"https:\/\/evertonfc.cz\/index.php\/2014\/07\/20\/6-sraz-ceskoslovenskych-evertonians\/#article\",\"isPartOf\":{\"@id\":\"https:\/\/evertonfc.cz\/index.php\/2014\/07\/20\/6-sraz-ceskoslovenskych-evertonians\/\"},\"author\":{\"name\":\"Ri\u010di\",\"@id\":\"https:\/\/evertonfc.cz\/#\/schema\/person\/f7a5daedb2ffee98480bc70e191aaef1\"},\"headline\":\"6. sraz \u010deskoslovensk\u00fdch Evertonians\",\"datePublished\":\"2014-07-20T18:09:51+00:00\",\"dateModified\":\"2020-05-14T10:24:52+00:00\",\"mainEntityOfPage\":{\"@id\":\"https:\/\/evertonfc.cz\/index.php\/2014\/07\/20\/6-sraz-ceskoslovenskych-evertonians\/\"},\"wordCount\":368,\"commentCount\":0,\"publisher\":{\"@id\":\"https:\/\/evertonfc.cz\/#organization\"},\"image\":{\"@id\":\"https:\/\/evertonfc.cz\/index.php\/2014\/07\/20\/6-sraz-ceskoslovenskych-evertonians\/#primaryimage\"},\"thumbnailUrl\":\"https:\/\/evertonfc.cz\/wp-content\/uploads\/2019\/01\/blog.jpg\",\"articleSection\":[\"Supporters' Club\"],\"inLanguage\":\"cs\",\"potentialAction\":[{\"@type\":\"CommentAction\",\"name\":\"Comment\",\"target\":[\"https:\/\/evertonfc.cz\/index.php\/2014\/07\/20\/6-sraz-ceskoslovenskych-evertonians\/#respond\"]}]},{\"@type\":\"WebPage\",\"@id\":\"https:\/\/evertonfc.cz\/index.php\/2014\/07\/20\/6-sraz-ceskoslovenskych-evertonians\/\",\"url\":\"https:\/\/evertonfc.cz\/index.php\/2014\/07\/20\/6-sraz-ceskoslovenskych-evertonians\/\",\"name\":\"6. sraz \u010deskoslovensk\u00fdch Evertonians - Official Czech &amp; Slovak Everton Supporters&#039; Club\",\"isPartOf\":{\"@id\":\"https:\/\/evertonfc.cz\/#website\"},\"primaryImageOfPage\":{\"@id\":\"https:\/\/evertonfc.cz\/index.php\/2014\/07\/20\/6-sraz-ceskoslovenskych-evertonians\/#primaryimage\"},\"image\":{\"@id\":\"https:\/\/evertonfc.cz\/index.php\/2014\/07\/20\/6-sraz-ceskoslovenskych-evertonians\/#primaryimage\"},\"thumbnailUrl\":\"https:\/\/evertonfc.cz\/wp-content\/uploads\/2019\/01\/blog.jpg\",\"datePublished\":\"2014-07-20T18:09:51+00:00\",\"dateModified\":\"2020-05-14T10:24:52+00:00\",\"breadcrumb\":{\"@id\":\"https:\/\/evertonfc.cz\/index.php\/2014\/07\/20\/6-sraz-ceskoslovenskych-evertonians\/#breadcrumb\"},\"inLanguage\":\"cs\",\"potentialAction\":[{\"@type\":\"ReadAction\",\"target\":[\"https:\/\/evertonfc.cz\/index.php\/2014\/07\/20\/6-sraz-ceskoslovenskych-evertonians\/\"]}]},{\"@type\":\"ImageObject\",\"inLanguage\":\"cs\",\"@id\":\"https:\/\/evertonfc.cz\/index.php\/2014\/07\/20\/6-sraz-ceskoslovenskych-evertonians\/#primaryimage\",\"url\":\"https:\/\/evertonfc.cz\/wp-content\/uploads\/2019\/01\/blog.jpg\",\"contentUrl\":\"https:\/\/evertonfc.cz\/wp-content\/uploads\/2019\/01\/blog.jpg\",\"width\":720,\"height\":405},{\"@type\":\"BreadcrumbList\",\"@id\":\"https:\/\/evertonfc.cz\/index.php\/2014\/07\/20\/6-sraz-ceskoslovenskych-evertonians\/#breadcrumb\",\"itemListElement\":[{\"@type\":\"ListItem\",\"position\":1,\"name\":\"Home\",\"item\":\"https:\/\/evertonfc.cz\/\"},{\"@type\":\"ListItem\",\"position\":2,\"name\":\"6. sraz \u010deskoslovensk\u00fdch Evertonians\"}]},{\"@type\":\"WebSite\",\"@id\":\"https:\/\/evertonfc.cz\/#website\",\"url\":\"https:\/\/evertonfc.cz\/\",\"name\":\"Official Czech &amp; Slovak Everton Supporters&#039; Club\",\"description\":\"\",\"publisher\":{\"@id\":\"https:\/\/evertonfc.cz\/#organization\"},\"potentialAction\":[{\"@type\":\"SearchAction\",\"target\":{\"@type\":\"EntryPoint\",\"urlTemplate\":\"https:\/\/evertonfc.cz\/?s={search_term_string}\"},\"query-input\":{\"@type\":\"PropertyValueSpecification\",\"valueRequired\":true,\"valueName\":\"search_term_string\"}}],\"inLanguage\":\"cs\"},{\"@type\":\"Organization\",\"@id\":\"https:\/\/evertonfc.cz\/#organization\",\"name\":\"Official Czech & Slovak Everton Supporters' Club\",\"url\":\"https:\/\/evertonfc.cz\/\",\"logo\":{\"@type\":\"ImageObject\",\"inLanguage\":\"cs\",\"@id\":\"https:\/\/evertonfc.cz\/#\/schema\/logo\/image\/\",\"url\":\"https:\/\/evertonfc.cz\/wp-content\/uploads\/2019\/05\/logo.png\",\"contentUrl\":\"https:\/\/evertonfc.cz\/wp-content\/uploads\/2019\/05\/logo.png\",\"width\":112,\"height\":112,\"caption\":\"Official Czech & Slovak Everton Supporters' Club\"},\"image\":{\"@id\":\"https:\/\/evertonfc.cz\/#\/schema\/logo\/image\/\"},\"sameAs\":[\"https:\/\/www.facebook.com\/everton.fans.cz.sk\"]},{\"@type\":\"Person\",\"@id\":\"https:\/\/evertonfc.cz\/#\/schema\/person\/f7a5daedb2ffee98480bc70e191aaef1\",\"name\":\"Ri\u010di\",\"sameAs\":[\"https:\/\/x.com\/rbrejsa\"],\"url\":\"https:\/\/evertonfc.cz\/index.php\/author\/rici\/\"}]}<\/script>\n<!-- \/ Yoast SEO plugin. -->","yoast_head_json":{"title":"6. sraz \u010deskoslovensk\u00fdch Evertonians - Official Czech &amp; Slovak Everton Supporters&#039; Club","robots":{"index":"index","follow":"follow","max-snippet":"max-snippet:-1","max-image-preview":"max-image-preview:large","max-video-preview":"max-video-preview:-1"},"canonical":"https:\/\/evertonfc.cz\/index.php\/2014\/07\/20\/6-sraz-ceskoslovenskych-evertonians\/","og_locale":"cs_CZ","og_type":"article","og_title":"6. sraz \u010deskoslovensk\u00fdch Evertonians - Official Czech &amp; Slovak Everton Supporters&#039; Club","og_description":"Ani letos jsme nevynechali tradi\u010dn\u00ed letn\u00ed sraz \u010deskoslovensk\u00fdch fanou\u0161k\u016f Evertonu, o v\u00edkendu 18. a\u017e 20. \u010dervence jsme se se\u0161li v&hellip;","og_url":"https:\/\/evertonfc.cz\/index.php\/2014\/07\/20\/6-sraz-ceskoslovenskych-evertonians\/","og_site_name":"Official Czech &amp; Slovak Everton Supporters&#039; Club","article_publisher":"https:\/\/www.facebook.com\/everton.fans.cz.sk","article_published_time":"2014-07-20T18:09:51+00:00","article_modified_time":"2020-05-14T10:24:52+00:00","og_image":[{"width":720,"height":405,"url":"https:\/\/evertonfc.cz\/wp-content\/uploads\/2019\/01\/blog.jpg","type":"image\/jpeg"}],"author":"Ri\u010di","twitter_card":"summary_large_image","twitter_creator":"@rbrejsa","twitter_misc":{"Napsal(a)":"Ri\u010di","Odhadovan\u00e1 doba \u010dten\u00ed":"2 minuty"},"schema":{"@context":"https:\/\/schema.org","@graph":[{"@type":"Article","@id":"https:\/\/evertonfc.cz\/index.php\/2014\/07\/20\/6-sraz-ceskoslovenskych-evertonians\/#article","isPartOf":{"@id":"https:\/\/evertonfc.cz\/index.php\/2014\/07\/20\/6-sraz-ceskoslovenskych-evertonians\/"},"author":{"name":"Ri\u010di","@id":"https:\/\/evertonfc.cz\/#\/schema\/person\/f7a5daedb2ffee98480bc70e191aaef1"},"headline":"6. sraz \u010deskoslovensk\u00fdch Evertonians","datePublished":"2014-07-20T18:09:51+00:00","dateModified":"2020-05-14T10:24:52+00:00","mainEntityOfPage":{"@id":"https:\/\/evertonfc.cz\/index.php\/2014\/07\/20\/6-sraz-ceskoslovenskych-evertonians\/"},"wordCount":368,"commentCount":0,"publisher":{"@id":"https:\/\/evertonfc.cz\/#organization"},"image":{"@id":"https:\/\/evertonfc.cz\/index.php\/2014\/07\/20\/6-sraz-ceskoslovenskych-evertonians\/#primaryimage"},"thumbnailUrl":"https:\/\/evertonfc.cz\/wp-content\/uploads\/2019\/01\/blog.jpg","articleSection":["Supporters' Club"],"inLanguage":"cs","potentialAction":[{"@type":"CommentAction","name":"Comment","target":["https:\/\/evertonfc.cz\/index.php\/2014\/07\/20\/6-sraz-ceskoslovenskych-evertonians\/#respond"]}]},{"@type":"WebPage","@id":"https:\/\/evertonfc.cz\/index.php\/2014\/07\/20\/6-sraz-ceskoslovenskych-evertonians\/","url":"https:\/\/evertonfc.cz\/index.php\/2014\/07\/20\/6-sraz-ceskoslovenskych-evertonians\/","name":"6. sraz \u010deskoslovensk\u00fdch Evertonians - Official Czech &amp; Slovak Everton Supporters&#039; Club","isPartOf":{"@id":"https:\/\/evertonfc.cz\/#website"},"primaryImageOfPage":{"@id":"https:\/\/evertonfc.cz\/index.php\/2014\/07\/20\/6-sraz-ceskoslovenskych-evertonians\/#primaryimage"},"image":{"@id":"https:\/\/evertonfc.cz\/index.php\/2014\/07\/20\/6-sraz-ceskoslovenskych-evertonians\/#primaryimage"},"thumbnailUrl":"https:\/\/evertonfc.cz\/wp-content\/uploads\/2019\/01\/blog.jpg","datePublished":"2014-07-20T18:09:51+00:00","dateModified":"2020-05-14T10:24:52+00:00","breadcrumb":{"@id":"https:\/\/evertonfc.cz\/index.php\/2014\/07\/20\/6-sraz-ceskoslovenskych-evertonians\/#breadcrumb"},"inLanguage":"cs","potentialAction":[{"@type":"ReadAction","target":["https:\/\/evertonfc.cz\/index.php\/2014\/07\/20\/6-sraz-ceskoslovenskych-evertonians\/"]}]},{"@type":"ImageObject","inLanguage":"cs","@id":"https:\/\/evertonfc.cz\/index.php\/2014\/07\/20\/6-sraz-ceskoslovenskych-evertonians\/#primaryimage","url":"https:\/\/evertonfc.cz\/wp-content\/uploads\/2019\/01\/blog.jpg","contentUrl":"https:\/\/evertonfc.cz\/wp-content\/uploads\/2019\/01\/blog.jpg","width":720,"height":405},{"@type":"BreadcrumbList","@id":"https:\/\/evertonfc.cz\/index.php\/2014\/07\/20\/6-sraz-ceskoslovenskych-evertonians\/#breadcrumb","itemListElement":[{"@type":"ListItem","position":1,"name":"Home","item":"https:\/\/evertonfc.cz\/"},{"@type":"ListItem","position":2,"name":"6. sraz \u010deskoslovensk\u00fdch Evertonians"}]},{"@type":"WebSite","@id":"https:\/\/evertonfc.cz\/#website","url":"https:\/\/evertonfc.cz\/","name":"Official Czech &amp; Slovak Everton Supporters&#039; Club","description":"","publisher":{"@id":"https:\/\/evertonfc.cz\/#organization"},"potentialAction":[{"@type":"SearchAction","target":{"@type":"EntryPoint","urlTemplate":"https:\/\/evertonfc.cz\/?s={search_term_string}"},"query-input":{"@type":"PropertyValueSpecification","valueRequired":true,"valueName":"search_term_string"}}],"inLanguage":"cs"},{"@type":"Organization","@id":"https:\/\/evertonfc.cz\/#organization","name":"Official Czech & Slovak Everton Supporters' Club","url":"https:\/\/evertonfc.cz\/","logo":{"@type":"ImageObject","inLanguage":"cs","@id":"https:\/\/evertonfc.cz\/#\/schema\/logo\/image\/","url":"https:\/\/evertonfc.cz\/wp-content\/uploads\/2019\/05\/logo.png","contentUrl":"https:\/\/evertonfc.cz\/wp-content\/uploads\/2019\/05\/logo.png","width":112,"height":112,"caption":"Official Czech & Slovak Everton Supporters' Club"},"image":{"@id":"https:\/\/evertonfc.cz\/#\/schema\/logo\/image\/"},"sameAs":["https:\/\/www.facebook.com\/everton.fans.cz.sk"]},{"@type":"Person","@id":"https:\/\/evertonfc.cz\/#\/schema\/person\/f7a5daedb2ffee98480bc70e191aaef1","name":"Ri\u010di","sameAs":["https:\/\/x.com\/rbrejsa"],"url":"https:\/\/evertonfc.cz\/index.php\/author\/rici\/"}]}},"_links":{"self":[{"href":"https:\/\/evertonfc.cz\/index.php\/wp-json\/wp\/v2\/posts\/4697"}],"collection":[{"href":"https:\/\/evertonfc.cz\/index.php\/wp-json\/wp\/v2\/posts"}],"about":[{"href":"https:\/\/evertonfc.cz\/index.php\/wp-json\/wp\/v2\/types\/post"}],"author":[{"embeddable":true,"href":"https:\/\/evertonfc.cz\/index.php\/wp-json\/wp\/v2\/users\/6"}],"replies":[{"embeddable":true,"href":"https:\/\/evertonfc.cz\/index.php\/wp-json\/wp\/v2\/comments?post=4697"}],"version-history":[{"count":3,"href":"https:\/\/evertonfc.cz\/index.php\/wp-json\/wp\/v2\/posts\/4697\/revisions"}],"predecessor-version":[{"id":7039,"href":"https:\/\/evertonfc.cz\/index.php\/wp-json\/wp\/v2\/posts\/4697\/revisions\/7039"}],"wp:featuredmedia":[{"embeddable":true,"href":"https:\/\/evertonfc.cz\/index.php\/wp-json\/wp\/v2\/media\/1310"}],"wp:attachment":[{"href":"https:\/\/evertonfc.cz\/index.php\/wp-json\/wp\/v2\/media?parent=4697"}],"wp:term":[{"taxonomy":"category","embeddable":true,"href":"https:\/\/evertonfc.cz\/index.php\/wp-json\/wp\/v2\/categories?post=4697"},{"taxonomy":"post_tag","embeddable":true,"href":"https:\/\/evertonfc.cz\/index.php\/wp-json\/wp\/v2\/tags?post=4697"}],"curies":[{"name":"wp","href":"https:\/\/api.w.org\/{rel}","templated":true}]}}