{"id":4699,"date":"2014-07-14T20:11:10","date_gmt":"2014-07-14T18:11:10","guid":{"rendered":"http:\/\/evertonfc.cz\/?p=4699"},"modified":"2019-02-13T23:33:52","modified_gmt":"2019-02-13T22:33:52","slug":"royle-zpatky-v-evertonu","status":"publish","type":"post","link":"https:\/\/evertonfc.cz\/index.php\/2014\/07\/14\/royle-zpatky-v-evertonu\/","title":{"rendered":"Royle zp\u00e1tky v Evertonu"},"content":{"rendered":"<h4 id=\"NewsPostDetailSummary\">Joe Royle se vrac\u00ed do zn\u00e1m\u00e9ho prost\u0159ed\u00ed, jenom p\u00e1r t\u00fddn\u016f pot\u00e9, co p\u0159ijal funkci konzultanta v Norwichi City, bude u Toffees dohl\u00ed\u017eet nad rozvojem mlad\u00fdch hr\u00e1\u010d\u016f.<\/h4>\n<div id=\"NewsPostDetailContent\">\n<p>Legenda a b\u00fdval\u00fd mana\u017eer Goodison Parku <a href=\"http:\/\/www.evertonfc.cz\/news\/1218\/15\/Joe-Royle-v-Martinezove-hledacku\" target=\"_blank\" rel=\"noopener\">diskutoval s Robertem Mart\u00ednezem o mo\u017en\u00e9m n\u00e1vratu<\/a> do zn\u00e1m\u00e9ho prost\u0159ed\u00ed u\u017e na konci lo\u0148sk\u00e9 sez\u00f3ny, p\u0159esto ale n\u00e1sledn\u011b vysly\u0161el nab\u00eddku Neila Adamse a roz\u0161\u00ed\u0159il jeho person\u00e1ln\u00ed t\u00fdm na Carrow Road.<\/p>\n<p>Nicm\u00e9n\u011b nakonec p\u011bta\u0161edes\u00e1tilet\u00fd Royle zm\u011bnil n\u00e1zor a p\u0159eci jenom k\u00fdvnul na nab\u00eddku Blues, kter\u00e9 reprezentoval coby hr\u00e1\u010d v 60. a 70. letech, ne\u017e vym\u011bnil fotbalov\u00fd dres za mana\u017eersk\u00fd oblek a kravatu. Everton vedl od roku 1994, tehdy nahradil Howarda Kendalla, a b\u011bhem t\u0159\u00edlet\u00e9ho anga\u017em\u00e1 dok\u00e1zal ovl\u00e1dnout FA Cup. Dob\u0159e zn\u00e1mou trofej z roku 1995, pochopiteln\u011b zat\u00edm posledn\u00ed z\u00edskanou v klubov\u00e9 historii.<\/p>\n<p>Podle Mart\u00edneze se jedn\u00e1 o prvn\u00ed z\u00e1sadn\u00ed zm\u011bnu ve struktu\u0159e rozvoje hr\u00e1\u010d\u016f. B\u00fdval\u00fd mana\u017eer Oldhamu Athletic, Manchesteru City a Ipswiche Town bude dohl\u00ed\u017eet na progres mlad\u00fdch hr\u00e1\u010d\u016f a jejich p\u0159echod z akademie a v\u00fdb\u011bru U21 do seniorsk\u00e9 kategorie. D\u00e1le bude pom\u00e1hat p\u0159i skautingu a v\u00fdb\u011bru nov\u00fdch potenci\u00e1ln\u00edch nad\u011bj\u00ed. <em>\u201eRozvoj mlad\u00fdch hr\u00e1\u010d\u016f je pro n\u00e1s velmi d\u016fle\u017eit\u00fd, Joe bude hr\u00e1t podstatnou roli p\u0159i pln\u011bn\u00ed t\u00e9to na\u0161\u00ed vize,\u201c\u00a0<\/em>neskr\u00fdval radost p\u0159edseda Bill Kenwright.<\/p>\n<p>Sv\u00e9 rozhodnut\u00ed zd\u016fvodnil rovn\u011b\u017e Joe Royle: <em>\u201eJe \u00fa\u017easn\u00e9 vr\u00e1tit se zp\u011bt. Ka\u017ed\u00fd v\u00ed, jak mnoho pro m\u011b Everton znamen\u00e1 \u2013 v m\u00e9 krvi koluje p\u0159es pades\u00e1t let.<\/em><\/p>\n<p><em>Oce\u0148uji Robert\u016fv p\u0159\u00ednos b\u011bhem prvn\u00ed roku, t\u011b\u0161\u00edm se mu b\u00fdt n\u00e1pomocn\u00fd.<\/em><\/p>\n<p><em>Debutoval jsem za Everton v \u0161estn\u00e1cti letech, proto rozum\u00edm, \u010d\u00edm\u017e v\u0161\u00edm si mlad\u00fd fotbalista mus\u00ed proj\u00edt. R\u00e1d se pod\u011bl\u00edm o zku\u0161enosti s hr\u00e1\u010di, ji\u017e hraj\u00ed u n\u00e1s v klubu.<\/em><\/p>\n<p><em>Byl jsem spokojen\u00fd s pozic\u00ed v Norwichi, v\u0161echny p\u0159\u00edpadn\u00e9 z\u00e1jemce bych odm\u00edtl, jenom u Evertonu je situace jin\u00e1. C\u00edt\u00edm se stejn\u011b, jako kdybych se vr\u00e1til dom\u016f. Chci pod\u011bkovat Norwichi za ochotu a pochopen\u00ed cel\u00e9 situace, p\u0159eji Neilu Adamsovi a v\u0161em na Carrow Road povedenou sez\u00f3nu.\u201c<\/em><\/p>\n<hr \/>\n<p>Mezit\u00edm se prvn\u00ed mu\u017estvo vydalo na p\u011btidenn\u00ed kondi\u010dn\u00ed soust\u0159ed\u011bn\u00ed do Rakouska, v pond\u011bl\u00ed ve\u010der p\u0159ist\u00e1lo ve V\u00eddni a n\u00e1sledn\u011b se p\u0159esunulo 70 kilometr\u016f ji\u017en\u011bji do Bad Erlachu.<\/p>\n<p>Na palub\u011b chyb\u011bli \u00fa\u010dastn\u00edci Mistrovstv\u00ed sv\u011bta (Howard, Jagielka, Baines, Barkley a Mirallas), u\u017e\u00edvaj\u00edc\u00ed si dovolenou. Naopak krom\u011b ostatn\u00edch \u010dlen\u016f A-t\u00fdmu cestovali mlad\u00edci Conor McAleny, Matthew Kennedy, Jind\u0159ich Stan\u011bk, Tyias Browning, Chris Long, John Lundstram a Luke Garbutt. Do p\u0159\u00edpravy nasko\u010dil i Bryan Oviedo, po dvojit\u00e9 zlomenin\u011b holenn\u00ed kosti z ledna vyhl\u00ed\u017e\u00ed pln\u00e9 z\u00e1pasov\u00e9 vyt\u00ed\u017een\u00ed, nyn\u00ed se odhaduje na konec z\u00e1\u0159\u00ed.<\/p>\n<\/div>\n","protected":false},"excerpt":{"rendered":"<p>Joe Royle se vrac\u00ed do zn\u00e1m\u00e9ho prost\u0159ed\u00ed, jenom p\u00e1r t\u00fddn\u016f pot\u00e9, co p\u0159ijal funkci konzultanta v Norwichi City, bude u&hellip;<\/p>\n","protected":false},"author":6,"featured_media":1313,"comment_status":"open","ping_status":"closed","sticky":false,"template":"","format":"standard","meta":{"_eb_attr":"","_monsterinsights_skip_tracking":false,"_monsterinsights_sitenote_active":false,"_monsterinsights_sitenote_note":"","_monsterinsights_sitenote_category":0,"footnotes":""},"categories":[42],"tags":[],"yoast_head":"<!-- This site is optimized with the Yoast SEO plugin v23.4 - https:\/\/yoast.com\/wordpress\/plugins\/seo\/ -->\n<title>Royle zp\u00e1tky v Evertonu - Official Czech &amp; Slovak Everton Supporters&#039; Club<\/title>\n<meta name=\"robots\" content=\"index, follow, max-snippet:-1, max-image-preview:large, max-video-preview:-1\" \/>\n<link rel=\"canonical\" href=\"https:\/\/evertonfc.cz\/index.php\/2014\/07\/14\/royle-zpatky-v-evertonu\/\" \/>\n<meta property=\"og:locale\" content=\"cs_CZ\" \/>\n<meta property=\"og:type\" content=\"article\" \/>\n<meta property=\"og:title\" content=\"Royle zp\u00e1tky v Evertonu - Official Czech &amp; Slovak Everton Supporters&#039; Club\" \/>\n<meta property=\"og:description\" content=\"Joe Royle se vrac\u00ed do zn\u00e1m\u00e9ho prost\u0159ed\u00ed, jenom p\u00e1r t\u00fddn\u016f pot\u00e9, co p\u0159ijal funkci konzultanta v Norwichi City, bude u&hellip;\" \/>\n<meta property=\"og:url\" content=\"https:\/\/evertonfc.cz\/index.php\/2014\/07\/14\/royle-zpatky-v-evertonu\/\" \/>\n<meta property=\"og:site_name\" content=\"Official Czech &amp; Slovak Everton Supporters&#039; Club\" \/>\n<meta property=\"article:publisher\" content=\"https:\/\/www.facebook.com\/everton.fans.cz.sk\" \/>\n<meta property=\"article:published_time\" content=\"2014-07-14T18:11:10+00:00\" \/>\n<meta property=\"article:modified_time\" content=\"2019-02-13T22:33:52+00:00\" \/>\n<meta property=\"og:image\" content=\"https:\/\/evertonfc.cz\/wp-content\/uploads\/2019\/01\/news.jpg\" \/>\n\t<meta property=\"og:image:width\" content=\"720\" \/>\n\t<meta property=\"og:image:height\" content=\"405\" \/>\n\t<meta property=\"og:image:type\" content=\"image\/jpeg\" \/>\n<meta name=\"author\" content=\"Ri\u010di\" \/>\n<meta name=\"twitter:card\" content=\"summary_large_image\" \/>\n<meta name=\"twitter:creator\" content=\"@rbrejsa\" \/>\n<meta name=\"twitter:label1\" content=\"Napsal(a)\" \/>\n\t<meta name=\"twitter:data1\" content=\"Ri\u010di\" \/>\n\t<meta name=\"twitter:label2\" content=\"Odhadovan\u00e1 doba \u010dten\u00ed\" \/>\n\t<meta name=\"twitter:data2\" content=\"3 minuty\" \/>\n<script type=\"application\/ld+json\" class=\"yoast-schema-graph\">{\"@context\":\"https:\/\/schema.org\",\"@graph\":[{\"@type\":\"Article\",\"@id\":\"https:\/\/evertonfc.cz\/index.php\/2014\/07\/14\/royle-zpatky-v-evertonu\/#article\",\"isPartOf\":{\"@id\":\"https:\/\/evertonfc.cz\/index.php\/2014\/07\/14\/royle-zpatky-v-evertonu\/\"},\"author\":{\"name\":\"Ri\u010di\",\"@id\":\"https:\/\/evertonfc.cz\/#\/schema\/person\/f7a5daedb2ffee98480bc70e191aaef1\"},\"headline\":\"Royle zp\u00e1tky v Evertonu\",\"datePublished\":\"2014-07-14T18:11:10+00:00\",\"dateModified\":\"2019-02-13T22:33:52+00:00\",\"mainEntityOfPage\":{\"@id\":\"https:\/\/evertonfc.cz\/index.php\/2014\/07\/14\/royle-zpatky-v-evertonu\/\"},\"wordCount\":532,\"commentCount\":0,\"publisher\":{\"@id\":\"https:\/\/evertonfc.cz\/#organization\"},\"image\":{\"@id\":\"https:\/\/evertonfc.cz\/index.php\/2014\/07\/14\/royle-zpatky-v-evertonu\/#primaryimage\"},\"thumbnailUrl\":\"https:\/\/evertonfc.cz\/wp-content\/uploads\/2019\/01\/news.jpg\",\"articleSection\":[\"Aktuality\"],\"inLanguage\":\"cs\",\"potentialAction\":[{\"@type\":\"CommentAction\",\"name\":\"Comment\",\"target\":[\"https:\/\/evertonfc.cz\/index.php\/2014\/07\/14\/royle-zpatky-v-evertonu\/#respond\"]}]},{\"@type\":\"WebPage\",\"@id\":\"https:\/\/evertonfc.cz\/index.php\/2014\/07\/14\/royle-zpatky-v-evertonu\/\",\"url\":\"https:\/\/evertonfc.cz\/index.php\/2014\/07\/14\/royle-zpatky-v-evertonu\/\",\"name\":\"Royle zp\u00e1tky v Evertonu - Official Czech &amp; Slovak Everton Supporters&#039; Club\",\"isPartOf\":{\"@id\":\"https:\/\/evertonfc.cz\/#website\"},\"primaryImageOfPage\":{\"@id\":\"https:\/\/evertonfc.cz\/index.php\/2014\/07\/14\/royle-zpatky-v-evertonu\/#primaryimage\"},\"image\":{\"@id\":\"https:\/\/evertonfc.cz\/index.php\/2014\/07\/14\/royle-zpatky-v-evertonu\/#primaryimage\"},\"thumbnailUrl\":\"https:\/\/evertonfc.cz\/wp-content\/uploads\/2019\/01\/news.jpg\",\"datePublished\":\"2014-07-14T18:11:10+00:00\",\"dateModified\":\"2019-02-13T22:33:52+00:00\",\"breadcrumb\":{\"@id\":\"https:\/\/evertonfc.cz\/index.php\/2014\/07\/14\/royle-zpatky-v-evertonu\/#breadcrumb\"},\"inLanguage\":\"cs\",\"potentialAction\":[{\"@type\":\"ReadAction\",\"target\":[\"https:\/\/evertonfc.cz\/index.php\/2014\/07\/14\/royle-zpatky-v-evertonu\/\"]}]},{\"@type\":\"ImageObject\",\"inLanguage\":\"cs\",\"@id\":\"https:\/\/evertonfc.cz\/index.php\/2014\/07\/14\/royle-zpatky-v-evertonu\/#primaryimage\",\"url\":\"https:\/\/evertonfc.cz\/wp-content\/uploads\/2019\/01\/news.jpg\",\"contentUrl\":\"https:\/\/evertonfc.cz\/wp-content\/uploads\/2019\/01\/news.jpg\",\"width\":720,\"height\":405},{\"@type\":\"BreadcrumbList\",\"@id\":\"https:\/\/evertonfc.cz\/index.php\/2014\/07\/14\/royle-zpatky-v-evertonu\/#breadcrumb\",\"itemListElement\":[{\"@type\":\"ListItem\",\"position\":1,\"name\":\"Home\",\"item\":\"https:\/\/evertonfc.cz\/\"},{\"@type\":\"ListItem\",\"position\":2,\"name\":\"Royle zp\u00e1tky v Evertonu\"}]},{\"@type\":\"WebSite\",\"@id\":\"https:\/\/evertonfc.cz\/#website\",\"url\":\"https:\/\/evertonfc.cz\/\",\"name\":\"Official Czech &amp; Slovak Everton Supporters&#039; Club\",\"description\":\"\",\"publisher\":{\"@id\":\"https:\/\/evertonfc.cz\/#organization\"},\"potentialAction\":[{\"@type\":\"SearchAction\",\"target\":{\"@type\":\"EntryPoint\",\"urlTemplate\":\"https:\/\/evertonfc.cz\/?s={search_term_string}\"},\"query-input\":{\"@type\":\"PropertyValueSpecification\",\"valueRequired\":true,\"valueName\":\"search_term_string\"}}],\"inLanguage\":\"cs\"},{\"@type\":\"Organization\",\"@id\":\"https:\/\/evertonfc.cz\/#organization\",\"name\":\"Official Czech & Slovak Everton Supporters' Club\",\"url\":\"https:\/\/evertonfc.cz\/\",\"logo\":{\"@type\":\"ImageObject\",\"inLanguage\":\"cs\",\"@id\":\"https:\/\/evertonfc.cz\/#\/schema\/logo\/image\/\",\"url\":\"https:\/\/evertonfc.cz\/wp-content\/uploads\/2019\/05\/logo.png\",\"contentUrl\":\"https:\/\/evertonfc.cz\/wp-content\/uploads\/2019\/05\/logo.png\",\"width\":112,\"height\":112,\"caption\":\"Official Czech & Slovak Everton Supporters' Club\"},\"image\":{\"@id\":\"https:\/\/evertonfc.cz\/#\/schema\/logo\/image\/\"},\"sameAs\":[\"https:\/\/www.facebook.com\/everton.fans.cz.sk\"]},{\"@type\":\"Person\",\"@id\":\"https:\/\/evertonfc.cz\/#\/schema\/person\/f7a5daedb2ffee98480bc70e191aaef1\",\"name\":\"Ri\u010di\",\"sameAs\":[\"https:\/\/x.com\/rbrejsa\"],\"url\":\"https:\/\/evertonfc.cz\/index.php\/author\/rici\/\"}]}<\/script>\n<!-- \/ Yoast SEO plugin. -->","yoast_head_json":{"title":"Royle zp\u00e1tky v Evertonu - Official Czech &amp; Slovak Everton Supporters&#039; Club","robots":{"index":"index","follow":"follow","max-snippet":"max-snippet:-1","max-image-preview":"max-image-preview:large","max-video-preview":"max-video-preview:-1"},"canonical":"https:\/\/evertonfc.cz\/index.php\/2014\/07\/14\/royle-zpatky-v-evertonu\/","og_locale":"cs_CZ","og_type":"article","og_title":"Royle zp\u00e1tky v Evertonu - Official Czech &amp; Slovak Everton Supporters&#039; Club","og_description":"Joe Royle se vrac\u00ed do zn\u00e1m\u00e9ho prost\u0159ed\u00ed, jenom p\u00e1r t\u00fddn\u016f pot\u00e9, co p\u0159ijal funkci konzultanta v Norwichi City, bude u&hellip;","og_url":"https:\/\/evertonfc.cz\/index.php\/2014\/07\/14\/royle-zpatky-v-evertonu\/","og_site_name":"Official Czech &amp; Slovak Everton Supporters&#039; Club","article_publisher":"https:\/\/www.facebook.com\/everton.fans.cz.sk","article_published_time":"2014-07-14T18:11:10+00:00","article_modified_time":"2019-02-13T22:33:52+00:00","og_image":[{"width":720,"height":405,"url":"https:\/\/evertonfc.cz\/wp-content\/uploads\/2019\/01\/news.jpg","type":"image\/jpeg"}],"author":"Ri\u010di","twitter_card":"summary_large_image","twitter_creator":"@rbrejsa","twitter_misc":{"Napsal(a)":"Ri\u010di","Odhadovan\u00e1 doba \u010dten\u00ed":"3 minuty"},"schema":{"@context":"https:\/\/schema.org","@graph":[{"@type":"Article","@id":"https:\/\/evertonfc.cz\/index.php\/2014\/07\/14\/royle-zpatky-v-evertonu\/#article","isPartOf":{"@id":"https:\/\/evertonfc.cz\/index.php\/2014\/07\/14\/royle-zpatky-v-evertonu\/"},"author":{"name":"Ri\u010di","@id":"https:\/\/evertonfc.cz\/#\/schema\/person\/f7a5daedb2ffee98480bc70e191aaef1"},"headline":"Royle zp\u00e1tky v Evertonu","datePublished":"2014-07-14T18:11:10+00:00","dateModified":"2019-02-13T22:33:52+00:00","mainEntityOfPage":{"@id":"https:\/\/evertonfc.cz\/index.php\/2014\/07\/14\/royle-zpatky-v-evertonu\/"},"wordCount":532,"commentCount":0,"publisher":{"@id":"https:\/\/evertonfc.cz\/#organization"},"image":{"@id":"https:\/\/evertonfc.cz\/index.php\/2014\/07\/14\/royle-zpatky-v-evertonu\/#primaryimage"},"thumbnailUrl":"https:\/\/evertonfc.cz\/wp-content\/uploads\/2019\/01\/news.jpg","articleSection":["Aktuality"],"inLanguage":"cs","potentialAction":[{"@type":"CommentAction","name":"Comment","target":["https:\/\/evertonfc.cz\/index.php\/2014\/07\/14\/royle-zpatky-v-evertonu\/#respond"]}]},{"@type":"WebPage","@id":"https:\/\/evertonfc.cz\/index.php\/2014\/07\/14\/royle-zpatky-v-evertonu\/","url":"https:\/\/evertonfc.cz\/index.php\/2014\/07\/14\/royle-zpatky-v-evertonu\/","name":"Royle zp\u00e1tky v Evertonu - Official Czech &amp; Slovak Everton Supporters&#039; Club","isPartOf":{"@id":"https:\/\/evertonfc.cz\/#website"},"primaryImageOfPage":{"@id":"https:\/\/evertonfc.cz\/index.php\/2014\/07\/14\/royle-zpatky-v-evertonu\/#primaryimage"},"image":{"@id":"https:\/\/evertonfc.cz\/index.php\/2014\/07\/14\/royle-zpatky-v-evertonu\/#primaryimage"},"thumbnailUrl":"https:\/\/evertonfc.cz\/wp-content\/uploads\/2019\/01\/news.jpg","datePublished":"2014-07-14T18:11:10+00:00","dateModified":"2019-02-13T22:33:52+00:00","breadcrumb":{"@id":"https:\/\/evertonfc.cz\/index.php\/2014\/07\/14\/royle-zpatky-v-evertonu\/#breadcrumb"},"inLanguage":"cs","potentialAction":[{"@type":"ReadAction","target":["https:\/\/evertonfc.cz\/index.php\/2014\/07\/14\/royle-zpatky-v-evertonu\/"]}]},{"@type":"ImageObject","inLanguage":"cs","@id":"https:\/\/evertonfc.cz\/index.php\/2014\/07\/14\/royle-zpatky-v-evertonu\/#primaryimage","url":"https:\/\/evertonfc.cz\/wp-content\/uploads\/2019\/01\/news.jpg","contentUrl":"https:\/\/evertonfc.cz\/wp-content\/uploads\/2019\/01\/news.jpg","width":720,"height":405},{"@type":"BreadcrumbList","@id":"https:\/\/evertonfc.cz\/index.php\/2014\/07\/14\/royle-zpatky-v-evertonu\/#breadcrumb","itemListElement":[{"@type":"ListItem","position":1,"name":"Home","item":"https:\/\/evertonfc.cz\/"},{"@type":"ListItem","position":2,"name":"Royle zp\u00e1tky v Evertonu"}]},{"@type":"WebSite","@id":"https:\/\/evertonfc.cz\/#website","url":"https:\/\/evertonfc.cz\/","name":"Official Czech &amp; Slovak Everton Supporters&#039; Club","description":"","publisher":{"@id":"https:\/\/evertonfc.cz\/#organization"},"potentialAction":[{"@type":"SearchAction","target":{"@type":"EntryPoint","urlTemplate":"https:\/\/evertonfc.cz\/?s={search_term_string}"},"query-input":{"@type":"PropertyValueSpecification","valueRequired":true,"valueName":"search_term_string"}}],"inLanguage":"cs"},{"@type":"Organization","@id":"https:\/\/evertonfc.cz\/#organization","name":"Official Czech & Slovak Everton Supporters' Club","url":"https:\/\/evertonfc.cz\/","logo":{"@type":"ImageObject","inLanguage":"cs","@id":"https:\/\/evertonfc.cz\/#\/schema\/logo\/image\/","url":"https:\/\/evertonfc.cz\/wp-content\/uploads\/2019\/05\/logo.png","contentUrl":"https:\/\/evertonfc.cz\/wp-content\/uploads\/2019\/05\/logo.png","width":112,"height":112,"caption":"Official Czech & Slovak Everton Supporters' Club"},"image":{"@id":"https:\/\/evertonfc.cz\/#\/schema\/logo\/image\/"},"sameAs":["https:\/\/www.facebook.com\/everton.fans.cz.sk"]},{"@type":"Person","@id":"https:\/\/evertonfc.cz\/#\/schema\/person\/f7a5daedb2ffee98480bc70e191aaef1","name":"Ri\u010di","sameAs":["https:\/\/x.com\/rbrejsa"],"url":"https:\/\/evertonfc.cz\/index.php\/author\/rici\/"}]}},"_links":{"self":[{"href":"https:\/\/evertonfc.cz\/index.php\/wp-json\/wp\/v2\/posts\/4699"}],"collection":[{"href":"https:\/\/evertonfc.cz\/index.php\/wp-json\/wp\/v2\/posts"}],"about":[{"href":"https:\/\/evertonfc.cz\/index.php\/wp-json\/wp\/v2\/types\/post"}],"author":[{"embeddable":true,"href":"https:\/\/evertonfc.cz\/index.php\/wp-json\/wp\/v2\/users\/6"}],"replies":[{"embeddable":true,"href":"https:\/\/evertonfc.cz\/index.php\/wp-json\/wp\/v2\/comments?post=4699"}],"version-history":[{"count":3,"href":"https:\/\/evertonfc.cz\/index.php\/wp-json\/wp\/v2\/posts\/4699\/revisions"}],"predecessor-version":[{"id":4959,"href":"https:\/\/evertonfc.cz\/index.php\/wp-json\/wp\/v2\/posts\/4699\/revisions\/4959"}],"wp:featuredmedia":[{"embeddable":true,"href":"https:\/\/evertonfc.cz\/index.php\/wp-json\/wp\/v2\/media\/1313"}],"wp:attachment":[{"href":"https:\/\/evertonfc.cz\/index.php\/wp-json\/wp\/v2\/media?parent=4699"}],"wp:term":[{"taxonomy":"category","embeddable":true,"href":"https:\/\/evertonfc.cz\/index.php\/wp-json\/wp\/v2\/categories?post=4699"},{"taxonomy":"post_tag","embeddable":true,"href":"https:\/\/evertonfc.cz\/index.php\/wp-json\/wp\/v2\/tags?post=4699"}],"curies":[{"name":"wp","href":"https:\/\/api.w.org\/{rel}","templated":true}]}}