{"id":4701,"date":"2014-07-09T20:16:08","date_gmt":"2014-07-09T18:16:08","guid":{"rendered":"http:\/\/evertonfc.cz\/?p=4701"},"modified":"2019-02-13T23:34:06","modified_gmt":"2019-02-13T22:34:06","slug":"everton-zkompletoval-zisk-barryho","status":"publish","type":"post","link":"https:\/\/evertonfc.cz\/index.php\/2014\/07\/09\/everton-zkompletoval-zisk-barryho\/","title":{"rendered":"Everton zkompletoval zisk Barryho"},"content":{"rendered":"<h4 id=\"NewsPostDetailSummary\">V\u00fdborn\u011b! Toffees s radost\u00ed ozn\u00e1mili prvn\u00ed leto\u0161n\u00ed posilu, na startu p\u0159\u00edpravy dot\u00e1hli p\u0159estup Garetha Barryho, kter\u00fd podepsal smlouvu na t\u0159i roky.<\/h4>\n<div id=\"NewsPostDetailContent\">\n<p>P\u0159esto\u017ee t\u0159iat\u0159icetilet\u00e9mu z\u00e1lo\u017en\u00edkovi skon\u010dila smlouva v Manchesteru City, Everton pravd\u011bpodobn\u011b zaplatil anglick\u00e9mu mistrovi \u010d\u00e1stku \u00a31m, jak st\u00e1lo v podm\u00ednk\u00e1ch Barryho hostov\u00e1n\u00ed z lo\u0148sk\u00e9 sez\u00f3ny.<\/p>\n<p>Gareth Barry se na Goodison Parku objevil v z\u00e1\u0159\u00ed minul\u00e9ho roku a okam\u017eit\u011b se za\u0159adil mezi kl\u00ed\u010dov\u00e9 mu\u017ee sestavy Roberta Mart\u00edneze. Celkov\u011b odehr\u00e1l za Blues 37 z\u00e1pas\u016f a spolu s Jamesem McCarthym vytvo\u0159il pevn\u00fd st\u0159ed z\u00e1lohy, kolem n\u011bho\u017e se odv\u00edjela cel\u00e1 hra t\u00fdmu. Jeliko\u017e byl poko\u0159en klubov\u00fd rekord v Premier League, net\u0159eba zvl\u00e1\u0161\u0165 p\u0159ipom\u00ednat p\u0159\u00ednos b\u00fdval\u00e9ho reprezentanta Albionu.<\/p>\n<p>Podpis kontraktu ukon\u010dil mnoh\u00e9 spekulace spojen\u00e9 s anga\u017em\u00e1 v Arsenalu, West Hamu \u010di v americk\u00e9 Major Soccer League. Barry tak z\u0159ejm\u011b odm\u00edtl lukrativn\u011bj\u0161\u00ed nab\u00eddky a stal se prvn\u00edm nov\u00fdm mu\u017eem v k\u00e1dru. Nav\u00edc podle Grega O\u00b4Keeffeho z Liverpool Echo se v n\u00e1sleduj\u00edc\u00edch 24 hodin\u00e1ch dot\u00e1hne p\u0159\u00edchod osmn\u00e1ctilet\u00e9ho defenzivn\u00edho st\u0159edopola\u0159e Brendana Gallowaye z MK Dons.<\/p>\n<p><em>\u201eMana\u017eer m\u011b hodn\u011b nau\u010dil, v Evertonu je skv\u011bl\u00fd soubor fotbalist\u016f s \u00fa\u017easn\u00fdmi fanou\u0161ky, v\u0161e do sebe ide\u00e1ln\u011b zapad\u00e1. Jsem r\u00e1d za podpis a t\u011b\u0161\u00edm se na n\u00e1sleduj\u00edc\u00ed roky v klubu. Kdy\u017e n\u011bkde hostujete, nec\u00edt\u00edte se ve stejn\u00e9 pozici jako dom\u00e1c\u00ed hr\u00e1\u010di. V lo\u0148sk\u00e9m roce jsem do mu\u017estva zapadl, nyn\u00ed u\u017e jsem ale ofici\u00e1ln\u011b hr\u00e1\u010dem Evertonu, co\u017e je opravdu dob\u0159e,\u201c\u00a0<\/em>prohl\u00e1sil Barry.<\/p>\n<\/div>\n","protected":false},"excerpt":{"rendered":"<p>V\u00fdborn\u011b! Toffees s radost\u00ed ozn\u00e1mili prvn\u00ed leto\u0161n\u00ed posilu, na startu p\u0159\u00edpravy dot\u00e1hli p\u0159estup Garetha Barryho, kter\u00fd podepsal smlouvu na t\u0159i&hellip;<\/p>\n","protected":false},"author":6,"featured_media":1316,"comment_status":"open","ping_status":"closed","sticky":false,"template":"","format":"standard","meta":{"_eb_attr":"","_monsterinsights_skip_tracking":false,"_monsterinsights_sitenote_active":false,"_monsterinsights_sitenote_note":"","_monsterinsights_sitenote_category":0,"footnotes":""},"categories":[41],"tags":[],"yoast_head":"<!-- This site is optimized with the Yoast SEO plugin v23.4 - https:\/\/yoast.com\/wordpress\/plugins\/seo\/ -->\n<title>Everton zkompletoval zisk Barryho - Official Czech &amp; Slovak Everton Supporters&#039; Club<\/title>\n<meta name=\"robots\" content=\"index, follow, max-snippet:-1, max-image-preview:large, max-video-preview:-1\" \/>\n<link rel=\"canonical\" href=\"https:\/\/evertonfc.cz\/index.php\/2014\/07\/09\/everton-zkompletoval-zisk-barryho\/\" \/>\n<meta property=\"og:locale\" content=\"cs_CZ\" \/>\n<meta property=\"og:type\" content=\"article\" \/>\n<meta property=\"og:title\" content=\"Everton zkompletoval zisk Barryho - Official Czech &amp; Slovak Everton Supporters&#039; Club\" \/>\n<meta property=\"og:description\" content=\"V\u00fdborn\u011b! Toffees s radost\u00ed ozn\u00e1mili prvn\u00ed leto\u0161n\u00ed posilu, na startu p\u0159\u00edpravy dot\u00e1hli p\u0159estup Garetha Barryho, kter\u00fd podepsal smlouvu na t\u0159i&hellip;\" \/>\n<meta property=\"og:url\" content=\"https:\/\/evertonfc.cz\/index.php\/2014\/07\/09\/everton-zkompletoval-zisk-barryho\/\" \/>\n<meta property=\"og:site_name\" content=\"Official Czech &amp; Slovak Everton Supporters&#039; Club\" \/>\n<meta property=\"article:publisher\" content=\"https:\/\/www.facebook.com\/everton.fans.cz.sk\" \/>\n<meta property=\"article:published_time\" content=\"2014-07-09T18:16:08+00:00\" \/>\n<meta property=\"article:modified_time\" content=\"2019-02-13T22:34:06+00:00\" \/>\n<meta property=\"og:image\" content=\"https:\/\/evertonfc.cz\/wp-content\/uploads\/2019\/01\/transfer.jpg\" \/>\n\t<meta property=\"og:image:width\" content=\"720\" \/>\n\t<meta property=\"og:image:height\" content=\"405\" \/>\n\t<meta property=\"og:image:type\" content=\"image\/jpeg\" \/>\n<meta name=\"author\" content=\"Ri\u010di\" \/>\n<meta name=\"twitter:card\" content=\"summary_large_image\" \/>\n<meta name=\"twitter:creator\" content=\"@rbrejsa\" \/>\n<meta name=\"twitter:label1\" content=\"Napsal(a)\" \/>\n\t<meta name=\"twitter:data1\" content=\"Ri\u010di\" \/>\n\t<meta name=\"twitter:label2\" content=\"Odhadovan\u00e1 doba \u010dten\u00ed\" \/>\n\t<meta name=\"twitter:data2\" content=\"2 minuty\" \/>\n<script type=\"application\/ld+json\" class=\"yoast-schema-graph\">{\"@context\":\"https:\/\/schema.org\",\"@graph\":[{\"@type\":\"Article\",\"@id\":\"https:\/\/evertonfc.cz\/index.php\/2014\/07\/09\/everton-zkompletoval-zisk-barryho\/#article\",\"isPartOf\":{\"@id\":\"https:\/\/evertonfc.cz\/index.php\/2014\/07\/09\/everton-zkompletoval-zisk-barryho\/\"},\"author\":{\"name\":\"Ri\u010di\",\"@id\":\"https:\/\/evertonfc.cz\/#\/schema\/person\/f7a5daedb2ffee98480bc70e191aaef1\"},\"headline\":\"Everton zkompletoval zisk Barryho\",\"datePublished\":\"2014-07-09T18:16:08+00:00\",\"dateModified\":\"2019-02-13T22:34:06+00:00\",\"mainEntityOfPage\":{\"@id\":\"https:\/\/evertonfc.cz\/index.php\/2014\/07\/09\/everton-zkompletoval-zisk-barryho\/\"},\"wordCount\":311,\"commentCount\":0,\"publisher\":{\"@id\":\"https:\/\/evertonfc.cz\/#organization\"},\"image\":{\"@id\":\"https:\/\/evertonfc.cz\/index.php\/2014\/07\/09\/everton-zkompletoval-zisk-barryho\/#primaryimage\"},\"thumbnailUrl\":\"https:\/\/evertonfc.cz\/wp-content\/uploads\/2019\/01\/transfer.jpg\",\"articleSection\":[\"P\u0159estupy\"],\"inLanguage\":\"cs\",\"potentialAction\":[{\"@type\":\"CommentAction\",\"name\":\"Comment\",\"target\":[\"https:\/\/evertonfc.cz\/index.php\/2014\/07\/09\/everton-zkompletoval-zisk-barryho\/#respond\"]}]},{\"@type\":\"WebPage\",\"@id\":\"https:\/\/evertonfc.cz\/index.php\/2014\/07\/09\/everton-zkompletoval-zisk-barryho\/\",\"url\":\"https:\/\/evertonfc.cz\/index.php\/2014\/07\/09\/everton-zkompletoval-zisk-barryho\/\",\"name\":\"Everton zkompletoval zisk Barryho - Official Czech &amp; Slovak Everton Supporters&#039; Club\",\"isPartOf\":{\"@id\":\"https:\/\/evertonfc.cz\/#website\"},\"primaryImageOfPage\":{\"@id\":\"https:\/\/evertonfc.cz\/index.php\/2014\/07\/09\/everton-zkompletoval-zisk-barryho\/#primaryimage\"},\"image\":{\"@id\":\"https:\/\/evertonfc.cz\/index.php\/2014\/07\/09\/everton-zkompletoval-zisk-barryho\/#primaryimage\"},\"thumbnailUrl\":\"https:\/\/evertonfc.cz\/wp-content\/uploads\/2019\/01\/transfer.jpg\",\"datePublished\":\"2014-07-09T18:16:08+00:00\",\"dateModified\":\"2019-02-13T22:34:06+00:00\",\"breadcrumb\":{\"@id\":\"https:\/\/evertonfc.cz\/index.php\/2014\/07\/09\/everton-zkompletoval-zisk-barryho\/#breadcrumb\"},\"inLanguage\":\"cs\",\"potentialAction\":[{\"@type\":\"ReadAction\",\"target\":[\"https:\/\/evertonfc.cz\/index.php\/2014\/07\/09\/everton-zkompletoval-zisk-barryho\/\"]}]},{\"@type\":\"ImageObject\",\"inLanguage\":\"cs\",\"@id\":\"https:\/\/evertonfc.cz\/index.php\/2014\/07\/09\/everton-zkompletoval-zisk-barryho\/#primaryimage\",\"url\":\"https:\/\/evertonfc.cz\/wp-content\/uploads\/2019\/01\/transfer.jpg\",\"contentUrl\":\"https:\/\/evertonfc.cz\/wp-content\/uploads\/2019\/01\/transfer.jpg\",\"width\":720,\"height\":405},{\"@type\":\"BreadcrumbList\",\"@id\":\"https:\/\/evertonfc.cz\/index.php\/2014\/07\/09\/everton-zkompletoval-zisk-barryho\/#breadcrumb\",\"itemListElement\":[{\"@type\":\"ListItem\",\"position\":1,\"name\":\"Home\",\"item\":\"https:\/\/evertonfc.cz\/\"},{\"@type\":\"ListItem\",\"position\":2,\"name\":\"Everton zkompletoval zisk Barryho\"}]},{\"@type\":\"WebSite\",\"@id\":\"https:\/\/evertonfc.cz\/#website\",\"url\":\"https:\/\/evertonfc.cz\/\",\"name\":\"Official Czech &amp; Slovak Everton Supporters&#039; Club\",\"description\":\"\",\"publisher\":{\"@id\":\"https:\/\/evertonfc.cz\/#organization\"},\"potentialAction\":[{\"@type\":\"SearchAction\",\"target\":{\"@type\":\"EntryPoint\",\"urlTemplate\":\"https:\/\/evertonfc.cz\/?s={search_term_string}\"},\"query-input\":{\"@type\":\"PropertyValueSpecification\",\"valueRequired\":true,\"valueName\":\"search_term_string\"}}],\"inLanguage\":\"cs\"},{\"@type\":\"Organization\",\"@id\":\"https:\/\/evertonfc.cz\/#organization\",\"name\":\"Official Czech & Slovak Everton Supporters' Club\",\"url\":\"https:\/\/evertonfc.cz\/\",\"logo\":{\"@type\":\"ImageObject\",\"inLanguage\":\"cs\",\"@id\":\"https:\/\/evertonfc.cz\/#\/schema\/logo\/image\/\",\"url\":\"https:\/\/evertonfc.cz\/wp-content\/uploads\/2019\/05\/logo.png\",\"contentUrl\":\"https:\/\/evertonfc.cz\/wp-content\/uploads\/2019\/05\/logo.png\",\"width\":112,\"height\":112,\"caption\":\"Official Czech & Slovak Everton Supporters' Club\"},\"image\":{\"@id\":\"https:\/\/evertonfc.cz\/#\/schema\/logo\/image\/\"},\"sameAs\":[\"https:\/\/www.facebook.com\/everton.fans.cz.sk\"]},{\"@type\":\"Person\",\"@id\":\"https:\/\/evertonfc.cz\/#\/schema\/person\/f7a5daedb2ffee98480bc70e191aaef1\",\"name\":\"Ri\u010di\",\"sameAs\":[\"https:\/\/x.com\/rbrejsa\"],\"url\":\"https:\/\/evertonfc.cz\/index.php\/author\/rici\/\"}]}<\/script>\n<!-- \/ Yoast SEO plugin. -->","yoast_head_json":{"title":"Everton zkompletoval zisk Barryho - Official Czech &amp; Slovak Everton Supporters&#039; Club","robots":{"index":"index","follow":"follow","max-snippet":"max-snippet:-1","max-image-preview":"max-image-preview:large","max-video-preview":"max-video-preview:-1"},"canonical":"https:\/\/evertonfc.cz\/index.php\/2014\/07\/09\/everton-zkompletoval-zisk-barryho\/","og_locale":"cs_CZ","og_type":"article","og_title":"Everton zkompletoval zisk Barryho - Official Czech &amp; Slovak Everton Supporters&#039; Club","og_description":"V\u00fdborn\u011b! Toffees s radost\u00ed ozn\u00e1mili prvn\u00ed leto\u0161n\u00ed posilu, na startu p\u0159\u00edpravy dot\u00e1hli p\u0159estup Garetha Barryho, kter\u00fd podepsal smlouvu na t\u0159i&hellip;","og_url":"https:\/\/evertonfc.cz\/index.php\/2014\/07\/09\/everton-zkompletoval-zisk-barryho\/","og_site_name":"Official Czech &amp; Slovak Everton Supporters&#039; Club","article_publisher":"https:\/\/www.facebook.com\/everton.fans.cz.sk","article_published_time":"2014-07-09T18:16:08+00:00","article_modified_time":"2019-02-13T22:34:06+00:00","og_image":[{"width":720,"height":405,"url":"https:\/\/evertonfc.cz\/wp-content\/uploads\/2019\/01\/transfer.jpg","type":"image\/jpeg"}],"author":"Ri\u010di","twitter_card":"summary_large_image","twitter_creator":"@rbrejsa","twitter_misc":{"Napsal(a)":"Ri\u010di","Odhadovan\u00e1 doba \u010dten\u00ed":"2 minuty"},"schema":{"@context":"https:\/\/schema.org","@graph":[{"@type":"Article","@id":"https:\/\/evertonfc.cz\/index.php\/2014\/07\/09\/everton-zkompletoval-zisk-barryho\/#article","isPartOf":{"@id":"https:\/\/evertonfc.cz\/index.php\/2014\/07\/09\/everton-zkompletoval-zisk-barryho\/"},"author":{"name":"Ri\u010di","@id":"https:\/\/evertonfc.cz\/#\/schema\/person\/f7a5daedb2ffee98480bc70e191aaef1"},"headline":"Everton zkompletoval zisk Barryho","datePublished":"2014-07-09T18:16:08+00:00","dateModified":"2019-02-13T22:34:06+00:00","mainEntityOfPage":{"@id":"https:\/\/evertonfc.cz\/index.php\/2014\/07\/09\/everton-zkompletoval-zisk-barryho\/"},"wordCount":311,"commentCount":0,"publisher":{"@id":"https:\/\/evertonfc.cz\/#organization"},"image":{"@id":"https:\/\/evertonfc.cz\/index.php\/2014\/07\/09\/everton-zkompletoval-zisk-barryho\/#primaryimage"},"thumbnailUrl":"https:\/\/evertonfc.cz\/wp-content\/uploads\/2019\/01\/transfer.jpg","articleSection":["P\u0159estupy"],"inLanguage":"cs","potentialAction":[{"@type":"CommentAction","name":"Comment","target":["https:\/\/evertonfc.cz\/index.php\/2014\/07\/09\/everton-zkompletoval-zisk-barryho\/#respond"]}]},{"@type":"WebPage","@id":"https:\/\/evertonfc.cz\/index.php\/2014\/07\/09\/everton-zkompletoval-zisk-barryho\/","url":"https:\/\/evertonfc.cz\/index.php\/2014\/07\/09\/everton-zkompletoval-zisk-barryho\/","name":"Everton zkompletoval zisk Barryho - Official Czech &amp; Slovak Everton Supporters&#039; Club","isPartOf":{"@id":"https:\/\/evertonfc.cz\/#website"},"primaryImageOfPage":{"@id":"https:\/\/evertonfc.cz\/index.php\/2014\/07\/09\/everton-zkompletoval-zisk-barryho\/#primaryimage"},"image":{"@id":"https:\/\/evertonfc.cz\/index.php\/2014\/07\/09\/everton-zkompletoval-zisk-barryho\/#primaryimage"},"thumbnailUrl":"https:\/\/evertonfc.cz\/wp-content\/uploads\/2019\/01\/transfer.jpg","datePublished":"2014-07-09T18:16:08+00:00","dateModified":"2019-02-13T22:34:06+00:00","breadcrumb":{"@id":"https:\/\/evertonfc.cz\/index.php\/2014\/07\/09\/everton-zkompletoval-zisk-barryho\/#breadcrumb"},"inLanguage":"cs","potentialAction":[{"@type":"ReadAction","target":["https:\/\/evertonfc.cz\/index.php\/2014\/07\/09\/everton-zkompletoval-zisk-barryho\/"]}]},{"@type":"ImageObject","inLanguage":"cs","@id":"https:\/\/evertonfc.cz\/index.php\/2014\/07\/09\/everton-zkompletoval-zisk-barryho\/#primaryimage","url":"https:\/\/evertonfc.cz\/wp-content\/uploads\/2019\/01\/transfer.jpg","contentUrl":"https:\/\/evertonfc.cz\/wp-content\/uploads\/2019\/01\/transfer.jpg","width":720,"height":405},{"@type":"BreadcrumbList","@id":"https:\/\/evertonfc.cz\/index.php\/2014\/07\/09\/everton-zkompletoval-zisk-barryho\/#breadcrumb","itemListElement":[{"@type":"ListItem","position":1,"name":"Home","item":"https:\/\/evertonfc.cz\/"},{"@type":"ListItem","position":2,"name":"Everton zkompletoval zisk Barryho"}]},{"@type":"WebSite","@id":"https:\/\/evertonfc.cz\/#website","url":"https:\/\/evertonfc.cz\/","name":"Official Czech &amp; Slovak Everton Supporters&#039; Club","description":"","publisher":{"@id":"https:\/\/evertonfc.cz\/#organization"},"potentialAction":[{"@type":"SearchAction","target":{"@type":"EntryPoint","urlTemplate":"https:\/\/evertonfc.cz\/?s={search_term_string}"},"query-input":{"@type":"PropertyValueSpecification","valueRequired":true,"valueName":"search_term_string"}}],"inLanguage":"cs"},{"@type":"Organization","@id":"https:\/\/evertonfc.cz\/#organization","name":"Official Czech & Slovak Everton Supporters' Club","url":"https:\/\/evertonfc.cz\/","logo":{"@type":"ImageObject","inLanguage":"cs","@id":"https:\/\/evertonfc.cz\/#\/schema\/logo\/image\/","url":"https:\/\/evertonfc.cz\/wp-content\/uploads\/2019\/05\/logo.png","contentUrl":"https:\/\/evertonfc.cz\/wp-content\/uploads\/2019\/05\/logo.png","width":112,"height":112,"caption":"Official Czech & Slovak Everton Supporters' Club"},"image":{"@id":"https:\/\/evertonfc.cz\/#\/schema\/logo\/image\/"},"sameAs":["https:\/\/www.facebook.com\/everton.fans.cz.sk"]},{"@type":"Person","@id":"https:\/\/evertonfc.cz\/#\/schema\/person\/f7a5daedb2ffee98480bc70e191aaef1","name":"Ri\u010di","sameAs":["https:\/\/x.com\/rbrejsa"],"url":"https:\/\/evertonfc.cz\/index.php\/author\/rici\/"}]}},"_links":{"self":[{"href":"https:\/\/evertonfc.cz\/index.php\/wp-json\/wp\/v2\/posts\/4701"}],"collection":[{"href":"https:\/\/evertonfc.cz\/index.php\/wp-json\/wp\/v2\/posts"}],"about":[{"href":"https:\/\/evertonfc.cz\/index.php\/wp-json\/wp\/v2\/types\/post"}],"author":[{"embeddable":true,"href":"https:\/\/evertonfc.cz\/index.php\/wp-json\/wp\/v2\/users\/6"}],"replies":[{"embeddable":true,"href":"https:\/\/evertonfc.cz\/index.php\/wp-json\/wp\/v2\/comments?post=4701"}],"version-history":[{"count":2,"href":"https:\/\/evertonfc.cz\/index.php\/wp-json\/wp\/v2\/posts\/4701\/revisions"}],"predecessor-version":[{"id":4960,"href":"https:\/\/evertonfc.cz\/index.php\/wp-json\/wp\/v2\/posts\/4701\/revisions\/4960"}],"wp:featuredmedia":[{"embeddable":true,"href":"https:\/\/evertonfc.cz\/index.php\/wp-json\/wp\/v2\/media\/1316"}],"wp:attachment":[{"href":"https:\/\/evertonfc.cz\/index.php\/wp-json\/wp\/v2\/media?parent=4701"}],"wp:term":[{"taxonomy":"category","embeddable":true,"href":"https:\/\/evertonfc.cz\/index.php\/wp-json\/wp\/v2\/categories?post=4701"},{"taxonomy":"post_tag","embeddable":true,"href":"https:\/\/evertonfc.cz\/index.php\/wp-json\/wp\/v2\/tags?post=4701"}],"curies":[{"name":"wp","href":"https:\/\/api.w.org\/{rel}","templated":true}]}}