{"id":4703,"date":"2014-07-08T20:17:08","date_gmt":"2014-07-08T18:17:08","guid":{"rendered":"http:\/\/evertonfc.cz\/?p=4703"},"modified":"2020-05-14T12:25:22","modified_gmt":"2020-05-14T10:25:22","slug":"letni-sraz-evertonians-2","status":"publish","type":"post","link":"https:\/\/evertonfc.cz\/index.php\/2014\/07\/08\/letni-sraz-evertonians-2\/","title":{"rendered":"Letn\u00ed sraz Evertonians"},"content":{"rendered":"<h4 id=\"NewsPostDetailSummary\">P\u0159i pl\u00e1nov\u00e1n\u00ed letn\u00edch aktivit nezapom\u00ednejte na tradi\u010dn\u00ed se\u0161lost Evertonians z \u010ceska i Slovenska. I letos z\u016fstane p\u0159\u00edjemn\u00e1 tradice neporu\u0161ena.<\/h4>\n<div id=\"NewsPostDetailContent\">\n<p>Loni se sraz poprv\u00e9 p\u0159esunul ze sv\u00e9ho rodi\u0161t\u011b v Moravsk\u00e9 T\u0159ebov\u00e9 o kousek ji\u017en\u011bji do Boskovic, kde se celkem ji\u017e \u0161est\u00fd sraz uskute\u010dn\u00ed i letos. Z\u00fa\u010dastnilo se n\u00e1s jej dohromady osm, v tomto ohledu \u0161lo tedy o sraz zat\u00edm nejpo\u010detn\u011bj\u0161\u00ed.<\/p>\n<p>Proto\u017ee zn\u00e1mo je zat\u00edm pouze m\u00edsto kon\u00e1n\u00ed, v koment\u00e1\u0159\u00edch m\u016f\u017eete hlasovat o term\u00ednu. Ten s nejv\u011bt\u0161\u00edm po\u010dtem hlas\u016f pak bude kone\u010dn\u00fdm term\u00ednem srazu. Zat\u00edm ka\u017ed\u00fd sraz se &#8222;upekl&#8220; v \u010dervenci, a ke zm\u011bn\u011b si mysl\u00edm d\u016fvod nen\u00ed. Mo\u017en\u00e9 term\u00edny, v\u0161echny klasicky p\u00e1tek-ned\u011ble, jsou n\u00e1sleduj\u00edc\u00ed:<\/p>\n<p><strong>A)<\/strong> 4. &#8211; 6.7. (zde ov\u0161em dva st\u00e1tn\u00ed sv\u00e1tky)<br \/>\n<strong>B)<\/strong> 11. &#8211; 13.7.<br \/>\n<strong>C)<\/strong> 18. &#8211; 20.7.<br \/>\n<strong>D)<\/strong> 25. &#8211; 27.7<\/p>\n<p>Program srazu: Po p\u00e1te\u010dn\u00edm p\u0159\u00edjezdu b\u011bhem odpoledn\u00edch\/ve\u010dern\u00edch hodin, by n\u00e1sledovalo ubytov\u00e1n\u00ed ve stejn\u00e9m <a href=\"http:\/\/www.sluzbyboskovice.cz\/turisticka-ubytovna-info\" target=\"_blank\" rel=\"noopener noreferrer\">penzionu<\/a> jako loni, kter\u00fd je v Boskovic\u00edch cenov\u011b asi nejp\u0159ijateln\u011bj\u0161\u00ed. Pak se p\u016fjde pokecat k pivku a ur\u010dit\u011b i n\u011b\u010demu ost\u0159ej\u0161\u00edmu a pokud bude z\u00e1jem, nebyl by probl\u00e9m objednat t\u0159eba <a href=\"http:\/\/www.modra-vez.cz\/bowling.html\" target=\"_blank\" rel=\"noopener noreferrer\">bowlingovou dr\u00e1hu<\/a>. V sobotu, aby se ne\u0159eklo, se m\u016f\u017eeme prot\u00e1hnout u fotb\u00e1lku \u010di jin\u00e9 libovoln\u00e9 sportovn\u00ed \u010dinnosti. No a ve\u010der by op\u011bt mohl pat\u0159it klasick\u00e9 letn\u00ed grilova\u010dce. Pokud z\u00e1rove\u0148 sami m\u00e1te n\u00e1pad \u010d\u00edm sraz je\u0161t\u011b vylep\u0161it, sem s n\u00edm!<\/p>\n<p><strong>8.7.<\/strong> &#8211; Ubytov\u00e1n\u00ed je zaji\u0161t\u011bn\u00e9 v penzionu ve sportovn\u00edm are\u00e1lu jako loni. \u00da\u010dast potvrdili Ri\u010di, Javor, Fip a Everton1878, tak\u017ee p\u016fjde o \u010dty\u0159l\u016f\u017ekov\u00fd pokoj. Pepa se snad uk\u00e1\u017ee alespo\u0148 v sobotu. Doba n\u00e1stupu je v p\u00e1tek 19. hodin, d\u0159\u00edv pr\u00fd na recepci nikdo nebude. Cena by m\u011bla b\u00fdt 260 K\u010d osoba\/noc. Jinak co se p\u00e1te\u010dn\u00edho pl\u00e1nu t\u00fd\u010de, bowling se mi zajistit nepoda\u0159ilo, ale nepochybuji \u017ee se najde jin\u00e1 z\u00e1bavn\u00e1 aktivita \ud83d\ude42 V p\u00e1tek na v\u0161echny samoz\u0159ejm\u011b budu \u010dekat v Boskovic\u00edch na n\u00e1dra\u017e\u00ed.<\/p>\n<\/div>\n","protected":false},"excerpt":{"rendered":"<p>P\u0159i pl\u00e1nov\u00e1n\u00ed letn\u00edch aktivit nezapom\u00ednejte na tradi\u010dn\u00ed se\u0161lost Evertonians z \u010ceska i Slovenska. I letos z\u016fstane p\u0159\u00edjemn\u00e1 tradice neporu\u0161ena. Loni&hellip;<\/p>\n","protected":false},"author":7,"featured_media":1313,"comment_status":"open","ping_status":"closed","sticky":false,"template":"","format":"standard","meta":{"_eb_attr":"","_monsterinsights_skip_tracking":false,"_monsterinsights_sitenote_active":false,"_monsterinsights_sitenote_note":"","_monsterinsights_sitenote_category":0,"footnotes":""},"categories":[85],"tags":[],"yoast_head":"<!-- This site is optimized with the Yoast SEO plugin v23.4 - https:\/\/yoast.com\/wordpress\/plugins\/seo\/ -->\n<title>Letn\u00ed sraz Evertonians - Official Czech &amp; Slovak Everton Supporters&#039; Club<\/title>\n<meta name=\"robots\" content=\"index, follow, max-snippet:-1, max-image-preview:large, max-video-preview:-1\" \/>\n<link rel=\"canonical\" href=\"https:\/\/evertonfc.cz\/index.php\/2014\/07\/08\/letni-sraz-evertonians-2\/\" \/>\n<meta property=\"og:locale\" content=\"cs_CZ\" \/>\n<meta property=\"og:type\" content=\"article\" \/>\n<meta property=\"og:title\" content=\"Letn\u00ed sraz Evertonians - Official Czech &amp; Slovak Everton Supporters&#039; Club\" \/>\n<meta property=\"og:description\" content=\"P\u0159i pl\u00e1nov\u00e1n\u00ed letn\u00edch aktivit nezapom\u00ednejte na tradi\u010dn\u00ed se\u0161lost Evertonians z \u010ceska i Slovenska. I letos z\u016fstane p\u0159\u00edjemn\u00e1 tradice neporu\u0161ena. Loni&hellip;\" \/>\n<meta property=\"og:url\" content=\"https:\/\/evertonfc.cz\/index.php\/2014\/07\/08\/letni-sraz-evertonians-2\/\" \/>\n<meta property=\"og:site_name\" content=\"Official Czech &amp; Slovak Everton Supporters&#039; Club\" \/>\n<meta property=\"article:publisher\" content=\"https:\/\/www.facebook.com\/everton.fans.cz.sk\" \/>\n<meta property=\"article:published_time\" content=\"2014-07-08T18:17:08+00:00\" \/>\n<meta property=\"article:modified_time\" content=\"2020-05-14T10:25:22+00:00\" \/>\n<meta property=\"og:image\" content=\"https:\/\/evertonfc.cz\/wp-content\/uploads\/2019\/01\/news.jpg\" \/>\n\t<meta property=\"og:image:width\" content=\"720\" \/>\n\t<meta property=\"og:image:height\" content=\"405\" \/>\n\t<meta property=\"og:image:type\" content=\"image\/jpeg\" \/>\n<meta name=\"author\" content=\"Me\u0148a\" \/>\n<meta name=\"twitter:card\" content=\"summary_large_image\" \/>\n<meta name=\"twitter:label1\" content=\"Napsal(a)\" \/>\n\t<meta name=\"twitter:data1\" content=\"Me\u0148a\" \/>\n\t<meta name=\"twitter:label2\" content=\"Odhadovan\u00e1 doba \u010dten\u00ed\" \/>\n\t<meta name=\"twitter:data2\" content=\"2 minuty\" \/>\n<script type=\"application\/ld+json\" class=\"yoast-schema-graph\">{\"@context\":\"https:\/\/schema.org\",\"@graph\":[{\"@type\":\"Article\",\"@id\":\"https:\/\/evertonfc.cz\/index.php\/2014\/07\/08\/letni-sraz-evertonians-2\/#article\",\"isPartOf\":{\"@id\":\"https:\/\/evertonfc.cz\/index.php\/2014\/07\/08\/letni-sraz-evertonians-2\/\"},\"author\":{\"name\":\"Me\u0148a\",\"@id\":\"https:\/\/evertonfc.cz\/#\/schema\/person\/cd6328a75577de2add7793fd4b0930c3\"},\"headline\":\"Letn\u00ed sraz Evertonians\",\"datePublished\":\"2014-07-08T18:17:08+00:00\",\"dateModified\":\"2020-05-14T10:25:22+00:00\",\"mainEntityOfPage\":{\"@id\":\"https:\/\/evertonfc.cz\/index.php\/2014\/07\/08\/letni-sraz-evertonians-2\/\"},\"wordCount\":398,\"commentCount\":0,\"publisher\":{\"@id\":\"https:\/\/evertonfc.cz\/#organization\"},\"image\":{\"@id\":\"https:\/\/evertonfc.cz\/index.php\/2014\/07\/08\/letni-sraz-evertonians-2\/#primaryimage\"},\"thumbnailUrl\":\"https:\/\/evertonfc.cz\/wp-content\/uploads\/2019\/01\/news.jpg\",\"articleSection\":[\"Supporters' Club\"],\"inLanguage\":\"cs\",\"potentialAction\":[{\"@type\":\"CommentAction\",\"name\":\"Comment\",\"target\":[\"https:\/\/evertonfc.cz\/index.php\/2014\/07\/08\/letni-sraz-evertonians-2\/#respond\"]}]},{\"@type\":\"WebPage\",\"@id\":\"https:\/\/evertonfc.cz\/index.php\/2014\/07\/08\/letni-sraz-evertonians-2\/\",\"url\":\"https:\/\/evertonfc.cz\/index.php\/2014\/07\/08\/letni-sraz-evertonians-2\/\",\"name\":\"Letn\u00ed sraz Evertonians - Official Czech &amp; Slovak Everton Supporters&#039; Club\",\"isPartOf\":{\"@id\":\"https:\/\/evertonfc.cz\/#website\"},\"primaryImageOfPage\":{\"@id\":\"https:\/\/evertonfc.cz\/index.php\/2014\/07\/08\/letni-sraz-evertonians-2\/#primaryimage\"},\"image\":{\"@id\":\"https:\/\/evertonfc.cz\/index.php\/2014\/07\/08\/letni-sraz-evertonians-2\/#primaryimage\"},\"thumbnailUrl\":\"https:\/\/evertonfc.cz\/wp-content\/uploads\/2019\/01\/news.jpg\",\"datePublished\":\"2014-07-08T18:17:08+00:00\",\"dateModified\":\"2020-05-14T10:25:22+00:00\",\"breadcrumb\":{\"@id\":\"https:\/\/evertonfc.cz\/index.php\/2014\/07\/08\/letni-sraz-evertonians-2\/#breadcrumb\"},\"inLanguage\":\"cs\",\"potentialAction\":[{\"@type\":\"ReadAction\",\"target\":[\"https:\/\/evertonfc.cz\/index.php\/2014\/07\/08\/letni-sraz-evertonians-2\/\"]}]},{\"@type\":\"ImageObject\",\"inLanguage\":\"cs\",\"@id\":\"https:\/\/evertonfc.cz\/index.php\/2014\/07\/08\/letni-sraz-evertonians-2\/#primaryimage\",\"url\":\"https:\/\/evertonfc.cz\/wp-content\/uploads\/2019\/01\/news.jpg\",\"contentUrl\":\"https:\/\/evertonfc.cz\/wp-content\/uploads\/2019\/01\/news.jpg\",\"width\":720,\"height\":405},{\"@type\":\"BreadcrumbList\",\"@id\":\"https:\/\/evertonfc.cz\/index.php\/2014\/07\/08\/letni-sraz-evertonians-2\/#breadcrumb\",\"itemListElement\":[{\"@type\":\"ListItem\",\"position\":1,\"name\":\"Home\",\"item\":\"https:\/\/evertonfc.cz\/\"},{\"@type\":\"ListItem\",\"position\":2,\"name\":\"Letn\u00ed sraz Evertonians\"}]},{\"@type\":\"WebSite\",\"@id\":\"https:\/\/evertonfc.cz\/#website\",\"url\":\"https:\/\/evertonfc.cz\/\",\"name\":\"Official Czech &amp; Slovak Everton Supporters&#039; Club\",\"description\":\"\",\"publisher\":{\"@id\":\"https:\/\/evertonfc.cz\/#organization\"},\"potentialAction\":[{\"@type\":\"SearchAction\",\"target\":{\"@type\":\"EntryPoint\",\"urlTemplate\":\"https:\/\/evertonfc.cz\/?s={search_term_string}\"},\"query-input\":{\"@type\":\"PropertyValueSpecification\",\"valueRequired\":true,\"valueName\":\"search_term_string\"}}],\"inLanguage\":\"cs\"},{\"@type\":\"Organization\",\"@id\":\"https:\/\/evertonfc.cz\/#organization\",\"name\":\"Official Czech & Slovak Everton Supporters' Club\",\"url\":\"https:\/\/evertonfc.cz\/\",\"logo\":{\"@type\":\"ImageObject\",\"inLanguage\":\"cs\",\"@id\":\"https:\/\/evertonfc.cz\/#\/schema\/logo\/image\/\",\"url\":\"https:\/\/evertonfc.cz\/wp-content\/uploads\/2019\/05\/logo.png\",\"contentUrl\":\"https:\/\/evertonfc.cz\/wp-content\/uploads\/2019\/05\/logo.png\",\"width\":112,\"height\":112,\"caption\":\"Official Czech & Slovak Everton Supporters' Club\"},\"image\":{\"@id\":\"https:\/\/evertonfc.cz\/#\/schema\/logo\/image\/\"},\"sameAs\":[\"https:\/\/www.facebook.com\/everton.fans.cz.sk\"]},{\"@type\":\"Person\",\"@id\":\"https:\/\/evertonfc.cz\/#\/schema\/person\/cd6328a75577de2add7793fd4b0930c3\",\"name\":\"Me\u0148a\",\"url\":\"https:\/\/evertonfc.cz\/index.php\/author\/mena\/\"}]}<\/script>\n<!-- \/ Yoast SEO plugin. -->","yoast_head_json":{"title":"Letn\u00ed sraz Evertonians - Official Czech &amp; Slovak Everton Supporters&#039; Club","robots":{"index":"index","follow":"follow","max-snippet":"max-snippet:-1","max-image-preview":"max-image-preview:large","max-video-preview":"max-video-preview:-1"},"canonical":"https:\/\/evertonfc.cz\/index.php\/2014\/07\/08\/letni-sraz-evertonians-2\/","og_locale":"cs_CZ","og_type":"article","og_title":"Letn\u00ed sraz Evertonians - Official Czech &amp; Slovak Everton Supporters&#039; Club","og_description":"P\u0159i pl\u00e1nov\u00e1n\u00ed letn\u00edch aktivit nezapom\u00ednejte na tradi\u010dn\u00ed se\u0161lost Evertonians z \u010ceska i Slovenska. I letos z\u016fstane p\u0159\u00edjemn\u00e1 tradice neporu\u0161ena. Loni&hellip;","og_url":"https:\/\/evertonfc.cz\/index.php\/2014\/07\/08\/letni-sraz-evertonians-2\/","og_site_name":"Official Czech &amp; Slovak Everton Supporters&#039; Club","article_publisher":"https:\/\/www.facebook.com\/everton.fans.cz.sk","article_published_time":"2014-07-08T18:17:08+00:00","article_modified_time":"2020-05-14T10:25:22+00:00","og_image":[{"width":720,"height":405,"url":"https:\/\/evertonfc.cz\/wp-content\/uploads\/2019\/01\/news.jpg","type":"image\/jpeg"}],"author":"Me\u0148a","twitter_card":"summary_large_image","twitter_misc":{"Napsal(a)":"Me\u0148a","Odhadovan\u00e1 doba \u010dten\u00ed":"2 minuty"},"schema":{"@context":"https:\/\/schema.org","@graph":[{"@type":"Article","@id":"https:\/\/evertonfc.cz\/index.php\/2014\/07\/08\/letni-sraz-evertonians-2\/#article","isPartOf":{"@id":"https:\/\/evertonfc.cz\/index.php\/2014\/07\/08\/letni-sraz-evertonians-2\/"},"author":{"name":"Me\u0148a","@id":"https:\/\/evertonfc.cz\/#\/schema\/person\/cd6328a75577de2add7793fd4b0930c3"},"headline":"Letn\u00ed sraz Evertonians","datePublished":"2014-07-08T18:17:08+00:00","dateModified":"2020-05-14T10:25:22+00:00","mainEntityOfPage":{"@id":"https:\/\/evertonfc.cz\/index.php\/2014\/07\/08\/letni-sraz-evertonians-2\/"},"wordCount":398,"commentCount":0,"publisher":{"@id":"https:\/\/evertonfc.cz\/#organization"},"image":{"@id":"https:\/\/evertonfc.cz\/index.php\/2014\/07\/08\/letni-sraz-evertonians-2\/#primaryimage"},"thumbnailUrl":"https:\/\/evertonfc.cz\/wp-content\/uploads\/2019\/01\/news.jpg","articleSection":["Supporters' Club"],"inLanguage":"cs","potentialAction":[{"@type":"CommentAction","name":"Comment","target":["https:\/\/evertonfc.cz\/index.php\/2014\/07\/08\/letni-sraz-evertonians-2\/#respond"]}]},{"@type":"WebPage","@id":"https:\/\/evertonfc.cz\/index.php\/2014\/07\/08\/letni-sraz-evertonians-2\/","url":"https:\/\/evertonfc.cz\/index.php\/2014\/07\/08\/letni-sraz-evertonians-2\/","name":"Letn\u00ed sraz Evertonians - Official Czech &amp; Slovak Everton Supporters&#039; Club","isPartOf":{"@id":"https:\/\/evertonfc.cz\/#website"},"primaryImageOfPage":{"@id":"https:\/\/evertonfc.cz\/index.php\/2014\/07\/08\/letni-sraz-evertonians-2\/#primaryimage"},"image":{"@id":"https:\/\/evertonfc.cz\/index.php\/2014\/07\/08\/letni-sraz-evertonians-2\/#primaryimage"},"thumbnailUrl":"https:\/\/evertonfc.cz\/wp-content\/uploads\/2019\/01\/news.jpg","datePublished":"2014-07-08T18:17:08+00:00","dateModified":"2020-05-14T10:25:22+00:00","breadcrumb":{"@id":"https:\/\/evertonfc.cz\/index.php\/2014\/07\/08\/letni-sraz-evertonians-2\/#breadcrumb"},"inLanguage":"cs","potentialAction":[{"@type":"ReadAction","target":["https:\/\/evertonfc.cz\/index.php\/2014\/07\/08\/letni-sraz-evertonians-2\/"]}]},{"@type":"ImageObject","inLanguage":"cs","@id":"https:\/\/evertonfc.cz\/index.php\/2014\/07\/08\/letni-sraz-evertonians-2\/#primaryimage","url":"https:\/\/evertonfc.cz\/wp-content\/uploads\/2019\/01\/news.jpg","contentUrl":"https:\/\/evertonfc.cz\/wp-content\/uploads\/2019\/01\/news.jpg","width":720,"height":405},{"@type":"BreadcrumbList","@id":"https:\/\/evertonfc.cz\/index.php\/2014\/07\/08\/letni-sraz-evertonians-2\/#breadcrumb","itemListElement":[{"@type":"ListItem","position":1,"name":"Home","item":"https:\/\/evertonfc.cz\/"},{"@type":"ListItem","position":2,"name":"Letn\u00ed sraz Evertonians"}]},{"@type":"WebSite","@id":"https:\/\/evertonfc.cz\/#website","url":"https:\/\/evertonfc.cz\/","name":"Official Czech &amp; Slovak Everton Supporters&#039; Club","description":"","publisher":{"@id":"https:\/\/evertonfc.cz\/#organization"},"potentialAction":[{"@type":"SearchAction","target":{"@type":"EntryPoint","urlTemplate":"https:\/\/evertonfc.cz\/?s={search_term_string}"},"query-input":{"@type":"PropertyValueSpecification","valueRequired":true,"valueName":"search_term_string"}}],"inLanguage":"cs"},{"@type":"Organization","@id":"https:\/\/evertonfc.cz\/#organization","name":"Official Czech & Slovak Everton Supporters' Club","url":"https:\/\/evertonfc.cz\/","logo":{"@type":"ImageObject","inLanguage":"cs","@id":"https:\/\/evertonfc.cz\/#\/schema\/logo\/image\/","url":"https:\/\/evertonfc.cz\/wp-content\/uploads\/2019\/05\/logo.png","contentUrl":"https:\/\/evertonfc.cz\/wp-content\/uploads\/2019\/05\/logo.png","width":112,"height":112,"caption":"Official Czech & Slovak Everton Supporters' Club"},"image":{"@id":"https:\/\/evertonfc.cz\/#\/schema\/logo\/image\/"},"sameAs":["https:\/\/www.facebook.com\/everton.fans.cz.sk"]},{"@type":"Person","@id":"https:\/\/evertonfc.cz\/#\/schema\/person\/cd6328a75577de2add7793fd4b0930c3","name":"Me\u0148a","url":"https:\/\/evertonfc.cz\/index.php\/author\/mena\/"}]}},"_links":{"self":[{"href":"https:\/\/evertonfc.cz\/index.php\/wp-json\/wp\/v2\/posts\/4703"}],"collection":[{"href":"https:\/\/evertonfc.cz\/index.php\/wp-json\/wp\/v2\/posts"}],"about":[{"href":"https:\/\/evertonfc.cz\/index.php\/wp-json\/wp\/v2\/types\/post"}],"author":[{"embeddable":true,"href":"https:\/\/evertonfc.cz\/index.php\/wp-json\/wp\/v2\/users\/7"}],"replies":[{"embeddable":true,"href":"https:\/\/evertonfc.cz\/index.php\/wp-json\/wp\/v2\/comments?post=4703"}],"version-history":[{"count":4,"href":"https:\/\/evertonfc.cz\/index.php\/wp-json\/wp\/v2\/posts\/4703\/revisions"}],"predecessor-version":[{"id":7040,"href":"https:\/\/evertonfc.cz\/index.php\/wp-json\/wp\/v2\/posts\/4703\/revisions\/7040"}],"wp:featuredmedia":[{"embeddable":true,"href":"https:\/\/evertonfc.cz\/index.php\/wp-json\/wp\/v2\/media\/1313"}],"wp:attachment":[{"href":"https:\/\/evertonfc.cz\/index.php\/wp-json\/wp\/v2\/media?parent=4703"}],"wp:term":[{"taxonomy":"category","embeddable":true,"href":"https:\/\/evertonfc.cz\/index.php\/wp-json\/wp\/v2\/categories?post=4703"},{"taxonomy":"post_tag","embeddable":true,"href":"https:\/\/evertonfc.cz\/index.php\/wp-json\/wp\/v2\/tags?post=4703"}],"curies":[{"name":"wp","href":"https:\/\/api.w.org\/{rel}","templated":true}]}}