{"id":4705,"date":"2014-07-08T20:18:56","date_gmt":"2014-07-08T18:18:56","guid":{"rendered":"http:\/\/evertonfc.cz\/?p=4705"},"modified":"2019-02-13T23:34:43","modified_gmt":"2019-02-13T22:34:43","slug":"britsky-spanel-martinez","status":"publish","type":"post","link":"https:\/\/evertonfc.cz\/index.php\/2014\/07\/08\/britsky-spanel-martinez\/","title":{"rendered":"Britsk\u00fd \u0160pan\u011bl Mart\u00ednez"},"content":{"rendered":"<h4 id=\"NewsPostDetailSummary\">Skoro dvacetilet\u00fdm pobytem v Brit\u00e1nii z\u00edskal Roberto Mart\u00ednez druh\u00fd domov, proto katal\u00e1nsk\u00fd rod\u00e1k v\u011b\u0159\u00ed, \u017ee pokud zkombinuje hern\u00ed prvky obou sv\u00fdch dvou zem\u00ed, najde v\u00edt\u011bzn\u00fd recept.<\/h4>\n<div id=\"NewsPostDetailContent\">\n<p>Boss Evertonu saz\u00ed, \u010d\u00edm\u017e se ani s\u00e1m netaj\u00ed, na taktickou sm\u011bs oko\u0159en\u011bnou o prvky fotbalu nau\u010den\u00e9 na za\u010d\u00e1tku kari\u00e9ru v Katal\u00e1nsku ve \u0160pan\u011blsku a pozd\u011bji na r\u016fzn\u00fdch m\u00edstech po Brit\u00e1nii, kam ho zavedla pr\u00e1ce fotbalisty a pozd\u011bji i mana\u017eera.<\/p>\n<p>Mart\u00ednez se vr\u00e1t\u00ed na Finch Farm, tr\u00e9ninkov\u00e9m centru Toffees, ve \u010dtvrtek, mezit\u00edm p\u0159izn\u00e1v\u00e1 dvojitou n\u00e1rodnost. Tedy n\u011bco, co se v n\u011bm rozho\u0159elo v roce 1995 po p\u0159estupu do Wiganu Athletic. <em>\u201eBez okolk\u016f shled\u00e1v\u00e1m m\u00e9 metody pr\u00e1ce a p\u0159esv\u011bd\u010den\u00ed jako \u010derp\u00e1n\u00ed z vlastn\u00edch zku\u0161enost\u00ed. Mluv\u00edm a v\u00fdchov\u011b ve \u0160pan\u011blsku se stylem zalo\u017een\u00fdm na dr\u017een\u00ed m\u00ed\u010de a porozum\u011bn\u00ed pozi\u010dn\u00ed h\u0159e a tak\u00e9 o silov\u00e9m fotbale ve vysok\u00e9m tempu vych\u00e1zej\u00edc\u00edm z britsk\u00e9ho pojet\u00ed.<\/em><\/p>\n<p><em>Je p\u011bkn\u00e1 p\u0159irozen\u00e1 kombinace, nic nucen\u00e9ho. Stav\u00edm na m\u00fdch lidsk\u00fdch a hr\u00e1\u010dsk\u00fdch zku\u0161enostech.\u201c<\/em><\/p>\n<p>B\u00fdval\u00fd defenzivn\u00ed z\u00e1lo\u017en\u00edk poka\u017ed\u00e9 se spojen\u00edm anglick\u00fd n\u00e1rodn\u00ed t\u00fdm pou\u017e\u00edv\u00e1 z\u00e1jmeno &#8222;my&#8220; a na brazilsk\u00e9m \u0161ampion\u00e1tu pat\u0159il zjevn\u00fdm fanou\u0161k\u016fm sv\u011b\u0159enc\u016fm Roye Hodgsona. B\u011bhem Mistrovstv\u00ed sv\u011bta mimochodem zast\u00e1val roli analytika pro americkou televizi ESPN.<\/p>\n<p>Roberto Mart\u00ednez n\u00e1sledn\u011b vysv\u011btluje, pro\u010d stoj\u00ed na stran\u011b Albionu, p\u0159esto\u017ee se \u0159ad\u00ed mezi hrd\u00e9 Katal\u00e1nce a \u0160pan\u011bly. <em>\u201eVn\u00edm\u00e1m to tak, proto\u017ee jsem pobyl v\u011bt\u0161\u00ed \u010d\u00e1st profesion\u00e1ln\u00ed kari\u00e9ry v Brit\u00e1nii ne\u017e ve \u0160pan\u011blsku. Nikdy nezapomenu na m\u00e9 ko\u0159eny, \u010dasto se ale vid\u00edm p\u016fl na p\u016fl. Je p\u0159\u00edjemn\u00e9 se c\u00edt\u00edt doma na dvou odli\u0161n\u00fdch m\u00edstech.<\/em><\/p>\n<p><em>P\u0159ed p\u0159\u00edchodem do Anglie jsem se nedr\u017eel mnoha p\u0159edsudk\u016f. Ve \u0161kole se pochopiteln\u011b u\u010d\u00edte anglicky a setk\u00e1v\u00e1te se s tradi\u010dn\u00edmi obrazy zem\u011b: double-deckery, \u010derven\u00e9 budky v Lond\u00fdn\u011b, angli\u010dt\u00ed gentlemani. V\u0161e v\u0161ak z\u00e1le\u017e\u00ed na osobn\u00edm p\u0159\u00edstupu.<\/em><\/p>\n<p><em>Je zaj\u00edmav\u00e9 pozn\u00e1vat Severoz\u00e1padn\u00ed Anglii, ve Skotsku jsem pro zm\u011bnu sezn\u00e1mil s man\u017eelkou a dobu ve Walesu jsem si opravdu u\u017eil. V\u00edtr m\u011b zav\u00e1l rovn\u011b\u017e do Midlands, \u0161lo o pou\u010dn\u00e9 obdob\u00ed.\u201c<\/em><\/p>\n<p>Odli\u0161n\u00e9 kultury pochopiteln\u011b zanechaly stopy i v Mart\u00ednezov\u011b soukrom\u00e9m \u017eivot\u011b. Z\u0159ejm\u00e9 jsou skotsk\u00e9 n\u00e1vyky, vlasti man\u017eelky Beth. <em>\u201eMnoho zvyk\u016f jsem p\u0159ebral z Brit\u00e1nie. Cestou \u017eivotem si osvojujete v\u011bci, kter\u00e9 se v\u00e1m zamlouvaj\u00ed, proto \u017eivotn\u00ed styl kombinuji s prvky ze \u0160pan\u011blska. <\/em><\/p>\n<p><em>M\u00e1 \u017eena je t\u00e9\u017e otev\u0159en\u00e1 novink\u00e1m, a tak na\u0161e sou\u017eit\u00ed funguje na katal\u00e1nsk\u00fdch, skotsk\u00fdch a anglick\u00fdch z\u00e1kladech.\u201c<\/em><\/p>\n<\/div>\n","protected":false},"excerpt":{"rendered":"<p>Skoro dvacetilet\u00fdm pobytem v Brit\u00e1nii z\u00edskal Roberto Mart\u00ednez druh\u00fd domov, proto katal\u00e1nsk\u00fd rod\u00e1k v\u011b\u0159\u00ed, \u017ee pokud zkombinuje hern\u00ed prvky obou&hellip;<\/p>\n","protected":false},"author":6,"featured_media":1313,"comment_status":"open","ping_status":"closed","sticky":false,"template":"","format":"standard","meta":{"_eb_attr":"","_monsterinsights_skip_tracking":false,"_monsterinsights_sitenote_active":false,"_monsterinsights_sitenote_note":"","_monsterinsights_sitenote_category":0,"footnotes":""},"categories":[42,1],"tags":[],"yoast_head":"<!-- This site is optimized with the Yoast SEO plugin v23.4 - https:\/\/yoast.com\/wordpress\/plugins\/seo\/ -->\n<title>Britsk\u00fd \u0160pan\u011bl Mart\u00ednez - Official Czech &amp; Slovak Everton Supporters&#039; Club<\/title>\n<meta name=\"robots\" content=\"index, follow, max-snippet:-1, max-image-preview:large, max-video-preview:-1\" \/>\n<link rel=\"canonical\" href=\"https:\/\/evertonfc.cz\/index.php\/2014\/07\/08\/britsky-spanel-martinez\/\" \/>\n<meta property=\"og:locale\" content=\"cs_CZ\" \/>\n<meta property=\"og:type\" content=\"article\" \/>\n<meta property=\"og:title\" content=\"Britsk\u00fd \u0160pan\u011bl Mart\u00ednez - Official Czech &amp; Slovak Everton Supporters&#039; Club\" \/>\n<meta property=\"og:description\" content=\"Skoro dvacetilet\u00fdm pobytem v Brit\u00e1nii z\u00edskal Roberto Mart\u00ednez druh\u00fd domov, proto katal\u00e1nsk\u00fd rod\u00e1k v\u011b\u0159\u00ed, \u017ee pokud zkombinuje hern\u00ed prvky obou&hellip;\" \/>\n<meta property=\"og:url\" content=\"https:\/\/evertonfc.cz\/index.php\/2014\/07\/08\/britsky-spanel-martinez\/\" \/>\n<meta property=\"og:site_name\" content=\"Official Czech &amp; Slovak Everton Supporters&#039; Club\" \/>\n<meta property=\"article:publisher\" content=\"https:\/\/www.facebook.com\/everton.fans.cz.sk\" \/>\n<meta property=\"article:published_time\" content=\"2014-07-08T18:18:56+00:00\" \/>\n<meta property=\"article:modified_time\" content=\"2019-02-13T22:34:43+00:00\" \/>\n<meta property=\"og:image\" content=\"https:\/\/evertonfc.cz\/wp-content\/uploads\/2019\/01\/news.jpg\" \/>\n\t<meta property=\"og:image:width\" content=\"720\" \/>\n\t<meta property=\"og:image:height\" content=\"405\" \/>\n\t<meta property=\"og:image:type\" content=\"image\/jpeg\" \/>\n<meta name=\"author\" content=\"Ri\u010di\" \/>\n<meta name=\"twitter:card\" content=\"summary_large_image\" \/>\n<meta name=\"twitter:creator\" content=\"@rbrejsa\" \/>\n<meta name=\"twitter:label1\" content=\"Napsal(a)\" \/>\n\t<meta name=\"twitter:data1\" content=\"Ri\u010di\" \/>\n\t<meta name=\"twitter:label2\" content=\"Odhadovan\u00e1 doba \u010dten\u00ed\" \/>\n\t<meta name=\"twitter:data2\" content=\"3 minuty\" \/>\n<script type=\"application\/ld+json\" class=\"yoast-schema-graph\">{\"@context\":\"https:\/\/schema.org\",\"@graph\":[{\"@type\":\"Article\",\"@id\":\"https:\/\/evertonfc.cz\/index.php\/2014\/07\/08\/britsky-spanel-martinez\/#article\",\"isPartOf\":{\"@id\":\"https:\/\/evertonfc.cz\/index.php\/2014\/07\/08\/britsky-spanel-martinez\/\"},\"author\":{\"name\":\"Ri\u010di\",\"@id\":\"https:\/\/evertonfc.cz\/#\/schema\/person\/f7a5daedb2ffee98480bc70e191aaef1\"},\"headline\":\"Britsk\u00fd \u0160pan\u011bl Mart\u00ednez\",\"datePublished\":\"2014-07-08T18:18:56+00:00\",\"dateModified\":\"2019-02-13T22:34:43+00:00\",\"mainEntityOfPage\":{\"@id\":\"https:\/\/evertonfc.cz\/index.php\/2014\/07\/08\/britsky-spanel-martinez\/\"},\"wordCount\":525,\"commentCount\":0,\"publisher\":{\"@id\":\"https:\/\/evertonfc.cz\/#organization\"},\"image\":{\"@id\":\"https:\/\/evertonfc.cz\/index.php\/2014\/07\/08\/britsky-spanel-martinez\/#primaryimage\"},\"thumbnailUrl\":\"https:\/\/evertonfc.cz\/wp-content\/uploads\/2019\/01\/news.jpg\",\"articleSection\":[\"Aktuality\",\"Rozhovory\"],\"inLanguage\":\"cs\",\"potentialAction\":[{\"@type\":\"CommentAction\",\"name\":\"Comment\",\"target\":[\"https:\/\/evertonfc.cz\/index.php\/2014\/07\/08\/britsky-spanel-martinez\/#respond\"]}]},{\"@type\":\"WebPage\",\"@id\":\"https:\/\/evertonfc.cz\/index.php\/2014\/07\/08\/britsky-spanel-martinez\/\",\"url\":\"https:\/\/evertonfc.cz\/index.php\/2014\/07\/08\/britsky-spanel-martinez\/\",\"name\":\"Britsk\u00fd \u0160pan\u011bl Mart\u00ednez - Official Czech &amp; Slovak Everton Supporters&#039; Club\",\"isPartOf\":{\"@id\":\"https:\/\/evertonfc.cz\/#website\"},\"primaryImageOfPage\":{\"@id\":\"https:\/\/evertonfc.cz\/index.php\/2014\/07\/08\/britsky-spanel-martinez\/#primaryimage\"},\"image\":{\"@id\":\"https:\/\/evertonfc.cz\/index.php\/2014\/07\/08\/britsky-spanel-martinez\/#primaryimage\"},\"thumbnailUrl\":\"https:\/\/evertonfc.cz\/wp-content\/uploads\/2019\/01\/news.jpg\",\"datePublished\":\"2014-07-08T18:18:56+00:00\",\"dateModified\":\"2019-02-13T22:34:43+00:00\",\"breadcrumb\":{\"@id\":\"https:\/\/evertonfc.cz\/index.php\/2014\/07\/08\/britsky-spanel-martinez\/#breadcrumb\"},\"inLanguage\":\"cs\",\"potentialAction\":[{\"@type\":\"ReadAction\",\"target\":[\"https:\/\/evertonfc.cz\/index.php\/2014\/07\/08\/britsky-spanel-martinez\/\"]}]},{\"@type\":\"ImageObject\",\"inLanguage\":\"cs\",\"@id\":\"https:\/\/evertonfc.cz\/index.php\/2014\/07\/08\/britsky-spanel-martinez\/#primaryimage\",\"url\":\"https:\/\/evertonfc.cz\/wp-content\/uploads\/2019\/01\/news.jpg\",\"contentUrl\":\"https:\/\/evertonfc.cz\/wp-content\/uploads\/2019\/01\/news.jpg\",\"width\":720,\"height\":405},{\"@type\":\"BreadcrumbList\",\"@id\":\"https:\/\/evertonfc.cz\/index.php\/2014\/07\/08\/britsky-spanel-martinez\/#breadcrumb\",\"itemListElement\":[{\"@type\":\"ListItem\",\"position\":1,\"name\":\"Home\",\"item\":\"https:\/\/evertonfc.cz\/\"},{\"@type\":\"ListItem\",\"position\":2,\"name\":\"Britsk\u00fd \u0160pan\u011bl Mart\u00ednez\"}]},{\"@type\":\"WebSite\",\"@id\":\"https:\/\/evertonfc.cz\/#website\",\"url\":\"https:\/\/evertonfc.cz\/\",\"name\":\"Official Czech &amp; Slovak Everton Supporters&#039; Club\",\"description\":\"\",\"publisher\":{\"@id\":\"https:\/\/evertonfc.cz\/#organization\"},\"potentialAction\":[{\"@type\":\"SearchAction\",\"target\":{\"@type\":\"EntryPoint\",\"urlTemplate\":\"https:\/\/evertonfc.cz\/?s={search_term_string}\"},\"query-input\":{\"@type\":\"PropertyValueSpecification\",\"valueRequired\":true,\"valueName\":\"search_term_string\"}}],\"inLanguage\":\"cs\"},{\"@type\":\"Organization\",\"@id\":\"https:\/\/evertonfc.cz\/#organization\",\"name\":\"Official Czech & Slovak Everton Supporters' Club\",\"url\":\"https:\/\/evertonfc.cz\/\",\"logo\":{\"@type\":\"ImageObject\",\"inLanguage\":\"cs\",\"@id\":\"https:\/\/evertonfc.cz\/#\/schema\/logo\/image\/\",\"url\":\"https:\/\/evertonfc.cz\/wp-content\/uploads\/2019\/05\/logo.png\",\"contentUrl\":\"https:\/\/evertonfc.cz\/wp-content\/uploads\/2019\/05\/logo.png\",\"width\":112,\"height\":112,\"caption\":\"Official Czech & Slovak Everton Supporters' Club\"},\"image\":{\"@id\":\"https:\/\/evertonfc.cz\/#\/schema\/logo\/image\/\"},\"sameAs\":[\"https:\/\/www.facebook.com\/everton.fans.cz.sk\"]},{\"@type\":\"Person\",\"@id\":\"https:\/\/evertonfc.cz\/#\/schema\/person\/f7a5daedb2ffee98480bc70e191aaef1\",\"name\":\"Ri\u010di\",\"sameAs\":[\"https:\/\/x.com\/rbrejsa\"],\"url\":\"https:\/\/evertonfc.cz\/index.php\/author\/rici\/\"}]}<\/script>\n<!-- \/ Yoast SEO plugin. -->","yoast_head_json":{"title":"Britsk\u00fd \u0160pan\u011bl Mart\u00ednez - Official Czech &amp; Slovak Everton Supporters&#039; Club","robots":{"index":"index","follow":"follow","max-snippet":"max-snippet:-1","max-image-preview":"max-image-preview:large","max-video-preview":"max-video-preview:-1"},"canonical":"https:\/\/evertonfc.cz\/index.php\/2014\/07\/08\/britsky-spanel-martinez\/","og_locale":"cs_CZ","og_type":"article","og_title":"Britsk\u00fd \u0160pan\u011bl Mart\u00ednez - Official Czech &amp; Slovak Everton Supporters&#039; Club","og_description":"Skoro dvacetilet\u00fdm pobytem v Brit\u00e1nii z\u00edskal Roberto Mart\u00ednez druh\u00fd domov, proto katal\u00e1nsk\u00fd rod\u00e1k v\u011b\u0159\u00ed, \u017ee pokud zkombinuje hern\u00ed prvky obou&hellip;","og_url":"https:\/\/evertonfc.cz\/index.php\/2014\/07\/08\/britsky-spanel-martinez\/","og_site_name":"Official Czech &amp; Slovak Everton Supporters&#039; Club","article_publisher":"https:\/\/www.facebook.com\/everton.fans.cz.sk","article_published_time":"2014-07-08T18:18:56+00:00","article_modified_time":"2019-02-13T22:34:43+00:00","og_image":[{"width":720,"height":405,"url":"https:\/\/evertonfc.cz\/wp-content\/uploads\/2019\/01\/news.jpg","type":"image\/jpeg"}],"author":"Ri\u010di","twitter_card":"summary_large_image","twitter_creator":"@rbrejsa","twitter_misc":{"Napsal(a)":"Ri\u010di","Odhadovan\u00e1 doba \u010dten\u00ed":"3 minuty"},"schema":{"@context":"https:\/\/schema.org","@graph":[{"@type":"Article","@id":"https:\/\/evertonfc.cz\/index.php\/2014\/07\/08\/britsky-spanel-martinez\/#article","isPartOf":{"@id":"https:\/\/evertonfc.cz\/index.php\/2014\/07\/08\/britsky-spanel-martinez\/"},"author":{"name":"Ri\u010di","@id":"https:\/\/evertonfc.cz\/#\/schema\/person\/f7a5daedb2ffee98480bc70e191aaef1"},"headline":"Britsk\u00fd \u0160pan\u011bl Mart\u00ednez","datePublished":"2014-07-08T18:18:56+00:00","dateModified":"2019-02-13T22:34:43+00:00","mainEntityOfPage":{"@id":"https:\/\/evertonfc.cz\/index.php\/2014\/07\/08\/britsky-spanel-martinez\/"},"wordCount":525,"commentCount":0,"publisher":{"@id":"https:\/\/evertonfc.cz\/#organization"},"image":{"@id":"https:\/\/evertonfc.cz\/index.php\/2014\/07\/08\/britsky-spanel-martinez\/#primaryimage"},"thumbnailUrl":"https:\/\/evertonfc.cz\/wp-content\/uploads\/2019\/01\/news.jpg","articleSection":["Aktuality","Rozhovory"],"inLanguage":"cs","potentialAction":[{"@type":"CommentAction","name":"Comment","target":["https:\/\/evertonfc.cz\/index.php\/2014\/07\/08\/britsky-spanel-martinez\/#respond"]}]},{"@type":"WebPage","@id":"https:\/\/evertonfc.cz\/index.php\/2014\/07\/08\/britsky-spanel-martinez\/","url":"https:\/\/evertonfc.cz\/index.php\/2014\/07\/08\/britsky-spanel-martinez\/","name":"Britsk\u00fd \u0160pan\u011bl Mart\u00ednez - Official Czech &amp; Slovak Everton Supporters&#039; Club","isPartOf":{"@id":"https:\/\/evertonfc.cz\/#website"},"primaryImageOfPage":{"@id":"https:\/\/evertonfc.cz\/index.php\/2014\/07\/08\/britsky-spanel-martinez\/#primaryimage"},"image":{"@id":"https:\/\/evertonfc.cz\/index.php\/2014\/07\/08\/britsky-spanel-martinez\/#primaryimage"},"thumbnailUrl":"https:\/\/evertonfc.cz\/wp-content\/uploads\/2019\/01\/news.jpg","datePublished":"2014-07-08T18:18:56+00:00","dateModified":"2019-02-13T22:34:43+00:00","breadcrumb":{"@id":"https:\/\/evertonfc.cz\/index.php\/2014\/07\/08\/britsky-spanel-martinez\/#breadcrumb"},"inLanguage":"cs","potentialAction":[{"@type":"ReadAction","target":["https:\/\/evertonfc.cz\/index.php\/2014\/07\/08\/britsky-spanel-martinez\/"]}]},{"@type":"ImageObject","inLanguage":"cs","@id":"https:\/\/evertonfc.cz\/index.php\/2014\/07\/08\/britsky-spanel-martinez\/#primaryimage","url":"https:\/\/evertonfc.cz\/wp-content\/uploads\/2019\/01\/news.jpg","contentUrl":"https:\/\/evertonfc.cz\/wp-content\/uploads\/2019\/01\/news.jpg","width":720,"height":405},{"@type":"BreadcrumbList","@id":"https:\/\/evertonfc.cz\/index.php\/2014\/07\/08\/britsky-spanel-martinez\/#breadcrumb","itemListElement":[{"@type":"ListItem","position":1,"name":"Home","item":"https:\/\/evertonfc.cz\/"},{"@type":"ListItem","position":2,"name":"Britsk\u00fd \u0160pan\u011bl Mart\u00ednez"}]},{"@type":"WebSite","@id":"https:\/\/evertonfc.cz\/#website","url":"https:\/\/evertonfc.cz\/","name":"Official Czech &amp; Slovak Everton Supporters&#039; Club","description":"","publisher":{"@id":"https:\/\/evertonfc.cz\/#organization"},"potentialAction":[{"@type":"SearchAction","target":{"@type":"EntryPoint","urlTemplate":"https:\/\/evertonfc.cz\/?s={search_term_string}"},"query-input":{"@type":"PropertyValueSpecification","valueRequired":true,"valueName":"search_term_string"}}],"inLanguage":"cs"},{"@type":"Organization","@id":"https:\/\/evertonfc.cz\/#organization","name":"Official Czech & Slovak Everton Supporters' Club","url":"https:\/\/evertonfc.cz\/","logo":{"@type":"ImageObject","inLanguage":"cs","@id":"https:\/\/evertonfc.cz\/#\/schema\/logo\/image\/","url":"https:\/\/evertonfc.cz\/wp-content\/uploads\/2019\/05\/logo.png","contentUrl":"https:\/\/evertonfc.cz\/wp-content\/uploads\/2019\/05\/logo.png","width":112,"height":112,"caption":"Official Czech & Slovak Everton Supporters' Club"},"image":{"@id":"https:\/\/evertonfc.cz\/#\/schema\/logo\/image\/"},"sameAs":["https:\/\/www.facebook.com\/everton.fans.cz.sk"]},{"@type":"Person","@id":"https:\/\/evertonfc.cz\/#\/schema\/person\/f7a5daedb2ffee98480bc70e191aaef1","name":"Ri\u010di","sameAs":["https:\/\/x.com\/rbrejsa"],"url":"https:\/\/evertonfc.cz\/index.php\/author\/rici\/"}]}},"_links":{"self":[{"href":"https:\/\/evertonfc.cz\/index.php\/wp-json\/wp\/v2\/posts\/4705"}],"collection":[{"href":"https:\/\/evertonfc.cz\/index.php\/wp-json\/wp\/v2\/posts"}],"about":[{"href":"https:\/\/evertonfc.cz\/index.php\/wp-json\/wp\/v2\/types\/post"}],"author":[{"embeddable":true,"href":"https:\/\/evertonfc.cz\/index.php\/wp-json\/wp\/v2\/users\/6"}],"replies":[{"embeddable":true,"href":"https:\/\/evertonfc.cz\/index.php\/wp-json\/wp\/v2\/comments?post=4705"}],"version-history":[{"count":4,"href":"https:\/\/evertonfc.cz\/index.php\/wp-json\/wp\/v2\/posts\/4705\/revisions"}],"predecessor-version":[{"id":4962,"href":"https:\/\/evertonfc.cz\/index.php\/wp-json\/wp\/v2\/posts\/4705\/revisions\/4962"}],"wp:featuredmedia":[{"embeddable":true,"href":"https:\/\/evertonfc.cz\/index.php\/wp-json\/wp\/v2\/media\/1313"}],"wp:attachment":[{"href":"https:\/\/evertonfc.cz\/index.php\/wp-json\/wp\/v2\/media?parent=4705"}],"wp:term":[{"taxonomy":"category","embeddable":true,"href":"https:\/\/evertonfc.cz\/index.php\/wp-json\/wp\/v2\/categories?post=4705"},{"taxonomy":"post_tag","embeddable":true,"href":"https:\/\/evertonfc.cz\/index.php\/wp-json\/wp\/v2\/tags?post=4705"}],"curies":[{"name":"wp","href":"https:\/\/api.w.org\/{rel}","templated":true}]}}