{"id":4708,"date":"2014-07-02T20:23:54","date_gmt":"2014-07-02T18:23:54","guid":{"rendered":"http:\/\/evertonfc.cz\/?p=4708"},"modified":"2019-02-13T23:37:52","modified_gmt":"2019-02-13T22:37:52","slug":"coleman-hibbert-a-mcaleny-prodlouzili","status":"publish","type":"post","link":"https:\/\/evertonfc.cz\/index.php\/2014\/07\/02\/coleman-hibbert-a-mcaleny-prodlouzili\/","title":{"rendered":"Coleman, Hibbert a McAleny prodlou\u017eili"},"content":{"rendered":"<h4 id=\"NewsPostDetailSummary\">Zat\u00edmco Seamus Coleman si kvalitn\u00edmi v\u00fdkony \u0159ekl o vylep\u0161en\u00ed smlouvy, Tony Hibbert a Conor McAleny podpisy odvr\u00e1tili odchody z Goodison Parku.<\/h4>\n<div id=\"NewsPostDetailContent\">\n<p>Dvacet p\u011bt let star\u00fd prav\u00fd obr\u00e1nce byl v lo\u0148sk\u00e9 sez\u00f3n\u011b zvolen nejlep\u0161\u00edm klubov\u00fdm hr\u00e1\u010dem, a tak nen\u00ed divu, \u017ee se veden\u00ed rozhodlo Colemanovi smlouvu vylep\u0161it, jej\u00ed skon\u010den\u00ed posunout o rok do l\u00e9ta 2019 a odradit potencion\u00e1ln\u00ed z\u00e1jemce.<\/p>\n<p><em>\u201eJsem spokojen\u00fd, miluji pr\u00e1ci se v\u0161emi hr\u00e1\u010di a tren\u00e9rsk\u00fdm t\u00fdmem. S na\u0161\u00edm mana\u017eerem a k\u00e1drem kr\u00e1\u010d\u00edme spr\u00e1vnou cestou,\u201c\u00a0<\/em>prozradil irsk\u00fd reprezentant.<\/p>\n<p>U Tonyho Hibberta byla situace jin\u00e1, odchovanci a obl\u00edbenci fanou\u0161k\u016f k \u010dervnu vypr\u0161el kontrakt, a p\u0159esto\u017ee Roberto Mart\u00ednez vyjad\u0159oval p\u0159\u00e1n\u00ed ohledn\u011b setrvan\u00ed t\u0159iat\u0159icetilet\u00e9ho beka, v m\u00e9di\u00edch se objevovaly spekulace o p\u0159esunu do West Bromu, kde se mana\u017eersk\u00e9 pozice ujal Alan Irvine, b\u00fdval\u00fd \u0159editel akademie Evertonu.<\/p>\n<p>Hibbo se ale nakonec rozhodl srdcem, a tak u Toffees pravd\u011bpodobn\u011b ukon\u010d\u00ed kari\u00e9ru, podepsal toti\u017e na dva roky. Jeho ambice jsou jasn\u00e9 \u2013 \u010dast\u011bji se ukazovat na h\u0159i\u0161ti. V\u017edy\u0165 od kv\u011btna 2012 nasko\u010dil i kv\u016fli zran\u011bn\u00edm pouze do des\u00edti z\u00e1pas\u016f: <em>\u201eTr\u00e1pily m\u011b zdravotn\u00ed probl\u00e9my, nyn\u00ed jsem v\u0161ak zdrav\u00fd a p\u0159ipraven\u00fd hr\u00e1t. \u010cek\u00e1 n\u00e1s v\u011bt\u0161\u00ed porce utk\u00e1n\u00ed, boss bude cht\u00edt rotovat sestavu a m\u00edt k dispozici siln\u00fd v\u00fdb\u011br.\u201c<\/em><\/p>\n<p>Konec v Evertonu visel tak\u00e9 nad Conorem McAlenym, jednadvacetilet\u00e9mu \u00fato\u010dn\u00edkovi vypr\u0161ela po konci sez\u00f3ny smlouva, po jedn\u00e1n\u00edch ov\u0161em nakonec podepsal novou a hned t\u0159\u00edletou. \u0160ikovn\u00fd hr\u00e1\u010d utrp\u011bl vloni na podzim t\u011b\u017ekou zlomeninu nohy p\u0159i hostov\u00e1n\u00ed v Brentfordu (League One). Rekonvalescence prob\u00edhala dob\u0159e, a proto u\u017e b\u011bhem jara st\u0159\u00edlel branky za U21.<\/p>\n<p>Te\u010f chce nav\u00e1zat na t\u0159i starty za prvn\u00ed t\u00fdm zp\u0159ed t\u0159\u00ed let je\u0161t\u011b pod Davidem Moyesem. Podle vlastn\u00edch slov s n\u00edm Roberto Mart\u00ednez po\u010d\u00edt\u00e1. <em>\u201eSnad jsou pro m\u011b zran\u011bn\u00ed minulost\u00ed a mohu se d\u00edvat dop\u0159edu. Mana\u017eer mi volal p\u0159ed p\u00e1r t\u00fddny a ten rozhovor byl pro m\u011b rozhoduj\u00edc\u00ed. Prozradil mi, jak jsem v jeho pl\u00e1nech, co\u017e m\u011b hodn\u011b p\u0159esv\u011bd\u010dilo pro\u010d podepsat.<\/em><\/p>\n<p><em>Kdy\u017e takovou v\u011bc sly\u0161\u00edte od mana\u017eera, dostav\u00ed se impuls a sebed\u016fv\u011bra. V Evertonu se do budoucna po\u010d\u00edt\u00e1 s mlad\u00edky, to m\u011b velmi motivuje,\u201c<\/em> vysv\u011btlil McAleny, kolem n\u011bho\u017e krou\u017eil krom\u011b Brentfordu rovn\u011b\u017e Wigan, kter\u00fd vede Uwe R\u00f6sler, b\u00fdval\u00fd \u0161\u00e9f Bees.<\/p>\n<\/div>\n","protected":false},"excerpt":{"rendered":"<p>Zat\u00edmco Seamus Coleman si kvalitn\u00edmi v\u00fdkony \u0159ekl o vylep\u0161en\u00ed smlouvy, Tony Hibbert a Conor McAleny podpisy odvr\u00e1tili odchody z Goodison&hellip;<\/p>\n","protected":false},"author":6,"featured_media":1313,"comment_status":"open","ping_status":"closed","sticky":false,"template":"","format":"standard","meta":{"_eb_attr":"","_monsterinsights_skip_tracking":false,"_monsterinsights_sitenote_active":false,"_monsterinsights_sitenote_note":"","_monsterinsights_sitenote_category":0,"footnotes":""},"categories":[42],"tags":[],"yoast_head":"<!-- This site is optimized with the Yoast SEO plugin v23.4 - https:\/\/yoast.com\/wordpress\/plugins\/seo\/ -->\n<title>Coleman, Hibbert a McAleny prodlou\u017eili - Official Czech &amp; Slovak Everton Supporters&#039; Club<\/title>\n<meta name=\"robots\" content=\"index, follow, max-snippet:-1, max-image-preview:large, max-video-preview:-1\" \/>\n<link rel=\"canonical\" href=\"https:\/\/evertonfc.cz\/index.php\/2014\/07\/02\/coleman-hibbert-a-mcaleny-prodlouzili\/\" \/>\n<meta property=\"og:locale\" content=\"cs_CZ\" \/>\n<meta property=\"og:type\" content=\"article\" \/>\n<meta property=\"og:title\" content=\"Coleman, Hibbert a McAleny prodlou\u017eili - Official Czech &amp; Slovak Everton Supporters&#039; Club\" \/>\n<meta property=\"og:description\" content=\"Zat\u00edmco Seamus Coleman si kvalitn\u00edmi v\u00fdkony \u0159ekl o vylep\u0161en\u00ed smlouvy, Tony Hibbert a Conor McAleny podpisy odvr\u00e1tili odchody z Goodison&hellip;\" \/>\n<meta property=\"og:url\" content=\"https:\/\/evertonfc.cz\/index.php\/2014\/07\/02\/coleman-hibbert-a-mcaleny-prodlouzili\/\" \/>\n<meta property=\"og:site_name\" content=\"Official Czech &amp; Slovak Everton Supporters&#039; Club\" \/>\n<meta property=\"article:publisher\" content=\"https:\/\/www.facebook.com\/everton.fans.cz.sk\" \/>\n<meta property=\"article:published_time\" content=\"2014-07-02T18:23:54+00:00\" \/>\n<meta property=\"article:modified_time\" content=\"2019-02-13T22:37:52+00:00\" \/>\n<meta property=\"og:image\" content=\"https:\/\/evertonfc.cz\/wp-content\/uploads\/2019\/01\/news.jpg\" \/>\n\t<meta property=\"og:image:width\" content=\"720\" \/>\n\t<meta property=\"og:image:height\" content=\"405\" \/>\n\t<meta property=\"og:image:type\" content=\"image\/jpeg\" \/>\n<meta name=\"author\" content=\"Ri\u010di\" \/>\n<meta name=\"twitter:card\" content=\"summary_large_image\" \/>\n<meta name=\"twitter:creator\" content=\"@rbrejsa\" \/>\n<meta name=\"twitter:label1\" content=\"Napsal(a)\" \/>\n\t<meta name=\"twitter:data1\" content=\"Ri\u010di\" \/>\n\t<meta name=\"twitter:label2\" content=\"Odhadovan\u00e1 doba \u010dten\u00ed\" \/>\n\t<meta name=\"twitter:data2\" content=\"2 minuty\" \/>\n<script type=\"application\/ld+json\" class=\"yoast-schema-graph\">{\"@context\":\"https:\/\/schema.org\",\"@graph\":[{\"@type\":\"Article\",\"@id\":\"https:\/\/evertonfc.cz\/index.php\/2014\/07\/02\/coleman-hibbert-a-mcaleny-prodlouzili\/#article\",\"isPartOf\":{\"@id\":\"https:\/\/evertonfc.cz\/index.php\/2014\/07\/02\/coleman-hibbert-a-mcaleny-prodlouzili\/\"},\"author\":{\"name\":\"Ri\u010di\",\"@id\":\"https:\/\/evertonfc.cz\/#\/schema\/person\/f7a5daedb2ffee98480bc70e191aaef1\"},\"headline\":\"Coleman, Hibbert a McAleny prodlou\u017eili\",\"datePublished\":\"2014-07-02T18:23:54+00:00\",\"dateModified\":\"2019-02-13T22:37:52+00:00\",\"mainEntityOfPage\":{\"@id\":\"https:\/\/evertonfc.cz\/index.php\/2014\/07\/02\/coleman-hibbert-a-mcaleny-prodlouzili\/\"},\"wordCount\":464,\"commentCount\":0,\"publisher\":{\"@id\":\"https:\/\/evertonfc.cz\/#organization\"},\"image\":{\"@id\":\"https:\/\/evertonfc.cz\/index.php\/2014\/07\/02\/coleman-hibbert-a-mcaleny-prodlouzili\/#primaryimage\"},\"thumbnailUrl\":\"https:\/\/evertonfc.cz\/wp-content\/uploads\/2019\/01\/news.jpg\",\"articleSection\":[\"Aktuality\"],\"inLanguage\":\"cs\",\"potentialAction\":[{\"@type\":\"CommentAction\",\"name\":\"Comment\",\"target\":[\"https:\/\/evertonfc.cz\/index.php\/2014\/07\/02\/coleman-hibbert-a-mcaleny-prodlouzili\/#respond\"]}]},{\"@type\":\"WebPage\",\"@id\":\"https:\/\/evertonfc.cz\/index.php\/2014\/07\/02\/coleman-hibbert-a-mcaleny-prodlouzili\/\",\"url\":\"https:\/\/evertonfc.cz\/index.php\/2014\/07\/02\/coleman-hibbert-a-mcaleny-prodlouzili\/\",\"name\":\"Coleman, Hibbert a McAleny prodlou\u017eili - Official Czech &amp; Slovak Everton Supporters&#039; Club\",\"isPartOf\":{\"@id\":\"https:\/\/evertonfc.cz\/#website\"},\"primaryImageOfPage\":{\"@id\":\"https:\/\/evertonfc.cz\/index.php\/2014\/07\/02\/coleman-hibbert-a-mcaleny-prodlouzili\/#primaryimage\"},\"image\":{\"@id\":\"https:\/\/evertonfc.cz\/index.php\/2014\/07\/02\/coleman-hibbert-a-mcaleny-prodlouzili\/#primaryimage\"},\"thumbnailUrl\":\"https:\/\/evertonfc.cz\/wp-content\/uploads\/2019\/01\/news.jpg\",\"datePublished\":\"2014-07-02T18:23:54+00:00\",\"dateModified\":\"2019-02-13T22:37:52+00:00\",\"breadcrumb\":{\"@id\":\"https:\/\/evertonfc.cz\/index.php\/2014\/07\/02\/coleman-hibbert-a-mcaleny-prodlouzili\/#breadcrumb\"},\"inLanguage\":\"cs\",\"potentialAction\":[{\"@type\":\"ReadAction\",\"target\":[\"https:\/\/evertonfc.cz\/index.php\/2014\/07\/02\/coleman-hibbert-a-mcaleny-prodlouzili\/\"]}]},{\"@type\":\"ImageObject\",\"inLanguage\":\"cs\",\"@id\":\"https:\/\/evertonfc.cz\/index.php\/2014\/07\/02\/coleman-hibbert-a-mcaleny-prodlouzili\/#primaryimage\",\"url\":\"https:\/\/evertonfc.cz\/wp-content\/uploads\/2019\/01\/news.jpg\",\"contentUrl\":\"https:\/\/evertonfc.cz\/wp-content\/uploads\/2019\/01\/news.jpg\",\"width\":720,\"height\":405},{\"@type\":\"BreadcrumbList\",\"@id\":\"https:\/\/evertonfc.cz\/index.php\/2014\/07\/02\/coleman-hibbert-a-mcaleny-prodlouzili\/#breadcrumb\",\"itemListElement\":[{\"@type\":\"ListItem\",\"position\":1,\"name\":\"Home\",\"item\":\"https:\/\/evertonfc.cz\/\"},{\"@type\":\"ListItem\",\"position\":2,\"name\":\"Coleman, Hibbert a McAleny prodlou\u017eili\"}]},{\"@type\":\"WebSite\",\"@id\":\"https:\/\/evertonfc.cz\/#website\",\"url\":\"https:\/\/evertonfc.cz\/\",\"name\":\"Official Czech &amp; Slovak Everton Supporters&#039; Club\",\"description\":\"\",\"publisher\":{\"@id\":\"https:\/\/evertonfc.cz\/#organization\"},\"potentialAction\":[{\"@type\":\"SearchAction\",\"target\":{\"@type\":\"EntryPoint\",\"urlTemplate\":\"https:\/\/evertonfc.cz\/?s={search_term_string}\"},\"query-input\":{\"@type\":\"PropertyValueSpecification\",\"valueRequired\":true,\"valueName\":\"search_term_string\"}}],\"inLanguage\":\"cs\"},{\"@type\":\"Organization\",\"@id\":\"https:\/\/evertonfc.cz\/#organization\",\"name\":\"Official Czech & Slovak Everton Supporters' Club\",\"url\":\"https:\/\/evertonfc.cz\/\",\"logo\":{\"@type\":\"ImageObject\",\"inLanguage\":\"cs\",\"@id\":\"https:\/\/evertonfc.cz\/#\/schema\/logo\/image\/\",\"url\":\"https:\/\/evertonfc.cz\/wp-content\/uploads\/2019\/05\/logo.png\",\"contentUrl\":\"https:\/\/evertonfc.cz\/wp-content\/uploads\/2019\/05\/logo.png\",\"width\":112,\"height\":112,\"caption\":\"Official Czech & Slovak Everton Supporters' Club\"},\"image\":{\"@id\":\"https:\/\/evertonfc.cz\/#\/schema\/logo\/image\/\"},\"sameAs\":[\"https:\/\/www.facebook.com\/everton.fans.cz.sk\"]},{\"@type\":\"Person\",\"@id\":\"https:\/\/evertonfc.cz\/#\/schema\/person\/f7a5daedb2ffee98480bc70e191aaef1\",\"name\":\"Ri\u010di\",\"sameAs\":[\"https:\/\/x.com\/rbrejsa\"],\"url\":\"https:\/\/evertonfc.cz\/index.php\/author\/rici\/\"}]}<\/script>\n<!-- \/ Yoast SEO plugin. -->","yoast_head_json":{"title":"Coleman, Hibbert a McAleny prodlou\u017eili - Official Czech &amp; Slovak Everton Supporters&#039; Club","robots":{"index":"index","follow":"follow","max-snippet":"max-snippet:-1","max-image-preview":"max-image-preview:large","max-video-preview":"max-video-preview:-1"},"canonical":"https:\/\/evertonfc.cz\/index.php\/2014\/07\/02\/coleman-hibbert-a-mcaleny-prodlouzili\/","og_locale":"cs_CZ","og_type":"article","og_title":"Coleman, Hibbert a McAleny prodlou\u017eili - Official Czech &amp; Slovak Everton Supporters&#039; Club","og_description":"Zat\u00edmco Seamus Coleman si kvalitn\u00edmi v\u00fdkony \u0159ekl o vylep\u0161en\u00ed smlouvy, Tony Hibbert a Conor McAleny podpisy odvr\u00e1tili odchody z Goodison&hellip;","og_url":"https:\/\/evertonfc.cz\/index.php\/2014\/07\/02\/coleman-hibbert-a-mcaleny-prodlouzili\/","og_site_name":"Official Czech &amp; Slovak Everton Supporters&#039; Club","article_publisher":"https:\/\/www.facebook.com\/everton.fans.cz.sk","article_published_time":"2014-07-02T18:23:54+00:00","article_modified_time":"2019-02-13T22:37:52+00:00","og_image":[{"width":720,"height":405,"url":"https:\/\/evertonfc.cz\/wp-content\/uploads\/2019\/01\/news.jpg","type":"image\/jpeg"}],"author":"Ri\u010di","twitter_card":"summary_large_image","twitter_creator":"@rbrejsa","twitter_misc":{"Napsal(a)":"Ri\u010di","Odhadovan\u00e1 doba \u010dten\u00ed":"2 minuty"},"schema":{"@context":"https:\/\/schema.org","@graph":[{"@type":"Article","@id":"https:\/\/evertonfc.cz\/index.php\/2014\/07\/02\/coleman-hibbert-a-mcaleny-prodlouzili\/#article","isPartOf":{"@id":"https:\/\/evertonfc.cz\/index.php\/2014\/07\/02\/coleman-hibbert-a-mcaleny-prodlouzili\/"},"author":{"name":"Ri\u010di","@id":"https:\/\/evertonfc.cz\/#\/schema\/person\/f7a5daedb2ffee98480bc70e191aaef1"},"headline":"Coleman, Hibbert a McAleny prodlou\u017eili","datePublished":"2014-07-02T18:23:54+00:00","dateModified":"2019-02-13T22:37:52+00:00","mainEntityOfPage":{"@id":"https:\/\/evertonfc.cz\/index.php\/2014\/07\/02\/coleman-hibbert-a-mcaleny-prodlouzili\/"},"wordCount":464,"commentCount":0,"publisher":{"@id":"https:\/\/evertonfc.cz\/#organization"},"image":{"@id":"https:\/\/evertonfc.cz\/index.php\/2014\/07\/02\/coleman-hibbert-a-mcaleny-prodlouzili\/#primaryimage"},"thumbnailUrl":"https:\/\/evertonfc.cz\/wp-content\/uploads\/2019\/01\/news.jpg","articleSection":["Aktuality"],"inLanguage":"cs","potentialAction":[{"@type":"CommentAction","name":"Comment","target":["https:\/\/evertonfc.cz\/index.php\/2014\/07\/02\/coleman-hibbert-a-mcaleny-prodlouzili\/#respond"]}]},{"@type":"WebPage","@id":"https:\/\/evertonfc.cz\/index.php\/2014\/07\/02\/coleman-hibbert-a-mcaleny-prodlouzili\/","url":"https:\/\/evertonfc.cz\/index.php\/2014\/07\/02\/coleman-hibbert-a-mcaleny-prodlouzili\/","name":"Coleman, Hibbert a McAleny prodlou\u017eili - Official Czech &amp; Slovak Everton Supporters&#039; Club","isPartOf":{"@id":"https:\/\/evertonfc.cz\/#website"},"primaryImageOfPage":{"@id":"https:\/\/evertonfc.cz\/index.php\/2014\/07\/02\/coleman-hibbert-a-mcaleny-prodlouzili\/#primaryimage"},"image":{"@id":"https:\/\/evertonfc.cz\/index.php\/2014\/07\/02\/coleman-hibbert-a-mcaleny-prodlouzili\/#primaryimage"},"thumbnailUrl":"https:\/\/evertonfc.cz\/wp-content\/uploads\/2019\/01\/news.jpg","datePublished":"2014-07-02T18:23:54+00:00","dateModified":"2019-02-13T22:37:52+00:00","breadcrumb":{"@id":"https:\/\/evertonfc.cz\/index.php\/2014\/07\/02\/coleman-hibbert-a-mcaleny-prodlouzili\/#breadcrumb"},"inLanguage":"cs","potentialAction":[{"@type":"ReadAction","target":["https:\/\/evertonfc.cz\/index.php\/2014\/07\/02\/coleman-hibbert-a-mcaleny-prodlouzili\/"]}]},{"@type":"ImageObject","inLanguage":"cs","@id":"https:\/\/evertonfc.cz\/index.php\/2014\/07\/02\/coleman-hibbert-a-mcaleny-prodlouzili\/#primaryimage","url":"https:\/\/evertonfc.cz\/wp-content\/uploads\/2019\/01\/news.jpg","contentUrl":"https:\/\/evertonfc.cz\/wp-content\/uploads\/2019\/01\/news.jpg","width":720,"height":405},{"@type":"BreadcrumbList","@id":"https:\/\/evertonfc.cz\/index.php\/2014\/07\/02\/coleman-hibbert-a-mcaleny-prodlouzili\/#breadcrumb","itemListElement":[{"@type":"ListItem","position":1,"name":"Home","item":"https:\/\/evertonfc.cz\/"},{"@type":"ListItem","position":2,"name":"Coleman, Hibbert a McAleny prodlou\u017eili"}]},{"@type":"WebSite","@id":"https:\/\/evertonfc.cz\/#website","url":"https:\/\/evertonfc.cz\/","name":"Official Czech &amp; Slovak Everton Supporters&#039; Club","description":"","publisher":{"@id":"https:\/\/evertonfc.cz\/#organization"},"potentialAction":[{"@type":"SearchAction","target":{"@type":"EntryPoint","urlTemplate":"https:\/\/evertonfc.cz\/?s={search_term_string}"},"query-input":{"@type":"PropertyValueSpecification","valueRequired":true,"valueName":"search_term_string"}}],"inLanguage":"cs"},{"@type":"Organization","@id":"https:\/\/evertonfc.cz\/#organization","name":"Official Czech & Slovak Everton Supporters' Club","url":"https:\/\/evertonfc.cz\/","logo":{"@type":"ImageObject","inLanguage":"cs","@id":"https:\/\/evertonfc.cz\/#\/schema\/logo\/image\/","url":"https:\/\/evertonfc.cz\/wp-content\/uploads\/2019\/05\/logo.png","contentUrl":"https:\/\/evertonfc.cz\/wp-content\/uploads\/2019\/05\/logo.png","width":112,"height":112,"caption":"Official Czech & Slovak Everton Supporters' Club"},"image":{"@id":"https:\/\/evertonfc.cz\/#\/schema\/logo\/image\/"},"sameAs":["https:\/\/www.facebook.com\/everton.fans.cz.sk"]},{"@type":"Person","@id":"https:\/\/evertonfc.cz\/#\/schema\/person\/f7a5daedb2ffee98480bc70e191aaef1","name":"Ri\u010di","sameAs":["https:\/\/x.com\/rbrejsa"],"url":"https:\/\/evertonfc.cz\/index.php\/author\/rici\/"}]}},"_links":{"self":[{"href":"https:\/\/evertonfc.cz\/index.php\/wp-json\/wp\/v2\/posts\/4708"}],"collection":[{"href":"https:\/\/evertonfc.cz\/index.php\/wp-json\/wp\/v2\/posts"}],"about":[{"href":"https:\/\/evertonfc.cz\/index.php\/wp-json\/wp\/v2\/types\/post"}],"author":[{"embeddable":true,"href":"https:\/\/evertonfc.cz\/index.php\/wp-json\/wp\/v2\/users\/6"}],"replies":[{"embeddable":true,"href":"https:\/\/evertonfc.cz\/index.php\/wp-json\/wp\/v2\/comments?post=4708"}],"version-history":[{"count":3,"href":"https:\/\/evertonfc.cz\/index.php\/wp-json\/wp\/v2\/posts\/4708\/revisions"}],"predecessor-version":[{"id":4971,"href":"https:\/\/evertonfc.cz\/index.php\/wp-json\/wp\/v2\/posts\/4708\/revisions\/4971"}],"wp:featuredmedia":[{"embeddable":true,"href":"https:\/\/evertonfc.cz\/index.php\/wp-json\/wp\/v2\/media\/1313"}],"wp:attachment":[{"href":"https:\/\/evertonfc.cz\/index.php\/wp-json\/wp\/v2\/media?parent=4708"}],"wp:term":[{"taxonomy":"category","embeddable":true,"href":"https:\/\/evertonfc.cz\/index.php\/wp-json\/wp\/v2\/categories?post=4708"},{"taxonomy":"post_tag","embeddable":true,"href":"https:\/\/evertonfc.cz\/index.php\/wp-json\/wp\/v2\/tags?post=4708"}],"curies":[{"name":"wp","href":"https:\/\/api.w.org\/{rel}","templated":true}]}}