{"id":4710,"date":"2014-07-06T20:27:16","date_gmt":"2014-07-06T18:27:16","guid":{"rendered":"http:\/\/evertonfc.cz\/?p=4710"},"modified":"2019-02-13T23:37:15","modified_gmt":"2019-02-13T22:37:15","slug":"evertonians-na-ms-2","status":"publish","type":"post","link":"https:\/\/evertonfc.cz\/index.php\/2014\/07\/06\/evertonians-na-ms-2\/","title":{"rendered":"Evertonians na MS"},"content":{"rendered":"<h4 id=\"NewsPostDetailSummary\">Od 12. \u010dervna do 13. \u010dervence se kon\u00e1 20. mistrovstv\u00ed sv\u011bta, na n\u011bm\u017e se p\u0159edstav\u00ed Tim Howard, Leighton Baines, Phil Jagielka, Ross Barkley a Kevin Mirallas. Nominaci si vyslou\u017eil tak\u00e9 Romelu Lukaku, jeho\u017e budoucnost v Evertonu je ot\u00e1zkou.<\/h4>\n<div id=\"NewsPostDetailContent\">\n<h4><strong>\u010ctvrfin\u00e1le<\/strong><\/h4>\n<p><em>5.7. <\/em>&#8211; Belgi\u010dan\u00e9 se proti Argentin\u011b nedok\u00e1zali prosadit hlavn\u011b po taktick\u00e9 str\u00e1nce, a tak se s Braz\u00edli\u00ed lou\u010d\u00ed. Kevin Mirallas nastoupil v z\u00e1kladn\u00ed sestav\u011b, t\u011bsn\u011b p\u0159ed polo\u010dasovou p\u0159est\u00e1vkou nebezpe\u010dn\u011b hlavi\u010dkoval, jinak se ale na tr\u00e1vn\u00edku hledal, proto byl po hodin\u011b vyst\u0159\u00edd\u00e1n. Na posledn\u00edch 30 minut dostal \u0161anci Romelu Lukaku, ov\u0161em tak\u00e9 bez \u00fasp\u011bchu.<\/p>\n<p><strong>Argentina &#8211; Belgie 1:0 (1:0)<\/strong><br \/>\n<strong>Branka: <\/strong>8. Gonzalo Higua\u00edn<br \/>\n<strong>Argentina:<\/strong> Sergio Romero, Pablo Zabaleta, Mart\u00edn Demichelis, Ezequiel Garay, Jos\u00e9 Mar\u00eda Basanta, Lucas Biglia, Javier Mascherano, \u00c1ngel Di Mar\u00eda (33. Enzo P\u00e9rez), Ezequiel Lavezzi (71. Rodrigo Palacio), Lionel Messi, Gonzalo Higua\u00edn (81. Fernando Gago)<br \/>\n<strong>Belgie: <\/strong>Thibaut Courtois, Toby Alderweireld, Daniel van Buyten, Vincent Kompany, Jan Vertonghen, Axel Witsel, Marouane Fellaini, Kevin Mirallas (60. Dries Mertens), Kevin De Bruyne, Eden Hazard (75. Nacer Chadli), Divock Origi (59. Romelu Lukaku)<\/p>\n<h4><strong>Osmifin\u00e1le<\/strong><\/h4>\n<p><em>1.7.<\/em> &#8211; Belgie se protla\u010dila mezi nejlep\u0161\u00ed osmi\u010dku, USA zdolala po prodlou\u017een\u00ed. Ameri\u010dany dlouho dr\u017eel nad vodou v\u00fdborn\u00fd Tim Howard, pochytal 16 st\u0159el, tedy nejvy\u0161\u0161\u00ed po\u010det p\u0159i utk\u00e1n\u00ed na MS od roku 1966, kdy FIFA za\u010dala v\u00e9st statistiky. Po hodin\u011b hry se dostal na h\u0159i\u0161t\u011b i Kevin Mirallas, ale ani on po p\u00e1r minut\u00e1ch neusp\u011bl s\u00e1m p\u0159ed kolegou z Evertonu.<\/p>\n<p>Rozhodlo a\u017e st\u0159\u00edd\u00e1n\u00ed, Romelu Lukaku nasko\u010dil do prodlou\u017een\u00ed a nejprve po jeho pr\u016fniku otev\u0159el sk\u00f3re p\u0159\u00edzemn\u00ed ranou Kevin De Bruyne. Za chv\u00edli si oba hr\u00e1\u010di role vym\u011bnili a Lukaku tvrd\u00fdm projektilem poprv\u00e9 na \u0161ampion\u00e1tu sk\u00f3roval.<\/p>\n<p><strong>Belgie &#8211; USA\u00a02:1 po prodlou\u017een\u00ed (0:0, 0:0)<\/strong><br \/>\n<strong>Branky:<\/strong> 93. Kevin De Bruyne, 105. Romelu Lukaku &#8211; 107. Julian Green<br \/>\n<strong>Belgie:<\/strong> Thibaut Courtois, Toby Alderweireld, Daniel van Buyten, Vincent Kompany, Jan Vertonghen, Axel Witsel, Marouane Fellaini, Dries Mertens (60. Kevin Mirallas), Kevin De Bruyne, Eden Hazard (111. Nacer Chadli), Divock Origi (91. Romelu Lukaku)<br \/>\n<strong>USA:<\/strong> Tim Howard, Geoff Cameron, Omar Gonzalez, Matt Besler, DaMarcus Beasley, Fabian Johnson (32. DeAndre Yedlin), Jermaine Jones, Graham Zusi (72. Chris Wondolowski), Michael Bradley, Clint Dempsey, Alejandro Bedoya (105+2. Julian Green)<\/p>\n<h4><strong>Z\u00e1kladn\u00ed skupiny<\/strong><\/h4>\n<p><em>26.6.<\/em> &#8211; Kevin Mirallas se poprv\u00e9 uk\u00e1zal na \u0161ampion\u00e1tu od \u00favodn\u00ed minuty. Do 60. minuty bojoval na hrotu \u00fatoku, pot\u00e9 se p\u0159esunul na k\u0159\u00eddlo a jeho v\u00fdkon se zlep\u0161il. Romelu Lukaku z\u016fstal na lavi\u010dce. Belgie postupuje s pln\u00fdm bodov\u00fdm ziskem, i kdy\u017e proti Jihokorejc\u016fm p\u0159i\u0161la p\u0159ed polo\u010dasovou p\u0159est\u00e1vkou o vylou\u010den\u00e9ho Defoura.<\/p>\n<p><strong>Korejsk\u00e1 republika &#8211; Belgie 0:1 (0:0)<\/strong><br \/>\n<strong>Branka:<\/strong> 77. Jan Vertonghen<strong><br \/>\n\u010cK: <\/strong>44. Steven Defour<strong><br \/>\nKorejsk\u00e1 republika:<\/strong> Seung-Gyu Kim, Yong Lee, Young-Gwon Kim, Jeong-Ho Hong, Suk-Young Yun, Chung-Yong Lee, Kook-Young Han (46. Keun-Ho Lee), Sung-Yueng Ki, Heung-Min Son (73. Dong-Won Ji), Ja-Cheol Koo, Shin-Wook Kim (66. Bo-Kyung Kim)<br \/>\n<strong>Belgie:<\/strong> Thibaut Courtois, Anthony Vanden Borre, Daniel van Buyten, Nicolas Lombaerts, Jan Vertonghen, Steven Defour, Moussa Demb\u00e9l\u00e9, Marouane Fellaini, Dries Mertens (60. Divock Origi), Adnan Januzaj (60. Nacer Chadli), Kevin Mirallas (87. Eden Hazard)<\/p>\n<table border=\"1\" frame=\"void\" align=\"center\">\n<tbody>\n<tr>\n<td><\/td>\n<td><strong>T\u00fdm<\/strong><\/td>\n<td style=\"text-align: center;\"><strong>Z\u00e1pasy<\/strong><\/td>\n<td style=\"text-align: center;\"><strong>V\u00fdhry<\/strong><\/td>\n<td style=\"text-align: center;\"><strong>Rem\u00edzy<\/strong><\/td>\n<td style=\"text-align: center;\"><strong>Prohry<\/strong><\/td>\n<td style=\"text-align: center;\"><strong>Sk\u00f3re<\/strong><\/td>\n<td style=\"text-align: center;\"><strong>Body<\/strong><\/td>\n<\/tr>\n<tr>\n<td>1.<\/td>\n<td><em>Belgie<\/em><\/td>\n<td style=\"text-align: center;\">3<\/td>\n<td style=\"text-align: center;\">3<\/td>\n<td style=\"text-align: center;\">0<\/td>\n<td style=\"text-align: center;\">0<\/td>\n<td style=\"text-align: center;\">4:1<\/td>\n<td style=\"text-align: center;\">9<\/td>\n<\/tr>\n<tr>\n<td>2.<\/td>\n<td><em>Al\u017e\u00edrsko<\/em><\/td>\n<td style=\"text-align: center;\">3<\/td>\n<td style=\"text-align: center;\">1<\/td>\n<td style=\"text-align: center;\">1<\/td>\n<td style=\"text-align: center;\">1<\/td>\n<td style=\"text-align: center;\">6:5<\/td>\n<td style=\"text-align: center;\">4<\/td>\n<\/tr>\n<tr>\n<td>3.<\/td>\n<td>Rusko<\/td>\n<td style=\"text-align: center;\">3<\/td>\n<td style=\"text-align: center;\">0<\/td>\n<td style=\"text-align: center;\">2<\/td>\n<td style=\"text-align: center;\">1<\/td>\n<td style=\"text-align: center;\">2:3<\/td>\n<td style=\"text-align: center;\">2<\/td>\n<\/tr>\n<tr>\n<td>4.<\/td>\n<td>Korejsk\u00e1 republika<\/td>\n<td style=\"text-align: center;\">3<\/td>\n<td style=\"text-align: center;\">0<\/td>\n<td style=\"text-align: center;\">1<\/td>\n<td style=\"text-align: center;\">2<\/td>\n<td style=\"text-align: center;\">3:6<\/td>\n<td style=\"text-align: center;\">1<\/td>\n<\/tr>\n<\/tbody>\n<\/table>\n<p><em>26.6.<\/em> &#8211;\u00a0Ameri\u010dan\u00e9 t\u011bsn\u011b podlehli N\u011bmecku, p\u0159esto se raduj\u00ed z postupu do osmifin\u00e1le, kde se v \u00fater\u00fd 1. \u010dervence utkaj\u00ed s Belgi\u00ed. Tim Howard se tak m\u016f\u017ee t\u011b\u0161it na klubov\u00fd souboj s Kevinem Mirallasem.<\/p>\n<p><strong>USA &#8211; N\u011bmecko 0:1 (0:0)<\/strong><br \/>\n<strong>Branka:<\/strong> 55. Thomas M\u00fcller<br \/>\n<strong>USA:<\/strong> Tim Howard, Fabian Johnson, Omar Gonzalez, Matt Besler, DaMarcus Beasley, Kyle Beckerman, Jermaine Jones, Michael Bradley, Brad Davis (59. Alejandro Bedoya), Graham Zusi (84. DeAndre Yedlin), Clint Dempsey<br \/>\n<strong>N\u011bmecko:<\/strong> Manuel Neuer, J\u00e9r\u00f4me Boateng, Per Mertesacker, Mats Hummels, Benedikt H\u00f6wedes, Philipp Lahm, Toni Kroos, Bastian Schweinsteiger (76. Mario G\u00f6tze), Mesut \u00d6zil (89. Andre Sch\u00fcrrle), Lukas Podolski (46. Miroslav Klose), Thomas M\u00fcller<\/p>\n<table border=\"1\" frame=\"void\" align=\"center\">\n<tbody>\n<tr>\n<td><\/td>\n<td><strong>T\u00fdm<\/strong><\/td>\n<td style=\"text-align: center;\"><strong>Z\u00e1pasy<\/strong><\/td>\n<td style=\"text-align: center;\"><strong>V\u00fdhry<\/strong><\/td>\n<td style=\"text-align: center;\"><strong>Rem\u00edzy<\/strong><\/td>\n<td style=\"text-align: center;\"><strong>Prohry<\/strong><\/td>\n<td style=\"text-align: center;\"><strong>Sk\u00f3re<\/strong><\/td>\n<td style=\"text-align: center;\"><strong>Body<\/strong><\/td>\n<\/tr>\n<tr>\n<td>1.<\/td>\n<td><em>N\u011bmecko<\/em><\/td>\n<td style=\"text-align: center;\">3<\/td>\n<td style=\"text-align: center;\">2<\/td>\n<td style=\"text-align: center;\">1<\/td>\n<td style=\"text-align: center;\">0<\/td>\n<td style=\"text-align: center;\">7:2<\/td>\n<td style=\"text-align: center;\">7<\/td>\n<\/tr>\n<tr>\n<td>2.<\/td>\n<td><em>USA<\/em><\/td>\n<td style=\"text-align: center;\">3<\/td>\n<td style=\"text-align: center;\">1<\/td>\n<td style=\"text-align: center;\">1<\/td>\n<td style=\"text-align: center;\">1<\/td>\n<td style=\"text-align: center;\">4:4<\/td>\n<td style=\"text-align: center;\">4<\/td>\n<\/tr>\n<tr>\n<td>3.<\/td>\n<td>Portugalsko<\/td>\n<td style=\"text-align: center;\">3<\/td>\n<td style=\"text-align: center;\">1<\/td>\n<td style=\"text-align: center;\">1<\/td>\n<td style=\"text-align: center;\">1<\/td>\n<td style=\"text-align: center;\">4:7<\/td>\n<td style=\"text-align: center;\">4<\/td>\n<\/tr>\n<tr>\n<td>4.<\/td>\n<td>Ghana<\/td>\n<td style=\"text-align: center;\">3<\/td>\n<td style=\"text-align: center;\">0<\/td>\n<td style=\"text-align: center;\">1<\/td>\n<td style=\"text-align: center;\">2<\/td>\n<td style=\"text-align: center;\">4:6<\/td>\n<td style=\"text-align: center;\">1<\/td>\n<\/tr>\n<\/tbody>\n<\/table>\n<p><em>24.6.<\/em> &#8211; Roy Hodgson do posledn\u00edho st\u0159etnut\u00ed obm\u011bnil sestavu a dal p\u0159\u00edle\u017eitost hr\u00e1\u010d\u016fm z lavi\u010dky. Ani tato zm\u011bna ale nepomohla, proto se Anglie lou\u010d\u00ed s Braz\u00edlii bez v\u00fdhry. Ross Barkley uk\u00e1zal potenci\u00e1l a jak je jeho zvykem, p\u016fsobil sebev\u011bdom\u011b. Phil Jagielka zaujal m\u00edsto mezi n\u00e1hradn\u00edky a Leightona Bainese nepustilo do hry svalov\u00e9 zran\u011bn\u00ed.<\/p>\n<p><strong>Kostarika &#8211; Anglie 0:0 (0:0)<\/strong><br \/>\n<strong>Kostarika:<\/strong> Keylor Navas, Cristian Gamboa, Giancarlo Gonz\u00e1lez, \u00d3scar Duarte, J\u00fanior D\u00edaz, Roy Miller, Bryan Ruiz, Celso Borges (78. Michael Barrantes), Yeltsin Tejeda, Randall Brenes (59. Christi\u00e1n Bola\u00f1os), Joel Campbell (65. Marcos Ure\u00f1a)<br \/>\n<strong>Anglie: <\/strong>Ben Foster, Phil Jones, Gary Cahill, Chris Smalling, Luke Shaw, Frank Lampard, Jack Wilshere (73. Steven Gerrard), James Milner (76. Wayne Rooney), Ross Barkley, Adam Lallana (62. Raheem Sterling), Daniel Sturridge<\/p>\n<table border=\"1\" frame=\"void\" align=\"center\">\n<tbody>\n<tr>\n<td><\/td>\n<td><strong>T\u00fdm<\/strong><\/td>\n<td style=\"text-align: center;\"><strong>Z\u00e1pasy<\/strong><\/td>\n<td style=\"text-align: center;\"><strong>V\u00fdhry<\/strong><\/td>\n<td style=\"text-align: center;\"><strong>Rem\u00edzy<\/strong><\/td>\n<td style=\"text-align: center;\"><strong>Prohry<\/strong><\/td>\n<td style=\"text-align: center;\"><strong>Sk\u00f3re<\/strong><\/td>\n<td style=\"text-align: center;\"><strong>Body<\/strong><\/td>\n<\/tr>\n<tr>\n<td>1.<\/td>\n<td><em>Kostarika<\/em><\/td>\n<td style=\"text-align: center;\">3<\/td>\n<td style=\"text-align: center;\">2<\/td>\n<td style=\"text-align: center;\">1<\/td>\n<td style=\"text-align: center;\">0<\/td>\n<td style=\"text-align: center;\">4:1<\/td>\n<td style=\"text-align: center;\">7<\/td>\n<\/tr>\n<tr>\n<td>2.<\/td>\n<td><em>Urugua<\/em>y<\/td>\n<td style=\"text-align: center;\">3<\/td>\n<td style=\"text-align: center;\">2<\/td>\n<td style=\"text-align: center;\">0<\/td>\n<td style=\"text-align: center;\">1<\/td>\n<td style=\"text-align: center;\">4:4<\/td>\n<td style=\"text-align: center;\">6<\/td>\n<\/tr>\n<tr>\n<td>3.<\/td>\n<td>It\u00e1lie<\/td>\n<td style=\"text-align: center;\">3<\/td>\n<td style=\"text-align: center;\">1<\/td>\n<td style=\"text-align: center;\">0<\/td>\n<td style=\"text-align: center;\">2<\/td>\n<td style=\"text-align: center;\">2:3<\/td>\n<td style=\"text-align: center;\">3<\/td>\n<\/tr>\n<tr>\n<td>4.<\/td>\n<td>Anglie<\/td>\n<td style=\"text-align: center;\">3<\/td>\n<td style=\"text-align: center;\">0<\/td>\n<td style=\"text-align: center;\">1<\/td>\n<td style=\"text-align: center;\">2<\/td>\n<td style=\"text-align: center;\">2:4<\/td>\n<td style=\"text-align: center;\">1<\/td>\n<\/tr>\n<\/tbody>\n<\/table>\n<p><em>23.6.<\/em> &#8211; Spojen\u00e9 st\u00e1ty americk\u00e9 smoln\u011b ztratily v\u00fdborn\u011b rozehran\u00fd duel s Portugalskem, kone\u010dnou rem\u00edzu stanovil a\u017e portugalsk\u00fd g\u00f3l z posledn\u00edch sekund nastaven\u00ed. Ameri\u010dan\u00e9 tak mus\u00ed hled\u011bt k posledn\u00edmu z\u00e1pasu skupiny s N\u011bmeckem. Tim Howard n\u011bkolikr\u00e1t podr\u017eel sv\u00e9 spoluhr\u00e1\u010de spolehliv\u00fdmi z\u00e1kroky.<\/p>\n<p><strong>USA &#8211; Portugalsko 2:2 (0:1)<\/strong><br \/>\n<strong>Branky:<\/strong> 64. Jermaine Jones, 81. Clint Dempsey &#8211; 5. Nani, 90+5. Silvestre Varela<br \/>\n<strong>USA: <\/strong>Tim Howard, Fabian Johnson, Geoff Cameron, Matt Besler, DaMarcus Beasley, Kyle Beckerman, Jermaine Jones, Alejandro Bedoya (72. DeAndre Yedlin), Michael Bradley, Graham Zusi (90+1. Omar Gonzalez), Clint Dempsey (87. Chris Wondolowski)<br \/>\n<strong>Portugalsko:<\/strong> Beto, Jo\u00e3o Pereira, Ricardo Costa, Bruno Alves, Andr\u00e9 Almeida (46. William Carvalho), Jo\u00e3o Moutinho, Miguel Veloso, Raul Meireles (69. Silvestre Varela), Nani, H\u00e9lder Postiga (16. \u00c9der), Cristiano Ronaldo<\/p>\n<p><em>22.6.<\/em> &#8211;\u00a0Belgie ani v druh\u00e9m vystoupen\u00ed naplno neuk\u00e1zala potenci\u00e1l, p\u0159esto zopakovala t\u0159\u00edbodov\u00fd zisk a u\u017e vyhl\u00ed\u017e\u00ed vy\u0159azovac\u00ed boje. Romelu Lukaku se zat\u00edm na \u0161ampion\u00e1tu tr\u00e1p\u00ed, naopak Kevin Mirallas debutoval, kdy\u017e nasko\u010dil v na posledn\u00ed \u010dtvrthodinu. Sta\u010dil nast\u0159elit ty\u010d z trestn\u00e9ho kopu a v z\u00e1v\u011bru zahodil g\u00f3lovou \u0161anci, p\u0159esto nesmutn\u00ed, v 88. minut\u011b sv\u011b\u0159enci Marca Wilmotse brankou mlad\u00edka Origiho rozhodli.<\/p>\n<p><strong>Belgie &#8211; Rusko 1:0 (0:0)<\/strong><br \/>\n<strong>Branka:<\/strong> 88. Divock Origi<br \/>\n<strong>Belgie:<\/strong> Thibaut Courtois, Toby Alderweireld, Daniel van Buyten, Vincent Kompany, Thomas Vermaelen (31. Jan Vertonghen), Axel Witsel, Marouane Fellaini, Dries Mertens (75. Kevin Mirallas), Kevin De Bruyne, Eden Hazard, Romelu Lukaku (57. Divock Origi)<br \/>\n<strong>Rusko:<\/strong> Igor Akinfejev, Aleksej Kozlov (62. Andrej Je\u0161\u010denko), Vasilij Berezuckij, Denis Glu\u0161akov, Sergej Igna\u0161evi\u010d, Dmitrij Kombarov, Viktor Fajzulin, Aleksandr Samedov (90. Aleksandr Ker\u017eakov), Oleg \u0160atov (83. Alan Dzagojev), Maksim Kanunnikov, Aleksandr Kokorin<\/p>\n<p><em>19.6.<\/em> &#8211;\u00a0\u00dato\u010dn\u00e1 dvojice\u00a0Edinson Cavani a Luis Su\u00e1rez dovedla Jihoameri\u010dany k v\u00fdh\u0159e a zpe\u010detila osud Anglie, kter\u00e1 p\u0159ed posledn\u00edm kole z\u00e1kladn\u00ed skupiny u\u017e nem\u00e1 \u0161anci na postup do osmifin\u00e1le. Phil Jagielka a Leighton Baines pobyli na h\u0159i\u0161ti cel\u00fdch 90 minut, o sv\u00fdch kvalit\u00e1ch ale nep\u0159esv\u011bd\u010dili. Ross Barkley op\u011bt nasko\u010dil z lavi\u010dky na z\u00e1v\u011bre\u010dnou t\u0159etinu.<\/p>\n<p><strong>Uruguay &#8211; Anglie 2:1 (1:0)<\/strong><br \/>\n<strong>Branky:<\/strong> 39. a 85. Luis Su\u00e1rez &#8211; 75. Wayne Rooney<br \/>\n<strong>Uruguay:<\/strong> Fernando Muslera, Mart\u00edn C\u00e1ceres, Jos\u00e9 Mar\u00eda Gim\u00e9nez, Diego God\u00edn, \u00c1lvaro Pereira, \u00c1lvaro Gonz\u00e1lez (79. Jorge Fucile), Egidio Ar\u00e9valo, Cristian Rodr\u00edguez, Nicol\u00e1s Lodeiro (67. Christian Stuani), Luis Su\u00e1rez (88. Sebasti\u00e1n Coates), Edinson Cavani<br \/>\n<strong>Anglie:<\/strong> Joe Hart, Glen Johnson, Gary Cahill, Phil Jagielka, Leighton Baines, Steven Gerrard, Jordan Henderson (87. Rickie Lambert), Raheem Sterling (64. Ross Barkley), Wayne Rooney, Danny Welbeck (71. Adam Lallana), Daniel Sturridge<\/p>\n<p><em>17.6.<\/em> &#8211; Belgi\u010dan\u00e9 odvr\u00e1tili p\u0159ekvapen\u00ed a z\u00e1sluhou st\u0159\u00eddaj\u00edc\u00edch fotbalist\u016f oto\u010dili nep\u0159\u00edzniv\u00fd v\u00fdvoj, obrat nastartoval p\u0159esnou hlavi\u010dkou star\u00fd zn\u00e1m\u00fd Fellaini. Romelu Lukaku hr\u00e1l tot\u00e1ln\u011b bezzub\u011b a Kevin Mirallas z\u016fstal jenom na lavi\u010dce.<\/p>\n<p><strong>Belgie &#8211; Al\u017e\u00ed\u0159sko 2:1 (0:1)<\/strong><br \/>\n<strong>Branky:<\/strong> 70. Marouane Fellaini, 80. Dries Mertens &#8211; 25. Sofiane Feghouli (pen.)<br \/>\n<strong>Belgie:<\/strong> Thibaut Courtois, Toby Alderweireld, Daniel van Buyten, Vincent Kompany, Jan Vertonghen, Nacer Chadli (46. Dries Mertens), Axel Witsel, Kevin De Bruyne, Moussa Demb\u00e9l\u00e9 (65. Marouane Fellaini), Eden Hazard, Romelu Lukaku (58. Divock Origi)<br \/>\n<strong>Al\u017e\u00edrsko:<\/strong> Ra\u00efs M&#8217;Bolhi, Mehdi Mostefa, Madjid Bougherra, Rafik Halliche, Faouzi Ghoulam, Saphir Ta\u00efder, Carl Medjani (84. Nabil Ghilas), Nabil Bentaleb, Sofiane Feghouli, El Arbi Soudani (66. Islam Slimani), Riyiad Mahrez (72. Mehdi Lacen)<\/p>\n<p><em>17.6.<\/em> &#8211; USA si p\u0159ipsalo \u00fasp\u011b\u0161n\u00fd start, nad Ghanou triumfovalo d\u00edky g\u00f3l\u016fm ze za\u010d\u00e1tku a konce st\u0159etnut\u00ed. Tim Howard pat\u0159il k jedn\u00edm z tahoun\u016f v honb\u011b za t\u0159emi body, zachytal velmi sebejist\u011b.<\/p>\n<p><strong>Ghana &#8211; USA 1:2 (0:1)<\/strong><br \/>\n<strong>Branky:<\/strong> 82. Andr\u00e9 Ayew &#8211; 1. Clint Dempsey, 86. John Anthony Brooks<br \/>\n<strong>Ghana:<\/strong> Adam Larsen Kwarasey, Daniel Opare, Jonathan Mensah, John Boye, Kwadwo Asamoah, Mohammed Rabiu (71. Michael Essien), Sulley Muntari, Jordan Ayew (59. Kevin-Prince Boateng), Andr\u00e9 Ayew, Christian Atsu (78. Albert Adomah), Asamoah Gyan<br \/>\n<strong>USA:<\/strong> Tim Howard, Fabian Johnson, Geoff Cameron, Matt Besler (46. John Anthony Brooks), DaMarcus Beasley, Alejandro Bedoya (77. Graham Zusi), Kyle Beckerman, Jermaine Jones, Michael Bradley, Jozy Altidore (23. Aron J\u00f3hannsson), Clint Dempsey<\/p>\n<p><em>15.6.<\/em> &#8211; Albion vstoupil do turnaje prohrou s takticky vysp\u011blou It\u00e1li\u00ed. Na stran\u011b pora\u017een\u00fdch se v z\u00e1kladn\u00ed sestav\u011b objevil Phil Jagielka a Leighton Baines, jist\u011bj\u0161\u00edm dojmem zcela ur\u010dit\u011b p\u016fsobil Jagielka. Na posledn\u00ed p\u016flhodinu Roy Hodgson poslal na h\u0159i\u0161t\u011b Rosse Barkleyho, hru rozh\u00fdbal, k vyrovn\u00e1n\u00ed ale nepomohl.<\/p>\n<p><strong>Anglie &#8211; It\u00e1lie 1:2 (1:1)<\/strong><br \/>\n<strong>Branky:<\/strong> 37. Daniel Sturridge &#8211; 35. Claudio Marchisio, 50. Mario Balotelli<br \/>\n<strong>Anglie:<\/strong> Joe Hart, Glen Johnson, Gary Cahill, Phil Jagielka, Leighton Baines, Steven Gerrard, Jordan Henderson (73. Jack Wilshere), Raheem Sterling, Wayne Rooney, Danny Welbeck (61. Ross Barkley), Daniel Sturridge (80. Adam Lallana)<br \/>\n<strong>It\u00e1lie:<\/strong> Salvatore Sirigu, Matteo Darmian, Andrea Barzagli, Gabriel Paletta, Giorgio Chiellini, Andrea Pirlo, Marco Verratti (57. Thiago Motta), Daniele De Rossi, Claudio Marchisio, Antonio Candreva (79. Marco Parolo), Mario Balotelli (73. Ciro Immobile)<\/p>\n<hr \/>\n<h4><strong>P\u0159ed startem<\/strong><\/h4>\n<p>Phil Jagielka, Leighton Baines a Ross Barkley si vyslou\u017eili pozv\u00e1nku od Roye Hodgsona. Prvn\u00ed dva hr\u00e1\u010di pat\u0159\u00ed do z\u00e1kladn\u00ed sestavy <strong>Anglie<\/strong>, st\u0159edopola\u0159 Barkley bude aspo\u0148 ze za\u010d\u00e1tku p\u0159ipraven jako o\u017eiven\u00ed z lavi\u010dky. Mezi vybran\u00e9 n\u00e1hradn\u00edky se dostal John Stones, kter\u00fd si odbyl debut v n\u00e1rodn\u00edm t\u00fdmu v p\u0159\u00e1telsk\u00fdch z\u00e1pasech b\u011bhem posledn\u00ed dn\u016f proti Peru a Ekv\u00e1doru, v obou p\u0159\u00edpadech nasko\u010dil na z\u00e1v\u011bre\u010dnou \u010dtvrhodinu. Pokud by zran\u011bn\u00ed kolene nepustilo do hry nominovan\u00e9ho Alexe Oxlade-Chamberlaina, Stones pat\u0159\u00ed mezi nejv\u00fd\u0161e tipovan\u00e9 mu\u017ee, kte\u0159\u00ed by mohli zaujmout m\u00edsto z\u00e1lo\u017en\u00edka Arsenalu. Hodgsona ale hodl\u00e1 s fin\u00e1ln\u00edm rozhodnut\u00edm po\u010dkat a\u017e na posledn\u00ed mo\u017enou chv\u00edli do 13. \u010dervna.<\/p>\n<p>A\u0165 u\u017e trojice, \u010di \u010dtve\u0159ice Blues, na pl\u00e1novan\u00e9 m\u011b\u0159en\u00ed sily s Bryanem Oviedem nedojde. Kostarick\u00fd univerz\u00e1l prohr\u00e1l z\u00e1vod s \u010dasem a po dvojit\u00e9 zlomenin\u011b nohy z ledna se nedok\u00e1zal do \u0161ampion\u00e1tu uzdravit.<\/p>\n<h4>Program Anglie ve skupin\u011b D<\/h4>\n<table border=\"0\">\n<tbody>\n<tr>\n<td style=\"text-align: center;\">15.06.2014 00:00<\/td>\n<td style=\"text-align: center;\">Manaus<\/td>\n<td style=\"text-align: center;\">Anglie \u2013 It\u00e1lie<\/td>\n<\/tr>\n<tr>\n<td style=\"text-align: center;\">19.06.2014 21:00<\/td>\n<td style=\"text-align: center;\">S\u00e3o Paulo<\/td>\n<td style=\"text-align: center;\">Uruguay \u2013 Anglie<\/td>\n<\/tr>\n<tr>\n<td style=\"text-align: center;\">24.06.2014 18:00<\/td>\n<td style=\"text-align: center;\">Belo Horizonte<\/td>\n<td style=\"text-align: center;\">Kostarika &#8211; Anglie<\/td>\n<\/tr>\n<\/tbody>\n<\/table>\n<p>Tim Howard p\u0159edstavuje jasnou jedni\u010dku a oporu \u0159ad <strong>USA<\/strong>, podle reprezenta\u010dn\u00edho tren\u00e9ra J\u00fcrgena Klinsmanna dokonce pat\u0159\u00ed mezi nejlep\u0161\u00ed branka\u0159e sv\u011bta. Bohu\u017eel Howard bude v Brazil\u00edi postr\u00e1dat b\u00fdval\u00e9ho kolegu z Toffees, obl\u00edben\u00fd Landon Donovan toti\u017e p\u0159ekvapiv\u011b z\u016fstal doma.<\/p>\n<h4>Program USA ve skupin\u011b G<\/h4>\n<table border=\"0\">\n<tbody>\n<tr>\n<td style=\"text-align: center;\">17.06.2014 00:00<\/td>\n<td style=\"text-align: center;\">Natal<\/td>\n<td style=\"text-align: center;\">Ghana \u2013 USA<\/td>\n<\/tr>\n<tr>\n<td style=\"text-align: center;\">23.06.2014 00:00<\/td>\n<td style=\"text-align: center;\">Manaus<\/td>\n<td style=\"text-align: center;\">USA \u2013 Portugalsko<\/td>\n<\/tr>\n<tr>\n<td style=\"text-align: center;\">26.06.2014 18:00<\/td>\n<td style=\"text-align: center;\">Recife<\/td>\n<td style=\"text-align: center;\">USA &#8211; N\u011bmecko<\/td>\n<\/tr>\n<\/tbody>\n<\/table>\n<p>Za \u010dern\u00e9ho kon\u011b turnaje plat\u00ed <strong>Belgie<\/strong>, kou\u010d Marc Wilmots pracuje se silnou generac\u00ed, do n\u00ed\u017e se \u0159ad\u00ed rovn\u011b\u017e Kevin Mirallas a Romelu Lukaku. Zat\u00edmco Lukaku p\u0159i absenci Bentekeho bude jasn\u00fd \u00fato\u010dn\u00edk \u010d\u00edslo jedna, Mirallas se pohybuje na hran\u011b z\u00e1kladn\u00ed jeden\u00e1ctky.<\/p>\n<h4>Program Belgie ve skupin\u011b H<\/h4>\n<table border=\"0\">\n<tbody>\n<tr>\n<td style=\"text-align: center;\">17.06.2014 18:00<\/td>\n<td style=\"text-align: center;\">Belo Horizonte<\/td>\n<td style=\"text-align: center;\">Belgie \u2013 Al\u017e\u00edrsko<\/td>\n<\/tr>\n<tr>\n<td style=\"text-align: center;\">22.06.2014 18:00<\/td>\n<td style=\"text-align: center;\">Rio de Janeiro<\/td>\n<td style=\"text-align: center;\">Belgie \u2013 Rusko<\/td>\n<\/tr>\n<tr>\n<td style=\"text-align: center;\">26.06.2014 22:00<\/td>\n<td style=\"text-align: center;\">S\u00e3o Paulo<\/td>\n<td style=\"text-align: center;\">Korejsk\u00e1 republika &#8211; Belgie<\/td>\n<\/tr>\n<\/tbody>\n<\/table>\n<p>\u010cest h\u00e1jit vlast na jihoamerick\u00e9m kontinent\u011b si vyslou\u017eili t\u00e9\u017e b\u00fdval\u00ed hr\u00e1\u010di Evertonu Tim Cahill (Austr\u00e1lie), Wayne Rooney (Anglie), Marouane Fellaini (Belgie), Joseph Yobo (Nig\u00e9rie), Nikica Jelavi\u0107 (Chorvatsko), Shkodran Mustafi (N\u011bmecko) a za po\u0159adatelskou zemi J\u00f4 (Braz\u00edlie).<\/p>\n<p>Na z\u00e1v\u011br mal\u00e9 odleh\u010den\u00ed. Po ozn\u00e1men\u00ed nominace Francie, v n\u00ed\u017e se o\u010dek\u00e1van\u011b neobjevil Sylvain Distin, samotn\u00fd hr\u00e1\u010d prost\u0159ednictv\u00edm Twitteru humorn\u011b ukon\u010dil svou reprezenta\u010dn\u00ed kari\u00e9ru, ani\u017e by si za Les Bleus kdy zahr\u00e1l.<\/p>\n<\/div>\n","protected":false},"excerpt":{"rendered":"<p>Od 12. \u010dervna do 13. \u010dervence se kon\u00e1 20. mistrovstv\u00ed sv\u011bta, na n\u011bm\u017e se p\u0159edstav\u00ed Tim Howard, Leighton Baines, Phil&hellip;<\/p>\n","protected":false},"author":6,"featured_media":1313,"comment_status":"open","ping_status":"closed","sticky":false,"template":"","format":"standard","meta":{"_eb_attr":"","_monsterinsights_skip_tracking":false,"_monsterinsights_sitenote_active":false,"_monsterinsights_sitenote_note":"","_monsterinsights_sitenote_category":0,"footnotes":""},"categories":[42],"tags":[],"yoast_head":"<!-- This site is optimized with the Yoast SEO plugin v23.4 - https:\/\/yoast.com\/wordpress\/plugins\/seo\/ -->\n<title>Evertonians na MS - Official Czech &amp; Slovak Everton Supporters&#039; Club<\/title>\n<meta name=\"robots\" content=\"index, follow, max-snippet:-1, max-image-preview:large, max-video-preview:-1\" \/>\n<link rel=\"canonical\" href=\"https:\/\/evertonfc.cz\/index.php\/2014\/07\/06\/evertonians-na-ms-2\/\" \/>\n<meta property=\"og:locale\" content=\"cs_CZ\" \/>\n<meta property=\"og:type\" content=\"article\" \/>\n<meta property=\"og:title\" content=\"Evertonians na MS - Official Czech &amp; Slovak Everton Supporters&#039; Club\" \/>\n<meta property=\"og:description\" content=\"Od 12. \u010dervna do 13. \u010dervence se kon\u00e1 20. mistrovstv\u00ed sv\u011bta, na n\u011bm\u017e se p\u0159edstav\u00ed Tim Howard, Leighton Baines, Phil&hellip;\" \/>\n<meta property=\"og:url\" content=\"https:\/\/evertonfc.cz\/index.php\/2014\/07\/06\/evertonians-na-ms-2\/\" \/>\n<meta property=\"og:site_name\" content=\"Official Czech &amp; Slovak Everton Supporters&#039; Club\" \/>\n<meta property=\"article:publisher\" content=\"https:\/\/www.facebook.com\/everton.fans.cz.sk\" \/>\n<meta property=\"article:published_time\" content=\"2014-07-06T18:27:16+00:00\" \/>\n<meta property=\"article:modified_time\" content=\"2019-02-13T22:37:15+00:00\" \/>\n<meta property=\"og:image\" content=\"https:\/\/evertonfc.cz\/wp-content\/uploads\/2019\/01\/news.jpg\" \/>\n\t<meta property=\"og:image:width\" content=\"720\" \/>\n\t<meta property=\"og:image:height\" content=\"405\" \/>\n\t<meta property=\"og:image:type\" content=\"image\/jpeg\" \/>\n<meta name=\"author\" content=\"Ri\u010di\" \/>\n<meta name=\"twitter:card\" content=\"summary_large_image\" \/>\n<meta name=\"twitter:creator\" content=\"@rbrejsa\" \/>\n<meta name=\"twitter:label1\" content=\"Napsal(a)\" \/>\n\t<meta name=\"twitter:data1\" content=\"Ri\u010di\" \/>\n\t<meta name=\"twitter:label2\" content=\"Odhadovan\u00e1 doba \u010dten\u00ed\" \/>\n\t<meta name=\"twitter:data2\" content=\"10 minut\" \/>\n<script type=\"application\/ld+json\" class=\"yoast-schema-graph\">{\"@context\":\"https:\/\/schema.org\",\"@graph\":[{\"@type\":\"Article\",\"@id\":\"https:\/\/evertonfc.cz\/index.php\/2014\/07\/06\/evertonians-na-ms-2\/#article\",\"isPartOf\":{\"@id\":\"https:\/\/evertonfc.cz\/index.php\/2014\/07\/06\/evertonians-na-ms-2\/\"},\"author\":{\"name\":\"Ri\u010di\",\"@id\":\"https:\/\/evertonfc.cz\/#\/schema\/person\/f7a5daedb2ffee98480bc70e191aaef1\"},\"headline\":\"Evertonians na MS\",\"datePublished\":\"2014-07-06T18:27:16+00:00\",\"dateModified\":\"2019-02-13T22:37:15+00:00\",\"mainEntityOfPage\":{\"@id\":\"https:\/\/evertonfc.cz\/index.php\/2014\/07\/06\/evertonians-na-ms-2\/\"},\"wordCount\":2063,\"commentCount\":0,\"publisher\":{\"@id\":\"https:\/\/evertonfc.cz\/#organization\"},\"image\":{\"@id\":\"https:\/\/evertonfc.cz\/index.php\/2014\/07\/06\/evertonians-na-ms-2\/#primaryimage\"},\"thumbnailUrl\":\"https:\/\/evertonfc.cz\/wp-content\/uploads\/2019\/01\/news.jpg\",\"articleSection\":[\"Aktuality\"],\"inLanguage\":\"cs\",\"potentialAction\":[{\"@type\":\"CommentAction\",\"name\":\"Comment\",\"target\":[\"https:\/\/evertonfc.cz\/index.php\/2014\/07\/06\/evertonians-na-ms-2\/#respond\"]}]},{\"@type\":\"WebPage\",\"@id\":\"https:\/\/evertonfc.cz\/index.php\/2014\/07\/06\/evertonians-na-ms-2\/\",\"url\":\"https:\/\/evertonfc.cz\/index.php\/2014\/07\/06\/evertonians-na-ms-2\/\",\"name\":\"Evertonians na MS - Official Czech &amp; Slovak Everton Supporters&#039; Club\",\"isPartOf\":{\"@id\":\"https:\/\/evertonfc.cz\/#website\"},\"primaryImageOfPage\":{\"@id\":\"https:\/\/evertonfc.cz\/index.php\/2014\/07\/06\/evertonians-na-ms-2\/#primaryimage\"},\"image\":{\"@id\":\"https:\/\/evertonfc.cz\/index.php\/2014\/07\/06\/evertonians-na-ms-2\/#primaryimage\"},\"thumbnailUrl\":\"https:\/\/evertonfc.cz\/wp-content\/uploads\/2019\/01\/news.jpg\",\"datePublished\":\"2014-07-06T18:27:16+00:00\",\"dateModified\":\"2019-02-13T22:37:15+00:00\",\"breadcrumb\":{\"@id\":\"https:\/\/evertonfc.cz\/index.php\/2014\/07\/06\/evertonians-na-ms-2\/#breadcrumb\"},\"inLanguage\":\"cs\",\"potentialAction\":[{\"@type\":\"ReadAction\",\"target\":[\"https:\/\/evertonfc.cz\/index.php\/2014\/07\/06\/evertonians-na-ms-2\/\"]}]},{\"@type\":\"ImageObject\",\"inLanguage\":\"cs\",\"@id\":\"https:\/\/evertonfc.cz\/index.php\/2014\/07\/06\/evertonians-na-ms-2\/#primaryimage\",\"url\":\"https:\/\/evertonfc.cz\/wp-content\/uploads\/2019\/01\/news.jpg\",\"contentUrl\":\"https:\/\/evertonfc.cz\/wp-content\/uploads\/2019\/01\/news.jpg\",\"width\":720,\"height\":405},{\"@type\":\"BreadcrumbList\",\"@id\":\"https:\/\/evertonfc.cz\/index.php\/2014\/07\/06\/evertonians-na-ms-2\/#breadcrumb\",\"itemListElement\":[{\"@type\":\"ListItem\",\"position\":1,\"name\":\"Home\",\"item\":\"https:\/\/evertonfc.cz\/\"},{\"@type\":\"ListItem\",\"position\":2,\"name\":\"Evertonians na MS\"}]},{\"@type\":\"WebSite\",\"@id\":\"https:\/\/evertonfc.cz\/#website\",\"url\":\"https:\/\/evertonfc.cz\/\",\"name\":\"Official Czech &amp; Slovak Everton Supporters&#039; Club\",\"description\":\"\",\"publisher\":{\"@id\":\"https:\/\/evertonfc.cz\/#organization\"},\"potentialAction\":[{\"@type\":\"SearchAction\",\"target\":{\"@type\":\"EntryPoint\",\"urlTemplate\":\"https:\/\/evertonfc.cz\/?s={search_term_string}\"},\"query-input\":{\"@type\":\"PropertyValueSpecification\",\"valueRequired\":true,\"valueName\":\"search_term_string\"}}],\"inLanguage\":\"cs\"},{\"@type\":\"Organization\",\"@id\":\"https:\/\/evertonfc.cz\/#organization\",\"name\":\"Official Czech & Slovak Everton Supporters' Club\",\"url\":\"https:\/\/evertonfc.cz\/\",\"logo\":{\"@type\":\"ImageObject\",\"inLanguage\":\"cs\",\"@id\":\"https:\/\/evertonfc.cz\/#\/schema\/logo\/image\/\",\"url\":\"https:\/\/evertonfc.cz\/wp-content\/uploads\/2019\/05\/logo.png\",\"contentUrl\":\"https:\/\/evertonfc.cz\/wp-content\/uploads\/2019\/05\/logo.png\",\"width\":112,\"height\":112,\"caption\":\"Official Czech & Slovak Everton Supporters' Club\"},\"image\":{\"@id\":\"https:\/\/evertonfc.cz\/#\/schema\/logo\/image\/\"},\"sameAs\":[\"https:\/\/www.facebook.com\/everton.fans.cz.sk\"]},{\"@type\":\"Person\",\"@id\":\"https:\/\/evertonfc.cz\/#\/schema\/person\/f7a5daedb2ffee98480bc70e191aaef1\",\"name\":\"Ri\u010di\",\"sameAs\":[\"https:\/\/x.com\/rbrejsa\"],\"url\":\"https:\/\/evertonfc.cz\/index.php\/author\/rici\/\"}]}<\/script>\n<!-- \/ Yoast SEO plugin. -->","yoast_head_json":{"title":"Evertonians na MS - Official Czech &amp; Slovak Everton Supporters&#039; Club","robots":{"index":"index","follow":"follow","max-snippet":"max-snippet:-1","max-image-preview":"max-image-preview:large","max-video-preview":"max-video-preview:-1"},"canonical":"https:\/\/evertonfc.cz\/index.php\/2014\/07\/06\/evertonians-na-ms-2\/","og_locale":"cs_CZ","og_type":"article","og_title":"Evertonians na MS - Official Czech &amp; Slovak Everton Supporters&#039; Club","og_description":"Od 12. \u010dervna do 13. \u010dervence se kon\u00e1 20. mistrovstv\u00ed sv\u011bta, na n\u011bm\u017e se p\u0159edstav\u00ed Tim Howard, Leighton Baines, Phil&hellip;","og_url":"https:\/\/evertonfc.cz\/index.php\/2014\/07\/06\/evertonians-na-ms-2\/","og_site_name":"Official Czech &amp; Slovak Everton Supporters&#039; Club","article_publisher":"https:\/\/www.facebook.com\/everton.fans.cz.sk","article_published_time":"2014-07-06T18:27:16+00:00","article_modified_time":"2019-02-13T22:37:15+00:00","og_image":[{"width":720,"height":405,"url":"https:\/\/evertonfc.cz\/wp-content\/uploads\/2019\/01\/news.jpg","type":"image\/jpeg"}],"author":"Ri\u010di","twitter_card":"summary_large_image","twitter_creator":"@rbrejsa","twitter_misc":{"Napsal(a)":"Ri\u010di","Odhadovan\u00e1 doba \u010dten\u00ed":"10 minut"},"schema":{"@context":"https:\/\/schema.org","@graph":[{"@type":"Article","@id":"https:\/\/evertonfc.cz\/index.php\/2014\/07\/06\/evertonians-na-ms-2\/#article","isPartOf":{"@id":"https:\/\/evertonfc.cz\/index.php\/2014\/07\/06\/evertonians-na-ms-2\/"},"author":{"name":"Ri\u010di","@id":"https:\/\/evertonfc.cz\/#\/schema\/person\/f7a5daedb2ffee98480bc70e191aaef1"},"headline":"Evertonians na MS","datePublished":"2014-07-06T18:27:16+00:00","dateModified":"2019-02-13T22:37:15+00:00","mainEntityOfPage":{"@id":"https:\/\/evertonfc.cz\/index.php\/2014\/07\/06\/evertonians-na-ms-2\/"},"wordCount":2063,"commentCount":0,"publisher":{"@id":"https:\/\/evertonfc.cz\/#organization"},"image":{"@id":"https:\/\/evertonfc.cz\/index.php\/2014\/07\/06\/evertonians-na-ms-2\/#primaryimage"},"thumbnailUrl":"https:\/\/evertonfc.cz\/wp-content\/uploads\/2019\/01\/news.jpg","articleSection":["Aktuality"],"inLanguage":"cs","potentialAction":[{"@type":"CommentAction","name":"Comment","target":["https:\/\/evertonfc.cz\/index.php\/2014\/07\/06\/evertonians-na-ms-2\/#respond"]}]},{"@type":"WebPage","@id":"https:\/\/evertonfc.cz\/index.php\/2014\/07\/06\/evertonians-na-ms-2\/","url":"https:\/\/evertonfc.cz\/index.php\/2014\/07\/06\/evertonians-na-ms-2\/","name":"Evertonians na MS - Official Czech &amp; Slovak Everton Supporters&#039; Club","isPartOf":{"@id":"https:\/\/evertonfc.cz\/#website"},"primaryImageOfPage":{"@id":"https:\/\/evertonfc.cz\/index.php\/2014\/07\/06\/evertonians-na-ms-2\/#primaryimage"},"image":{"@id":"https:\/\/evertonfc.cz\/index.php\/2014\/07\/06\/evertonians-na-ms-2\/#primaryimage"},"thumbnailUrl":"https:\/\/evertonfc.cz\/wp-content\/uploads\/2019\/01\/news.jpg","datePublished":"2014-07-06T18:27:16+00:00","dateModified":"2019-02-13T22:37:15+00:00","breadcrumb":{"@id":"https:\/\/evertonfc.cz\/index.php\/2014\/07\/06\/evertonians-na-ms-2\/#breadcrumb"},"inLanguage":"cs","potentialAction":[{"@type":"ReadAction","target":["https:\/\/evertonfc.cz\/index.php\/2014\/07\/06\/evertonians-na-ms-2\/"]}]},{"@type":"ImageObject","inLanguage":"cs","@id":"https:\/\/evertonfc.cz\/index.php\/2014\/07\/06\/evertonians-na-ms-2\/#primaryimage","url":"https:\/\/evertonfc.cz\/wp-content\/uploads\/2019\/01\/news.jpg","contentUrl":"https:\/\/evertonfc.cz\/wp-content\/uploads\/2019\/01\/news.jpg","width":720,"height":405},{"@type":"BreadcrumbList","@id":"https:\/\/evertonfc.cz\/index.php\/2014\/07\/06\/evertonians-na-ms-2\/#breadcrumb","itemListElement":[{"@type":"ListItem","position":1,"name":"Home","item":"https:\/\/evertonfc.cz\/"},{"@type":"ListItem","position":2,"name":"Evertonians na MS"}]},{"@type":"WebSite","@id":"https:\/\/evertonfc.cz\/#website","url":"https:\/\/evertonfc.cz\/","name":"Official Czech &amp; Slovak Everton Supporters&#039; Club","description":"","publisher":{"@id":"https:\/\/evertonfc.cz\/#organization"},"potentialAction":[{"@type":"SearchAction","target":{"@type":"EntryPoint","urlTemplate":"https:\/\/evertonfc.cz\/?s={search_term_string}"},"query-input":{"@type":"PropertyValueSpecification","valueRequired":true,"valueName":"search_term_string"}}],"inLanguage":"cs"},{"@type":"Organization","@id":"https:\/\/evertonfc.cz\/#organization","name":"Official Czech & Slovak Everton Supporters' Club","url":"https:\/\/evertonfc.cz\/","logo":{"@type":"ImageObject","inLanguage":"cs","@id":"https:\/\/evertonfc.cz\/#\/schema\/logo\/image\/","url":"https:\/\/evertonfc.cz\/wp-content\/uploads\/2019\/05\/logo.png","contentUrl":"https:\/\/evertonfc.cz\/wp-content\/uploads\/2019\/05\/logo.png","width":112,"height":112,"caption":"Official Czech & Slovak Everton Supporters' Club"},"image":{"@id":"https:\/\/evertonfc.cz\/#\/schema\/logo\/image\/"},"sameAs":["https:\/\/www.facebook.com\/everton.fans.cz.sk"]},{"@type":"Person","@id":"https:\/\/evertonfc.cz\/#\/schema\/person\/f7a5daedb2ffee98480bc70e191aaef1","name":"Ri\u010di","sameAs":["https:\/\/x.com\/rbrejsa"],"url":"https:\/\/evertonfc.cz\/index.php\/author\/rici\/"}]}},"_links":{"self":[{"href":"https:\/\/evertonfc.cz\/index.php\/wp-json\/wp\/v2\/posts\/4710"}],"collection":[{"href":"https:\/\/evertonfc.cz\/index.php\/wp-json\/wp\/v2\/posts"}],"about":[{"href":"https:\/\/evertonfc.cz\/index.php\/wp-json\/wp\/v2\/types\/post"}],"author":[{"embeddable":true,"href":"https:\/\/evertonfc.cz\/index.php\/wp-json\/wp\/v2\/users\/6"}],"replies":[{"embeddable":true,"href":"https:\/\/evertonfc.cz\/index.php\/wp-json\/wp\/v2\/comments?post=4710"}],"version-history":[{"count":3,"href":"https:\/\/evertonfc.cz\/index.php\/wp-json\/wp\/v2\/posts\/4710\/revisions"}],"predecessor-version":[{"id":4968,"href":"https:\/\/evertonfc.cz\/index.php\/wp-json\/wp\/v2\/posts\/4710\/revisions\/4968"}],"wp:featuredmedia":[{"embeddable":true,"href":"https:\/\/evertonfc.cz\/index.php\/wp-json\/wp\/v2\/media\/1313"}],"wp:attachment":[{"href":"https:\/\/evertonfc.cz\/index.php\/wp-json\/wp\/v2\/media?parent=4710"}],"wp:term":[{"taxonomy":"category","embeddable":true,"href":"https:\/\/evertonfc.cz\/index.php\/wp-json\/wp\/v2\/categories?post=4710"},{"taxonomy":"post_tag","embeddable":true,"href":"https:\/\/evertonfc.cz\/index.php\/wp-json\/wp\/v2\/tags?post=4710"}],"curies":[{"name":"wp","href":"https:\/\/api.w.org\/{rel}","templated":true}]}}