{"id":4724,"date":"2014-05-16T20:45:33","date_gmt":"2014-05-16T18:45:33","guid":{"rendered":"http:\/\/evertonfc.cz\/?p=4724"},"modified":"2019-02-13T23:44:45","modified_gmt":"2019-02-13T22:44:45","slug":"vellios-odchazi-hibbert-jedna-o-smlouve","status":"publish","type":"post","link":"https:\/\/evertonfc.cz\/index.php\/2014\/05\/16\/vellios-odchazi-hibbert-jedna-o-smlouve\/","title":{"rendered":"Vellios odch\u00e1z\u00ed, Hibbert jedn\u00e1 o smlouv\u011b"},"content":{"rendered":"<h4 id=\"NewsPostDetailSummary\">Apostolos Vellios podle o\u010dek\u00e1v\u00e1n\u00ed kon\u010d\u00ed p\u016fsoben\u00ed v Evertonu, jeho kontrakt vypr\u0161el a nov\u00fd mu nab\u00eddnut nebyl. Naopak st\u00e1lice Tony Hibbert bude pravd\u011bpodobn\u011b je\u0161t\u011b pokra\u010dovat.<\/h4>\n<div id=\"NewsPostDetailContent\">\n<p>Vyt\u00e1hl\u00fd \u0159eck\u00fd \u00fato\u010dn\u00edk p\u0159estoupil k Toffees v lednu roku 2011 za \u00a3250 tis\u00edc z Iraklisu Solu\u0148. O Vellios se zaj\u00edmalo mnoho dal\u0161\u00edch klub\u016f jako nap\u0159\u00edklad Aston Villa, Fulham, Olympiakos, AEK At\u00e9ny \u010di Bologna, a tak musel David Moyes vynalo\u017eit hodn\u011b s\u00edly na zkompletov\u00e1n\u00ed obchodu.<\/p>\n<p>Za Iraklis debutoval v dubnu 2009 ve v\u011bku 17 let, prvn\u00ed trefa na sebe nenechala dlouho \u010dekat, stalo se to proti slavn\u00e9mu Olympiakosu. P\u0159ed odchodem na Ostrovy obl\u00e9kl dres Iraklisu 22x a vst\u0159elil 4 branky.<\/p>\n<p>V Evertonu se po p\u0159\u00edchodu p\u0159esunul do rezervn\u00edho mu\u017estva, kde za\u010dal okam\u017eit\u011b st\u0159\u00edlet g\u00f3ly. Vzhledem k \u00fazk\u00e9mu k\u00e1dru a marodce v A-t\u00fdmu se v dubnu roku 2011 do\u010dkal debutu z pozice st\u0159\u00eddaj\u00edc\u00edho hr\u00e1\u010de proti Aston Ville. A\u010dkoliv se v n\u00e1sleduj\u00edc\u00edch m\u011bs\u00edc\u00edch dok\u00e1zal prosadit t\u00e9\u017e g\u00f3lov\u011b, by\u0165 naskakoval do z\u00e1pas\u016f v\u011bt\u0161inou z lavi\u010dky, do prvn\u00edho t\u00fdmu se nikdy neprosadil.<\/p>\n<p>P\u0161enka mu nekvetla ani pod nov\u00fdm mana\u017eerem Robertem Mart\u00ednezem, b\u011bhem prvn\u00ed \u0160pan\u011blovy sez\u00f3ny si Vellios nezahr\u00e1l ani jednou. Jestli nezapadal do koncepce hry, nebo jednodu\u0161e na \u00farove\u0148 Premier League nesta\u010d\u00ed, se mo\u017en\u00e1 dozv\u00edme pozd\u011bji. Nyn\u00ed je jasn\u00fd jenom jeho konec v\u00a0Evertonu s\u00a0celkovou statistikou 24 utk\u00e1n\u00ed a 3 branek.<\/p>\n<p>Odchod 22 let star\u00e9ho \u00fato\u010dn\u00edka Roberto Mart\u00ednez okomentoval n\u00e1sledovn\u011b: <em>\u201eS leto\u0161n\u00edm ro\u010dn\u00edkem bude ur\u010dit\u011b zklaman\u00fd, t\u0159eba ale ocenit jeho v\u00fdborn\u00fd p\u0159\u00edstup a neust\u00e1lou ochotu d\u0159\u00edt pro t\u00fdm. Aktu\u00e1ln\u011b se nach\u00e1z\u00ed v situaci, kdy st\u00e1le v mlad\u00e9m v\u011bku pot\u0159ebuje novou v\u00fdzvu a nov\u00e9 prost\u0159ed\u00ed, aby uk\u00e1zal, \u010deho je schopn\u00fd.<\/em><\/p>\n<p><em>P\u0159ejeme mu v\u0161e dobr\u00e9 a jsem si jist, \u017ee stejn\u011b to vid\u00ed v\u0161ichni Evertonians.\u201c<\/em><\/p>\n<p>Spolu s Velliosem opou\u0161t\u00ed Blues tak\u00e9 branka\u0159 Mason Springthorpe. Devaten\u00e1ctilet\u00fd g\u00f3lman zav\u00edtal na Goodison v \u00fanoru roku 2011 ze Shrewsbury Town, do A-mu\u017estva se nikdy neprosadil, maximum bylo n\u011bkolik z\u00e1pas\u016f na lavi\u010dce n\u00e1hradn\u00edk\u016f.<\/p>\n<p>Mnoz\u00ed p\u0159\u00edznivci se b\u00e1li ztr\u00e1ty obl\u00edben\u00e9ho Tony Hibberta, debutant u\u017e roku 2001 sice letos nastoupil jenom do \u010dty\u0159 st\u0159etnut\u00ed, p\u0159esto ho hodl\u00e1 Roberto Mart\u00ednez v k\u00e1dru udr\u017eet a nab\u00eddnout mu novou smlouvu. Ta star\u00e1 mu za p\u00e1r dn\u00ed vypr\u0161\u00ed.<\/p>\n<p><em>\u201eS Tonym moment\u00e1ln\u011b prob\u00edr\u00e1me, jak se v\u011bci maj\u00ed, zaj\u00edm\u00e1 n\u00e1s jeho n\u00e1zor, proto\u017ee v m\u00fdch o\u010d\u00edch m\u016f\u017ee st\u00e1le Evertonu mnoho nab\u00eddnout. Zran\u011bn\u00ed ho pravd\u011bpodobn\u011b p\u0159ipravila o v\u011bt\u0161\u00ed hern\u00ed vyt\u00ed\u017een\u00ed, cen\u00edm si v\u0161ak jeho p\u0159\u00ednosu pro klub a zku\u0161enost\u00ed. R\u00e1d bych tak charakterov\u00e9ho fotbalistu jako Tony Hibbert udr\u017eel, hodn\u011b to pro n\u00e1s znamen\u00e1.<\/em><\/p>\n<p><em>Jeho role je v\u00fdznamn\u00e1, i kdy\u017e si to fanou\u0161ci \u010dasto neuv\u011bdomuj\u00ed, proto\u017ee ho nevid\u00ed v akci ka\u017ed\u00fd v\u00edkend. V tr\u00e9ninku pracuje na sto procent, pom\u00e1h\u00e1 mlad\u00fdm koleg\u016f a v\u017edy, kdy\u017e se objevil na h\u0159i\u0161ti, byl jsem s jeho v\u00fdkonem spokojen\u00fd.\u201c<\/em><\/p>\n<\/div>\n","protected":false},"excerpt":{"rendered":"<p>Apostolos Vellios podle o\u010dek\u00e1v\u00e1n\u00ed kon\u010d\u00ed p\u016fsoben\u00ed v Evertonu, jeho kontrakt vypr\u0161el a nov\u00fd mu nab\u00eddnut nebyl. Naopak st\u00e1lice Tony Hibbert&hellip;<\/p>\n","protected":false},"author":6,"featured_media":1316,"comment_status":"open","ping_status":"closed","sticky":false,"template":"","format":"standard","meta":{"_eb_attr":"","_monsterinsights_skip_tracking":false,"_monsterinsights_sitenote_active":false,"_monsterinsights_sitenote_note":"","_monsterinsights_sitenote_category":0,"footnotes":""},"categories":[42,41],"tags":[],"yoast_head":"<!-- This site is optimized with the Yoast SEO plugin v23.4 - https:\/\/yoast.com\/wordpress\/plugins\/seo\/ -->\n<title>Vellios odch\u00e1z\u00ed, Hibbert jedn\u00e1 o smlouv\u011b - Official Czech &amp; Slovak Everton Supporters&#039; Club<\/title>\n<meta name=\"robots\" content=\"index, follow, max-snippet:-1, max-image-preview:large, max-video-preview:-1\" \/>\n<link rel=\"canonical\" href=\"https:\/\/evertonfc.cz\/index.php\/2014\/05\/16\/vellios-odchazi-hibbert-jedna-o-smlouve\/\" \/>\n<meta property=\"og:locale\" content=\"cs_CZ\" \/>\n<meta property=\"og:type\" content=\"article\" \/>\n<meta property=\"og:title\" content=\"Vellios odch\u00e1z\u00ed, Hibbert jedn\u00e1 o smlouv\u011b - Official Czech &amp; Slovak Everton Supporters&#039; Club\" \/>\n<meta property=\"og:description\" content=\"Apostolos Vellios podle o\u010dek\u00e1v\u00e1n\u00ed kon\u010d\u00ed p\u016fsoben\u00ed v Evertonu, jeho kontrakt vypr\u0161el a nov\u00fd mu nab\u00eddnut nebyl. Naopak st\u00e1lice Tony Hibbert&hellip;\" \/>\n<meta property=\"og:url\" content=\"https:\/\/evertonfc.cz\/index.php\/2014\/05\/16\/vellios-odchazi-hibbert-jedna-o-smlouve\/\" \/>\n<meta property=\"og:site_name\" content=\"Official Czech &amp; Slovak Everton Supporters&#039; Club\" \/>\n<meta property=\"article:publisher\" content=\"https:\/\/www.facebook.com\/everton.fans.cz.sk\" \/>\n<meta property=\"article:published_time\" content=\"2014-05-16T18:45:33+00:00\" \/>\n<meta property=\"article:modified_time\" content=\"2019-02-13T22:44:45+00:00\" \/>\n<meta property=\"og:image\" content=\"https:\/\/evertonfc.cz\/wp-content\/uploads\/2019\/01\/transfer.jpg\" \/>\n\t<meta property=\"og:image:width\" content=\"720\" \/>\n\t<meta property=\"og:image:height\" content=\"405\" \/>\n\t<meta property=\"og:image:type\" content=\"image\/jpeg\" \/>\n<meta name=\"author\" content=\"Ri\u010di\" \/>\n<meta name=\"twitter:card\" content=\"summary_large_image\" \/>\n<meta name=\"twitter:creator\" content=\"@rbrejsa\" \/>\n<meta name=\"twitter:label1\" content=\"Napsal(a)\" \/>\n\t<meta name=\"twitter:data1\" content=\"Ri\u010di\" \/>\n\t<meta name=\"twitter:label2\" content=\"Odhadovan\u00e1 doba \u010dten\u00ed\" \/>\n\t<meta name=\"twitter:data2\" content=\"3 minuty\" \/>\n<script type=\"application\/ld+json\" class=\"yoast-schema-graph\">{\"@context\":\"https:\/\/schema.org\",\"@graph\":[{\"@type\":\"Article\",\"@id\":\"https:\/\/evertonfc.cz\/index.php\/2014\/05\/16\/vellios-odchazi-hibbert-jedna-o-smlouve\/#article\",\"isPartOf\":{\"@id\":\"https:\/\/evertonfc.cz\/index.php\/2014\/05\/16\/vellios-odchazi-hibbert-jedna-o-smlouve\/\"},\"author\":{\"name\":\"Ri\u010di\",\"@id\":\"https:\/\/evertonfc.cz\/#\/schema\/person\/f7a5daedb2ffee98480bc70e191aaef1\"},\"headline\":\"Vellios odch\u00e1z\u00ed, Hibbert jedn\u00e1 o smlouv\u011b\",\"datePublished\":\"2014-05-16T18:45:33+00:00\",\"dateModified\":\"2019-02-13T22:44:45+00:00\",\"mainEntityOfPage\":{\"@id\":\"https:\/\/evertonfc.cz\/index.php\/2014\/05\/16\/vellios-odchazi-hibbert-jedna-o-smlouve\/\"},\"wordCount\":593,\"commentCount\":0,\"publisher\":{\"@id\":\"https:\/\/evertonfc.cz\/#organization\"},\"image\":{\"@id\":\"https:\/\/evertonfc.cz\/index.php\/2014\/05\/16\/vellios-odchazi-hibbert-jedna-o-smlouve\/#primaryimage\"},\"thumbnailUrl\":\"https:\/\/evertonfc.cz\/wp-content\/uploads\/2019\/01\/transfer.jpg\",\"articleSection\":[\"Aktuality\",\"P\u0159estupy\"],\"inLanguage\":\"cs\",\"potentialAction\":[{\"@type\":\"CommentAction\",\"name\":\"Comment\",\"target\":[\"https:\/\/evertonfc.cz\/index.php\/2014\/05\/16\/vellios-odchazi-hibbert-jedna-o-smlouve\/#respond\"]}]},{\"@type\":\"WebPage\",\"@id\":\"https:\/\/evertonfc.cz\/index.php\/2014\/05\/16\/vellios-odchazi-hibbert-jedna-o-smlouve\/\",\"url\":\"https:\/\/evertonfc.cz\/index.php\/2014\/05\/16\/vellios-odchazi-hibbert-jedna-o-smlouve\/\",\"name\":\"Vellios odch\u00e1z\u00ed, Hibbert jedn\u00e1 o smlouv\u011b - Official Czech &amp; Slovak Everton Supporters&#039; Club\",\"isPartOf\":{\"@id\":\"https:\/\/evertonfc.cz\/#website\"},\"primaryImageOfPage\":{\"@id\":\"https:\/\/evertonfc.cz\/index.php\/2014\/05\/16\/vellios-odchazi-hibbert-jedna-o-smlouve\/#primaryimage\"},\"image\":{\"@id\":\"https:\/\/evertonfc.cz\/index.php\/2014\/05\/16\/vellios-odchazi-hibbert-jedna-o-smlouve\/#primaryimage\"},\"thumbnailUrl\":\"https:\/\/evertonfc.cz\/wp-content\/uploads\/2019\/01\/transfer.jpg\",\"datePublished\":\"2014-05-16T18:45:33+00:00\",\"dateModified\":\"2019-02-13T22:44:45+00:00\",\"breadcrumb\":{\"@id\":\"https:\/\/evertonfc.cz\/index.php\/2014\/05\/16\/vellios-odchazi-hibbert-jedna-o-smlouve\/#breadcrumb\"},\"inLanguage\":\"cs\",\"potentialAction\":[{\"@type\":\"ReadAction\",\"target\":[\"https:\/\/evertonfc.cz\/index.php\/2014\/05\/16\/vellios-odchazi-hibbert-jedna-o-smlouve\/\"]}]},{\"@type\":\"ImageObject\",\"inLanguage\":\"cs\",\"@id\":\"https:\/\/evertonfc.cz\/index.php\/2014\/05\/16\/vellios-odchazi-hibbert-jedna-o-smlouve\/#primaryimage\",\"url\":\"https:\/\/evertonfc.cz\/wp-content\/uploads\/2019\/01\/transfer.jpg\",\"contentUrl\":\"https:\/\/evertonfc.cz\/wp-content\/uploads\/2019\/01\/transfer.jpg\",\"width\":720,\"height\":405},{\"@type\":\"BreadcrumbList\",\"@id\":\"https:\/\/evertonfc.cz\/index.php\/2014\/05\/16\/vellios-odchazi-hibbert-jedna-o-smlouve\/#breadcrumb\",\"itemListElement\":[{\"@type\":\"ListItem\",\"position\":1,\"name\":\"Home\",\"item\":\"https:\/\/evertonfc.cz\/\"},{\"@type\":\"ListItem\",\"position\":2,\"name\":\"Vellios odch\u00e1z\u00ed, Hibbert jedn\u00e1 o smlouv\u011b\"}]},{\"@type\":\"WebSite\",\"@id\":\"https:\/\/evertonfc.cz\/#website\",\"url\":\"https:\/\/evertonfc.cz\/\",\"name\":\"Official Czech &amp; Slovak Everton Supporters&#039; Club\",\"description\":\"\",\"publisher\":{\"@id\":\"https:\/\/evertonfc.cz\/#organization\"},\"potentialAction\":[{\"@type\":\"SearchAction\",\"target\":{\"@type\":\"EntryPoint\",\"urlTemplate\":\"https:\/\/evertonfc.cz\/?s={search_term_string}\"},\"query-input\":{\"@type\":\"PropertyValueSpecification\",\"valueRequired\":true,\"valueName\":\"search_term_string\"}}],\"inLanguage\":\"cs\"},{\"@type\":\"Organization\",\"@id\":\"https:\/\/evertonfc.cz\/#organization\",\"name\":\"Official Czech & Slovak Everton Supporters' Club\",\"url\":\"https:\/\/evertonfc.cz\/\",\"logo\":{\"@type\":\"ImageObject\",\"inLanguage\":\"cs\",\"@id\":\"https:\/\/evertonfc.cz\/#\/schema\/logo\/image\/\",\"url\":\"https:\/\/evertonfc.cz\/wp-content\/uploads\/2019\/05\/logo.png\",\"contentUrl\":\"https:\/\/evertonfc.cz\/wp-content\/uploads\/2019\/05\/logo.png\",\"width\":112,\"height\":112,\"caption\":\"Official Czech & Slovak Everton Supporters' Club\"},\"image\":{\"@id\":\"https:\/\/evertonfc.cz\/#\/schema\/logo\/image\/\"},\"sameAs\":[\"https:\/\/www.facebook.com\/everton.fans.cz.sk\"]},{\"@type\":\"Person\",\"@id\":\"https:\/\/evertonfc.cz\/#\/schema\/person\/f7a5daedb2ffee98480bc70e191aaef1\",\"name\":\"Ri\u010di\",\"sameAs\":[\"https:\/\/x.com\/rbrejsa\"],\"url\":\"https:\/\/evertonfc.cz\/index.php\/author\/rici\/\"}]}<\/script>\n<!-- \/ Yoast SEO plugin. -->","yoast_head_json":{"title":"Vellios odch\u00e1z\u00ed, Hibbert jedn\u00e1 o smlouv\u011b - Official Czech &amp; Slovak Everton Supporters&#039; Club","robots":{"index":"index","follow":"follow","max-snippet":"max-snippet:-1","max-image-preview":"max-image-preview:large","max-video-preview":"max-video-preview:-1"},"canonical":"https:\/\/evertonfc.cz\/index.php\/2014\/05\/16\/vellios-odchazi-hibbert-jedna-o-smlouve\/","og_locale":"cs_CZ","og_type":"article","og_title":"Vellios odch\u00e1z\u00ed, Hibbert jedn\u00e1 o smlouv\u011b - Official Czech &amp; Slovak Everton Supporters&#039; Club","og_description":"Apostolos Vellios podle o\u010dek\u00e1v\u00e1n\u00ed kon\u010d\u00ed p\u016fsoben\u00ed v Evertonu, jeho kontrakt vypr\u0161el a nov\u00fd mu nab\u00eddnut nebyl. Naopak st\u00e1lice Tony Hibbert&hellip;","og_url":"https:\/\/evertonfc.cz\/index.php\/2014\/05\/16\/vellios-odchazi-hibbert-jedna-o-smlouve\/","og_site_name":"Official Czech &amp; Slovak Everton Supporters&#039; Club","article_publisher":"https:\/\/www.facebook.com\/everton.fans.cz.sk","article_published_time":"2014-05-16T18:45:33+00:00","article_modified_time":"2019-02-13T22:44:45+00:00","og_image":[{"width":720,"height":405,"url":"https:\/\/evertonfc.cz\/wp-content\/uploads\/2019\/01\/transfer.jpg","type":"image\/jpeg"}],"author":"Ri\u010di","twitter_card":"summary_large_image","twitter_creator":"@rbrejsa","twitter_misc":{"Napsal(a)":"Ri\u010di","Odhadovan\u00e1 doba \u010dten\u00ed":"3 minuty"},"schema":{"@context":"https:\/\/schema.org","@graph":[{"@type":"Article","@id":"https:\/\/evertonfc.cz\/index.php\/2014\/05\/16\/vellios-odchazi-hibbert-jedna-o-smlouve\/#article","isPartOf":{"@id":"https:\/\/evertonfc.cz\/index.php\/2014\/05\/16\/vellios-odchazi-hibbert-jedna-o-smlouve\/"},"author":{"name":"Ri\u010di","@id":"https:\/\/evertonfc.cz\/#\/schema\/person\/f7a5daedb2ffee98480bc70e191aaef1"},"headline":"Vellios odch\u00e1z\u00ed, Hibbert jedn\u00e1 o smlouv\u011b","datePublished":"2014-05-16T18:45:33+00:00","dateModified":"2019-02-13T22:44:45+00:00","mainEntityOfPage":{"@id":"https:\/\/evertonfc.cz\/index.php\/2014\/05\/16\/vellios-odchazi-hibbert-jedna-o-smlouve\/"},"wordCount":593,"commentCount":0,"publisher":{"@id":"https:\/\/evertonfc.cz\/#organization"},"image":{"@id":"https:\/\/evertonfc.cz\/index.php\/2014\/05\/16\/vellios-odchazi-hibbert-jedna-o-smlouve\/#primaryimage"},"thumbnailUrl":"https:\/\/evertonfc.cz\/wp-content\/uploads\/2019\/01\/transfer.jpg","articleSection":["Aktuality","P\u0159estupy"],"inLanguage":"cs","potentialAction":[{"@type":"CommentAction","name":"Comment","target":["https:\/\/evertonfc.cz\/index.php\/2014\/05\/16\/vellios-odchazi-hibbert-jedna-o-smlouve\/#respond"]}]},{"@type":"WebPage","@id":"https:\/\/evertonfc.cz\/index.php\/2014\/05\/16\/vellios-odchazi-hibbert-jedna-o-smlouve\/","url":"https:\/\/evertonfc.cz\/index.php\/2014\/05\/16\/vellios-odchazi-hibbert-jedna-o-smlouve\/","name":"Vellios odch\u00e1z\u00ed, Hibbert jedn\u00e1 o smlouv\u011b - Official Czech &amp; Slovak Everton Supporters&#039; Club","isPartOf":{"@id":"https:\/\/evertonfc.cz\/#website"},"primaryImageOfPage":{"@id":"https:\/\/evertonfc.cz\/index.php\/2014\/05\/16\/vellios-odchazi-hibbert-jedna-o-smlouve\/#primaryimage"},"image":{"@id":"https:\/\/evertonfc.cz\/index.php\/2014\/05\/16\/vellios-odchazi-hibbert-jedna-o-smlouve\/#primaryimage"},"thumbnailUrl":"https:\/\/evertonfc.cz\/wp-content\/uploads\/2019\/01\/transfer.jpg","datePublished":"2014-05-16T18:45:33+00:00","dateModified":"2019-02-13T22:44:45+00:00","breadcrumb":{"@id":"https:\/\/evertonfc.cz\/index.php\/2014\/05\/16\/vellios-odchazi-hibbert-jedna-o-smlouve\/#breadcrumb"},"inLanguage":"cs","potentialAction":[{"@type":"ReadAction","target":["https:\/\/evertonfc.cz\/index.php\/2014\/05\/16\/vellios-odchazi-hibbert-jedna-o-smlouve\/"]}]},{"@type":"ImageObject","inLanguage":"cs","@id":"https:\/\/evertonfc.cz\/index.php\/2014\/05\/16\/vellios-odchazi-hibbert-jedna-o-smlouve\/#primaryimage","url":"https:\/\/evertonfc.cz\/wp-content\/uploads\/2019\/01\/transfer.jpg","contentUrl":"https:\/\/evertonfc.cz\/wp-content\/uploads\/2019\/01\/transfer.jpg","width":720,"height":405},{"@type":"BreadcrumbList","@id":"https:\/\/evertonfc.cz\/index.php\/2014\/05\/16\/vellios-odchazi-hibbert-jedna-o-smlouve\/#breadcrumb","itemListElement":[{"@type":"ListItem","position":1,"name":"Home","item":"https:\/\/evertonfc.cz\/"},{"@type":"ListItem","position":2,"name":"Vellios odch\u00e1z\u00ed, Hibbert jedn\u00e1 o smlouv\u011b"}]},{"@type":"WebSite","@id":"https:\/\/evertonfc.cz\/#website","url":"https:\/\/evertonfc.cz\/","name":"Official Czech &amp; Slovak Everton Supporters&#039; Club","description":"","publisher":{"@id":"https:\/\/evertonfc.cz\/#organization"},"potentialAction":[{"@type":"SearchAction","target":{"@type":"EntryPoint","urlTemplate":"https:\/\/evertonfc.cz\/?s={search_term_string}"},"query-input":{"@type":"PropertyValueSpecification","valueRequired":true,"valueName":"search_term_string"}}],"inLanguage":"cs"},{"@type":"Organization","@id":"https:\/\/evertonfc.cz\/#organization","name":"Official Czech & Slovak Everton Supporters' Club","url":"https:\/\/evertonfc.cz\/","logo":{"@type":"ImageObject","inLanguage":"cs","@id":"https:\/\/evertonfc.cz\/#\/schema\/logo\/image\/","url":"https:\/\/evertonfc.cz\/wp-content\/uploads\/2019\/05\/logo.png","contentUrl":"https:\/\/evertonfc.cz\/wp-content\/uploads\/2019\/05\/logo.png","width":112,"height":112,"caption":"Official Czech & Slovak Everton Supporters' Club"},"image":{"@id":"https:\/\/evertonfc.cz\/#\/schema\/logo\/image\/"},"sameAs":["https:\/\/www.facebook.com\/everton.fans.cz.sk"]},{"@type":"Person","@id":"https:\/\/evertonfc.cz\/#\/schema\/person\/f7a5daedb2ffee98480bc70e191aaef1","name":"Ri\u010di","sameAs":["https:\/\/x.com\/rbrejsa"],"url":"https:\/\/evertonfc.cz\/index.php\/author\/rici\/"}]}},"_links":{"self":[{"href":"https:\/\/evertonfc.cz\/index.php\/wp-json\/wp\/v2\/posts\/4724"}],"collection":[{"href":"https:\/\/evertonfc.cz\/index.php\/wp-json\/wp\/v2\/posts"}],"about":[{"href":"https:\/\/evertonfc.cz\/index.php\/wp-json\/wp\/v2\/types\/post"}],"author":[{"embeddable":true,"href":"https:\/\/evertonfc.cz\/index.php\/wp-json\/wp\/v2\/users\/6"}],"replies":[{"embeddable":true,"href":"https:\/\/evertonfc.cz\/index.php\/wp-json\/wp\/v2\/comments?post=4724"}],"version-history":[{"count":3,"href":"https:\/\/evertonfc.cz\/index.php\/wp-json\/wp\/v2\/posts\/4724\/revisions"}],"predecessor-version":[{"id":4981,"href":"https:\/\/evertonfc.cz\/index.php\/wp-json\/wp\/v2\/posts\/4724\/revisions\/4981"}],"wp:featuredmedia":[{"embeddable":true,"href":"https:\/\/evertonfc.cz\/index.php\/wp-json\/wp\/v2\/media\/1316"}],"wp:attachment":[{"href":"https:\/\/evertonfc.cz\/index.php\/wp-json\/wp\/v2\/media?parent=4724"}],"wp:term":[{"taxonomy":"category","embeddable":true,"href":"https:\/\/evertonfc.cz\/index.php\/wp-json\/wp\/v2\/categories?post=4724"},{"taxonomy":"post_tag","embeddable":true,"href":"https:\/\/evertonfc.cz\/index.php\/wp-json\/wp\/v2\/tags?post=4724"}],"curies":[{"name":"wp","href":"https:\/\/api.w.org\/{rel}","templated":true}]}}