{"id":4726,"date":"2014-05-14T20:46:46","date_gmt":"2014-05-14T18:46:46","guid":{"rendered":"http:\/\/evertonfc.cz\/?p=4726"},"modified":"2019-02-13T23:45:18","modified_gmt":"2019-02-13T22:45:18","slug":"drahy-lukaku-v-martinezove-hledacku","status":"publish","type":"post","link":"https:\/\/evertonfc.cz\/index.php\/2014\/05\/14\/drahy-lukaku-v-martinezove-hledacku\/","title":{"rendered":"Drah\u00fd Lukaku v Mart\u00ednezov\u011b hled\u00e1\u010dku"},"content":{"rendered":"<h4 id=\"NewsPostDetailSummary\">Roberto Mart\u00ednez by se neb\u00e1l za kmenov\u00e9ho hr\u00e1\u010de Chelsea zaplatit \u00a320m nebo i v\u00edce, \u010d\u00edm\u017e by se Romelu Lukaku stal nejdra\u017e\u0161\u00ed posilou v klubov\u00e9 historii.<\/h4>\n<div id=\"NewsPostDetailContent\">\n<p>D\u016fv\u011bra v silov\u00e9ho \u00fato\u010dn\u00edka je z\u0159ejm\u00e1 a velmi pochopiteln\u00e1. Toffees v leto\u0161n\u00ed sez\u00f3n\u011b kone\u010dn\u011b na\u0161li mu\u017ee, kter\u00fd pravideln\u011b zat\u011b\u017eovat konto soupe\u0159\u016f g\u00f3ly, Belgi\u010danovi se to povedlo hned \u0161estn\u00e1ctkr\u00e1t. A Mart\u00ednez je nejen p\u0159esv\u011bd\u010den o nyn\u011bj\u0161\u00edch kvalit\u00e1ch, ale p\u0159edev\u0161\u00edm o velk\u00e9m potenci\u00e1lu, kter\u00fd se v 21 let star\u00e9m Lukakovi skr\u00fdv\u00e1.<\/p>\n<p>Podobn\u011b vysok\u00e1 \u010d\u00e1stka v r\u00e1mci jedn\u00e9 koup\u011b by p\u0159edstavovala zna\u010dnou trhlinu do letn\u00edho p\u0159estupov\u00e9ho rozpo\u010dtu, i kdy\u017e by se suma rozlo\u017eila na spl\u00e1tky, p\u0159esto by Mart\u00ednez nev\u00e1hal.<\/p>\n<p><em>\u201ePodle m\u011b by se investice do Romela co by \u010d\u00edsla 9 v tak mlad\u00e9m v\u011bku vyplatila. Je siln\u00fd z\u00e1dy k br\u00e1n\u011b a \u0161ikovn\u00fd ve h\u0159e jeden na jednoho,&#8220;<\/em> za\u010dal mana\u017eer Evertonu.\u00a0<em>Ve dvaceti letech dok\u00e1\u017ee zakon\u010dit pravou a tak\u00e9 levou nohou. Nabral zku\u0161enosti v n\u011bkolika r\u016fzn\u00fdch klubech a ji\u017e za n\u011bj bylo zaplaceno hodn\u011b pen\u011bz.\u201c<\/em><\/p>\n<p>Lukaku p\u0159i\u0161el na Goodison v \u00favodu z\u00e1\u0159\u00ed na hostov\u00e1n\u00ed z lond\u00fdnsk\u00e9 Chelsea a pro\u017eil v\u00fdbornou sez\u00f3nu, kterou zakon\u010dil jako nejlep\u0161\u00ed st\u0159elec Blues, p\u0159esto\u017ee zme\u0161kal jeden m\u011bs\u00edc kv\u016fli zran\u011bn\u00ed kotn\u00edku a dv\u011b utk\u00e1n\u00ed proti mate\u0159sk\u00e9mu celku.<\/p>\n<p>Cel\u00e1 situace z\u00e1vis\u00ed na Jos\u00e9m Mourinhovi a jeho pl\u00e1nech s \u00fato\u010dn\u00edky v Chelsea. Nyn\u011bj\u0161\u00ed trojice Samuel Eto&#8217;o, Fernando Torres a Demba Ba jen st\u011b\u017e\u00ed vydr\u017e\u00ed do dal\u0161\u00edho ro\u010dn\u00edku. Notn\u011b se v\u0161ak spekuluje o koupi Diega Costy z Atletica Madrid a pak asi jen t\u011b\u017eko p\u0159edpokl\u00e1dat, \u017ee by se ambici\u00f3zn\u00ed Lukaku spokojil s pozic\u00ed hrota \u010d\u00edslo dv\u011b \u010di t\u0159i.<\/p>\n<p>Jen\u017ee i kdyby Chelsea souhlasila s prodejem, ne\u010dek\u00e1 Everton snadn\u00e1 pr\u00e1ce. Lukaku je \u017e\u00e1dan\u00e9 zbo\u017e\u00ed, v posledn\u00edch dvou sez\u00f3n\u00e1ch Premier League vst\u0159elil v\u00edce ne\u017e 30 g\u00f3l\u016f, a to v\u0161e ne\u017e sta\u010dil dovr\u0161it 21. narozeniny. Podle britsk\u00e9ho tisku u\u017e nyn\u00ed kolem n\u011bj krou\u017e\u00ed Tottenham Hotspur a dal\u0161\u00ed t\u00fdmy ze Serie A a Bundesligy. Nav\u00edc p\u0159ed n\u00e1mi je Mistrovstv\u00ed sv\u011bta, jen\u017e \u010dasto p\u0159ipom\u00edn\u00e1 hotovou n\u00e1kupn\u00ed p\u0159ehl\u00eddku.<\/p>\n<p>A Lukaku jede do Braz\u00edlie s Belgi\u00ed, pova\u017eovanou za \u010dern\u00e9ho kon\u011b \u0161ampion\u00e1tu, v roli jasn\u00e9 jedni\u010dky do \u00fatoku. Po turnaji pravd\u011bpodobn\u011b hodnota a fronta z\u00e1jemc\u016f o rod\u00e1ka z Antverp pouze vzroste a net\u0159eba p\u0159ipom\u00ednat, jak je to s konkurenceschopnost\u00ed Evertonu na evropsk\u00e9m trhu. Nejasnou budoucnost potvrdil t\u00e9\u017e Roberto Mart\u00ednez: <em>\u201eNev\u00edme, zda ho budeme moct podepsat. Jsme z\u00e1visl\u00ed na mnoha faktorech.\u201c<\/em><\/p>\n<p>Bez ohledu na dal\u0161\u00ed spolupr\u00e1ci po ned\u011bln\u00edm utk\u00e1n\u00ed s Hullem Roberto Mart\u00ednez vyj\u00e1d\u0159il spokojenost nad Lukakov\u00fdm hostov\u00e1n\u00edm. <em>\u201eA\u0165 uzav\u0159ete jak\u00fdkoliv obchod, chcete, aby dopadl \u00fasp\u011b\u0161n\u011b. J\u00e1 jsem opravdu r\u00e1d, kdy\u017e mohu prohl\u00e1sit, \u017ee Romovo hostov\u00e1n\u00ed rozhodn\u011b hodnot\u00edm \u00fasp\u011b\u0161n\u011b.<\/em><\/p>\n<p><em>Vid\u011bl jsem, jak roste jako hr\u00e1\u010d a mu\u017e, v pam\u011bti mu z\u016fstanou jedine\u010dn\u00e9 vzpom\u00ednky na Evertonu. A dnes jste si mohli v\u0161imnout jeho v\u00fdborn\u00e9ho vztahu s fanou\u0161ky, kte\u0159\u00ed oce\u0148uj\u00ed z\u0159ejm\u00fd talent.\u00a0<\/em><em>Chelsea bude spokojena s hr\u00e1\u010dov\u00fdm progresem a my jsme r\u00e1di za Rom\u016fv p\u0159\u00ednos.\u201c<\/em><\/p>\n<\/div>\n","protected":false},"excerpt":{"rendered":"<p>Roberto Mart\u00ednez by se neb\u00e1l za kmenov\u00e9ho hr\u00e1\u010de Chelsea zaplatit \u00a320m nebo i v\u00edce, \u010d\u00edm\u017e by se Romelu Lukaku stal&hellip;<\/p>\n","protected":false},"author":6,"featured_media":1313,"comment_status":"open","ping_status":"closed","sticky":false,"template":"","format":"standard","meta":{"_eb_attr":"","_monsterinsights_skip_tracking":false,"_monsterinsights_sitenote_active":false,"_monsterinsights_sitenote_note":"","_monsterinsights_sitenote_category":0,"footnotes":""},"categories":[42],"tags":[],"yoast_head":"<!-- This site is optimized with the Yoast SEO plugin v23.4 - https:\/\/yoast.com\/wordpress\/plugins\/seo\/ -->\n<title>Drah\u00fd Lukaku v Mart\u00ednezov\u011b hled\u00e1\u010dku - Official Czech &amp; Slovak Everton Supporters&#039; Club<\/title>\n<meta name=\"robots\" content=\"index, follow, max-snippet:-1, max-image-preview:large, max-video-preview:-1\" \/>\n<link rel=\"canonical\" href=\"https:\/\/evertonfc.cz\/index.php\/2014\/05\/14\/drahy-lukaku-v-martinezove-hledacku\/\" \/>\n<meta property=\"og:locale\" content=\"cs_CZ\" \/>\n<meta property=\"og:type\" content=\"article\" \/>\n<meta property=\"og:title\" content=\"Drah\u00fd Lukaku v Mart\u00ednezov\u011b hled\u00e1\u010dku - Official Czech &amp; Slovak Everton Supporters&#039; Club\" \/>\n<meta property=\"og:description\" content=\"Roberto Mart\u00ednez by se neb\u00e1l za kmenov\u00e9ho hr\u00e1\u010de Chelsea zaplatit \u00a320m nebo i v\u00edce, \u010d\u00edm\u017e by se Romelu Lukaku stal&hellip;\" \/>\n<meta property=\"og:url\" content=\"https:\/\/evertonfc.cz\/index.php\/2014\/05\/14\/drahy-lukaku-v-martinezove-hledacku\/\" \/>\n<meta property=\"og:site_name\" content=\"Official Czech &amp; Slovak Everton Supporters&#039; Club\" \/>\n<meta property=\"article:publisher\" content=\"https:\/\/www.facebook.com\/everton.fans.cz.sk\" \/>\n<meta property=\"article:published_time\" content=\"2014-05-14T18:46:46+00:00\" \/>\n<meta property=\"article:modified_time\" content=\"2019-02-13T22:45:18+00:00\" \/>\n<meta property=\"og:image\" content=\"https:\/\/evertonfc.cz\/wp-content\/uploads\/2019\/01\/news.jpg\" \/>\n\t<meta property=\"og:image:width\" content=\"720\" \/>\n\t<meta property=\"og:image:height\" content=\"405\" \/>\n\t<meta property=\"og:image:type\" content=\"image\/jpeg\" \/>\n<meta name=\"author\" content=\"Ri\u010di\" \/>\n<meta name=\"twitter:card\" content=\"summary_large_image\" \/>\n<meta name=\"twitter:creator\" content=\"@rbrejsa\" \/>\n<meta name=\"twitter:label1\" content=\"Napsal(a)\" \/>\n\t<meta name=\"twitter:data1\" content=\"Ri\u010di\" \/>\n\t<meta name=\"twitter:label2\" content=\"Odhadovan\u00e1 doba \u010dten\u00ed\" \/>\n\t<meta name=\"twitter:data2\" content=\"3 minuty\" \/>\n<script type=\"application\/ld+json\" class=\"yoast-schema-graph\">{\"@context\":\"https:\/\/schema.org\",\"@graph\":[{\"@type\":\"Article\",\"@id\":\"https:\/\/evertonfc.cz\/index.php\/2014\/05\/14\/drahy-lukaku-v-martinezove-hledacku\/#article\",\"isPartOf\":{\"@id\":\"https:\/\/evertonfc.cz\/index.php\/2014\/05\/14\/drahy-lukaku-v-martinezove-hledacku\/\"},\"author\":{\"name\":\"Ri\u010di\",\"@id\":\"https:\/\/evertonfc.cz\/#\/schema\/person\/f7a5daedb2ffee98480bc70e191aaef1\"},\"headline\":\"Drah\u00fd Lukaku v Mart\u00ednezov\u011b hled\u00e1\u010dku\",\"datePublished\":\"2014-05-14T18:46:46+00:00\",\"dateModified\":\"2019-02-13T22:45:18+00:00\",\"mainEntityOfPage\":{\"@id\":\"https:\/\/evertonfc.cz\/index.php\/2014\/05\/14\/drahy-lukaku-v-martinezove-hledacku\/\"},\"wordCount\":627,\"commentCount\":0,\"publisher\":{\"@id\":\"https:\/\/evertonfc.cz\/#organization\"},\"image\":{\"@id\":\"https:\/\/evertonfc.cz\/index.php\/2014\/05\/14\/drahy-lukaku-v-martinezove-hledacku\/#primaryimage\"},\"thumbnailUrl\":\"https:\/\/evertonfc.cz\/wp-content\/uploads\/2019\/01\/news.jpg\",\"articleSection\":[\"Aktuality\"],\"inLanguage\":\"cs\",\"potentialAction\":[{\"@type\":\"CommentAction\",\"name\":\"Comment\",\"target\":[\"https:\/\/evertonfc.cz\/index.php\/2014\/05\/14\/drahy-lukaku-v-martinezove-hledacku\/#respond\"]}]},{\"@type\":\"WebPage\",\"@id\":\"https:\/\/evertonfc.cz\/index.php\/2014\/05\/14\/drahy-lukaku-v-martinezove-hledacku\/\",\"url\":\"https:\/\/evertonfc.cz\/index.php\/2014\/05\/14\/drahy-lukaku-v-martinezove-hledacku\/\",\"name\":\"Drah\u00fd Lukaku v Mart\u00ednezov\u011b hled\u00e1\u010dku - Official Czech &amp; Slovak Everton Supporters&#039; Club\",\"isPartOf\":{\"@id\":\"https:\/\/evertonfc.cz\/#website\"},\"primaryImageOfPage\":{\"@id\":\"https:\/\/evertonfc.cz\/index.php\/2014\/05\/14\/drahy-lukaku-v-martinezove-hledacku\/#primaryimage\"},\"image\":{\"@id\":\"https:\/\/evertonfc.cz\/index.php\/2014\/05\/14\/drahy-lukaku-v-martinezove-hledacku\/#primaryimage\"},\"thumbnailUrl\":\"https:\/\/evertonfc.cz\/wp-content\/uploads\/2019\/01\/news.jpg\",\"datePublished\":\"2014-05-14T18:46:46+00:00\",\"dateModified\":\"2019-02-13T22:45:18+00:00\",\"breadcrumb\":{\"@id\":\"https:\/\/evertonfc.cz\/index.php\/2014\/05\/14\/drahy-lukaku-v-martinezove-hledacku\/#breadcrumb\"},\"inLanguage\":\"cs\",\"potentialAction\":[{\"@type\":\"ReadAction\",\"target\":[\"https:\/\/evertonfc.cz\/index.php\/2014\/05\/14\/drahy-lukaku-v-martinezove-hledacku\/\"]}]},{\"@type\":\"ImageObject\",\"inLanguage\":\"cs\",\"@id\":\"https:\/\/evertonfc.cz\/index.php\/2014\/05\/14\/drahy-lukaku-v-martinezove-hledacku\/#primaryimage\",\"url\":\"https:\/\/evertonfc.cz\/wp-content\/uploads\/2019\/01\/news.jpg\",\"contentUrl\":\"https:\/\/evertonfc.cz\/wp-content\/uploads\/2019\/01\/news.jpg\",\"width\":720,\"height\":405},{\"@type\":\"BreadcrumbList\",\"@id\":\"https:\/\/evertonfc.cz\/index.php\/2014\/05\/14\/drahy-lukaku-v-martinezove-hledacku\/#breadcrumb\",\"itemListElement\":[{\"@type\":\"ListItem\",\"position\":1,\"name\":\"Home\",\"item\":\"https:\/\/evertonfc.cz\/\"},{\"@type\":\"ListItem\",\"position\":2,\"name\":\"Drah\u00fd Lukaku v Mart\u00ednezov\u011b hled\u00e1\u010dku\"}]},{\"@type\":\"WebSite\",\"@id\":\"https:\/\/evertonfc.cz\/#website\",\"url\":\"https:\/\/evertonfc.cz\/\",\"name\":\"Official Czech &amp; Slovak Everton Supporters&#039; Club\",\"description\":\"\",\"publisher\":{\"@id\":\"https:\/\/evertonfc.cz\/#organization\"},\"potentialAction\":[{\"@type\":\"SearchAction\",\"target\":{\"@type\":\"EntryPoint\",\"urlTemplate\":\"https:\/\/evertonfc.cz\/?s={search_term_string}\"},\"query-input\":{\"@type\":\"PropertyValueSpecification\",\"valueRequired\":true,\"valueName\":\"search_term_string\"}}],\"inLanguage\":\"cs\"},{\"@type\":\"Organization\",\"@id\":\"https:\/\/evertonfc.cz\/#organization\",\"name\":\"Official Czech & Slovak Everton Supporters' Club\",\"url\":\"https:\/\/evertonfc.cz\/\",\"logo\":{\"@type\":\"ImageObject\",\"inLanguage\":\"cs\",\"@id\":\"https:\/\/evertonfc.cz\/#\/schema\/logo\/image\/\",\"url\":\"https:\/\/evertonfc.cz\/wp-content\/uploads\/2019\/05\/logo.png\",\"contentUrl\":\"https:\/\/evertonfc.cz\/wp-content\/uploads\/2019\/05\/logo.png\",\"width\":112,\"height\":112,\"caption\":\"Official Czech & Slovak Everton Supporters' Club\"},\"image\":{\"@id\":\"https:\/\/evertonfc.cz\/#\/schema\/logo\/image\/\"},\"sameAs\":[\"https:\/\/www.facebook.com\/everton.fans.cz.sk\"]},{\"@type\":\"Person\",\"@id\":\"https:\/\/evertonfc.cz\/#\/schema\/person\/f7a5daedb2ffee98480bc70e191aaef1\",\"name\":\"Ri\u010di\",\"sameAs\":[\"https:\/\/x.com\/rbrejsa\"],\"url\":\"https:\/\/evertonfc.cz\/index.php\/author\/rici\/\"}]}<\/script>\n<!-- \/ Yoast SEO plugin. -->","yoast_head_json":{"title":"Drah\u00fd Lukaku v Mart\u00ednezov\u011b hled\u00e1\u010dku - Official Czech &amp; Slovak Everton Supporters&#039; Club","robots":{"index":"index","follow":"follow","max-snippet":"max-snippet:-1","max-image-preview":"max-image-preview:large","max-video-preview":"max-video-preview:-1"},"canonical":"https:\/\/evertonfc.cz\/index.php\/2014\/05\/14\/drahy-lukaku-v-martinezove-hledacku\/","og_locale":"cs_CZ","og_type":"article","og_title":"Drah\u00fd Lukaku v Mart\u00ednezov\u011b hled\u00e1\u010dku - Official Czech &amp; Slovak Everton Supporters&#039; Club","og_description":"Roberto Mart\u00ednez by se neb\u00e1l za kmenov\u00e9ho hr\u00e1\u010de Chelsea zaplatit \u00a320m nebo i v\u00edce, \u010d\u00edm\u017e by se Romelu Lukaku stal&hellip;","og_url":"https:\/\/evertonfc.cz\/index.php\/2014\/05\/14\/drahy-lukaku-v-martinezove-hledacku\/","og_site_name":"Official Czech &amp; Slovak Everton Supporters&#039; Club","article_publisher":"https:\/\/www.facebook.com\/everton.fans.cz.sk","article_published_time":"2014-05-14T18:46:46+00:00","article_modified_time":"2019-02-13T22:45:18+00:00","og_image":[{"width":720,"height":405,"url":"https:\/\/evertonfc.cz\/wp-content\/uploads\/2019\/01\/news.jpg","type":"image\/jpeg"}],"author":"Ri\u010di","twitter_card":"summary_large_image","twitter_creator":"@rbrejsa","twitter_misc":{"Napsal(a)":"Ri\u010di","Odhadovan\u00e1 doba \u010dten\u00ed":"3 minuty"},"schema":{"@context":"https:\/\/schema.org","@graph":[{"@type":"Article","@id":"https:\/\/evertonfc.cz\/index.php\/2014\/05\/14\/drahy-lukaku-v-martinezove-hledacku\/#article","isPartOf":{"@id":"https:\/\/evertonfc.cz\/index.php\/2014\/05\/14\/drahy-lukaku-v-martinezove-hledacku\/"},"author":{"name":"Ri\u010di","@id":"https:\/\/evertonfc.cz\/#\/schema\/person\/f7a5daedb2ffee98480bc70e191aaef1"},"headline":"Drah\u00fd Lukaku v Mart\u00ednezov\u011b hled\u00e1\u010dku","datePublished":"2014-05-14T18:46:46+00:00","dateModified":"2019-02-13T22:45:18+00:00","mainEntityOfPage":{"@id":"https:\/\/evertonfc.cz\/index.php\/2014\/05\/14\/drahy-lukaku-v-martinezove-hledacku\/"},"wordCount":627,"commentCount":0,"publisher":{"@id":"https:\/\/evertonfc.cz\/#organization"},"image":{"@id":"https:\/\/evertonfc.cz\/index.php\/2014\/05\/14\/drahy-lukaku-v-martinezove-hledacku\/#primaryimage"},"thumbnailUrl":"https:\/\/evertonfc.cz\/wp-content\/uploads\/2019\/01\/news.jpg","articleSection":["Aktuality"],"inLanguage":"cs","potentialAction":[{"@type":"CommentAction","name":"Comment","target":["https:\/\/evertonfc.cz\/index.php\/2014\/05\/14\/drahy-lukaku-v-martinezove-hledacku\/#respond"]}]},{"@type":"WebPage","@id":"https:\/\/evertonfc.cz\/index.php\/2014\/05\/14\/drahy-lukaku-v-martinezove-hledacku\/","url":"https:\/\/evertonfc.cz\/index.php\/2014\/05\/14\/drahy-lukaku-v-martinezove-hledacku\/","name":"Drah\u00fd Lukaku v Mart\u00ednezov\u011b hled\u00e1\u010dku - Official Czech &amp; Slovak Everton Supporters&#039; Club","isPartOf":{"@id":"https:\/\/evertonfc.cz\/#website"},"primaryImageOfPage":{"@id":"https:\/\/evertonfc.cz\/index.php\/2014\/05\/14\/drahy-lukaku-v-martinezove-hledacku\/#primaryimage"},"image":{"@id":"https:\/\/evertonfc.cz\/index.php\/2014\/05\/14\/drahy-lukaku-v-martinezove-hledacku\/#primaryimage"},"thumbnailUrl":"https:\/\/evertonfc.cz\/wp-content\/uploads\/2019\/01\/news.jpg","datePublished":"2014-05-14T18:46:46+00:00","dateModified":"2019-02-13T22:45:18+00:00","breadcrumb":{"@id":"https:\/\/evertonfc.cz\/index.php\/2014\/05\/14\/drahy-lukaku-v-martinezove-hledacku\/#breadcrumb"},"inLanguage":"cs","potentialAction":[{"@type":"ReadAction","target":["https:\/\/evertonfc.cz\/index.php\/2014\/05\/14\/drahy-lukaku-v-martinezove-hledacku\/"]}]},{"@type":"ImageObject","inLanguage":"cs","@id":"https:\/\/evertonfc.cz\/index.php\/2014\/05\/14\/drahy-lukaku-v-martinezove-hledacku\/#primaryimage","url":"https:\/\/evertonfc.cz\/wp-content\/uploads\/2019\/01\/news.jpg","contentUrl":"https:\/\/evertonfc.cz\/wp-content\/uploads\/2019\/01\/news.jpg","width":720,"height":405},{"@type":"BreadcrumbList","@id":"https:\/\/evertonfc.cz\/index.php\/2014\/05\/14\/drahy-lukaku-v-martinezove-hledacku\/#breadcrumb","itemListElement":[{"@type":"ListItem","position":1,"name":"Home","item":"https:\/\/evertonfc.cz\/"},{"@type":"ListItem","position":2,"name":"Drah\u00fd Lukaku v Mart\u00ednezov\u011b hled\u00e1\u010dku"}]},{"@type":"WebSite","@id":"https:\/\/evertonfc.cz\/#website","url":"https:\/\/evertonfc.cz\/","name":"Official Czech &amp; Slovak Everton Supporters&#039; Club","description":"","publisher":{"@id":"https:\/\/evertonfc.cz\/#organization"},"potentialAction":[{"@type":"SearchAction","target":{"@type":"EntryPoint","urlTemplate":"https:\/\/evertonfc.cz\/?s={search_term_string}"},"query-input":{"@type":"PropertyValueSpecification","valueRequired":true,"valueName":"search_term_string"}}],"inLanguage":"cs"},{"@type":"Organization","@id":"https:\/\/evertonfc.cz\/#organization","name":"Official Czech & Slovak Everton Supporters' Club","url":"https:\/\/evertonfc.cz\/","logo":{"@type":"ImageObject","inLanguage":"cs","@id":"https:\/\/evertonfc.cz\/#\/schema\/logo\/image\/","url":"https:\/\/evertonfc.cz\/wp-content\/uploads\/2019\/05\/logo.png","contentUrl":"https:\/\/evertonfc.cz\/wp-content\/uploads\/2019\/05\/logo.png","width":112,"height":112,"caption":"Official Czech & Slovak Everton Supporters' Club"},"image":{"@id":"https:\/\/evertonfc.cz\/#\/schema\/logo\/image\/"},"sameAs":["https:\/\/www.facebook.com\/everton.fans.cz.sk"]},{"@type":"Person","@id":"https:\/\/evertonfc.cz\/#\/schema\/person\/f7a5daedb2ffee98480bc70e191aaef1","name":"Ri\u010di","sameAs":["https:\/\/x.com\/rbrejsa"],"url":"https:\/\/evertonfc.cz\/index.php\/author\/rici\/"}]}},"_links":{"self":[{"href":"https:\/\/evertonfc.cz\/index.php\/wp-json\/wp\/v2\/posts\/4726"}],"collection":[{"href":"https:\/\/evertonfc.cz\/index.php\/wp-json\/wp\/v2\/posts"}],"about":[{"href":"https:\/\/evertonfc.cz\/index.php\/wp-json\/wp\/v2\/types\/post"}],"author":[{"embeddable":true,"href":"https:\/\/evertonfc.cz\/index.php\/wp-json\/wp\/v2\/users\/6"}],"replies":[{"embeddable":true,"href":"https:\/\/evertonfc.cz\/index.php\/wp-json\/wp\/v2\/comments?post=4726"}],"version-history":[{"count":3,"href":"https:\/\/evertonfc.cz\/index.php\/wp-json\/wp\/v2\/posts\/4726\/revisions"}],"predecessor-version":[{"id":4983,"href":"https:\/\/evertonfc.cz\/index.php\/wp-json\/wp\/v2\/posts\/4726\/revisions\/4983"}],"wp:featuredmedia":[{"embeddable":true,"href":"https:\/\/evertonfc.cz\/index.php\/wp-json\/wp\/v2\/media\/1313"}],"wp:attachment":[{"href":"https:\/\/evertonfc.cz\/index.php\/wp-json\/wp\/v2\/media?parent=4726"}],"wp:term":[{"taxonomy":"category","embeddable":true,"href":"https:\/\/evertonfc.cz\/index.php\/wp-json\/wp\/v2\/categories?post=4726"},{"taxonomy":"post_tag","embeddable":true,"href":"https:\/\/evertonfc.cz\/index.php\/wp-json\/wp\/v2\/tags?post=4726"}],"curies":[{"name":"wp","href":"https:\/\/api.w.org\/{rel}","templated":true}]}}