{"id":4730,"date":"2014-05-06T20:49:40","date_gmt":"2014-05-06T18:49:40","guid":{"rendered":"http:\/\/evertonfc.cz\/?p=4730"},"modified":"2020-05-14T12:25:28","modified_gmt":"2020-05-14T10:25:28","slug":"spolecna-vlajka-skutecnosti","status":"publish","type":"post","link":"https:\/\/evertonfc.cz\/index.php\/2014\/05\/06\/spolecna-vlajka-skutecnosti\/","title":{"rendered":"Spole\u010dn\u00e1 vlajka skute\u010dnost\u00ed"},"content":{"rendered":"<h4 id=\"NewsPostDetailSummary\">N\u00e1\u0161 skromn\u00fd \u010deskoslovensk\u00fd fanklub Evertonu se zase pro jednou posunul o krok kup\u0159edu, od nyn\u011bj\u0161ka toti\u017e m\u00e1me v dr\u017een\u00ed vlastn\u00ed spole\u010dnou vlajku.<\/h4>\n<div id=\"NewsPostDetailContent\">\n<p>N\u00e1pad na v\u00fdrobu vlajky se objevil p\u0159i letn\u00edm v\u00fdjezdu do V\u00eddn\u011b, kde jsme sledovali p\u0159\u00e1telsk\u00e9 utk\u00e1n\u00ed Toffees proti tam\u011bj\u0161\u00ed Austrii. N\u00e1sledn\u011b si vzal hlavn\u00ed slovo Everton1878, domluvil grafika a vznikly <a href=\"http:\/\/evertonfc.cz\/index.php\/2014\/03\/05\/spolocna-vlajka-ceskych-a-slovenskych-fanusikov-evertonu\/\" target=\"_blank\" rel=\"noopener noreferrer\">\u010dty\u0159i varianty<\/a>, z nich\u017e jsme na webu v hlasov\u00e1n\u00ed vyb\u00edrali fin\u00e1ln\u00ed podobu.<\/p>\n<p>Po men\u0161\u00edch \u00faprav\u00e1ch nakonec zv\u00edt\u011bzil n\u00e1vrh s \u010dist\u011b modr\u00fdm podkladem, b\u00edl\u00fdm n\u00e1pisem Czech &amp; Slovak supporters v horn\u00ed \u010d\u00e1sti, pod n\u00edm je um\u00edst\u011bn klubov\u00fd znak, jen\u017e vejde v platnosti po konci leto\u0161n\u00ed sez\u00f3ny, a v doln\u00ed \u010d\u00e1sti op\u011bt b\u00edl\u00fdm p\u00edsmem stoj\u00ed legend\u00e1rn\u00ed cit\u00e1t Alana Balla: Once Everton has touched you, nothing will be the same.<\/p>\n<p>Rozm\u011bry jednostrann\u00e9 vlajky jsou 160 x 250 cm. Vyrobena byla firmou <a href=\"http:\/\/footballfactory.cz\/\" target=\"_blank\" rel=\"noopener noreferrer\">Fooball Factory<\/a> a st\u00e1la 1 600 korun \u010desk\u00fdch (60 EUR). Celou \u010d\u00e1stku platil Everton1878, do koment\u00e1\u0159\u016f se mohou ozvat z\u00e1jemci, kte\u0159\u00ed cht\u011bj\u00ed finan\u010dn\u011b p\u0159isp\u011bt.<\/p>\n<p>Vlajka se moment\u00e1ln\u011b nach\u00e1z\u00ed u m\u011b, rozhodn\u011b se v\u0161ak nejedn\u00e1 o trval\u00fd stav. Z\u00e1jemci s n\u00ed mohou vycestovat na z\u00e1pasy Evertonu a chyb\u011bt nebude taky ani na spole\u010dn\u00fdch srazech \u010di dal\u0161\u00edch podobn\u00fdch v\u00fdjezdech.<\/p>\n<p><img loading=\"lazy\" decoding=\"async\" class=\"aligncenter\" src=\"http:\/\/evertonfc.cz\/wp-content\/uploads\/2019\/02\/vlajka2.jpg\" alt=\"\" width=\"450\" height=\"284\" \/><\/p>\n<p><img loading=\"lazy\" decoding=\"async\" class=\"aligncenter\" src=\"http:\/\/evertonfc.cz\/wp-content\/uploads\/2019\/02\/vlajka1.jpg\" alt=\"\" width=\"450\" height=\"291\" \/><\/p>\n<\/div>\n","protected":false},"excerpt":{"rendered":"<p>N\u00e1\u0161 skromn\u00fd \u010deskoslovensk\u00fd fanklub Evertonu se zase pro jednou posunul o krok kup\u0159edu, od nyn\u011bj\u0161ka toti\u017e m\u00e1me v dr\u017een\u00ed vlastn\u00ed&hellip;<\/p>\n","protected":false},"author":6,"featured_media":1313,"comment_status":"open","ping_status":"closed","sticky":false,"template":"","format":"standard","meta":{"_eb_attr":"","_monsterinsights_skip_tracking":false,"_monsterinsights_sitenote_active":false,"_monsterinsights_sitenote_note":"","_monsterinsights_sitenote_category":0,"footnotes":""},"categories":[85],"tags":[],"yoast_head":"<!-- This site is optimized with the Yoast SEO plugin v23.4 - https:\/\/yoast.com\/wordpress\/plugins\/seo\/ -->\n<title>Spole\u010dn\u00e1 vlajka skute\u010dnost\u00ed - Official Czech &amp; Slovak Everton Supporters&#039; Club<\/title>\n<meta name=\"robots\" content=\"index, follow, max-snippet:-1, max-image-preview:large, max-video-preview:-1\" \/>\n<link rel=\"canonical\" href=\"https:\/\/evertonfc.cz\/index.php\/2014\/05\/06\/spolecna-vlajka-skutecnosti\/\" \/>\n<meta property=\"og:locale\" content=\"cs_CZ\" \/>\n<meta property=\"og:type\" content=\"article\" \/>\n<meta property=\"og:title\" content=\"Spole\u010dn\u00e1 vlajka skute\u010dnost\u00ed - Official Czech &amp; Slovak Everton Supporters&#039; Club\" \/>\n<meta property=\"og:description\" content=\"N\u00e1\u0161 skromn\u00fd \u010deskoslovensk\u00fd fanklub Evertonu se zase pro jednou posunul o krok kup\u0159edu, od nyn\u011bj\u0161ka toti\u017e m\u00e1me v dr\u017een\u00ed vlastn\u00ed&hellip;\" \/>\n<meta property=\"og:url\" content=\"https:\/\/evertonfc.cz\/index.php\/2014\/05\/06\/spolecna-vlajka-skutecnosti\/\" \/>\n<meta property=\"og:site_name\" content=\"Official Czech &amp; Slovak Everton Supporters&#039; Club\" \/>\n<meta property=\"article:publisher\" content=\"https:\/\/www.facebook.com\/everton.fans.cz.sk\" \/>\n<meta property=\"article:published_time\" content=\"2014-05-06T18:49:40+00:00\" \/>\n<meta property=\"article:modified_time\" content=\"2020-05-14T10:25:28+00:00\" \/>\n<meta property=\"og:image\" content=\"https:\/\/evertonfc.cz\/wp-content\/uploads\/2019\/01\/news.jpg\" \/>\n\t<meta property=\"og:image:width\" content=\"720\" \/>\n\t<meta property=\"og:image:height\" content=\"405\" \/>\n\t<meta property=\"og:image:type\" content=\"image\/jpeg\" \/>\n<meta name=\"author\" content=\"Ri\u010di\" \/>\n<meta name=\"twitter:card\" content=\"summary_large_image\" \/>\n<meta name=\"twitter:creator\" content=\"@rbrejsa\" \/>\n<meta name=\"twitter:label1\" content=\"Napsal(a)\" \/>\n\t<meta name=\"twitter:data1\" content=\"Ri\u010di\" \/>\n\t<meta name=\"twitter:label2\" content=\"Odhadovan\u00e1 doba \u010dten\u00ed\" \/>\n\t<meta name=\"twitter:data2\" content=\"1 minuta\" \/>\n<script type=\"application\/ld+json\" class=\"yoast-schema-graph\">{\"@context\":\"https:\/\/schema.org\",\"@graph\":[{\"@type\":\"Article\",\"@id\":\"https:\/\/evertonfc.cz\/index.php\/2014\/05\/06\/spolecna-vlajka-skutecnosti\/#article\",\"isPartOf\":{\"@id\":\"https:\/\/evertonfc.cz\/index.php\/2014\/05\/06\/spolecna-vlajka-skutecnosti\/\"},\"author\":{\"name\":\"Ri\u010di\",\"@id\":\"https:\/\/evertonfc.cz\/#\/schema\/person\/f7a5daedb2ffee98480bc70e191aaef1\"},\"headline\":\"Spole\u010dn\u00e1 vlajka skute\u010dnost\u00ed\",\"datePublished\":\"2014-05-06T18:49:40+00:00\",\"dateModified\":\"2020-05-14T10:25:28+00:00\",\"mainEntityOfPage\":{\"@id\":\"https:\/\/evertonfc.cz\/index.php\/2014\/05\/06\/spolecna-vlajka-skutecnosti\/\"},\"wordCount\":246,\"commentCount\":0,\"publisher\":{\"@id\":\"https:\/\/evertonfc.cz\/#organization\"},\"image\":{\"@id\":\"https:\/\/evertonfc.cz\/index.php\/2014\/05\/06\/spolecna-vlajka-skutecnosti\/#primaryimage\"},\"thumbnailUrl\":\"https:\/\/evertonfc.cz\/wp-content\/uploads\/2019\/01\/news.jpg\",\"articleSection\":[\"Supporters' Club\"],\"inLanguage\":\"cs\",\"potentialAction\":[{\"@type\":\"CommentAction\",\"name\":\"Comment\",\"target\":[\"https:\/\/evertonfc.cz\/index.php\/2014\/05\/06\/spolecna-vlajka-skutecnosti\/#respond\"]}]},{\"@type\":\"WebPage\",\"@id\":\"https:\/\/evertonfc.cz\/index.php\/2014\/05\/06\/spolecna-vlajka-skutecnosti\/\",\"url\":\"https:\/\/evertonfc.cz\/index.php\/2014\/05\/06\/spolecna-vlajka-skutecnosti\/\",\"name\":\"Spole\u010dn\u00e1 vlajka skute\u010dnost\u00ed - Official Czech &amp; Slovak Everton Supporters&#039; Club\",\"isPartOf\":{\"@id\":\"https:\/\/evertonfc.cz\/#website\"},\"primaryImageOfPage\":{\"@id\":\"https:\/\/evertonfc.cz\/index.php\/2014\/05\/06\/spolecna-vlajka-skutecnosti\/#primaryimage\"},\"image\":{\"@id\":\"https:\/\/evertonfc.cz\/index.php\/2014\/05\/06\/spolecna-vlajka-skutecnosti\/#primaryimage\"},\"thumbnailUrl\":\"https:\/\/evertonfc.cz\/wp-content\/uploads\/2019\/01\/news.jpg\",\"datePublished\":\"2014-05-06T18:49:40+00:00\",\"dateModified\":\"2020-05-14T10:25:28+00:00\",\"breadcrumb\":{\"@id\":\"https:\/\/evertonfc.cz\/index.php\/2014\/05\/06\/spolecna-vlajka-skutecnosti\/#breadcrumb\"},\"inLanguage\":\"cs\",\"potentialAction\":[{\"@type\":\"ReadAction\",\"target\":[\"https:\/\/evertonfc.cz\/index.php\/2014\/05\/06\/spolecna-vlajka-skutecnosti\/\"]}]},{\"@type\":\"ImageObject\",\"inLanguage\":\"cs\",\"@id\":\"https:\/\/evertonfc.cz\/index.php\/2014\/05\/06\/spolecna-vlajka-skutecnosti\/#primaryimage\",\"url\":\"https:\/\/evertonfc.cz\/wp-content\/uploads\/2019\/01\/news.jpg\",\"contentUrl\":\"https:\/\/evertonfc.cz\/wp-content\/uploads\/2019\/01\/news.jpg\",\"width\":720,\"height\":405},{\"@type\":\"BreadcrumbList\",\"@id\":\"https:\/\/evertonfc.cz\/index.php\/2014\/05\/06\/spolecna-vlajka-skutecnosti\/#breadcrumb\",\"itemListElement\":[{\"@type\":\"ListItem\",\"position\":1,\"name\":\"Home\",\"item\":\"https:\/\/evertonfc.cz\/\"},{\"@type\":\"ListItem\",\"position\":2,\"name\":\"Spole\u010dn\u00e1 vlajka skute\u010dnost\u00ed\"}]},{\"@type\":\"WebSite\",\"@id\":\"https:\/\/evertonfc.cz\/#website\",\"url\":\"https:\/\/evertonfc.cz\/\",\"name\":\"Official Czech &amp; Slovak Everton Supporters&#039; Club\",\"description\":\"\",\"publisher\":{\"@id\":\"https:\/\/evertonfc.cz\/#organization\"},\"potentialAction\":[{\"@type\":\"SearchAction\",\"target\":{\"@type\":\"EntryPoint\",\"urlTemplate\":\"https:\/\/evertonfc.cz\/?s={search_term_string}\"},\"query-input\":{\"@type\":\"PropertyValueSpecification\",\"valueRequired\":true,\"valueName\":\"search_term_string\"}}],\"inLanguage\":\"cs\"},{\"@type\":\"Organization\",\"@id\":\"https:\/\/evertonfc.cz\/#organization\",\"name\":\"Official Czech & Slovak Everton Supporters' Club\",\"url\":\"https:\/\/evertonfc.cz\/\",\"logo\":{\"@type\":\"ImageObject\",\"inLanguage\":\"cs\",\"@id\":\"https:\/\/evertonfc.cz\/#\/schema\/logo\/image\/\",\"url\":\"https:\/\/evertonfc.cz\/wp-content\/uploads\/2019\/05\/logo.png\",\"contentUrl\":\"https:\/\/evertonfc.cz\/wp-content\/uploads\/2019\/05\/logo.png\",\"width\":112,\"height\":112,\"caption\":\"Official Czech & Slovak Everton Supporters' Club\"},\"image\":{\"@id\":\"https:\/\/evertonfc.cz\/#\/schema\/logo\/image\/\"},\"sameAs\":[\"https:\/\/www.facebook.com\/everton.fans.cz.sk\"]},{\"@type\":\"Person\",\"@id\":\"https:\/\/evertonfc.cz\/#\/schema\/person\/f7a5daedb2ffee98480bc70e191aaef1\",\"name\":\"Ri\u010di\",\"sameAs\":[\"https:\/\/x.com\/rbrejsa\"],\"url\":\"https:\/\/evertonfc.cz\/index.php\/author\/rici\/\"}]}<\/script>\n<!-- \/ Yoast SEO plugin. -->","yoast_head_json":{"title":"Spole\u010dn\u00e1 vlajka skute\u010dnost\u00ed - Official Czech &amp; Slovak Everton Supporters&#039; Club","robots":{"index":"index","follow":"follow","max-snippet":"max-snippet:-1","max-image-preview":"max-image-preview:large","max-video-preview":"max-video-preview:-1"},"canonical":"https:\/\/evertonfc.cz\/index.php\/2014\/05\/06\/spolecna-vlajka-skutecnosti\/","og_locale":"cs_CZ","og_type":"article","og_title":"Spole\u010dn\u00e1 vlajka skute\u010dnost\u00ed - Official Czech &amp; Slovak Everton Supporters&#039; Club","og_description":"N\u00e1\u0161 skromn\u00fd \u010deskoslovensk\u00fd fanklub Evertonu se zase pro jednou posunul o krok kup\u0159edu, od nyn\u011bj\u0161ka toti\u017e m\u00e1me v dr\u017een\u00ed vlastn\u00ed&hellip;","og_url":"https:\/\/evertonfc.cz\/index.php\/2014\/05\/06\/spolecna-vlajka-skutecnosti\/","og_site_name":"Official Czech &amp; Slovak Everton Supporters&#039; Club","article_publisher":"https:\/\/www.facebook.com\/everton.fans.cz.sk","article_published_time":"2014-05-06T18:49:40+00:00","article_modified_time":"2020-05-14T10:25:28+00:00","og_image":[{"width":720,"height":405,"url":"https:\/\/evertonfc.cz\/wp-content\/uploads\/2019\/01\/news.jpg","type":"image\/jpeg"}],"author":"Ri\u010di","twitter_card":"summary_large_image","twitter_creator":"@rbrejsa","twitter_misc":{"Napsal(a)":"Ri\u010di","Odhadovan\u00e1 doba \u010dten\u00ed":"1 minuta"},"schema":{"@context":"https:\/\/schema.org","@graph":[{"@type":"Article","@id":"https:\/\/evertonfc.cz\/index.php\/2014\/05\/06\/spolecna-vlajka-skutecnosti\/#article","isPartOf":{"@id":"https:\/\/evertonfc.cz\/index.php\/2014\/05\/06\/spolecna-vlajka-skutecnosti\/"},"author":{"name":"Ri\u010di","@id":"https:\/\/evertonfc.cz\/#\/schema\/person\/f7a5daedb2ffee98480bc70e191aaef1"},"headline":"Spole\u010dn\u00e1 vlajka skute\u010dnost\u00ed","datePublished":"2014-05-06T18:49:40+00:00","dateModified":"2020-05-14T10:25:28+00:00","mainEntityOfPage":{"@id":"https:\/\/evertonfc.cz\/index.php\/2014\/05\/06\/spolecna-vlajka-skutecnosti\/"},"wordCount":246,"commentCount":0,"publisher":{"@id":"https:\/\/evertonfc.cz\/#organization"},"image":{"@id":"https:\/\/evertonfc.cz\/index.php\/2014\/05\/06\/spolecna-vlajka-skutecnosti\/#primaryimage"},"thumbnailUrl":"https:\/\/evertonfc.cz\/wp-content\/uploads\/2019\/01\/news.jpg","articleSection":["Supporters' Club"],"inLanguage":"cs","potentialAction":[{"@type":"CommentAction","name":"Comment","target":["https:\/\/evertonfc.cz\/index.php\/2014\/05\/06\/spolecna-vlajka-skutecnosti\/#respond"]}]},{"@type":"WebPage","@id":"https:\/\/evertonfc.cz\/index.php\/2014\/05\/06\/spolecna-vlajka-skutecnosti\/","url":"https:\/\/evertonfc.cz\/index.php\/2014\/05\/06\/spolecna-vlajka-skutecnosti\/","name":"Spole\u010dn\u00e1 vlajka skute\u010dnost\u00ed - Official Czech &amp; Slovak Everton Supporters&#039; Club","isPartOf":{"@id":"https:\/\/evertonfc.cz\/#website"},"primaryImageOfPage":{"@id":"https:\/\/evertonfc.cz\/index.php\/2014\/05\/06\/spolecna-vlajka-skutecnosti\/#primaryimage"},"image":{"@id":"https:\/\/evertonfc.cz\/index.php\/2014\/05\/06\/spolecna-vlajka-skutecnosti\/#primaryimage"},"thumbnailUrl":"https:\/\/evertonfc.cz\/wp-content\/uploads\/2019\/01\/news.jpg","datePublished":"2014-05-06T18:49:40+00:00","dateModified":"2020-05-14T10:25:28+00:00","breadcrumb":{"@id":"https:\/\/evertonfc.cz\/index.php\/2014\/05\/06\/spolecna-vlajka-skutecnosti\/#breadcrumb"},"inLanguage":"cs","potentialAction":[{"@type":"ReadAction","target":["https:\/\/evertonfc.cz\/index.php\/2014\/05\/06\/spolecna-vlajka-skutecnosti\/"]}]},{"@type":"ImageObject","inLanguage":"cs","@id":"https:\/\/evertonfc.cz\/index.php\/2014\/05\/06\/spolecna-vlajka-skutecnosti\/#primaryimage","url":"https:\/\/evertonfc.cz\/wp-content\/uploads\/2019\/01\/news.jpg","contentUrl":"https:\/\/evertonfc.cz\/wp-content\/uploads\/2019\/01\/news.jpg","width":720,"height":405},{"@type":"BreadcrumbList","@id":"https:\/\/evertonfc.cz\/index.php\/2014\/05\/06\/spolecna-vlajka-skutecnosti\/#breadcrumb","itemListElement":[{"@type":"ListItem","position":1,"name":"Home","item":"https:\/\/evertonfc.cz\/"},{"@type":"ListItem","position":2,"name":"Spole\u010dn\u00e1 vlajka skute\u010dnost\u00ed"}]},{"@type":"WebSite","@id":"https:\/\/evertonfc.cz\/#website","url":"https:\/\/evertonfc.cz\/","name":"Official Czech &amp; Slovak Everton Supporters&#039; Club","description":"","publisher":{"@id":"https:\/\/evertonfc.cz\/#organization"},"potentialAction":[{"@type":"SearchAction","target":{"@type":"EntryPoint","urlTemplate":"https:\/\/evertonfc.cz\/?s={search_term_string}"},"query-input":{"@type":"PropertyValueSpecification","valueRequired":true,"valueName":"search_term_string"}}],"inLanguage":"cs"},{"@type":"Organization","@id":"https:\/\/evertonfc.cz\/#organization","name":"Official Czech & Slovak Everton Supporters' Club","url":"https:\/\/evertonfc.cz\/","logo":{"@type":"ImageObject","inLanguage":"cs","@id":"https:\/\/evertonfc.cz\/#\/schema\/logo\/image\/","url":"https:\/\/evertonfc.cz\/wp-content\/uploads\/2019\/05\/logo.png","contentUrl":"https:\/\/evertonfc.cz\/wp-content\/uploads\/2019\/05\/logo.png","width":112,"height":112,"caption":"Official Czech & Slovak Everton Supporters' Club"},"image":{"@id":"https:\/\/evertonfc.cz\/#\/schema\/logo\/image\/"},"sameAs":["https:\/\/www.facebook.com\/everton.fans.cz.sk"]},{"@type":"Person","@id":"https:\/\/evertonfc.cz\/#\/schema\/person\/f7a5daedb2ffee98480bc70e191aaef1","name":"Ri\u010di","sameAs":["https:\/\/x.com\/rbrejsa"],"url":"https:\/\/evertonfc.cz\/index.php\/author\/rici\/"}]}},"_links":{"self":[{"href":"https:\/\/evertonfc.cz\/index.php\/wp-json\/wp\/v2\/posts\/4730"}],"collection":[{"href":"https:\/\/evertonfc.cz\/index.php\/wp-json\/wp\/v2\/posts"}],"about":[{"href":"https:\/\/evertonfc.cz\/index.php\/wp-json\/wp\/v2\/types\/post"}],"author":[{"embeddable":true,"href":"https:\/\/evertonfc.cz\/index.php\/wp-json\/wp\/v2\/users\/6"}],"replies":[{"embeddable":true,"href":"https:\/\/evertonfc.cz\/index.php\/wp-json\/wp\/v2\/comments?post=4730"}],"version-history":[{"count":4,"href":"https:\/\/evertonfc.cz\/index.php\/wp-json\/wp\/v2\/posts\/4730\/revisions"}],"predecessor-version":[{"id":7047,"href":"https:\/\/evertonfc.cz\/index.php\/wp-json\/wp\/v2\/posts\/4730\/revisions\/7047"}],"wp:featuredmedia":[{"embeddable":true,"href":"https:\/\/evertonfc.cz\/index.php\/wp-json\/wp\/v2\/media\/1313"}],"wp:attachment":[{"href":"https:\/\/evertonfc.cz\/index.php\/wp-json\/wp\/v2\/media?parent=4730"}],"wp:term":[{"taxonomy":"category","embeddable":true,"href":"https:\/\/evertonfc.cz\/index.php\/wp-json\/wp\/v2\/categories?post=4730"},{"taxonomy":"post_tag","embeddable":true,"href":"https:\/\/evertonfc.cz\/index.php\/wp-json\/wp\/v2\/tags?post=4730"}],"curies":[{"name":"wp","href":"https:\/\/api.w.org\/{rel}","templated":true}]}}