{"id":4732,"date":"2014-05-04T20:51:08","date_gmt":"2014-05-04T18:51:08","guid":{"rendered":"http:\/\/evertonfc.cz\/?p=4732"},"modified":"2019-02-13T20:51:55","modified_gmt":"2019-02-13T19:51:55","slug":"everton-manchester-city-23","status":"publish","type":"post","link":"https:\/\/evertonfc.cz\/index.php\/2014\/05\/04\/everton-manchester-city-23\/","title":{"rendered":"Everton &#8211; Manchester City 2:3"},"content":{"rendered":"<h4 id=\"NewsPostDetailSummary\">Everton prohr\u00e1l podruh\u00e9 v \u0159ad\u011b, kdy\u017e doma v p\u011btibrankov\u00e9m dramatu nesta\u010dil na Manchester City, smutnit ale nemus\u00ed, na z\u00e1klad\u011b ostatn\u00edch v\u00fdsledk\u016f m\u00e1 kolo p\u0159ed koncem ligy jist\u00e9 5. m\u00edsto.<\/h4>\n<div id=\"NewsPostDetailContent\">\n<p>Roberto Mart\u00ednez se poprv\u00e9 v sout\u011b\u017en\u00edm z\u00e1pase rozhodl pro rozestaven\u00ed 5-3-2, na pozici stoper\u016f nastoupila trojice Alcaraz, Jagielka, Stones, ofenzivn\u00edmi krajn\u00edmi beky byli Colemanem a Baines.<\/p>\n<p>Podve\u010dern\u00ed duel odstartoval ve svi\u017en\u00e9m tempu s n\u00e1znaky \u0161anc\u00ed na obou stran\u00e1ch a pom\u011brn\u011b brzy padla tak\u00e9 prvn\u00ed branka. V 11. minut\u011b Steven Naismith narazil Barkleymu, kter\u00fd se trefil z d\u00e1lky <a href=\"https:\/\/vine.co\/v\/MrxVx5wHpuT\" target=\"_blank\" rel=\"noopener\">n\u00e1dhern\u00fdm zakroucen\u00fdm ban\u00e1nem<\/a> &#8211; <strong>1:0<\/strong>. Host\u00e9 p\u0159isp\u011bchali s odpov\u011bd\u00ed okam\u017eit\u011b, Yaya Tour\u00e9 po dobr\u00e9 individu\u00e1ln\u00ed pr\u00e1ci p\u00e1lil nad br\u00e1nu. Z\u00e1lo\u017en\u00edk s Pob\u0159e\u017e\u00ed Slonoviny si spravil chu\u0165 v 22. minut\u011b, pasem do strany vyb\u00eddl Sergia Ag\u00fcero a ten st\u0159elou k ty\u010di vyrovnal &#8211; <strong>1:1<\/strong>.<\/p>\n<p>Citizens se sna\u017eili dostat do veden\u00ed, nep\u0159esn\u011b to technick\u00fdm pokusem zkou\u0161el Samir Nasri. Povedlo se a\u017e p\u0159ed polo\u010dasovou p\u0159est\u00e1vkou. Tim Howard sice nejprve vychytal Edina D\u017eeka, tomu v\u0161ak m\u00ed\u010d okam\u017eit\u011b vr\u00e1til na hlavu Milner a do kabin Toffees \u0161li s jednog\u00f3lov\u00fdm mankem &#8211; <strong>1:2<\/strong>. Nic na tom nezm\u011bnil ani Romelu Lukaku, z\u00a0voleje vysoko p\u0159est\u0159elil.<\/p>\n<p>V \u00favodu druh\u00e9 p\u016fle aktivn\u00ed Barkley pot\u00e1hl akci p\u0159es p\u016fl h\u0159i\u0161t\u011b a naserv\u00edroval uli\u010dku Naismithovi, proti n\u011bmu\u017e skv\u011ble zas\u00e1hl Joe Hart. Neprom\u011bn\u011bn\u00e1 p\u0159\u00edle\u017eitost mrzela, a zvl\u00e1\u0161\u0165 proto\u017ee se op\u011bt jednou potvrdilo pravidlo \u201cned\u00e1\u0161-dostane\u0161\u201c. V 48. minut\u011b Samir Nasri na\u0161el ve v\u00e1pn\u011b osamocen\u00e9ho D\u017eeka, kter\u00fd se bez probl\u00e9m\u016f prosadil &#8211; <strong>1:3<\/strong>.<\/p>\n<p>Blues se p\u0159esto nevzd\u00e1vali a odm\u011bnou za aktivn\u00ed hru jim bylo sn\u00ed\u017een\u00ed, v 65. minut\u011b Leighton Baines p\u0159esn\u011b odcentroval a Lukaku rybi\u010dkou s pomoc\u00ed ty\u010de p\u0159ekonal Harta &#8211; <strong>2:3<\/strong>. City rychle zareagovali, po svi\u017en\u00e9 kombinaci Howard zachra\u0148oval p\u0159ed Zabaletou.<\/p>\n<p>Manchester City si v z\u00e1v\u011bru v\u00fdsledek hl\u00eddal, k ohro\u017een\u00ed se dostal jen st\u0159\u00eddaj\u00edc\u00ed Gerard Deulofeu, obe\u0161el t\u0159i hr\u00e1\u010de, jen\u017ee v zakon\u010den\u00ed trefil bo\u010dn\u00ed s\u00ed\u0165.<\/p>\n<p>Highlights naleznete na <a href=\"http:\/\/www.evertonfc.com\/evertontv\/home\/10269\" target=\"_blank\" rel=\"noopener\">ofici\u00e1ln\u00edch str\u00e1nk\u00e1ch<\/a> nebo <a href=\"http:\/\/www.goalsarena.org\/en\/video\/england-barclays-premier-league\/03-05-2014-everton-manchester-city.html\" target=\"_blank\" rel=\"noopener\">zde<\/a>.<\/p>\n<p><strong>Branky:<\/strong> 11. Ross Barkley, 65. Romelu Lukaku &#8211; 22. Sergio Ag\u00fcero, 43. a 48. Edin D\u017eeko<br \/>\n<strong>\u017dK:<\/strong> 39. Javi Garc\u00eda, 66. Mart\u00edn Demichelis, 83. Edin D\u017eeko<br \/>\n<strong>Everton FC:<\/strong> Tim Howard, Phil Jagielka (66. Gerard Deulofeu), John Stones, Antolin Alcaraz, Leighton Baines, S\u00e9amus Coleman, James McCarthy, Leon Osman (83. Aiden McGeady), Ross Barkley, Steven Naismith, Romelu Lukaku<br \/>\n<strong>Manchester City:<\/strong> Joe Hart, Vincent Kompany, Pablo Zabaleta, Ga\u00ebl Clichy, Mart\u00edn Demichelis, James Milner, Samir Nasri (75. David Silva), Javi Garc\u00eda, Yaya Tour\u00e9 (66. Aleksandar Kolarov), Edin D\u017eeko, Sergio Ag\u00fcero (28. Fernandinho)<br \/>\n<strong>Rozhod\u010d\u00ed:<\/strong> Lee Probert<br \/>\n<strong>Div\u00e1ci:<\/strong> 39 454<\/p>\n<\/div>\n","protected":false},"excerpt":{"rendered":"<p>Everton prohr\u00e1l podruh\u00e9 v \u0159ad\u011b, kdy\u017e doma v p\u011btibrankov\u00e9m dramatu nesta\u010dil na Manchester City, smutnit ale nemus\u00ed, na z\u00e1klad\u011b ostatn\u00edch&hellip;<\/p>\n","protected":false},"author":6,"featured_media":1315,"comment_status":"open","ping_status":"closed","sticky":false,"template":"","format":"standard","meta":{"_eb_attr":"","_monsterinsights_skip_tracking":false,"_monsterinsights_sitenote_active":false,"_monsterinsights_sitenote_note":"","_monsterinsights_sitenote_category":0,"footnotes":""},"categories":[4],"tags":[],"yoast_head":"<!-- This site is optimized with the Yoast SEO plugin v23.4 - https:\/\/yoast.com\/wordpress\/plugins\/seo\/ -->\n<title>Everton - Manchester City 2:3 - Official Czech &amp; Slovak Everton Supporters&#039; Club<\/title>\n<meta name=\"robots\" content=\"index, follow, max-snippet:-1, max-image-preview:large, max-video-preview:-1\" \/>\n<link rel=\"canonical\" href=\"https:\/\/evertonfc.cz\/index.php\/2014\/05\/04\/everton-manchester-city-23\/\" \/>\n<meta property=\"og:locale\" content=\"cs_CZ\" \/>\n<meta property=\"og:type\" content=\"article\" \/>\n<meta property=\"og:title\" content=\"Everton - Manchester City 2:3 - Official Czech &amp; Slovak Everton Supporters&#039; Club\" \/>\n<meta property=\"og:description\" content=\"Everton prohr\u00e1l podruh\u00e9 v \u0159ad\u011b, kdy\u017e doma v p\u011btibrankov\u00e9m dramatu nesta\u010dil na Manchester City, smutnit ale nemus\u00ed, na z\u00e1klad\u011b ostatn\u00edch&hellip;\" \/>\n<meta property=\"og:url\" content=\"https:\/\/evertonfc.cz\/index.php\/2014\/05\/04\/everton-manchester-city-23\/\" \/>\n<meta property=\"og:site_name\" content=\"Official Czech &amp; Slovak Everton Supporters&#039; Club\" \/>\n<meta property=\"article:publisher\" content=\"https:\/\/www.facebook.com\/everton.fans.cz.sk\" \/>\n<meta property=\"article:published_time\" content=\"2014-05-04T18:51:08+00:00\" \/>\n<meta property=\"article:modified_time\" content=\"2019-02-13T19:51:55+00:00\" \/>\n<meta property=\"og:image\" content=\"https:\/\/evertonfc.cz\/wp-content\/uploads\/2019\/01\/report.jpg\" \/>\n\t<meta property=\"og:image:width\" content=\"720\" \/>\n\t<meta property=\"og:image:height\" content=\"405\" \/>\n\t<meta property=\"og:image:type\" content=\"image\/jpeg\" \/>\n<meta name=\"author\" content=\"Ri\u010di\" \/>\n<meta name=\"twitter:card\" content=\"summary_large_image\" \/>\n<meta name=\"twitter:creator\" content=\"@rbrejsa\" \/>\n<meta name=\"twitter:label1\" content=\"Napsal(a)\" \/>\n\t<meta name=\"twitter:data1\" content=\"Ri\u010di\" \/>\n\t<meta name=\"twitter:label2\" content=\"Odhadovan\u00e1 doba \u010dten\u00ed\" \/>\n\t<meta name=\"twitter:data2\" content=\"2 minuty\" \/>\n<script type=\"application\/ld+json\" class=\"yoast-schema-graph\">{\"@context\":\"https:\/\/schema.org\",\"@graph\":[{\"@type\":\"Article\",\"@id\":\"https:\/\/evertonfc.cz\/index.php\/2014\/05\/04\/everton-manchester-city-23\/#article\",\"isPartOf\":{\"@id\":\"https:\/\/evertonfc.cz\/index.php\/2014\/05\/04\/everton-manchester-city-23\/\"},\"author\":{\"name\":\"Ri\u010di\",\"@id\":\"https:\/\/evertonfc.cz\/#\/schema\/person\/f7a5daedb2ffee98480bc70e191aaef1\"},\"headline\":\"Everton &#8211; Manchester City 2:3\",\"datePublished\":\"2014-05-04T18:51:08+00:00\",\"dateModified\":\"2019-02-13T19:51:55+00:00\",\"mainEntityOfPage\":{\"@id\":\"https:\/\/evertonfc.cz\/index.php\/2014\/05\/04\/everton-manchester-city-23\/\"},\"wordCount\":500,\"commentCount\":0,\"publisher\":{\"@id\":\"https:\/\/evertonfc.cz\/#organization\"},\"image\":{\"@id\":\"https:\/\/evertonfc.cz\/index.php\/2014\/05\/04\/everton-manchester-city-23\/#primaryimage\"},\"thumbnailUrl\":\"https:\/\/evertonfc.cz\/wp-content\/uploads\/2019\/01\/report.jpg\",\"articleSection\":[\"Z\u00e1pasy\"],\"inLanguage\":\"cs\",\"potentialAction\":[{\"@type\":\"CommentAction\",\"name\":\"Comment\",\"target\":[\"https:\/\/evertonfc.cz\/index.php\/2014\/05\/04\/everton-manchester-city-23\/#respond\"]}]},{\"@type\":\"WebPage\",\"@id\":\"https:\/\/evertonfc.cz\/index.php\/2014\/05\/04\/everton-manchester-city-23\/\",\"url\":\"https:\/\/evertonfc.cz\/index.php\/2014\/05\/04\/everton-manchester-city-23\/\",\"name\":\"Everton - Manchester City 2:3 - Official Czech &amp; Slovak Everton Supporters&#039; Club\",\"isPartOf\":{\"@id\":\"https:\/\/evertonfc.cz\/#website\"},\"primaryImageOfPage\":{\"@id\":\"https:\/\/evertonfc.cz\/index.php\/2014\/05\/04\/everton-manchester-city-23\/#primaryimage\"},\"image\":{\"@id\":\"https:\/\/evertonfc.cz\/index.php\/2014\/05\/04\/everton-manchester-city-23\/#primaryimage\"},\"thumbnailUrl\":\"https:\/\/evertonfc.cz\/wp-content\/uploads\/2019\/01\/report.jpg\",\"datePublished\":\"2014-05-04T18:51:08+00:00\",\"dateModified\":\"2019-02-13T19:51:55+00:00\",\"breadcrumb\":{\"@id\":\"https:\/\/evertonfc.cz\/index.php\/2014\/05\/04\/everton-manchester-city-23\/#breadcrumb\"},\"inLanguage\":\"cs\",\"potentialAction\":[{\"@type\":\"ReadAction\",\"target\":[\"https:\/\/evertonfc.cz\/index.php\/2014\/05\/04\/everton-manchester-city-23\/\"]}]},{\"@type\":\"ImageObject\",\"inLanguage\":\"cs\",\"@id\":\"https:\/\/evertonfc.cz\/index.php\/2014\/05\/04\/everton-manchester-city-23\/#primaryimage\",\"url\":\"https:\/\/evertonfc.cz\/wp-content\/uploads\/2019\/01\/report.jpg\",\"contentUrl\":\"https:\/\/evertonfc.cz\/wp-content\/uploads\/2019\/01\/report.jpg\",\"width\":720,\"height\":405},{\"@type\":\"BreadcrumbList\",\"@id\":\"https:\/\/evertonfc.cz\/index.php\/2014\/05\/04\/everton-manchester-city-23\/#breadcrumb\",\"itemListElement\":[{\"@type\":\"ListItem\",\"position\":1,\"name\":\"Home\",\"item\":\"https:\/\/evertonfc.cz\/\"},{\"@type\":\"ListItem\",\"position\":2,\"name\":\"Everton &#8211; Manchester City 2:3\"}]},{\"@type\":\"WebSite\",\"@id\":\"https:\/\/evertonfc.cz\/#website\",\"url\":\"https:\/\/evertonfc.cz\/\",\"name\":\"Official Czech &amp; Slovak Everton Supporters&#039; Club\",\"description\":\"\",\"publisher\":{\"@id\":\"https:\/\/evertonfc.cz\/#organization\"},\"potentialAction\":[{\"@type\":\"SearchAction\",\"target\":{\"@type\":\"EntryPoint\",\"urlTemplate\":\"https:\/\/evertonfc.cz\/?s={search_term_string}\"},\"query-input\":{\"@type\":\"PropertyValueSpecification\",\"valueRequired\":true,\"valueName\":\"search_term_string\"}}],\"inLanguage\":\"cs\"},{\"@type\":\"Organization\",\"@id\":\"https:\/\/evertonfc.cz\/#organization\",\"name\":\"Official Czech & Slovak Everton Supporters' Club\",\"url\":\"https:\/\/evertonfc.cz\/\",\"logo\":{\"@type\":\"ImageObject\",\"inLanguage\":\"cs\",\"@id\":\"https:\/\/evertonfc.cz\/#\/schema\/logo\/image\/\",\"url\":\"https:\/\/evertonfc.cz\/wp-content\/uploads\/2019\/05\/logo.png\",\"contentUrl\":\"https:\/\/evertonfc.cz\/wp-content\/uploads\/2019\/05\/logo.png\",\"width\":112,\"height\":112,\"caption\":\"Official Czech & Slovak Everton Supporters' Club\"},\"image\":{\"@id\":\"https:\/\/evertonfc.cz\/#\/schema\/logo\/image\/\"},\"sameAs\":[\"https:\/\/www.facebook.com\/everton.fans.cz.sk\"]},{\"@type\":\"Person\",\"@id\":\"https:\/\/evertonfc.cz\/#\/schema\/person\/f7a5daedb2ffee98480bc70e191aaef1\",\"name\":\"Ri\u010di\",\"sameAs\":[\"https:\/\/x.com\/rbrejsa\"],\"url\":\"https:\/\/evertonfc.cz\/index.php\/author\/rici\/\"}]}<\/script>\n<!-- \/ Yoast SEO plugin. -->","yoast_head_json":{"title":"Everton - Manchester City 2:3 - Official Czech &amp; Slovak Everton Supporters&#039; Club","robots":{"index":"index","follow":"follow","max-snippet":"max-snippet:-1","max-image-preview":"max-image-preview:large","max-video-preview":"max-video-preview:-1"},"canonical":"https:\/\/evertonfc.cz\/index.php\/2014\/05\/04\/everton-manchester-city-23\/","og_locale":"cs_CZ","og_type":"article","og_title":"Everton - Manchester City 2:3 - Official Czech &amp; Slovak Everton Supporters&#039; Club","og_description":"Everton prohr\u00e1l podruh\u00e9 v \u0159ad\u011b, kdy\u017e doma v p\u011btibrankov\u00e9m dramatu nesta\u010dil na Manchester City, smutnit ale nemus\u00ed, na z\u00e1klad\u011b ostatn\u00edch&hellip;","og_url":"https:\/\/evertonfc.cz\/index.php\/2014\/05\/04\/everton-manchester-city-23\/","og_site_name":"Official Czech &amp; Slovak Everton Supporters&#039; Club","article_publisher":"https:\/\/www.facebook.com\/everton.fans.cz.sk","article_published_time":"2014-05-04T18:51:08+00:00","article_modified_time":"2019-02-13T19:51:55+00:00","og_image":[{"width":720,"height":405,"url":"https:\/\/evertonfc.cz\/wp-content\/uploads\/2019\/01\/report.jpg","type":"image\/jpeg"}],"author":"Ri\u010di","twitter_card":"summary_large_image","twitter_creator":"@rbrejsa","twitter_misc":{"Napsal(a)":"Ri\u010di","Odhadovan\u00e1 doba \u010dten\u00ed":"2 minuty"},"schema":{"@context":"https:\/\/schema.org","@graph":[{"@type":"Article","@id":"https:\/\/evertonfc.cz\/index.php\/2014\/05\/04\/everton-manchester-city-23\/#article","isPartOf":{"@id":"https:\/\/evertonfc.cz\/index.php\/2014\/05\/04\/everton-manchester-city-23\/"},"author":{"name":"Ri\u010di","@id":"https:\/\/evertonfc.cz\/#\/schema\/person\/f7a5daedb2ffee98480bc70e191aaef1"},"headline":"Everton &#8211; Manchester City 2:3","datePublished":"2014-05-04T18:51:08+00:00","dateModified":"2019-02-13T19:51:55+00:00","mainEntityOfPage":{"@id":"https:\/\/evertonfc.cz\/index.php\/2014\/05\/04\/everton-manchester-city-23\/"},"wordCount":500,"commentCount":0,"publisher":{"@id":"https:\/\/evertonfc.cz\/#organization"},"image":{"@id":"https:\/\/evertonfc.cz\/index.php\/2014\/05\/04\/everton-manchester-city-23\/#primaryimage"},"thumbnailUrl":"https:\/\/evertonfc.cz\/wp-content\/uploads\/2019\/01\/report.jpg","articleSection":["Z\u00e1pasy"],"inLanguage":"cs","potentialAction":[{"@type":"CommentAction","name":"Comment","target":["https:\/\/evertonfc.cz\/index.php\/2014\/05\/04\/everton-manchester-city-23\/#respond"]}]},{"@type":"WebPage","@id":"https:\/\/evertonfc.cz\/index.php\/2014\/05\/04\/everton-manchester-city-23\/","url":"https:\/\/evertonfc.cz\/index.php\/2014\/05\/04\/everton-manchester-city-23\/","name":"Everton - Manchester City 2:3 - Official Czech &amp; Slovak Everton Supporters&#039; Club","isPartOf":{"@id":"https:\/\/evertonfc.cz\/#website"},"primaryImageOfPage":{"@id":"https:\/\/evertonfc.cz\/index.php\/2014\/05\/04\/everton-manchester-city-23\/#primaryimage"},"image":{"@id":"https:\/\/evertonfc.cz\/index.php\/2014\/05\/04\/everton-manchester-city-23\/#primaryimage"},"thumbnailUrl":"https:\/\/evertonfc.cz\/wp-content\/uploads\/2019\/01\/report.jpg","datePublished":"2014-05-04T18:51:08+00:00","dateModified":"2019-02-13T19:51:55+00:00","breadcrumb":{"@id":"https:\/\/evertonfc.cz\/index.php\/2014\/05\/04\/everton-manchester-city-23\/#breadcrumb"},"inLanguage":"cs","potentialAction":[{"@type":"ReadAction","target":["https:\/\/evertonfc.cz\/index.php\/2014\/05\/04\/everton-manchester-city-23\/"]}]},{"@type":"ImageObject","inLanguage":"cs","@id":"https:\/\/evertonfc.cz\/index.php\/2014\/05\/04\/everton-manchester-city-23\/#primaryimage","url":"https:\/\/evertonfc.cz\/wp-content\/uploads\/2019\/01\/report.jpg","contentUrl":"https:\/\/evertonfc.cz\/wp-content\/uploads\/2019\/01\/report.jpg","width":720,"height":405},{"@type":"BreadcrumbList","@id":"https:\/\/evertonfc.cz\/index.php\/2014\/05\/04\/everton-manchester-city-23\/#breadcrumb","itemListElement":[{"@type":"ListItem","position":1,"name":"Home","item":"https:\/\/evertonfc.cz\/"},{"@type":"ListItem","position":2,"name":"Everton &#8211; Manchester City 2:3"}]},{"@type":"WebSite","@id":"https:\/\/evertonfc.cz\/#website","url":"https:\/\/evertonfc.cz\/","name":"Official Czech &amp; Slovak Everton Supporters&#039; Club","description":"","publisher":{"@id":"https:\/\/evertonfc.cz\/#organization"},"potentialAction":[{"@type":"SearchAction","target":{"@type":"EntryPoint","urlTemplate":"https:\/\/evertonfc.cz\/?s={search_term_string}"},"query-input":{"@type":"PropertyValueSpecification","valueRequired":true,"valueName":"search_term_string"}}],"inLanguage":"cs"},{"@type":"Organization","@id":"https:\/\/evertonfc.cz\/#organization","name":"Official Czech & Slovak Everton Supporters' Club","url":"https:\/\/evertonfc.cz\/","logo":{"@type":"ImageObject","inLanguage":"cs","@id":"https:\/\/evertonfc.cz\/#\/schema\/logo\/image\/","url":"https:\/\/evertonfc.cz\/wp-content\/uploads\/2019\/05\/logo.png","contentUrl":"https:\/\/evertonfc.cz\/wp-content\/uploads\/2019\/05\/logo.png","width":112,"height":112,"caption":"Official Czech & Slovak Everton Supporters' Club"},"image":{"@id":"https:\/\/evertonfc.cz\/#\/schema\/logo\/image\/"},"sameAs":["https:\/\/www.facebook.com\/everton.fans.cz.sk"]},{"@type":"Person","@id":"https:\/\/evertonfc.cz\/#\/schema\/person\/f7a5daedb2ffee98480bc70e191aaef1","name":"Ri\u010di","sameAs":["https:\/\/x.com\/rbrejsa"],"url":"https:\/\/evertonfc.cz\/index.php\/author\/rici\/"}]}},"_links":{"self":[{"href":"https:\/\/evertonfc.cz\/index.php\/wp-json\/wp\/v2\/posts\/4732"}],"collection":[{"href":"https:\/\/evertonfc.cz\/index.php\/wp-json\/wp\/v2\/posts"}],"about":[{"href":"https:\/\/evertonfc.cz\/index.php\/wp-json\/wp\/v2\/types\/post"}],"author":[{"embeddable":true,"href":"https:\/\/evertonfc.cz\/index.php\/wp-json\/wp\/v2\/users\/6"}],"replies":[{"embeddable":true,"href":"https:\/\/evertonfc.cz\/index.php\/wp-json\/wp\/v2\/comments?post=4732"}],"version-history":[{"count":1,"href":"https:\/\/evertonfc.cz\/index.php\/wp-json\/wp\/v2\/posts\/4732\/revisions"}],"predecessor-version":[{"id":4733,"href":"https:\/\/evertonfc.cz\/index.php\/wp-json\/wp\/v2\/posts\/4732\/revisions\/4733"}],"wp:featuredmedia":[{"embeddable":true,"href":"https:\/\/evertonfc.cz\/index.php\/wp-json\/wp\/v2\/media\/1315"}],"wp:attachment":[{"href":"https:\/\/evertonfc.cz\/index.php\/wp-json\/wp\/v2\/media?parent=4732"}],"wp:term":[{"taxonomy":"category","embeddable":true,"href":"https:\/\/evertonfc.cz\/index.php\/wp-json\/wp\/v2\/categories?post=4732"},{"taxonomy":"post_tag","embeddable":true,"href":"https:\/\/evertonfc.cz\/index.php\/wp-json\/wp\/v2\/tags?post=4732"}],"curies":[{"name":"wp","href":"https:\/\/api.w.org\/{rel}","templated":true}]}}