{"id":4734,"date":"2014-05-02T20:52:25","date_gmt":"2014-05-02T18:52:25","guid":{"rendered":"http:\/\/evertonfc.cz\/?p=4734"},"modified":"2021-02-17T16:01:25","modified_gmt":"2021-02-17T15:01:25","slug":"preview-everton-manchester-city-7","status":"publish","type":"post","link":"https:\/\/evertonfc.cz\/index.php\/2014\/05\/02\/preview-everton-manchester-city-7\/","title":{"rendered":"Preview: Everton &#8211; Manchester City"},"content":{"rendered":"<h4 id=\"NewsPostDetailSummary\">Jen t\u011b\u017eko si p\u0159edstavit atraktivn\u011bj\u0161\u00edho soupe\u0159e pro posledn\u00ed dom\u00e1c\u00ed utk\u00e1n\u00ed sez\u00f3ny ne\u017e o titul bojuj\u00edc\u00ed Manchester City, na n\u011bho\u017e Toffees na Goodison Park um\u00ed.<\/h4>\n<div id=\"NewsPostDetailContent\">\n<p>Dv\u011b vlastn\u00ed trefy proti Southamptonu z minul\u00e9ho v\u00edkendu pravd\u011bpodobn\u011b ukon\u010dily nad\u011bje na Ligy mistr\u016f, kdy\u017e moment\u00e1ln\u011b \u010dtvrt\u00fd Arsenal dr\u017e\u00ed na Toffees \u010dty\u0159bodov\u00fd n\u00e1skok. Gunners v ned\u011bli host\u00ed West Brom, a tak mnohem re\u00e1ln\u011bji se nyn\u00ed zdaj\u00ed z\u00e1vody o udr\u017een\u00ed p\u00e1t\u00e9ho m\u00edsta. \u0160est\u00fd Tottenham ztr\u00e1c\u00ed t\u0159i body a hovo\u0159\u00ed proti n\u011bmu hor\u0161\u00ed sk\u00f3re. Matematika je jednoduch\u00e1, Spurs musej\u00ed dvakr\u00e1t zv\u00edt\u011bzit a doufat v maxim\u00e1ln\u011b dvoubodov\u00fd zisk Evertonu ze z\u00e1v\u011bre\u010dn\u00fdch dvou utk\u00e1n\u00ed.<\/p>\n<p>O ambic\u00edch Tottenhamu napov\u00ed sobotn\u00ed brzk\u00e9 odpoledn\u00ed derby na p\u016fd\u011b West Hamu. A na mocn\u00fd fini\u0161 mysl\u00ed t\u00e9\u017e Manchester United, hodlaj\u00edc\u00ed se vyhoupnout aspo\u0148 na \u0161est\u00e9 m\u00edsto znamenaj\u00edc\u00ed posledn\u00ed vstupenku do fotbalov\u00e9 Evropy. Everton by p\u0159edb\u011bhl, pokud by Devils sv\u00e9 zb\u00fdvaj\u00edc\u00ed t\u0159i kola vyhr\u00e1li a Everton ob\u011b kola prohr\u00e1l.<\/p>\n<p>Citizens se na Goodisonu v posledn\u00edch letech tr\u00e1p\u00ed, na p\u0159eru\u0161en\u00ed nelichotiv\u00e9 s\u00e9rii by ale pouze t\u011b\u017eko hledali vhodn\u011bj\u0161\u00ed d\u016fvod ne\u017e aktu\u00e1ln\u00ed. Jestli\u017ee usp\u011bj\u00ed ve v\u0161ech t\u0159ech zbyl\u00fdch duelech, budou slavit zisk mistrovsk\u00e9ho titulu, a to je sakra motivace. Toffees pochopiteln\u011b budou v sobotu p\u0159\u00e1t soused\u00e9 z\u00a0Liverpoolu, pomoc rival\u016f by se jim n\u00e1ramn\u011b hodila. Everton se v\u0161ak soust\u0159ed\u00ed p\u0159edev\u0161\u00edm na sebe, ver\u0161 z obl\u00edben\u00e9ho chor\u00e1lu Grand Old Team hovo\u0159\u00ed za v\u0161e: <em>\u201eWe don&#8217;t care what the REDSHITE say.\u201c<\/em><\/p>\n<p>Posledn\u00ed z\u00e1pas ro\u010dn\u00edku p\u0159ed vlastn\u00edmi fanou\u0161ky bude p\u0159edev\u0161\u00edm slou\u017eit jako oslava nov\u00e9 \u00e9ry pod Robertem Mart\u00ednezem a jak v\u0161ichni v\u00edme, nejl\u00e9pe se slav\u00ed po \u00fasp\u011bchu. Evertonians \u00fadajn\u011b hodlaj\u00ed vzd\u00e1t p\u0159ed v\u00fdkopem Mart\u00ednezovi hold velkou vlajkou (viz n\u00ed\u017ee) jdouc\u00ed od Upper Gwladys Street Stand na Upper Bullens Road Stand.<\/p>\n<p>Manchester City je p\u0159edev\u0161\u00edm Yaya Tour\u00e9, nezastaviteln\u00fd g\u00f3lov\u00fd tank z Pob\u0159e\u017e\u00ed Slonoviny. Na starost ho bude m\u00edt jeden z nejpovolan\u011bj\u0161\u00edch \u2013 James McCarthy. Mlad\u00fd z\u00e1lo\u017en\u00edk po letn\u00edm p\u0159\u00edchodu do mu\u017estva okam\u017eit\u011b zapadl a spolu se Seamusem Colemanem, kter\u00e9ho mimochodem hr\u00e1\u010dsk\u00e1 asociace zvolila do ligov\u00e9 jeden\u00e1ctky sez\u00f3ny, se p\u0159etahuje o ocen\u011bn\u00ed pro nejlep\u0161\u00edho klubov\u00e9ho fotbalistu roku. Zaj\u00edmav\u00e9 bude, jak si McCarthy povede bez st\u00e1l\u00e9ho kolegy Garetha Barryho, ten nastoupit nem\u016f\u017ee, jeliko\u017e hostuje pr\u00e1v\u011b z ManCity. Pokud se nestane nic p\u0159ekvapiv\u00e9ho, nahrad\u00ed ho Leon Osman.<\/p>\n<p>Do obrany se kone\u010dn\u011b po 10 t\u00fddnech vrac\u00ed kapit\u00e1n Phil Jagielka, poran\u011bn\u00fd stehenn\u00ed sval je u\u017e vyl\u00e9\u010den. Sylvain Distin se uzdravit nestihne, a tak lze p\u0159edpokl\u00e1dat nasazen\u00ed mentora Jagielka a \u017e\u00e1ka Stonese. Tato dvojice spolu naposledy hr\u00e1la v lednu p\u0159i dom\u00e1c\u00ed v\u00fdh\u0159e 2:0 nad Norwichem City.<\/p>\n<h4><strong>Z\u00e1pasov\u00e1 fakta<\/strong><\/h4>\n<p>Vz\u00e1jemn\u00e1<br \/>\n\u2022 Everton udolal City v posledn\u00edch \u010dty\u0159ech p\u0159\u00edpadech, kdy ho hostil<br \/>\n\u2022 Citizens zv\u00edt\u011bzili v jednom z posledn\u00edch 15 ligov\u00fdch v\u00fdjezd\u016f na Goodison Park (1 v\u00fdhra, 4 rem\u00edzy, 10 proher).<\/p>\n<p>Everton<br \/>\n\u2022 5. m\u00edsto s 69 body, sk\u00f3re 57:36<br \/>\n\u2022 vyhr\u00e1l osm z posledn\u00edch deseti ligov\u00fdch kol, na druhou stranu v posledn\u00edch t\u0159ech dvakr\u00e1t prohr\u00e1l<br \/>\n\u2022 minul\u00fd v\u00edkend vy\u0161el st\u0159elecky napr\u00e1zdno po dev\u00edti duelech<br \/>\n\u2022 vst\u0159elil 18 branek v posledn\u00edch 15 minut\u00e1ch ligov\u00fdch kl\u00e1n\u00ed, pouze ManCity (21) je v t\u00e9to \u010dinnosti lep\u0161\u00ed<br \/>\n\u2022 letos vyhr\u00e1l 18x z 20 p\u0159\u00edpad\u016f, kdy sk\u00f3roval prvn\u00ed (18 v\u00fdher, 1 rem\u00edza, 1 prohra).<\/p>\n<p>Manchester City<br \/>\n\u2022 3. m\u00edsto s 77 body, sk\u00f3re 93:35 (o jedno utk\u00e1n\u00ed m\u00e9n\u011b)<br \/>\n\u2022 posledn\u00edch p\u011bt g\u00f3l\u016f v lize vs\u00edtil v\u00a0prvn\u00edch polo\u010dasech<br \/>\n\u2022 od prosince nikdo jin\u00fd z Premier League nenasb\u00edral z venku v\u00edce bod\u016f (27)<br \/>\n\u2022 Yaya Tour\u00e9 se letos trefil v lize 19x, chyb\u00ed mu jeden z\u00e1sah, aby se stal jenom druh\u00fdm z\u00e1lo\u017en\u00edkem v historii Premier League, jen\u017e poko\u0159il dvaceti g\u00f3lovou hranici (po Franku Lampardovi s 22 brankami z ro\u010dn\u00edku 2009\/10)<br \/>\n\u2022 Sergio Ag\u00fcero sk\u00f3roval v posledn\u00edch sedmi z\u00e1pasech jednou, jin\u00fd \u00fato\u010dn\u00edk \u00c1lvaro Negredo potom vy\u0161el napr\u00e1zdno v posledn\u00edch 14 vystoupen\u00edch.<\/p>\n<h4><strong>T\u00fdmov\u00e9 novinky<\/strong><\/h4>\n<p>N\u00e1vrat dlouhodob\u00fdch marod\u016f Darrona Gibsona, Arouny Kon\u00e9ho a Stevena Pienaara se minim\u00e1ln\u011b o t\u00fdden odkl\u00e1d\u00e1. Lacina Traor\u00e9, Bryan Oviedo a Kevin Mirallas si \u0161krtli leto\u0161n\u00ed klubovou sez\u00f3nu kv\u016fli zdravotn\u00edm probl\u00e9m\u016fm ji\u017e d\u0159\u00edve. Leighton Baines se uzdravil z leh\u010d\u00edho zran\u011bn\u00ed kolena a nastoup\u00ed v obran\u011b po boku uzdraven\u00e9ho Phila Jagielky. Sylvain Distin laboruje se stehenn\u00edm svalem a jeho start v z\u00e1kladn\u00ed sestav\u011b se jev\u00ed jako p\u0159\u00edli\u0161n\u00e9 riziko. Gareth Barry coby kmenov\u00fd hr\u00e1\u010d City se z\u00fa\u010dastnit nem\u016f\u017ee.<\/p>\n<p>Everton: Howard, Robles, Alcaraz, Baines, Coleman, Jagielka, Distin (?), Hibbert, Stones, Barkley, McCarthy, McGeady, Osman, Deulofeu, Gueye, Lukaku, Naismith.<\/p>\n<p>Krom\u011b dlouhodob\u011b zran\u011bn\u00e9ho Mitji Nastasi\u0107e chyb\u00ed Manuelu Pellegrinimu s kotn\u00edkem tr\u00e1p\u00edc\u00ed se Jes\u00fas Navas. Dirigent David Silva se dal do po\u0159\u00e1dku a bude v\u011btrat obranu EFC.<\/p>\n<p>Manchester City: Hart, Pantilimon, Clichy, Demichelis, Kolarov, Kompany, Lescott, Richards, Zabaleta, Fernandinho, Garc\u00eda, Milner, Nasri, Rodwell, Silva, Tour\u00e9, Ag\u00fcero, D\u017eeko, Joveti\u0107, Negredo.<\/p>\n<p><strong>Co:<\/strong> Everton FC &#8211; Manchester City FC, 37. kolo Premier League<br \/>\n<strong>Kdy:<\/strong> 03. 05. 2014 od 18:30 SE\u010c<br \/>\n<strong>Kde:<\/strong> Goodison Park, Liverpool (kapacita: 40 157)<br \/>\n<strong>Rozhod\u010d\u00ed:<\/strong> Lee Probert<\/p>\n<\/div>\n","protected":false},"excerpt":{"rendered":"<p>Jen t\u011b\u017eko si p\u0159edstavit atraktivn\u011bj\u0161\u00edho soupe\u0159e pro posledn\u00ed dom\u00e1c\u00ed utk\u00e1n\u00ed sez\u00f3ny ne\u017e o titul bojuj\u00edc\u00ed Manchester City, na n\u011bho\u017e Toffees na Goodison Park um\u00ed.<\/p>\n","protected":false},"author":6,"featured_media":13367,"comment_status":"open","ping_status":"closed","sticky":false,"template":"","format":"standard","meta":{"_eb_attr":"","_monsterinsights_skip_tracking":false,"_monsterinsights_sitenote_active":false,"_monsterinsights_sitenote_note":"","_monsterinsights_sitenote_category":0,"footnotes":""},"categories":[4],"tags":[],"yoast_head":"<!-- This site is optimized with the Yoast SEO plugin v23.4 - https:\/\/yoast.com\/wordpress\/plugins\/seo\/ -->\n<title>Preview: Everton - Manchester City - Official Czech &amp; Slovak Everton Supporters&#039; Club<\/title>\n<meta name=\"robots\" content=\"index, follow, max-snippet:-1, max-image-preview:large, max-video-preview:-1\" \/>\n<link rel=\"canonical\" href=\"https:\/\/evertonfc.cz\/index.php\/2014\/05\/02\/preview-everton-manchester-city-7\/\" \/>\n<meta property=\"og:locale\" content=\"cs_CZ\" \/>\n<meta property=\"og:type\" content=\"article\" \/>\n<meta property=\"og:title\" content=\"Preview: Everton - Manchester City - Official Czech &amp; Slovak Everton Supporters&#039; Club\" \/>\n<meta property=\"og:description\" content=\"Jen t\u011b\u017eko si p\u0159edstavit atraktivn\u011bj\u0161\u00edho soupe\u0159e pro posledn\u00ed dom\u00e1c\u00ed utk\u00e1n\u00ed sez\u00f3ny ne\u017e o titul bojuj\u00edc\u00ed Manchester City, na n\u011bho\u017e Toffees na Goodison Park um\u00ed.\" \/>\n<meta property=\"og:url\" content=\"https:\/\/evertonfc.cz\/index.php\/2014\/05\/02\/preview-everton-manchester-city-7\/\" \/>\n<meta property=\"og:site_name\" content=\"Official Czech &amp; Slovak Everton Supporters&#039; Club\" \/>\n<meta property=\"article:publisher\" content=\"https:\/\/www.facebook.com\/everton.fans.cz.sk\" \/>\n<meta property=\"article:published_time\" content=\"2014-05-02T18:52:25+00:00\" \/>\n<meta property=\"article:modified_time\" content=\"2021-02-17T15:01:25+00:00\" \/>\n<meta property=\"og:image\" content=\"https:\/\/evertonfc.cz\/wp-content\/uploads\/2020\/12\/Everton-VS-Manchester-City-NIGHT.jpg\" \/>\n\t<meta property=\"og:image:width\" content=\"720\" \/>\n\t<meta property=\"og:image:height\" content=\"405\" \/>\n\t<meta property=\"og:image:type\" content=\"image\/jpeg\" \/>\n<meta name=\"author\" content=\"Ri\u010di\" \/>\n<meta name=\"twitter:card\" content=\"summary_large_image\" \/>\n<meta name=\"twitter:creator\" content=\"@rbrejsa\" \/>\n<meta name=\"twitter:label1\" content=\"Napsal(a)\" \/>\n\t<meta name=\"twitter:data1\" content=\"Ri\u010di\" \/>\n\t<meta name=\"twitter:label2\" content=\"Odhadovan\u00e1 doba \u010dten\u00ed\" \/>\n\t<meta name=\"twitter:data2\" content=\"5 minut\" \/>\n<script type=\"application\/ld+json\" class=\"yoast-schema-graph\">{\"@context\":\"https:\/\/schema.org\",\"@graph\":[{\"@type\":\"Article\",\"@id\":\"https:\/\/evertonfc.cz\/index.php\/2014\/05\/02\/preview-everton-manchester-city-7\/#article\",\"isPartOf\":{\"@id\":\"https:\/\/evertonfc.cz\/index.php\/2014\/05\/02\/preview-everton-manchester-city-7\/\"},\"author\":{\"name\":\"Ri\u010di\",\"@id\":\"https:\/\/evertonfc.cz\/#\/schema\/person\/f7a5daedb2ffee98480bc70e191aaef1\"},\"headline\":\"Preview: Everton &#8211; Manchester City\",\"datePublished\":\"2014-05-02T18:52:25+00:00\",\"dateModified\":\"2021-02-17T15:01:25+00:00\",\"mainEntityOfPage\":{\"@id\":\"https:\/\/evertonfc.cz\/index.php\/2014\/05\/02\/preview-everton-manchester-city-7\/\"},\"wordCount\":966,\"commentCount\":0,\"publisher\":{\"@id\":\"https:\/\/evertonfc.cz\/#organization\"},\"image\":{\"@id\":\"https:\/\/evertonfc.cz\/index.php\/2014\/05\/02\/preview-everton-manchester-city-7\/#primaryimage\"},\"thumbnailUrl\":\"https:\/\/evertonfc.cz\/wp-content\/uploads\/2020\/12\/Everton-VS-Manchester-City-NIGHT.jpg\",\"articleSection\":[\"Z\u00e1pasy\"],\"inLanguage\":\"cs\",\"potentialAction\":[{\"@type\":\"CommentAction\",\"name\":\"Comment\",\"target\":[\"https:\/\/evertonfc.cz\/index.php\/2014\/05\/02\/preview-everton-manchester-city-7\/#respond\"]}]},{\"@type\":\"WebPage\",\"@id\":\"https:\/\/evertonfc.cz\/index.php\/2014\/05\/02\/preview-everton-manchester-city-7\/\",\"url\":\"https:\/\/evertonfc.cz\/index.php\/2014\/05\/02\/preview-everton-manchester-city-7\/\",\"name\":\"Preview: Everton - Manchester City - Official Czech &amp; Slovak Everton Supporters&#039; Club\",\"isPartOf\":{\"@id\":\"https:\/\/evertonfc.cz\/#website\"},\"primaryImageOfPage\":{\"@id\":\"https:\/\/evertonfc.cz\/index.php\/2014\/05\/02\/preview-everton-manchester-city-7\/#primaryimage\"},\"image\":{\"@id\":\"https:\/\/evertonfc.cz\/index.php\/2014\/05\/02\/preview-everton-manchester-city-7\/#primaryimage\"},\"thumbnailUrl\":\"https:\/\/evertonfc.cz\/wp-content\/uploads\/2020\/12\/Everton-VS-Manchester-City-NIGHT.jpg\",\"datePublished\":\"2014-05-02T18:52:25+00:00\",\"dateModified\":\"2021-02-17T15:01:25+00:00\",\"breadcrumb\":{\"@id\":\"https:\/\/evertonfc.cz\/index.php\/2014\/05\/02\/preview-everton-manchester-city-7\/#breadcrumb\"},\"inLanguage\":\"cs\",\"potentialAction\":[{\"@type\":\"ReadAction\",\"target\":[\"https:\/\/evertonfc.cz\/index.php\/2014\/05\/02\/preview-everton-manchester-city-7\/\"]}]},{\"@type\":\"ImageObject\",\"inLanguage\":\"cs\",\"@id\":\"https:\/\/evertonfc.cz\/index.php\/2014\/05\/02\/preview-everton-manchester-city-7\/#primaryimage\",\"url\":\"https:\/\/evertonfc.cz\/wp-content\/uploads\/2020\/12\/Everton-VS-Manchester-City-NIGHT.jpg\",\"contentUrl\":\"https:\/\/evertonfc.cz\/wp-content\/uploads\/2020\/12\/Everton-VS-Manchester-City-NIGHT.jpg\",\"width\":720,\"height\":405},{\"@type\":\"BreadcrumbList\",\"@id\":\"https:\/\/evertonfc.cz\/index.php\/2014\/05\/02\/preview-everton-manchester-city-7\/#breadcrumb\",\"itemListElement\":[{\"@type\":\"ListItem\",\"position\":1,\"name\":\"Home\",\"item\":\"https:\/\/evertonfc.cz\/\"},{\"@type\":\"ListItem\",\"position\":2,\"name\":\"Preview: Everton &#8211; Manchester City\"}]},{\"@type\":\"WebSite\",\"@id\":\"https:\/\/evertonfc.cz\/#website\",\"url\":\"https:\/\/evertonfc.cz\/\",\"name\":\"Official Czech &amp; Slovak Everton Supporters&#039; Club\",\"description\":\"\",\"publisher\":{\"@id\":\"https:\/\/evertonfc.cz\/#organization\"},\"potentialAction\":[{\"@type\":\"SearchAction\",\"target\":{\"@type\":\"EntryPoint\",\"urlTemplate\":\"https:\/\/evertonfc.cz\/?s={search_term_string}\"},\"query-input\":{\"@type\":\"PropertyValueSpecification\",\"valueRequired\":true,\"valueName\":\"search_term_string\"}}],\"inLanguage\":\"cs\"},{\"@type\":\"Organization\",\"@id\":\"https:\/\/evertonfc.cz\/#organization\",\"name\":\"Official Czech & Slovak Everton Supporters' Club\",\"url\":\"https:\/\/evertonfc.cz\/\",\"logo\":{\"@type\":\"ImageObject\",\"inLanguage\":\"cs\",\"@id\":\"https:\/\/evertonfc.cz\/#\/schema\/logo\/image\/\",\"url\":\"https:\/\/evertonfc.cz\/wp-content\/uploads\/2019\/05\/logo.png\",\"contentUrl\":\"https:\/\/evertonfc.cz\/wp-content\/uploads\/2019\/05\/logo.png\",\"width\":112,\"height\":112,\"caption\":\"Official Czech & Slovak Everton Supporters' Club\"},\"image\":{\"@id\":\"https:\/\/evertonfc.cz\/#\/schema\/logo\/image\/\"},\"sameAs\":[\"https:\/\/www.facebook.com\/everton.fans.cz.sk\"]},{\"@type\":\"Person\",\"@id\":\"https:\/\/evertonfc.cz\/#\/schema\/person\/f7a5daedb2ffee98480bc70e191aaef1\",\"name\":\"Ri\u010di\",\"sameAs\":[\"https:\/\/x.com\/rbrejsa\"],\"url\":\"https:\/\/evertonfc.cz\/index.php\/author\/rici\/\"}]}<\/script>\n<!-- \/ Yoast SEO plugin. -->","yoast_head_json":{"title":"Preview: Everton - Manchester City - Official Czech &amp; Slovak Everton Supporters&#039; Club","robots":{"index":"index","follow":"follow","max-snippet":"max-snippet:-1","max-image-preview":"max-image-preview:large","max-video-preview":"max-video-preview:-1"},"canonical":"https:\/\/evertonfc.cz\/index.php\/2014\/05\/02\/preview-everton-manchester-city-7\/","og_locale":"cs_CZ","og_type":"article","og_title":"Preview: Everton - Manchester City - Official Czech &amp; Slovak Everton Supporters&#039; Club","og_description":"Jen t\u011b\u017eko si p\u0159edstavit atraktivn\u011bj\u0161\u00edho soupe\u0159e pro posledn\u00ed dom\u00e1c\u00ed utk\u00e1n\u00ed sez\u00f3ny ne\u017e o titul bojuj\u00edc\u00ed Manchester City, na n\u011bho\u017e Toffees na Goodison Park um\u00ed.","og_url":"https:\/\/evertonfc.cz\/index.php\/2014\/05\/02\/preview-everton-manchester-city-7\/","og_site_name":"Official Czech &amp; Slovak Everton Supporters&#039; Club","article_publisher":"https:\/\/www.facebook.com\/everton.fans.cz.sk","article_published_time":"2014-05-02T18:52:25+00:00","article_modified_time":"2021-02-17T15:01:25+00:00","og_image":[{"width":720,"height":405,"url":"https:\/\/evertonfc.cz\/wp-content\/uploads\/2020\/12\/Everton-VS-Manchester-City-NIGHT.jpg","type":"image\/jpeg"}],"author":"Ri\u010di","twitter_card":"summary_large_image","twitter_creator":"@rbrejsa","twitter_misc":{"Napsal(a)":"Ri\u010di","Odhadovan\u00e1 doba \u010dten\u00ed":"5 minut"},"schema":{"@context":"https:\/\/schema.org","@graph":[{"@type":"Article","@id":"https:\/\/evertonfc.cz\/index.php\/2014\/05\/02\/preview-everton-manchester-city-7\/#article","isPartOf":{"@id":"https:\/\/evertonfc.cz\/index.php\/2014\/05\/02\/preview-everton-manchester-city-7\/"},"author":{"name":"Ri\u010di","@id":"https:\/\/evertonfc.cz\/#\/schema\/person\/f7a5daedb2ffee98480bc70e191aaef1"},"headline":"Preview: Everton &#8211; Manchester City","datePublished":"2014-05-02T18:52:25+00:00","dateModified":"2021-02-17T15:01:25+00:00","mainEntityOfPage":{"@id":"https:\/\/evertonfc.cz\/index.php\/2014\/05\/02\/preview-everton-manchester-city-7\/"},"wordCount":966,"commentCount":0,"publisher":{"@id":"https:\/\/evertonfc.cz\/#organization"},"image":{"@id":"https:\/\/evertonfc.cz\/index.php\/2014\/05\/02\/preview-everton-manchester-city-7\/#primaryimage"},"thumbnailUrl":"https:\/\/evertonfc.cz\/wp-content\/uploads\/2020\/12\/Everton-VS-Manchester-City-NIGHT.jpg","articleSection":["Z\u00e1pasy"],"inLanguage":"cs","potentialAction":[{"@type":"CommentAction","name":"Comment","target":["https:\/\/evertonfc.cz\/index.php\/2014\/05\/02\/preview-everton-manchester-city-7\/#respond"]}]},{"@type":"WebPage","@id":"https:\/\/evertonfc.cz\/index.php\/2014\/05\/02\/preview-everton-manchester-city-7\/","url":"https:\/\/evertonfc.cz\/index.php\/2014\/05\/02\/preview-everton-manchester-city-7\/","name":"Preview: Everton - Manchester City - Official Czech &amp; Slovak Everton Supporters&#039; Club","isPartOf":{"@id":"https:\/\/evertonfc.cz\/#website"},"primaryImageOfPage":{"@id":"https:\/\/evertonfc.cz\/index.php\/2014\/05\/02\/preview-everton-manchester-city-7\/#primaryimage"},"image":{"@id":"https:\/\/evertonfc.cz\/index.php\/2014\/05\/02\/preview-everton-manchester-city-7\/#primaryimage"},"thumbnailUrl":"https:\/\/evertonfc.cz\/wp-content\/uploads\/2020\/12\/Everton-VS-Manchester-City-NIGHT.jpg","datePublished":"2014-05-02T18:52:25+00:00","dateModified":"2021-02-17T15:01:25+00:00","breadcrumb":{"@id":"https:\/\/evertonfc.cz\/index.php\/2014\/05\/02\/preview-everton-manchester-city-7\/#breadcrumb"},"inLanguage":"cs","potentialAction":[{"@type":"ReadAction","target":["https:\/\/evertonfc.cz\/index.php\/2014\/05\/02\/preview-everton-manchester-city-7\/"]}]},{"@type":"ImageObject","inLanguage":"cs","@id":"https:\/\/evertonfc.cz\/index.php\/2014\/05\/02\/preview-everton-manchester-city-7\/#primaryimage","url":"https:\/\/evertonfc.cz\/wp-content\/uploads\/2020\/12\/Everton-VS-Manchester-City-NIGHT.jpg","contentUrl":"https:\/\/evertonfc.cz\/wp-content\/uploads\/2020\/12\/Everton-VS-Manchester-City-NIGHT.jpg","width":720,"height":405},{"@type":"BreadcrumbList","@id":"https:\/\/evertonfc.cz\/index.php\/2014\/05\/02\/preview-everton-manchester-city-7\/#breadcrumb","itemListElement":[{"@type":"ListItem","position":1,"name":"Home","item":"https:\/\/evertonfc.cz\/"},{"@type":"ListItem","position":2,"name":"Preview: Everton &#8211; Manchester City"}]},{"@type":"WebSite","@id":"https:\/\/evertonfc.cz\/#website","url":"https:\/\/evertonfc.cz\/","name":"Official Czech &amp; Slovak Everton Supporters&#039; Club","description":"","publisher":{"@id":"https:\/\/evertonfc.cz\/#organization"},"potentialAction":[{"@type":"SearchAction","target":{"@type":"EntryPoint","urlTemplate":"https:\/\/evertonfc.cz\/?s={search_term_string}"},"query-input":{"@type":"PropertyValueSpecification","valueRequired":true,"valueName":"search_term_string"}}],"inLanguage":"cs"},{"@type":"Organization","@id":"https:\/\/evertonfc.cz\/#organization","name":"Official Czech & Slovak Everton Supporters' Club","url":"https:\/\/evertonfc.cz\/","logo":{"@type":"ImageObject","inLanguage":"cs","@id":"https:\/\/evertonfc.cz\/#\/schema\/logo\/image\/","url":"https:\/\/evertonfc.cz\/wp-content\/uploads\/2019\/05\/logo.png","contentUrl":"https:\/\/evertonfc.cz\/wp-content\/uploads\/2019\/05\/logo.png","width":112,"height":112,"caption":"Official Czech & Slovak Everton Supporters' Club"},"image":{"@id":"https:\/\/evertonfc.cz\/#\/schema\/logo\/image\/"},"sameAs":["https:\/\/www.facebook.com\/everton.fans.cz.sk"]},{"@type":"Person","@id":"https:\/\/evertonfc.cz\/#\/schema\/person\/f7a5daedb2ffee98480bc70e191aaef1","name":"Ri\u010di","sameAs":["https:\/\/x.com\/rbrejsa"],"url":"https:\/\/evertonfc.cz\/index.php\/author\/rici\/"}]}},"_links":{"self":[{"href":"https:\/\/evertonfc.cz\/index.php\/wp-json\/wp\/v2\/posts\/4734"}],"collection":[{"href":"https:\/\/evertonfc.cz\/index.php\/wp-json\/wp\/v2\/posts"}],"about":[{"href":"https:\/\/evertonfc.cz\/index.php\/wp-json\/wp\/v2\/types\/post"}],"author":[{"embeddable":true,"href":"https:\/\/evertonfc.cz\/index.php\/wp-json\/wp\/v2\/users\/6"}],"replies":[{"embeddable":true,"href":"https:\/\/evertonfc.cz\/index.php\/wp-json\/wp\/v2\/comments?post=4734"}],"version-history":[{"count":4,"href":"https:\/\/evertonfc.cz\/index.php\/wp-json\/wp\/v2\/posts\/4734\/revisions"}],"predecessor-version":[{"id":14196,"href":"https:\/\/evertonfc.cz\/index.php\/wp-json\/wp\/v2\/posts\/4734\/revisions\/14196"}],"wp:featuredmedia":[{"embeddable":true,"href":"https:\/\/evertonfc.cz\/index.php\/wp-json\/wp\/v2\/media\/13367"}],"wp:attachment":[{"href":"https:\/\/evertonfc.cz\/index.php\/wp-json\/wp\/v2\/media?parent=4734"}],"wp:term":[{"taxonomy":"category","embeddable":true,"href":"https:\/\/evertonfc.cz\/index.php\/wp-json\/wp\/v2\/categories?post=4734"},{"taxonomy":"post_tag","embeddable":true,"href":"https:\/\/evertonfc.cz\/index.php\/wp-json\/wp\/v2\/tags?post=4734"}],"curies":[{"name":"wp","href":"https:\/\/api.w.org\/{rel}","templated":true}]}}