{"id":4748,"date":"2014-04-19T21:05:08","date_gmt":"2014-04-19T19:05:08","guid":{"rendered":"http:\/\/evertonfc.cz\/?p=4748"},"modified":"2020-11-06T12:37:21","modified_gmt":"2020-11-06T11:37:21","slug":"preview-everton-manchester-united-7","status":"publish","type":"post","link":"https:\/\/evertonfc.cz\/index.php\/2014\/04\/19\/preview-everton-manchester-united-7\/","title":{"rendered":"Preview: Everton &#8211; Manchester United"},"content":{"rendered":"<h4 id=\"NewsPostDetailSummary\">Velikono\u010dn\u00ed ned\u011ble se ponese ve znamen\u00ed velk\u00e9ho n\u00e1vratu, David Moyes, po jeden\u00e1ct let \u0161\u00e9f lavi\u010dky Evertonu, zav\u00edt\u00e1 poprv\u00e9 na Goodison se sv\u00fdm nov\u00fdm zam\u011bstnavatelem \u2013 Manchesterem United.<\/h4>\n<div id=\"NewsPostDetailContent\">\n<p>David Moyes byl dlouhou dobou symbolem Toffees, mdlou ryby Premier League p\u0159em\u011bnil v hladovou \u0161tiku a trvale ji usadil ve vysok\u00fdch patrech tabulky. Dev\u011bt um\u00edst\u011bn\u00ed v TOP 10 a p\u011bt v TOP 6 si zaslou\u017e\u00ed jenom slova chv\u00e1ly. Proto kdy\u017e v kv\u011btnu minul\u00e9ho roku odch\u00e1zel do neobl\u00edben\u00e9ho ManUtd, Evertonians mu p\u0159\u00e1li \u00fasp\u011bch. Bohu\u017eel n\u011bkter\u00e1 nevhodn\u00e1 vyj\u00e1d\u0159en\u00ed Skota a ponuka \u00a328m za dvojici Baines-Fellaini, kterou tehdej\u0161\u00ed \u0159editel komunikac\u00ed Alan Myers ozna\u010dil za ur\u00e1\u017elivou a sm\u011b\u0161nou, u n\u011bkter\u00fdch fanou\u0161k\u016f zvr\u00e1tila pozitivn\u00ed n\u00e1zor, co\u017e ostatn\u011b gradovalo b\u011bhem podzimn\u00ed v\u00edt\u011bzn\u00e9 n\u00e1v\u0161t\u011bvy Evertonu na Old Traffordu, kdy se Moyes do\u010dkal od &#8222;sv\u00fdch b\u00fdval\u00fdch&#8220; p\u00edskotu.<\/p>\n<p>\u00dasp\u011b\u0161n\u00fd n\u00e1stupce Roberto Mart\u00ednez ale spr\u00e1vn\u011b vyb\u00edz\u00ed k v\u0159el\u00e9mu p\u0159iv\u00edtan\u00ed Davida Moyese: \u201e<em>Za p\u016fsoben\u00ed v Evertonu si ho zaslou\u017e\u00ed. Odvedl v\u00fdbornou pr\u00e1ci.\u201c<\/em><\/p>\n<p><em>Jsme poctiv\u00fd klub se stylem, a tak se pat\u0159\u00ed Davidu Moyesovi prok\u00e1zat respekt za l\u00e9ta str\u00e1ven\u00e1 zde. V\u0161ichni v\u00edme, \u017ee je nyn\u00ed mana\u017eer Manchesteru United, p\u0159iv\u00edt\u00e1n\u00ed tedy bude velmi rozmanit\u00e9, av\u0161ak ka\u017ed\u00fd Evertonian m\u00e1 skv\u011bl\u00e9 vzpom\u00ednky na pr\u00e1ci, kterou se tu prezentoval.\u201c<\/em><\/p>\n<p>Pro Blues p\u0159edstavuje utk\u00e1n\u00ed s Red Devils d\u016fle\u017eit\u00fd krok v cest\u011b za vysn\u011bnou Ligou mistr\u016f. St\u0159ede\u010dn\u00ed prohra s Crystal Palace postavila do pole position Arsenal, kter\u00fd nyn\u00ed disponuje jednobodov\u00fdm n\u00e1skokem a pom\u011brn\u011b snaz\u0161\u00edm losem. P\u0159esto by bylo hloup\u00e9 z boje ut\u00edkat, kdo v\u00ed, kdy se podobn\u00e1 \u0161ance zase naskytne. Jedno je jist\u00e9, v ned\u011bli se m\u016f\u017eeme t\u011b\u0161it na velmi hlu\u010dn\u00fd Goodison Park.<\/p>\n<p>O form\u011b Manchesteru United se toho napsalo a napov\u00eddalo hodn\u011b, sou\u010dasn\u00e1 sedm\u00e1 p\u0159\u00ed\u010dka je pro celek, jen\u017e se od ro\u010dn\u00edku 1991\/92 neum\u00edstil na hor\u0161\u00edm ne\u017e t\u0159et\u00edm m\u00edst\u011b, \u0161patnou vizitkou. David Moyes pracuje pod obrovsk\u00fdm tlakem, k \u010demu\u017e se dopracoval nelichotiv\u00fdmi v\u00fdsledky. Odepisovat lo\u0148sk\u00e9 mistry ale nen\u00ed rozumn\u00e9, do z\u00e1pasu vstupuj\u00ed odpo\u010dat\u00ed po jeden\u00e1ctidenn\u00ed p\u0159est\u00e1vce se st\u00e1le v\u00fdborn\u00fdmi hr\u00e1\u010di jako Juan Mata \u010di Wayne Rooney.<\/p>\n<h4><strong>Z\u00e1pasov\u00e1 fakta<\/strong><\/h4>\n<p>Vz\u00e1jemn\u00e1<br \/>\n\u2022 Everton porazil ManUtd dvakr\u00e1t z posledn\u00edch 18 ligov\u00fdch dom\u00e1c\u00edch setk\u00e1n\u00ed<br \/>\n\u2022 Toffees se budou sna\u017eit doc\u00edlit prvn\u00ed double nad United od sez\u00f3ny 1969\/70.<\/p>\n<p>Everton<br \/>\n\u2022 5. m\u00edsto s 66 body, sk\u00f3re 55:34<br \/>\n\u2022 neprohr\u00e1l dv\u011b utk\u00e1n\u00ed za sebou na Goodisonu od \u0159\u00edjna roku 2011<br \/>\n\u2022 v leto\u0161n\u00ed Premier League vyhr\u00e1l 19x, \u010d\u00edm\u017e vyrovnal rekord ze sez\u00f3ny 2007\/08.<\/p>\n<p>Manchester United<br \/>\n\u2022 7. m\u00edsto s 57 body, sk\u00f3re 56:38<br \/>\n\u2022 je nejlep\u0161\u00edm klubem na soupe\u0159ov\u00fdch h\u0159i\u0161t\u00edch, ze 17 v\u00fdjezd\u016f posb\u00edral 33 bod\u016f (10 v\u00fdher, 3 rem\u00edzy, 4 prohry)<br \/>\n\u2022 neprohr\u00e1l v posledn\u00edch p\u011bti venkovn\u00edch kolech (4 v\u00fdhry, 1 rem\u00edza)<br \/>\n\u2022 zv\u00edt\u011bzil pouze jednou z\u00a0leto\u0161n\u00edch 11 duel\u016f proti t\u00fdm\u016fm z prvn\u00ed \u0161estky<br \/>\n\u2022 Wayne Rooney sk\u00f3roval \u0161estkr\u00e1t v posledn\u00edch \u0161est kolech BPL.<\/p>\n<h4><strong>T\u00fdmov\u00e9 novinky<\/strong><\/h4>\n<p>James McCarthy se pln\u011b zotavil z men\u0161\u00edho svalov\u00e9ho zran\u011bn\u00ed, to mu ve st\u0159edu nedovolilo nastoupit od prvn\u00ed minuty do st\u0159etnut\u00ed s\u00a0Eagles. Phil Jagielka (stehenn\u00ed sval) by se mohl kone\u010dn\u011b objevit aspo\u0148 na lavi\u010dce n\u00e1hradn\u00edk\u016f. Ur\u010dit\u011b budou chyb\u011bt Steven Pienaar, Lacina Traor\u00e9, Arouna Kon\u00e9, Bryan Oviedo a Darron Gibson, p\u0159i\u010dem\u017e posledn\u011b jmenovan\u00fd se ji\u017e zapojil do tr\u00e9ninku a nab\u00edr\u00e1 fyzickou kondici, aby stihl nasko\u010dit do ligov\u00e9ho fini\u0161e.<\/p>\n<p><strong>Everton:<\/strong> Howard, Robles, Alcaraz, Baines, Coleman, Distin, Hibbert, Jagielka, Stones, Barkley, Barry, McCarthy, McGeady, Osman, Deulofeu, Gueye, Lukaku, Mirallas, Naismith.<\/p>\n<p>B\u00fdval\u00ed hr\u00e1\u010di Evertonu Wayne Rooney a Marouane Fellaini si vyl\u00e9\u010dili bol\u00edstky a jsou p\u0159ipraveni. Chyb\u00ed zran\u011bn\u00ed Robin van Persie a Rafael, o startu Jonnyho Evanse rozhodne p\u0159edz\u00e1pasov\u00fd test.<\/p>\n<p><strong>Manchester United:<\/strong> De Gea, Lindegaard, Buttner, Evans (?), Evra, Ferdinand, Jones, Smalling, Vidi\u0107, Carrick, Cleverley, Fellaini, Fletcher, Giggs, Januzaj, Kagawa, Mata, Nani, Valencia, Young, Hernandez, Rooney, Welbeck.<\/p>\n<p><strong>Co:<\/strong> Everton FC &#8211; Manchester United FC, 35. kolo Premier League<br \/>\n<strong>Kdy:<\/strong> 20. 04. 2014 od 17:10 SE\u010c<br \/>\n<strong>Kde:<\/strong> Goodison Park, Liverpool (kapacita: 40 157)<br \/>\n<strong>Rozhod\u010d\u00ed:<\/strong> Mark Clattenburg<\/p>\n<\/div>\n","protected":false},"excerpt":{"rendered":"<p>Velikono\u010dn\u00ed ned\u011ble se ponese ve znamen\u00ed velk\u00e9ho n\u00e1vratu, David Moyes, po jeden\u00e1ct let \u0161\u00e9f lavi\u010dky Evertonu, zav\u00edt\u00e1 poprv\u00e9 na Goodison&hellip;<\/p>\n","protected":false},"author":6,"featured_media":12849,"comment_status":"open","ping_status":"closed","sticky":false,"template":"","format":"standard","meta":{"_eb_attr":"","_monsterinsights_skip_tracking":false,"_monsterinsights_sitenote_active":false,"_monsterinsights_sitenote_note":"","_monsterinsights_sitenote_category":0,"footnotes":""},"categories":[4],"tags":[],"yoast_head":"<!-- This site is optimized with the Yoast SEO plugin v23.4 - https:\/\/yoast.com\/wordpress\/plugins\/seo\/ -->\n<title>Preview: Everton - Manchester United - Official Czech &amp; Slovak Everton Supporters&#039; Club<\/title>\n<meta name=\"robots\" content=\"index, follow, max-snippet:-1, max-image-preview:large, max-video-preview:-1\" \/>\n<link rel=\"canonical\" href=\"https:\/\/evertonfc.cz\/index.php\/2014\/04\/19\/preview-everton-manchester-united-7\/\" \/>\n<meta property=\"og:locale\" content=\"cs_CZ\" \/>\n<meta property=\"og:type\" content=\"article\" \/>\n<meta property=\"og:title\" content=\"Preview: Everton - Manchester United - Official Czech &amp; Slovak Everton Supporters&#039; Club\" \/>\n<meta property=\"og:description\" content=\"Velikono\u010dn\u00ed ned\u011ble se ponese ve znamen\u00ed velk\u00e9ho n\u00e1vratu, David Moyes, po jeden\u00e1ct let \u0161\u00e9f lavi\u010dky Evertonu, zav\u00edt\u00e1 poprv\u00e9 na Goodison&hellip;\" \/>\n<meta property=\"og:url\" content=\"https:\/\/evertonfc.cz\/index.php\/2014\/04\/19\/preview-everton-manchester-united-7\/\" \/>\n<meta property=\"og:site_name\" content=\"Official Czech &amp; Slovak Everton Supporters&#039; Club\" \/>\n<meta property=\"article:publisher\" content=\"https:\/\/www.facebook.com\/everton.fans.cz.sk\" \/>\n<meta property=\"article:published_time\" content=\"2014-04-19T19:05:08+00:00\" \/>\n<meta property=\"article:modified_time\" content=\"2020-11-06T11:37:21+00:00\" \/>\n<meta property=\"og:image\" content=\"https:\/\/evertonfc.cz\/wp-content\/uploads\/2020\/11\/Everton-VS-Manchester-United-7-11-2020.jpg.jpg\" \/>\n\t<meta property=\"og:image:width\" content=\"720\" \/>\n\t<meta property=\"og:image:height\" content=\"405\" \/>\n\t<meta property=\"og:image:type\" content=\"image\/jpeg\" \/>\n<meta name=\"author\" content=\"Ri\u010di\" \/>\n<meta name=\"twitter:card\" content=\"summary_large_image\" \/>\n<meta name=\"twitter:creator\" content=\"@rbrejsa\" \/>\n<meta name=\"twitter:label1\" content=\"Napsal(a)\" \/>\n\t<meta name=\"twitter:data1\" content=\"Ri\u010di\" \/>\n\t<meta name=\"twitter:label2\" content=\"Odhadovan\u00e1 doba \u010dten\u00ed\" \/>\n\t<meta name=\"twitter:data2\" content=\"4 minuty\" \/>\n<script type=\"application\/ld+json\" class=\"yoast-schema-graph\">{\"@context\":\"https:\/\/schema.org\",\"@graph\":[{\"@type\":\"Article\",\"@id\":\"https:\/\/evertonfc.cz\/index.php\/2014\/04\/19\/preview-everton-manchester-united-7\/#article\",\"isPartOf\":{\"@id\":\"https:\/\/evertonfc.cz\/index.php\/2014\/04\/19\/preview-everton-manchester-united-7\/\"},\"author\":{\"name\":\"Ri\u010di\",\"@id\":\"https:\/\/evertonfc.cz\/#\/schema\/person\/f7a5daedb2ffee98480bc70e191aaef1\"},\"headline\":\"Preview: Everton &#8211; Manchester United\",\"datePublished\":\"2014-04-19T19:05:08+00:00\",\"dateModified\":\"2020-11-06T11:37:21+00:00\",\"mainEntityOfPage\":{\"@id\":\"https:\/\/evertonfc.cz\/index.php\/2014\/04\/19\/preview-everton-manchester-united-7\/\"},\"wordCount\":763,\"commentCount\":0,\"publisher\":{\"@id\":\"https:\/\/evertonfc.cz\/#organization\"},\"image\":{\"@id\":\"https:\/\/evertonfc.cz\/index.php\/2014\/04\/19\/preview-everton-manchester-united-7\/#primaryimage\"},\"thumbnailUrl\":\"https:\/\/evertonfc.cz\/wp-content\/uploads\/2020\/11\/Everton-VS-Manchester-United-7-11-2020.jpg.jpg\",\"articleSection\":[\"Z\u00e1pasy\"],\"inLanguage\":\"cs\",\"potentialAction\":[{\"@type\":\"CommentAction\",\"name\":\"Comment\",\"target\":[\"https:\/\/evertonfc.cz\/index.php\/2014\/04\/19\/preview-everton-manchester-united-7\/#respond\"]}]},{\"@type\":\"WebPage\",\"@id\":\"https:\/\/evertonfc.cz\/index.php\/2014\/04\/19\/preview-everton-manchester-united-7\/\",\"url\":\"https:\/\/evertonfc.cz\/index.php\/2014\/04\/19\/preview-everton-manchester-united-7\/\",\"name\":\"Preview: Everton - Manchester United - Official Czech &amp; Slovak Everton Supporters&#039; Club\",\"isPartOf\":{\"@id\":\"https:\/\/evertonfc.cz\/#website\"},\"primaryImageOfPage\":{\"@id\":\"https:\/\/evertonfc.cz\/index.php\/2014\/04\/19\/preview-everton-manchester-united-7\/#primaryimage\"},\"image\":{\"@id\":\"https:\/\/evertonfc.cz\/index.php\/2014\/04\/19\/preview-everton-manchester-united-7\/#primaryimage\"},\"thumbnailUrl\":\"https:\/\/evertonfc.cz\/wp-content\/uploads\/2020\/11\/Everton-VS-Manchester-United-7-11-2020.jpg.jpg\",\"datePublished\":\"2014-04-19T19:05:08+00:00\",\"dateModified\":\"2020-11-06T11:37:21+00:00\",\"breadcrumb\":{\"@id\":\"https:\/\/evertonfc.cz\/index.php\/2014\/04\/19\/preview-everton-manchester-united-7\/#breadcrumb\"},\"inLanguage\":\"cs\",\"potentialAction\":[{\"@type\":\"ReadAction\",\"target\":[\"https:\/\/evertonfc.cz\/index.php\/2014\/04\/19\/preview-everton-manchester-united-7\/\"]}]},{\"@type\":\"ImageObject\",\"inLanguage\":\"cs\",\"@id\":\"https:\/\/evertonfc.cz\/index.php\/2014\/04\/19\/preview-everton-manchester-united-7\/#primaryimage\",\"url\":\"https:\/\/evertonfc.cz\/wp-content\/uploads\/2020\/11\/Everton-VS-Manchester-United-7-11-2020.jpg.jpg\",\"contentUrl\":\"https:\/\/evertonfc.cz\/wp-content\/uploads\/2020\/11\/Everton-VS-Manchester-United-7-11-2020.jpg.jpg\",\"width\":720,\"height\":405},{\"@type\":\"BreadcrumbList\",\"@id\":\"https:\/\/evertonfc.cz\/index.php\/2014\/04\/19\/preview-everton-manchester-united-7\/#breadcrumb\",\"itemListElement\":[{\"@type\":\"ListItem\",\"position\":1,\"name\":\"Home\",\"item\":\"https:\/\/evertonfc.cz\/\"},{\"@type\":\"ListItem\",\"position\":2,\"name\":\"Preview: Everton &#8211; Manchester United\"}]},{\"@type\":\"WebSite\",\"@id\":\"https:\/\/evertonfc.cz\/#website\",\"url\":\"https:\/\/evertonfc.cz\/\",\"name\":\"Official Czech &amp; Slovak Everton Supporters&#039; Club\",\"description\":\"\",\"publisher\":{\"@id\":\"https:\/\/evertonfc.cz\/#organization\"},\"potentialAction\":[{\"@type\":\"SearchAction\",\"target\":{\"@type\":\"EntryPoint\",\"urlTemplate\":\"https:\/\/evertonfc.cz\/?s={search_term_string}\"},\"query-input\":{\"@type\":\"PropertyValueSpecification\",\"valueRequired\":true,\"valueName\":\"search_term_string\"}}],\"inLanguage\":\"cs\"},{\"@type\":\"Organization\",\"@id\":\"https:\/\/evertonfc.cz\/#organization\",\"name\":\"Official Czech & Slovak Everton Supporters' Club\",\"url\":\"https:\/\/evertonfc.cz\/\",\"logo\":{\"@type\":\"ImageObject\",\"inLanguage\":\"cs\",\"@id\":\"https:\/\/evertonfc.cz\/#\/schema\/logo\/image\/\",\"url\":\"https:\/\/evertonfc.cz\/wp-content\/uploads\/2019\/05\/logo.png\",\"contentUrl\":\"https:\/\/evertonfc.cz\/wp-content\/uploads\/2019\/05\/logo.png\",\"width\":112,\"height\":112,\"caption\":\"Official Czech & Slovak Everton Supporters' Club\"},\"image\":{\"@id\":\"https:\/\/evertonfc.cz\/#\/schema\/logo\/image\/\"},\"sameAs\":[\"https:\/\/www.facebook.com\/everton.fans.cz.sk\"]},{\"@type\":\"Person\",\"@id\":\"https:\/\/evertonfc.cz\/#\/schema\/person\/f7a5daedb2ffee98480bc70e191aaef1\",\"name\":\"Ri\u010di\",\"sameAs\":[\"https:\/\/x.com\/rbrejsa\"],\"url\":\"https:\/\/evertonfc.cz\/index.php\/author\/rici\/\"}]}<\/script>\n<!-- \/ Yoast SEO plugin. -->","yoast_head_json":{"title":"Preview: Everton - Manchester United - Official Czech &amp; Slovak Everton Supporters&#039; Club","robots":{"index":"index","follow":"follow","max-snippet":"max-snippet:-1","max-image-preview":"max-image-preview:large","max-video-preview":"max-video-preview:-1"},"canonical":"https:\/\/evertonfc.cz\/index.php\/2014\/04\/19\/preview-everton-manchester-united-7\/","og_locale":"cs_CZ","og_type":"article","og_title":"Preview: Everton - Manchester United - Official Czech &amp; Slovak Everton Supporters&#039; Club","og_description":"Velikono\u010dn\u00ed ned\u011ble se ponese ve znamen\u00ed velk\u00e9ho n\u00e1vratu, David Moyes, po jeden\u00e1ct let \u0161\u00e9f lavi\u010dky Evertonu, zav\u00edt\u00e1 poprv\u00e9 na Goodison&hellip;","og_url":"https:\/\/evertonfc.cz\/index.php\/2014\/04\/19\/preview-everton-manchester-united-7\/","og_site_name":"Official Czech &amp; Slovak Everton Supporters&#039; Club","article_publisher":"https:\/\/www.facebook.com\/everton.fans.cz.sk","article_published_time":"2014-04-19T19:05:08+00:00","article_modified_time":"2020-11-06T11:37:21+00:00","og_image":[{"width":720,"height":405,"url":"https:\/\/evertonfc.cz\/wp-content\/uploads\/2020\/11\/Everton-VS-Manchester-United-7-11-2020.jpg.jpg","type":"image\/jpeg"}],"author":"Ri\u010di","twitter_card":"summary_large_image","twitter_creator":"@rbrejsa","twitter_misc":{"Napsal(a)":"Ri\u010di","Odhadovan\u00e1 doba \u010dten\u00ed":"4 minuty"},"schema":{"@context":"https:\/\/schema.org","@graph":[{"@type":"Article","@id":"https:\/\/evertonfc.cz\/index.php\/2014\/04\/19\/preview-everton-manchester-united-7\/#article","isPartOf":{"@id":"https:\/\/evertonfc.cz\/index.php\/2014\/04\/19\/preview-everton-manchester-united-7\/"},"author":{"name":"Ri\u010di","@id":"https:\/\/evertonfc.cz\/#\/schema\/person\/f7a5daedb2ffee98480bc70e191aaef1"},"headline":"Preview: Everton &#8211; Manchester United","datePublished":"2014-04-19T19:05:08+00:00","dateModified":"2020-11-06T11:37:21+00:00","mainEntityOfPage":{"@id":"https:\/\/evertonfc.cz\/index.php\/2014\/04\/19\/preview-everton-manchester-united-7\/"},"wordCount":763,"commentCount":0,"publisher":{"@id":"https:\/\/evertonfc.cz\/#organization"},"image":{"@id":"https:\/\/evertonfc.cz\/index.php\/2014\/04\/19\/preview-everton-manchester-united-7\/#primaryimage"},"thumbnailUrl":"https:\/\/evertonfc.cz\/wp-content\/uploads\/2020\/11\/Everton-VS-Manchester-United-7-11-2020.jpg.jpg","articleSection":["Z\u00e1pasy"],"inLanguage":"cs","potentialAction":[{"@type":"CommentAction","name":"Comment","target":["https:\/\/evertonfc.cz\/index.php\/2014\/04\/19\/preview-everton-manchester-united-7\/#respond"]}]},{"@type":"WebPage","@id":"https:\/\/evertonfc.cz\/index.php\/2014\/04\/19\/preview-everton-manchester-united-7\/","url":"https:\/\/evertonfc.cz\/index.php\/2014\/04\/19\/preview-everton-manchester-united-7\/","name":"Preview: Everton - Manchester United - Official Czech &amp; Slovak Everton Supporters&#039; Club","isPartOf":{"@id":"https:\/\/evertonfc.cz\/#website"},"primaryImageOfPage":{"@id":"https:\/\/evertonfc.cz\/index.php\/2014\/04\/19\/preview-everton-manchester-united-7\/#primaryimage"},"image":{"@id":"https:\/\/evertonfc.cz\/index.php\/2014\/04\/19\/preview-everton-manchester-united-7\/#primaryimage"},"thumbnailUrl":"https:\/\/evertonfc.cz\/wp-content\/uploads\/2020\/11\/Everton-VS-Manchester-United-7-11-2020.jpg.jpg","datePublished":"2014-04-19T19:05:08+00:00","dateModified":"2020-11-06T11:37:21+00:00","breadcrumb":{"@id":"https:\/\/evertonfc.cz\/index.php\/2014\/04\/19\/preview-everton-manchester-united-7\/#breadcrumb"},"inLanguage":"cs","potentialAction":[{"@type":"ReadAction","target":["https:\/\/evertonfc.cz\/index.php\/2014\/04\/19\/preview-everton-manchester-united-7\/"]}]},{"@type":"ImageObject","inLanguage":"cs","@id":"https:\/\/evertonfc.cz\/index.php\/2014\/04\/19\/preview-everton-manchester-united-7\/#primaryimage","url":"https:\/\/evertonfc.cz\/wp-content\/uploads\/2020\/11\/Everton-VS-Manchester-United-7-11-2020.jpg.jpg","contentUrl":"https:\/\/evertonfc.cz\/wp-content\/uploads\/2020\/11\/Everton-VS-Manchester-United-7-11-2020.jpg.jpg","width":720,"height":405},{"@type":"BreadcrumbList","@id":"https:\/\/evertonfc.cz\/index.php\/2014\/04\/19\/preview-everton-manchester-united-7\/#breadcrumb","itemListElement":[{"@type":"ListItem","position":1,"name":"Home","item":"https:\/\/evertonfc.cz\/"},{"@type":"ListItem","position":2,"name":"Preview: Everton &#8211; Manchester United"}]},{"@type":"WebSite","@id":"https:\/\/evertonfc.cz\/#website","url":"https:\/\/evertonfc.cz\/","name":"Official Czech &amp; Slovak Everton Supporters&#039; Club","description":"","publisher":{"@id":"https:\/\/evertonfc.cz\/#organization"},"potentialAction":[{"@type":"SearchAction","target":{"@type":"EntryPoint","urlTemplate":"https:\/\/evertonfc.cz\/?s={search_term_string}"},"query-input":{"@type":"PropertyValueSpecification","valueRequired":true,"valueName":"search_term_string"}}],"inLanguage":"cs"},{"@type":"Organization","@id":"https:\/\/evertonfc.cz\/#organization","name":"Official Czech & Slovak Everton Supporters' Club","url":"https:\/\/evertonfc.cz\/","logo":{"@type":"ImageObject","inLanguage":"cs","@id":"https:\/\/evertonfc.cz\/#\/schema\/logo\/image\/","url":"https:\/\/evertonfc.cz\/wp-content\/uploads\/2019\/05\/logo.png","contentUrl":"https:\/\/evertonfc.cz\/wp-content\/uploads\/2019\/05\/logo.png","width":112,"height":112,"caption":"Official Czech & Slovak Everton Supporters' Club"},"image":{"@id":"https:\/\/evertonfc.cz\/#\/schema\/logo\/image\/"},"sameAs":["https:\/\/www.facebook.com\/everton.fans.cz.sk"]},{"@type":"Person","@id":"https:\/\/evertonfc.cz\/#\/schema\/person\/f7a5daedb2ffee98480bc70e191aaef1","name":"Ri\u010di","sameAs":["https:\/\/x.com\/rbrejsa"],"url":"https:\/\/evertonfc.cz\/index.php\/author\/rici\/"}]}},"_links":{"self":[{"href":"https:\/\/evertonfc.cz\/index.php\/wp-json\/wp\/v2\/posts\/4748"}],"collection":[{"href":"https:\/\/evertonfc.cz\/index.php\/wp-json\/wp\/v2\/posts"}],"about":[{"href":"https:\/\/evertonfc.cz\/index.php\/wp-json\/wp\/v2\/types\/post"}],"author":[{"embeddable":true,"href":"https:\/\/evertonfc.cz\/index.php\/wp-json\/wp\/v2\/users\/6"}],"replies":[{"embeddable":true,"href":"https:\/\/evertonfc.cz\/index.php\/wp-json\/wp\/v2\/comments?post=4748"}],"version-history":[{"count":3,"href":"https:\/\/evertonfc.cz\/index.php\/wp-json\/wp\/v2\/posts\/4748\/revisions"}],"predecessor-version":[{"id":5001,"href":"https:\/\/evertonfc.cz\/index.php\/wp-json\/wp\/v2\/posts\/4748\/revisions\/5001"}],"wp:featuredmedia":[{"embeddable":true,"href":"https:\/\/evertonfc.cz\/index.php\/wp-json\/wp\/v2\/media\/12849"}],"wp:attachment":[{"href":"https:\/\/evertonfc.cz\/index.php\/wp-json\/wp\/v2\/media?parent=4748"}],"wp:term":[{"taxonomy":"category","embeddable":true,"href":"https:\/\/evertonfc.cz\/index.php\/wp-json\/wp\/v2\/categories?post=4748"},{"taxonomy":"post_tag","embeddable":true,"href":"https:\/\/evertonfc.cz\/index.php\/wp-json\/wp\/v2\/tags?post=4748"}],"curies":[{"name":"wp","href":"https:\/\/api.w.org\/{rel}","templated":true}]}}