{"id":4750,"date":"2014-04-18T21:06:25","date_gmt":"2014-04-18T19:06:25","guid":{"rendered":"http:\/\/evertonfc.cz\/?p=4750"},"modified":"2019-02-14T00:06:28","modified_gmt":"2019-02-13T23:06:28","slug":"howard-prodlouzil-do-roku-2018","status":"publish","type":"post","link":"https:\/\/evertonfc.cz\/index.php\/2014\/04\/18\/howard-prodlouzil-do-roku-2018\/","title":{"rendered":"Howard prodlou\u017eil do roku 2018"},"content":{"rendered":"<h4 id=\"NewsPostDetailSummary\">Opora Toffees a neodmysliteln\u00e1 jedni\u010dka posledn\u00edch let Tim Howard podepsal novou smlouvu s platnost\u00ed do l\u00e9ta 2018, tedy doby, kdy oslav\u00ed 39. narozeniny.<\/h4>\n<div id=\"NewsPostDetailContent\">\n<p>Americk\u00e9ho reprezentanta p\u0159ivedl v roce 2006 z Manchesteru United b\u00fdval\u00fd mana\u017eer David Moyes, po prvn\u00ed sez\u00f3n\u011b se jeho hostov\u00e1n\u00ed zm\u011bnilo v trval\u00fd p\u0159estup, kdy\u017e se hodnota \u010d\u00e1stky pohybovala kolem \u01413m.<\/p>\n<p>Dnes m\u00e1 Howard na kont\u011b p\u0159es 340 z\u00e1pas\u016f za Everton, p\u0159i\u010dem\u017e v lo\u0148sk\u00e9m bezbrankov\u00e9m Merseyside derby zaznamenal stou vychytanou nulu. Od z\u00e1\u0159\u00ed roku 2007 do b\u0159ezna minul\u00e9ho roku nevynechal v lize jedin\u00e9 kolo, s 210 odchytan\u00fdmi utk\u00e1n\u00edmi v \u0159ad\u011b ho d\u011blily pouze dva duely od vyrovn\u00e1n\u00ed klubov\u00e9ho rekordu legendy Nevilla Southalla.<\/p>\n<p>S Howardov\u00fdm prodlou\u017een\u00edm kontraktu o dva roky je pochopiteln\u011b spokojen tak\u00e9 mana\u017eer Roberto Mart\u00ednez: <em>\u201eJe d\u016fle\u017eit\u00fdm \u010dl\u00e1nek v cest\u011b za na\u0161imi \u00fasp\u011bchy a t\u00edm mysl\u00edm v\u00edce ne\u017e jeho v\u00fdkony na h\u0159i\u0161ti.<\/em><\/p>\n<p><em>Branka\u0159 stoj\u00ed za v\u00fdsledky obrann\u00e9 slo\u017eky mu\u017estva, proto p\u0159i pohledu na leto\u0161n\u00ed po\u010det z\u00e1pas\u016f s \u010dist\u00fdm kontem, tedy \u010d\u00edslo, kter\u00e9 ji\u017e nyn\u00ed o dv\u011b nuly p\u0159ekonalo \u00fasp\u011b\u0161n\u00fd minul\u00fd ro\u010dn\u00edk, jsem ohromen. A potom nesm\u00edm zapom\u00ednat na jeho lidskou hodnotu, je ide\u00e1ln\u00edm vzorem pro mlad\u00e9 hr\u00e1\u010de. M\u00e1me dobrou skupinu mlad\u00fdch branka\u0159\u016f tou\u017e\u00edc\u00edch j\u00edt v jeho stop\u00e1ch a n\u00e1sledovat ho. I to je jeden z d\u016fvod\u016f, pro\u010d p\u016fsob\u00ed v klubu u\u017e hodn\u011b, hodn\u011b dlouho dobu.<\/em><\/p>\n<p><em>Post branka\u0159e se li\u0161\u00ed od ostatn\u00edch pozic ve fotbalov\u00e9m mu\u017estvu, mysl\u00edm, \u017ee je spravedliv\u00e9 to p\u0159ipomenout. Jedn\u00e1 vlastn\u011b o sport ve sportu. Tim ve v\u011bku 35 let spl\u0148uje v\u0161echny fyzick\u00e9 po\u017eadavky, obecn\u011b branka\u0159i pro\u017e\u00edvaj\u00ed sv\u00e1 zlat\u00e1 l\u00e9ta po t\u0159ic\u00edtce. Tehdy toti\u017e u\u017e dok\u00e1\u017eou p\u0159irozen\u011b p\u0159edv\u00eddat situace, vl\u00e1dnou prostoru a um\u00ed dirigovat hr\u00e1\u010de p\u0159ed sebou.<\/em><\/p>\n<p><em>Tim\u016fv v\u011bk hodnot\u00edm jako v naprost\u00e9m po\u0159\u00e1dku, podle m\u011b m\u016f\u017ee chytat do \u010dty\u0159iceti. Bav\u00edme se tu o fyzicky zdatn\u00e9m jedinci na vrcholu sil.\u201c<\/em><\/p>\n<\/div>\n","protected":false},"excerpt":{"rendered":"<p>Opora Toffees a neodmysliteln\u00e1 jedni\u010dka posledn\u00edch let Tim Howard podepsal novou smlouvu s platnost\u00ed do l\u00e9ta 2018, tedy doby, kdy&hellip;<\/p>\n","protected":false},"author":6,"featured_media":1313,"comment_status":"open","ping_status":"closed","sticky":false,"template":"","format":"standard","meta":{"_eb_attr":"","_monsterinsights_skip_tracking":false,"_monsterinsights_sitenote_active":false,"_monsterinsights_sitenote_note":"","_monsterinsights_sitenote_category":0,"footnotes":""},"categories":[42],"tags":[],"yoast_head":"<!-- This site is optimized with the Yoast SEO plugin v23.4 - https:\/\/yoast.com\/wordpress\/plugins\/seo\/ -->\n<title>Howard prodlou\u017eil do roku 2018 - Official Czech &amp; Slovak Everton Supporters&#039; Club<\/title>\n<meta name=\"robots\" content=\"index, follow, max-snippet:-1, max-image-preview:large, max-video-preview:-1\" \/>\n<link rel=\"canonical\" href=\"https:\/\/evertonfc.cz\/index.php\/2014\/04\/18\/howard-prodlouzil-do-roku-2018\/\" \/>\n<meta property=\"og:locale\" content=\"cs_CZ\" \/>\n<meta property=\"og:type\" content=\"article\" \/>\n<meta property=\"og:title\" content=\"Howard prodlou\u017eil do roku 2018 - Official Czech &amp; Slovak Everton Supporters&#039; Club\" \/>\n<meta property=\"og:description\" content=\"Opora Toffees a neodmysliteln\u00e1 jedni\u010dka posledn\u00edch let Tim Howard podepsal novou smlouvu s platnost\u00ed do l\u00e9ta 2018, tedy doby, kdy&hellip;\" \/>\n<meta property=\"og:url\" content=\"https:\/\/evertonfc.cz\/index.php\/2014\/04\/18\/howard-prodlouzil-do-roku-2018\/\" \/>\n<meta property=\"og:site_name\" content=\"Official Czech &amp; Slovak Everton Supporters&#039; Club\" \/>\n<meta property=\"article:publisher\" content=\"https:\/\/www.facebook.com\/everton.fans.cz.sk\" \/>\n<meta property=\"article:published_time\" content=\"2014-04-18T19:06:25+00:00\" \/>\n<meta property=\"article:modified_time\" content=\"2019-02-13T23:06:28+00:00\" \/>\n<meta property=\"og:image\" content=\"https:\/\/evertonfc.cz\/wp-content\/uploads\/2019\/01\/news.jpg\" \/>\n\t<meta property=\"og:image:width\" content=\"720\" \/>\n\t<meta property=\"og:image:height\" content=\"405\" \/>\n\t<meta property=\"og:image:type\" content=\"image\/jpeg\" \/>\n<meta name=\"author\" content=\"Ri\u010di\" \/>\n<meta name=\"twitter:card\" content=\"summary_large_image\" \/>\n<meta name=\"twitter:creator\" content=\"@rbrejsa\" \/>\n<meta name=\"twitter:label1\" content=\"Napsal(a)\" \/>\n\t<meta name=\"twitter:data1\" content=\"Ri\u010di\" \/>\n\t<meta name=\"twitter:label2\" content=\"Odhadovan\u00e1 doba \u010dten\u00ed\" \/>\n\t<meta name=\"twitter:data2\" content=\"2 minuty\" \/>\n<script type=\"application\/ld+json\" class=\"yoast-schema-graph\">{\"@context\":\"https:\/\/schema.org\",\"@graph\":[{\"@type\":\"Article\",\"@id\":\"https:\/\/evertonfc.cz\/index.php\/2014\/04\/18\/howard-prodlouzil-do-roku-2018\/#article\",\"isPartOf\":{\"@id\":\"https:\/\/evertonfc.cz\/index.php\/2014\/04\/18\/howard-prodlouzil-do-roku-2018\/\"},\"author\":{\"name\":\"Ri\u010di\",\"@id\":\"https:\/\/evertonfc.cz\/#\/schema\/person\/f7a5daedb2ffee98480bc70e191aaef1\"},\"headline\":\"Howard prodlou\u017eil do roku 2018\",\"datePublished\":\"2014-04-18T19:06:25+00:00\",\"dateModified\":\"2019-02-13T23:06:28+00:00\",\"mainEntityOfPage\":{\"@id\":\"https:\/\/evertonfc.cz\/index.php\/2014\/04\/18\/howard-prodlouzil-do-roku-2018\/\"},\"wordCount\":383,\"commentCount\":0,\"publisher\":{\"@id\":\"https:\/\/evertonfc.cz\/#organization\"},\"image\":{\"@id\":\"https:\/\/evertonfc.cz\/index.php\/2014\/04\/18\/howard-prodlouzil-do-roku-2018\/#primaryimage\"},\"thumbnailUrl\":\"https:\/\/evertonfc.cz\/wp-content\/uploads\/2019\/01\/news.jpg\",\"articleSection\":[\"Aktuality\"],\"inLanguage\":\"cs\",\"potentialAction\":[{\"@type\":\"CommentAction\",\"name\":\"Comment\",\"target\":[\"https:\/\/evertonfc.cz\/index.php\/2014\/04\/18\/howard-prodlouzil-do-roku-2018\/#respond\"]}]},{\"@type\":\"WebPage\",\"@id\":\"https:\/\/evertonfc.cz\/index.php\/2014\/04\/18\/howard-prodlouzil-do-roku-2018\/\",\"url\":\"https:\/\/evertonfc.cz\/index.php\/2014\/04\/18\/howard-prodlouzil-do-roku-2018\/\",\"name\":\"Howard prodlou\u017eil do roku 2018 - Official Czech &amp; Slovak Everton Supporters&#039; Club\",\"isPartOf\":{\"@id\":\"https:\/\/evertonfc.cz\/#website\"},\"primaryImageOfPage\":{\"@id\":\"https:\/\/evertonfc.cz\/index.php\/2014\/04\/18\/howard-prodlouzil-do-roku-2018\/#primaryimage\"},\"image\":{\"@id\":\"https:\/\/evertonfc.cz\/index.php\/2014\/04\/18\/howard-prodlouzil-do-roku-2018\/#primaryimage\"},\"thumbnailUrl\":\"https:\/\/evertonfc.cz\/wp-content\/uploads\/2019\/01\/news.jpg\",\"datePublished\":\"2014-04-18T19:06:25+00:00\",\"dateModified\":\"2019-02-13T23:06:28+00:00\",\"breadcrumb\":{\"@id\":\"https:\/\/evertonfc.cz\/index.php\/2014\/04\/18\/howard-prodlouzil-do-roku-2018\/#breadcrumb\"},\"inLanguage\":\"cs\",\"potentialAction\":[{\"@type\":\"ReadAction\",\"target\":[\"https:\/\/evertonfc.cz\/index.php\/2014\/04\/18\/howard-prodlouzil-do-roku-2018\/\"]}]},{\"@type\":\"ImageObject\",\"inLanguage\":\"cs\",\"@id\":\"https:\/\/evertonfc.cz\/index.php\/2014\/04\/18\/howard-prodlouzil-do-roku-2018\/#primaryimage\",\"url\":\"https:\/\/evertonfc.cz\/wp-content\/uploads\/2019\/01\/news.jpg\",\"contentUrl\":\"https:\/\/evertonfc.cz\/wp-content\/uploads\/2019\/01\/news.jpg\",\"width\":720,\"height\":405},{\"@type\":\"BreadcrumbList\",\"@id\":\"https:\/\/evertonfc.cz\/index.php\/2014\/04\/18\/howard-prodlouzil-do-roku-2018\/#breadcrumb\",\"itemListElement\":[{\"@type\":\"ListItem\",\"position\":1,\"name\":\"Home\",\"item\":\"https:\/\/evertonfc.cz\/\"},{\"@type\":\"ListItem\",\"position\":2,\"name\":\"Howard prodlou\u017eil do roku 2018\"}]},{\"@type\":\"WebSite\",\"@id\":\"https:\/\/evertonfc.cz\/#website\",\"url\":\"https:\/\/evertonfc.cz\/\",\"name\":\"Official Czech &amp; Slovak Everton Supporters&#039; Club\",\"description\":\"\",\"publisher\":{\"@id\":\"https:\/\/evertonfc.cz\/#organization\"},\"potentialAction\":[{\"@type\":\"SearchAction\",\"target\":{\"@type\":\"EntryPoint\",\"urlTemplate\":\"https:\/\/evertonfc.cz\/?s={search_term_string}\"},\"query-input\":{\"@type\":\"PropertyValueSpecification\",\"valueRequired\":true,\"valueName\":\"search_term_string\"}}],\"inLanguage\":\"cs\"},{\"@type\":\"Organization\",\"@id\":\"https:\/\/evertonfc.cz\/#organization\",\"name\":\"Official Czech & Slovak Everton Supporters' Club\",\"url\":\"https:\/\/evertonfc.cz\/\",\"logo\":{\"@type\":\"ImageObject\",\"inLanguage\":\"cs\",\"@id\":\"https:\/\/evertonfc.cz\/#\/schema\/logo\/image\/\",\"url\":\"https:\/\/evertonfc.cz\/wp-content\/uploads\/2019\/05\/logo.png\",\"contentUrl\":\"https:\/\/evertonfc.cz\/wp-content\/uploads\/2019\/05\/logo.png\",\"width\":112,\"height\":112,\"caption\":\"Official Czech & Slovak Everton Supporters' Club\"},\"image\":{\"@id\":\"https:\/\/evertonfc.cz\/#\/schema\/logo\/image\/\"},\"sameAs\":[\"https:\/\/www.facebook.com\/everton.fans.cz.sk\"]},{\"@type\":\"Person\",\"@id\":\"https:\/\/evertonfc.cz\/#\/schema\/person\/f7a5daedb2ffee98480bc70e191aaef1\",\"name\":\"Ri\u010di\",\"sameAs\":[\"https:\/\/x.com\/rbrejsa\"],\"url\":\"https:\/\/evertonfc.cz\/index.php\/author\/rici\/\"}]}<\/script>\n<!-- \/ Yoast SEO plugin. -->","yoast_head_json":{"title":"Howard prodlou\u017eil do roku 2018 - Official Czech &amp; Slovak Everton Supporters&#039; Club","robots":{"index":"index","follow":"follow","max-snippet":"max-snippet:-1","max-image-preview":"max-image-preview:large","max-video-preview":"max-video-preview:-1"},"canonical":"https:\/\/evertonfc.cz\/index.php\/2014\/04\/18\/howard-prodlouzil-do-roku-2018\/","og_locale":"cs_CZ","og_type":"article","og_title":"Howard prodlou\u017eil do roku 2018 - Official Czech &amp; Slovak Everton Supporters&#039; Club","og_description":"Opora Toffees a neodmysliteln\u00e1 jedni\u010dka posledn\u00edch let Tim Howard podepsal novou smlouvu s platnost\u00ed do l\u00e9ta 2018, tedy doby, kdy&hellip;","og_url":"https:\/\/evertonfc.cz\/index.php\/2014\/04\/18\/howard-prodlouzil-do-roku-2018\/","og_site_name":"Official Czech &amp; Slovak Everton Supporters&#039; Club","article_publisher":"https:\/\/www.facebook.com\/everton.fans.cz.sk","article_published_time":"2014-04-18T19:06:25+00:00","article_modified_time":"2019-02-13T23:06:28+00:00","og_image":[{"width":720,"height":405,"url":"https:\/\/evertonfc.cz\/wp-content\/uploads\/2019\/01\/news.jpg","type":"image\/jpeg"}],"author":"Ri\u010di","twitter_card":"summary_large_image","twitter_creator":"@rbrejsa","twitter_misc":{"Napsal(a)":"Ri\u010di","Odhadovan\u00e1 doba \u010dten\u00ed":"2 minuty"},"schema":{"@context":"https:\/\/schema.org","@graph":[{"@type":"Article","@id":"https:\/\/evertonfc.cz\/index.php\/2014\/04\/18\/howard-prodlouzil-do-roku-2018\/#article","isPartOf":{"@id":"https:\/\/evertonfc.cz\/index.php\/2014\/04\/18\/howard-prodlouzil-do-roku-2018\/"},"author":{"name":"Ri\u010di","@id":"https:\/\/evertonfc.cz\/#\/schema\/person\/f7a5daedb2ffee98480bc70e191aaef1"},"headline":"Howard prodlou\u017eil do roku 2018","datePublished":"2014-04-18T19:06:25+00:00","dateModified":"2019-02-13T23:06:28+00:00","mainEntityOfPage":{"@id":"https:\/\/evertonfc.cz\/index.php\/2014\/04\/18\/howard-prodlouzil-do-roku-2018\/"},"wordCount":383,"commentCount":0,"publisher":{"@id":"https:\/\/evertonfc.cz\/#organization"},"image":{"@id":"https:\/\/evertonfc.cz\/index.php\/2014\/04\/18\/howard-prodlouzil-do-roku-2018\/#primaryimage"},"thumbnailUrl":"https:\/\/evertonfc.cz\/wp-content\/uploads\/2019\/01\/news.jpg","articleSection":["Aktuality"],"inLanguage":"cs","potentialAction":[{"@type":"CommentAction","name":"Comment","target":["https:\/\/evertonfc.cz\/index.php\/2014\/04\/18\/howard-prodlouzil-do-roku-2018\/#respond"]}]},{"@type":"WebPage","@id":"https:\/\/evertonfc.cz\/index.php\/2014\/04\/18\/howard-prodlouzil-do-roku-2018\/","url":"https:\/\/evertonfc.cz\/index.php\/2014\/04\/18\/howard-prodlouzil-do-roku-2018\/","name":"Howard prodlou\u017eil do roku 2018 - Official Czech &amp; Slovak Everton Supporters&#039; Club","isPartOf":{"@id":"https:\/\/evertonfc.cz\/#website"},"primaryImageOfPage":{"@id":"https:\/\/evertonfc.cz\/index.php\/2014\/04\/18\/howard-prodlouzil-do-roku-2018\/#primaryimage"},"image":{"@id":"https:\/\/evertonfc.cz\/index.php\/2014\/04\/18\/howard-prodlouzil-do-roku-2018\/#primaryimage"},"thumbnailUrl":"https:\/\/evertonfc.cz\/wp-content\/uploads\/2019\/01\/news.jpg","datePublished":"2014-04-18T19:06:25+00:00","dateModified":"2019-02-13T23:06:28+00:00","breadcrumb":{"@id":"https:\/\/evertonfc.cz\/index.php\/2014\/04\/18\/howard-prodlouzil-do-roku-2018\/#breadcrumb"},"inLanguage":"cs","potentialAction":[{"@type":"ReadAction","target":["https:\/\/evertonfc.cz\/index.php\/2014\/04\/18\/howard-prodlouzil-do-roku-2018\/"]}]},{"@type":"ImageObject","inLanguage":"cs","@id":"https:\/\/evertonfc.cz\/index.php\/2014\/04\/18\/howard-prodlouzil-do-roku-2018\/#primaryimage","url":"https:\/\/evertonfc.cz\/wp-content\/uploads\/2019\/01\/news.jpg","contentUrl":"https:\/\/evertonfc.cz\/wp-content\/uploads\/2019\/01\/news.jpg","width":720,"height":405},{"@type":"BreadcrumbList","@id":"https:\/\/evertonfc.cz\/index.php\/2014\/04\/18\/howard-prodlouzil-do-roku-2018\/#breadcrumb","itemListElement":[{"@type":"ListItem","position":1,"name":"Home","item":"https:\/\/evertonfc.cz\/"},{"@type":"ListItem","position":2,"name":"Howard prodlou\u017eil do roku 2018"}]},{"@type":"WebSite","@id":"https:\/\/evertonfc.cz\/#website","url":"https:\/\/evertonfc.cz\/","name":"Official Czech &amp; Slovak Everton Supporters&#039; Club","description":"","publisher":{"@id":"https:\/\/evertonfc.cz\/#organization"},"potentialAction":[{"@type":"SearchAction","target":{"@type":"EntryPoint","urlTemplate":"https:\/\/evertonfc.cz\/?s={search_term_string}"},"query-input":{"@type":"PropertyValueSpecification","valueRequired":true,"valueName":"search_term_string"}}],"inLanguage":"cs"},{"@type":"Organization","@id":"https:\/\/evertonfc.cz\/#organization","name":"Official Czech & Slovak Everton Supporters' Club","url":"https:\/\/evertonfc.cz\/","logo":{"@type":"ImageObject","inLanguage":"cs","@id":"https:\/\/evertonfc.cz\/#\/schema\/logo\/image\/","url":"https:\/\/evertonfc.cz\/wp-content\/uploads\/2019\/05\/logo.png","contentUrl":"https:\/\/evertonfc.cz\/wp-content\/uploads\/2019\/05\/logo.png","width":112,"height":112,"caption":"Official Czech & Slovak Everton Supporters' Club"},"image":{"@id":"https:\/\/evertonfc.cz\/#\/schema\/logo\/image\/"},"sameAs":["https:\/\/www.facebook.com\/everton.fans.cz.sk"]},{"@type":"Person","@id":"https:\/\/evertonfc.cz\/#\/schema\/person\/f7a5daedb2ffee98480bc70e191aaef1","name":"Ri\u010di","sameAs":["https:\/\/x.com\/rbrejsa"],"url":"https:\/\/evertonfc.cz\/index.php\/author\/rici\/"}]}},"_links":{"self":[{"href":"https:\/\/evertonfc.cz\/index.php\/wp-json\/wp\/v2\/posts\/4750"}],"collection":[{"href":"https:\/\/evertonfc.cz\/index.php\/wp-json\/wp\/v2\/posts"}],"about":[{"href":"https:\/\/evertonfc.cz\/index.php\/wp-json\/wp\/v2\/types\/post"}],"author":[{"embeddable":true,"href":"https:\/\/evertonfc.cz\/index.php\/wp-json\/wp\/v2\/users\/6"}],"replies":[{"embeddable":true,"href":"https:\/\/evertonfc.cz\/index.php\/wp-json\/wp\/v2\/comments?post=4750"}],"version-history":[{"count":2,"href":"https:\/\/evertonfc.cz\/index.php\/wp-json\/wp\/v2\/posts\/4750\/revisions"}],"predecessor-version":[{"id":5002,"href":"https:\/\/evertonfc.cz\/index.php\/wp-json\/wp\/v2\/posts\/4750\/revisions\/5002"}],"wp:featuredmedia":[{"embeddable":true,"href":"https:\/\/evertonfc.cz\/index.php\/wp-json\/wp\/v2\/media\/1313"}],"wp:attachment":[{"href":"https:\/\/evertonfc.cz\/index.php\/wp-json\/wp\/v2\/media?parent=4750"}],"wp:term":[{"taxonomy":"category","embeddable":true,"href":"https:\/\/evertonfc.cz\/index.php\/wp-json\/wp\/v2\/categories?post=4750"},{"taxonomy":"post_tag","embeddable":true,"href":"https:\/\/evertonfc.cz\/index.php\/wp-json\/wp\/v2\/tags?post=4750"}],"curies":[{"name":"wp","href":"https:\/\/api.w.org\/{rel}","templated":true}]}}