{"id":4752,"date":"2014-04-17T21:07:37","date_gmt":"2014-04-17T19:07:37","guid":{"rendered":"http:\/\/evertonfc.cz\/?p=4752"},"modified":"2019-02-13T21:08:40","modified_gmt":"2019-02-13T20:08:40","slug":"everton-crystal-palace-23-2","status":"publish","type":"post","link":"https:\/\/evertonfc.cz\/index.php\/2014\/04\/17\/everton-crystal-palace-23-2\/","title":{"rendered":"Everton &#8211; Crystal Palace 2:3"},"content":{"rendered":"<h4 id=\"NewsPostDetailSummary\">Crystal Palace ukon\u010dil rekordn\u00ed s\u00e9rii Blues ho\u0159k\u00fdm zp\u016fsobem, doslova z minima vyt\u011b\u017eil maximum a po p\u011btibrankov\u00e9m dramatu vyplenil Goodison Park.<\/h4>\n<div id=\"NewsPostDetailContent\">\n<p>James McCarthy si odnesl z v\u00edkendov\u00e9ho programu men\u0161\u00ed \u0161r\u00e1m, a tak ho v z\u00e1kladn\u00ed sestav\u011b nahradil Ross Barkley. Dostalo se rovn\u011b\u017e na Aidena McGeadyho a Kevina Mirallase, pozice jim vyklidil Osman s Naismithem.<\/p>\n<p>Utk\u00e1n\u00ed se rozjelo podle o\u010dek\u00e1van\u00e9ho sc\u00e9n\u00e1\u0159e, Everton se ihned chopil taktovky a Palace odpov\u00eddal hlubokou obranou. P\u0159ekvapen\u00edm v\u0161ak byl nedostatek kreativity dom\u00e1c\u00edch v \u00fato\u010dn\u00e9 f\u00e1zi, akce \u010dasto kon\u010dily daleko od br\u00e1ny. Naopak host\u00e9 ude\u0159ili z prvn\u00ed v\u00e1\u017en\u011bj\u0161\u00ed mo\u017enosti, ve 22. minut\u011b Yala Bolasie a\u017e p\u0159\u00edli\u0161 snadno obe\u0161el Bainese a n\u00e1sledn\u00fd sra\u017een\u00fd centr Marouane Chamakh p\u0159ipravil Jasonu Puncheonovi, jen\u017e potvrdil st\u0159eleckou formu &#8211; <strong>0:1<\/strong>.<\/p>\n<p>S odpov\u011bd\u00ed p\u0159isp\u011bchal aktivn\u00ed McGeady, d\u011blovku z d\u00e1lky ale nam\u00ed\u0159il nad, Lukaka zase vychytal pohotov\u00fd Speroni. P\u0159es p\u0159evahu Evertonu hrozil hlavn\u011b soupe\u0159, v 34. minut\u011b hladov\u00fd Bolasie oraz\u00edtkoval ty\u010d a n\u00e1sledn\u00e1 dor\u00e1\u017eka Jeroma skon\u010dila na bo\u010dn\u00ed s\u00edti.<\/p>\n<p>O polo\u010dase Roberto Mart\u00ednez st\u00e1hl ze h\u0159i\u0161t\u011b nev\u00fdrazn\u00e9ho Deulofea a nahradil ho Steven Naismithem. Skot se je\u0161t\u011b ani nezah\u0159\u00e1l a u\u017e narostlo sk\u00f3re. Scott Dann si nik\u00fdm nehl\u00eddan\u00fd nasko\u010dil na rohov\u00fd kop a hlavi\u010dkou p\u0159ekonal Howarda &#8211; <strong>0:2<\/strong><\/p>\n<p>Toffees d\u00e1le pokra\u010dovali v tlaku, \u0161ance v\u0161ak nep\u0159ich\u00e1zely. V 59. Minut\u011b Leon Osman a James McCarthy nahradili dvojici McGeady-Barry, co\u017e se uk\u00e1zalo jako spr\u00e1vn\u00fd impuls. U\u017e za dv\u011b minuty Baines p\u0159i\u0165ukl Mirallas\u016fv centr hlavou Naismithovi, kter\u00fd zbl\u00edzka sk\u00f3roval &#8211; <strong>1:2<\/strong>. Evertonu narostla k\u0159\u00eddla, Osman\u016fv pokus po p\u011bkn\u00e9 akci vyt\u00e1hl Speroni na b\u0159evno a Mirallas half-volejem trestuhodn\u011b p\u0159est\u0159elil.<\/p>\n<p>V 73. minut\u011b se zrodil rozhoduj\u00edc\u00ed moment utk\u00e1n\u00ed, v dal\u0161\u00edm z ojedin\u011bl\u00fdch brejk\u016f Palace si na\u0161el ve v\u00e1pn\u011b m\u00edsto Cameron Jerome a skv\u011ble p\u0159esnou ranou uml\u010del vyprodan\u00fd Goodison &#8211; <strong>1:3<\/strong>. EFC se p\u0159esto nevzd\u00e1val, v 80. minut\u011b Ross Barkley vtrhnul do v\u00e1pna a jeho g\u00f3lovou radost p\u0159ekazil v\u00fdborn\u00fdm z\u00e1krokem nohou Speroni.<\/p>\n<p>Mlad\u00fd playmaker st\u00e1l u brankov\u00e9 akce a\u017e za \u0161est minut, jeho te\u010dovanou p\u0159ihr\u00e1vku za obranu si na\u0161el Kevin Mirallas, obhodil branka\u0159e a vyk\u0159esal jisk\u0159i\u010dku nad\u011bje &#8211; <strong>2:3<\/strong>. Jen\u017ee ani \u0161estiminutov\u00e9ho nastaven\u00ed zvrat nep\u0159in\u00e1\u0161elo, a kdy\u017e potom p\u0159ed koncem Mirallas prom\u00e1chal ve v\u00e1pn\u011b, bylo jasn\u00e9, \u017ee Crystal Palace v\u00fdhru uh\u00e1j\u00ed.<\/p>\n<p>Highlights naleznete na <a href=\"http:\/\/www.evertonfc.com\/evertontv\/home\/10194\" target=\"_blank\" rel=\"noopener\">ofici\u00e1ln\u00edch str\u00e1nk\u00e1ch<\/a> nebo <a href=\"http:\/\/www.goalsarena.org\/en\/video\/england-barclays-premier-league\/16-04-2014-everton-crystal-palace.html\" target=\"_blank\" rel=\"noopener\">zde<\/a>.<\/p>\n<p><strong>Branky:<\/strong> 61. Steven Naismith, 86. Kevin Mirallas &#8211; 23. Jason Puncheon, 49. Scott Dann, 73. Cameron Jerome<br \/>\n<strong>\u017dK:<\/strong> 65. Leighton Baines &#8211; 44. Damien Delaney, 90+3. Jason Puncheon<br \/>\n<strong>Everton FC:<\/strong> Tim Howard, S\u00e9amus Coleman, John Stones, Sylvain Distin, Leighton Baines, Ross Barkley, Gareth Barry (59. Leon Osman), Gerard Deulofeu (46. Steven Naismith), Kevin Mirallas, Aiden McGeady (59. James McCarthy), Romelu Lukaku<br \/>\n<strong>Crystal Palace:<\/strong> Julian Speroni, Adrian Mariappa (68. Jonathan Parr), Scott Dann, Damien Delaney, Joel Ward, Jason Puncheon, Joe Ledley, Mile Jedinak, Yala Bolasie, Marouane Chamakh (80. Glenn Murray), Cameron Jerome (76. Stuart O&#8217;Keefe)<br \/>\n<strong>Rozhod\u010d\u00ed:<\/strong> Andre Marriner<\/p>\n<\/div>\n","protected":false},"excerpt":{"rendered":"<p>Crystal Palace ukon\u010dil rekordn\u00ed s\u00e9rii Blues ho\u0159k\u00fdm zp\u016fsobem, doslova z minima vyt\u011b\u017eil maximum a po p\u011btibrankov\u00e9m dramatu vyplenil Goodison Park.&hellip;<\/p>\n","protected":false},"author":6,"featured_media":1315,"comment_status":"open","ping_status":"closed","sticky":false,"template":"","format":"standard","meta":{"_eb_attr":"","_monsterinsights_skip_tracking":false,"_monsterinsights_sitenote_active":false,"_monsterinsights_sitenote_note":"","_monsterinsights_sitenote_category":0,"footnotes":""},"categories":[4],"tags":[],"yoast_head":"<!-- This site is optimized with the Yoast SEO plugin v23.4 - https:\/\/yoast.com\/wordpress\/plugins\/seo\/ -->\n<title>Everton - Crystal Palace 2:3 - Official Czech &amp; Slovak Everton Supporters&#039; Club<\/title>\n<meta name=\"robots\" content=\"index, follow, max-snippet:-1, max-image-preview:large, max-video-preview:-1\" \/>\n<link rel=\"canonical\" href=\"https:\/\/evertonfc.cz\/index.php\/2014\/04\/17\/everton-crystal-palace-23-2\/\" \/>\n<meta property=\"og:locale\" content=\"cs_CZ\" \/>\n<meta property=\"og:type\" content=\"article\" \/>\n<meta property=\"og:title\" content=\"Everton - Crystal Palace 2:3 - Official Czech &amp; Slovak Everton Supporters&#039; Club\" \/>\n<meta property=\"og:description\" content=\"Crystal Palace ukon\u010dil rekordn\u00ed s\u00e9rii Blues ho\u0159k\u00fdm zp\u016fsobem, doslova z minima vyt\u011b\u017eil maximum a po p\u011btibrankov\u00e9m dramatu vyplenil Goodison Park.&hellip;\" \/>\n<meta property=\"og:url\" content=\"https:\/\/evertonfc.cz\/index.php\/2014\/04\/17\/everton-crystal-palace-23-2\/\" \/>\n<meta property=\"og:site_name\" content=\"Official Czech &amp; Slovak Everton Supporters&#039; Club\" \/>\n<meta property=\"article:publisher\" content=\"https:\/\/www.facebook.com\/everton.fans.cz.sk\" \/>\n<meta property=\"article:published_time\" content=\"2014-04-17T19:07:37+00:00\" \/>\n<meta property=\"article:modified_time\" content=\"2019-02-13T20:08:40+00:00\" \/>\n<meta property=\"og:image\" content=\"https:\/\/evertonfc.cz\/wp-content\/uploads\/2019\/01\/report.jpg\" \/>\n\t<meta property=\"og:image:width\" content=\"720\" \/>\n\t<meta property=\"og:image:height\" content=\"405\" \/>\n\t<meta property=\"og:image:type\" content=\"image\/jpeg\" \/>\n<meta name=\"author\" content=\"Ri\u010di\" \/>\n<meta name=\"twitter:card\" content=\"summary_large_image\" \/>\n<meta name=\"twitter:creator\" content=\"@rbrejsa\" \/>\n<meta name=\"twitter:label1\" content=\"Napsal(a)\" \/>\n\t<meta name=\"twitter:data1\" content=\"Ri\u010di\" \/>\n\t<meta name=\"twitter:label2\" content=\"Odhadovan\u00e1 doba \u010dten\u00ed\" \/>\n\t<meta name=\"twitter:data2\" content=\"3 minuty\" \/>\n<script type=\"application\/ld+json\" class=\"yoast-schema-graph\">{\"@context\":\"https:\/\/schema.org\",\"@graph\":[{\"@type\":\"Article\",\"@id\":\"https:\/\/evertonfc.cz\/index.php\/2014\/04\/17\/everton-crystal-palace-23-2\/#article\",\"isPartOf\":{\"@id\":\"https:\/\/evertonfc.cz\/index.php\/2014\/04\/17\/everton-crystal-palace-23-2\/\"},\"author\":{\"name\":\"Ri\u010di\",\"@id\":\"https:\/\/evertonfc.cz\/#\/schema\/person\/f7a5daedb2ffee98480bc70e191aaef1\"},\"headline\":\"Everton &#8211; Crystal Palace 2:3\",\"datePublished\":\"2014-04-17T19:07:37+00:00\",\"dateModified\":\"2019-02-13T20:08:40+00:00\",\"mainEntityOfPage\":{\"@id\":\"https:\/\/evertonfc.cz\/index.php\/2014\/04\/17\/everton-crystal-palace-23-2\/\"},\"wordCount\":561,\"commentCount\":0,\"publisher\":{\"@id\":\"https:\/\/evertonfc.cz\/#organization\"},\"image\":{\"@id\":\"https:\/\/evertonfc.cz\/index.php\/2014\/04\/17\/everton-crystal-palace-23-2\/#primaryimage\"},\"thumbnailUrl\":\"https:\/\/evertonfc.cz\/wp-content\/uploads\/2019\/01\/report.jpg\",\"articleSection\":[\"Z\u00e1pasy\"],\"inLanguage\":\"cs\",\"potentialAction\":[{\"@type\":\"CommentAction\",\"name\":\"Comment\",\"target\":[\"https:\/\/evertonfc.cz\/index.php\/2014\/04\/17\/everton-crystal-palace-23-2\/#respond\"]}]},{\"@type\":\"WebPage\",\"@id\":\"https:\/\/evertonfc.cz\/index.php\/2014\/04\/17\/everton-crystal-palace-23-2\/\",\"url\":\"https:\/\/evertonfc.cz\/index.php\/2014\/04\/17\/everton-crystal-palace-23-2\/\",\"name\":\"Everton - Crystal Palace 2:3 - Official Czech &amp; Slovak Everton Supporters&#039; Club\",\"isPartOf\":{\"@id\":\"https:\/\/evertonfc.cz\/#website\"},\"primaryImageOfPage\":{\"@id\":\"https:\/\/evertonfc.cz\/index.php\/2014\/04\/17\/everton-crystal-palace-23-2\/#primaryimage\"},\"image\":{\"@id\":\"https:\/\/evertonfc.cz\/index.php\/2014\/04\/17\/everton-crystal-palace-23-2\/#primaryimage\"},\"thumbnailUrl\":\"https:\/\/evertonfc.cz\/wp-content\/uploads\/2019\/01\/report.jpg\",\"datePublished\":\"2014-04-17T19:07:37+00:00\",\"dateModified\":\"2019-02-13T20:08:40+00:00\",\"breadcrumb\":{\"@id\":\"https:\/\/evertonfc.cz\/index.php\/2014\/04\/17\/everton-crystal-palace-23-2\/#breadcrumb\"},\"inLanguage\":\"cs\",\"potentialAction\":[{\"@type\":\"ReadAction\",\"target\":[\"https:\/\/evertonfc.cz\/index.php\/2014\/04\/17\/everton-crystal-palace-23-2\/\"]}]},{\"@type\":\"ImageObject\",\"inLanguage\":\"cs\",\"@id\":\"https:\/\/evertonfc.cz\/index.php\/2014\/04\/17\/everton-crystal-palace-23-2\/#primaryimage\",\"url\":\"https:\/\/evertonfc.cz\/wp-content\/uploads\/2019\/01\/report.jpg\",\"contentUrl\":\"https:\/\/evertonfc.cz\/wp-content\/uploads\/2019\/01\/report.jpg\",\"width\":720,\"height\":405},{\"@type\":\"BreadcrumbList\",\"@id\":\"https:\/\/evertonfc.cz\/index.php\/2014\/04\/17\/everton-crystal-palace-23-2\/#breadcrumb\",\"itemListElement\":[{\"@type\":\"ListItem\",\"position\":1,\"name\":\"Home\",\"item\":\"https:\/\/evertonfc.cz\/\"},{\"@type\":\"ListItem\",\"position\":2,\"name\":\"Everton &#8211; Crystal Palace 2:3\"}]},{\"@type\":\"WebSite\",\"@id\":\"https:\/\/evertonfc.cz\/#website\",\"url\":\"https:\/\/evertonfc.cz\/\",\"name\":\"Official Czech &amp; Slovak Everton Supporters&#039; Club\",\"description\":\"\",\"publisher\":{\"@id\":\"https:\/\/evertonfc.cz\/#organization\"},\"potentialAction\":[{\"@type\":\"SearchAction\",\"target\":{\"@type\":\"EntryPoint\",\"urlTemplate\":\"https:\/\/evertonfc.cz\/?s={search_term_string}\"},\"query-input\":{\"@type\":\"PropertyValueSpecification\",\"valueRequired\":true,\"valueName\":\"search_term_string\"}}],\"inLanguage\":\"cs\"},{\"@type\":\"Organization\",\"@id\":\"https:\/\/evertonfc.cz\/#organization\",\"name\":\"Official Czech & Slovak Everton Supporters' Club\",\"url\":\"https:\/\/evertonfc.cz\/\",\"logo\":{\"@type\":\"ImageObject\",\"inLanguage\":\"cs\",\"@id\":\"https:\/\/evertonfc.cz\/#\/schema\/logo\/image\/\",\"url\":\"https:\/\/evertonfc.cz\/wp-content\/uploads\/2019\/05\/logo.png\",\"contentUrl\":\"https:\/\/evertonfc.cz\/wp-content\/uploads\/2019\/05\/logo.png\",\"width\":112,\"height\":112,\"caption\":\"Official Czech & Slovak Everton Supporters' Club\"},\"image\":{\"@id\":\"https:\/\/evertonfc.cz\/#\/schema\/logo\/image\/\"},\"sameAs\":[\"https:\/\/www.facebook.com\/everton.fans.cz.sk\"]},{\"@type\":\"Person\",\"@id\":\"https:\/\/evertonfc.cz\/#\/schema\/person\/f7a5daedb2ffee98480bc70e191aaef1\",\"name\":\"Ri\u010di\",\"sameAs\":[\"https:\/\/x.com\/rbrejsa\"],\"url\":\"https:\/\/evertonfc.cz\/index.php\/author\/rici\/\"}]}<\/script>\n<!-- \/ Yoast SEO plugin. -->","yoast_head_json":{"title":"Everton - Crystal Palace 2:3 - Official Czech &amp; Slovak Everton Supporters&#039; Club","robots":{"index":"index","follow":"follow","max-snippet":"max-snippet:-1","max-image-preview":"max-image-preview:large","max-video-preview":"max-video-preview:-1"},"canonical":"https:\/\/evertonfc.cz\/index.php\/2014\/04\/17\/everton-crystal-palace-23-2\/","og_locale":"cs_CZ","og_type":"article","og_title":"Everton - Crystal Palace 2:3 - Official Czech &amp; Slovak Everton Supporters&#039; Club","og_description":"Crystal Palace ukon\u010dil rekordn\u00ed s\u00e9rii Blues ho\u0159k\u00fdm zp\u016fsobem, doslova z minima vyt\u011b\u017eil maximum a po p\u011btibrankov\u00e9m dramatu vyplenil Goodison Park.&hellip;","og_url":"https:\/\/evertonfc.cz\/index.php\/2014\/04\/17\/everton-crystal-palace-23-2\/","og_site_name":"Official Czech &amp; Slovak Everton Supporters&#039; Club","article_publisher":"https:\/\/www.facebook.com\/everton.fans.cz.sk","article_published_time":"2014-04-17T19:07:37+00:00","article_modified_time":"2019-02-13T20:08:40+00:00","og_image":[{"width":720,"height":405,"url":"https:\/\/evertonfc.cz\/wp-content\/uploads\/2019\/01\/report.jpg","type":"image\/jpeg"}],"author":"Ri\u010di","twitter_card":"summary_large_image","twitter_creator":"@rbrejsa","twitter_misc":{"Napsal(a)":"Ri\u010di","Odhadovan\u00e1 doba \u010dten\u00ed":"3 minuty"},"schema":{"@context":"https:\/\/schema.org","@graph":[{"@type":"Article","@id":"https:\/\/evertonfc.cz\/index.php\/2014\/04\/17\/everton-crystal-palace-23-2\/#article","isPartOf":{"@id":"https:\/\/evertonfc.cz\/index.php\/2014\/04\/17\/everton-crystal-palace-23-2\/"},"author":{"name":"Ri\u010di","@id":"https:\/\/evertonfc.cz\/#\/schema\/person\/f7a5daedb2ffee98480bc70e191aaef1"},"headline":"Everton &#8211; Crystal Palace 2:3","datePublished":"2014-04-17T19:07:37+00:00","dateModified":"2019-02-13T20:08:40+00:00","mainEntityOfPage":{"@id":"https:\/\/evertonfc.cz\/index.php\/2014\/04\/17\/everton-crystal-palace-23-2\/"},"wordCount":561,"commentCount":0,"publisher":{"@id":"https:\/\/evertonfc.cz\/#organization"},"image":{"@id":"https:\/\/evertonfc.cz\/index.php\/2014\/04\/17\/everton-crystal-palace-23-2\/#primaryimage"},"thumbnailUrl":"https:\/\/evertonfc.cz\/wp-content\/uploads\/2019\/01\/report.jpg","articleSection":["Z\u00e1pasy"],"inLanguage":"cs","potentialAction":[{"@type":"CommentAction","name":"Comment","target":["https:\/\/evertonfc.cz\/index.php\/2014\/04\/17\/everton-crystal-palace-23-2\/#respond"]}]},{"@type":"WebPage","@id":"https:\/\/evertonfc.cz\/index.php\/2014\/04\/17\/everton-crystal-palace-23-2\/","url":"https:\/\/evertonfc.cz\/index.php\/2014\/04\/17\/everton-crystal-palace-23-2\/","name":"Everton - Crystal Palace 2:3 - Official Czech &amp; Slovak Everton Supporters&#039; Club","isPartOf":{"@id":"https:\/\/evertonfc.cz\/#website"},"primaryImageOfPage":{"@id":"https:\/\/evertonfc.cz\/index.php\/2014\/04\/17\/everton-crystal-palace-23-2\/#primaryimage"},"image":{"@id":"https:\/\/evertonfc.cz\/index.php\/2014\/04\/17\/everton-crystal-palace-23-2\/#primaryimage"},"thumbnailUrl":"https:\/\/evertonfc.cz\/wp-content\/uploads\/2019\/01\/report.jpg","datePublished":"2014-04-17T19:07:37+00:00","dateModified":"2019-02-13T20:08:40+00:00","breadcrumb":{"@id":"https:\/\/evertonfc.cz\/index.php\/2014\/04\/17\/everton-crystal-palace-23-2\/#breadcrumb"},"inLanguage":"cs","potentialAction":[{"@type":"ReadAction","target":["https:\/\/evertonfc.cz\/index.php\/2014\/04\/17\/everton-crystal-palace-23-2\/"]}]},{"@type":"ImageObject","inLanguage":"cs","@id":"https:\/\/evertonfc.cz\/index.php\/2014\/04\/17\/everton-crystal-palace-23-2\/#primaryimage","url":"https:\/\/evertonfc.cz\/wp-content\/uploads\/2019\/01\/report.jpg","contentUrl":"https:\/\/evertonfc.cz\/wp-content\/uploads\/2019\/01\/report.jpg","width":720,"height":405},{"@type":"BreadcrumbList","@id":"https:\/\/evertonfc.cz\/index.php\/2014\/04\/17\/everton-crystal-palace-23-2\/#breadcrumb","itemListElement":[{"@type":"ListItem","position":1,"name":"Home","item":"https:\/\/evertonfc.cz\/"},{"@type":"ListItem","position":2,"name":"Everton &#8211; Crystal Palace 2:3"}]},{"@type":"WebSite","@id":"https:\/\/evertonfc.cz\/#website","url":"https:\/\/evertonfc.cz\/","name":"Official Czech &amp; Slovak Everton Supporters&#039; Club","description":"","publisher":{"@id":"https:\/\/evertonfc.cz\/#organization"},"potentialAction":[{"@type":"SearchAction","target":{"@type":"EntryPoint","urlTemplate":"https:\/\/evertonfc.cz\/?s={search_term_string}"},"query-input":{"@type":"PropertyValueSpecification","valueRequired":true,"valueName":"search_term_string"}}],"inLanguage":"cs"},{"@type":"Organization","@id":"https:\/\/evertonfc.cz\/#organization","name":"Official Czech & Slovak Everton Supporters' Club","url":"https:\/\/evertonfc.cz\/","logo":{"@type":"ImageObject","inLanguage":"cs","@id":"https:\/\/evertonfc.cz\/#\/schema\/logo\/image\/","url":"https:\/\/evertonfc.cz\/wp-content\/uploads\/2019\/05\/logo.png","contentUrl":"https:\/\/evertonfc.cz\/wp-content\/uploads\/2019\/05\/logo.png","width":112,"height":112,"caption":"Official Czech & Slovak Everton Supporters' Club"},"image":{"@id":"https:\/\/evertonfc.cz\/#\/schema\/logo\/image\/"},"sameAs":["https:\/\/www.facebook.com\/everton.fans.cz.sk"]},{"@type":"Person","@id":"https:\/\/evertonfc.cz\/#\/schema\/person\/f7a5daedb2ffee98480bc70e191aaef1","name":"Ri\u010di","sameAs":["https:\/\/x.com\/rbrejsa"],"url":"https:\/\/evertonfc.cz\/index.php\/author\/rici\/"}]}},"_links":{"self":[{"href":"https:\/\/evertonfc.cz\/index.php\/wp-json\/wp\/v2\/posts\/4752"}],"collection":[{"href":"https:\/\/evertonfc.cz\/index.php\/wp-json\/wp\/v2\/posts"}],"about":[{"href":"https:\/\/evertonfc.cz\/index.php\/wp-json\/wp\/v2\/types\/post"}],"author":[{"embeddable":true,"href":"https:\/\/evertonfc.cz\/index.php\/wp-json\/wp\/v2\/users\/6"}],"replies":[{"embeddable":true,"href":"https:\/\/evertonfc.cz\/index.php\/wp-json\/wp\/v2\/comments?post=4752"}],"version-history":[{"count":1,"href":"https:\/\/evertonfc.cz\/index.php\/wp-json\/wp\/v2\/posts\/4752\/revisions"}],"predecessor-version":[{"id":4753,"href":"https:\/\/evertonfc.cz\/index.php\/wp-json\/wp\/v2\/posts\/4752\/revisions\/4753"}],"wp:featuredmedia":[{"embeddable":true,"href":"https:\/\/evertonfc.cz\/index.php\/wp-json\/wp\/v2\/media\/1315"}],"wp:attachment":[{"href":"https:\/\/evertonfc.cz\/index.php\/wp-json\/wp\/v2\/media?parent=4752"}],"wp:term":[{"taxonomy":"category","embeddable":true,"href":"https:\/\/evertonfc.cz\/index.php\/wp-json\/wp\/v2\/categories?post=4752"},{"taxonomy":"post_tag","embeddable":true,"href":"https:\/\/evertonfc.cz\/index.php\/wp-json\/wp\/v2\/tags?post=4752"}],"curies":[{"name":"wp","href":"https:\/\/api.w.org\/{rel}","templated":true}]}}