{"id":4759,"date":"2014-04-12T21:11:26","date_gmt":"2014-04-12T19:11:26","guid":{"rendered":"http:\/\/evertonfc.cz\/?p=4759"},"modified":"2024-11-02T13:39:38","modified_gmt":"2024-11-02T12:39:38","slug":"preview-sunderland-everton-5","status":"publish","type":"post","link":"https:\/\/evertonfc.cz\/index.php\/2014\/04\/12\/preview-sunderland-everton-5\/","title":{"rendered":"Preview: Sunderland &#8211; Everton"},"content":{"rendered":"<h4 id=\"NewsPostDetailSummary\">Toffees jedou do Sunderlandu s jedinou my\u0161lenkou &#8211; vyhr\u00e1t a p\u0159ibl\u00ed\u017eit se tak vysn\u011bn\u00e9 LM. V\u00fdhra by je posunula na \u010dtvrt\u00e9 m\u00edsto, proto\u017ee Arsenal hraje\u00a0 semifin\u00e1le Anglick\u00e9ho poh\u00e1ru.<\/h4>\n<div id=\"NewsPostDetailContent\">\n<p>Byly doby, kdy fanou\u0161ci Evertonu v\u00eddali Sunderland jako soupe\u0159e r\u00e1di. Ten \u010das se t\u00e9m\u011b\u0159 stoprocentn\u011b kryje s p\u016fsoben\u00edm Davida Moyese v klubu. Jeden\u00e1ct rok\u016f nena\u0161el t\u00fdm ze severov\u00fdchodu zem\u011b zp\u016fsob, jak prohnat m\u00ed\u010d goalem\u00a0\u010dast\u011bji ne\u017e mod\u0159\u00ed. Loni se jim to povedlo hned dvakr\u00e1t a tak je soupe\u0159i co opl\u00e1cet. Probl\u00e9mem pro na\u0161eho dne\u0161n\u00edho soupe\u0159e je hlavn\u011b tabulka. Je posledn\u00ed a tak mus\u00ed sb\u00edrat body opravdu hodn\u011b, i kdy\u017e se zat\u00edm m\u016f\u017ee ut\u011b\u0161ovat t\u00edm, \u017ee m\u00e1 o dva z\u00e1pasy m\u00e9n\u011b ne\u017e jeho nejv\u011bt\u0161\u00ed soupe\u0159i v boji o z\u00e1chranu\u00a0 Fulham a Cardiff.<\/p>\n<p>Sou\u010dasn\u00e9 v\u00fdkony Sunderlandu v lize odpov\u00eddaj\u00ed tabulce &#8211; neproduktivn\u00ed \u00fatok a propustn\u00e1 obrana. T\u00fdm si celkov\u011b nev\u011b\u0159\u00ed a nen\u00ed schopen udr\u017eet veden\u00ed \u010di\u00a0aspo\u0148 sk\u00f3re n\u011bjak vyrovnan\u00e9. Jedna v\u011bc se ale povedla &#8211; v Ligov\u00e9m poh\u00e1ru\u00a0prohr\u00e1l t\u00fdm z hrabstv\u00ed Durham a\u017e ve fin\u00e1le s Manchesterem City a p\u0159edev\u0161\u00edm\u00a0 dom\u00e1c\u00ed v\u00edt\u011bzstv\u00ed nad Chelsea (\u010dtvrtfin\u00e1le) a Man U (semifin\u00e1le) fanou\u0161ky\u00a0 nadchla. Ale nyn\u00ed se mluv\u00ed o vyhozen\u00ed mana\u017eera Guse Poyeta a odchodu asi\u00a0nejv\u011bt\u0161\u00ed hv\u011bzdy t\u00fdmu, k\u0159\u00eddeln\u00edho z\u00e1lo\u017en\u00edka Adama Johnsona. Jedna v\u011bc je jist\u00e1 &#8211; ten by Championship nehr\u00e1l.<\/p>\n<p>Everton je na tom jinak. Pot\u00e9, co v ned\u011bli naprosto p\u0159ehr\u00e1l Arsenal 3:0 v\u00a0z\u00e1pase, kter\u00fd n\u011bkte\u0159\u00ed star\u0161\u00ed fanou\u0161ci ozna\u010dili za nejlep\u0161\u00ed v\u00fdkon t\u00fdmu od\u00a0 poloviny 80. let, m\u00e1 t\u00e9m\u011b\u0159 jistou Evropskou ligu. L\u00e9t\u00e1me vysoko a bylo by\u00a0dobr\u00e9 tam n\u011bjakou dobu je\u0161t\u011b z\u016fstat. Marodi jsou pouze dlouhodob\u00ed (Kone, Gibson, Traor\u00e9, Jagielka), Osman by m\u011bl b\u00fdt v po\u0159\u00e1dku, Barry si mus\u00ed d\u00e1vat\u00a0 pozor, aby nedostal des\u00e1tou \u017elutou.<\/p>\n<p>Pravd\u011bpodobn\u00e1 sestava: Howard &#8211; Baines, Distin, Stones, Coleman &#8211; Barry,\u00a0 McCarthy &#8211; Deulofeu, Barkley, Mirallas &#8211; Lukaku<\/p>\n<\/div>\n","protected":false},"excerpt":{"rendered":"<p>Toffees jedou do Sunderlandu s jedinou my\u0161lenkou &#8211; vyhr\u00e1t a p\u0159ibl\u00ed\u017eit se tak vysn\u011bn\u00e9 LM. V\u00fdhra by je posunula na&hellip;<\/p>\n","protected":false},"author":12,"featured_media":25541,"comment_status":"open","ping_status":"closed","sticky":false,"template":"","format":"standard","meta":{"_eb_attr":"","_monsterinsights_skip_tracking":false,"_monsterinsights_sitenote_active":false,"_monsterinsights_sitenote_note":"","_monsterinsights_sitenote_category":0,"footnotes":""},"categories":[4],"tags":[],"yoast_head":"<!-- This site is optimized with the Yoast SEO plugin v23.4 - https:\/\/yoast.com\/wordpress\/plugins\/seo\/ -->\n<title>Preview: Sunderland - Everton - Official Czech &amp; Slovak Everton Supporters&#039; Club<\/title>\n<meta name=\"robots\" content=\"index, follow, max-snippet:-1, max-image-preview:large, max-video-preview:-1\" \/>\n<link rel=\"canonical\" href=\"https:\/\/evertonfc.cz\/index.php\/2014\/04\/12\/preview-sunderland-everton-5\/\" \/>\n<meta property=\"og:locale\" content=\"cs_CZ\" \/>\n<meta property=\"og:type\" content=\"article\" \/>\n<meta property=\"og:title\" content=\"Preview: Sunderland - Everton - Official Czech &amp; Slovak Everton Supporters&#039; Club\" \/>\n<meta property=\"og:description\" content=\"Toffees jedou do Sunderlandu s jedinou my\u0161lenkou &#8211; vyhr\u00e1t a p\u0159ibl\u00ed\u017eit se tak vysn\u011bn\u00e9 LM. V\u00fdhra by je posunula na&hellip;\" \/>\n<meta property=\"og:url\" content=\"https:\/\/evertonfc.cz\/index.php\/2014\/04\/12\/preview-sunderland-everton-5\/\" \/>\n<meta property=\"og:site_name\" content=\"Official Czech &amp; Slovak Everton Supporters&#039; Club\" \/>\n<meta property=\"article:publisher\" content=\"https:\/\/www.facebook.com\/everton.fans.cz.sk\" \/>\n<meta property=\"article:published_time\" content=\"2014-04-12T19:11:26+00:00\" \/>\n<meta property=\"article:modified_time\" content=\"2024-11-02T12:39:38+00:00\" \/>\n<meta property=\"og:image\" content=\"https:\/\/evertonfc.cz\/wp-content\/uploads\/2024\/11\/Sunderland-VS-Everton.png\" \/>\n\t<meta property=\"og:image:width\" content=\"720\" \/>\n\t<meta property=\"og:image:height\" content=\"405\" \/>\n\t<meta property=\"og:image:type\" content=\"image\/png\" \/>\n<meta name=\"author\" content=\"Javor\" \/>\n<meta name=\"twitter:card\" content=\"summary_large_image\" \/>\n<meta name=\"twitter:creator\" content=\"@LoudinJan\" \/>\n<meta name=\"twitter:label1\" content=\"Napsal(a)\" \/>\n\t<meta name=\"twitter:data1\" content=\"Javor\" \/>\n\t<meta name=\"twitter:label2\" content=\"Odhadovan\u00e1 doba \u010dten\u00ed\" \/>\n\t<meta name=\"twitter:data2\" content=\"2 minuty\" \/>\n<script type=\"application\/ld+json\" class=\"yoast-schema-graph\">{\"@context\":\"https:\/\/schema.org\",\"@graph\":[{\"@type\":\"Article\",\"@id\":\"https:\/\/evertonfc.cz\/index.php\/2014\/04\/12\/preview-sunderland-everton-5\/#article\",\"isPartOf\":{\"@id\":\"https:\/\/evertonfc.cz\/index.php\/2014\/04\/12\/preview-sunderland-everton-5\/\"},\"author\":{\"name\":\"Javor\",\"@id\":\"https:\/\/evertonfc.cz\/#\/schema\/person\/b30daf6a5852f4811f8207a17ec1bf78\"},\"headline\":\"Preview: Sunderland &#8211; Everton\",\"datePublished\":\"2014-04-12T19:11:26+00:00\",\"dateModified\":\"2024-11-02T12:39:38+00:00\",\"mainEntityOfPage\":{\"@id\":\"https:\/\/evertonfc.cz\/index.php\/2014\/04\/12\/preview-sunderland-everton-5\/\"},\"wordCount\":388,\"commentCount\":0,\"publisher\":{\"@id\":\"https:\/\/evertonfc.cz\/#organization\"},\"image\":{\"@id\":\"https:\/\/evertonfc.cz\/index.php\/2014\/04\/12\/preview-sunderland-everton-5\/#primaryimage\"},\"thumbnailUrl\":\"https:\/\/evertonfc.cz\/wp-content\/uploads\/2024\/11\/Sunderland-VS-Everton.png\",\"articleSection\":[\"Z\u00e1pasy\"],\"inLanguage\":\"cs\",\"potentialAction\":[{\"@type\":\"CommentAction\",\"name\":\"Comment\",\"target\":[\"https:\/\/evertonfc.cz\/index.php\/2014\/04\/12\/preview-sunderland-everton-5\/#respond\"]}]},{\"@type\":\"WebPage\",\"@id\":\"https:\/\/evertonfc.cz\/index.php\/2014\/04\/12\/preview-sunderland-everton-5\/\",\"url\":\"https:\/\/evertonfc.cz\/index.php\/2014\/04\/12\/preview-sunderland-everton-5\/\",\"name\":\"Preview: Sunderland - Everton - Official Czech &amp; Slovak Everton Supporters&#039; Club\",\"isPartOf\":{\"@id\":\"https:\/\/evertonfc.cz\/#website\"},\"primaryImageOfPage\":{\"@id\":\"https:\/\/evertonfc.cz\/index.php\/2014\/04\/12\/preview-sunderland-everton-5\/#primaryimage\"},\"image\":{\"@id\":\"https:\/\/evertonfc.cz\/index.php\/2014\/04\/12\/preview-sunderland-everton-5\/#primaryimage\"},\"thumbnailUrl\":\"https:\/\/evertonfc.cz\/wp-content\/uploads\/2024\/11\/Sunderland-VS-Everton.png\",\"datePublished\":\"2014-04-12T19:11:26+00:00\",\"dateModified\":\"2024-11-02T12:39:38+00:00\",\"breadcrumb\":{\"@id\":\"https:\/\/evertonfc.cz\/index.php\/2014\/04\/12\/preview-sunderland-everton-5\/#breadcrumb\"},\"inLanguage\":\"cs\",\"potentialAction\":[{\"@type\":\"ReadAction\",\"target\":[\"https:\/\/evertonfc.cz\/index.php\/2014\/04\/12\/preview-sunderland-everton-5\/\"]}]},{\"@type\":\"ImageObject\",\"inLanguage\":\"cs\",\"@id\":\"https:\/\/evertonfc.cz\/index.php\/2014\/04\/12\/preview-sunderland-everton-5\/#primaryimage\",\"url\":\"https:\/\/evertonfc.cz\/wp-content\/uploads\/2024\/11\/Sunderland-VS-Everton.png\",\"contentUrl\":\"https:\/\/evertonfc.cz\/wp-content\/uploads\/2024\/11\/Sunderland-VS-Everton.png\",\"width\":720,\"height\":405},{\"@type\":\"BreadcrumbList\",\"@id\":\"https:\/\/evertonfc.cz\/index.php\/2014\/04\/12\/preview-sunderland-everton-5\/#breadcrumb\",\"itemListElement\":[{\"@type\":\"ListItem\",\"position\":1,\"name\":\"Home\",\"item\":\"https:\/\/evertonfc.cz\/\"},{\"@type\":\"ListItem\",\"position\":2,\"name\":\"Preview: Sunderland &#8211; Everton\"}]},{\"@type\":\"WebSite\",\"@id\":\"https:\/\/evertonfc.cz\/#website\",\"url\":\"https:\/\/evertonfc.cz\/\",\"name\":\"Official Czech &amp; Slovak Everton Supporters&#039; Club\",\"description\":\"\",\"publisher\":{\"@id\":\"https:\/\/evertonfc.cz\/#organization\"},\"potentialAction\":[{\"@type\":\"SearchAction\",\"target\":{\"@type\":\"EntryPoint\",\"urlTemplate\":\"https:\/\/evertonfc.cz\/?s={search_term_string}\"},\"query-input\":{\"@type\":\"PropertyValueSpecification\",\"valueRequired\":true,\"valueName\":\"search_term_string\"}}],\"inLanguage\":\"cs\"},{\"@type\":\"Organization\",\"@id\":\"https:\/\/evertonfc.cz\/#organization\",\"name\":\"Official Czech & Slovak Everton Supporters' Club\",\"url\":\"https:\/\/evertonfc.cz\/\",\"logo\":{\"@type\":\"ImageObject\",\"inLanguage\":\"cs\",\"@id\":\"https:\/\/evertonfc.cz\/#\/schema\/logo\/image\/\",\"url\":\"https:\/\/evertonfc.cz\/wp-content\/uploads\/2019\/05\/logo.png\",\"contentUrl\":\"https:\/\/evertonfc.cz\/wp-content\/uploads\/2019\/05\/logo.png\",\"width\":112,\"height\":112,\"caption\":\"Official Czech & Slovak Everton Supporters' Club\"},\"image\":{\"@id\":\"https:\/\/evertonfc.cz\/#\/schema\/logo\/image\/\"},\"sameAs\":[\"https:\/\/www.facebook.com\/everton.fans.cz.sk\"]},{\"@type\":\"Person\",\"@id\":\"https:\/\/evertonfc.cz\/#\/schema\/person\/b30daf6a5852f4811f8207a17ec1bf78\",\"name\":\"Javor\",\"sameAs\":[\"https:\/\/x.com\/LoudinJan\"],\"url\":\"https:\/\/evertonfc.cz\/index.php\/author\/javor\/\"}]}<\/script>\n<!-- \/ Yoast SEO plugin. -->","yoast_head_json":{"title":"Preview: Sunderland - Everton - Official Czech &amp; Slovak Everton Supporters&#039; Club","robots":{"index":"index","follow":"follow","max-snippet":"max-snippet:-1","max-image-preview":"max-image-preview:large","max-video-preview":"max-video-preview:-1"},"canonical":"https:\/\/evertonfc.cz\/index.php\/2014\/04\/12\/preview-sunderland-everton-5\/","og_locale":"cs_CZ","og_type":"article","og_title":"Preview: Sunderland - Everton - Official Czech &amp; Slovak Everton Supporters&#039; Club","og_description":"Toffees jedou do Sunderlandu s jedinou my\u0161lenkou &#8211; vyhr\u00e1t a p\u0159ibl\u00ed\u017eit se tak vysn\u011bn\u00e9 LM. V\u00fdhra by je posunula na&hellip;","og_url":"https:\/\/evertonfc.cz\/index.php\/2014\/04\/12\/preview-sunderland-everton-5\/","og_site_name":"Official Czech &amp; Slovak Everton Supporters&#039; Club","article_publisher":"https:\/\/www.facebook.com\/everton.fans.cz.sk","article_published_time":"2014-04-12T19:11:26+00:00","article_modified_time":"2024-11-02T12:39:38+00:00","og_image":[{"width":720,"height":405,"url":"https:\/\/evertonfc.cz\/wp-content\/uploads\/2024\/11\/Sunderland-VS-Everton.png","type":"image\/png"}],"author":"Javor","twitter_card":"summary_large_image","twitter_creator":"@LoudinJan","twitter_misc":{"Napsal(a)":"Javor","Odhadovan\u00e1 doba \u010dten\u00ed":"2 minuty"},"schema":{"@context":"https:\/\/schema.org","@graph":[{"@type":"Article","@id":"https:\/\/evertonfc.cz\/index.php\/2014\/04\/12\/preview-sunderland-everton-5\/#article","isPartOf":{"@id":"https:\/\/evertonfc.cz\/index.php\/2014\/04\/12\/preview-sunderland-everton-5\/"},"author":{"name":"Javor","@id":"https:\/\/evertonfc.cz\/#\/schema\/person\/b30daf6a5852f4811f8207a17ec1bf78"},"headline":"Preview: Sunderland &#8211; Everton","datePublished":"2014-04-12T19:11:26+00:00","dateModified":"2024-11-02T12:39:38+00:00","mainEntityOfPage":{"@id":"https:\/\/evertonfc.cz\/index.php\/2014\/04\/12\/preview-sunderland-everton-5\/"},"wordCount":388,"commentCount":0,"publisher":{"@id":"https:\/\/evertonfc.cz\/#organization"},"image":{"@id":"https:\/\/evertonfc.cz\/index.php\/2014\/04\/12\/preview-sunderland-everton-5\/#primaryimage"},"thumbnailUrl":"https:\/\/evertonfc.cz\/wp-content\/uploads\/2024\/11\/Sunderland-VS-Everton.png","articleSection":["Z\u00e1pasy"],"inLanguage":"cs","potentialAction":[{"@type":"CommentAction","name":"Comment","target":["https:\/\/evertonfc.cz\/index.php\/2014\/04\/12\/preview-sunderland-everton-5\/#respond"]}]},{"@type":"WebPage","@id":"https:\/\/evertonfc.cz\/index.php\/2014\/04\/12\/preview-sunderland-everton-5\/","url":"https:\/\/evertonfc.cz\/index.php\/2014\/04\/12\/preview-sunderland-everton-5\/","name":"Preview: Sunderland - Everton - Official Czech &amp; Slovak Everton Supporters&#039; Club","isPartOf":{"@id":"https:\/\/evertonfc.cz\/#website"},"primaryImageOfPage":{"@id":"https:\/\/evertonfc.cz\/index.php\/2014\/04\/12\/preview-sunderland-everton-5\/#primaryimage"},"image":{"@id":"https:\/\/evertonfc.cz\/index.php\/2014\/04\/12\/preview-sunderland-everton-5\/#primaryimage"},"thumbnailUrl":"https:\/\/evertonfc.cz\/wp-content\/uploads\/2024\/11\/Sunderland-VS-Everton.png","datePublished":"2014-04-12T19:11:26+00:00","dateModified":"2024-11-02T12:39:38+00:00","breadcrumb":{"@id":"https:\/\/evertonfc.cz\/index.php\/2014\/04\/12\/preview-sunderland-everton-5\/#breadcrumb"},"inLanguage":"cs","potentialAction":[{"@type":"ReadAction","target":["https:\/\/evertonfc.cz\/index.php\/2014\/04\/12\/preview-sunderland-everton-5\/"]}]},{"@type":"ImageObject","inLanguage":"cs","@id":"https:\/\/evertonfc.cz\/index.php\/2014\/04\/12\/preview-sunderland-everton-5\/#primaryimage","url":"https:\/\/evertonfc.cz\/wp-content\/uploads\/2024\/11\/Sunderland-VS-Everton.png","contentUrl":"https:\/\/evertonfc.cz\/wp-content\/uploads\/2024\/11\/Sunderland-VS-Everton.png","width":720,"height":405},{"@type":"BreadcrumbList","@id":"https:\/\/evertonfc.cz\/index.php\/2014\/04\/12\/preview-sunderland-everton-5\/#breadcrumb","itemListElement":[{"@type":"ListItem","position":1,"name":"Home","item":"https:\/\/evertonfc.cz\/"},{"@type":"ListItem","position":2,"name":"Preview: Sunderland &#8211; Everton"}]},{"@type":"WebSite","@id":"https:\/\/evertonfc.cz\/#website","url":"https:\/\/evertonfc.cz\/","name":"Official Czech &amp; Slovak Everton Supporters&#039; Club","description":"","publisher":{"@id":"https:\/\/evertonfc.cz\/#organization"},"potentialAction":[{"@type":"SearchAction","target":{"@type":"EntryPoint","urlTemplate":"https:\/\/evertonfc.cz\/?s={search_term_string}"},"query-input":{"@type":"PropertyValueSpecification","valueRequired":true,"valueName":"search_term_string"}}],"inLanguage":"cs"},{"@type":"Organization","@id":"https:\/\/evertonfc.cz\/#organization","name":"Official Czech & Slovak Everton Supporters' Club","url":"https:\/\/evertonfc.cz\/","logo":{"@type":"ImageObject","inLanguage":"cs","@id":"https:\/\/evertonfc.cz\/#\/schema\/logo\/image\/","url":"https:\/\/evertonfc.cz\/wp-content\/uploads\/2019\/05\/logo.png","contentUrl":"https:\/\/evertonfc.cz\/wp-content\/uploads\/2019\/05\/logo.png","width":112,"height":112,"caption":"Official Czech & Slovak Everton Supporters' Club"},"image":{"@id":"https:\/\/evertonfc.cz\/#\/schema\/logo\/image\/"},"sameAs":["https:\/\/www.facebook.com\/everton.fans.cz.sk"]},{"@type":"Person","@id":"https:\/\/evertonfc.cz\/#\/schema\/person\/b30daf6a5852f4811f8207a17ec1bf78","name":"Javor","sameAs":["https:\/\/x.com\/LoudinJan"],"url":"https:\/\/evertonfc.cz\/index.php\/author\/javor\/"}]}},"_links":{"self":[{"href":"https:\/\/evertonfc.cz\/index.php\/wp-json\/wp\/v2\/posts\/4759"}],"collection":[{"href":"https:\/\/evertonfc.cz\/index.php\/wp-json\/wp\/v2\/posts"}],"about":[{"href":"https:\/\/evertonfc.cz\/index.php\/wp-json\/wp\/v2\/types\/post"}],"author":[{"embeddable":true,"href":"https:\/\/evertonfc.cz\/index.php\/wp-json\/wp\/v2\/users\/12"}],"replies":[{"embeddable":true,"href":"https:\/\/evertonfc.cz\/index.php\/wp-json\/wp\/v2\/comments?post=4759"}],"version-history":[{"count":1,"href":"https:\/\/evertonfc.cz\/index.php\/wp-json\/wp\/v2\/posts\/4759\/revisions"}],"predecessor-version":[{"id":4760,"href":"https:\/\/evertonfc.cz\/index.php\/wp-json\/wp\/v2\/posts\/4759\/revisions\/4760"}],"wp:featuredmedia":[{"embeddable":true,"href":"https:\/\/evertonfc.cz\/index.php\/wp-json\/wp\/v2\/media\/25541"}],"wp:attachment":[{"href":"https:\/\/evertonfc.cz\/index.php\/wp-json\/wp\/v2\/media?parent=4759"}],"wp:term":[{"taxonomy":"category","embeddable":true,"href":"https:\/\/evertonfc.cz\/index.php\/wp-json\/wp\/v2\/categories?post=4759"},{"taxonomy":"post_tag","embeddable":true,"href":"https:\/\/evertonfc.cz\/index.php\/wp-json\/wp\/v2\/tags?post=4759"}],"curies":[{"name":"wp","href":"https:\/\/api.w.org\/{rel}","templated":true}]}}